{"id":13538,"date":"2017-05-24T04:00:00","date_gmt":"2017-05-24T04:00:00","guid":{"rendered":"https:\/\/leger360.com\/la-politique-federale-24-mai-2017\/"},"modified":"2017-05-24T04:00:00","modified_gmt":"2017-05-24T04:00:00","slug":"la-politique-federale-24-mai-2017","status":"publish","type":"post","link":"https:\/\/leger360.com\/fr\/la-politique-federale-24-mai-2017\/","title":{"rendered":"La politique f\u00e9d\u00e9rale : 24 mai 2017"},"content":{"rendered":"<p>La pr\u00e9sente \u00e9tude a \u00e9t\u00e9 r\u00e9alis\u00e9e par le biais d\u2019un sondage Internet aupr\u00e8s de 1529 Canadiens ayant le droit de vote entre le 15 mai et le 18 mai 2017 dans toutes les provinces du Canada.<\/p>\n","protected":false},"excerpt":{"rendered":"<p>La pr\u00e9sente \u00e9tude a \u00e9t\u00e9 r\u00e9alis\u00e9e par le biais d\u2019un sondage Internet aupr\u00e8s de 1529 Canadiens ayant le droit de vote entre le 15 mai et le 18 mai 2017 dans toutes les provinces du Canada.<\/p>\n","protected":false},"author":2,"featured_media":7295,"comment_status":"closed","ping_status":"closed","sticky":false,"template":"","format":"standard","meta":{"_acf_changed":false,"_et_pb_use_builder":"","_et_pb_old_content":"","_et_gb_content_width":"","content-type":"","inline_featured_image":false,"footnotes":""},"categories":[1037],"tags":[],"post_language_cat":[42],"class_list":["post-13538","post","type-post","status-publish","format-standard","has-post-thumbnail","hentry","category-dernieres-nouvelles","post_language_cat-fr-in-the-news"],"acf":[],"yoast_head":"<!-- This site is optimized with the Yoast SEO Premium plugin v27.5 (Yoast SEO v27.5) - https:\/\/yoast.com\/product\/yoast-seo-premium-wordpress\/ -->\n<title>La politique f\u00e9d\u00e9rale : 24 mai 2017 - Leger<\/title>\n<meta name=\"robots\" content=\"index, follow, max-snippet:-1, max-image-preview:large, max-video-preview:-1\" \/>\n<link rel=\"canonical\" href=\"https:\/\/leger360.com\/fr\/la-politique-federale-24-mai-2017\/\" \/>\n<meta property=\"og:locale\" content=\"fr_CA\" \/>\n<meta property=\"og:type\" content=\"article\" \/>\n<meta property=\"og:title\" content=\"La politique f\u00e9d\u00e9rale : 24 mai 2017\" \/>\n<meta property=\"og:description\" content=\"La pr\u00e9sente \u00e9tude a \u00e9t\u00e9 r\u00e9alis\u00e9e par le biais d\u2019un sondage Internet aupr\u00e8s de 1529 Canadiens ayant le droit de vote entre le 15 mai et le 18 mai 2017 dans toutes les provinces du Canada.\" \/>\n<meta property=\"og:url\" content=\"https:\/\/leger360.com\/fr\/la-politique-federale-24-mai-2017\/\" \/>\n<meta property=\"og:site_name\" content=\"Leger\" \/>\n<meta property=\"article:publisher\" content=\"https:\/\/www.facebook.com\/leger360\/\" \/>\n<meta property=\"article:published_time\" content=\"2017-05-24T04:00:00+00:00\" \/>\n<meta property=\"og:image\" content=\"https:\/\/leger360.com\/wp-content\/uploads\/2024\/02\/shutterstock_336271163.jpg\" \/>\n\t<meta property=\"og:image:width\" content=\"1000\" \/>\n\t<meta property=\"og:image:height\" content=\"926\" \/>\n\t<meta property=\"og:image:type\" content=\"image\/jpeg\" \/>\n<meta name=\"author\" content=\"Jason Anthony\" \/>\n<meta name=\"twitter:card\" content=\"summary_large_image\" \/>\n<meta name=\"twitter:creator\" content=\"@leger360\" \/>\n<meta name=\"twitter:site\" content=\"@leger360\" \/>\n<meta name=\"twitter:label1\" content=\"\u00c9crit par\" \/>\n\t<meta name=\"twitter:data1\" content=\"Jason Anthony\" \/>\n<script type=\"application\/ld+json\" class=\"yoast-schema-graph\">{\"@context\":\"https:\\\/\\\/schema.org\",\"@graph\":[{\"@type\":\"Article\",\"@id\":\"https:\\\/\\\/leger360.com\\\/fr\\\/la-politique-federale-24-mai-2017\\\/#article\",\"isPartOf\":{\"@id\":\"https:\\\/\\\/leger360.com\\\/fr\\\/la-politique-federale-24-mai-2017\\\/\"},\"author\":{\"name\":\"Jason Anthony\",\"@id\":\"https:\\\/\\\/leger360.com\\\/fr\\\/#\\\/schema\\\/person\\\/34dfccb7aa46dcd4085221008ca51ac9\"},\"headline\":\"La politique f\u00e9d\u00e9rale : 24 mai 2017\",\"datePublished\":\"2017-05-24T04:00:00+00:00\",\"mainEntityOfPage\":{\"@id\":\"https:\\\/\\\/leger360.com\\\/fr\\\/la-politique-federale-24-mai-2017\\\/\"},\"wordCount\":43,\"publisher\":{\"@id\":\"https:\\\/\\\/leger360.com\\\/fr\\\/#organization\"},\"image\":{\"@id\":\"https:\\\/\\\/leger360.com\\\/fr\\\/la-politique-federale-24-mai-2017\\\/#primaryimage\"},\"thumbnailUrl\":\"https:\\\/\\\/leger360.com\\\/wp-content\\\/uploads\\\/2024\\\/02\\\/shutterstock_336271163.jpg\",\"articleSection\":[\"Derni\u00e8res nouvelles\"],\"inLanguage\":\"fr-CA\"},{\"@type\":\"WebPage\",\"@id\":\"https:\\\/\\\/leger360.com\\\/fr\\\/la-politique-federale-24-mai-2017\\\/\",\"url\":\"https:\\\/\\\/leger360.com\\\/fr\\\/la-politique-federale-24-mai-2017\\\/\",\"name\":\"La politique f\u00e9d\u00e9rale : 24 mai 2017 - Leger\",\"isPartOf\":{\"@id\":\"https:\\\/\\\/leger360.com\\\/fr\\\/#website\"},\"primaryImageOfPage\":{\"@id\":\"https:\\\/\\\/leger360.com\\\/fr\\\/la-politique-federale-24-mai-2017\\\/#primaryimage\"},\"image\":{\"@id\":\"https:\\\/\\\/leger360.com\\\/fr\\\/la-politique-federale-24-mai-2017\\\/#primaryimage\"},\"thumbnailUrl\":\"https:\\\/\\\/leger360.com\\\/wp-content\\\/uploads\\\/2024\\\/02\\\/shutterstock_336271163.jpg\",\"datePublished\":\"2017-05-24T04:00:00+00:00\",\"breadcrumb\":{\"@id\":\"https:\\\/\\\/leger360.com\\\/fr\\\/la-politique-federale-24-mai-2017\\\/#breadcrumb\"},\"inLanguage\":\"fr-CA\",\"potentialAction\":[{\"@type\":\"ReadAction\",\"target\":[\"https:\\\/\\\/leger360.com\\\/fr\\\/la-politique-federale-24-mai-2017\\\/\"]}]},{\"@type\":\"ImageObject\",\"inLanguage\":\"fr-CA\",\"@id\":\"https:\\\/\\\/leger360.com\\\/fr\\\/la-politique-federale-24-mai-2017\\\/#primaryimage\",\"url\":\"https:\\\/\\\/leger360.com\\\/wp-content\\\/uploads\\\/2024\\\/02\\\/shutterstock_336271163.jpg\",\"contentUrl\":\"https:\\\/\\\/leger360.com\\\/wp-content\\\/uploads\\\/2024\\\/02\\\/shutterstock_336271163.jpg\",\"width\":1000,\"height\":926},{\"@type\":\"BreadcrumbList\",\"@id\":\"https:\\\/\\\/leger360.com\\\/fr\\\/la-politique-federale-24-mai-2017\\\/#breadcrumb\",\"itemListElement\":[{\"@type\":\"ListItem\",\"position\":1,\"name\":\"Home\",\"item\":\"https:\\\/\\\/leger360.com\\\/fr\\\/\"},{\"@type\":\"ListItem\",\"position\":2,\"name\":\"La politique f\u00e9d\u00e9rale : 24 mai 2017\"}]},{\"@type\":\"WebSite\",\"@id\":\"https:\\\/\\\/leger360.com\\\/fr\\\/#website\",\"url\":\"https:\\\/\\\/leger360.com\\\/fr\\\/\",\"name\":\"Leger\",\"description\":\"Market Research | Data Analytics\",\"publisher\":{\"@id\":\"https:\\\/\\\/leger360.com\\\/fr\\\/#organization\"},\"potentialAction\":[{\"@type\":\"SearchAction\",\"target\":{\"@type\":\"EntryPoint\",\"urlTemplate\":\"https:\\\/\\\/leger360.com\\\/fr\\\/?s={search_term_string}\"},\"query-input\":{\"@type\":\"PropertyValueSpecification\",\"valueRequired\":true,\"valueName\":\"search_term_string\"}}],\"inLanguage\":\"fr-CA\"},{\"@type\":\"Organization\",\"@id\":\"https:\\\/\\\/leger360.com\\\/fr\\\/#organization\",\"name\":\"Leger\",\"url\":\"https:\\\/\\\/leger360.com\\\/fr\\\/\",\"logo\":{\"@type\":\"ImageObject\",\"inLanguage\":\"fr-CA\",\"@id\":\"https:\\\/\\\/leger360.com\\\/fr\\\/#\\\/schema\\\/logo\\\/image\\\/\",\"url\":\"https:\\\/\\\/leger360.com\\\/wp-content\\\/uploads\\\/2024\\\/04\\\/2022-Logo-Leger-Blackred-g.png\",\"contentUrl\":\"https:\\\/\\\/leger360.com\\\/wp-content\\\/uploads\\\/2024\\\/04\\\/2022-Logo-Leger-Blackred-g.png\",\"width\":1195,\"height\":686,\"caption\":\"Leger\"},\"image\":{\"@id\":\"https:\\\/\\\/leger360.com\\\/fr\\\/#\\\/schema\\\/logo\\\/image\\\/\"},\"sameAs\":[\"https:\\\/\\\/www.facebook.com\\\/leger360\\\/\",\"https:\\\/\\\/x.com\\\/leger360\",\"https:\\\/\\\/www.linkedin.com\\\/company\\\/leger360\\\/\"],\"description\":\"Leger is one of North America\u2019s fastest-growing market research companies, known for our forward-thinking experts and innovative approaches powered by artificial intelligence (AI) technologies.\"},{\"@type\":\"Person\",\"@id\":\"https:\\\/\\\/leger360.com\\\/fr\\\/#\\\/schema\\\/person\\\/34dfccb7aa46dcd4085221008ca51ac9\",\"name\":\"Jason Anthony\",\"image\":{\"@type\":\"ImageObject\",\"inLanguage\":\"fr-CA\",\"@id\":\"https:\\\/\\\/secure.gravatar.com\\\/avatar\\\/b8d3134f69c631184566a5436407f9384b5e28c50ff3915e13c50c0c730b64f8?s=96&d=mm&r=g\",\"url\":\"https:\\\/\\\/secure.gravatar.com\\\/avatar\\\/b8d3134f69c631184566a5436407f9384b5e28c50ff3915e13c50c0c730b64f8?s=96&d=mm&r=g\",\"contentUrl\":\"https:\\\/\\\/secure.gravatar.com\\\/avatar\\\/b8d3134f69c631184566a5436407f9384b5e28c50ff3915e13c50c0c730b64f8?s=96&d=mm&r=g\",\"caption\":\"Jason Anthony\"}}]}<\/script>\n<!-- \/ Yoast SEO Premium plugin. -->","yoast_head_json":{"title":"La politique f\u00e9d\u00e9rale : 24 mai 2017 - Leger","robots":{"index":"index","follow":"follow","max-snippet":"max-snippet:-1","max-image-preview":"max-image-preview:large","max-video-preview":"max-video-preview:-1"},"canonical":"https:\/\/leger360.com\/fr\/la-politique-federale-24-mai-2017\/","og_locale":"fr_CA","og_type":"article","og_title":"La politique f\u00e9d\u00e9rale : 24 mai 2017","og_description":"La pr\u00e9sente \u00e9tude a \u00e9t\u00e9 r\u00e9alis\u00e9e par le biais d\u2019un sondage Internet aupr\u00e8s de 1529 Canadiens ayant le droit de vote entre le 15 mai et le 18 mai 2017 dans toutes les provinces du Canada.","og_url":"https:\/\/leger360.com\/fr\/la-politique-federale-24-mai-2017\/","og_site_name":"Leger","article_publisher":"https:\/\/www.facebook.com\/leger360\/","article_published_time":"2017-05-24T04:00:00+00:00","og_image":[{"width":1000,"height":926,"url":"https:\/\/leger360.com\/wp-content\/uploads\/2024\/02\/shutterstock_336271163.jpg","type":"image\/jpeg"}],"author":"Jason Anthony","twitter_card":"summary_large_image","twitter_creator":"@leger360","twitter_site":"@leger360","twitter_misc":{"\u00c9crit par":"Jason Anthony"},"schema":{"@context":"https:\/\/schema.org","@graph":[{"@type":"Article","@id":"https:\/\/leger360.com\/fr\/la-politique-federale-24-mai-2017\/#article","isPartOf":{"@id":"https:\/\/leger360.com\/fr\/la-politique-federale-24-mai-2017\/"},"author":{"name":"Jason Anthony","@id":"https:\/\/leger360.com\/fr\/#\/schema\/person\/34dfccb7aa46dcd4085221008ca51ac9"},"headline":"La politique f\u00e9d\u00e9rale : 24 mai 2017","datePublished":"2017-05-24T04:00:00+00:00","mainEntityOfPage":{"@id":"https:\/\/leger360.com\/fr\/la-politique-federale-24-mai-2017\/"},"wordCount":43,"publisher":{"@id":"https:\/\/leger360.com\/fr\/#organization"},"image":{"@id":"https:\/\/leger360.com\/fr\/la-politique-federale-24-mai-2017\/#primaryimage"},"thumbnailUrl":"https:\/\/leger360.com\/wp-content\/uploads\/2024\/02\/shutterstock_336271163.jpg","articleSection":["Derni\u00e8res nouvelles"],"inLanguage":"fr-CA"},{"@type":"WebPage","@id":"https:\/\/leger360.com\/fr\/la-politique-federale-24-mai-2017\/","url":"https:\/\/leger360.com\/fr\/la-politique-federale-24-mai-2017\/","name":"La politique f\u00e9d\u00e9rale : 24 mai 2017 - Leger","isPartOf":{"@id":"https:\/\/leger360.com\/fr\/#website"},"primaryImageOfPage":{"@id":"https:\/\/leger360.com\/fr\/la-politique-federale-24-mai-2017\/#primaryimage"},"image":{"@id":"https:\/\/leger360.com\/fr\/la-politique-federale-24-mai-2017\/#primaryimage"},"thumbnailUrl":"https:\/\/leger360.com\/wp-content\/uploads\/2024\/02\/shutterstock_336271163.jpg","datePublished":"2017-05-24T04:00:00+00:00","breadcrumb":{"@id":"https:\/\/leger360.com\/fr\/la-politique-federale-24-mai-2017\/#breadcrumb"},"inLanguage":"fr-CA","potentialAction":[{"@type":"ReadAction","target":["https:\/\/leger360.com\/fr\/la-politique-federale-24-mai-2017\/"]}]},{"@type":"ImageObject","inLanguage":"fr-CA","@id":"https:\/\/leger360.com\/fr\/la-politique-federale-24-mai-2017\/#primaryimage","url":"https:\/\/leger360.com\/wp-content\/uploads\/2024\/02\/shutterstock_336271163.jpg","contentUrl":"https:\/\/leger360.com\/wp-content\/uploads\/2024\/02\/shutterstock_336271163.jpg","width":1000,"height":926},{"@type":"BreadcrumbList","@id":"https:\/\/leger360.com\/fr\/la-politique-federale-24-mai-2017\/#breadcrumb","itemListElement":[{"@type":"ListItem","position":1,"name":"Home","item":"https:\/\/leger360.com\/fr\/"},{"@type":"ListItem","position":2,"name":"La politique f\u00e9d\u00e9rale : 24 mai 2017"}]},{"@type":"WebSite","@id":"https:\/\/leger360.com\/fr\/#website","url":"https:\/\/leger360.com\/fr\/","name":"Leger","description":"Market Research | Data Analytics","publisher":{"@id":"https:\/\/leger360.com\/fr\/#organization"},"potentialAction":[{"@type":"SearchAction","target":{"@type":"EntryPoint","urlTemplate":"https:\/\/leger360.com\/fr\/?s={search_term_string}"},"query-input":{"@type":"PropertyValueSpecification","valueRequired":true,"valueName":"search_term_string"}}],"inLanguage":"fr-CA"},{"@type":"Organization","@id":"https:\/\/leger360.com\/fr\/#organization","name":"Leger","url":"https:\/\/leger360.com\/fr\/","logo":{"@type":"ImageObject","inLanguage":"fr-CA","@id":"https:\/\/leger360.com\/fr\/#\/schema\/logo\/image\/","url":"https:\/\/leger360.com\/wp-content\/uploads\/2024\/04\/2022-Logo-Leger-Blackred-g.png","contentUrl":"https:\/\/leger360.com\/wp-content\/uploads\/2024\/04\/2022-Logo-Leger-Blackred-g.png","width":1195,"height":686,"caption":"Leger"},"image":{"@id":"https:\/\/leger360.com\/fr\/#\/schema\/logo\/image\/"},"sameAs":["https:\/\/www.facebook.com\/leger360\/","https:\/\/x.com\/leger360","https:\/\/www.linkedin.com\/company\/leger360\/"],"description":"Leger is one of North America\u2019s fastest-growing market research companies, known for our forward-thinking experts and innovative approaches powered by artificial intelligence (AI) technologies."},{"@type":"Person","@id":"https:\/\/leger360.com\/fr\/#\/schema\/person\/34dfccb7aa46dcd4085221008ca51ac9","name":"Jason Anthony","image":{"@type":"ImageObject","inLanguage":"fr-CA","@id":"https:\/\/secure.gravatar.com\/avatar\/b8d3134f69c631184566a5436407f9384b5e28c50ff3915e13c50c0c730b64f8?s=96&d=mm&r=g","url":"https:\/\/secure.gravatar.com\/avatar\/b8d3134f69c631184566a5436407f9384b5e28c50ff3915e13c50c0c730b64f8?s=96&d=mm&r=g","contentUrl":"https:\/\/secure.gravatar.com\/avatar\/b8d3134f69c631184566a5436407f9384b5e28c50ff3915e13c50c0c730b64f8?s=96&d=mm&r=g","caption":"Jason Anthony"}}]}},"_links":{"self":[{"href":"https:\/\/leger360.com\/fr\/wp-json\/wp\/v2\/posts\/13538","targetHints":{"allow":["GET"]}}],"collection":[{"href":"https:\/\/leger360.com\/fr\/wp-json\/wp\/v2\/posts"}],"about":[{"href":"https:\/\/leger360.com\/fr\/wp-json\/wp\/v2\/types\/post"}],"author":[{"embeddable":true,"href":"https:\/\/leger360.com\/fr\/wp-json\/wp\/v2\/users\/2"}],"replies":[{"embeddable":true,"href":"https:\/\/leger360.com\/fr\/wp-json\/wp\/v2\/comments?post=13538"}],"version-history":[{"count":0,"href":"https:\/\/leger360.com\/fr\/wp-json\/wp\/v2\/posts\/13538\/revisions"}],"wp:featuredmedia":[{"embeddable":true,"href":"https:\/\/leger360.com\/fr\/wp-json\/wp\/v2\/media\/7295"}],"wp:attachment":[{"href":"https:\/\/leger360.com\/fr\/wp-json\/wp\/v2\/media?parent=13538"}],"wp:term":[{"taxonomy":"category","embeddable":true,"href":"https:\/\/leger360.com\/fr\/wp-json\/wp\/v2\/categories?post=13538"},{"taxonomy":"post_tag","embeddable":true,"href":"https:\/\/leger360.com\/fr\/wp-json\/wp\/v2\/tags?post=13538"},{"taxonomy":"post_language_cat","embeddable":true,"href":"https:\/\/leger360.com\/fr\/wp-json\/wp\/v2\/post_language_cat?post=13538"}],"curies":[{"name":"wp","href":"https:\/\/api.w.org\/{rel}","templated":true}]}}