{"id":13880,"date":"2019-02-04T17:52:24","date_gmt":"2019-02-04T17:52:24","guid":{"rendered":"https:\/\/leger360.com\/la-politique-au-quebec-2-fevrier-2019\/"},"modified":"2019-02-04T17:52:24","modified_gmt":"2019-02-04T17:52:24","slug":"la-politique-au-quebec-2-fevrier-2019","status":"publish","type":"post","link":"https:\/\/leger360.com\/fr\/la-politique-au-quebec-2-fevrier-2019\/","title":{"rendered":"La politique au Qu\u00e9bec &#8211; 2 f\u00e9vrier 2019"},"content":{"rendered":"<p>Sondage Web, \u00e0 l\u2019aide de la technologie d\u2019interview Web assist\u00e9e par ordinateur (CAWI).<\/p>\n<p>R\u00e9alis\u00e9 du 25 au 28 janvier 2019.<\/p>\n<p>1 007 Qu\u00e9b\u00e9cois, \u00e2g\u00e9(e)s de 18 ou plus et ayant le droit de vote au Canada, recrut\u00e9s al\u00e9atoirement \u00e0 partir du panel en ligne de LegerWeb.<\/p>\n<p>\u00c0 l\u2019aide des donn\u00e9es du recensement de 2016, les r\u00e9sultats ont \u00e9t\u00e9 pond\u00e9r\u00e9s selon l\u2019\u00e2ge, le sexe, la langue \u00a0 maternelle, la r\u00e9gion et le niveau de scolarit\u00e9 afin de garantir un \u00e9chantillon repr\u00e9sentatif la population.<\/p>\n<p>Aux fins de comparaison, un \u00e9chantillon probabiliste de 1 007 r\u00e9pondants aurait une marge d\u2019erreur de \u00b1 3,09% et ce, 19 fois sur 20.<\/p>\n","protected":false},"excerpt":{"rendered":"<p>Sondage Web, \u00e0 l\u2019aide de la technologie d\u2019interview Web assist\u00e9e par ordinateur (CAWI). R\u00e9alis\u00e9 du 25 au 28 janvier 2019. 1 007 Qu\u00e9b\u00e9cois, \u00e2g\u00e9(e)s de 18 ou plus et ayant le droit de vote au Canada, recrut\u00e9s al\u00e9atoirement \u00e0 partir du panel en ligne de LegerWeb. \u00c0 l\u2019aide des donn\u00e9es du recensement de 2016, les [&hellip;]<\/p>\n","protected":false},"author":2,"featured_media":7295,"comment_status":"closed","ping_status":"closed","sticky":false,"template":"","format":"standard","meta":{"_acf_changed":false,"_et_pb_use_builder":"","_et_pb_old_content":"","_et_gb_content_width":"","content-type":"","inline_featured_image":false,"footnotes":""},"categories":[35],"tags":[],"post_language_cat":[42],"class_list":["post-13880","post","type-post","status-publish","format-standard","has-post-thumbnail","hentry","category-in-the-news","post_language_cat-fr-in-the-news"],"acf":[],"yoast_head":"<!-- This site is optimized with the Yoast SEO Premium plugin v27.5 (Yoast SEO v27.5) - https:\/\/yoast.com\/product\/yoast-seo-premium-wordpress\/ -->\n<title>La politique au Qu\u00e9bec - 2 f\u00e9vrier 2019 - Leger<\/title>\n<meta name=\"robots\" content=\"index, follow, max-snippet:-1, max-image-preview:large, max-video-preview:-1\" \/>\n<link rel=\"canonical\" href=\"https:\/\/leger360.com\/fr\/la-politique-au-quebec-2-fevrier-2019\/\" \/>\n<meta property=\"og:locale\" content=\"fr_CA\" \/>\n<meta property=\"og:type\" content=\"article\" \/>\n<meta property=\"og:title\" content=\"La politique au Qu\u00e9bec - 2 f\u00e9vrier 2019\" \/>\n<meta property=\"og:description\" content=\"Sondage Web, \u00e0 l\u2019aide de la technologie d\u2019interview Web assist\u00e9e par ordinateur (CAWI). R\u00e9alis\u00e9 du 25 au 28 janvier 2019. 1 007 Qu\u00e9b\u00e9cois, \u00e2g\u00e9(e)s de 18 ou plus et ayant le droit de vote au Canada, recrut\u00e9s al\u00e9atoirement \u00e0 partir du panel en ligne de LegerWeb. \u00c0 l\u2019aide des donn\u00e9es du recensement de 2016, les [&hellip;]\" \/>\n<meta property=\"og:url\" content=\"https:\/\/leger360.com\/fr\/la-politique-au-quebec-2-fevrier-2019\/\" \/>\n<meta property=\"og:site_name\" content=\"Leger\" \/>\n<meta property=\"article:publisher\" content=\"https:\/\/www.facebook.com\/leger360\/\" \/>\n<meta property=\"article:published_time\" content=\"2019-02-04T17:52:24+00:00\" \/>\n<meta property=\"og:image\" content=\"https:\/\/leger360.com\/wp-content\/uploads\/2024\/02\/shutterstock_336271163.jpg\" \/>\n\t<meta property=\"og:image:width\" content=\"1000\" \/>\n\t<meta property=\"og:image:height\" content=\"926\" \/>\n\t<meta property=\"og:image:type\" content=\"image\/jpeg\" \/>\n<meta name=\"author\" content=\"Jason Anthony\" \/>\n<meta name=\"twitter:card\" content=\"summary_large_image\" \/>\n<meta name=\"twitter:creator\" content=\"@leger360\" \/>\n<meta name=\"twitter:site\" content=\"@leger360\" \/>\n<meta name=\"twitter:label1\" content=\"\u00c9crit par\" \/>\n\t<meta name=\"twitter:data1\" content=\"Jason Anthony\" \/>\n\t<meta name=\"twitter:label2\" content=\"Estimation du temps de lecture\" \/>\n\t<meta name=\"twitter:data2\" content=\"1 minute\" \/>\n<script type=\"application\/ld+json\" class=\"yoast-schema-graph\">{\"@context\":\"https:\\\/\\\/schema.org\",\"@graph\":[{\"@type\":\"Article\",\"@id\":\"https:\\\/\\\/leger360.com\\\/fr\\\/la-politique-au-quebec-2-fevrier-2019\\\/#article\",\"isPartOf\":{\"@id\":\"https:\\\/\\\/leger360.com\\\/fr\\\/la-politique-au-quebec-2-fevrier-2019\\\/\"},\"author\":{\"name\":\"Jason Anthony\",\"@id\":\"https:\\\/\\\/leger360.com\\\/fr\\\/#\\\/schema\\\/person\\\/34dfccb7aa46dcd4085221008ca51ac9\"},\"headline\":\"La politique au Qu\u00e9bec &#8211; 2 f\u00e9vrier 2019\",\"datePublished\":\"2019-02-04T17:52:24+00:00\",\"mainEntityOfPage\":{\"@id\":\"https:\\\/\\\/leger360.com\\\/fr\\\/la-politique-au-quebec-2-fevrier-2019\\\/\"},\"wordCount\":117,\"publisher\":{\"@id\":\"https:\\\/\\\/leger360.com\\\/fr\\\/#organization\"},\"image\":{\"@id\":\"https:\\\/\\\/leger360.com\\\/fr\\\/la-politique-au-quebec-2-fevrier-2019\\\/#primaryimage\"},\"thumbnailUrl\":\"https:\\\/\\\/leger360.com\\\/wp-content\\\/uploads\\\/2024\\\/02\\\/shutterstock_336271163.jpg\",\"articleSection\":[\"In the news\"],\"inLanguage\":\"fr-CA\"},{\"@type\":\"WebPage\",\"@id\":\"https:\\\/\\\/leger360.com\\\/fr\\\/la-politique-au-quebec-2-fevrier-2019\\\/\",\"url\":\"https:\\\/\\\/leger360.com\\\/fr\\\/la-politique-au-quebec-2-fevrier-2019\\\/\",\"name\":\"La politique au Qu\u00e9bec - 2 f\u00e9vrier 2019 - Leger\",\"isPartOf\":{\"@id\":\"https:\\\/\\\/leger360.com\\\/fr\\\/#website\"},\"primaryImageOfPage\":{\"@id\":\"https:\\\/\\\/leger360.com\\\/fr\\\/la-politique-au-quebec-2-fevrier-2019\\\/#primaryimage\"},\"image\":{\"@id\":\"https:\\\/\\\/leger360.com\\\/fr\\\/la-politique-au-quebec-2-fevrier-2019\\\/#primaryimage\"},\"thumbnailUrl\":\"https:\\\/\\\/leger360.com\\\/wp-content\\\/uploads\\\/2024\\\/02\\\/shutterstock_336271163.jpg\",\"datePublished\":\"2019-02-04T17:52:24+00:00\",\"breadcrumb\":{\"@id\":\"https:\\\/\\\/leger360.com\\\/fr\\\/la-politique-au-quebec-2-fevrier-2019\\\/#breadcrumb\"},\"inLanguage\":\"fr-CA\",\"potentialAction\":[{\"@type\":\"ReadAction\",\"target\":[\"https:\\\/\\\/leger360.com\\\/fr\\\/la-politique-au-quebec-2-fevrier-2019\\\/\"]}]},{\"@type\":\"ImageObject\",\"inLanguage\":\"fr-CA\",\"@id\":\"https:\\\/\\\/leger360.com\\\/fr\\\/la-politique-au-quebec-2-fevrier-2019\\\/#primaryimage\",\"url\":\"https:\\\/\\\/leger360.com\\\/wp-content\\\/uploads\\\/2024\\\/02\\\/shutterstock_336271163.jpg\",\"contentUrl\":\"https:\\\/\\\/leger360.com\\\/wp-content\\\/uploads\\\/2024\\\/02\\\/shutterstock_336271163.jpg\",\"width\":1000,\"height\":926},{\"@type\":\"BreadcrumbList\",\"@id\":\"https:\\\/\\\/leger360.com\\\/fr\\\/la-politique-au-quebec-2-fevrier-2019\\\/#breadcrumb\",\"itemListElement\":[{\"@type\":\"ListItem\",\"position\":1,\"name\":\"Home\",\"item\":\"https:\\\/\\\/leger360.com\\\/fr\\\/\"},{\"@type\":\"ListItem\",\"position\":2,\"name\":\"La politique au Qu\u00e9bec &#8211; 2 f\u00e9vrier 2019\"}]},{\"@type\":\"WebSite\",\"@id\":\"https:\\\/\\\/leger360.com\\\/fr\\\/#website\",\"url\":\"https:\\\/\\\/leger360.com\\\/fr\\\/\",\"name\":\"Leger\",\"description\":\"Market Research | Data Analytics\",\"publisher\":{\"@id\":\"https:\\\/\\\/leger360.com\\\/fr\\\/#organization\"},\"potentialAction\":[{\"@type\":\"SearchAction\",\"target\":{\"@type\":\"EntryPoint\",\"urlTemplate\":\"https:\\\/\\\/leger360.com\\\/fr\\\/?s={search_term_string}\"},\"query-input\":{\"@type\":\"PropertyValueSpecification\",\"valueRequired\":true,\"valueName\":\"search_term_string\"}}],\"inLanguage\":\"fr-CA\"},{\"@type\":\"Organization\",\"@id\":\"https:\\\/\\\/leger360.com\\\/fr\\\/#organization\",\"name\":\"Leger\",\"url\":\"https:\\\/\\\/leger360.com\\\/fr\\\/\",\"logo\":{\"@type\":\"ImageObject\",\"inLanguage\":\"fr-CA\",\"@id\":\"https:\\\/\\\/leger360.com\\\/fr\\\/#\\\/schema\\\/logo\\\/image\\\/\",\"url\":\"https:\\\/\\\/leger360.com\\\/wp-content\\\/uploads\\\/2024\\\/04\\\/2022-Logo-Leger-Blackred-g.png\",\"contentUrl\":\"https:\\\/\\\/leger360.com\\\/wp-content\\\/uploads\\\/2024\\\/04\\\/2022-Logo-Leger-Blackred-g.png\",\"width\":1195,\"height\":686,\"caption\":\"Leger\"},\"image\":{\"@id\":\"https:\\\/\\\/leger360.com\\\/fr\\\/#\\\/schema\\\/logo\\\/image\\\/\"},\"sameAs\":[\"https:\\\/\\\/www.facebook.com\\\/leger360\\\/\",\"https:\\\/\\\/x.com\\\/leger360\",\"https:\\\/\\\/www.linkedin.com\\\/company\\\/leger360\\\/\"],\"description\":\"Leger is one of North America\u2019s fastest-growing market research companies, known for our forward-thinking experts and innovative approaches powered by artificial intelligence (AI) technologies.\"},{\"@type\":\"Person\",\"@id\":\"https:\\\/\\\/leger360.com\\\/fr\\\/#\\\/schema\\\/person\\\/34dfccb7aa46dcd4085221008ca51ac9\",\"name\":\"Jason Anthony\",\"image\":{\"@type\":\"ImageObject\",\"inLanguage\":\"fr-CA\",\"@id\":\"https:\\\/\\\/secure.gravatar.com\\\/avatar\\\/b8d3134f69c631184566a5436407f9384b5e28c50ff3915e13c50c0c730b64f8?s=96&d=mm&r=g\",\"url\":\"https:\\\/\\\/secure.gravatar.com\\\/avatar\\\/b8d3134f69c631184566a5436407f9384b5e28c50ff3915e13c50c0c730b64f8?s=96&d=mm&r=g\",\"contentUrl\":\"https:\\\/\\\/secure.gravatar.com\\\/avatar\\\/b8d3134f69c631184566a5436407f9384b5e28c50ff3915e13c50c0c730b64f8?s=96&d=mm&r=g\",\"caption\":\"Jason Anthony\"}}]}<\/script>\n<!-- \/ Yoast SEO Premium plugin. -->","yoast_head_json":{"title":"La politique au Qu\u00e9bec - 2 f\u00e9vrier 2019 - Leger","robots":{"index":"index","follow":"follow","max-snippet":"max-snippet:-1","max-image-preview":"max-image-preview:large","max-video-preview":"max-video-preview:-1"},"canonical":"https:\/\/leger360.com\/fr\/la-politique-au-quebec-2-fevrier-2019\/","og_locale":"fr_CA","og_type":"article","og_title":"La politique au Qu\u00e9bec - 2 f\u00e9vrier 2019","og_description":"Sondage Web, \u00e0 l\u2019aide de la technologie d\u2019interview Web assist\u00e9e par ordinateur (CAWI). R\u00e9alis\u00e9 du 25 au 28 janvier 2019. 1 007 Qu\u00e9b\u00e9cois, \u00e2g\u00e9(e)s de 18 ou plus et ayant le droit de vote au Canada, recrut\u00e9s al\u00e9atoirement \u00e0 partir du panel en ligne de LegerWeb. \u00c0 l\u2019aide des donn\u00e9es du recensement de 2016, les [&hellip;]","og_url":"https:\/\/leger360.com\/fr\/la-politique-au-quebec-2-fevrier-2019\/","og_site_name":"Leger","article_publisher":"https:\/\/www.facebook.com\/leger360\/","article_published_time":"2019-02-04T17:52:24+00:00","og_image":[{"width":1000,"height":926,"url":"https:\/\/leger360.com\/wp-content\/uploads\/2024\/02\/shutterstock_336271163.jpg","type":"image\/jpeg"}],"author":"Jason Anthony","twitter_card":"summary_large_image","twitter_creator":"@leger360","twitter_site":"@leger360","twitter_misc":{"\u00c9crit par":"Jason Anthony","Estimation du temps de lecture":"1 minute"},"schema":{"@context":"https:\/\/schema.org","@graph":[{"@type":"Article","@id":"https:\/\/leger360.com\/fr\/la-politique-au-quebec-2-fevrier-2019\/#article","isPartOf":{"@id":"https:\/\/leger360.com\/fr\/la-politique-au-quebec-2-fevrier-2019\/"},"author":{"name":"Jason Anthony","@id":"https:\/\/leger360.com\/fr\/#\/schema\/person\/34dfccb7aa46dcd4085221008ca51ac9"},"headline":"La politique au Qu\u00e9bec &#8211; 2 f\u00e9vrier 2019","datePublished":"2019-02-04T17:52:24+00:00","mainEntityOfPage":{"@id":"https:\/\/leger360.com\/fr\/la-politique-au-quebec-2-fevrier-2019\/"},"wordCount":117,"publisher":{"@id":"https:\/\/leger360.com\/fr\/#organization"},"image":{"@id":"https:\/\/leger360.com\/fr\/la-politique-au-quebec-2-fevrier-2019\/#primaryimage"},"thumbnailUrl":"https:\/\/leger360.com\/wp-content\/uploads\/2024\/02\/shutterstock_336271163.jpg","articleSection":["In the news"],"inLanguage":"fr-CA"},{"@type":"WebPage","@id":"https:\/\/leger360.com\/fr\/la-politique-au-quebec-2-fevrier-2019\/","url":"https:\/\/leger360.com\/fr\/la-politique-au-quebec-2-fevrier-2019\/","name":"La politique au Qu\u00e9bec - 2 f\u00e9vrier 2019 - Leger","isPartOf":{"@id":"https:\/\/leger360.com\/fr\/#website"},"primaryImageOfPage":{"@id":"https:\/\/leger360.com\/fr\/la-politique-au-quebec-2-fevrier-2019\/#primaryimage"},"image":{"@id":"https:\/\/leger360.com\/fr\/la-politique-au-quebec-2-fevrier-2019\/#primaryimage"},"thumbnailUrl":"https:\/\/leger360.com\/wp-content\/uploads\/2024\/02\/shutterstock_336271163.jpg","datePublished":"2019-02-04T17:52:24+00:00","breadcrumb":{"@id":"https:\/\/leger360.com\/fr\/la-politique-au-quebec-2-fevrier-2019\/#breadcrumb"},"inLanguage":"fr-CA","potentialAction":[{"@type":"ReadAction","target":["https:\/\/leger360.com\/fr\/la-politique-au-quebec-2-fevrier-2019\/"]}]},{"@type":"ImageObject","inLanguage":"fr-CA","@id":"https:\/\/leger360.com\/fr\/la-politique-au-quebec-2-fevrier-2019\/#primaryimage","url":"https:\/\/leger360.com\/wp-content\/uploads\/2024\/02\/shutterstock_336271163.jpg","contentUrl":"https:\/\/leger360.com\/wp-content\/uploads\/2024\/02\/shutterstock_336271163.jpg","width":1000,"height":926},{"@type":"BreadcrumbList","@id":"https:\/\/leger360.com\/fr\/la-politique-au-quebec-2-fevrier-2019\/#breadcrumb","itemListElement":[{"@type":"ListItem","position":1,"name":"Home","item":"https:\/\/leger360.com\/fr\/"},{"@type":"ListItem","position":2,"name":"La politique au Qu\u00e9bec &#8211; 2 f\u00e9vrier 2019"}]},{"@type":"WebSite","@id":"https:\/\/leger360.com\/fr\/#website","url":"https:\/\/leger360.com\/fr\/","name":"Leger","description":"Market Research | Data Analytics","publisher":{"@id":"https:\/\/leger360.com\/fr\/#organization"},"potentialAction":[{"@type":"SearchAction","target":{"@type":"EntryPoint","urlTemplate":"https:\/\/leger360.com\/fr\/?s={search_term_string}"},"query-input":{"@type":"PropertyValueSpecification","valueRequired":true,"valueName":"search_term_string"}}],"inLanguage":"fr-CA"},{"@type":"Organization","@id":"https:\/\/leger360.com\/fr\/#organization","name":"Leger","url":"https:\/\/leger360.com\/fr\/","logo":{"@type":"ImageObject","inLanguage":"fr-CA","@id":"https:\/\/leger360.com\/fr\/#\/schema\/logo\/image\/","url":"https:\/\/leger360.com\/wp-content\/uploads\/2024\/04\/2022-Logo-Leger-Blackred-g.png","contentUrl":"https:\/\/leger360.com\/wp-content\/uploads\/2024\/04\/2022-Logo-Leger-Blackred-g.png","width":1195,"height":686,"caption":"Leger"},"image":{"@id":"https:\/\/leger360.com\/fr\/#\/schema\/logo\/image\/"},"sameAs":["https:\/\/www.facebook.com\/leger360\/","https:\/\/x.com\/leger360","https:\/\/www.linkedin.com\/company\/leger360\/"],"description":"Leger is one of North America\u2019s fastest-growing market research companies, known for our forward-thinking experts and innovative approaches powered by artificial intelligence (AI) technologies."},{"@type":"Person","@id":"https:\/\/leger360.com\/fr\/#\/schema\/person\/34dfccb7aa46dcd4085221008ca51ac9","name":"Jason Anthony","image":{"@type":"ImageObject","inLanguage":"fr-CA","@id":"https:\/\/secure.gravatar.com\/avatar\/b8d3134f69c631184566a5436407f9384b5e28c50ff3915e13c50c0c730b64f8?s=96&d=mm&r=g","url":"https:\/\/secure.gravatar.com\/avatar\/b8d3134f69c631184566a5436407f9384b5e28c50ff3915e13c50c0c730b64f8?s=96&d=mm&r=g","contentUrl":"https:\/\/secure.gravatar.com\/avatar\/b8d3134f69c631184566a5436407f9384b5e28c50ff3915e13c50c0c730b64f8?s=96&d=mm&r=g","caption":"Jason Anthony"}}]}},"_links":{"self":[{"href":"https:\/\/leger360.com\/fr\/wp-json\/wp\/v2\/posts\/13880","targetHints":{"allow":["GET"]}}],"collection":[{"href":"https:\/\/leger360.com\/fr\/wp-json\/wp\/v2\/posts"}],"about":[{"href":"https:\/\/leger360.com\/fr\/wp-json\/wp\/v2\/types\/post"}],"author":[{"embeddable":true,"href":"https:\/\/leger360.com\/fr\/wp-json\/wp\/v2\/users\/2"}],"replies":[{"embeddable":true,"href":"https:\/\/leger360.com\/fr\/wp-json\/wp\/v2\/comments?post=13880"}],"version-history":[{"count":0,"href":"https:\/\/leger360.com\/fr\/wp-json\/wp\/v2\/posts\/13880\/revisions"}],"wp:featuredmedia":[{"embeddable":true,"href":"https:\/\/leger360.com\/fr\/wp-json\/wp\/v2\/media\/7295"}],"wp:attachment":[{"href":"https:\/\/leger360.com\/fr\/wp-json\/wp\/v2\/media?parent=13880"}],"wp:term":[{"taxonomy":"category","embeddable":true,"href":"https:\/\/leger360.com\/fr\/wp-json\/wp\/v2\/categories?post=13880"},{"taxonomy":"post_tag","embeddable":true,"href":"https:\/\/leger360.com\/fr\/wp-json\/wp\/v2\/tags?post=13880"},{"taxonomy":"post_language_cat","embeddable":true,"href":"https:\/\/leger360.com\/fr\/wp-json\/wp\/v2\/post_language_cat?post=13880"}],"curies":[{"name":"wp","href":"https:\/\/api.w.org\/{rel}","templated":true}]}}