{"id":14076,"date":"2019-08-12T16:48:28","date_gmt":"2019-08-12T16:48:28","guid":{"rendered":"https:\/\/leger360.com\/steve-perrone-devient-chef-de-la-technologie-cto\/"},"modified":"2019-08-12T16:48:28","modified_gmt":"2019-08-12T16:48:28","slug":"steve-perrone-devient-chef-de-la-technologie-cto","status":"publish","type":"post","link":"https:\/\/leger360.com\/fr\/steve-perrone-devient-chef-de-la-technologie-cto\/","title":{"rendered":"Steve Perrone devient Chef de la technologie (CTO)"},"content":{"rendered":"<p><strong>Montr\u00e9al, le 12 ao\u00fbt 2019<\/strong> \u2013 L\u00e9ger est fi\u00e8re d\u2019annoncer la nomination de Steve Perrone comme chef de la technologie (CTO). Dans l\u2019exercice de ses fonctions, M. Perrone chapeautera les divisions num\u00e9riques de L\u00e9ger : L\u00e9ger Opinion, L\u00e9ger Metrics et L\u00e9ger Communaut\u00e9.<\/p>\n<p>Perrone cumule plus de 29 ans d\u2019exp\u00e9rience en technologie de l\u2019information, dont 15 ans \u00e0 des postes de direction pour le compte de plusieurs entreprises. Par le pass\u00e9, il a occup\u00e9 le poste de directeur des TI pour Trader Classified Media; il \u00e9tait alors responsable des applications de gestion des ressources d\u2019entreprise, du contenu publicitaire sur Internet et de l\u2019h\u00e9bergement Web ainsi que des infrastructures associ\u00e9es. Au sein de CAE inc., M. Perrone a eu l\u2019occasion de travailler avec des clients de divers pays tels que les \u00c9tats-Unis, l\u2019Angleterre, l\u2019Allemagne, les Pays-Bas et la Suisse.<\/p>\n<blockquote><p>\u00ab Steve poss\u00e8de des forces dans le d\u00e9veloppement de produit, la gestion de projet, le d\u00e9veloppement organisationnel et l\u2019am\u00e9lioration des processus. Il vise \u00e0 utiliser la technologie au bien de l\u2019entreprise, ce qui alimentera notre virage num\u00e9rique. \u00bb, a soulign\u00e9 Jean-Marc L\u00e9ger, Pr\u00e9sident de L\u00e9ger.<\/p><\/blockquote>\n<p>Steve Perrone prend part au virage num\u00e9rique de L\u00e9ger en dirigeant diff\u00e9rentes \u00e9quipes. D\u2019abord, L\u00e9ger Opinion ; le plus important panel web au Canada, estim\u00e9 \u00e0 plus de 400 000 personnes et qui permet \u00e0 l\u2019entreprise de r\u00e9aliser, avec une plus grande pr\u00e9cision et plus rapidement, des enqu\u00eates de tout type et de toute envergure, et de livrer des r\u00e9sultats en temps r\u00e9el. Il dirigera aussi L\u00e9ger Metrics, l\u2019un des principaux fournisseurs nord-am\u00e9ricains en solutions CEM (Customer Experience Management) et VoC (Voice of the Customer), et finalement L\u00e9ger Communaut\u00e9, une nouvelle plateforme de gestion de communaut\u00e9s en ligne permettant d\u2019engager une conversation continue avec la client\u00e8le pour mieux la fid\u00e9liser, g\u00e9n\u00e9rer de nouveaux ambassadeurs et augmenter les ventes.<\/p>\n<p><strong>L\u00e9ger<\/strong><\/p>\n<p>L\u00e9ger est la plus grande firme de sondages, de recherche marketing et analytiques \u00e0 propri\u00e9t\u00e9 canadienne avec plus de 400 employ\u00e9s r\u00e9partis \u00e0 ses six bureaux canadiens et am\u00e9ricains. L\u00e9ger travaille avec des clients prestigieux comme JJVC, Scientific Games, L\u2019Or\u00e9al, Staples, Nebraska Furniture, Nespresso, 7-eleven, Banque Nationale, RBC, SNC-Lavalin, Sephora, Alcon, Eli Lilly, Merck, Novartis, Pfizer, Vid\u00e9otron, Telus, Rotary et Uber. Pour plus d\u2019information : leger360.com.<\/p>\n<p><strong>L\u00e9ger Num\u00e9rique<\/strong><\/p>\n<p>Les nouvelles technologies et les m\u00e9dias sociaux ont multipli\u00e9 le nombre de points de contact avec les consommateurs et les citoyens. L\u00e9ger offre une panoplie de solutions num\u00e9riques pour capter, mesurer et pr\u00e9senter toute l\u2019information consommateur en temps r\u00e9el avec des tableaux de bord interactifs. L\u00e9ger Num\u00e9rique poss\u00e8de l\u2019intelligence, l\u2019expertise et la technologie n\u00e9cessaire pour vous aider \u00e0 hausser la valeur de l\u2019exp\u00e9rience de vos clients : <a href=\"https:\/\/leger360.com\/fr\/services\/leger\/#numerique\">https:\/\/leger360.com\/fr\/services\/leger\/#numerique<\/a><\/p>\n<p>\u00a0<\/p>\n<p style=\"text-align: center;\">-30-<\/p>\n<p>\u00a0<\/p>\n<p><strong><u>Pour plus d\u2019information<\/u><\/strong><\/p>\n<p>Sarah Mottet<\/p>\n<p>Directrice marketing<\/p>\n<p>514-982-2464 #3186<\/p>\n<p><a href=\"mailto:smottet@leger360.com\">smottet@leger360.com<\/a><\/p>\n","protected":false},"excerpt":{"rendered":"<p>Montr\u00e9al, le 12 ao\u00fbt 2019 \u2013 L\u00e9ger est fi\u00e8re d\u2019annoncer la nomination de Steve Perrone comme chef de la technologie (CTO). Dans l\u2019exercice de ses fonctions, M. Perrone chapeautera les divisions num\u00e9riques de L\u00e9ger : L\u00e9ger Opinion, L\u00e9ger Metrics et L\u00e9ger Communaut\u00e9. Perrone cumule plus de 29 ans d\u2019exp\u00e9rience en technologie de l\u2019information, dont 15 [&hellip;]<\/p>\n","protected":false},"author":2,"featured_media":7607,"comment_status":"closed","ping_status":"closed","sticky":false,"template":"","format":"standard","meta":{"_acf_changed":false,"_et_pb_use_builder":"","_et_pb_old_content":"","_et_gb_content_width":"","content-type":"","inline_featured_image":false,"footnotes":""},"categories":[35],"tags":[],"post_language_cat":[42],"class_list":["post-14076","post","type-post","status-publish","format-standard","has-post-thumbnail","hentry","category-in-the-news","post_language_cat-fr-in-the-news"],"acf":[],"yoast_head":"<!-- This site is optimized with the Yoast SEO Premium plugin v27.5 (Yoast SEO v27.5) - https:\/\/yoast.com\/product\/yoast-seo-premium-wordpress\/ -->\n<title>Steve Perrone devient Chef de la technologie (CTO) - Leger<\/title>\n<meta name=\"robots\" content=\"index, follow, max-snippet:-1, max-image-preview:large, max-video-preview:-1\" \/>\n<link rel=\"canonical\" href=\"https:\/\/leger360.com\/fr\/steve-perrone-devient-chef-de-la-technologie-cto\/\" \/>\n<meta property=\"og:locale\" content=\"fr_CA\" \/>\n<meta property=\"og:type\" content=\"article\" \/>\n<meta property=\"og:title\" content=\"Steve Perrone devient Chef de la technologie (CTO)\" \/>\n<meta property=\"og:description\" content=\"Montr\u00e9al, le 12 ao\u00fbt 2019 \u2013 L\u00e9ger est fi\u00e8re d\u2019annoncer la nomination de Steve Perrone comme chef de la technologie (CTO). Dans l\u2019exercice de ses fonctions, M. Perrone chapeautera les divisions num\u00e9riques de L\u00e9ger : L\u00e9ger Opinion, L\u00e9ger Metrics et L\u00e9ger Communaut\u00e9. Perrone cumule plus de 29 ans d\u2019exp\u00e9rience en technologie de l\u2019information, dont 15 [&hellip;]\" \/>\n<meta property=\"og:url\" content=\"https:\/\/leger360.com\/fr\/steve-perrone-devient-chef-de-la-technologie-cto\/\" \/>\n<meta property=\"og:site_name\" content=\"Leger\" \/>\n<meta property=\"article:publisher\" content=\"https:\/\/www.facebook.com\/leger360\/\" \/>\n<meta property=\"article:published_time\" content=\"2019-08-12T16:48:28+00:00\" \/>\n<meta property=\"og:image\" content=\"https:\/\/leger360.com\/wp-content\/uploads\/2024\/02\/steveperrone.jpg\" \/>\n\t<meta property=\"og:image:width\" content=\"900\" \/>\n\t<meta property=\"og:image:height\" content=\"900\" \/>\n\t<meta property=\"og:image:type\" content=\"image\/jpeg\" \/>\n<meta name=\"author\" content=\"Jason Anthony\" \/>\n<meta name=\"twitter:card\" content=\"summary_large_image\" \/>\n<meta name=\"twitter:creator\" content=\"@leger360\" \/>\n<meta name=\"twitter:site\" content=\"@leger360\" \/>\n<meta name=\"twitter:label1\" content=\"\u00c9crit par\" \/>\n\t<meta name=\"twitter:data1\" content=\"Jason Anthony\" \/>\n\t<meta name=\"twitter:label2\" content=\"Estimation du temps de lecture\" \/>\n\t<meta name=\"twitter:data2\" content=\"3 minutes\" \/>\n<script type=\"application\/ld+json\" class=\"yoast-schema-graph\">{\"@context\":\"https:\\\/\\\/schema.org\",\"@graph\":[{\"@type\":\"Article\",\"@id\":\"https:\\\/\\\/leger360.com\\\/fr\\\/steve-perrone-devient-chef-de-la-technologie-cto\\\/#article\",\"isPartOf\":{\"@id\":\"https:\\\/\\\/leger360.com\\\/fr\\\/steve-perrone-devient-chef-de-la-technologie-cto\\\/\"},\"author\":{\"name\":\"Jason Anthony\",\"@id\":\"https:\\\/\\\/leger360.com\\\/fr\\\/#\\\/schema\\\/person\\\/34dfccb7aa46dcd4085221008ca51ac9\"},\"headline\":\"Steve Perrone devient Chef de la technologie (CTO)\",\"datePublished\":\"2019-08-12T16:48:28+00:00\",\"mainEntityOfPage\":{\"@id\":\"https:\\\/\\\/leger360.com\\\/fr\\\/steve-perrone-devient-chef-de-la-technologie-cto\\\/\"},\"wordCount\":525,\"publisher\":{\"@id\":\"https:\\\/\\\/leger360.com\\\/fr\\\/#organization\"},\"image\":{\"@id\":\"https:\\\/\\\/leger360.com\\\/fr\\\/steve-perrone-devient-chef-de-la-technologie-cto\\\/#primaryimage\"},\"thumbnailUrl\":\"https:\\\/\\\/leger360.com\\\/wp-content\\\/uploads\\\/2024\\\/02\\\/steveperrone.jpg\",\"articleSection\":[\"In the news\"],\"inLanguage\":\"fr-CA\"},{\"@type\":\"WebPage\",\"@id\":\"https:\\\/\\\/leger360.com\\\/fr\\\/steve-perrone-devient-chef-de-la-technologie-cto\\\/\",\"url\":\"https:\\\/\\\/leger360.com\\\/fr\\\/steve-perrone-devient-chef-de-la-technologie-cto\\\/\",\"name\":\"Steve Perrone devient Chef de la technologie (CTO) - Leger\",\"isPartOf\":{\"@id\":\"https:\\\/\\\/leger360.com\\\/fr\\\/#website\"},\"primaryImageOfPage\":{\"@id\":\"https:\\\/\\\/leger360.com\\\/fr\\\/steve-perrone-devient-chef-de-la-technologie-cto\\\/#primaryimage\"},\"image\":{\"@id\":\"https:\\\/\\\/leger360.com\\\/fr\\\/steve-perrone-devient-chef-de-la-technologie-cto\\\/#primaryimage\"},\"thumbnailUrl\":\"https:\\\/\\\/leger360.com\\\/wp-content\\\/uploads\\\/2024\\\/02\\\/steveperrone.jpg\",\"datePublished\":\"2019-08-12T16:48:28+00:00\",\"breadcrumb\":{\"@id\":\"https:\\\/\\\/leger360.com\\\/fr\\\/steve-perrone-devient-chef-de-la-technologie-cto\\\/#breadcrumb\"},\"inLanguage\":\"fr-CA\",\"potentialAction\":[{\"@type\":\"ReadAction\",\"target\":[\"https:\\\/\\\/leger360.com\\\/fr\\\/steve-perrone-devient-chef-de-la-technologie-cto\\\/\"]}]},{\"@type\":\"ImageObject\",\"inLanguage\":\"fr-CA\",\"@id\":\"https:\\\/\\\/leger360.com\\\/fr\\\/steve-perrone-devient-chef-de-la-technologie-cto\\\/#primaryimage\",\"url\":\"https:\\\/\\\/leger360.com\\\/wp-content\\\/uploads\\\/2024\\\/02\\\/steveperrone.jpg\",\"contentUrl\":\"https:\\\/\\\/leger360.com\\\/wp-content\\\/uploads\\\/2024\\\/02\\\/steveperrone.jpg\",\"width\":900,\"height\":900},{\"@type\":\"BreadcrumbList\",\"@id\":\"https:\\\/\\\/leger360.com\\\/fr\\\/steve-perrone-devient-chef-de-la-technologie-cto\\\/#breadcrumb\",\"itemListElement\":[{\"@type\":\"ListItem\",\"position\":1,\"name\":\"Home\",\"item\":\"https:\\\/\\\/leger360.com\\\/fr\\\/\"},{\"@type\":\"ListItem\",\"position\":2,\"name\":\"Steve Perrone devient Chef de la technologie (CTO)\"}]},{\"@type\":\"WebSite\",\"@id\":\"https:\\\/\\\/leger360.com\\\/fr\\\/#website\",\"url\":\"https:\\\/\\\/leger360.com\\\/fr\\\/\",\"name\":\"Leger\",\"description\":\"Market Research | Data Analytics\",\"publisher\":{\"@id\":\"https:\\\/\\\/leger360.com\\\/fr\\\/#organization\"},\"potentialAction\":[{\"@type\":\"SearchAction\",\"target\":{\"@type\":\"EntryPoint\",\"urlTemplate\":\"https:\\\/\\\/leger360.com\\\/fr\\\/?s={search_term_string}\"},\"query-input\":{\"@type\":\"PropertyValueSpecification\",\"valueRequired\":true,\"valueName\":\"search_term_string\"}}],\"inLanguage\":\"fr-CA\"},{\"@type\":\"Organization\",\"@id\":\"https:\\\/\\\/leger360.com\\\/fr\\\/#organization\",\"name\":\"Leger\",\"url\":\"https:\\\/\\\/leger360.com\\\/fr\\\/\",\"logo\":{\"@type\":\"ImageObject\",\"inLanguage\":\"fr-CA\",\"@id\":\"https:\\\/\\\/leger360.com\\\/fr\\\/#\\\/schema\\\/logo\\\/image\\\/\",\"url\":\"https:\\\/\\\/leger360.com\\\/wp-content\\\/uploads\\\/2024\\\/04\\\/2022-Logo-Leger-Blackred-g.png\",\"contentUrl\":\"https:\\\/\\\/leger360.com\\\/wp-content\\\/uploads\\\/2024\\\/04\\\/2022-Logo-Leger-Blackred-g.png\",\"width\":1195,\"height\":686,\"caption\":\"Leger\"},\"image\":{\"@id\":\"https:\\\/\\\/leger360.com\\\/fr\\\/#\\\/schema\\\/logo\\\/image\\\/\"},\"sameAs\":[\"https:\\\/\\\/www.facebook.com\\\/leger360\\\/\",\"https:\\\/\\\/x.com\\\/leger360\",\"https:\\\/\\\/www.linkedin.com\\\/company\\\/leger360\\\/\"],\"description\":\"Leger is one of North America\u2019s fastest-growing market research companies, known for our forward-thinking experts and innovative approaches powered by artificial intelligence (AI) technologies.\"},{\"@type\":\"Person\",\"@id\":\"https:\\\/\\\/leger360.com\\\/fr\\\/#\\\/schema\\\/person\\\/34dfccb7aa46dcd4085221008ca51ac9\",\"name\":\"Jason Anthony\",\"image\":{\"@type\":\"ImageObject\",\"inLanguage\":\"fr-CA\",\"@id\":\"https:\\\/\\\/secure.gravatar.com\\\/avatar\\\/b8d3134f69c631184566a5436407f9384b5e28c50ff3915e13c50c0c730b64f8?s=96&d=mm&r=g\",\"url\":\"https:\\\/\\\/secure.gravatar.com\\\/avatar\\\/b8d3134f69c631184566a5436407f9384b5e28c50ff3915e13c50c0c730b64f8?s=96&d=mm&r=g\",\"contentUrl\":\"https:\\\/\\\/secure.gravatar.com\\\/avatar\\\/b8d3134f69c631184566a5436407f9384b5e28c50ff3915e13c50c0c730b64f8?s=96&d=mm&r=g\",\"caption\":\"Jason Anthony\"}}]}<\/script>\n<!-- \/ Yoast SEO Premium plugin. -->","yoast_head_json":{"title":"Steve Perrone devient Chef de la technologie (CTO) - Leger","robots":{"index":"index","follow":"follow","max-snippet":"max-snippet:-1","max-image-preview":"max-image-preview:large","max-video-preview":"max-video-preview:-1"},"canonical":"https:\/\/leger360.com\/fr\/steve-perrone-devient-chef-de-la-technologie-cto\/","og_locale":"fr_CA","og_type":"article","og_title":"Steve Perrone devient Chef de la technologie (CTO)","og_description":"Montr\u00e9al, le 12 ao\u00fbt 2019 \u2013 L\u00e9ger est fi\u00e8re d\u2019annoncer la nomination de Steve Perrone comme chef de la technologie (CTO). Dans l\u2019exercice de ses fonctions, M. Perrone chapeautera les divisions num\u00e9riques de L\u00e9ger : L\u00e9ger Opinion, L\u00e9ger Metrics et L\u00e9ger Communaut\u00e9. Perrone cumule plus de 29 ans d\u2019exp\u00e9rience en technologie de l\u2019information, dont 15 [&hellip;]","og_url":"https:\/\/leger360.com\/fr\/steve-perrone-devient-chef-de-la-technologie-cto\/","og_site_name":"Leger","article_publisher":"https:\/\/www.facebook.com\/leger360\/","article_published_time":"2019-08-12T16:48:28+00:00","og_image":[{"width":900,"height":900,"url":"https:\/\/leger360.com\/wp-content\/uploads\/2024\/02\/steveperrone.jpg","type":"image\/jpeg"}],"author":"Jason Anthony","twitter_card":"summary_large_image","twitter_creator":"@leger360","twitter_site":"@leger360","twitter_misc":{"\u00c9crit par":"Jason Anthony","Estimation du temps de lecture":"3 minutes"},"schema":{"@context":"https:\/\/schema.org","@graph":[{"@type":"Article","@id":"https:\/\/leger360.com\/fr\/steve-perrone-devient-chef-de-la-technologie-cto\/#article","isPartOf":{"@id":"https:\/\/leger360.com\/fr\/steve-perrone-devient-chef-de-la-technologie-cto\/"},"author":{"name":"Jason Anthony","@id":"https:\/\/leger360.com\/fr\/#\/schema\/person\/34dfccb7aa46dcd4085221008ca51ac9"},"headline":"Steve Perrone devient Chef de la technologie (CTO)","datePublished":"2019-08-12T16:48:28+00:00","mainEntityOfPage":{"@id":"https:\/\/leger360.com\/fr\/steve-perrone-devient-chef-de-la-technologie-cto\/"},"wordCount":525,"publisher":{"@id":"https:\/\/leger360.com\/fr\/#organization"},"image":{"@id":"https:\/\/leger360.com\/fr\/steve-perrone-devient-chef-de-la-technologie-cto\/#primaryimage"},"thumbnailUrl":"https:\/\/leger360.com\/wp-content\/uploads\/2024\/02\/steveperrone.jpg","articleSection":["In the news"],"inLanguage":"fr-CA"},{"@type":"WebPage","@id":"https:\/\/leger360.com\/fr\/steve-perrone-devient-chef-de-la-technologie-cto\/","url":"https:\/\/leger360.com\/fr\/steve-perrone-devient-chef-de-la-technologie-cto\/","name":"Steve Perrone devient Chef de la technologie (CTO) - Leger","isPartOf":{"@id":"https:\/\/leger360.com\/fr\/#website"},"primaryImageOfPage":{"@id":"https:\/\/leger360.com\/fr\/steve-perrone-devient-chef-de-la-technologie-cto\/#primaryimage"},"image":{"@id":"https:\/\/leger360.com\/fr\/steve-perrone-devient-chef-de-la-technologie-cto\/#primaryimage"},"thumbnailUrl":"https:\/\/leger360.com\/wp-content\/uploads\/2024\/02\/steveperrone.jpg","datePublished":"2019-08-12T16:48:28+00:00","breadcrumb":{"@id":"https:\/\/leger360.com\/fr\/steve-perrone-devient-chef-de-la-technologie-cto\/#breadcrumb"},"inLanguage":"fr-CA","potentialAction":[{"@type":"ReadAction","target":["https:\/\/leger360.com\/fr\/steve-perrone-devient-chef-de-la-technologie-cto\/"]}]},{"@type":"ImageObject","inLanguage":"fr-CA","@id":"https:\/\/leger360.com\/fr\/steve-perrone-devient-chef-de-la-technologie-cto\/#primaryimage","url":"https:\/\/leger360.com\/wp-content\/uploads\/2024\/02\/steveperrone.jpg","contentUrl":"https:\/\/leger360.com\/wp-content\/uploads\/2024\/02\/steveperrone.jpg","width":900,"height":900},{"@type":"BreadcrumbList","@id":"https:\/\/leger360.com\/fr\/steve-perrone-devient-chef-de-la-technologie-cto\/#breadcrumb","itemListElement":[{"@type":"ListItem","position":1,"name":"Home","item":"https:\/\/leger360.com\/fr\/"},{"@type":"ListItem","position":2,"name":"Steve Perrone devient Chef de la technologie (CTO)"}]},{"@type":"WebSite","@id":"https:\/\/leger360.com\/fr\/#website","url":"https:\/\/leger360.com\/fr\/","name":"Leger","description":"Market Research | Data Analytics","publisher":{"@id":"https:\/\/leger360.com\/fr\/#organization"},"potentialAction":[{"@type":"SearchAction","target":{"@type":"EntryPoint","urlTemplate":"https:\/\/leger360.com\/fr\/?s={search_term_string}"},"query-input":{"@type":"PropertyValueSpecification","valueRequired":true,"valueName":"search_term_string"}}],"inLanguage":"fr-CA"},{"@type":"Organization","@id":"https:\/\/leger360.com\/fr\/#organization","name":"Leger","url":"https:\/\/leger360.com\/fr\/","logo":{"@type":"ImageObject","inLanguage":"fr-CA","@id":"https:\/\/leger360.com\/fr\/#\/schema\/logo\/image\/","url":"https:\/\/leger360.com\/wp-content\/uploads\/2024\/04\/2022-Logo-Leger-Blackred-g.png","contentUrl":"https:\/\/leger360.com\/wp-content\/uploads\/2024\/04\/2022-Logo-Leger-Blackred-g.png","width":1195,"height":686,"caption":"Leger"},"image":{"@id":"https:\/\/leger360.com\/fr\/#\/schema\/logo\/image\/"},"sameAs":["https:\/\/www.facebook.com\/leger360\/","https:\/\/x.com\/leger360","https:\/\/www.linkedin.com\/company\/leger360\/"],"description":"Leger is one of North America\u2019s fastest-growing market research companies, known for our forward-thinking experts and innovative approaches powered by artificial intelligence (AI) technologies."},{"@type":"Person","@id":"https:\/\/leger360.com\/fr\/#\/schema\/person\/34dfccb7aa46dcd4085221008ca51ac9","name":"Jason Anthony","image":{"@type":"ImageObject","inLanguage":"fr-CA","@id":"https:\/\/secure.gravatar.com\/avatar\/b8d3134f69c631184566a5436407f9384b5e28c50ff3915e13c50c0c730b64f8?s=96&d=mm&r=g","url":"https:\/\/secure.gravatar.com\/avatar\/b8d3134f69c631184566a5436407f9384b5e28c50ff3915e13c50c0c730b64f8?s=96&d=mm&r=g","contentUrl":"https:\/\/secure.gravatar.com\/avatar\/b8d3134f69c631184566a5436407f9384b5e28c50ff3915e13c50c0c730b64f8?s=96&d=mm&r=g","caption":"Jason Anthony"}}]}},"_links":{"self":[{"href":"https:\/\/leger360.com\/fr\/wp-json\/wp\/v2\/posts\/14076","targetHints":{"allow":["GET"]}}],"collection":[{"href":"https:\/\/leger360.com\/fr\/wp-json\/wp\/v2\/posts"}],"about":[{"href":"https:\/\/leger360.com\/fr\/wp-json\/wp\/v2\/types\/post"}],"author":[{"embeddable":true,"href":"https:\/\/leger360.com\/fr\/wp-json\/wp\/v2\/users\/2"}],"replies":[{"embeddable":true,"href":"https:\/\/leger360.com\/fr\/wp-json\/wp\/v2\/comments?post=14076"}],"version-history":[{"count":0,"href":"https:\/\/leger360.com\/fr\/wp-json\/wp\/v2\/posts\/14076\/revisions"}],"wp:featuredmedia":[{"embeddable":true,"href":"https:\/\/leger360.com\/fr\/wp-json\/wp\/v2\/media\/7607"}],"wp:attachment":[{"href":"https:\/\/leger360.com\/fr\/wp-json\/wp\/v2\/media?parent=14076"}],"wp:term":[{"taxonomy":"category","embeddable":true,"href":"https:\/\/leger360.com\/fr\/wp-json\/wp\/v2\/categories?post=14076"},{"taxonomy":"post_tag","embeddable":true,"href":"https:\/\/leger360.com\/fr\/wp-json\/wp\/v2\/tags?post=14076"},{"taxonomy":"post_language_cat","embeddable":true,"href":"https:\/\/leger360.com\/fr\/wp-json\/wp\/v2\/post_language_cat?post=14076"}],"curies":[{"name":"wp","href":"https:\/\/api.w.org\/{rel}","templated":true}]}}