{"id":14359,"date":"2020-04-28T10:00:09","date_gmt":"2020-04-28T10:00:09","guid":{"rendered":"https:\/\/leger360.com\/preoccupation-face-a-la-covid-19-28-avril-2020\/"},"modified":"2020-04-28T10:00:09","modified_gmt":"2020-04-28T10:00:09","slug":"preoccupation-face-a-la-covid-19-28-avril-2020","status":"publish","type":"post","link":"https:\/\/leger360.com\/fr\/preoccupation-face-a-la-covid-19-28-avril-2020\/","title":{"rendered":"Pr\u00e9occupation face \u00e0 la COVID-19 &#8211; 28 avril 2020"},"content":{"rendered":"<h3 aria-level=\"3\"><span data-contrast=\"none\">T\u00c9L\u00c9CHARGEZ LE<\/span><span data-contrast=\"none\">\u00a0<\/span><span data-contrast=\"none\">RAPPORT ET LES R\u00c9SULTATS COMPLETS AU BAS DE L\u2019ARTICLE.<\/span><\/h3>\n<p aria-level=\"3\"><em>L\u00e9ger r\u00e9alise un\u00a0sondage hebdomadaire\u00a0en collaboration avec\u00a0l\u2019Association d\u2019\u00e9tudes canadiennes (AEC) et publi\u00e9 dans\u00a0la\u00a0Presse Canadienne afin\u00a0d\u2019aider les gouvernements, les entreprises et les citoyens \u00e0 mieux\u00a0comprendre\u00a0les attitudes\u00a0et les comportements de la population canadienne\u00a0face \u00e0 la crise\u00a0sanitaire\u00a0et \u00e9conomique actuelle de la COVID-19.\u00a0<a href=\"https:\/\/leger360.com\/fr\/sondages\/infolettre-covid19\/\">Cette s\u00e9rie de sondages est disponible\u00a0pour vous\u00a0sur\u00a0le site web\u00a0de L\u00e9ger<\/a>.\u00a0<\/em><\/p>\n<h3 aria-level=\"3\"><span data-contrast=\"none\">FAITS SAILLANTS<\/span><span data-ccp-props=\"{\"201341983\":0,\"335559738\":40,\"335559739\":0,\"335559740\":259}\">\u00a0(28 AVRIL 2020)<\/span><\/h3>\n<div>\n<ul>\n<li>69% des Canadiens qui travaillent actuellement de la maison en raison de la COVID-19 souhaiteraient continuer \u00e0 travailler plus souvent de la maison apr\u00e8s la crise.<\/li>\n<li>45% des Canadiens sont favorables \u00e0 ce que les gouvernements utilisent les donn\u00e9es de localisation des appareils mobiles des gens afin de v\u00e9rifier s&rsquo;ils respectent les mesures de distanciation sociale\/de confinement volontaire.<\/li>\n<li>La majorit\u00e9 des Canadiens se sentirait \u00e0 l\u2019aise d\u2019aller dans les march\u00e9s publics, les centres commerciaux et de permettre les r\u00e9novations domiciliaires lorsque les gouvernements l\u00e8veront les mesures de protection.<\/li>\n<li>Lorsqu\u2019un vaccin contre la COVID-19 sera disponible, 60% des Canadiens croient qu\u2019il devrait \u00eatre obligatoire.<\/li>\n<\/ul>\n<\/div>\n<h3><span data-contrast=\"none\">M\u00c9THODOLOGIE DU SONDAGE<\/span><span data-ccp-props=\"{\"201341983\":1,\"335551550\":6,\"335551620\":6,\"335559739\":160,\"335559740\":420}\">\u00a0<\/span><\/h3>\n<p><span data-contrast=\"auto\">Le<\/span><span data-contrast=\"auto\">\u00a0<\/span><b><span data-contrast=\"auto\">sondage web\u00a0<\/span><\/b><span data-contrast=\"auto\">a \u00e9t\u00e9 r\u00e9alis\u00e9 du <strong>24\u00a0au 26 avril\u00a0<\/strong><\/span><strong>2020\u00a0<\/strong><span data-contrast=\"auto\">aupr\u00e8s de\u00a0<\/span><strong>1 515 Canadiens<\/strong>\u00a0et\u00a0<strong>1 016 Am\u00e9ricains<\/strong>, \u00e2g\u00e9(e)s de 18 ou plus, recrut\u00e9s al\u00e9atoirement \u00e0 partir du panel en ligne de LEO.<\/p>\n<p>\u00c0 l\u2019aide des donn\u00e9es du recensement de 2016, les r\u00e9sultats ont \u00e9t\u00e9 pond\u00e9r\u00e9s selon l\u2019\u00e2ge, le sexe, la langue maternelle, la r\u00e9gion, le niveau d\u2019\u00e9ducation et la pr\u00e9sence d\u2019enfants dans le foyer afin de garantir un \u00e9chantillon repr\u00e9sentatif la population.<\/p>\n<p><span data-contrast=\"auto\">\u00c0 titre comparatif, la marge d\u2019erreur maximale pour un \u00e9chantillon de 1 515 r\u00e9pondants est de\u00a0<\/span><b><span data-contrast=\"auto\">\u00b12,51%,\u00a0<\/span><\/b><span data-contrast=\"auto\">et ce, 19 fois sur 20,\u00a0<\/span>alors qu\u2019un \u00e9chantillon probabiliste de 1 000 aurait une marge d\u2019erreur de\u00a0<strong>\u00b13,08%<\/strong>, 19 fois sur 20.<\/p>\n<p><span data-contrast=\"none\">Les r\u00e9sultats pr\u00e9sent\u00e9s dans cette \u00e9tude sont conformes aux standards en mati\u00e8re de<\/span><span data-contrast=\"none\">\u00a0<\/span><span data-contrast=\"none\">recherche sur l\u2019opinion publique et aux exigences de divulgation du CRIC.<\/span><span data-ccp-props=\"{\"201341983\":1,\"335551550\":6,\"335551620\":6,\"335559739\":160,\"335559740\":420}\">\u00a0<\/span><\/p>\n<h3 aria-level=\"3\"><span data-contrast=\"none\">CE<\/span><span data-contrast=\"none\">\u00a0<\/span><span data-contrast=\"none\">RAPPORT CONTIENT LES R\u00c9SULTATS AUX Q<\/span><span data-contrast=\"none\">UESTIONS SUIVANTES. T\u00c9L\u00c9CHARGEZ LE<\/span><span data-contrast=\"none\">\u00a0<\/span><span data-contrast=\"none\">RAPPORT CI-DESSOUS POUR LES R\u00c9SULTATS COMPLETS.<\/span><span data-ccp-props=\"{\"201341983\":0,\"335559738\":40,\"335559739\":0,\"335559740\":259}\">\u00a0<\/span><\/h3>\n<ul>\n<li>Au cours de la derni\u00e8re semaine, lesquelles des choses suivantes avez-vous faites?<\/li>\n<li>\u00cates-vous all\u00e9(e) volontairement \u00e0 votre bureau?<\/li>\n<li>Quelle est votre situation d&#8217;emploi actuelle?<\/li>\n<li>Dans quelle mesure seriez-vous d\u2019accord ou en d\u00e9saccord pour que les gouvernements utilisent les donn\u00e9es de localisation des appareils mobiles des gens pour v\u00e9rifier s&rsquo;ils respectent les mesures de distanciation sociale\/de confinement volontaire?<\/li>\n<li>Lorsqu&rsquo;un vaccin contre la COVID-19 deviendra disponible \u00e0 la population, pensez-vous qu&rsquo;il devrait \u00eatre&#8230;<\/li>\n<\/ul>\n","protected":false},"excerpt":{"rendered":"<p>T\u00c9L\u00c9CHARGEZ LE\u00a0RAPPORT ET LES R\u00c9SULTATS COMPLETS AU BAS DE L\u2019ARTICLE. L\u00e9ger r\u00e9alise un\u00a0sondage hebdomadaire\u00a0en collaboration avec\u00a0l\u2019Association d\u2019\u00e9tudes canadiennes (AEC) et publi\u00e9 dans\u00a0la\u00a0Presse Canadienne afin\u00a0d\u2019aider les gouvernements, les entreprises et les citoyens \u00e0 mieux\u00a0comprendre\u00a0les attitudes\u00a0et les comportements de la population canadienne\u00a0face \u00e0 la crise\u00a0sanitaire\u00a0et \u00e9conomique actuelle de la COVID-19.\u00a0Cette s\u00e9rie de sondages est disponible\u00a0pour vous\u00a0sur\u00a0le site [&hellip;]<\/p>\n","protected":false},"author":2,"featured_media":8186,"comment_status":"closed","ping_status":"closed","sticky":false,"template":"","format":"standard","meta":{"_acf_changed":false,"_et_pb_use_builder":"","_et_pb_old_content":"","_et_gb_content_width":"","content-type":"","inline_featured_image":false,"footnotes":""},"categories":[34],"tags":[],"post_language_cat":[39],"class_list":["post-14359","post","type-post","status-publish","format-standard","has-post-thumbnail","hentry","category-market-intelligence","post_language_cat-fr-market-intelligence"],"acf":[],"yoast_head":"<!-- This site is optimized with the Yoast SEO Premium plugin v27.4 (Yoast SEO v27.4) - https:\/\/yoast.com\/product\/yoast-seo-premium-wordpress\/ -->\n<title>Pr\u00e9occupation face \u00e0 la COVID-19 - 28 avril 2020 - Leger<\/title>\n<meta name=\"robots\" content=\"index, follow, max-snippet:-1, max-image-preview:large, max-video-preview:-1\" \/>\n<link rel=\"canonical\" href=\"https:\/\/leger360.com\/fr\/preoccupation-face-a-la-covid-19-28-avril-2020\/\" \/>\n<meta property=\"og:locale\" content=\"fr_CA\" \/>\n<meta property=\"og:type\" content=\"article\" \/>\n<meta property=\"og:title\" content=\"Pr\u00e9occupation face \u00e0 la COVID-19 - 28 avril 2020\" \/>\n<meta property=\"og:description\" content=\"T\u00c9L\u00c9CHARGEZ LE\u00a0RAPPORT ET LES R\u00c9SULTATS COMPLETS AU BAS DE L\u2019ARTICLE. L\u00e9ger r\u00e9alise un\u00a0sondage hebdomadaire\u00a0en collaboration avec\u00a0l\u2019Association d\u2019\u00e9tudes canadiennes (AEC) et publi\u00e9 dans\u00a0la\u00a0Presse Canadienne afin\u00a0d\u2019aider les gouvernements, les entreprises et les citoyens \u00e0 mieux\u00a0comprendre\u00a0les attitudes\u00a0et les comportements de la population canadienne\u00a0face \u00e0 la crise\u00a0sanitaire\u00a0et \u00e9conomique actuelle de la COVID-19.\u00a0Cette s\u00e9rie de sondages est disponible\u00a0pour vous\u00a0sur\u00a0le site [&hellip;]\" \/>\n<meta property=\"og:url\" content=\"https:\/\/leger360.com\/fr\/preoccupation-face-a-la-covid-19-28-avril-2020\/\" \/>\n<meta property=\"og:site_name\" content=\"Leger\" \/>\n<meta property=\"article:publisher\" content=\"https:\/\/www.facebook.com\/leger360\/\" \/>\n<meta property=\"article:published_time\" content=\"2020-04-28T10:00:09+00:00\" \/>\n<meta property=\"og:image\" content=\"https:\/\/leger360.com\/wp-content\/uploads\/2024\/02\/shutterstock_1628718775.jpg\" \/>\n\t<meta property=\"og:image:width\" content=\"1000\" \/>\n\t<meta property=\"og:image:height\" content=\"563\" \/>\n\t<meta property=\"og:image:type\" content=\"image\/jpeg\" \/>\n<meta name=\"author\" content=\"Jason Anthony\" \/>\n<meta name=\"twitter:card\" content=\"summary_large_image\" \/>\n<meta name=\"twitter:creator\" content=\"@leger360\" \/>\n<meta name=\"twitter:site\" content=\"@leger360\" \/>\n<meta name=\"twitter:label1\" content=\"\u00c9crit par\" \/>\n\t<meta name=\"twitter:data1\" content=\"Jason Anthony\" \/>\n\t<meta name=\"twitter:label2\" content=\"Estimation du temps de lecture\" \/>\n\t<meta name=\"twitter:data2\" content=\"2 minutes\" \/>\n<script type=\"application\/ld+json\" class=\"yoast-schema-graph\">{\"@context\":\"https:\\\/\\\/schema.org\",\"@graph\":[{\"@type\":\"Article\",\"@id\":\"https:\\\/\\\/leger360.com\\\/fr\\\/preoccupation-face-a-la-covid-19-28-avril-2020\\\/#article\",\"isPartOf\":{\"@id\":\"https:\\\/\\\/leger360.com\\\/fr\\\/preoccupation-face-a-la-covid-19-28-avril-2020\\\/\"},\"author\":{\"name\":\"Jason Anthony\",\"@id\":\"https:\\\/\\\/leger360.com\\\/fr\\\/#\\\/schema\\\/person\\\/34dfccb7aa46dcd4085221008ca51ac9\"},\"headline\":\"Pr\u00e9occupation face \u00e0 la COVID-19 &#8211; 28 avril 2020\",\"datePublished\":\"2020-04-28T10:00:09+00:00\",\"mainEntityOfPage\":{\"@id\":\"https:\\\/\\\/leger360.com\\\/fr\\\/preoccupation-face-a-la-covid-19-28-avril-2020\\\/\"},\"wordCount\":453,\"publisher\":{\"@id\":\"https:\\\/\\\/leger360.com\\\/fr\\\/#organization\"},\"image\":{\"@id\":\"https:\\\/\\\/leger360.com\\\/fr\\\/preoccupation-face-a-la-covid-19-28-avril-2020\\\/#primaryimage\"},\"thumbnailUrl\":\"https:\\\/\\\/leger360.com\\\/wp-content\\\/uploads\\\/2024\\\/02\\\/shutterstock_1628718775.jpg\",\"articleSection\":[\"Market intelligence\"],\"inLanguage\":\"fr-CA\"},{\"@type\":\"WebPage\",\"@id\":\"https:\\\/\\\/leger360.com\\\/fr\\\/preoccupation-face-a-la-covid-19-28-avril-2020\\\/\",\"url\":\"https:\\\/\\\/leger360.com\\\/fr\\\/preoccupation-face-a-la-covid-19-28-avril-2020\\\/\",\"name\":\"Pr\u00e9occupation face \u00e0 la COVID-19 - 28 avril 2020 - Leger\",\"isPartOf\":{\"@id\":\"https:\\\/\\\/leger360.com\\\/fr\\\/#website\"},\"primaryImageOfPage\":{\"@id\":\"https:\\\/\\\/leger360.com\\\/fr\\\/preoccupation-face-a-la-covid-19-28-avril-2020\\\/#primaryimage\"},\"image\":{\"@id\":\"https:\\\/\\\/leger360.com\\\/fr\\\/preoccupation-face-a-la-covid-19-28-avril-2020\\\/#primaryimage\"},\"thumbnailUrl\":\"https:\\\/\\\/leger360.com\\\/wp-content\\\/uploads\\\/2024\\\/02\\\/shutterstock_1628718775.jpg\",\"datePublished\":\"2020-04-28T10:00:09+00:00\",\"breadcrumb\":{\"@id\":\"https:\\\/\\\/leger360.com\\\/fr\\\/preoccupation-face-a-la-covid-19-28-avril-2020\\\/#breadcrumb\"},\"inLanguage\":\"fr-CA\",\"potentialAction\":[{\"@type\":\"ReadAction\",\"target\":[\"https:\\\/\\\/leger360.com\\\/fr\\\/preoccupation-face-a-la-covid-19-28-avril-2020\\\/\"]}]},{\"@type\":\"ImageObject\",\"inLanguage\":\"fr-CA\",\"@id\":\"https:\\\/\\\/leger360.com\\\/fr\\\/preoccupation-face-a-la-covid-19-28-avril-2020\\\/#primaryimage\",\"url\":\"https:\\\/\\\/leger360.com\\\/wp-content\\\/uploads\\\/2024\\\/02\\\/shutterstock_1628718775.jpg\",\"contentUrl\":\"https:\\\/\\\/leger360.com\\\/wp-content\\\/uploads\\\/2024\\\/02\\\/shutterstock_1628718775.jpg\",\"width\":1000,\"height\":563},{\"@type\":\"BreadcrumbList\",\"@id\":\"https:\\\/\\\/leger360.com\\\/fr\\\/preoccupation-face-a-la-covid-19-28-avril-2020\\\/#breadcrumb\",\"itemListElement\":[{\"@type\":\"ListItem\",\"position\":1,\"name\":\"Home\",\"item\":\"https:\\\/\\\/leger360.com\\\/fr\\\/\"},{\"@type\":\"ListItem\",\"position\":2,\"name\":\"Pr\u00e9occupation face \u00e0 la COVID-19 &#8211; 28 avril 2020\"}]},{\"@type\":\"WebSite\",\"@id\":\"https:\\\/\\\/leger360.com\\\/fr\\\/#website\",\"url\":\"https:\\\/\\\/leger360.com\\\/fr\\\/\",\"name\":\"Leger\",\"description\":\"Market Research | Data Analytics\",\"publisher\":{\"@id\":\"https:\\\/\\\/leger360.com\\\/fr\\\/#organization\"},\"potentialAction\":[{\"@type\":\"SearchAction\",\"target\":{\"@type\":\"EntryPoint\",\"urlTemplate\":\"https:\\\/\\\/leger360.com\\\/fr\\\/?s={search_term_string}\"},\"query-input\":{\"@type\":\"PropertyValueSpecification\",\"valueRequired\":true,\"valueName\":\"search_term_string\"}}],\"inLanguage\":\"fr-CA\"},{\"@type\":\"Organization\",\"@id\":\"https:\\\/\\\/leger360.com\\\/fr\\\/#organization\",\"name\":\"Leger\",\"url\":\"https:\\\/\\\/leger360.com\\\/fr\\\/\",\"logo\":{\"@type\":\"ImageObject\",\"inLanguage\":\"fr-CA\",\"@id\":\"https:\\\/\\\/leger360.com\\\/fr\\\/#\\\/schema\\\/logo\\\/image\\\/\",\"url\":\"https:\\\/\\\/leger360.com\\\/wp-content\\\/uploads\\\/2024\\\/04\\\/2022-Logo-Leger-Blackred-g.png\",\"contentUrl\":\"https:\\\/\\\/leger360.com\\\/wp-content\\\/uploads\\\/2024\\\/04\\\/2022-Logo-Leger-Blackred-g.png\",\"width\":1195,\"height\":686,\"caption\":\"Leger\"},\"image\":{\"@id\":\"https:\\\/\\\/leger360.com\\\/fr\\\/#\\\/schema\\\/logo\\\/image\\\/\"},\"sameAs\":[\"https:\\\/\\\/www.facebook.com\\\/leger360\\\/\",\"https:\\\/\\\/x.com\\\/leger360\",\"https:\\\/\\\/www.linkedin.com\\\/company\\\/leger360\\\/\"],\"description\":\"Leger is one of North America\u2019s fastest-growing market research companies, known for our forward-thinking experts and innovative approaches powered by artificial intelligence (AI) technologies.\"},{\"@type\":\"Person\",\"@id\":\"https:\\\/\\\/leger360.com\\\/fr\\\/#\\\/schema\\\/person\\\/34dfccb7aa46dcd4085221008ca51ac9\",\"name\":\"Jason Anthony\",\"image\":{\"@type\":\"ImageObject\",\"inLanguage\":\"fr-CA\",\"@id\":\"https:\\\/\\\/secure.gravatar.com\\\/avatar\\\/b8d3134f69c631184566a5436407f9384b5e28c50ff3915e13c50c0c730b64f8?s=96&d=mm&r=g\",\"url\":\"https:\\\/\\\/secure.gravatar.com\\\/avatar\\\/b8d3134f69c631184566a5436407f9384b5e28c50ff3915e13c50c0c730b64f8?s=96&d=mm&r=g\",\"contentUrl\":\"https:\\\/\\\/secure.gravatar.com\\\/avatar\\\/b8d3134f69c631184566a5436407f9384b5e28c50ff3915e13c50c0c730b64f8?s=96&d=mm&r=g\",\"caption\":\"Jason Anthony\"}}]}<\/script>\n<!-- \/ Yoast SEO Premium plugin. -->","yoast_head_json":{"title":"Pr\u00e9occupation face \u00e0 la COVID-19 - 28 avril 2020 - Leger","robots":{"index":"index","follow":"follow","max-snippet":"max-snippet:-1","max-image-preview":"max-image-preview:large","max-video-preview":"max-video-preview:-1"},"canonical":"https:\/\/leger360.com\/fr\/preoccupation-face-a-la-covid-19-28-avril-2020\/","og_locale":"fr_CA","og_type":"article","og_title":"Pr\u00e9occupation face \u00e0 la COVID-19 - 28 avril 2020","og_description":"T\u00c9L\u00c9CHARGEZ LE\u00a0RAPPORT ET LES R\u00c9SULTATS COMPLETS AU BAS DE L\u2019ARTICLE. L\u00e9ger r\u00e9alise un\u00a0sondage hebdomadaire\u00a0en collaboration avec\u00a0l\u2019Association d\u2019\u00e9tudes canadiennes (AEC) et publi\u00e9 dans\u00a0la\u00a0Presse Canadienne afin\u00a0d\u2019aider les gouvernements, les entreprises et les citoyens \u00e0 mieux\u00a0comprendre\u00a0les attitudes\u00a0et les comportements de la population canadienne\u00a0face \u00e0 la crise\u00a0sanitaire\u00a0et \u00e9conomique actuelle de la COVID-19.\u00a0Cette s\u00e9rie de sondages est disponible\u00a0pour vous\u00a0sur\u00a0le site [&hellip;]","og_url":"https:\/\/leger360.com\/fr\/preoccupation-face-a-la-covid-19-28-avril-2020\/","og_site_name":"Leger","article_publisher":"https:\/\/www.facebook.com\/leger360\/","article_published_time":"2020-04-28T10:00:09+00:00","og_image":[{"width":1000,"height":563,"url":"https:\/\/leger360.com\/wp-content\/uploads\/2024\/02\/shutterstock_1628718775.jpg","type":"image\/jpeg"}],"author":"Jason Anthony","twitter_card":"summary_large_image","twitter_creator":"@leger360","twitter_site":"@leger360","twitter_misc":{"\u00c9crit par":"Jason Anthony","Estimation du temps de lecture":"2 minutes"},"schema":{"@context":"https:\/\/schema.org","@graph":[{"@type":"Article","@id":"https:\/\/leger360.com\/fr\/preoccupation-face-a-la-covid-19-28-avril-2020\/#article","isPartOf":{"@id":"https:\/\/leger360.com\/fr\/preoccupation-face-a-la-covid-19-28-avril-2020\/"},"author":{"name":"Jason Anthony","@id":"https:\/\/leger360.com\/fr\/#\/schema\/person\/34dfccb7aa46dcd4085221008ca51ac9"},"headline":"Pr\u00e9occupation face \u00e0 la COVID-19 &#8211; 28 avril 2020","datePublished":"2020-04-28T10:00:09+00:00","mainEntityOfPage":{"@id":"https:\/\/leger360.com\/fr\/preoccupation-face-a-la-covid-19-28-avril-2020\/"},"wordCount":453,"publisher":{"@id":"https:\/\/leger360.com\/fr\/#organization"},"image":{"@id":"https:\/\/leger360.com\/fr\/preoccupation-face-a-la-covid-19-28-avril-2020\/#primaryimage"},"thumbnailUrl":"https:\/\/leger360.com\/wp-content\/uploads\/2024\/02\/shutterstock_1628718775.jpg","articleSection":["Market intelligence"],"inLanguage":"fr-CA"},{"@type":"WebPage","@id":"https:\/\/leger360.com\/fr\/preoccupation-face-a-la-covid-19-28-avril-2020\/","url":"https:\/\/leger360.com\/fr\/preoccupation-face-a-la-covid-19-28-avril-2020\/","name":"Pr\u00e9occupation face \u00e0 la COVID-19 - 28 avril 2020 - Leger","isPartOf":{"@id":"https:\/\/leger360.com\/fr\/#website"},"primaryImageOfPage":{"@id":"https:\/\/leger360.com\/fr\/preoccupation-face-a-la-covid-19-28-avril-2020\/#primaryimage"},"image":{"@id":"https:\/\/leger360.com\/fr\/preoccupation-face-a-la-covid-19-28-avril-2020\/#primaryimage"},"thumbnailUrl":"https:\/\/leger360.com\/wp-content\/uploads\/2024\/02\/shutterstock_1628718775.jpg","datePublished":"2020-04-28T10:00:09+00:00","breadcrumb":{"@id":"https:\/\/leger360.com\/fr\/preoccupation-face-a-la-covid-19-28-avril-2020\/#breadcrumb"},"inLanguage":"fr-CA","potentialAction":[{"@type":"ReadAction","target":["https:\/\/leger360.com\/fr\/preoccupation-face-a-la-covid-19-28-avril-2020\/"]}]},{"@type":"ImageObject","inLanguage":"fr-CA","@id":"https:\/\/leger360.com\/fr\/preoccupation-face-a-la-covid-19-28-avril-2020\/#primaryimage","url":"https:\/\/leger360.com\/wp-content\/uploads\/2024\/02\/shutterstock_1628718775.jpg","contentUrl":"https:\/\/leger360.com\/wp-content\/uploads\/2024\/02\/shutterstock_1628718775.jpg","width":1000,"height":563},{"@type":"BreadcrumbList","@id":"https:\/\/leger360.com\/fr\/preoccupation-face-a-la-covid-19-28-avril-2020\/#breadcrumb","itemListElement":[{"@type":"ListItem","position":1,"name":"Home","item":"https:\/\/leger360.com\/fr\/"},{"@type":"ListItem","position":2,"name":"Pr\u00e9occupation face \u00e0 la COVID-19 &#8211; 28 avril 2020"}]},{"@type":"WebSite","@id":"https:\/\/leger360.com\/fr\/#website","url":"https:\/\/leger360.com\/fr\/","name":"Leger","description":"Market Research | Data Analytics","publisher":{"@id":"https:\/\/leger360.com\/fr\/#organization"},"potentialAction":[{"@type":"SearchAction","target":{"@type":"EntryPoint","urlTemplate":"https:\/\/leger360.com\/fr\/?s={search_term_string}"},"query-input":{"@type":"PropertyValueSpecification","valueRequired":true,"valueName":"search_term_string"}}],"inLanguage":"fr-CA"},{"@type":"Organization","@id":"https:\/\/leger360.com\/fr\/#organization","name":"Leger","url":"https:\/\/leger360.com\/fr\/","logo":{"@type":"ImageObject","inLanguage":"fr-CA","@id":"https:\/\/leger360.com\/fr\/#\/schema\/logo\/image\/","url":"https:\/\/leger360.com\/wp-content\/uploads\/2024\/04\/2022-Logo-Leger-Blackred-g.png","contentUrl":"https:\/\/leger360.com\/wp-content\/uploads\/2024\/04\/2022-Logo-Leger-Blackred-g.png","width":1195,"height":686,"caption":"Leger"},"image":{"@id":"https:\/\/leger360.com\/fr\/#\/schema\/logo\/image\/"},"sameAs":["https:\/\/www.facebook.com\/leger360\/","https:\/\/x.com\/leger360","https:\/\/www.linkedin.com\/company\/leger360\/"],"description":"Leger is one of North America\u2019s fastest-growing market research companies, known for our forward-thinking experts and innovative approaches powered by artificial intelligence (AI) technologies."},{"@type":"Person","@id":"https:\/\/leger360.com\/fr\/#\/schema\/person\/34dfccb7aa46dcd4085221008ca51ac9","name":"Jason Anthony","image":{"@type":"ImageObject","inLanguage":"fr-CA","@id":"https:\/\/secure.gravatar.com\/avatar\/b8d3134f69c631184566a5436407f9384b5e28c50ff3915e13c50c0c730b64f8?s=96&d=mm&r=g","url":"https:\/\/secure.gravatar.com\/avatar\/b8d3134f69c631184566a5436407f9384b5e28c50ff3915e13c50c0c730b64f8?s=96&d=mm&r=g","contentUrl":"https:\/\/secure.gravatar.com\/avatar\/b8d3134f69c631184566a5436407f9384b5e28c50ff3915e13c50c0c730b64f8?s=96&d=mm&r=g","caption":"Jason Anthony"}}]}},"_links":{"self":[{"href":"https:\/\/leger360.com\/fr\/wp-json\/wp\/v2\/posts\/14359","targetHints":{"allow":["GET"]}}],"collection":[{"href":"https:\/\/leger360.com\/fr\/wp-json\/wp\/v2\/posts"}],"about":[{"href":"https:\/\/leger360.com\/fr\/wp-json\/wp\/v2\/types\/post"}],"author":[{"embeddable":true,"href":"https:\/\/leger360.com\/fr\/wp-json\/wp\/v2\/users\/2"}],"replies":[{"embeddable":true,"href":"https:\/\/leger360.com\/fr\/wp-json\/wp\/v2\/comments?post=14359"}],"version-history":[{"count":0,"href":"https:\/\/leger360.com\/fr\/wp-json\/wp\/v2\/posts\/14359\/revisions"}],"wp:featuredmedia":[{"embeddable":true,"href":"https:\/\/leger360.com\/fr\/wp-json\/wp\/v2\/media\/8186"}],"wp:attachment":[{"href":"https:\/\/leger360.com\/fr\/wp-json\/wp\/v2\/media?parent=14359"}],"wp:term":[{"taxonomy":"category","embeddable":true,"href":"https:\/\/leger360.com\/fr\/wp-json\/wp\/v2\/categories?post=14359"},{"taxonomy":"post_tag","embeddable":true,"href":"https:\/\/leger360.com\/fr\/wp-json\/wp\/v2\/tags?post=14359"},{"taxonomy":"post_language_cat","embeddable":true,"href":"https:\/\/leger360.com\/fr\/wp-json\/wp\/v2\/post_language_cat?post=14359"}],"curies":[{"name":"wp","href":"https:\/\/api.w.org\/{rel}","templated":true}]}}