{"id":14373,"date":"2020-05-12T10:00:33","date_gmt":"2020-05-12T10:00:33","guid":{"rendered":"https:\/\/leger360.com\/sondage-hebdomadaire-sur-la-pandemie-de-la-covid-19-12-mai-2020\/"},"modified":"2020-05-12T10:00:33","modified_gmt":"2020-05-12T10:00:33","slug":"sondage-hebdomadaire-sur-la-pandemie-de-la-covid-19-12-mai-2020","status":"publish","type":"post","link":"https:\/\/leger360.com\/fr\/sondage-hebdomadaire-sur-la-pandemie-de-la-covid-19-12-mai-2020\/","title":{"rendered":"Sondage hebdomadaire sur la pand\u00e9mie de la COVID-19 &#8211; 12 mai 2020"},"content":{"rendered":"<h3 aria-level=\"3\"><span data-contrast=\"none\">T\u00c9L\u00c9CHARGEZ LE<\/span><span data-contrast=\"none\">\u00a0<\/span><span data-contrast=\"none\">RAPPORT ET LES R\u00c9SULTATS COMPLETS AU BAS DE L\u2019ARTICLE.<\/span><\/h3>\n<p aria-level=\"3\"><em>L\u00e9ger r\u00e9alise un\u00a0sondage hebdomadaire\u00a0en collaboration avec\u00a0l\u2019Association d\u2019\u00e9tudes canadiennes (AEC) et publi\u00e9 dans\u00a0la\u00a0Presse Canadienne afin\u00a0d\u2019aider les gouvernements, les entreprises et les citoyens \u00e0 mieux\u00a0comprendre\u00a0les attitudes\u00a0et les comportements de la population canadienne\u00a0face \u00e0 la crise\u00a0sanitaire\u00a0et \u00e9conomique actuelle de la COVID-19.\u00a0<a href=\"https:\/\/leger360.com\/fr\/sondages\/infolettre-covid19\/\">Cette s\u00e9rie de sondages est disponible\u00a0pour vous\u00a0sur\u00a0le site web\u00a0de L\u00e9ger<\/a>.\u00a0<\/em><\/p>\n<h3 aria-level=\"3\"><span data-contrast=\"none\">FAITS SAILLANTS<\/span><span data-ccp-props=\"{\"201341983\":0,\"335559738\":40,\"335559739\":0,\"335559740\":259}\">\u00a0(12 MAI 2020)<\/span><\/h3>\n<div>\n<ul class=\"small fancy-list vertical\">\n<li>Malgr\u00e9 que 96% des Canadiens ont indiqu\u00e9 maintenir une distance s\u00e9curitaire lorsqu&rsquo;ils sont en contact avec d&rsquo;autres, 51% rapportent que des personnes ne faisant pas partie de leur famille se sont approch\u00e9es d\u2019eux \u00e0 moins de deux m\u00e8tres.<\/li>\n<li>57% des Canadiens sont stress\u00e9s \u00e0 l\u2019id\u00e9e de sortir de leur demeure. C\u2019est encore plus \u00e9lev\u00e9 du c\u00f4t\u00e9 des Am\u00e9ricains avec un taux de 64%.<\/li>\n<li>Le niveau de satisfaction \u00e0 l\u2019\u00e9gard des gouvernements provinciaux demeure \u00e9lev\u00e9, mais est en baisse.<\/li>\n<li>39% des Canadiens et 55% des Am\u00e9ricains ne respectent pas l\u2019une des consignes sanitaires. Ce taux grimpe de semaine en semaine chez les Canadiens.<\/li>\n<\/ul>\n<\/div>\n<h3><span data-contrast=\"none\">M\u00c9THODOLOGIE DU SONDAGE<\/span><span data-ccp-props=\"{\"201341983\":1,\"335551550\":6,\"335551620\":6,\"335559739\":160,\"335559740\":420}\">\u00a0<\/span><\/h3>\n<p><span data-contrast=\"auto\">Le<\/span><span data-contrast=\"auto\">\u00a0<\/span><b><span data-contrast=\"auto\">sondage web\u00a0<\/span><\/b><span data-contrast=\"auto\">a \u00e9t\u00e9 r\u00e9alis\u00e9 du <strong>8\u00a0au 10 mai\u00a0<\/strong><\/span><strong>2020\u00a0<\/strong><span data-contrast=\"auto\">aupr\u00e8s de\u00a0<\/span><strong>1 526 Canadiens<\/strong>\u00a0et\u00a0<strong>1 004 Am\u00e9ricains<\/strong>, \u00e2g\u00e9(e)s de 18 ou plus, recrut\u00e9s al\u00e9atoirement \u00e0 partir du panel en ligne de LEO.<\/p>\n<p>\u00c0 l\u2019aide des donn\u00e9es du recensement de 2016, les r\u00e9sultats ont \u00e9t\u00e9 pond\u00e9r\u00e9s selon l\u2019\u00e2ge, le sexe, la langue maternelle, la r\u00e9gion, le niveau d\u2019\u00e9ducation et la pr\u00e9sence d\u2019enfants dans le foyer afin de garantir un \u00e9chantillon repr\u00e9sentatif la population.<\/p>\n<p><span data-contrast=\"auto\">\u00c0 titre comparatif, la marge d\u2019erreur maximale pour un \u00e9chantillon de 1 515 r\u00e9pondants est de\u00a0<\/span><b><span data-contrast=\"auto\">\u00b12,51%,\u00a0<\/span><\/b><span data-contrast=\"auto\">et ce, 19 fois sur 20,\u00a0<\/span>alors qu\u2019un \u00e9chantillon probabiliste de 1 000 aurait une marge d\u2019erreur de\u00a0<strong>\u00b13,09%<\/strong>, 19 fois sur 20.<\/p>\n<p><span data-contrast=\"none\">Les r\u00e9sultats pr\u00e9sent\u00e9s dans cette \u00e9tude sont conformes aux standards en mati\u00e8re de<\/span><span data-contrast=\"none\">\u00a0<\/span><span data-contrast=\"none\">recherche sur l\u2019opinion publique et aux exigences de divulgation du CRIC.<\/span><span data-ccp-props=\"{\"201341983\":1,\"335551550\":6,\"335551620\":6,\"335559739\":160,\"335559740\":420}\">\u00a0<\/span><\/p>\n<h3 aria-level=\"3\"><span data-contrast=\"none\">CE<\/span><span data-contrast=\"none\">\u00a0<\/span><span data-contrast=\"none\">RAPPORT CONTIENT LES R\u00c9SULTATS AUX Q<\/span><span data-contrast=\"none\">UESTIONS SUIVANTES. T\u00c9L\u00c9CHARGEZ LE<\/span><span data-contrast=\"none\">\u00a0<\/span><span data-contrast=\"none\">RAPPORT CI-DESSOUS POUR LES R\u00c9SULTATS COMPLETS.<\/span><span data-ccp-props=\"{\"201341983\":0,\"335559738\":40,\"335559739\":0,\"335559740\":259}\">\u00a0<\/span><\/h3>\n<ul>\n<li>Quand vous quittez votre domicile pour sortir en public, \u00e0 quel point est-ce stressant pour vous?<\/li>\n<li>Au cours de la derni\u00e8re semaine, avez-vous fait l&rsquo;une ou l&rsquo;autre des choses suivantes?<\/li>\n<li>Malgr\u00e9 tous les efforts que vous avez pu faire pour respecter les mesures de distanciation sociale, est-ce que des personnes ne faisant pas partie de votre famille se sont approch\u00e9es \u00e0 moins de deux m\u00e8tres de vous au cours de la derni\u00e8re semaine?<\/li>\n<li>Quelle est votre situation d&#8217;emploi actuelle?<\/li>\n<li>Parmi les activit\u00e9s \u00e9conomiques et sociales suivantes, lesquelles devrait-on autoriser \u00e0 rouvrir tr\u00e8s bient\u00f4t sous r\u00e9serve de maintenir les mesures de distanciation sociale et les r\u00e8gles sanitaires recommand\u00e9es par la sant\u00e9 publique, et lesquelles devrait-on garder ferm\u00e9es jusqu&rsquo;au mois prochain ou apr\u00e8s?<\/li>\n<\/ul>\n","protected":false},"excerpt":{"rendered":"<p>T\u00c9L\u00c9CHARGEZ LE\u00a0RAPPORT ET LES R\u00c9SULTATS COMPLETS AU BAS DE L\u2019ARTICLE. L\u00e9ger r\u00e9alise un\u00a0sondage hebdomadaire\u00a0en collaboration avec\u00a0l\u2019Association d\u2019\u00e9tudes canadiennes (AEC) et publi\u00e9 dans\u00a0la\u00a0Presse Canadienne afin\u00a0d\u2019aider les gouvernements, les entreprises et les citoyens \u00e0 mieux\u00a0comprendre\u00a0les attitudes\u00a0et les comportements de la population canadienne\u00a0face \u00e0 la crise\u00a0sanitaire\u00a0et \u00e9conomique actuelle de la COVID-19.\u00a0Cette s\u00e9rie de sondages est disponible\u00a0pour vous\u00a0sur\u00a0le site [&hellip;]<\/p>\n","protected":false},"author":2,"featured_media":8226,"comment_status":"closed","ping_status":"closed","sticky":false,"template":"","format":"standard","meta":{"_acf_changed":false,"_et_pb_use_builder":"","_et_pb_old_content":"","_et_gb_content_width":"","content-type":"","inline_featured_image":false,"footnotes":""},"categories":[876],"tags":[],"post_language_cat":[39],"class_list":["post-14373","post","type-post","status-publish","format-standard","has-post-thumbnail","hentry","category-expertise-de-marche","post_language_cat-fr-market-intelligence"],"acf":[],"yoast_head":"<!-- This site is optimized with the Yoast SEO Premium plugin v27.5 (Yoast SEO v27.5) - https:\/\/yoast.com\/product\/yoast-seo-premium-wordpress\/ -->\n<title>Sondage hebdomadaire sur la pand\u00e9mie de la COVID-19 - 12 mai 2020 - Leger<\/title>\n<meta name=\"robots\" content=\"index, follow, max-snippet:-1, max-image-preview:large, max-video-preview:-1\" \/>\n<link rel=\"canonical\" href=\"https:\/\/leger360.com\/fr\/sondage-hebdomadaire-sur-la-pandemie-de-la-covid-19-12-mai-2020\/\" \/>\n<meta property=\"og:locale\" content=\"fr_CA\" \/>\n<meta property=\"og:type\" content=\"article\" \/>\n<meta property=\"og:title\" content=\"Sondage hebdomadaire sur la pand\u00e9mie de la COVID-19 - 12 mai 2020\" \/>\n<meta property=\"og:description\" content=\"T\u00c9L\u00c9CHARGEZ LE\u00a0RAPPORT ET LES R\u00c9SULTATS COMPLETS AU BAS DE L\u2019ARTICLE. L\u00e9ger r\u00e9alise un\u00a0sondage hebdomadaire\u00a0en collaboration avec\u00a0l\u2019Association d\u2019\u00e9tudes canadiennes (AEC) et publi\u00e9 dans\u00a0la\u00a0Presse Canadienne afin\u00a0d\u2019aider les gouvernements, les entreprises et les citoyens \u00e0 mieux\u00a0comprendre\u00a0les attitudes\u00a0et les comportements de la population canadienne\u00a0face \u00e0 la crise\u00a0sanitaire\u00a0et \u00e9conomique actuelle de la COVID-19.\u00a0Cette s\u00e9rie de sondages est disponible\u00a0pour vous\u00a0sur\u00a0le site [&hellip;]\" \/>\n<meta property=\"og:url\" content=\"https:\/\/leger360.com\/fr\/sondage-hebdomadaire-sur-la-pandemie-de-la-covid-19-12-mai-2020\/\" \/>\n<meta property=\"og:site_name\" content=\"Leger\" \/>\n<meta property=\"article:publisher\" content=\"https:\/\/www.facebook.com\/leger360\/\" \/>\n<meta property=\"article:published_time\" content=\"2020-05-12T10:00:33+00:00\" \/>\n<meta property=\"og:image\" content=\"https:\/\/leger360.com\/wp-content\/uploads\/2024\/02\/shutterstock_1637840734.jpg\" \/>\n\t<meta property=\"og:image:width\" content=\"1000\" \/>\n\t<meta property=\"og:image:height\" content=\"667\" \/>\n\t<meta property=\"og:image:type\" content=\"image\/jpeg\" \/>\n<meta name=\"author\" content=\"Jason Anthony\" \/>\n<meta name=\"twitter:card\" content=\"summary_large_image\" \/>\n<meta name=\"twitter:creator\" content=\"@leger360\" \/>\n<meta name=\"twitter:site\" content=\"@leger360\" \/>\n<meta name=\"twitter:label1\" content=\"\u00c9crit par\" \/>\n\t<meta name=\"twitter:data1\" content=\"Jason Anthony\" \/>\n\t<meta name=\"twitter:label2\" content=\"Estimation du temps de lecture\" \/>\n\t<meta name=\"twitter:data2\" content=\"2 minutes\" \/>\n<script type=\"application\/ld+json\" class=\"yoast-schema-graph\">{\"@context\":\"https:\\\/\\\/schema.org\",\"@graph\":[{\"@type\":\"Article\",\"@id\":\"https:\\\/\\\/leger360.com\\\/fr\\\/sondage-hebdomadaire-sur-la-pandemie-de-la-covid-19-12-mai-2020\\\/#article\",\"isPartOf\":{\"@id\":\"https:\\\/\\\/leger360.com\\\/fr\\\/sondage-hebdomadaire-sur-la-pandemie-de-la-covid-19-12-mai-2020\\\/\"},\"author\":{\"name\":\"Jason Anthony\",\"@id\":\"https:\\\/\\\/leger360.com\\\/fr\\\/#\\\/schema\\\/person\\\/34dfccb7aa46dcd4085221008ca51ac9\"},\"headline\":\"Sondage hebdomadaire sur la pand\u00e9mie de la COVID-19 &#8211; 12 mai 2020\",\"datePublished\":\"2020-05-12T10:00:33+00:00\",\"mainEntityOfPage\":{\"@id\":\"https:\\\/\\\/leger360.com\\\/fr\\\/sondage-hebdomadaire-sur-la-pandemie-de-la-covid-19-12-mai-2020\\\/\"},\"wordCount\":510,\"publisher\":{\"@id\":\"https:\\\/\\\/leger360.com\\\/fr\\\/#organization\"},\"image\":{\"@id\":\"https:\\\/\\\/leger360.com\\\/fr\\\/sondage-hebdomadaire-sur-la-pandemie-de-la-covid-19-12-mai-2020\\\/#primaryimage\"},\"thumbnailUrl\":\"https:\\\/\\\/leger360.com\\\/wp-content\\\/uploads\\\/2024\\\/02\\\/shutterstock_1637840734.jpg\",\"articleSection\":[\"Expertise de march\u00e9\"],\"inLanguage\":\"fr-CA\"},{\"@type\":\"WebPage\",\"@id\":\"https:\\\/\\\/leger360.com\\\/fr\\\/sondage-hebdomadaire-sur-la-pandemie-de-la-covid-19-12-mai-2020\\\/\",\"url\":\"https:\\\/\\\/leger360.com\\\/fr\\\/sondage-hebdomadaire-sur-la-pandemie-de-la-covid-19-12-mai-2020\\\/\",\"name\":\"Sondage hebdomadaire sur la pand\u00e9mie de la COVID-19 - 12 mai 2020 - Leger\",\"isPartOf\":{\"@id\":\"https:\\\/\\\/leger360.com\\\/fr\\\/#website\"},\"primaryImageOfPage\":{\"@id\":\"https:\\\/\\\/leger360.com\\\/fr\\\/sondage-hebdomadaire-sur-la-pandemie-de-la-covid-19-12-mai-2020\\\/#primaryimage\"},\"image\":{\"@id\":\"https:\\\/\\\/leger360.com\\\/fr\\\/sondage-hebdomadaire-sur-la-pandemie-de-la-covid-19-12-mai-2020\\\/#primaryimage\"},\"thumbnailUrl\":\"https:\\\/\\\/leger360.com\\\/wp-content\\\/uploads\\\/2024\\\/02\\\/shutterstock_1637840734.jpg\",\"datePublished\":\"2020-05-12T10:00:33+00:00\",\"breadcrumb\":{\"@id\":\"https:\\\/\\\/leger360.com\\\/fr\\\/sondage-hebdomadaire-sur-la-pandemie-de-la-covid-19-12-mai-2020\\\/#breadcrumb\"},\"inLanguage\":\"fr-CA\",\"potentialAction\":[{\"@type\":\"ReadAction\",\"target\":[\"https:\\\/\\\/leger360.com\\\/fr\\\/sondage-hebdomadaire-sur-la-pandemie-de-la-covid-19-12-mai-2020\\\/\"]}]},{\"@type\":\"ImageObject\",\"inLanguage\":\"fr-CA\",\"@id\":\"https:\\\/\\\/leger360.com\\\/fr\\\/sondage-hebdomadaire-sur-la-pandemie-de-la-covid-19-12-mai-2020\\\/#primaryimage\",\"url\":\"https:\\\/\\\/leger360.com\\\/wp-content\\\/uploads\\\/2024\\\/02\\\/shutterstock_1637840734.jpg\",\"contentUrl\":\"https:\\\/\\\/leger360.com\\\/wp-content\\\/uploads\\\/2024\\\/02\\\/shutterstock_1637840734.jpg\",\"width\":1000,\"height\":667},{\"@type\":\"BreadcrumbList\",\"@id\":\"https:\\\/\\\/leger360.com\\\/fr\\\/sondage-hebdomadaire-sur-la-pandemie-de-la-covid-19-12-mai-2020\\\/#breadcrumb\",\"itemListElement\":[{\"@type\":\"ListItem\",\"position\":1,\"name\":\"Home\",\"item\":\"https:\\\/\\\/leger360.com\\\/fr\\\/\"},{\"@type\":\"ListItem\",\"position\":2,\"name\":\"Sondage hebdomadaire sur la pand\u00e9mie de la COVID-19 &#8211; 12 mai 2020\"}]},{\"@type\":\"WebSite\",\"@id\":\"https:\\\/\\\/leger360.com\\\/fr\\\/#website\",\"url\":\"https:\\\/\\\/leger360.com\\\/fr\\\/\",\"name\":\"Leger\",\"description\":\"Market Research | Data Analytics\",\"publisher\":{\"@id\":\"https:\\\/\\\/leger360.com\\\/fr\\\/#organization\"},\"potentialAction\":[{\"@type\":\"SearchAction\",\"target\":{\"@type\":\"EntryPoint\",\"urlTemplate\":\"https:\\\/\\\/leger360.com\\\/fr\\\/?s={search_term_string}\"},\"query-input\":{\"@type\":\"PropertyValueSpecification\",\"valueRequired\":true,\"valueName\":\"search_term_string\"}}],\"inLanguage\":\"fr-CA\"},{\"@type\":\"Organization\",\"@id\":\"https:\\\/\\\/leger360.com\\\/fr\\\/#organization\",\"name\":\"Leger\",\"url\":\"https:\\\/\\\/leger360.com\\\/fr\\\/\",\"logo\":{\"@type\":\"ImageObject\",\"inLanguage\":\"fr-CA\",\"@id\":\"https:\\\/\\\/leger360.com\\\/fr\\\/#\\\/schema\\\/logo\\\/image\\\/\",\"url\":\"https:\\\/\\\/leger360.com\\\/wp-content\\\/uploads\\\/2024\\\/04\\\/2022-Logo-Leger-Blackred-g.png\",\"contentUrl\":\"https:\\\/\\\/leger360.com\\\/wp-content\\\/uploads\\\/2024\\\/04\\\/2022-Logo-Leger-Blackred-g.png\",\"width\":1195,\"height\":686,\"caption\":\"Leger\"},\"image\":{\"@id\":\"https:\\\/\\\/leger360.com\\\/fr\\\/#\\\/schema\\\/logo\\\/image\\\/\"},\"sameAs\":[\"https:\\\/\\\/www.facebook.com\\\/leger360\\\/\",\"https:\\\/\\\/x.com\\\/leger360\",\"https:\\\/\\\/www.linkedin.com\\\/company\\\/leger360\\\/\"],\"description\":\"Leger is one of North America\u2019s fastest-growing market research companies, known for our forward-thinking experts and innovative approaches powered by artificial intelligence (AI) technologies.\"},{\"@type\":\"Person\",\"@id\":\"https:\\\/\\\/leger360.com\\\/fr\\\/#\\\/schema\\\/person\\\/34dfccb7aa46dcd4085221008ca51ac9\",\"name\":\"Jason Anthony\",\"image\":{\"@type\":\"ImageObject\",\"inLanguage\":\"fr-CA\",\"@id\":\"https:\\\/\\\/secure.gravatar.com\\\/avatar\\\/b8d3134f69c631184566a5436407f9384b5e28c50ff3915e13c50c0c730b64f8?s=96&d=mm&r=g\",\"url\":\"https:\\\/\\\/secure.gravatar.com\\\/avatar\\\/b8d3134f69c631184566a5436407f9384b5e28c50ff3915e13c50c0c730b64f8?s=96&d=mm&r=g\",\"contentUrl\":\"https:\\\/\\\/secure.gravatar.com\\\/avatar\\\/b8d3134f69c631184566a5436407f9384b5e28c50ff3915e13c50c0c730b64f8?s=96&d=mm&r=g\",\"caption\":\"Jason Anthony\"}}]}<\/script>\n<!-- \/ Yoast SEO Premium plugin. -->","yoast_head_json":{"title":"Sondage hebdomadaire sur la pand\u00e9mie de la COVID-19 - 12 mai 2020 - Leger","robots":{"index":"index","follow":"follow","max-snippet":"max-snippet:-1","max-image-preview":"max-image-preview:large","max-video-preview":"max-video-preview:-1"},"canonical":"https:\/\/leger360.com\/fr\/sondage-hebdomadaire-sur-la-pandemie-de-la-covid-19-12-mai-2020\/","og_locale":"fr_CA","og_type":"article","og_title":"Sondage hebdomadaire sur la pand\u00e9mie de la COVID-19 - 12 mai 2020","og_description":"T\u00c9L\u00c9CHARGEZ LE\u00a0RAPPORT ET LES R\u00c9SULTATS COMPLETS AU BAS DE L\u2019ARTICLE. L\u00e9ger r\u00e9alise un\u00a0sondage hebdomadaire\u00a0en collaboration avec\u00a0l\u2019Association d\u2019\u00e9tudes canadiennes (AEC) et publi\u00e9 dans\u00a0la\u00a0Presse Canadienne afin\u00a0d\u2019aider les gouvernements, les entreprises et les citoyens \u00e0 mieux\u00a0comprendre\u00a0les attitudes\u00a0et les comportements de la population canadienne\u00a0face \u00e0 la crise\u00a0sanitaire\u00a0et \u00e9conomique actuelle de la COVID-19.\u00a0Cette s\u00e9rie de sondages est disponible\u00a0pour vous\u00a0sur\u00a0le site [&hellip;]","og_url":"https:\/\/leger360.com\/fr\/sondage-hebdomadaire-sur-la-pandemie-de-la-covid-19-12-mai-2020\/","og_site_name":"Leger","article_publisher":"https:\/\/www.facebook.com\/leger360\/","article_published_time":"2020-05-12T10:00:33+00:00","og_image":[{"width":1000,"height":667,"url":"https:\/\/leger360.com\/wp-content\/uploads\/2024\/02\/shutterstock_1637840734.jpg","type":"image\/jpeg"}],"author":"Jason Anthony","twitter_card":"summary_large_image","twitter_creator":"@leger360","twitter_site":"@leger360","twitter_misc":{"\u00c9crit par":"Jason Anthony","Estimation du temps de lecture":"2 minutes"},"schema":{"@context":"https:\/\/schema.org","@graph":[{"@type":"Article","@id":"https:\/\/leger360.com\/fr\/sondage-hebdomadaire-sur-la-pandemie-de-la-covid-19-12-mai-2020\/#article","isPartOf":{"@id":"https:\/\/leger360.com\/fr\/sondage-hebdomadaire-sur-la-pandemie-de-la-covid-19-12-mai-2020\/"},"author":{"name":"Jason Anthony","@id":"https:\/\/leger360.com\/fr\/#\/schema\/person\/34dfccb7aa46dcd4085221008ca51ac9"},"headline":"Sondage hebdomadaire sur la pand\u00e9mie de la COVID-19 &#8211; 12 mai 2020","datePublished":"2020-05-12T10:00:33+00:00","mainEntityOfPage":{"@id":"https:\/\/leger360.com\/fr\/sondage-hebdomadaire-sur-la-pandemie-de-la-covid-19-12-mai-2020\/"},"wordCount":510,"publisher":{"@id":"https:\/\/leger360.com\/fr\/#organization"},"image":{"@id":"https:\/\/leger360.com\/fr\/sondage-hebdomadaire-sur-la-pandemie-de-la-covid-19-12-mai-2020\/#primaryimage"},"thumbnailUrl":"https:\/\/leger360.com\/wp-content\/uploads\/2024\/02\/shutterstock_1637840734.jpg","articleSection":["Expertise de march\u00e9"],"inLanguage":"fr-CA"},{"@type":"WebPage","@id":"https:\/\/leger360.com\/fr\/sondage-hebdomadaire-sur-la-pandemie-de-la-covid-19-12-mai-2020\/","url":"https:\/\/leger360.com\/fr\/sondage-hebdomadaire-sur-la-pandemie-de-la-covid-19-12-mai-2020\/","name":"Sondage hebdomadaire sur la pand\u00e9mie de la COVID-19 - 12 mai 2020 - Leger","isPartOf":{"@id":"https:\/\/leger360.com\/fr\/#website"},"primaryImageOfPage":{"@id":"https:\/\/leger360.com\/fr\/sondage-hebdomadaire-sur-la-pandemie-de-la-covid-19-12-mai-2020\/#primaryimage"},"image":{"@id":"https:\/\/leger360.com\/fr\/sondage-hebdomadaire-sur-la-pandemie-de-la-covid-19-12-mai-2020\/#primaryimage"},"thumbnailUrl":"https:\/\/leger360.com\/wp-content\/uploads\/2024\/02\/shutterstock_1637840734.jpg","datePublished":"2020-05-12T10:00:33+00:00","breadcrumb":{"@id":"https:\/\/leger360.com\/fr\/sondage-hebdomadaire-sur-la-pandemie-de-la-covid-19-12-mai-2020\/#breadcrumb"},"inLanguage":"fr-CA","potentialAction":[{"@type":"ReadAction","target":["https:\/\/leger360.com\/fr\/sondage-hebdomadaire-sur-la-pandemie-de-la-covid-19-12-mai-2020\/"]}]},{"@type":"ImageObject","inLanguage":"fr-CA","@id":"https:\/\/leger360.com\/fr\/sondage-hebdomadaire-sur-la-pandemie-de-la-covid-19-12-mai-2020\/#primaryimage","url":"https:\/\/leger360.com\/wp-content\/uploads\/2024\/02\/shutterstock_1637840734.jpg","contentUrl":"https:\/\/leger360.com\/wp-content\/uploads\/2024\/02\/shutterstock_1637840734.jpg","width":1000,"height":667},{"@type":"BreadcrumbList","@id":"https:\/\/leger360.com\/fr\/sondage-hebdomadaire-sur-la-pandemie-de-la-covid-19-12-mai-2020\/#breadcrumb","itemListElement":[{"@type":"ListItem","position":1,"name":"Home","item":"https:\/\/leger360.com\/fr\/"},{"@type":"ListItem","position":2,"name":"Sondage hebdomadaire sur la pand\u00e9mie de la COVID-19 &#8211; 12 mai 2020"}]},{"@type":"WebSite","@id":"https:\/\/leger360.com\/fr\/#website","url":"https:\/\/leger360.com\/fr\/","name":"Leger","description":"Market Research | Data Analytics","publisher":{"@id":"https:\/\/leger360.com\/fr\/#organization"},"potentialAction":[{"@type":"SearchAction","target":{"@type":"EntryPoint","urlTemplate":"https:\/\/leger360.com\/fr\/?s={search_term_string}"},"query-input":{"@type":"PropertyValueSpecification","valueRequired":true,"valueName":"search_term_string"}}],"inLanguage":"fr-CA"},{"@type":"Organization","@id":"https:\/\/leger360.com\/fr\/#organization","name":"Leger","url":"https:\/\/leger360.com\/fr\/","logo":{"@type":"ImageObject","inLanguage":"fr-CA","@id":"https:\/\/leger360.com\/fr\/#\/schema\/logo\/image\/","url":"https:\/\/leger360.com\/wp-content\/uploads\/2024\/04\/2022-Logo-Leger-Blackred-g.png","contentUrl":"https:\/\/leger360.com\/wp-content\/uploads\/2024\/04\/2022-Logo-Leger-Blackred-g.png","width":1195,"height":686,"caption":"Leger"},"image":{"@id":"https:\/\/leger360.com\/fr\/#\/schema\/logo\/image\/"},"sameAs":["https:\/\/www.facebook.com\/leger360\/","https:\/\/x.com\/leger360","https:\/\/www.linkedin.com\/company\/leger360\/"],"description":"Leger is one of North America\u2019s fastest-growing market research companies, known for our forward-thinking experts and innovative approaches powered by artificial intelligence (AI) technologies."},{"@type":"Person","@id":"https:\/\/leger360.com\/fr\/#\/schema\/person\/34dfccb7aa46dcd4085221008ca51ac9","name":"Jason Anthony","image":{"@type":"ImageObject","inLanguage":"fr-CA","@id":"https:\/\/secure.gravatar.com\/avatar\/b8d3134f69c631184566a5436407f9384b5e28c50ff3915e13c50c0c730b64f8?s=96&d=mm&r=g","url":"https:\/\/secure.gravatar.com\/avatar\/b8d3134f69c631184566a5436407f9384b5e28c50ff3915e13c50c0c730b64f8?s=96&d=mm&r=g","contentUrl":"https:\/\/secure.gravatar.com\/avatar\/b8d3134f69c631184566a5436407f9384b5e28c50ff3915e13c50c0c730b64f8?s=96&d=mm&r=g","caption":"Jason Anthony"}}]}},"_links":{"self":[{"href":"https:\/\/leger360.com\/fr\/wp-json\/wp\/v2\/posts\/14373","targetHints":{"allow":["GET"]}}],"collection":[{"href":"https:\/\/leger360.com\/fr\/wp-json\/wp\/v2\/posts"}],"about":[{"href":"https:\/\/leger360.com\/fr\/wp-json\/wp\/v2\/types\/post"}],"author":[{"embeddable":true,"href":"https:\/\/leger360.com\/fr\/wp-json\/wp\/v2\/users\/2"}],"replies":[{"embeddable":true,"href":"https:\/\/leger360.com\/fr\/wp-json\/wp\/v2\/comments?post=14373"}],"version-history":[{"count":0,"href":"https:\/\/leger360.com\/fr\/wp-json\/wp\/v2\/posts\/14373\/revisions"}],"wp:featuredmedia":[{"embeddable":true,"href":"https:\/\/leger360.com\/fr\/wp-json\/wp\/v2\/media\/8226"}],"wp:attachment":[{"href":"https:\/\/leger360.com\/fr\/wp-json\/wp\/v2\/media?parent=14373"}],"wp:term":[{"taxonomy":"category","embeddable":true,"href":"https:\/\/leger360.com\/fr\/wp-json\/wp\/v2\/categories?post=14373"},{"taxonomy":"post_tag","embeddable":true,"href":"https:\/\/leger360.com\/fr\/wp-json\/wp\/v2\/tags?post=14373"},{"taxonomy":"post_language_cat","embeddable":true,"href":"https:\/\/leger360.com\/fr\/wp-json\/wp\/v2\/post_language_cat?post=14373"}],"curies":[{"name":"wp","href":"https:\/\/api.w.org\/{rel}","templated":true}]}}