{"id":14485,"date":"2020-06-25T13:00:06","date_gmt":"2020-06-25T13:00:06","guid":{"rendered":"https:\/\/leger360.com\/perception-sur-les-metiers-essentiels-en-contexte-de-pandemie\/"},"modified":"2020-06-25T13:00:06","modified_gmt":"2020-06-25T13:00:06","slug":"perception-sur-les-metiers-essentiels-en-contexte-de-pandemie","status":"publish","type":"post","link":"https:\/\/leger360.com\/fr\/perception-sur-les-metiers-essentiels-en-contexte-de-pandemie\/","title":{"rendered":"Perception sur les m\u00e9tiers essentiels en contexte de pand\u00e9mie"},"content":{"rendered":"<h3>M\u00e9thodologie<\/h3>\n<ul class=\"small fancy-list vertical\">\n<li>Sondage Web, \u00e0 l\u2019aide de la technologie d\u2019interview Web assist\u00e9e par ordinateur (CAWI).<\/li>\n<li>R\u00e9alis\u00e9 du 19 au 21 juin 2020 aupr\u00e8s de 1 002 Qu\u00e9b\u00e9cois, \u00e2g\u00e9(e)s de 18 ou plus et ayant le droit de vote au Qu\u00e9bec, recrut\u00e9s al\u00e9atoirement \u00e0 partir du panel en ligne de LEO.<\/li>\n<li>\u00c0 l\u2019aide des donn\u00e9es du recensement de 2016, les r\u00e9sultats ont \u00e9t\u00e9 pond\u00e9r\u00e9s selon l\u2019\u00e2ge, le sexe, la langue \u00a0 maternelle, la r\u00e9gion et le niveau de scolarit\u00e9 afin de garantir un \u00e9chantillon repr\u00e9sentatif la population.<\/li>\n<li>Aux fins de comparaison, un \u00e9chantillon probabiliste de 1 002 r\u00e9pondants aurait une marge d\u2019erreur de \u00b1 3,1% et ce, 19 fois sur 20.<\/li>\n<li>Les r\u00e9sultats pr\u00e9sent\u00e9s dans cette \u00e9tude sont conformes aux standards en mati\u00e8re de recherche sur l\u2019opinion publique et aux exigences de divulgation du CRIC.<\/li>\n<\/ul>\n<h3>CE RAPPORT CONTIENT LES R\u00c9SULTATS AUX QUESTIONS SUIVANTES ET PLUS ENCORE. T\u00c9L\u00c9CHARGEZ LE RAPPORT CI-DESSOUS POUR LES R\u00c9SULTATS COMPLETS.<\/h3>\n<ul class=\"small fancy-list vertical\">\n<li>En contexte de pand\u00e9mie, quel(s) m\u00e9tier(s) jugez-vous les PLUS ESSENTIELS pour aider le Qu\u00e9bec \u00e0 sortir de la crise de la sant\u00e9 et de l\u2019\u00e9conomie et revenir \u00e0 une vie plus normale?<\/li>\n<li>\u00c0 l\u2019inverse, quel(s) m\u00e9tier(s) jugez-vous les MOINS ESSENTIELS pour aider le Qu\u00e9bec \u00e0 sortir de la crise de la sant\u00e9 ainsi et de l\u2019\u00e9conomie et revenir \u00e0 une vie plus normale?<\/li>\n<\/ul>\n","protected":false},"excerpt":{"rendered":"<p>M\u00e9thodologie Sondage Web, \u00e0 l\u2019aide de la technologie d\u2019interview Web assist\u00e9e par ordinateur (CAWI). R\u00e9alis\u00e9 du 19 au 21 juin 2020 aupr\u00e8s de 1 002 Qu\u00e9b\u00e9cois, \u00e2g\u00e9(e)s de 18 ou plus et ayant le droit de vote au Qu\u00e9bec, recrut\u00e9s al\u00e9atoirement \u00e0 partir du panel en ligne de LEO. \u00c0 l\u2019aide des donn\u00e9es du recensement [&hellip;]<\/p>\n","protected":false},"author":2,"featured_media":14489,"comment_status":"closed","ping_status":"closed","sticky":false,"template":"","format":"standard","meta":{"_acf_changed":false,"_et_pb_use_builder":"","_et_pb_old_content":"","_et_gb_content_width":"","content-type":"","inline_featured_image":false,"footnotes":""},"categories":[35],"tags":[],"post_language_cat":[42],"class_list":["post-14485","post","type-post","status-publish","format-standard","has-post-thumbnail","hentry","category-in-the-news","post_language_cat-fr-in-the-news"],"acf":[],"yoast_head":"<!-- This site is optimized with the Yoast SEO Premium plugin v27.5 (Yoast SEO v27.5) - https:\/\/yoast.com\/product\/yoast-seo-premium-wordpress\/ -->\n<title>Perception sur les m\u00e9tiers essentiels en contexte de pand\u00e9mie - Leger<\/title>\n<meta name=\"robots\" content=\"index, follow, max-snippet:-1, max-image-preview:large, max-video-preview:-1\" \/>\n<link rel=\"canonical\" href=\"https:\/\/leger360.com\/fr\/perception-sur-les-metiers-essentiels-en-contexte-de-pandemie\/\" \/>\n<meta property=\"og:locale\" content=\"fr_CA\" \/>\n<meta property=\"og:type\" content=\"article\" \/>\n<meta property=\"og:title\" content=\"Perception sur les m\u00e9tiers essentiels en contexte de pand\u00e9mie\" \/>\n<meta property=\"og:description\" content=\"M\u00e9thodologie Sondage Web, \u00e0 l\u2019aide de la technologie d\u2019interview Web assist\u00e9e par ordinateur (CAWI). R\u00e9alis\u00e9 du 19 au 21 juin 2020 aupr\u00e8s de 1 002 Qu\u00e9b\u00e9cois, \u00e2g\u00e9(e)s de 18 ou plus et ayant le droit de vote au Qu\u00e9bec, recrut\u00e9s al\u00e9atoirement \u00e0 partir du panel en ligne de LEO. \u00c0 l\u2019aide des donn\u00e9es du recensement [&hellip;]\" \/>\n<meta property=\"og:url\" content=\"https:\/\/leger360.com\/fr\/perception-sur-les-metiers-essentiels-en-contexte-de-pandemie\/\" \/>\n<meta property=\"og:site_name\" content=\"Leger\" \/>\n<meta property=\"article:publisher\" content=\"https:\/\/www.facebook.com\/leger360\/\" \/>\n<meta property=\"article:published_time\" content=\"2020-06-25T13:00:06+00:00\" \/>\n<meta property=\"og:image\" content=\"https:\/\/leger360.com\/wp-content\/uploads\/2024\/02\/shutterstock_314748230.jpg\" \/>\n\t<meta property=\"og:image:width\" content=\"1000\" \/>\n\t<meta property=\"og:image:height\" content=\"662\" \/>\n\t<meta property=\"og:image:type\" content=\"image\/jpeg\" \/>\n<meta name=\"author\" content=\"Jason Anthony\" \/>\n<meta name=\"twitter:card\" content=\"summary_large_image\" \/>\n<meta name=\"twitter:creator\" content=\"@leger360\" \/>\n<meta name=\"twitter:site\" content=\"@leger360\" \/>\n<meta name=\"twitter:label1\" content=\"\u00c9crit par\" \/>\n\t<meta name=\"twitter:data1\" content=\"Jason Anthony\" \/>\n\t<meta name=\"twitter:label2\" content=\"Estimation du temps de lecture\" \/>\n\t<meta name=\"twitter:data2\" content=\"1 minute\" \/>\n<script type=\"application\/ld+json\" class=\"yoast-schema-graph\">{\"@context\":\"https:\\\/\\\/schema.org\",\"@graph\":[{\"@type\":\"Article\",\"@id\":\"https:\\\/\\\/leger360.com\\\/fr\\\/perception-sur-les-metiers-essentiels-en-contexte-de-pandemie\\\/#article\",\"isPartOf\":{\"@id\":\"https:\\\/\\\/leger360.com\\\/fr\\\/perception-sur-les-metiers-essentiels-en-contexte-de-pandemie\\\/\"},\"author\":{\"name\":\"Jason Anthony\",\"@id\":\"https:\\\/\\\/leger360.com\\\/fr\\\/#\\\/schema\\\/person\\\/34dfccb7aa46dcd4085221008ca51ac9\"},\"headline\":\"Perception sur les m\u00e9tiers essentiels en contexte de pand\u00e9mie\",\"datePublished\":\"2020-06-25T13:00:06+00:00\",\"mainEntityOfPage\":{\"@id\":\"https:\\\/\\\/leger360.com\\\/fr\\\/perception-sur-les-metiers-essentiels-en-contexte-de-pandemie\\\/\"},\"wordCount\":248,\"publisher\":{\"@id\":\"https:\\\/\\\/leger360.com\\\/fr\\\/#organization\"},\"image\":{\"@id\":\"https:\\\/\\\/leger360.com\\\/fr\\\/perception-sur-les-metiers-essentiels-en-contexte-de-pandemie\\\/#primaryimage\"},\"thumbnailUrl\":\"https:\\\/\\\/leger360.com\\\/wp-content\\\/uploads\\\/2024\\\/02\\\/shutterstock_314748230.jpg\",\"articleSection\":[\"In the news\"],\"inLanguage\":\"fr-CA\"},{\"@type\":\"WebPage\",\"@id\":\"https:\\\/\\\/leger360.com\\\/fr\\\/perception-sur-les-metiers-essentiels-en-contexte-de-pandemie\\\/\",\"url\":\"https:\\\/\\\/leger360.com\\\/fr\\\/perception-sur-les-metiers-essentiels-en-contexte-de-pandemie\\\/\",\"name\":\"Perception sur les m\u00e9tiers essentiels en contexte de pand\u00e9mie - Leger\",\"isPartOf\":{\"@id\":\"https:\\\/\\\/leger360.com\\\/fr\\\/#website\"},\"primaryImageOfPage\":{\"@id\":\"https:\\\/\\\/leger360.com\\\/fr\\\/perception-sur-les-metiers-essentiels-en-contexte-de-pandemie\\\/#primaryimage\"},\"image\":{\"@id\":\"https:\\\/\\\/leger360.com\\\/fr\\\/perception-sur-les-metiers-essentiels-en-contexte-de-pandemie\\\/#primaryimage\"},\"thumbnailUrl\":\"https:\\\/\\\/leger360.com\\\/wp-content\\\/uploads\\\/2024\\\/02\\\/shutterstock_314748230.jpg\",\"datePublished\":\"2020-06-25T13:00:06+00:00\",\"breadcrumb\":{\"@id\":\"https:\\\/\\\/leger360.com\\\/fr\\\/perception-sur-les-metiers-essentiels-en-contexte-de-pandemie\\\/#breadcrumb\"},\"inLanguage\":\"fr-CA\",\"potentialAction\":[{\"@type\":\"ReadAction\",\"target\":[\"https:\\\/\\\/leger360.com\\\/fr\\\/perception-sur-les-metiers-essentiels-en-contexte-de-pandemie\\\/\"]}]},{\"@type\":\"ImageObject\",\"inLanguage\":\"fr-CA\",\"@id\":\"https:\\\/\\\/leger360.com\\\/fr\\\/perception-sur-les-metiers-essentiels-en-contexte-de-pandemie\\\/#primaryimage\",\"url\":\"https:\\\/\\\/leger360.com\\\/wp-content\\\/uploads\\\/2024\\\/02\\\/shutterstock_314748230.jpg\",\"contentUrl\":\"https:\\\/\\\/leger360.com\\\/wp-content\\\/uploads\\\/2024\\\/02\\\/shutterstock_314748230.jpg\",\"width\":1000,\"height\":662},{\"@type\":\"BreadcrumbList\",\"@id\":\"https:\\\/\\\/leger360.com\\\/fr\\\/perception-sur-les-metiers-essentiels-en-contexte-de-pandemie\\\/#breadcrumb\",\"itemListElement\":[{\"@type\":\"ListItem\",\"position\":1,\"name\":\"Home\",\"item\":\"https:\\\/\\\/leger360.com\\\/fr\\\/\"},{\"@type\":\"ListItem\",\"position\":2,\"name\":\"Perception sur les m\u00e9tiers essentiels en contexte de pand\u00e9mie\"}]},{\"@type\":\"WebSite\",\"@id\":\"https:\\\/\\\/leger360.com\\\/fr\\\/#website\",\"url\":\"https:\\\/\\\/leger360.com\\\/fr\\\/\",\"name\":\"Leger\",\"description\":\"Market Research | Data Analytics\",\"publisher\":{\"@id\":\"https:\\\/\\\/leger360.com\\\/fr\\\/#organization\"},\"potentialAction\":[{\"@type\":\"SearchAction\",\"target\":{\"@type\":\"EntryPoint\",\"urlTemplate\":\"https:\\\/\\\/leger360.com\\\/fr\\\/?s={search_term_string}\"},\"query-input\":{\"@type\":\"PropertyValueSpecification\",\"valueRequired\":true,\"valueName\":\"search_term_string\"}}],\"inLanguage\":\"fr-CA\"},{\"@type\":\"Organization\",\"@id\":\"https:\\\/\\\/leger360.com\\\/fr\\\/#organization\",\"name\":\"Leger\",\"url\":\"https:\\\/\\\/leger360.com\\\/fr\\\/\",\"logo\":{\"@type\":\"ImageObject\",\"inLanguage\":\"fr-CA\",\"@id\":\"https:\\\/\\\/leger360.com\\\/fr\\\/#\\\/schema\\\/logo\\\/image\\\/\",\"url\":\"https:\\\/\\\/leger360.com\\\/wp-content\\\/uploads\\\/2024\\\/04\\\/2022-Logo-Leger-Blackred-g.png\",\"contentUrl\":\"https:\\\/\\\/leger360.com\\\/wp-content\\\/uploads\\\/2024\\\/04\\\/2022-Logo-Leger-Blackred-g.png\",\"width\":1195,\"height\":686,\"caption\":\"Leger\"},\"image\":{\"@id\":\"https:\\\/\\\/leger360.com\\\/fr\\\/#\\\/schema\\\/logo\\\/image\\\/\"},\"sameAs\":[\"https:\\\/\\\/www.facebook.com\\\/leger360\\\/\",\"https:\\\/\\\/x.com\\\/leger360\",\"https:\\\/\\\/www.linkedin.com\\\/company\\\/leger360\\\/\"],\"description\":\"Leger is one of North America\u2019s fastest-growing market research companies, known for our forward-thinking experts and innovative approaches powered by artificial intelligence (AI) technologies.\"},{\"@type\":\"Person\",\"@id\":\"https:\\\/\\\/leger360.com\\\/fr\\\/#\\\/schema\\\/person\\\/34dfccb7aa46dcd4085221008ca51ac9\",\"name\":\"Jason Anthony\",\"image\":{\"@type\":\"ImageObject\",\"inLanguage\":\"fr-CA\",\"@id\":\"https:\\\/\\\/secure.gravatar.com\\\/avatar\\\/b8d3134f69c631184566a5436407f9384b5e28c50ff3915e13c50c0c730b64f8?s=96&d=mm&r=g\",\"url\":\"https:\\\/\\\/secure.gravatar.com\\\/avatar\\\/b8d3134f69c631184566a5436407f9384b5e28c50ff3915e13c50c0c730b64f8?s=96&d=mm&r=g\",\"contentUrl\":\"https:\\\/\\\/secure.gravatar.com\\\/avatar\\\/b8d3134f69c631184566a5436407f9384b5e28c50ff3915e13c50c0c730b64f8?s=96&d=mm&r=g\",\"caption\":\"Jason Anthony\"}}]}<\/script>\n<!-- \/ Yoast SEO Premium plugin. -->","yoast_head_json":{"title":"Perception sur les m\u00e9tiers essentiels en contexte de pand\u00e9mie - Leger","robots":{"index":"index","follow":"follow","max-snippet":"max-snippet:-1","max-image-preview":"max-image-preview:large","max-video-preview":"max-video-preview:-1"},"canonical":"https:\/\/leger360.com\/fr\/perception-sur-les-metiers-essentiels-en-contexte-de-pandemie\/","og_locale":"fr_CA","og_type":"article","og_title":"Perception sur les m\u00e9tiers essentiels en contexte de pand\u00e9mie","og_description":"M\u00e9thodologie Sondage Web, \u00e0 l\u2019aide de la technologie d\u2019interview Web assist\u00e9e par ordinateur (CAWI). R\u00e9alis\u00e9 du 19 au 21 juin 2020 aupr\u00e8s de 1 002 Qu\u00e9b\u00e9cois, \u00e2g\u00e9(e)s de 18 ou plus et ayant le droit de vote au Qu\u00e9bec, recrut\u00e9s al\u00e9atoirement \u00e0 partir du panel en ligne de LEO. \u00c0 l\u2019aide des donn\u00e9es du recensement [&hellip;]","og_url":"https:\/\/leger360.com\/fr\/perception-sur-les-metiers-essentiels-en-contexte-de-pandemie\/","og_site_name":"Leger","article_publisher":"https:\/\/www.facebook.com\/leger360\/","article_published_time":"2020-06-25T13:00:06+00:00","og_image":[{"width":1000,"height":662,"url":"https:\/\/leger360.com\/wp-content\/uploads\/2024\/02\/shutterstock_314748230.jpg","type":"image\/jpeg"}],"author":"Jason Anthony","twitter_card":"summary_large_image","twitter_creator":"@leger360","twitter_site":"@leger360","twitter_misc":{"\u00c9crit par":"Jason Anthony","Estimation du temps de lecture":"1 minute"},"schema":{"@context":"https:\/\/schema.org","@graph":[{"@type":"Article","@id":"https:\/\/leger360.com\/fr\/perception-sur-les-metiers-essentiels-en-contexte-de-pandemie\/#article","isPartOf":{"@id":"https:\/\/leger360.com\/fr\/perception-sur-les-metiers-essentiels-en-contexte-de-pandemie\/"},"author":{"name":"Jason Anthony","@id":"https:\/\/leger360.com\/fr\/#\/schema\/person\/34dfccb7aa46dcd4085221008ca51ac9"},"headline":"Perception sur les m\u00e9tiers essentiels en contexte de pand\u00e9mie","datePublished":"2020-06-25T13:00:06+00:00","mainEntityOfPage":{"@id":"https:\/\/leger360.com\/fr\/perception-sur-les-metiers-essentiels-en-contexte-de-pandemie\/"},"wordCount":248,"publisher":{"@id":"https:\/\/leger360.com\/fr\/#organization"},"image":{"@id":"https:\/\/leger360.com\/fr\/perception-sur-les-metiers-essentiels-en-contexte-de-pandemie\/#primaryimage"},"thumbnailUrl":"https:\/\/leger360.com\/wp-content\/uploads\/2024\/02\/shutterstock_314748230.jpg","articleSection":["In the news"],"inLanguage":"fr-CA"},{"@type":"WebPage","@id":"https:\/\/leger360.com\/fr\/perception-sur-les-metiers-essentiels-en-contexte-de-pandemie\/","url":"https:\/\/leger360.com\/fr\/perception-sur-les-metiers-essentiels-en-contexte-de-pandemie\/","name":"Perception sur les m\u00e9tiers essentiels en contexte de pand\u00e9mie - Leger","isPartOf":{"@id":"https:\/\/leger360.com\/fr\/#website"},"primaryImageOfPage":{"@id":"https:\/\/leger360.com\/fr\/perception-sur-les-metiers-essentiels-en-contexte-de-pandemie\/#primaryimage"},"image":{"@id":"https:\/\/leger360.com\/fr\/perception-sur-les-metiers-essentiels-en-contexte-de-pandemie\/#primaryimage"},"thumbnailUrl":"https:\/\/leger360.com\/wp-content\/uploads\/2024\/02\/shutterstock_314748230.jpg","datePublished":"2020-06-25T13:00:06+00:00","breadcrumb":{"@id":"https:\/\/leger360.com\/fr\/perception-sur-les-metiers-essentiels-en-contexte-de-pandemie\/#breadcrumb"},"inLanguage":"fr-CA","potentialAction":[{"@type":"ReadAction","target":["https:\/\/leger360.com\/fr\/perception-sur-les-metiers-essentiels-en-contexte-de-pandemie\/"]}]},{"@type":"ImageObject","inLanguage":"fr-CA","@id":"https:\/\/leger360.com\/fr\/perception-sur-les-metiers-essentiels-en-contexte-de-pandemie\/#primaryimage","url":"https:\/\/leger360.com\/wp-content\/uploads\/2024\/02\/shutterstock_314748230.jpg","contentUrl":"https:\/\/leger360.com\/wp-content\/uploads\/2024\/02\/shutterstock_314748230.jpg","width":1000,"height":662},{"@type":"BreadcrumbList","@id":"https:\/\/leger360.com\/fr\/perception-sur-les-metiers-essentiels-en-contexte-de-pandemie\/#breadcrumb","itemListElement":[{"@type":"ListItem","position":1,"name":"Home","item":"https:\/\/leger360.com\/fr\/"},{"@type":"ListItem","position":2,"name":"Perception sur les m\u00e9tiers essentiels en contexte de pand\u00e9mie"}]},{"@type":"WebSite","@id":"https:\/\/leger360.com\/fr\/#website","url":"https:\/\/leger360.com\/fr\/","name":"Leger","description":"Market Research | Data Analytics","publisher":{"@id":"https:\/\/leger360.com\/fr\/#organization"},"potentialAction":[{"@type":"SearchAction","target":{"@type":"EntryPoint","urlTemplate":"https:\/\/leger360.com\/fr\/?s={search_term_string}"},"query-input":{"@type":"PropertyValueSpecification","valueRequired":true,"valueName":"search_term_string"}}],"inLanguage":"fr-CA"},{"@type":"Organization","@id":"https:\/\/leger360.com\/fr\/#organization","name":"Leger","url":"https:\/\/leger360.com\/fr\/","logo":{"@type":"ImageObject","inLanguage":"fr-CA","@id":"https:\/\/leger360.com\/fr\/#\/schema\/logo\/image\/","url":"https:\/\/leger360.com\/wp-content\/uploads\/2024\/04\/2022-Logo-Leger-Blackred-g.png","contentUrl":"https:\/\/leger360.com\/wp-content\/uploads\/2024\/04\/2022-Logo-Leger-Blackred-g.png","width":1195,"height":686,"caption":"Leger"},"image":{"@id":"https:\/\/leger360.com\/fr\/#\/schema\/logo\/image\/"},"sameAs":["https:\/\/www.facebook.com\/leger360\/","https:\/\/x.com\/leger360","https:\/\/www.linkedin.com\/company\/leger360\/"],"description":"Leger is one of North America\u2019s fastest-growing market research companies, known for our forward-thinking experts and innovative approaches powered by artificial intelligence (AI) technologies."},{"@type":"Person","@id":"https:\/\/leger360.com\/fr\/#\/schema\/person\/34dfccb7aa46dcd4085221008ca51ac9","name":"Jason Anthony","image":{"@type":"ImageObject","inLanguage":"fr-CA","@id":"https:\/\/secure.gravatar.com\/avatar\/b8d3134f69c631184566a5436407f9384b5e28c50ff3915e13c50c0c730b64f8?s=96&d=mm&r=g","url":"https:\/\/secure.gravatar.com\/avatar\/b8d3134f69c631184566a5436407f9384b5e28c50ff3915e13c50c0c730b64f8?s=96&d=mm&r=g","contentUrl":"https:\/\/secure.gravatar.com\/avatar\/b8d3134f69c631184566a5436407f9384b5e28c50ff3915e13c50c0c730b64f8?s=96&d=mm&r=g","caption":"Jason Anthony"}}]}},"_links":{"self":[{"href":"https:\/\/leger360.com\/fr\/wp-json\/wp\/v2\/posts\/14485","targetHints":{"allow":["GET"]}}],"collection":[{"href":"https:\/\/leger360.com\/fr\/wp-json\/wp\/v2\/posts"}],"about":[{"href":"https:\/\/leger360.com\/fr\/wp-json\/wp\/v2\/types\/post"}],"author":[{"embeddable":true,"href":"https:\/\/leger360.com\/fr\/wp-json\/wp\/v2\/users\/2"}],"replies":[{"embeddable":true,"href":"https:\/\/leger360.com\/fr\/wp-json\/wp\/v2\/comments?post=14485"}],"version-history":[{"count":0,"href":"https:\/\/leger360.com\/fr\/wp-json\/wp\/v2\/posts\/14485\/revisions"}],"wp:featuredmedia":[{"embeddable":true,"href":"https:\/\/leger360.com\/fr\/wp-json\/wp\/v2\/media\/14489"}],"wp:attachment":[{"href":"https:\/\/leger360.com\/fr\/wp-json\/wp\/v2\/media?parent=14485"}],"wp:term":[{"taxonomy":"category","embeddable":true,"href":"https:\/\/leger360.com\/fr\/wp-json\/wp\/v2\/categories?post=14485"},{"taxonomy":"post_tag","embeddable":true,"href":"https:\/\/leger360.com\/fr\/wp-json\/wp\/v2\/tags?post=14485"},{"taxonomy":"post_language_cat","embeddable":true,"href":"https:\/\/leger360.com\/fr\/wp-json\/wp\/v2\/post_language_cat?post=14485"}],"curies":[{"name":"wp","href":"https:\/\/api.w.org\/{rel}","templated":true}]}}