{"id":14761,"date":"2020-10-14T10:00:55","date_gmt":"2020-10-14T10:00:55","guid":{"rendered":"https:\/\/leger360.com\/sondage-hebdomadaire-de-leger-14-octobre-2020\/"},"modified":"2024-02-09T09:09:56","modified_gmt":"2024-02-09T09:09:56","slug":"sondage-hebdomadaire-de-leger-14-octobre-2020","status":"publish","type":"post","link":"https:\/\/leger360.com\/fr\/sondage-hebdomadaire-de-leger-14-octobre-2020\/","title":{"rendered":"Sondage hebdomadaire de L\u00e9ger &#8211; 14 octobre 2020"},"content":{"rendered":"\n<h3 class=\"wp-block-heading\">T\u00c9L\u00c9CHARGEZ LE\u00a0RAPPORT AU BAS DE L\u2019ARTICLE.<\/h3>\n\n\n\n<p>Chaque semaine, nous sondons les Canadiens et les Am\u00e9ricains afin d\u2019explorer leur point de vue sur la COVID-19\u00a0et\u00a0d\u2019autres sujets d\u2019actualit\u00e9. Restez \u00e0 jour sur les derni\u00e8res tendances et d\u00e9couvrez nos plus r\u00e9cents\u00a0r\u00e9sultats ci-dessous.<\/p>\n\n\n\n<p><em>Ce sondage est r\u00e9alis\u00e9 en collaboration avec\u00a0l\u2019Association d\u2019\u00e9tudes canadiennes (AEC) et publi\u00e9 dans\u00a0la\u00a0Presse Canadienne.\u00a0<a href=\"https:\/\/leger360.com\/fr\/sondages\/infolettre-covid19\/\" target=\"_blank\" rel=\"noreferrer noopener\">Cette s\u00e9rie de sondages est disponible\u00a0pour vous\u00a0sur\u00a0le site web\u00a0de L\u00e9ger<\/a>.\u00a0<\/em><\/p>\n\n\n\n<p>Vous aimeriez recevoir nos sondages en exclusivit\u00e9? <a href=\"https:\/\/leger360.com\/fr\/sondages\/infolettre-covid19\/\">Abonnez-vous \u00e0 notre infolettre<\/a>. <\/p>\n\n\n\n<h3 class=\"wp-block-heading\">VACCIN CONTRE LA COVID-19<\/h3>\n\n\n\n<ul class=\"wp-block-list\"><li>63% des Canadiens et 47% des Am\u00e9ricains affirment qu\u2019ils ont l\u2019intention de recevoir le vaccin contre la COVID-19 lorsqu\u2019il sera approuv\u00e9 par Sant\u00e9 Canada\/la FDA, et qu\u2019il sera disponible pour la population et gratuit.<\/li><li>65% des Canadiens et 45% des Am\u00e9ricains croient que lorsqu\u2019un vaccin approuv\u00e9 sera disponible dans leur pays, il devrait \u00eatre mis \u00e0 la disposition de certains segments de la population en priorit\u00e9.<\/li><li>Si le vaccin contre la COVID-19 est d\u2019abord mis \u00e0 la disposition de certains segments de la population sur une base prioritaire, les Canadiens et les Am\u00e9ricains affirment que les travailleurs de la sant\u00e9 (m\u00e9decins, infirmiers, aides, etc.) et les personnes \u00e2g\u00e9es (65 ans et plus) devraient le recevoir en premier.\u00a0<\/li><\/ul>\n\n\n\n<div class=\"wp-block-image\"><figure class=\"aligncenter size-large is-resized\"><img decoding=\"async\" src=\"https:\/\/leger360.com\/wp-content\/uploads\/2024\/02\/COVID-19_vaccine-_FR-1024x1024.jpg\" alt=\"\" class=\"wp-image-28596\" width=\"600\"\/><\/figure><\/div>\n\n\n\n<h3 class=\"wp-block-heading\">TRUMP ET LE VIRUS<\/h3>\n\n\n\n<ul class=\"wp-block-list\"><li>72% des Canadiens et 44% des Am\u00e9ricains croient que Trump a \u00e9t\u00e9 imprudent et a mis les autres en danger pendant son r\u00e9tablissement de la COVID-19.\u00a0<\/li><\/ul>\n\n\n\n<div class=\"wp-block-image\"><figure class=\"aligncenter size-large is-resized\"><img decoding=\"async\" src=\"https:\/\/leger360.com\/wp-content\/uploads\/2024\/02\/Trump_COVID-19_FR-1024x1024.jpg\" alt=\"\" class=\"wp-image-28598\" width=\"600\"\/><\/figure><\/div>\n\n\n\n<h3 class=\"wp-block-heading\">COVID-19<\/h3>\n\n\n\n<ul class=\"wp-block-list\"><li>Lorsqu\u2019on leur demande de choisir entre les deux, 72% des Canadiens et 63% des Am\u00e9ricains croient que pr\u00e9venir la propagation du coronavirus est une action plus importante que la pr\u00e9vention des r\u00e9percussions \u00e9conomiques et des pertes d\u2019emploi.<\/li><\/ul>\n\n\n\n<h3 class=\"wp-block-heading\">M\u00c9THODOLOGIE DU SONDAGE\u00a0<\/h3>\n\n\n\n<p><strong>Sondage web\u00a0<\/strong>r\u00e9alis\u00e9 du\u00a0<strong>9 au 11 octobre 2020<\/strong>\u00a0aupr\u00e8s de\u00a0<strong>1 539 Canadiens<\/strong>\u00a0et\u00a0<strong>1 000 Am\u00e9ricains<\/strong>, \u00e2g\u00e9s de 18 ans ou plus, recrut\u00e9s al\u00e9atoirement \u00e0 partir du panel en ligne LEO.<\/p>\n\n\n\n<p>Une marge d\u2019erreur ne peut pas \u00eatre associ\u00e9e \u00e0 un \u00e9chantillon non probabiliste dans le cadre d\u2019une enqu\u00eate par panel. \u00c0 des fins de comparaison, un \u00e9chantillon probabiliste de cette taille aurait\u00a0<strong>une marge d\u2019erreur de \u00b1 2,50%, et ce, 19 fois sur 20\u00a0<\/strong>pour l\u2019\u00e9chantillon canadien et de\u00a0<strong>de \u00b1 3,1%, et ce, 19 fois sur 20<\/strong>\u00a0pour l\u2019\u00e9chantillon am\u00e9ricain.<\/p>\n\n\n\n<h3 class=\"wp-block-heading\">CE\u00a0RAPPORT CONTIENT LES R\u00c9SULTATS AUX QUESTIONS SUIVANTES. T\u00c9L\u00c9CHARGEZ LE\u00a0RAPPORT CI-DESSOUS POUR LES R\u00c9SULTATS COMPLETS.\u00a0<\/h3>\n\n\n\n<ul class=\"wp-block-list\"><li>Lorsqu&rsquo;un vaccin contre la COVID-19 qui avait \u00e9t\u00e9 approuv\u00e9 par Sant\u00e9 Canada sera disponible pour la population et qu&rsquo;il sera gratuit, avez-vous l&rsquo;intention de vous faire vacciner ?<\/li><li>Si le gouvernement du Canada d\u00e9cide que le vaccin sera d&rsquo;abord mis \u00e0 la disposition de certains segments de la population sur une base prioritaire, qui devrait \u00eatre le premier \u00e0 recevoir le vaccin ?<\/li><li>Lequel des \u00e9l\u00e9ments suivants d\u00e9crit le mieux les d\u00e9cisions et les actions du pr\u00e9sident Trump pendant son r\u00e9tablissement du virus COVID-19?<\/li><li>Si l&rsquo;\u00e9lection pr\u00e9sidentielle de 2020 avait lieu aujourd&rsquo;hui, voteriez-vous pour Donald Trump, Joe Biden, Jo Jorgensen, Howie Hawkins ou Kanye West?<\/li><\/ul>\n\n\n\n<h2 class=\"wp-block-heading\">T\u00c9L\u00c9CHARGEZ LE RAPPORT CI-DESSOUS.<\/h2>\n","protected":false},"excerpt":{"rendered":"<p>T\u00c9L\u00c9CHARGEZ LE\u00a0RAPPORT AU BAS DE L\u2019ARTICLE. Chaque semaine, nous sondons les Canadiens et les Am\u00e9ricains afin d\u2019explorer leur point de vue sur la COVID-19\u00a0et\u00a0d\u2019autres sujets d\u2019actualit\u00e9. Restez \u00e0 jour sur les derni\u00e8res tendances et d\u00e9couvrez nos plus r\u00e9cents\u00a0r\u00e9sultats ci-dessous. Ce sondage est r\u00e9alis\u00e9 en collaboration avec\u00a0l\u2019Association d\u2019\u00e9tudes canadiennes (AEC) et publi\u00e9 dans\u00a0la\u00a0Presse Canadienne.\u00a0Cette s\u00e9rie de [&hellip;]<\/p>\n","protected":false},"author":2,"featured_media":8783,"comment_status":"closed","ping_status":"closed","sticky":false,"template":"","format":"standard","meta":{"_acf_changed":false,"_et_pb_use_builder":"","_et_pb_old_content":"","_et_gb_content_width":"","content-type":"","inline_featured_image":false,"footnotes":""},"categories":[876],"tags":[],"post_language_cat":[39],"class_list":["post-14761","post","type-post","status-publish","format-standard","has-post-thumbnail","hentry","category-expertise-de-marche","post_language_cat-fr-market-intelligence"],"acf":[],"yoast_head":"<!-- This site is optimized with the Yoast SEO Premium plugin v27.4 (Yoast SEO v27.4) - https:\/\/yoast.com\/product\/yoast-seo-premium-wordpress\/ -->\n<title>Sondage hebdomadaire de L\u00e9ger - 14 octobre 2020 - Leger<\/title>\n<meta name=\"robots\" content=\"index, follow, max-snippet:-1, max-image-preview:large, max-video-preview:-1\" \/>\n<link rel=\"canonical\" href=\"https:\/\/leger360.com\/fr\/sondage-hebdomadaire-de-leger-14-octobre-2020\/\" \/>\n<meta property=\"og:locale\" content=\"fr_CA\" \/>\n<meta property=\"og:type\" content=\"article\" \/>\n<meta property=\"og:title\" content=\"Sondage hebdomadaire de L\u00e9ger - 14 octobre 2020\" \/>\n<meta property=\"og:description\" content=\"T\u00c9L\u00c9CHARGEZ LE\u00a0RAPPORT AU BAS DE L\u2019ARTICLE. Chaque semaine, nous sondons les Canadiens et les Am\u00e9ricains afin d\u2019explorer leur point de vue sur la COVID-19\u00a0et\u00a0d\u2019autres sujets d\u2019actualit\u00e9. Restez \u00e0 jour sur les derni\u00e8res tendances et d\u00e9couvrez nos plus r\u00e9cents\u00a0r\u00e9sultats ci-dessous. Ce sondage est r\u00e9alis\u00e9 en collaboration avec\u00a0l\u2019Association d\u2019\u00e9tudes canadiennes (AEC) et publi\u00e9 dans\u00a0la\u00a0Presse Canadienne.\u00a0Cette s\u00e9rie de [&hellip;]\" \/>\n<meta property=\"og:url\" content=\"https:\/\/leger360.com\/fr\/sondage-hebdomadaire-de-leger-14-octobre-2020\/\" \/>\n<meta property=\"og:site_name\" content=\"Leger\" \/>\n<meta property=\"article:publisher\" content=\"https:\/\/www.facebook.com\/leger360\/\" \/>\n<meta property=\"article:published_time\" content=\"2020-10-14T10:00:55+00:00\" \/>\n<meta property=\"article:modified_time\" content=\"2024-02-09T09:09:56+00:00\" \/>\n<meta property=\"og:image\" content=\"https:\/\/leger360.com\/wp-content\/uploads\/2024\/02\/Featured-Image-1.jpg\" \/>\n\t<meta property=\"og:image:width\" content=\"1000\" \/>\n\t<meta property=\"og:image:height\" content=\"667\" \/>\n\t<meta property=\"og:image:type\" content=\"image\/jpeg\" \/>\n<meta name=\"author\" content=\"Jason Anthony\" \/>\n<meta name=\"twitter:card\" content=\"summary_large_image\" \/>\n<meta name=\"twitter:creator\" content=\"@leger360\" \/>\n<meta name=\"twitter:site\" content=\"@leger360\" \/>\n<meta name=\"twitter:label1\" content=\"\u00c9crit par\" \/>\n\t<meta name=\"twitter:data1\" content=\"Jason Anthony\" \/>\n\t<meta name=\"twitter:label2\" content=\"Estimation du temps de lecture\" \/>\n\t<meta name=\"twitter:data2\" content=\"3 minutes\" \/>\n<script type=\"application\/ld+json\" class=\"yoast-schema-graph\">{\"@context\":\"https:\\\/\\\/schema.org\",\"@graph\":[{\"@type\":\"Article\",\"@id\":\"https:\\\/\\\/leger360.com\\\/fr\\\/sondage-hebdomadaire-de-leger-14-octobre-2020\\\/#article\",\"isPartOf\":{\"@id\":\"https:\\\/\\\/leger360.com\\\/fr\\\/sondage-hebdomadaire-de-leger-14-octobre-2020\\\/\"},\"author\":{\"name\":\"Jason Anthony\",\"@id\":\"https:\\\/\\\/leger360.com\\\/fr\\\/#\\\/schema\\\/person\\\/34dfccb7aa46dcd4085221008ca51ac9\"},\"headline\":\"Sondage hebdomadaire de L\u00e9ger &#8211; 14 octobre 2020\",\"datePublished\":\"2020-10-14T10:00:55+00:00\",\"dateModified\":\"2024-02-09T09:09:56+00:00\",\"mainEntityOfPage\":{\"@id\":\"https:\\\/\\\/leger360.com\\\/fr\\\/sondage-hebdomadaire-de-leger-14-octobre-2020\\\/\"},\"wordCount\":536,\"publisher\":{\"@id\":\"https:\\\/\\\/leger360.com\\\/fr\\\/#organization\"},\"image\":{\"@id\":\"https:\\\/\\\/leger360.com\\\/fr\\\/sondage-hebdomadaire-de-leger-14-octobre-2020\\\/#primaryimage\"},\"thumbnailUrl\":\"https:\\\/\\\/leger360.com\\\/wp-content\\\/uploads\\\/2024\\\/02\\\/Featured-Image-1.jpg\",\"articleSection\":[\"Expertise de march\u00e9\"],\"inLanguage\":\"fr-CA\"},{\"@type\":\"WebPage\",\"@id\":\"https:\\\/\\\/leger360.com\\\/fr\\\/sondage-hebdomadaire-de-leger-14-octobre-2020\\\/\",\"url\":\"https:\\\/\\\/leger360.com\\\/fr\\\/sondage-hebdomadaire-de-leger-14-octobre-2020\\\/\",\"name\":\"Sondage hebdomadaire de L\u00e9ger - 14 octobre 2020 - Leger\",\"isPartOf\":{\"@id\":\"https:\\\/\\\/leger360.com\\\/fr\\\/#website\"},\"primaryImageOfPage\":{\"@id\":\"https:\\\/\\\/leger360.com\\\/fr\\\/sondage-hebdomadaire-de-leger-14-octobre-2020\\\/#primaryimage\"},\"image\":{\"@id\":\"https:\\\/\\\/leger360.com\\\/fr\\\/sondage-hebdomadaire-de-leger-14-octobre-2020\\\/#primaryimage\"},\"thumbnailUrl\":\"https:\\\/\\\/leger360.com\\\/wp-content\\\/uploads\\\/2024\\\/02\\\/Featured-Image-1.jpg\",\"datePublished\":\"2020-10-14T10:00:55+00:00\",\"dateModified\":\"2024-02-09T09:09:56+00:00\",\"breadcrumb\":{\"@id\":\"https:\\\/\\\/leger360.com\\\/fr\\\/sondage-hebdomadaire-de-leger-14-octobre-2020\\\/#breadcrumb\"},\"inLanguage\":\"fr-CA\",\"potentialAction\":[{\"@type\":\"ReadAction\",\"target\":[\"https:\\\/\\\/leger360.com\\\/fr\\\/sondage-hebdomadaire-de-leger-14-octobre-2020\\\/\"]}]},{\"@type\":\"ImageObject\",\"inLanguage\":\"fr-CA\",\"@id\":\"https:\\\/\\\/leger360.com\\\/fr\\\/sondage-hebdomadaire-de-leger-14-octobre-2020\\\/#primaryimage\",\"url\":\"https:\\\/\\\/leger360.com\\\/wp-content\\\/uploads\\\/2024\\\/02\\\/Featured-Image-1.jpg\",\"contentUrl\":\"https:\\\/\\\/leger360.com\\\/wp-content\\\/uploads\\\/2024\\\/02\\\/Featured-Image-1.jpg\",\"width\":1000,\"height\":667},{\"@type\":\"BreadcrumbList\",\"@id\":\"https:\\\/\\\/leger360.com\\\/fr\\\/sondage-hebdomadaire-de-leger-14-octobre-2020\\\/#breadcrumb\",\"itemListElement\":[{\"@type\":\"ListItem\",\"position\":1,\"name\":\"Home\",\"item\":\"https:\\\/\\\/leger360.com\\\/fr\\\/\"},{\"@type\":\"ListItem\",\"position\":2,\"name\":\"Sondage hebdomadaire de L\u00e9ger &#8211; 14 octobre 2020\"}]},{\"@type\":\"WebSite\",\"@id\":\"https:\\\/\\\/leger360.com\\\/fr\\\/#website\",\"url\":\"https:\\\/\\\/leger360.com\\\/fr\\\/\",\"name\":\"Leger\",\"description\":\"Market Research | Data Analytics\",\"publisher\":{\"@id\":\"https:\\\/\\\/leger360.com\\\/fr\\\/#organization\"},\"potentialAction\":[{\"@type\":\"SearchAction\",\"target\":{\"@type\":\"EntryPoint\",\"urlTemplate\":\"https:\\\/\\\/leger360.com\\\/fr\\\/?s={search_term_string}\"},\"query-input\":{\"@type\":\"PropertyValueSpecification\",\"valueRequired\":true,\"valueName\":\"search_term_string\"}}],\"inLanguage\":\"fr-CA\"},{\"@type\":\"Organization\",\"@id\":\"https:\\\/\\\/leger360.com\\\/fr\\\/#organization\",\"name\":\"Leger\",\"url\":\"https:\\\/\\\/leger360.com\\\/fr\\\/\",\"logo\":{\"@type\":\"ImageObject\",\"inLanguage\":\"fr-CA\",\"@id\":\"https:\\\/\\\/leger360.com\\\/fr\\\/#\\\/schema\\\/logo\\\/image\\\/\",\"url\":\"https:\\\/\\\/leger360.com\\\/wp-content\\\/uploads\\\/2024\\\/04\\\/2022-Logo-Leger-Blackred-g.png\",\"contentUrl\":\"https:\\\/\\\/leger360.com\\\/wp-content\\\/uploads\\\/2024\\\/04\\\/2022-Logo-Leger-Blackred-g.png\",\"width\":1195,\"height\":686,\"caption\":\"Leger\"},\"image\":{\"@id\":\"https:\\\/\\\/leger360.com\\\/fr\\\/#\\\/schema\\\/logo\\\/image\\\/\"},\"sameAs\":[\"https:\\\/\\\/www.facebook.com\\\/leger360\\\/\",\"https:\\\/\\\/x.com\\\/leger360\",\"https:\\\/\\\/www.linkedin.com\\\/company\\\/leger360\\\/\"],\"description\":\"Leger is one of North America\u2019s fastest-growing market research companies, known for our forward-thinking experts and innovative approaches powered by artificial intelligence (AI) technologies.\"},{\"@type\":\"Person\",\"@id\":\"https:\\\/\\\/leger360.com\\\/fr\\\/#\\\/schema\\\/person\\\/34dfccb7aa46dcd4085221008ca51ac9\",\"name\":\"Jason Anthony\",\"image\":{\"@type\":\"ImageObject\",\"inLanguage\":\"fr-CA\",\"@id\":\"https:\\\/\\\/secure.gravatar.com\\\/avatar\\\/b8d3134f69c631184566a5436407f9384b5e28c50ff3915e13c50c0c730b64f8?s=96&d=mm&r=g\",\"url\":\"https:\\\/\\\/secure.gravatar.com\\\/avatar\\\/b8d3134f69c631184566a5436407f9384b5e28c50ff3915e13c50c0c730b64f8?s=96&d=mm&r=g\",\"contentUrl\":\"https:\\\/\\\/secure.gravatar.com\\\/avatar\\\/b8d3134f69c631184566a5436407f9384b5e28c50ff3915e13c50c0c730b64f8?s=96&d=mm&r=g\",\"caption\":\"Jason Anthony\"}}]}<\/script>\n<!-- \/ Yoast SEO Premium plugin. -->","yoast_head_json":{"title":"Sondage hebdomadaire de L\u00e9ger - 14 octobre 2020 - Leger","robots":{"index":"index","follow":"follow","max-snippet":"max-snippet:-1","max-image-preview":"max-image-preview:large","max-video-preview":"max-video-preview:-1"},"canonical":"https:\/\/leger360.com\/fr\/sondage-hebdomadaire-de-leger-14-octobre-2020\/","og_locale":"fr_CA","og_type":"article","og_title":"Sondage hebdomadaire de L\u00e9ger - 14 octobre 2020","og_description":"T\u00c9L\u00c9CHARGEZ LE\u00a0RAPPORT AU BAS DE L\u2019ARTICLE. Chaque semaine, nous sondons les Canadiens et les Am\u00e9ricains afin d\u2019explorer leur point de vue sur la COVID-19\u00a0et\u00a0d\u2019autres sujets d\u2019actualit\u00e9. Restez \u00e0 jour sur les derni\u00e8res tendances et d\u00e9couvrez nos plus r\u00e9cents\u00a0r\u00e9sultats ci-dessous. Ce sondage est r\u00e9alis\u00e9 en collaboration avec\u00a0l\u2019Association d\u2019\u00e9tudes canadiennes (AEC) et publi\u00e9 dans\u00a0la\u00a0Presse Canadienne.\u00a0Cette s\u00e9rie de [&hellip;]","og_url":"https:\/\/leger360.com\/fr\/sondage-hebdomadaire-de-leger-14-octobre-2020\/","og_site_name":"Leger","article_publisher":"https:\/\/www.facebook.com\/leger360\/","article_published_time":"2020-10-14T10:00:55+00:00","article_modified_time":"2024-02-09T09:09:56+00:00","og_image":[{"width":1000,"height":667,"url":"https:\/\/leger360.com\/wp-content\/uploads\/2024\/02\/Featured-Image-1.jpg","type":"image\/jpeg"}],"author":"Jason Anthony","twitter_card":"summary_large_image","twitter_creator":"@leger360","twitter_site":"@leger360","twitter_misc":{"\u00c9crit par":"Jason Anthony","Estimation du temps de lecture":"3 minutes"},"schema":{"@context":"https:\/\/schema.org","@graph":[{"@type":"Article","@id":"https:\/\/leger360.com\/fr\/sondage-hebdomadaire-de-leger-14-octobre-2020\/#article","isPartOf":{"@id":"https:\/\/leger360.com\/fr\/sondage-hebdomadaire-de-leger-14-octobre-2020\/"},"author":{"name":"Jason Anthony","@id":"https:\/\/leger360.com\/fr\/#\/schema\/person\/34dfccb7aa46dcd4085221008ca51ac9"},"headline":"Sondage hebdomadaire de L\u00e9ger &#8211; 14 octobre 2020","datePublished":"2020-10-14T10:00:55+00:00","dateModified":"2024-02-09T09:09:56+00:00","mainEntityOfPage":{"@id":"https:\/\/leger360.com\/fr\/sondage-hebdomadaire-de-leger-14-octobre-2020\/"},"wordCount":536,"publisher":{"@id":"https:\/\/leger360.com\/fr\/#organization"},"image":{"@id":"https:\/\/leger360.com\/fr\/sondage-hebdomadaire-de-leger-14-octobre-2020\/#primaryimage"},"thumbnailUrl":"https:\/\/leger360.com\/wp-content\/uploads\/2024\/02\/Featured-Image-1.jpg","articleSection":["Expertise de march\u00e9"],"inLanguage":"fr-CA"},{"@type":"WebPage","@id":"https:\/\/leger360.com\/fr\/sondage-hebdomadaire-de-leger-14-octobre-2020\/","url":"https:\/\/leger360.com\/fr\/sondage-hebdomadaire-de-leger-14-octobre-2020\/","name":"Sondage hebdomadaire de L\u00e9ger - 14 octobre 2020 - Leger","isPartOf":{"@id":"https:\/\/leger360.com\/fr\/#website"},"primaryImageOfPage":{"@id":"https:\/\/leger360.com\/fr\/sondage-hebdomadaire-de-leger-14-octobre-2020\/#primaryimage"},"image":{"@id":"https:\/\/leger360.com\/fr\/sondage-hebdomadaire-de-leger-14-octobre-2020\/#primaryimage"},"thumbnailUrl":"https:\/\/leger360.com\/wp-content\/uploads\/2024\/02\/Featured-Image-1.jpg","datePublished":"2020-10-14T10:00:55+00:00","dateModified":"2024-02-09T09:09:56+00:00","breadcrumb":{"@id":"https:\/\/leger360.com\/fr\/sondage-hebdomadaire-de-leger-14-octobre-2020\/#breadcrumb"},"inLanguage":"fr-CA","potentialAction":[{"@type":"ReadAction","target":["https:\/\/leger360.com\/fr\/sondage-hebdomadaire-de-leger-14-octobre-2020\/"]}]},{"@type":"ImageObject","inLanguage":"fr-CA","@id":"https:\/\/leger360.com\/fr\/sondage-hebdomadaire-de-leger-14-octobre-2020\/#primaryimage","url":"https:\/\/leger360.com\/wp-content\/uploads\/2024\/02\/Featured-Image-1.jpg","contentUrl":"https:\/\/leger360.com\/wp-content\/uploads\/2024\/02\/Featured-Image-1.jpg","width":1000,"height":667},{"@type":"BreadcrumbList","@id":"https:\/\/leger360.com\/fr\/sondage-hebdomadaire-de-leger-14-octobre-2020\/#breadcrumb","itemListElement":[{"@type":"ListItem","position":1,"name":"Home","item":"https:\/\/leger360.com\/fr\/"},{"@type":"ListItem","position":2,"name":"Sondage hebdomadaire de L\u00e9ger &#8211; 14 octobre 2020"}]},{"@type":"WebSite","@id":"https:\/\/leger360.com\/fr\/#website","url":"https:\/\/leger360.com\/fr\/","name":"Leger","description":"Market Research | Data Analytics","publisher":{"@id":"https:\/\/leger360.com\/fr\/#organization"},"potentialAction":[{"@type":"SearchAction","target":{"@type":"EntryPoint","urlTemplate":"https:\/\/leger360.com\/fr\/?s={search_term_string}"},"query-input":{"@type":"PropertyValueSpecification","valueRequired":true,"valueName":"search_term_string"}}],"inLanguage":"fr-CA"},{"@type":"Organization","@id":"https:\/\/leger360.com\/fr\/#organization","name":"Leger","url":"https:\/\/leger360.com\/fr\/","logo":{"@type":"ImageObject","inLanguage":"fr-CA","@id":"https:\/\/leger360.com\/fr\/#\/schema\/logo\/image\/","url":"https:\/\/leger360.com\/wp-content\/uploads\/2024\/04\/2022-Logo-Leger-Blackred-g.png","contentUrl":"https:\/\/leger360.com\/wp-content\/uploads\/2024\/04\/2022-Logo-Leger-Blackred-g.png","width":1195,"height":686,"caption":"Leger"},"image":{"@id":"https:\/\/leger360.com\/fr\/#\/schema\/logo\/image\/"},"sameAs":["https:\/\/www.facebook.com\/leger360\/","https:\/\/x.com\/leger360","https:\/\/www.linkedin.com\/company\/leger360\/"],"description":"Leger is one of North America\u2019s fastest-growing market research companies, known for our forward-thinking experts and innovative approaches powered by artificial intelligence (AI) technologies."},{"@type":"Person","@id":"https:\/\/leger360.com\/fr\/#\/schema\/person\/34dfccb7aa46dcd4085221008ca51ac9","name":"Jason Anthony","image":{"@type":"ImageObject","inLanguage":"fr-CA","@id":"https:\/\/secure.gravatar.com\/avatar\/b8d3134f69c631184566a5436407f9384b5e28c50ff3915e13c50c0c730b64f8?s=96&d=mm&r=g","url":"https:\/\/secure.gravatar.com\/avatar\/b8d3134f69c631184566a5436407f9384b5e28c50ff3915e13c50c0c730b64f8?s=96&d=mm&r=g","contentUrl":"https:\/\/secure.gravatar.com\/avatar\/b8d3134f69c631184566a5436407f9384b5e28c50ff3915e13c50c0c730b64f8?s=96&d=mm&r=g","caption":"Jason Anthony"}}]}},"_links":{"self":[{"href":"https:\/\/leger360.com\/fr\/wp-json\/wp\/v2\/posts\/14761","targetHints":{"allow":["GET"]}}],"collection":[{"href":"https:\/\/leger360.com\/fr\/wp-json\/wp\/v2\/posts"}],"about":[{"href":"https:\/\/leger360.com\/fr\/wp-json\/wp\/v2\/types\/post"}],"author":[{"embeddable":true,"href":"https:\/\/leger360.com\/fr\/wp-json\/wp\/v2\/users\/2"}],"replies":[{"embeddable":true,"href":"https:\/\/leger360.com\/fr\/wp-json\/wp\/v2\/comments?post=14761"}],"version-history":[{"count":0,"href":"https:\/\/leger360.com\/fr\/wp-json\/wp\/v2\/posts\/14761\/revisions"}],"wp:featuredmedia":[{"embeddable":true,"href":"https:\/\/leger360.com\/fr\/wp-json\/wp\/v2\/media\/8783"}],"wp:attachment":[{"href":"https:\/\/leger360.com\/fr\/wp-json\/wp\/v2\/media?parent=14761"}],"wp:term":[{"taxonomy":"category","embeddable":true,"href":"https:\/\/leger360.com\/fr\/wp-json\/wp\/v2\/categories?post=14761"},{"taxonomy":"post_tag","embeddable":true,"href":"https:\/\/leger360.com\/fr\/wp-json\/wp\/v2\/tags?post=14761"},{"taxonomy":"post_language_cat","embeddable":true,"href":"https:\/\/leger360.com\/fr\/wp-json\/wp\/v2\/post_language_cat?post=14761"}],"curies":[{"name":"wp","href":"https:\/\/api.w.org\/{rel}","templated":true}]}}