{"id":14795,"date":"2020-10-27T10:00:00","date_gmt":"2020-10-27T10:00:00","guid":{"rendered":"https:\/\/leger360.com\/sondage-hebdomadaire-de-leger-27-octobre-2020\/"},"modified":"2024-02-09T09:10:52","modified_gmt":"2024-02-09T09:10:52","slug":"sondage-hebdomadaire-de-leger-27-octobre-2020","status":"publish","type":"post","link":"https:\/\/leger360.com\/fr\/sondage-hebdomadaire-de-leger-27-octobre-2020\/","title":{"rendered":"Sondage hebdomadaire de L\u00e9ger &#8211; 27 octobre 2020"},"content":{"rendered":"\n<h3 class=\"wp-block-heading\" id=\"h-telechargez-le-rapport-au-bas-de-l-article\">T\u00c9L\u00c9CHARGEZ LE\u00a0RAPPORT AU BAS DE L\u2019ARTICLE.<\/h3>\n\n\n\n<p>Chaque semaine, nous sondons les Canadiens et les Am\u00e9ricains afin d\u2019explorer leur point de vue sur la COVID-19\u00a0et\u00a0d\u2019autres sujets d\u2019actualit\u00e9. Restez \u00e0 jour sur les derni\u00e8res tendances et d\u00e9couvrez nos plus r\u00e9cents\u00a0r\u00e9sultats ci-dessous.<\/p>\n\n\n\n<p><em>Ce sondage est r\u00e9alis\u00e9 en collaboration avec\u00a0l\u2019Association d\u2019\u00e9tudes canadiennes (AEC) et publi\u00e9 dans\u00a0la\u00a0Presse Canadienne.\u00a0<a href=\"https:\/\/leger360.com\/fr\/sondages\/infolettre-covid19\/\" target=\"_blank\" rel=\"noreferrer noopener\">Cette s\u00e9rie de sondages est disponible\u00a0pour vous\u00a0sur\u00a0le site web\u00a0de L\u00e9ger<\/a>.\u00a0<\/em><\/p>\n\n\n\n<p>Vous aimeriez recevoir nos sondages en exclusivit\u00e9?\u00a0<a href=\"https:\/\/leger360.com\/fr\/sondages\/infolettre-covid19\/\" target=\"_blank\" rel=\"noreferrer noopener\">Abonnez-vous \u00e0 notre infolettre<\/a>.<\/p>\n\n\n\n<h3 class=\"wp-block-heading\" id=\"h-controverse-a-l-universite-d-ottawa\">CONTROVERSE \u00c0 L&rsquo;UNIVERSIT\u00c9 D&rsquo;OTTAWA<\/h3>\n\n\n\n<ul class=\"wp-block-list\">\n<li>43% des Canadiens sont <strong>au courant de la r\u00e9cente controverse<\/strong> li\u00e9e \u00e0 l\u2019utilisation par une professeure de l\u2019Universit\u00e9 d\u2019Ottawa d\u2019un mot offensant en classe.\u200b\u00a0<\/li>\n\n\n\n<li>57% des Canadiens <strong>ont tendance \u00e0 soutenir la professeure plut\u00f4t que les \u00e9tudiants<\/strong> dans la controverse de l&rsquo;Universit\u00e9 d&rsquo;Ottawa.<\/li>\n\n\n\n<li>75% des Canadiens pensent que nous devrions <strong>prot\u00e9ger \u00e0 tout prix la libert\u00e9 d&rsquo;expression dans nos institutions d\u2019enseignement universitaire <\/strong>afin de permettre un libre \u00e9change des id\u00e9es et des opinions, tandis que 25% pensent que nous devrions <strong>limiter la libert\u00e9 d&rsquo;expression dans nos institutions d\u2019enseignement universitaire afin de proscrire certains mots ou expressions<\/strong> qui peuvent offenser certains groupes (quel que soit le contexte).\u00a0<\/li>\n<\/ul>\n\n\n\n<figure class=\"wp-block-image aligncenter size-large is-resized\"><img decoding=\"async\" src=\"https:\/\/leger360.com\/wp-content\/uploads\/2024\/02\/University-of-Ottawa_FR-1024x1024.jpg\" alt=\"\" class=\"wp-image-28317\" style=\"width:600px\" width=\"600\"\/><\/figure>\n\n\n\n<h3 class=\"wp-block-heading\" id=\"h-covid-19\">COVID-19<\/h3>\n\n\n\n<ul class=\"wp-block-list\">\n<li>14% des Canadiens et 25% des Am\u00e9ricains pensent que <strong>leur gouvernement f\u00e9d\u00e9ral g\u00e8re mieux la deuxi\u00e8me vague<\/strong> de la pand\u00e9mie de la COVID-19 <strong>que la premi\u00e8re vague<\/strong>.<\/li>\n\n\n\n<li>La proportion de Canadiens (30%) qui pensent que <strong>nous vivons actuellement le pire de la crise<\/strong> de la COVID-19 <strong>continue d\u2019augmenter<\/strong>.<\/li>\n<\/ul>\n\n\n\n<figure class=\"wp-block-image aligncenter size-large is-resized\"><img decoding=\"async\" src=\"https:\/\/leger360.com\/wp-content\/uploads\/2024\/02\/Federal-Governments-Managing-COVID_FR-1-1024x1024.jpg\" alt=\"\" class=\"wp-image-28317\" style=\"width:600px\" width=\"600\"\/><\/figure>\n\n\n\n<h3 class=\"wp-block-heading\" id=\"h-methodologie-du-sondage\">M\u00c9THODOLOGIE DU SONDAGE\u00a0<\/h3>\n\n\n\n<p><strong>Sondage web\u00a0<\/strong>r\u00e9alis\u00e9 du\u00a0<strong>23 au 25 octobre 2020<\/strong>\u00a0aupr\u00e8s de\u00a0<strong>1 523 Canadiens<\/strong>\u00a0et\u00a0<strong>1 000 Am\u00e9ricains<\/strong>, \u00e2g\u00e9s de 18 ans ou plus, recrut\u00e9s al\u00e9atoirement \u00e0 partir du panel en ligne LEO.<\/p>\n\n\n\n<p>Une marge d\u2019erreur ne peut pas \u00eatre associ\u00e9e \u00e0 un \u00e9chantillon non probabiliste dans le cadre d\u2019une enqu\u00eate par panel. \u00c0 des fins de comparaison, un \u00e9chantillon probabiliste de cette taille aurait\u00a0<strong>une marge d\u2019erreur de \u00b1 2,51%, et ce, 19 fois sur 20\u00a0<\/strong>pour l\u2019\u00e9chantillon canadien et de<strong> \u00b1 3,1%, et ce, 19 fois sur 20<\/strong>\u00a0pour l\u2019\u00e9chantillon am\u00e9ricain.<\/p>\n\n\n\n<h3 class=\"wp-block-heading\" id=\"h-ce-rapport-contient-les-resultats-aux-questions-suivantes\">CE\u00a0RAPPORT CONTIENT LES R\u00c9SULTATS AUX QUESTIONS SUIVANTES. <\/h3>\n\n\n\n<ul class=\"wp-block-list\">\n<li>Avez-vous lu, vu ou entendu parler d\u2019une controverse r\u00e9cente \u00e0 l\u2019Universit\u00e9 d\u2019Ottawa quant \u00e0 l\u2019utilisation par une professeure de certains mots offensants en classe?<\/li>\n\n\n\n<li>De votre point de vue, comment pensez-vous que le gouvernement f\u00e9d\u00e9ral a g\u00e9r\u00e9 la deuxi\u00e8me vague de la pand\u00e9mie de la COVID-19 par rapport \u00e0 la fa\u00e7on dont il a g\u00e9r\u00e9 la premi\u00e8re vague en mars\/avril de cette ann\u00e9e. Est-ce qu&rsquo;il\u2026?<\/li>\n\n\n\n<li>Qu&rsquo;est-ce que le gouvernement f\u00e9d\u00e9ral fait de mieux? Qu&rsquo;est-ce que le gouvernement f\u00e9d\u00e9ral fait de pire?<\/li>\n\n\n\n<li>De votre point de vue, comment pensez-vous que votre gouvernement provincial\/des \u00e9tats a g\u00e9r\u00e9 la deuxi\u00e8me vague de la pand\u00e9mie de la COVID-19 par rapport \u00e0 la fa\u00e7on dont il a g\u00e9r\u00e9 la premi\u00e8re vague en mars\/avril de cette ann\u00e9e. Est-ce qu&rsquo;il\u2026?<\/li>\n\n\n\n<li>Qu&rsquo;est-ce que votre gouvernement provincial\/des \u00e9tats fait de mieux? Qu&rsquo;est-ce que votre gouvernement provincial\/des \u00e9tats fait de pire?<\/li>\n<\/ul>\n\n\n\n<h2 class=\"wp-block-heading\" id=\"h-telechargez-le-rapport-ci-dessous\">T\u00c9L\u00c9CHARGEZ LE RAPPORT CI-DESSOUS.<\/h2>\n","protected":false},"excerpt":{"rendered":"<p>T\u00c9L\u00c9CHARGEZ LE\u00a0RAPPORT AU BAS DE L\u2019ARTICLE. Chaque semaine, nous sondons les Canadiens et les Am\u00e9ricains afin d\u2019explorer leur point de vue sur la COVID-19\u00a0et\u00a0d\u2019autres sujets d\u2019actualit\u00e9. Restez \u00e0 jour sur les derni\u00e8res tendances et d\u00e9couvrez nos plus r\u00e9cents\u00a0r\u00e9sultats ci-dessous. Ce sondage est r\u00e9alis\u00e9 en collaboration avec\u00a0l\u2019Association d\u2019\u00e9tudes canadiennes (AEC) et publi\u00e9 dans\u00a0la\u00a0Presse Canadienne.\u00a0Cette s\u00e9rie de [&hellip;]<\/p>\n","protected":false},"author":2,"featured_media":8832,"comment_status":"closed","ping_status":"closed","sticky":false,"template":"","format":"standard","meta":{"_acf_changed":false,"_et_pb_use_builder":"","_et_pb_old_content":"","_et_gb_content_width":"","content-type":"","inline_featured_image":false,"footnotes":""},"categories":[34],"tags":[],"post_language_cat":[39],"class_list":["post-14795","post","type-post","status-publish","format-standard","has-post-thumbnail","hentry","category-market-intelligence","post_language_cat-fr-market-intelligence"],"acf":[],"yoast_head":"<!-- This site is optimized with the Yoast SEO Premium plugin v27.4 (Yoast SEO v27.4) - https:\/\/yoast.com\/product\/yoast-seo-premium-wordpress\/ -->\n<title>Sondage hebdomadaire de L\u00e9ger - 27 octobre 2020 - Leger<\/title>\n<meta name=\"robots\" content=\"index, follow, max-snippet:-1, max-image-preview:large, max-video-preview:-1\" \/>\n<link rel=\"canonical\" href=\"https:\/\/leger360.com\/fr\/sondage-hebdomadaire-de-leger-27-octobre-2020\/\" \/>\n<meta property=\"og:locale\" content=\"fr_CA\" \/>\n<meta property=\"og:type\" content=\"article\" \/>\n<meta property=\"og:title\" content=\"Sondage hebdomadaire de L\u00e9ger - 27 octobre 2020\" \/>\n<meta property=\"og:description\" content=\"T\u00c9L\u00c9CHARGEZ LE\u00a0RAPPORT AU BAS DE L\u2019ARTICLE. Chaque semaine, nous sondons les Canadiens et les Am\u00e9ricains afin d\u2019explorer leur point de vue sur la COVID-19\u00a0et\u00a0d\u2019autres sujets d\u2019actualit\u00e9. Restez \u00e0 jour sur les derni\u00e8res tendances et d\u00e9couvrez nos plus r\u00e9cents\u00a0r\u00e9sultats ci-dessous. Ce sondage est r\u00e9alis\u00e9 en collaboration avec\u00a0l\u2019Association d\u2019\u00e9tudes canadiennes (AEC) et publi\u00e9 dans\u00a0la\u00a0Presse Canadienne.\u00a0Cette s\u00e9rie de [&hellip;]\" \/>\n<meta property=\"og:url\" content=\"https:\/\/leger360.com\/fr\/sondage-hebdomadaire-de-leger-27-octobre-2020\/\" \/>\n<meta property=\"og:site_name\" content=\"Leger\" \/>\n<meta property=\"article:publisher\" content=\"https:\/\/www.facebook.com\/leger360\/\" \/>\n<meta property=\"article:published_time\" content=\"2020-10-27T10:00:00+00:00\" \/>\n<meta property=\"article:modified_time\" content=\"2024-02-09T09:10:52+00:00\" \/>\n<meta property=\"og:image\" content=\"https:\/\/leger360.com\/wp-content\/uploads\/2024\/02\/shutterstock_1811919682-1.jpg\" \/>\n\t<meta property=\"og:image:width\" content=\"1000\" \/>\n\t<meta property=\"og:image:height\" content=\"750\" \/>\n\t<meta property=\"og:image:type\" content=\"image\/jpeg\" \/>\n<meta name=\"author\" content=\"Jason Anthony\" \/>\n<meta name=\"twitter:card\" content=\"summary_large_image\" \/>\n<meta name=\"twitter:creator\" content=\"@leger360\" \/>\n<meta name=\"twitter:site\" content=\"@leger360\" \/>\n<meta name=\"twitter:label1\" content=\"\u00c9crit par\" \/>\n\t<meta name=\"twitter:data1\" content=\"Jason Anthony\" \/>\n\t<meta name=\"twitter:label2\" content=\"Estimation du temps de lecture\" \/>\n\t<meta name=\"twitter:data2\" content=\"3 minutes\" \/>\n<script type=\"application\/ld+json\" class=\"yoast-schema-graph\">{\"@context\":\"https:\\\/\\\/schema.org\",\"@graph\":[{\"@type\":\"Article\",\"@id\":\"https:\\\/\\\/leger360.com\\\/fr\\\/sondage-hebdomadaire-de-leger-27-octobre-2020\\\/#article\",\"isPartOf\":{\"@id\":\"https:\\\/\\\/leger360.com\\\/fr\\\/sondage-hebdomadaire-de-leger-27-octobre-2020\\\/\"},\"author\":{\"name\":\"Jason Anthony\",\"@id\":\"https:\\\/\\\/leger360.com\\\/fr\\\/#\\\/schema\\\/person\\\/34dfccb7aa46dcd4085221008ca51ac9\"},\"headline\":\"Sondage hebdomadaire de L\u00e9ger &#8211; 27 octobre 2020\",\"datePublished\":\"2020-10-27T10:00:00+00:00\",\"dateModified\":\"2024-02-09T09:10:52+00:00\",\"mainEntityOfPage\":{\"@id\":\"https:\\\/\\\/leger360.com\\\/fr\\\/sondage-hebdomadaire-de-leger-27-octobre-2020\\\/\"},\"wordCount\":559,\"publisher\":{\"@id\":\"https:\\\/\\\/leger360.com\\\/fr\\\/#organization\"},\"image\":{\"@id\":\"https:\\\/\\\/leger360.com\\\/fr\\\/sondage-hebdomadaire-de-leger-27-octobre-2020\\\/#primaryimage\"},\"thumbnailUrl\":\"https:\\\/\\\/leger360.com\\\/wp-content\\\/uploads\\\/2024\\\/02\\\/shutterstock_1811919682-1.jpg\",\"articleSection\":[\"Market intelligence\"],\"inLanguage\":\"fr-CA\"},{\"@type\":\"WebPage\",\"@id\":\"https:\\\/\\\/leger360.com\\\/fr\\\/sondage-hebdomadaire-de-leger-27-octobre-2020\\\/\",\"url\":\"https:\\\/\\\/leger360.com\\\/fr\\\/sondage-hebdomadaire-de-leger-27-octobre-2020\\\/\",\"name\":\"Sondage hebdomadaire de L\u00e9ger - 27 octobre 2020 - Leger\",\"isPartOf\":{\"@id\":\"https:\\\/\\\/leger360.com\\\/fr\\\/#website\"},\"primaryImageOfPage\":{\"@id\":\"https:\\\/\\\/leger360.com\\\/fr\\\/sondage-hebdomadaire-de-leger-27-octobre-2020\\\/#primaryimage\"},\"image\":{\"@id\":\"https:\\\/\\\/leger360.com\\\/fr\\\/sondage-hebdomadaire-de-leger-27-octobre-2020\\\/#primaryimage\"},\"thumbnailUrl\":\"https:\\\/\\\/leger360.com\\\/wp-content\\\/uploads\\\/2024\\\/02\\\/shutterstock_1811919682-1.jpg\",\"datePublished\":\"2020-10-27T10:00:00+00:00\",\"dateModified\":\"2024-02-09T09:10:52+00:00\",\"breadcrumb\":{\"@id\":\"https:\\\/\\\/leger360.com\\\/fr\\\/sondage-hebdomadaire-de-leger-27-octobre-2020\\\/#breadcrumb\"},\"inLanguage\":\"fr-CA\",\"potentialAction\":[{\"@type\":\"ReadAction\",\"target\":[\"https:\\\/\\\/leger360.com\\\/fr\\\/sondage-hebdomadaire-de-leger-27-octobre-2020\\\/\"]}]},{\"@type\":\"ImageObject\",\"inLanguage\":\"fr-CA\",\"@id\":\"https:\\\/\\\/leger360.com\\\/fr\\\/sondage-hebdomadaire-de-leger-27-octobre-2020\\\/#primaryimage\",\"url\":\"https:\\\/\\\/leger360.com\\\/wp-content\\\/uploads\\\/2024\\\/02\\\/shutterstock_1811919682-1.jpg\",\"contentUrl\":\"https:\\\/\\\/leger360.com\\\/wp-content\\\/uploads\\\/2024\\\/02\\\/shutterstock_1811919682-1.jpg\",\"width\":1000,\"height\":750},{\"@type\":\"BreadcrumbList\",\"@id\":\"https:\\\/\\\/leger360.com\\\/fr\\\/sondage-hebdomadaire-de-leger-27-octobre-2020\\\/#breadcrumb\",\"itemListElement\":[{\"@type\":\"ListItem\",\"position\":1,\"name\":\"Home\",\"item\":\"https:\\\/\\\/leger360.com\\\/fr\\\/\"},{\"@type\":\"ListItem\",\"position\":2,\"name\":\"Sondage hebdomadaire de L\u00e9ger &#8211; 27 octobre 2020\"}]},{\"@type\":\"WebSite\",\"@id\":\"https:\\\/\\\/leger360.com\\\/fr\\\/#website\",\"url\":\"https:\\\/\\\/leger360.com\\\/fr\\\/\",\"name\":\"Leger\",\"description\":\"Market Research | Data Analytics\",\"publisher\":{\"@id\":\"https:\\\/\\\/leger360.com\\\/fr\\\/#organization\"},\"potentialAction\":[{\"@type\":\"SearchAction\",\"target\":{\"@type\":\"EntryPoint\",\"urlTemplate\":\"https:\\\/\\\/leger360.com\\\/fr\\\/?s={search_term_string}\"},\"query-input\":{\"@type\":\"PropertyValueSpecification\",\"valueRequired\":true,\"valueName\":\"search_term_string\"}}],\"inLanguage\":\"fr-CA\"},{\"@type\":\"Organization\",\"@id\":\"https:\\\/\\\/leger360.com\\\/fr\\\/#organization\",\"name\":\"Leger\",\"url\":\"https:\\\/\\\/leger360.com\\\/fr\\\/\",\"logo\":{\"@type\":\"ImageObject\",\"inLanguage\":\"fr-CA\",\"@id\":\"https:\\\/\\\/leger360.com\\\/fr\\\/#\\\/schema\\\/logo\\\/image\\\/\",\"url\":\"https:\\\/\\\/leger360.com\\\/wp-content\\\/uploads\\\/2024\\\/04\\\/2022-Logo-Leger-Blackred-g.png\",\"contentUrl\":\"https:\\\/\\\/leger360.com\\\/wp-content\\\/uploads\\\/2024\\\/04\\\/2022-Logo-Leger-Blackred-g.png\",\"width\":1195,\"height\":686,\"caption\":\"Leger\"},\"image\":{\"@id\":\"https:\\\/\\\/leger360.com\\\/fr\\\/#\\\/schema\\\/logo\\\/image\\\/\"},\"sameAs\":[\"https:\\\/\\\/www.facebook.com\\\/leger360\\\/\",\"https:\\\/\\\/x.com\\\/leger360\",\"https:\\\/\\\/www.linkedin.com\\\/company\\\/leger360\\\/\"],\"description\":\"Leger is one of North America\u2019s fastest-growing market research companies, known for our forward-thinking experts and innovative approaches powered by artificial intelligence (AI) technologies.\"},{\"@type\":\"Person\",\"@id\":\"https:\\\/\\\/leger360.com\\\/fr\\\/#\\\/schema\\\/person\\\/34dfccb7aa46dcd4085221008ca51ac9\",\"name\":\"Jason Anthony\",\"image\":{\"@type\":\"ImageObject\",\"inLanguage\":\"fr-CA\",\"@id\":\"https:\\\/\\\/secure.gravatar.com\\\/avatar\\\/b8d3134f69c631184566a5436407f9384b5e28c50ff3915e13c50c0c730b64f8?s=96&d=mm&r=g\",\"url\":\"https:\\\/\\\/secure.gravatar.com\\\/avatar\\\/b8d3134f69c631184566a5436407f9384b5e28c50ff3915e13c50c0c730b64f8?s=96&d=mm&r=g\",\"contentUrl\":\"https:\\\/\\\/secure.gravatar.com\\\/avatar\\\/b8d3134f69c631184566a5436407f9384b5e28c50ff3915e13c50c0c730b64f8?s=96&d=mm&r=g\",\"caption\":\"Jason Anthony\"}}]}<\/script>\n<!-- \/ Yoast SEO Premium plugin. -->","yoast_head_json":{"title":"Sondage hebdomadaire de L\u00e9ger - 27 octobre 2020 - Leger","robots":{"index":"index","follow":"follow","max-snippet":"max-snippet:-1","max-image-preview":"max-image-preview:large","max-video-preview":"max-video-preview:-1"},"canonical":"https:\/\/leger360.com\/fr\/sondage-hebdomadaire-de-leger-27-octobre-2020\/","og_locale":"fr_CA","og_type":"article","og_title":"Sondage hebdomadaire de L\u00e9ger - 27 octobre 2020","og_description":"T\u00c9L\u00c9CHARGEZ LE\u00a0RAPPORT AU BAS DE L\u2019ARTICLE. Chaque semaine, nous sondons les Canadiens et les Am\u00e9ricains afin d\u2019explorer leur point de vue sur la COVID-19\u00a0et\u00a0d\u2019autres sujets d\u2019actualit\u00e9. Restez \u00e0 jour sur les derni\u00e8res tendances et d\u00e9couvrez nos plus r\u00e9cents\u00a0r\u00e9sultats ci-dessous. Ce sondage est r\u00e9alis\u00e9 en collaboration avec\u00a0l\u2019Association d\u2019\u00e9tudes canadiennes (AEC) et publi\u00e9 dans\u00a0la\u00a0Presse Canadienne.\u00a0Cette s\u00e9rie de [&hellip;]","og_url":"https:\/\/leger360.com\/fr\/sondage-hebdomadaire-de-leger-27-octobre-2020\/","og_site_name":"Leger","article_publisher":"https:\/\/www.facebook.com\/leger360\/","article_published_time":"2020-10-27T10:00:00+00:00","article_modified_time":"2024-02-09T09:10:52+00:00","og_image":[{"width":1000,"height":750,"url":"https:\/\/leger360.com\/wp-content\/uploads\/2024\/02\/shutterstock_1811919682-1.jpg","type":"image\/jpeg"}],"author":"Jason Anthony","twitter_card":"summary_large_image","twitter_creator":"@leger360","twitter_site":"@leger360","twitter_misc":{"\u00c9crit par":"Jason Anthony","Estimation du temps de lecture":"3 minutes"},"schema":{"@context":"https:\/\/schema.org","@graph":[{"@type":"Article","@id":"https:\/\/leger360.com\/fr\/sondage-hebdomadaire-de-leger-27-octobre-2020\/#article","isPartOf":{"@id":"https:\/\/leger360.com\/fr\/sondage-hebdomadaire-de-leger-27-octobre-2020\/"},"author":{"name":"Jason Anthony","@id":"https:\/\/leger360.com\/fr\/#\/schema\/person\/34dfccb7aa46dcd4085221008ca51ac9"},"headline":"Sondage hebdomadaire de L\u00e9ger &#8211; 27 octobre 2020","datePublished":"2020-10-27T10:00:00+00:00","dateModified":"2024-02-09T09:10:52+00:00","mainEntityOfPage":{"@id":"https:\/\/leger360.com\/fr\/sondage-hebdomadaire-de-leger-27-octobre-2020\/"},"wordCount":559,"publisher":{"@id":"https:\/\/leger360.com\/fr\/#organization"},"image":{"@id":"https:\/\/leger360.com\/fr\/sondage-hebdomadaire-de-leger-27-octobre-2020\/#primaryimage"},"thumbnailUrl":"https:\/\/leger360.com\/wp-content\/uploads\/2024\/02\/shutterstock_1811919682-1.jpg","articleSection":["Market intelligence"],"inLanguage":"fr-CA"},{"@type":"WebPage","@id":"https:\/\/leger360.com\/fr\/sondage-hebdomadaire-de-leger-27-octobre-2020\/","url":"https:\/\/leger360.com\/fr\/sondage-hebdomadaire-de-leger-27-octobre-2020\/","name":"Sondage hebdomadaire de L\u00e9ger - 27 octobre 2020 - Leger","isPartOf":{"@id":"https:\/\/leger360.com\/fr\/#website"},"primaryImageOfPage":{"@id":"https:\/\/leger360.com\/fr\/sondage-hebdomadaire-de-leger-27-octobre-2020\/#primaryimage"},"image":{"@id":"https:\/\/leger360.com\/fr\/sondage-hebdomadaire-de-leger-27-octobre-2020\/#primaryimage"},"thumbnailUrl":"https:\/\/leger360.com\/wp-content\/uploads\/2024\/02\/shutterstock_1811919682-1.jpg","datePublished":"2020-10-27T10:00:00+00:00","dateModified":"2024-02-09T09:10:52+00:00","breadcrumb":{"@id":"https:\/\/leger360.com\/fr\/sondage-hebdomadaire-de-leger-27-octobre-2020\/#breadcrumb"},"inLanguage":"fr-CA","potentialAction":[{"@type":"ReadAction","target":["https:\/\/leger360.com\/fr\/sondage-hebdomadaire-de-leger-27-octobre-2020\/"]}]},{"@type":"ImageObject","inLanguage":"fr-CA","@id":"https:\/\/leger360.com\/fr\/sondage-hebdomadaire-de-leger-27-octobre-2020\/#primaryimage","url":"https:\/\/leger360.com\/wp-content\/uploads\/2024\/02\/shutterstock_1811919682-1.jpg","contentUrl":"https:\/\/leger360.com\/wp-content\/uploads\/2024\/02\/shutterstock_1811919682-1.jpg","width":1000,"height":750},{"@type":"BreadcrumbList","@id":"https:\/\/leger360.com\/fr\/sondage-hebdomadaire-de-leger-27-octobre-2020\/#breadcrumb","itemListElement":[{"@type":"ListItem","position":1,"name":"Home","item":"https:\/\/leger360.com\/fr\/"},{"@type":"ListItem","position":2,"name":"Sondage hebdomadaire de L\u00e9ger &#8211; 27 octobre 2020"}]},{"@type":"WebSite","@id":"https:\/\/leger360.com\/fr\/#website","url":"https:\/\/leger360.com\/fr\/","name":"Leger","description":"Market Research | Data Analytics","publisher":{"@id":"https:\/\/leger360.com\/fr\/#organization"},"potentialAction":[{"@type":"SearchAction","target":{"@type":"EntryPoint","urlTemplate":"https:\/\/leger360.com\/fr\/?s={search_term_string}"},"query-input":{"@type":"PropertyValueSpecification","valueRequired":true,"valueName":"search_term_string"}}],"inLanguage":"fr-CA"},{"@type":"Organization","@id":"https:\/\/leger360.com\/fr\/#organization","name":"Leger","url":"https:\/\/leger360.com\/fr\/","logo":{"@type":"ImageObject","inLanguage":"fr-CA","@id":"https:\/\/leger360.com\/fr\/#\/schema\/logo\/image\/","url":"https:\/\/leger360.com\/wp-content\/uploads\/2024\/04\/2022-Logo-Leger-Blackred-g.png","contentUrl":"https:\/\/leger360.com\/wp-content\/uploads\/2024\/04\/2022-Logo-Leger-Blackred-g.png","width":1195,"height":686,"caption":"Leger"},"image":{"@id":"https:\/\/leger360.com\/fr\/#\/schema\/logo\/image\/"},"sameAs":["https:\/\/www.facebook.com\/leger360\/","https:\/\/x.com\/leger360","https:\/\/www.linkedin.com\/company\/leger360\/"],"description":"Leger is one of North America\u2019s fastest-growing market research companies, known for our forward-thinking experts and innovative approaches powered by artificial intelligence (AI) technologies."},{"@type":"Person","@id":"https:\/\/leger360.com\/fr\/#\/schema\/person\/34dfccb7aa46dcd4085221008ca51ac9","name":"Jason Anthony","image":{"@type":"ImageObject","inLanguage":"fr-CA","@id":"https:\/\/secure.gravatar.com\/avatar\/b8d3134f69c631184566a5436407f9384b5e28c50ff3915e13c50c0c730b64f8?s=96&d=mm&r=g","url":"https:\/\/secure.gravatar.com\/avatar\/b8d3134f69c631184566a5436407f9384b5e28c50ff3915e13c50c0c730b64f8?s=96&d=mm&r=g","contentUrl":"https:\/\/secure.gravatar.com\/avatar\/b8d3134f69c631184566a5436407f9384b5e28c50ff3915e13c50c0c730b64f8?s=96&d=mm&r=g","caption":"Jason Anthony"}}]}},"_links":{"self":[{"href":"https:\/\/leger360.com\/fr\/wp-json\/wp\/v2\/posts\/14795","targetHints":{"allow":["GET"]}}],"collection":[{"href":"https:\/\/leger360.com\/fr\/wp-json\/wp\/v2\/posts"}],"about":[{"href":"https:\/\/leger360.com\/fr\/wp-json\/wp\/v2\/types\/post"}],"author":[{"embeddable":true,"href":"https:\/\/leger360.com\/fr\/wp-json\/wp\/v2\/users\/2"}],"replies":[{"embeddable":true,"href":"https:\/\/leger360.com\/fr\/wp-json\/wp\/v2\/comments?post=14795"}],"version-history":[{"count":0,"href":"https:\/\/leger360.com\/fr\/wp-json\/wp\/v2\/posts\/14795\/revisions"}],"wp:featuredmedia":[{"embeddable":true,"href":"https:\/\/leger360.com\/fr\/wp-json\/wp\/v2\/media\/8832"}],"wp:attachment":[{"href":"https:\/\/leger360.com\/fr\/wp-json\/wp\/v2\/media?parent=14795"}],"wp:term":[{"taxonomy":"category","embeddable":true,"href":"https:\/\/leger360.com\/fr\/wp-json\/wp\/v2\/categories?post=14795"},{"taxonomy":"post_tag","embeddable":true,"href":"https:\/\/leger360.com\/fr\/wp-json\/wp\/v2\/tags?post=14795"},{"taxonomy":"post_language_cat","embeddable":true,"href":"https:\/\/leger360.com\/fr\/wp-json\/wp\/v2\/post_language_cat?post=14795"}],"curies":[{"name":"wp","href":"https:\/\/api.w.org\/{rel}","templated":true}]}}