{"id":14857,"date":"2021-01-20T18:00:00","date_gmt":"2021-01-20T18:00:00","guid":{"rendered":"https:\/\/leger360.com\/leger-presente-une-serie-sur-la-jeunesse\/"},"modified":"2025-06-05T16:31:57","modified_gmt":"2025-06-05T20:31:57","slug":"etude-jeunesse-2021-leger-webinaires","status":"publish","type":"post","link":"https:\/\/leger360.com\/fr\/etude-jeunesse-2021-leger-webinaires\/","title":{"rendered":"\u00c9tude Jeunesse 2021 : habitudes et \u00e9tat d\u2019esprit de la G\u00e9n\u00e9ration Z et des Mill\u00e9niaux au Canada"},"content":{"rendered":"\n<h2 class=\"wp-block-heading\" id=\"h-4-webinaires-pour-mieux-comprendre-les-milleniaux-et-la-generation-z\">4 webinaires pour mieux comprendre les mill\u00e9niaux et la g\u00e9n\u00e9ration Z<\/h2>\n\n\n\n<h6 class=\"wp-block-heading\" id=\"h-ces-webinaires-sont-gratuits-mais-vous-devez-vous-inscrire-pour-y-participer-vous-n-etes-pas-disponible-au-moment-de-la-nbsp-diffusion-nbsp-inscrivez-vous-et-vous-recevrez-la-video-du-webinaire-suivant-sa-presentation-nbsp\">Ces webinaires sont gratuits, mais vous devez vous inscrire pour y participer. Vous n&rsquo;\u00eates pas disponible au moment de la&nbsp;diffusion?&nbsp;Inscrivez-vous et vous recevrez la vid\u00e9o du webinaire suivant sa pr\u00e9sentation.&nbsp;<\/h6>\n\n\n\n<ul class=\"wp-block-list\">\n<li>Portrait des jeunes\u00a0g\u00e9n\u00e9rations\u00a0d\u2019aujourd\u2019hui &#8211; <a href=\"https:\/\/leger360.com\/fr\/evenements\/webinaire-portrait-des-jeunes-generations-daujourdhui\/\">VISIONNEZ LE WEBINAIRE<\/a><\/li>\n\n\n\n<li>\u00c9tat de leur portefeuille\u00a0&#8211; <a href=\"https:\/\/leger360.com\/fr\/evenements\/webinaire-etat-de-leur-portefeuille\/\">VISIONNEZ LE WEBINAIRE<\/a><\/li>\n\n\n\n<li>Regard\u00a0sur leur\u00a0sant\u00e9 mentale : anxi\u00e9t\u00e9\u00a0et bien-\u00eatre num\u00e9rique &#8211;  <a href=\"https:\/\/leger360.com\/fr\/evenements\/webinaire-regard-sur-leur-sante-mentale-anxiete-et-bien-etre-numerique\/\">VISIONNEZ LE WEBINAIRE<\/a><\/li>\n\n\n\n<li>Portrait des cr\u00e9ateurs de contenu canadiens :\u00a0\u00e9tat du marketing d\u2019influence au Canada &#8211; <a href=\"https:\/\/leger360.com\/fr\/evenements\/webinaire-portrait-des-createurs-de-contenu-canadiens-etat-du-marketing-dinfluence-au-canada\/\">VISIONNEZ LE WEBINAIRE<\/a><\/li>\n<\/ul>\n\n\n\n<p><\/p>\n\n\n\n<p><\/p>\n\n\n\n<figure class=\"wp-block-image aligncenter size-large is-resized\"><img decoding=\"async\" src=\"https:\/\/leger360.com\/wp-content\/uploads\/2024\/02\/Webinaire-1.jpg\" alt=\"\" class=\"wp-image-29270\" style=\"width:800px\"\/><\/figure>\n\n\n\n<hr class=\"wp-block-separator has-css-opacity\"\/>\n\n\n\n<h2 class=\"wp-block-heading\" id=\"h-ce-n-est-pas-exagere-de-le-dire-l-annee-2020-marquera-profondement-toutes-les-generations-nbsp-nbsp\">Ce n\u2019est pas exag\u00e9r\u00e9 de le dire : l\u2019ann\u00e9e 2020 marquera profond\u00e9ment toutes les g\u00e9n\u00e9rations.&nbsp;&nbsp;<\/h2>\n\n\n\n<p>Chez L\u00e9ger, nous avons voulu comprendre comment l\u2019ann\u00e9e 2020 influencera la g\u00e9n\u00e9ration Z et la g\u00e9n\u00e9ration mill\u00e9niale&nbsp;dans l\u2019avenir. 2020 a \u00e9t\u00e9 difficile pour plusieurs, mais pour d\u2019autres, elle a \u00e9t\u00e9 une occasion de se remettre en question, de prendre position sur diff\u00e9rents enjeux, d\u2019adopter de nouvelles habitudes, et d\u2019apporter des changements significatifs dans leur vie.&nbsp;&nbsp;<\/p>\n\n\n\n<h3 class=\"wp-block-heading\" id=\"h-2020-influencera-a-jamais-la-trajectoire-des-jeunes-canadiens-leur-vie-en-sera-marquee-nbsp-a-jamais-nbsp-nbsp\">2020 influencera \u00e0 jamais la trajectoire des jeunes canadiens. Leur vie en sera marqu\u00e9e&nbsp;\u00e0 jamais.&nbsp;&nbsp;<\/h3>\n\n\n\n<p>Pour comprendre cette nouvelle trajectoire, L\u00e9ger pr\u00e9sente la 3<sup>e<\/sup>&nbsp;\u00e9dition de son \u00c9tude Jeunesse 2020-2021. L\u2019\u00c9tude,&nbsp;qui&nbsp;sonde&nbsp;plus de 3\u202f000 jeunes \u00e0 travers le pays, brosse un portrait global, explicatif et quantifi\u00e9 de la g\u00e9n\u00e9ration Z et de la g\u00e9n\u00e9ration mill\u00e9niale.&nbsp;&nbsp;<\/p>\n\n\n\n<p>Comment la pand\u00e9mie de la COVID-19 influencera-t-elle&nbsp;les valeurs, les comportements et l\u2019\u00e9tat d\u2019esprit des jeunes canadiens, de 13 \u00e0 39&nbsp;ans?&nbsp;Voil\u00e0 \u00e0 quoi veut r\u00e9pondre l\u2019\u00c9tude Jeunesse 2020-2021.&nbsp;<\/p>\n\n\n\n<p>\u00c0 travers les r\u00e9sultats de&nbsp;cette 3<sup>e<\/sup>&nbsp;\u00e9dition de l\u2019\u00c9tude Jeunesse, nous sentons que les jeunes ont besoin d\u2019exprimer leur r\u00e9alit\u00e9 et leurs d\u00e9fis.&nbsp;&nbsp;<\/p>\n\n\n\n<p>L\u2019\u00c9tude Jeunesse d\u00e9sire \u00eatre l\u2019interm\u00e9diaire&nbsp;entre ces&nbsp;jeunes&nbsp;qui&nbsp;ont besoin de s\u2019exprimer et les entreprises.&nbsp;&nbsp;<\/p>\n\n\n\n<p>Dans ces temps d\u2019incertitude, vous avez besoin d\u2019eux pour continuer \u00e0 avancer.&nbsp;&nbsp;<\/p>\n\n\n\n<p>Cette ann\u00e9e marque \u00e9galement la collaboration de L\u00e9ger avec deux entreprises qui permettent d\u2019approfondir certains th\u00e8mes<\/p>\n\n\n\n<h3 class=\"wp-block-heading\" id=\"h-comprendre-leur-etat-d-esprit-nbsp\">Comprendre leur \u00e9tat d\u2019esprit&nbsp;<\/h3>\n\n\n\n<p>D\u2019abord, L\u00e9ger s\u2019est associ\u00e9e&nbsp;avec l\u2019organisme&nbsp;\u00e0 but non lucratif<em>&nbsp;<a href=\"https:\/\/leciel.ca\/\" target=\"_blank\" rel=\"noreferrer noopener\">Le CIEL<\/a><\/em>&nbsp;(<em>Centre pour l&rsquo;intelligence \u00e9motionnelle en ligne)<\/em>&nbsp;pour comprendre les habitudes, l\u2019\u00e9tat d\u2019esprit et l\u2019humeur des jeunes g\u00e9n\u00e9rations en ligne. L\u2019\u00c9tude Jeunesse 2018 et&nbsp;celle de&nbsp;2019 sonnaient&nbsp;d\u00e9j\u00e0&nbsp;l\u2019alarme sur la sant\u00e9 mentale chancelante des jeunes. En s\u2019associant avec&nbsp;<em>Le CIEL<\/em>, L\u00e9ger a voulu&nbsp;aller&nbsp;au-del\u00e0 du constat et expliquer ce qui se passait r\u00e9ellement dans la t\u00eate des jeunes canadiens.&nbsp;Ces r\u00e9sultats sont primordiaux pour&nbsp;toute&nbsp;entreprise d\u00e9sirant faire affaire avec ces nouvelles g\u00e9n\u00e9rations.&nbsp;<\/p>\n\n\n\n<h3 class=\"wp-block-heading\" id=\"h-une-premiere-etude-aupres-des-createurs-de-contenu-au-canada-nbsp\">Une premi\u00e8re \u00e9tude aupr\u00e8s des cr\u00e9ateurs de contenu au Canada&nbsp;<\/h3>\n\n\n\n<p>Ensuite, L\u00e9ger s\u2019associe avec l\u2019agence de marketing d&rsquo;influence&nbsp;<em><a href=\"https:\/\/www.clarkinfluence.com\/\" target=\"_blank\" rel=\"noreferrer noopener\">Clark&nbsp;Influence<\/a><\/em>&nbsp;pour mener la premi\u00e8re \u00e9tude de cas canadienne aupr\u00e8s des cr\u00e9ateurs de contenu, aussi commun\u00e9ment appel\u00e9s&nbsp;<em>influenceurs<\/em>. En sondant environ 150 cr\u00e9ateurs de contenu de&nbsp;toutes les cat\u00e9gories&nbsp;d\u2019influence, L\u00e9ger, en collaboration avec <em>Clark<\/em>, a voulu conna\u00eetre leurs pratiques, leurs peurs et leurs d\u00e9fis&nbsp;pour&nbsp;l\u2019avenir.&nbsp;<\/p>\n\n\n\n<p>Pour la premi\u00e8re fois, L\u00e9ger leur donne la parole.&nbsp;\u00c0&nbsp;vous, entreprises, de tendre&nbsp;l\u2019oreille!&nbsp;<\/p>\n\n\n\n<hr class=\"wp-block-separator has-css-opacity\"\/>\n\n\n\n<h2 class=\"wp-block-heading\" id=\"h-pour-obtenir-plus-d-information-sur-l-etude-jeunesse-contactez-nous-en-remplissant-le-formulaire-ci-dessous\">Pour obtenir plus d&rsquo;information sur l&rsquo;\u00c9tude Jeunesse, contactez-nous en remplissant le formulaire ci-dessous.<\/h2>\n\n\n\n<p>[mc4wp_form id=\u00a0\u00bb28529&Prime;]<\/p>\n","protected":false},"excerpt":{"rendered":"<p>4 webinaires pour mieux comprendre les mill\u00e9niaux et la g\u00e9n\u00e9ration Z Ces webinaires sont gratuits, mais vous devez vous inscrire pour y participer. Vous n&rsquo;\u00eates pas disponible au moment de la&nbsp;diffusion?&nbsp;Inscrivez-vous et vous recevrez la vid\u00e9o du webinaire suivant sa pr\u00e9sentation.&nbsp; Ce n\u2019est pas exag\u00e9r\u00e9 de le dire : l\u2019ann\u00e9e 2020 marquera profond\u00e9ment toutes les [&hellip;]<\/p>\n","protected":false},"author":2,"featured_media":8934,"comment_status":"closed","ping_status":"closed","sticky":false,"template":"","format":"standard","meta":{"_acf_changed":false,"_et_pb_use_builder":"","_et_pb_old_content":"","_et_gb_content_width":"","content-type":"","inline_featured_image":false,"footnotes":""},"categories":[34],"tags":[],"post_language_cat":[39],"class_list":["post-14857","post","type-post","status-publish","format-standard","has-post-thumbnail","hentry","category-market-intelligence","post_language_cat-fr-market-intelligence"],"acf":[],"yoast_head":"<!-- This site is optimized with the Yoast SEO Premium plugin v27.5 (Yoast SEO v27.5) - https:\/\/yoast.com\/product\/yoast-seo-premium-wordpress\/ -->\n<title>Aper\u00e7u de la G\u00e9n\u00e9ration Z et des Mill\u00e9niaux en 2021<\/title>\n<meta name=\"robots\" content=\"index, follow, max-snippet:-1, max-image-preview:large, max-video-preview:-1\" \/>\n<link rel=\"canonical\" href=\"https:\/\/leger360.com\/fr\/etude-jeunesse-2021-leger-webinaires\/\" \/>\n<meta property=\"og:locale\" content=\"fr_CA\" \/>\n<meta property=\"og:type\" content=\"article\" \/>\n<meta property=\"og:title\" content=\"\u00c9tude Jeunesse 2021 : habitudes et \u00e9tat d\u2019esprit de la G\u00e9n\u00e9ration Z et des Mill\u00e9niaux au Canada\" \/>\n<meta property=\"og:description\" content=\"4 webinaires pour mieux comprendre les mill\u00e9niaux et la g\u00e9n\u00e9ration Z Ces webinaires sont gratuits, mais vous devez vous inscrire pour y participer. Vous n&rsquo;\u00eates pas disponible au moment de la&nbsp;diffusion?&nbsp;Inscrivez-vous et vous recevrez la vid\u00e9o du webinaire suivant sa pr\u00e9sentation.&nbsp; Ce n\u2019est pas exag\u00e9r\u00e9 de le dire : l\u2019ann\u00e9e 2020 marquera profond\u00e9ment toutes les [&hellip;]\" \/>\n<meta property=\"og:url\" content=\"https:\/\/leger360.com\/fr\/etude-jeunesse-2021-leger-webinaires\/\" \/>\n<meta property=\"og:site_name\" content=\"Leger\" \/>\n<meta property=\"article:publisher\" content=\"https:\/\/www.facebook.com\/leger360\/\" \/>\n<meta property=\"article:published_time\" content=\"2021-01-20T18:00:00+00:00\" \/>\n<meta property=\"article:modified_time\" content=\"2025-06-05T20:31:57+00:00\" \/>\n<meta property=\"og:image\" content=\"https:\/\/leger360.com\/wp-content\/uploads\/2024\/02\/shutterstock_1784638148.jpg\" \/>\n\t<meta property=\"og:image:width\" content=\"1000\" \/>\n\t<meta property=\"og:image:height\" content=\"667\" \/>\n\t<meta property=\"og:image:type\" content=\"image\/jpeg\" \/>\n<meta name=\"author\" content=\"Jason Anthony\" \/>\n<meta name=\"twitter:card\" content=\"summary_large_image\" \/>\n<meta name=\"twitter:creator\" content=\"@leger360\" \/>\n<meta name=\"twitter:site\" content=\"@leger360\" \/>\n<meta name=\"twitter:label1\" content=\"\u00c9crit par\" \/>\n\t<meta name=\"twitter:data1\" content=\"Jason Anthony\" \/>\n\t<meta name=\"twitter:label2\" content=\"Estimation du temps de lecture\" \/>\n\t<meta name=\"twitter:data2\" content=\"3 minutes\" \/>\n<script type=\"application\/ld+json\" class=\"yoast-schema-graph\">{\"@context\":\"https:\\\/\\\/schema.org\",\"@graph\":[{\"@type\":\"Article\",\"@id\":\"https:\\\/\\\/leger360.com\\\/fr\\\/etude-jeunesse-2021-leger-webinaires\\\/#article\",\"isPartOf\":{\"@id\":\"https:\\\/\\\/leger360.com\\\/fr\\\/etude-jeunesse-2021-leger-webinaires\\\/\"},\"author\":{\"name\":\"Jason Anthony\",\"@id\":\"https:\\\/\\\/leger360.com\\\/fr\\\/#\\\/schema\\\/person\\\/34dfccb7aa46dcd4085221008ca51ac9\"},\"headline\":\"\u00c9tude Jeunesse 2021 : habitudes et \u00e9tat d\u2019esprit de la G\u00e9n\u00e9ration Z et des Mill\u00e9niaux au Canada\",\"datePublished\":\"2021-01-20T18:00:00+00:00\",\"dateModified\":\"2025-06-05T20:31:57+00:00\",\"mainEntityOfPage\":{\"@id\":\"https:\\\/\\\/leger360.com\\\/fr\\\/etude-jeunesse-2021-leger-webinaires\\\/\"},\"wordCount\":679,\"publisher\":{\"@id\":\"https:\\\/\\\/leger360.com\\\/fr\\\/#organization\"},\"image\":{\"@id\":\"https:\\\/\\\/leger360.com\\\/fr\\\/etude-jeunesse-2021-leger-webinaires\\\/#primaryimage\"},\"thumbnailUrl\":\"https:\\\/\\\/leger360.com\\\/wp-content\\\/uploads\\\/2024\\\/02\\\/shutterstock_1784638148.jpg\",\"articleSection\":[\"Market intelligence\"],\"inLanguage\":\"fr-CA\"},{\"@type\":\"WebPage\",\"@id\":\"https:\\\/\\\/leger360.com\\\/fr\\\/etude-jeunesse-2021-leger-webinaires\\\/\",\"url\":\"https:\\\/\\\/leger360.com\\\/fr\\\/etude-jeunesse-2021-leger-webinaires\\\/\",\"name\":\"Aper\u00e7u de la G\u00e9n\u00e9ration Z et des Mill\u00e9niaux en 2021\",\"isPartOf\":{\"@id\":\"https:\\\/\\\/leger360.com\\\/fr\\\/#website\"},\"primaryImageOfPage\":{\"@id\":\"https:\\\/\\\/leger360.com\\\/fr\\\/etude-jeunesse-2021-leger-webinaires\\\/#primaryimage\"},\"image\":{\"@id\":\"https:\\\/\\\/leger360.com\\\/fr\\\/etude-jeunesse-2021-leger-webinaires\\\/#primaryimage\"},\"thumbnailUrl\":\"https:\\\/\\\/leger360.com\\\/wp-content\\\/uploads\\\/2024\\\/02\\\/shutterstock_1784638148.jpg\",\"datePublished\":\"2021-01-20T18:00:00+00:00\",\"dateModified\":\"2025-06-05T20:31:57+00:00\",\"breadcrumb\":{\"@id\":\"https:\\\/\\\/leger360.com\\\/fr\\\/etude-jeunesse-2021-leger-webinaires\\\/#breadcrumb\"},\"inLanguage\":\"fr-CA\",\"potentialAction\":[{\"@type\":\"ReadAction\",\"target\":[\"https:\\\/\\\/leger360.com\\\/fr\\\/etude-jeunesse-2021-leger-webinaires\\\/\"]}]},{\"@type\":\"ImageObject\",\"inLanguage\":\"fr-CA\",\"@id\":\"https:\\\/\\\/leger360.com\\\/fr\\\/etude-jeunesse-2021-leger-webinaires\\\/#primaryimage\",\"url\":\"https:\\\/\\\/leger360.com\\\/wp-content\\\/uploads\\\/2024\\\/02\\\/shutterstock_1784638148.jpg\",\"contentUrl\":\"https:\\\/\\\/leger360.com\\\/wp-content\\\/uploads\\\/2024\\\/02\\\/shutterstock_1784638148.jpg\",\"width\":1000,\"height\":667},{\"@type\":\"BreadcrumbList\",\"@id\":\"https:\\\/\\\/leger360.com\\\/fr\\\/etude-jeunesse-2021-leger-webinaires\\\/#breadcrumb\",\"itemListElement\":[{\"@type\":\"ListItem\",\"position\":1,\"name\":\"Home\",\"item\":\"https:\\\/\\\/leger360.com\\\/fr\\\/\"},{\"@type\":\"ListItem\",\"position\":2,\"name\":\"\u00c9tude Jeunesse 2021 : habitudes et \u00e9tat d\u2019esprit de la G\u00e9n\u00e9ration Z et des Mill\u00e9niaux au Canada\"}]},{\"@type\":\"WebSite\",\"@id\":\"https:\\\/\\\/leger360.com\\\/fr\\\/#website\",\"url\":\"https:\\\/\\\/leger360.com\\\/fr\\\/\",\"name\":\"Leger\",\"description\":\"Market Research | Data Analytics\",\"publisher\":{\"@id\":\"https:\\\/\\\/leger360.com\\\/fr\\\/#organization\"},\"potentialAction\":[{\"@type\":\"SearchAction\",\"target\":{\"@type\":\"EntryPoint\",\"urlTemplate\":\"https:\\\/\\\/leger360.com\\\/fr\\\/?s={search_term_string}\"},\"query-input\":{\"@type\":\"PropertyValueSpecification\",\"valueRequired\":true,\"valueName\":\"search_term_string\"}}],\"inLanguage\":\"fr-CA\"},{\"@type\":\"Organization\",\"@id\":\"https:\\\/\\\/leger360.com\\\/fr\\\/#organization\",\"name\":\"Leger\",\"url\":\"https:\\\/\\\/leger360.com\\\/fr\\\/\",\"logo\":{\"@type\":\"ImageObject\",\"inLanguage\":\"fr-CA\",\"@id\":\"https:\\\/\\\/leger360.com\\\/fr\\\/#\\\/schema\\\/logo\\\/image\\\/\",\"url\":\"https:\\\/\\\/leger360.com\\\/wp-content\\\/uploads\\\/2024\\\/04\\\/2022-Logo-Leger-Blackred-g.png\",\"contentUrl\":\"https:\\\/\\\/leger360.com\\\/wp-content\\\/uploads\\\/2024\\\/04\\\/2022-Logo-Leger-Blackred-g.png\",\"width\":1195,\"height\":686,\"caption\":\"Leger\"},\"image\":{\"@id\":\"https:\\\/\\\/leger360.com\\\/fr\\\/#\\\/schema\\\/logo\\\/image\\\/\"},\"sameAs\":[\"https:\\\/\\\/www.facebook.com\\\/leger360\\\/\",\"https:\\\/\\\/x.com\\\/leger360\",\"https:\\\/\\\/www.linkedin.com\\\/company\\\/leger360\\\/\"],\"description\":\"Leger is one of North America\u2019s fastest-growing market research companies, known for our forward-thinking experts and innovative approaches powered by artificial intelligence (AI) technologies.\"},{\"@type\":\"Person\",\"@id\":\"https:\\\/\\\/leger360.com\\\/fr\\\/#\\\/schema\\\/person\\\/34dfccb7aa46dcd4085221008ca51ac9\",\"name\":\"Jason Anthony\",\"image\":{\"@type\":\"ImageObject\",\"inLanguage\":\"fr-CA\",\"@id\":\"https:\\\/\\\/secure.gravatar.com\\\/avatar\\\/b8d3134f69c631184566a5436407f9384b5e28c50ff3915e13c50c0c730b64f8?s=96&d=mm&r=g\",\"url\":\"https:\\\/\\\/secure.gravatar.com\\\/avatar\\\/b8d3134f69c631184566a5436407f9384b5e28c50ff3915e13c50c0c730b64f8?s=96&d=mm&r=g\",\"contentUrl\":\"https:\\\/\\\/secure.gravatar.com\\\/avatar\\\/b8d3134f69c631184566a5436407f9384b5e28c50ff3915e13c50c0c730b64f8?s=96&d=mm&r=g\",\"caption\":\"Jason Anthony\"}}]}<\/script>\n<!-- \/ Yoast SEO Premium plugin. -->","yoast_head_json":{"title":"Aper\u00e7u de la G\u00e9n\u00e9ration Z et des Mill\u00e9niaux en 2021","robots":{"index":"index","follow":"follow","max-snippet":"max-snippet:-1","max-image-preview":"max-image-preview:large","max-video-preview":"max-video-preview:-1"},"canonical":"https:\/\/leger360.com\/fr\/etude-jeunesse-2021-leger-webinaires\/","og_locale":"fr_CA","og_type":"article","og_title":"\u00c9tude Jeunesse 2021 : habitudes et \u00e9tat d\u2019esprit de la G\u00e9n\u00e9ration Z et des Mill\u00e9niaux au Canada","og_description":"4 webinaires pour mieux comprendre les mill\u00e9niaux et la g\u00e9n\u00e9ration Z Ces webinaires sont gratuits, mais vous devez vous inscrire pour y participer. Vous n&rsquo;\u00eates pas disponible au moment de la&nbsp;diffusion?&nbsp;Inscrivez-vous et vous recevrez la vid\u00e9o du webinaire suivant sa pr\u00e9sentation.&nbsp; Ce n\u2019est pas exag\u00e9r\u00e9 de le dire : l\u2019ann\u00e9e 2020 marquera profond\u00e9ment toutes les [&hellip;]","og_url":"https:\/\/leger360.com\/fr\/etude-jeunesse-2021-leger-webinaires\/","og_site_name":"Leger","article_publisher":"https:\/\/www.facebook.com\/leger360\/","article_published_time":"2021-01-20T18:00:00+00:00","article_modified_time":"2025-06-05T20:31:57+00:00","og_image":[{"width":1000,"height":667,"url":"https:\/\/leger360.com\/wp-content\/uploads\/2024\/02\/shutterstock_1784638148.jpg","type":"image\/jpeg"}],"author":"Jason Anthony","twitter_card":"summary_large_image","twitter_creator":"@leger360","twitter_site":"@leger360","twitter_misc":{"\u00c9crit par":"Jason Anthony","Estimation du temps de lecture":"3 minutes"},"schema":{"@context":"https:\/\/schema.org","@graph":[{"@type":"Article","@id":"https:\/\/leger360.com\/fr\/etude-jeunesse-2021-leger-webinaires\/#article","isPartOf":{"@id":"https:\/\/leger360.com\/fr\/etude-jeunesse-2021-leger-webinaires\/"},"author":{"name":"Jason Anthony","@id":"https:\/\/leger360.com\/fr\/#\/schema\/person\/34dfccb7aa46dcd4085221008ca51ac9"},"headline":"\u00c9tude Jeunesse 2021 : habitudes et \u00e9tat d\u2019esprit de la G\u00e9n\u00e9ration Z et des Mill\u00e9niaux au Canada","datePublished":"2021-01-20T18:00:00+00:00","dateModified":"2025-06-05T20:31:57+00:00","mainEntityOfPage":{"@id":"https:\/\/leger360.com\/fr\/etude-jeunesse-2021-leger-webinaires\/"},"wordCount":679,"publisher":{"@id":"https:\/\/leger360.com\/fr\/#organization"},"image":{"@id":"https:\/\/leger360.com\/fr\/etude-jeunesse-2021-leger-webinaires\/#primaryimage"},"thumbnailUrl":"https:\/\/leger360.com\/wp-content\/uploads\/2024\/02\/shutterstock_1784638148.jpg","articleSection":["Market intelligence"],"inLanguage":"fr-CA"},{"@type":"WebPage","@id":"https:\/\/leger360.com\/fr\/etude-jeunesse-2021-leger-webinaires\/","url":"https:\/\/leger360.com\/fr\/etude-jeunesse-2021-leger-webinaires\/","name":"Aper\u00e7u de la G\u00e9n\u00e9ration Z et des Mill\u00e9niaux en 2021","isPartOf":{"@id":"https:\/\/leger360.com\/fr\/#website"},"primaryImageOfPage":{"@id":"https:\/\/leger360.com\/fr\/etude-jeunesse-2021-leger-webinaires\/#primaryimage"},"image":{"@id":"https:\/\/leger360.com\/fr\/etude-jeunesse-2021-leger-webinaires\/#primaryimage"},"thumbnailUrl":"https:\/\/leger360.com\/wp-content\/uploads\/2024\/02\/shutterstock_1784638148.jpg","datePublished":"2021-01-20T18:00:00+00:00","dateModified":"2025-06-05T20:31:57+00:00","breadcrumb":{"@id":"https:\/\/leger360.com\/fr\/etude-jeunesse-2021-leger-webinaires\/#breadcrumb"},"inLanguage":"fr-CA","potentialAction":[{"@type":"ReadAction","target":["https:\/\/leger360.com\/fr\/etude-jeunesse-2021-leger-webinaires\/"]}]},{"@type":"ImageObject","inLanguage":"fr-CA","@id":"https:\/\/leger360.com\/fr\/etude-jeunesse-2021-leger-webinaires\/#primaryimage","url":"https:\/\/leger360.com\/wp-content\/uploads\/2024\/02\/shutterstock_1784638148.jpg","contentUrl":"https:\/\/leger360.com\/wp-content\/uploads\/2024\/02\/shutterstock_1784638148.jpg","width":1000,"height":667},{"@type":"BreadcrumbList","@id":"https:\/\/leger360.com\/fr\/etude-jeunesse-2021-leger-webinaires\/#breadcrumb","itemListElement":[{"@type":"ListItem","position":1,"name":"Home","item":"https:\/\/leger360.com\/fr\/"},{"@type":"ListItem","position":2,"name":"\u00c9tude Jeunesse 2021 : habitudes et \u00e9tat d\u2019esprit de la G\u00e9n\u00e9ration Z et des Mill\u00e9niaux au Canada"}]},{"@type":"WebSite","@id":"https:\/\/leger360.com\/fr\/#website","url":"https:\/\/leger360.com\/fr\/","name":"Leger","description":"Market Research | Data Analytics","publisher":{"@id":"https:\/\/leger360.com\/fr\/#organization"},"potentialAction":[{"@type":"SearchAction","target":{"@type":"EntryPoint","urlTemplate":"https:\/\/leger360.com\/fr\/?s={search_term_string}"},"query-input":{"@type":"PropertyValueSpecification","valueRequired":true,"valueName":"search_term_string"}}],"inLanguage":"fr-CA"},{"@type":"Organization","@id":"https:\/\/leger360.com\/fr\/#organization","name":"Leger","url":"https:\/\/leger360.com\/fr\/","logo":{"@type":"ImageObject","inLanguage":"fr-CA","@id":"https:\/\/leger360.com\/fr\/#\/schema\/logo\/image\/","url":"https:\/\/leger360.com\/wp-content\/uploads\/2024\/04\/2022-Logo-Leger-Blackred-g.png","contentUrl":"https:\/\/leger360.com\/wp-content\/uploads\/2024\/04\/2022-Logo-Leger-Blackred-g.png","width":1195,"height":686,"caption":"Leger"},"image":{"@id":"https:\/\/leger360.com\/fr\/#\/schema\/logo\/image\/"},"sameAs":["https:\/\/www.facebook.com\/leger360\/","https:\/\/x.com\/leger360","https:\/\/www.linkedin.com\/company\/leger360\/"],"description":"Leger is one of North America\u2019s fastest-growing market research companies, known for our forward-thinking experts and innovative approaches powered by artificial intelligence (AI) technologies."},{"@type":"Person","@id":"https:\/\/leger360.com\/fr\/#\/schema\/person\/34dfccb7aa46dcd4085221008ca51ac9","name":"Jason Anthony","image":{"@type":"ImageObject","inLanguage":"fr-CA","@id":"https:\/\/secure.gravatar.com\/avatar\/b8d3134f69c631184566a5436407f9384b5e28c50ff3915e13c50c0c730b64f8?s=96&d=mm&r=g","url":"https:\/\/secure.gravatar.com\/avatar\/b8d3134f69c631184566a5436407f9384b5e28c50ff3915e13c50c0c730b64f8?s=96&d=mm&r=g","contentUrl":"https:\/\/secure.gravatar.com\/avatar\/b8d3134f69c631184566a5436407f9384b5e28c50ff3915e13c50c0c730b64f8?s=96&d=mm&r=g","caption":"Jason Anthony"}}]}},"_links":{"self":[{"href":"https:\/\/leger360.com\/fr\/wp-json\/wp\/v2\/posts\/14857","targetHints":{"allow":["GET"]}}],"collection":[{"href":"https:\/\/leger360.com\/fr\/wp-json\/wp\/v2\/posts"}],"about":[{"href":"https:\/\/leger360.com\/fr\/wp-json\/wp\/v2\/types\/post"}],"author":[{"embeddable":true,"href":"https:\/\/leger360.com\/fr\/wp-json\/wp\/v2\/users\/2"}],"replies":[{"embeddable":true,"href":"https:\/\/leger360.com\/fr\/wp-json\/wp\/v2\/comments?post=14857"}],"version-history":[{"count":0,"href":"https:\/\/leger360.com\/fr\/wp-json\/wp\/v2\/posts\/14857\/revisions"}],"wp:featuredmedia":[{"embeddable":true,"href":"https:\/\/leger360.com\/fr\/wp-json\/wp\/v2\/media\/8934"}],"wp:attachment":[{"href":"https:\/\/leger360.com\/fr\/wp-json\/wp\/v2\/media?parent=14857"}],"wp:term":[{"taxonomy":"category","embeddable":true,"href":"https:\/\/leger360.com\/fr\/wp-json\/wp\/v2\/categories?post=14857"},{"taxonomy":"post_tag","embeddable":true,"href":"https:\/\/leger360.com\/fr\/wp-json\/wp\/v2\/tags?post=14857"},{"taxonomy":"post_language_cat","embeddable":true,"href":"https:\/\/leger360.com\/fr\/wp-json\/wp\/v2\/post_language_cat?post=14857"}],"curies":[{"name":"wp","href":"https:\/\/api.w.org\/{rel}","templated":true}]}}