{"id":14869,"date":"2021-01-13T19:05:00","date_gmt":"2021-01-13T19:05:00","guid":{"rendered":"https:\/\/leger360.com\/webinaire-regard-sur-leur-sante-mentale-anxiete-et-bien-etre-numerique\/"},"modified":"2024-02-09T09:12:32","modified_gmt":"2024-02-09T09:12:32","slug":"webinaire-regard-sur-leur-sante-mentale-anxiete-et-bien-etre-numerique","status":"publish","type":"post","link":"https:\/\/leger360.com\/fr\/webinaire-regard-sur-leur-sante-mentale-anxiete-et-bien-etre-numerique\/","title":{"rendered":"[WEBINAIRE] Regard sur leur sant\u00e9 mentale : anxi\u00e9t\u00e9 et bien-\u00eatre num\u00e9rique"},"content":{"rendered":"\n<h2 class=\"wp-block-heading\">L\u00c9GER PR\u00c9SENTE\u2026 UNE S\u00c9RIE SUR LA JEUNESSE\u00a0<\/h2>\n\n\n\n<p><a href=\"https:\/\/leger360.com\/fr\/evenements\/leger-presente-une-serie-sur-la-jeunesse\/\" target=\"_blank\" rel=\"noreferrer noopener\"><em>4 webinaires pour mieux comprendre les mill\u00e9niaux et la g\u00e9n\u00e9ration Z<\/em>\u00a0<\/a><\/p>\n\n\n\n<p>L\u00e9ger pr\u00e9sente la 3<sup>e<\/sup>\u00a0\u00e9dition de son \u00c9tude Jeunesse. L\u2019\u00c9tude,\u00a0qui sonde plus de 3 000 jeunes \u00e0 travers le pays, brosse un portrait global, explicatif et quantifi\u00e9 de la g\u00e9n\u00e9ration Z et de la g\u00e9n\u00e9ration mill\u00e9niale.\u00a0\u00a0\u00a0<\/p>\n\n\n\n<p>En collaboration avec le Centre pour l\u2019intelligence \u00e9motionnelle en ligne (<a href=\"https:\/\/leciel.ca\/\" target=\"_blank\" rel=\"noreferrer noopener\">Le CIEL<\/a>), une fondation qui offre des ateliers d\u2019autod\u00e9fense num\u00e9rique aux jeunes et invite les gens \u00e0 r\u00e9fl\u00e9chir aux enjeux li\u00e9s aux r\u00e9seaux sociaux, nous avons laiss\u00e9 la parole aux mill\u00e9niaux et aux jeunes de la g\u00e9n\u00e9ration Z pour qu\u2019ils s&rsquo;expriment sur :<\/p>\n\n\n\n<ul class=\"wp-block-list\"><li>Leurs habitudes\u00a0en ligne :\u00a0quels sont les impacts n\u00e9gatifs et positifs des m\u00e9dias sociaux sur leur\u00a0sant\u00e9?\u00a0Que publient-ils en ligne et\u00a0pourquoi?\u00a0<\/li><li>Leurs\u00a0sources\u00a0d\u2019anxi\u00e9t\u00e9\u00a0:\u00a0quel est leur\u00a0niveau de stress, d\u2019anxi\u00e9t\u00e9 et de\u00a0d\u00e9pression?\u00a0Pour quelles raisons stressent-ils?\u00a0<\/li><li>L\u2019impact de la COVID-19\u00a0sur leur vie :\u00a0comment la pand\u00e9mie les\u00a0a-t-elle\u00a0affect\u00e9s?\u00a0<\/li><\/ul>\n\n\n\n<p><\/p>\n\n\n\n<p><\/p>\n\n\n\n<div class=\"wp-block-image\"><figure class=\"aligncenter size-large is-resized\"><a href=\"https:\/\/www.youtube.com\/watch?v=Ea9XQppBSdQ&#038;feature=youtu.be\"><img decoding=\"async\" src=\"https:\/\/leger360.com\/wp-content\/uploads\/2024\/02\/Webinaire_sante_mentale.jpg\" alt=\"\" class=\"wp-image-29259\" width=\"800\"\/><\/a><\/figure><\/div>\n\n\n\n<h3 class=\"wp-block-heading\">Ce webinaire est\u00a0pr\u00e9sent\u00e9 par\u00a0<\/h3>\n\n\n\n<ul class=\"wp-block-list\"><li>Philippe L\u00e9ger, charg\u00e9 de projets, L\u00e9ger\u00a0<\/li><li>Emmanuelle Parent, co-fondatrice\u00a0Le CIEL, doctorante et charg\u00e9e de cours en communication\u00a0\u00e0 l\u2019Universit\u00e9 de Montr\u00e9al\u00a0<\/li><\/ul>\n\n\n\n<h2 class=\"wp-block-heading\"><a href=\"https:\/\/www.youtube.com\/watch?v=Ea9XQppBSdQ&#038;feature=youtu.be\" target=\"_blank\" rel=\"noreferrer noopener\">VISIONNEZ LE WEBINAIRE<\/a><\/h2>\n\n\n\n<hr class=\"wp-block-separator\"\/>\n\n\n\n<p><strong>\u00c0 propos du CIEL<\/strong><\/p>\n\n\n\n<p>Le CIEL (Centre pour l\u2019intelligence \u00e9motionnelle en ligne) est une fondation dont la mission est de faire de la pr\u00e9vention vis-\u00e0-vis les enjeux du num\u00e9rique aupr\u00e8s des ados. Parall\u00e8lement, la fondation vise \u00e0 sensibiliser la population aux liens entre m\u00e9dias sociaux et sant\u00e9 mentale. L&rsquo;objectif est de rendre l&rsquo;exp\u00e9rience des m\u00e9dias sociaux plus positive. Pour plus de d\u00e9tails : <a href=\"https:\/\/leciel.ca\/\" target=\"_blank\" rel=\"noreferrer noopener\">leciel.ca<\/a><\/p>\n\n\n\n<p><strong>\u00c0 propos d&rsquo;Emmanuelle Parent<\/strong><\/p>\n\n\n\n<p>Emmanuelle Parent poursuit un doctorat en communication \u00e0 l\u2019Universit\u00e9 de Montr\u00e9al o\u00f9 elle se r\u00e9alise tant comme charg\u00e9e de cours que chercheuse. Les m\u00e9dias sociaux, les normes sociales et les ados occupent le c\u0153ur de ses recherches. Anim\u00e9e par le souhait de partager les connaissances scientifiques, elle est co-fondatrice du CIEL (Centre pour l\u2019intelligence \u00e9motionnelle en ligne), une fondation qui offre des ateliers d\u2019autod\u00e9fense num\u00e9rique aux jeunes et invite les gens \u00e0 r\u00e9fl\u00e9chir aux enjeux li\u00e9s aux r\u00e9seaux sociaux.\u00a0<\/p>\n","protected":false},"excerpt":{"rendered":"<p>L\u00c9GER PR\u00c9SENTE\u2026 UNE S\u00c9RIE SUR LA JEUNESSE\u00a0 4 webinaires pour mieux comprendre les mill\u00e9niaux et la g\u00e9n\u00e9ration Z\u00a0 L\u00e9ger pr\u00e9sente la 3e\u00a0\u00e9dition de son \u00c9tude Jeunesse. L\u2019\u00c9tude,\u00a0qui sonde plus de 3 000 jeunes \u00e0 travers le pays, brosse un portrait global, explicatif et quantifi\u00e9 de la g\u00e9n\u00e9ration Z et de la g\u00e9n\u00e9ration mill\u00e9niale.\u00a0\u00a0\u00a0 En collaboration [&hellip;]<\/p>\n","protected":false},"author":2,"featured_media":8950,"comment_status":"closed","ping_status":"closed","sticky":false,"template":"","format":"standard","meta":{"_acf_changed":false,"_et_pb_use_builder":"","_et_pb_old_content":"","_et_gb_content_width":"","content-type":"","inline_featured_image":false,"footnotes":""},"categories":[34],"tags":[],"post_language_cat":[39],"class_list":["post-14869","post","type-post","status-publish","format-standard","has-post-thumbnail","hentry","category-market-intelligence","post_language_cat-fr-market-intelligence"],"acf":[],"yoast_head":"<!-- This site is optimized with the Yoast SEO Premium plugin v27.5 (Yoast SEO v27.5) - https:\/\/yoast.com\/product\/yoast-seo-premium-wordpress\/ -->\n<title>[WEBINAIRE] Regard sur leur sant\u00e9 mentale : anxi\u00e9t\u00e9 et bien-\u00eatre num\u00e9rique - Leger<\/title>\n<meta name=\"robots\" content=\"index, follow, max-snippet:-1, max-image-preview:large, max-video-preview:-1\" \/>\n<link rel=\"canonical\" href=\"https:\/\/leger360.com\/fr\/webinaire-regard-sur-leur-sante-mentale-anxiete-et-bien-etre-numerique\/\" \/>\n<meta property=\"og:locale\" content=\"fr_CA\" \/>\n<meta property=\"og:type\" content=\"article\" \/>\n<meta property=\"og:title\" content=\"[WEBINAIRE] Regard sur leur sant\u00e9 mentale : anxi\u00e9t\u00e9 et bien-\u00eatre num\u00e9rique\" \/>\n<meta property=\"og:description\" content=\"L\u00c9GER PR\u00c9SENTE\u2026 UNE S\u00c9RIE SUR LA JEUNESSE\u00a0 4 webinaires pour mieux comprendre les mill\u00e9niaux et la g\u00e9n\u00e9ration Z\u00a0 L\u00e9ger pr\u00e9sente la 3e\u00a0\u00e9dition de son \u00c9tude Jeunesse. L\u2019\u00c9tude,\u00a0qui sonde plus de 3 000 jeunes \u00e0 travers le pays, brosse un portrait global, explicatif et quantifi\u00e9 de la g\u00e9n\u00e9ration Z et de la g\u00e9n\u00e9ration mill\u00e9niale.\u00a0\u00a0\u00a0 En collaboration [&hellip;]\" \/>\n<meta property=\"og:url\" content=\"https:\/\/leger360.com\/fr\/webinaire-regard-sur-leur-sante-mentale-anxiete-et-bien-etre-numerique\/\" \/>\n<meta property=\"og:site_name\" content=\"Leger\" \/>\n<meta property=\"article:publisher\" content=\"https:\/\/www.facebook.com\/leger360\/\" \/>\n<meta property=\"article:published_time\" content=\"2021-01-13T19:05:00+00:00\" \/>\n<meta property=\"article:modified_time\" content=\"2024-02-09T09:12:32+00:00\" \/>\n<meta property=\"og:image\" content=\"https:\/\/leger360.com\/wp-content\/uploads\/2024\/02\/shutterstock_200190830.jpg\" \/>\n\t<meta property=\"og:image:width\" content=\"1000\" \/>\n\t<meta property=\"og:image:height\" content=\"667\" \/>\n\t<meta property=\"og:image:type\" content=\"image\/jpeg\" \/>\n<meta name=\"author\" content=\"Jason Anthony\" \/>\n<meta name=\"twitter:card\" content=\"summary_large_image\" \/>\n<meta name=\"twitter:creator\" content=\"@leger360\" \/>\n<meta name=\"twitter:site\" content=\"@leger360\" \/>\n<meta name=\"twitter:label1\" content=\"\u00c9crit par\" \/>\n\t<meta name=\"twitter:data1\" content=\"Jason Anthony\" \/>\n\t<meta name=\"twitter:label2\" content=\"Estimation du temps de lecture\" \/>\n\t<meta name=\"twitter:data2\" content=\"2 minutes\" \/>\n<script type=\"application\/ld+json\" class=\"yoast-schema-graph\">{\"@context\":\"https:\\\/\\\/schema.org\",\"@graph\":[{\"@type\":\"Article\",\"@id\":\"https:\\\/\\\/leger360.com\\\/fr\\\/webinaire-regard-sur-leur-sante-mentale-anxiete-et-bien-etre-numerique\\\/#article\",\"isPartOf\":{\"@id\":\"https:\\\/\\\/leger360.com\\\/fr\\\/webinaire-regard-sur-leur-sante-mentale-anxiete-et-bien-etre-numerique\\\/\"},\"author\":{\"name\":\"Jason Anthony\",\"@id\":\"https:\\\/\\\/leger360.com\\\/fr\\\/#\\\/schema\\\/person\\\/34dfccb7aa46dcd4085221008ca51ac9\"},\"headline\":\"[WEBINAIRE] Regard sur leur sant\u00e9 mentale : anxi\u00e9t\u00e9 et bien-\u00eatre num\u00e9rique\",\"datePublished\":\"2021-01-13T19:05:00+00:00\",\"dateModified\":\"2024-02-09T09:12:32+00:00\",\"mainEntityOfPage\":{\"@id\":\"https:\\\/\\\/leger360.com\\\/fr\\\/webinaire-regard-sur-leur-sante-mentale-anxiete-et-bien-etre-numerique\\\/\"},\"wordCount\":410,\"publisher\":{\"@id\":\"https:\\\/\\\/leger360.com\\\/fr\\\/#organization\"},\"image\":{\"@id\":\"https:\\\/\\\/leger360.com\\\/fr\\\/webinaire-regard-sur-leur-sante-mentale-anxiete-et-bien-etre-numerique\\\/#primaryimage\"},\"thumbnailUrl\":\"https:\\\/\\\/leger360.com\\\/wp-content\\\/uploads\\\/2024\\\/02\\\/shutterstock_200190830.jpg\",\"articleSection\":[\"Market intelligence\"],\"inLanguage\":\"fr-CA\"},{\"@type\":\"WebPage\",\"@id\":\"https:\\\/\\\/leger360.com\\\/fr\\\/webinaire-regard-sur-leur-sante-mentale-anxiete-et-bien-etre-numerique\\\/\",\"url\":\"https:\\\/\\\/leger360.com\\\/fr\\\/webinaire-regard-sur-leur-sante-mentale-anxiete-et-bien-etre-numerique\\\/\",\"name\":\"[WEBINAIRE] Regard sur leur sant\u00e9 mentale : anxi\u00e9t\u00e9 et bien-\u00eatre num\u00e9rique - Leger\",\"isPartOf\":{\"@id\":\"https:\\\/\\\/leger360.com\\\/fr\\\/#website\"},\"primaryImageOfPage\":{\"@id\":\"https:\\\/\\\/leger360.com\\\/fr\\\/webinaire-regard-sur-leur-sante-mentale-anxiete-et-bien-etre-numerique\\\/#primaryimage\"},\"image\":{\"@id\":\"https:\\\/\\\/leger360.com\\\/fr\\\/webinaire-regard-sur-leur-sante-mentale-anxiete-et-bien-etre-numerique\\\/#primaryimage\"},\"thumbnailUrl\":\"https:\\\/\\\/leger360.com\\\/wp-content\\\/uploads\\\/2024\\\/02\\\/shutterstock_200190830.jpg\",\"datePublished\":\"2021-01-13T19:05:00+00:00\",\"dateModified\":\"2024-02-09T09:12:32+00:00\",\"breadcrumb\":{\"@id\":\"https:\\\/\\\/leger360.com\\\/fr\\\/webinaire-regard-sur-leur-sante-mentale-anxiete-et-bien-etre-numerique\\\/#breadcrumb\"},\"inLanguage\":\"fr-CA\",\"potentialAction\":[{\"@type\":\"ReadAction\",\"target\":[\"https:\\\/\\\/leger360.com\\\/fr\\\/webinaire-regard-sur-leur-sante-mentale-anxiete-et-bien-etre-numerique\\\/\"]}]},{\"@type\":\"ImageObject\",\"inLanguage\":\"fr-CA\",\"@id\":\"https:\\\/\\\/leger360.com\\\/fr\\\/webinaire-regard-sur-leur-sante-mentale-anxiete-et-bien-etre-numerique\\\/#primaryimage\",\"url\":\"https:\\\/\\\/leger360.com\\\/wp-content\\\/uploads\\\/2024\\\/02\\\/shutterstock_200190830.jpg\",\"contentUrl\":\"https:\\\/\\\/leger360.com\\\/wp-content\\\/uploads\\\/2024\\\/02\\\/shutterstock_200190830.jpg\",\"width\":1000,\"height\":667},{\"@type\":\"BreadcrumbList\",\"@id\":\"https:\\\/\\\/leger360.com\\\/fr\\\/webinaire-regard-sur-leur-sante-mentale-anxiete-et-bien-etre-numerique\\\/#breadcrumb\",\"itemListElement\":[{\"@type\":\"ListItem\",\"position\":1,\"name\":\"Home\",\"item\":\"https:\\\/\\\/leger360.com\\\/fr\\\/\"},{\"@type\":\"ListItem\",\"position\":2,\"name\":\"[WEBINAIRE] Regard sur leur sant\u00e9 mentale : anxi\u00e9t\u00e9 et bien-\u00eatre num\u00e9rique\"}]},{\"@type\":\"WebSite\",\"@id\":\"https:\\\/\\\/leger360.com\\\/fr\\\/#website\",\"url\":\"https:\\\/\\\/leger360.com\\\/fr\\\/\",\"name\":\"Leger\",\"description\":\"Market Research | Data Analytics\",\"publisher\":{\"@id\":\"https:\\\/\\\/leger360.com\\\/fr\\\/#organization\"},\"potentialAction\":[{\"@type\":\"SearchAction\",\"target\":{\"@type\":\"EntryPoint\",\"urlTemplate\":\"https:\\\/\\\/leger360.com\\\/fr\\\/?s={search_term_string}\"},\"query-input\":{\"@type\":\"PropertyValueSpecification\",\"valueRequired\":true,\"valueName\":\"search_term_string\"}}],\"inLanguage\":\"fr-CA\"},{\"@type\":\"Organization\",\"@id\":\"https:\\\/\\\/leger360.com\\\/fr\\\/#organization\",\"name\":\"Leger\",\"url\":\"https:\\\/\\\/leger360.com\\\/fr\\\/\",\"logo\":{\"@type\":\"ImageObject\",\"inLanguage\":\"fr-CA\",\"@id\":\"https:\\\/\\\/leger360.com\\\/fr\\\/#\\\/schema\\\/logo\\\/image\\\/\",\"url\":\"https:\\\/\\\/leger360.com\\\/wp-content\\\/uploads\\\/2024\\\/04\\\/2022-Logo-Leger-Blackred-g.png\",\"contentUrl\":\"https:\\\/\\\/leger360.com\\\/wp-content\\\/uploads\\\/2024\\\/04\\\/2022-Logo-Leger-Blackred-g.png\",\"width\":1195,\"height\":686,\"caption\":\"Leger\"},\"image\":{\"@id\":\"https:\\\/\\\/leger360.com\\\/fr\\\/#\\\/schema\\\/logo\\\/image\\\/\"},\"sameAs\":[\"https:\\\/\\\/www.facebook.com\\\/leger360\\\/\",\"https:\\\/\\\/x.com\\\/leger360\",\"https:\\\/\\\/www.linkedin.com\\\/company\\\/leger360\\\/\"],\"description\":\"Leger is one of North America\u2019s fastest-growing market research companies, known for our forward-thinking experts and innovative approaches powered by artificial intelligence (AI) technologies.\"},{\"@type\":\"Person\",\"@id\":\"https:\\\/\\\/leger360.com\\\/fr\\\/#\\\/schema\\\/person\\\/34dfccb7aa46dcd4085221008ca51ac9\",\"name\":\"Jason Anthony\",\"image\":{\"@type\":\"ImageObject\",\"inLanguage\":\"fr-CA\",\"@id\":\"https:\\\/\\\/secure.gravatar.com\\\/avatar\\\/b8d3134f69c631184566a5436407f9384b5e28c50ff3915e13c50c0c730b64f8?s=96&d=mm&r=g\",\"url\":\"https:\\\/\\\/secure.gravatar.com\\\/avatar\\\/b8d3134f69c631184566a5436407f9384b5e28c50ff3915e13c50c0c730b64f8?s=96&d=mm&r=g\",\"contentUrl\":\"https:\\\/\\\/secure.gravatar.com\\\/avatar\\\/b8d3134f69c631184566a5436407f9384b5e28c50ff3915e13c50c0c730b64f8?s=96&d=mm&r=g\",\"caption\":\"Jason Anthony\"}}]}<\/script>\n<!-- \/ Yoast SEO Premium plugin. -->","yoast_head_json":{"title":"[WEBINAIRE] Regard sur leur sant\u00e9 mentale : anxi\u00e9t\u00e9 et bien-\u00eatre num\u00e9rique - Leger","robots":{"index":"index","follow":"follow","max-snippet":"max-snippet:-1","max-image-preview":"max-image-preview:large","max-video-preview":"max-video-preview:-1"},"canonical":"https:\/\/leger360.com\/fr\/webinaire-regard-sur-leur-sante-mentale-anxiete-et-bien-etre-numerique\/","og_locale":"fr_CA","og_type":"article","og_title":"[WEBINAIRE] Regard sur leur sant\u00e9 mentale : anxi\u00e9t\u00e9 et bien-\u00eatre num\u00e9rique","og_description":"L\u00c9GER PR\u00c9SENTE\u2026 UNE S\u00c9RIE SUR LA JEUNESSE\u00a0 4 webinaires pour mieux comprendre les mill\u00e9niaux et la g\u00e9n\u00e9ration Z\u00a0 L\u00e9ger pr\u00e9sente la 3e\u00a0\u00e9dition de son \u00c9tude Jeunesse. L\u2019\u00c9tude,\u00a0qui sonde plus de 3 000 jeunes \u00e0 travers le pays, brosse un portrait global, explicatif et quantifi\u00e9 de la g\u00e9n\u00e9ration Z et de la g\u00e9n\u00e9ration mill\u00e9niale.\u00a0\u00a0\u00a0 En collaboration [&hellip;]","og_url":"https:\/\/leger360.com\/fr\/webinaire-regard-sur-leur-sante-mentale-anxiete-et-bien-etre-numerique\/","og_site_name":"Leger","article_publisher":"https:\/\/www.facebook.com\/leger360\/","article_published_time":"2021-01-13T19:05:00+00:00","article_modified_time":"2024-02-09T09:12:32+00:00","og_image":[{"width":1000,"height":667,"url":"https:\/\/leger360.com\/wp-content\/uploads\/2024\/02\/shutterstock_200190830.jpg","type":"image\/jpeg"}],"author":"Jason Anthony","twitter_card":"summary_large_image","twitter_creator":"@leger360","twitter_site":"@leger360","twitter_misc":{"\u00c9crit par":"Jason Anthony","Estimation du temps de lecture":"2 minutes"},"schema":{"@context":"https:\/\/schema.org","@graph":[{"@type":"Article","@id":"https:\/\/leger360.com\/fr\/webinaire-regard-sur-leur-sante-mentale-anxiete-et-bien-etre-numerique\/#article","isPartOf":{"@id":"https:\/\/leger360.com\/fr\/webinaire-regard-sur-leur-sante-mentale-anxiete-et-bien-etre-numerique\/"},"author":{"name":"Jason Anthony","@id":"https:\/\/leger360.com\/fr\/#\/schema\/person\/34dfccb7aa46dcd4085221008ca51ac9"},"headline":"[WEBINAIRE] Regard sur leur sant\u00e9 mentale : anxi\u00e9t\u00e9 et bien-\u00eatre num\u00e9rique","datePublished":"2021-01-13T19:05:00+00:00","dateModified":"2024-02-09T09:12:32+00:00","mainEntityOfPage":{"@id":"https:\/\/leger360.com\/fr\/webinaire-regard-sur-leur-sante-mentale-anxiete-et-bien-etre-numerique\/"},"wordCount":410,"publisher":{"@id":"https:\/\/leger360.com\/fr\/#organization"},"image":{"@id":"https:\/\/leger360.com\/fr\/webinaire-regard-sur-leur-sante-mentale-anxiete-et-bien-etre-numerique\/#primaryimage"},"thumbnailUrl":"https:\/\/leger360.com\/wp-content\/uploads\/2024\/02\/shutterstock_200190830.jpg","articleSection":["Market intelligence"],"inLanguage":"fr-CA"},{"@type":"WebPage","@id":"https:\/\/leger360.com\/fr\/webinaire-regard-sur-leur-sante-mentale-anxiete-et-bien-etre-numerique\/","url":"https:\/\/leger360.com\/fr\/webinaire-regard-sur-leur-sante-mentale-anxiete-et-bien-etre-numerique\/","name":"[WEBINAIRE] Regard sur leur sant\u00e9 mentale : anxi\u00e9t\u00e9 et bien-\u00eatre num\u00e9rique - Leger","isPartOf":{"@id":"https:\/\/leger360.com\/fr\/#website"},"primaryImageOfPage":{"@id":"https:\/\/leger360.com\/fr\/webinaire-regard-sur-leur-sante-mentale-anxiete-et-bien-etre-numerique\/#primaryimage"},"image":{"@id":"https:\/\/leger360.com\/fr\/webinaire-regard-sur-leur-sante-mentale-anxiete-et-bien-etre-numerique\/#primaryimage"},"thumbnailUrl":"https:\/\/leger360.com\/wp-content\/uploads\/2024\/02\/shutterstock_200190830.jpg","datePublished":"2021-01-13T19:05:00+00:00","dateModified":"2024-02-09T09:12:32+00:00","breadcrumb":{"@id":"https:\/\/leger360.com\/fr\/webinaire-regard-sur-leur-sante-mentale-anxiete-et-bien-etre-numerique\/#breadcrumb"},"inLanguage":"fr-CA","potentialAction":[{"@type":"ReadAction","target":["https:\/\/leger360.com\/fr\/webinaire-regard-sur-leur-sante-mentale-anxiete-et-bien-etre-numerique\/"]}]},{"@type":"ImageObject","inLanguage":"fr-CA","@id":"https:\/\/leger360.com\/fr\/webinaire-regard-sur-leur-sante-mentale-anxiete-et-bien-etre-numerique\/#primaryimage","url":"https:\/\/leger360.com\/wp-content\/uploads\/2024\/02\/shutterstock_200190830.jpg","contentUrl":"https:\/\/leger360.com\/wp-content\/uploads\/2024\/02\/shutterstock_200190830.jpg","width":1000,"height":667},{"@type":"BreadcrumbList","@id":"https:\/\/leger360.com\/fr\/webinaire-regard-sur-leur-sante-mentale-anxiete-et-bien-etre-numerique\/#breadcrumb","itemListElement":[{"@type":"ListItem","position":1,"name":"Home","item":"https:\/\/leger360.com\/fr\/"},{"@type":"ListItem","position":2,"name":"[WEBINAIRE] Regard sur leur sant\u00e9 mentale : anxi\u00e9t\u00e9 et bien-\u00eatre num\u00e9rique"}]},{"@type":"WebSite","@id":"https:\/\/leger360.com\/fr\/#website","url":"https:\/\/leger360.com\/fr\/","name":"Leger","description":"Market Research | Data Analytics","publisher":{"@id":"https:\/\/leger360.com\/fr\/#organization"},"potentialAction":[{"@type":"SearchAction","target":{"@type":"EntryPoint","urlTemplate":"https:\/\/leger360.com\/fr\/?s={search_term_string}"},"query-input":{"@type":"PropertyValueSpecification","valueRequired":true,"valueName":"search_term_string"}}],"inLanguage":"fr-CA"},{"@type":"Organization","@id":"https:\/\/leger360.com\/fr\/#organization","name":"Leger","url":"https:\/\/leger360.com\/fr\/","logo":{"@type":"ImageObject","inLanguage":"fr-CA","@id":"https:\/\/leger360.com\/fr\/#\/schema\/logo\/image\/","url":"https:\/\/leger360.com\/wp-content\/uploads\/2024\/04\/2022-Logo-Leger-Blackred-g.png","contentUrl":"https:\/\/leger360.com\/wp-content\/uploads\/2024\/04\/2022-Logo-Leger-Blackred-g.png","width":1195,"height":686,"caption":"Leger"},"image":{"@id":"https:\/\/leger360.com\/fr\/#\/schema\/logo\/image\/"},"sameAs":["https:\/\/www.facebook.com\/leger360\/","https:\/\/x.com\/leger360","https:\/\/www.linkedin.com\/company\/leger360\/"],"description":"Leger is one of North America\u2019s fastest-growing market research companies, known for our forward-thinking experts and innovative approaches powered by artificial intelligence (AI) technologies."},{"@type":"Person","@id":"https:\/\/leger360.com\/fr\/#\/schema\/person\/34dfccb7aa46dcd4085221008ca51ac9","name":"Jason Anthony","image":{"@type":"ImageObject","inLanguage":"fr-CA","@id":"https:\/\/secure.gravatar.com\/avatar\/b8d3134f69c631184566a5436407f9384b5e28c50ff3915e13c50c0c730b64f8?s=96&d=mm&r=g","url":"https:\/\/secure.gravatar.com\/avatar\/b8d3134f69c631184566a5436407f9384b5e28c50ff3915e13c50c0c730b64f8?s=96&d=mm&r=g","contentUrl":"https:\/\/secure.gravatar.com\/avatar\/b8d3134f69c631184566a5436407f9384b5e28c50ff3915e13c50c0c730b64f8?s=96&d=mm&r=g","caption":"Jason Anthony"}}]}},"_links":{"self":[{"href":"https:\/\/leger360.com\/fr\/wp-json\/wp\/v2\/posts\/14869","targetHints":{"allow":["GET"]}}],"collection":[{"href":"https:\/\/leger360.com\/fr\/wp-json\/wp\/v2\/posts"}],"about":[{"href":"https:\/\/leger360.com\/fr\/wp-json\/wp\/v2\/types\/post"}],"author":[{"embeddable":true,"href":"https:\/\/leger360.com\/fr\/wp-json\/wp\/v2\/users\/2"}],"replies":[{"embeddable":true,"href":"https:\/\/leger360.com\/fr\/wp-json\/wp\/v2\/comments?post=14869"}],"version-history":[{"count":0,"href":"https:\/\/leger360.com\/fr\/wp-json\/wp\/v2\/posts\/14869\/revisions"}],"wp:featuredmedia":[{"embeddable":true,"href":"https:\/\/leger360.com\/fr\/wp-json\/wp\/v2\/media\/8950"}],"wp:attachment":[{"href":"https:\/\/leger360.com\/fr\/wp-json\/wp\/v2\/media?parent=14869"}],"wp:term":[{"taxonomy":"category","embeddable":true,"href":"https:\/\/leger360.com\/fr\/wp-json\/wp\/v2\/categories?post=14869"},{"taxonomy":"post_tag","embeddable":true,"href":"https:\/\/leger360.com\/fr\/wp-json\/wp\/v2\/tags?post=14869"},{"taxonomy":"post_language_cat","embeddable":true,"href":"https:\/\/leger360.com\/fr\/wp-json\/wp\/v2\/post_language_cat?post=14869"}],"curies":[{"name":"wp","href":"https:\/\/api.w.org\/{rel}","templated":true}]}}