{"id":14919,"date":"2020-12-10T00:46:23","date_gmt":"2020-12-10T00:46:23","guid":{"rendered":"https:\/\/leger360.com\/les-jeunes-sont-inquiets-de-leurs-finances\/"},"modified":"2020-12-10T00:46:23","modified_gmt":"2020-12-10T00:46:23","slug":"les-jeunes-sont-inquiets-de-leurs-finances","status":"publish","type":"post","link":"https:\/\/leger360.com\/fr\/les-jeunes-sont-inquiets-de-leurs-finances\/","title":{"rendered":"Les jeunes sont inquiets de leurs finances"},"content":{"rendered":"\n<p>L\u2019ann\u00e9e 2020 a \u00e9t\u00e9, pour toutes les g\u00e9n\u00e9rations, une ann\u00e9e d\u2019incertitude, de questionnement et de perturbations. Sur le front \u00e9conomique, les premiers \u00e9clop\u00e9s ont sans aucun doute \u00e9t\u00e9 les jeunes de 13 \u00e0 39 ans, les premiers \u00e0 subir les cong\u00e9diements, des gels de salaires, des projets financiers renvoy\u00e9s\u00a0aux calendes grecques, et ultimement, une difficult\u00e9 \u00e0 payer\u00a0leurs\u00a0charges financi\u00e8res. Et pourtant, la nouvelle d\u00e9cennie annon\u00e7ait une prosp\u00e9rit\u00e9 \u00e9conomique aux membres de ces nouvelles g\u00e9n\u00e9rations avec une \u00e9conomie en croissance et un taux de ch\u00f4mage historiquement bas, sous la barre des 4\u202f%. Mais un virus les\u00a0a\u00a0plong\u00e9s\u00a0dans un futur incertain.\u00a0<\/p>\n\n\n\n<p>L\u2019\u00c9tude Jeunesse 2020-2021\u00a0tente de comprendre comment les jeunes canadiens ont v\u00e9cu financi\u00e8rement la pand\u00e9mie de la COVID-19, et comment\u00a0ils\u00a0pr\u00e9parent leur avenir post-pand\u00e9mique.\u00a0Quels sont les changements durables et notables dans le portefeuille des jeunes\u00a0g\u00e9n\u00e9rations?\u00a0Pour\u00a0y\u00a0r\u00e9pondre, l\u2019\u00c9tude Jeunesse donne la parole \u00e0 plus de 3\u202f000 jeunes canadiens, de 13 \u00e0 39 ans, de toutes les r\u00e9gions et de tous les milieux, pour exprimer leur humeur \u00e9conomique.\u00a0\u00a0<\/p>\n\n\n\n<h3 class=\"wp-block-heading\"><a href=\"https:\/\/leger360.com\/fr\/evenements\/webinaire-etat-de-leur-portefeuille\/\" target=\"_blank\" rel=\"noreferrer noopener\">VISIONNEZ NOTRE WEBINAIRE \u00c0 CE SUJET ICI<\/a><\/h3>\n\n\n\n<p>Certains ont perdu leur emploi, du jour au lendemain. D\u2019autres ont vu leur parcours scolaire et professionnel bifurquer. Beaucoup ont d\u00fb avoir recours \u00e0 une aide financi\u00e8re externe, \u00e0 commencer par une aide familiale,\u00a0la Prestation\u00a0canadienne d\u2019urgence (PCU) ou la\u00a0Prestation canadienne d\u2019urgence \u00c9tudiante\u00a0(PCUE)\u00a0pour payer minimalement ces charges. Peu, en revanche, se sont tourn\u00e9s vers les institutions financi\u00e8res pour trouver des arrangements.\u00a0\u00a0<\/p>\n\n\n\n<p>Comment les jeunes entrevoient-ils\u00a0l\u2019avenir de leurs finances\u00a0personnelles?\u00a0Ont-ils l\u2019intention d\u2019emprunter de l\u2019argent dans le\u00a0futur?\u00a0Quels sont leurs objectifs d\u2019achat dans la prochaine ann\u00e9e, en fonction de leur\u00a0\u00e2ge?\u00a0Vers qui se tournent-ils lorsqu\u2019ils ont des probl\u00e8mes\u00a0financiers?\u00a0Qui les conseillent-ils\u00a0quand vient le temps de prendre une\u00a0d\u00e9cision?\u00a0Quelle\u00a0est\u00a0leur relation avec les institutions\u00a0financi\u00e8res?\u00a0Qu\u2019appr\u00e9cient-ils de leur institution financi\u00e8re avec laquelle ils font\u00a0affaire?\u00a0Quelles sont leurs perceptions vis-\u00e0-vis chaque institution\u00a0financi\u00e8re?\u00a0R\u00e9pondent-elles aux besoins des jeunes de leur\u00a0\u00e2ge?\u00a0<\/p>\n\n\n\n<h3 class=\"wp-block-heading\">Voil\u00e0 \u00e0 quoi r\u00e9pond\u00a0notamment\u00a0l\u2019\u00c9tude Jeunesse 2020-2021.\u00a0\u00a0<\/h3>\n\n\n\n<p>Les jeunes qu\u00e9b\u00e9cois et canadiens ont vu leur pr\u00e9sent et leur avenir \u00eatre chamboul\u00e9s par la pand\u00e9mie de la COVID-19. Beaucoup d\u2019entre eux se retrouvent sans rep\u00e8re et ont besoin d\u2019\u00eatre guid\u00e9s dans les prochaines ann\u00e9es. L\u2019\u00c9tude Jeunesse identifie leurs d\u00e9sirs, leurs insatisfactions et leurs objectifs quant \u00e0 l\u2019avenir de leur portefeuille.\u00a0<\/p>\n\n\n\n<h3 class=\"wp-block-heading\">\u00c0 vous, entreprises, de les\u00a0\u00e9couter!<\/h3>\n\n\n\n<hr class=\"wp-block-separator\"\/>\n\n\n\n<h2 class=\"wp-block-heading\">POUR VOUS PROCURER LE RAPPORT DE L&rsquo;\u00c9TUDE, CONTACTEZ-NOUS EN REMPLISSANT LE FORMULAIRE CI-DESSOUS.<\/h2>\n\n\n<p>[mc4wp_form id=\u00a0\u00bb29585&Prime;]<\/p>\n\n\n<h2 class=\"wp-block-heading\">T\u00c9L\u00c9CHARGEZ LA BROCHURE DE L&rsquo;\u00c9TUDE CI-DESSOUS<\/h2>\n","protected":false},"excerpt":{"rendered":"<p>L\u2019ann\u00e9e 2020 a \u00e9t\u00e9, pour toutes les g\u00e9n\u00e9rations, une ann\u00e9e d\u2019incertitude, de questionnement et de perturbations. Sur le front \u00e9conomique, les premiers \u00e9clop\u00e9s ont sans aucun doute \u00e9t\u00e9 les jeunes de 13 \u00e0 39 ans, les premiers \u00e0 subir les cong\u00e9diements, des gels de salaires, des projets financiers renvoy\u00e9s\u00a0aux calendes grecques, et ultimement, une difficult\u00e9 [&hellip;]<\/p>\n","protected":false},"author":2,"featured_media":9019,"comment_status":"closed","ping_status":"closed","sticky":false,"template":"","format":"standard","meta":{"_acf_changed":false,"_et_pb_use_builder":"","_et_pb_old_content":"","_et_gb_content_width":"","content-type":"","inline_featured_image":false,"footnotes":""},"categories":[35],"tags":[],"post_language_cat":[42],"class_list":["post-14919","post","type-post","status-publish","format-standard","has-post-thumbnail","hentry","category-in-the-news","post_language_cat-fr-in-the-news"],"acf":[],"yoast_head":"<!-- This site is optimized with the Yoast SEO Premium plugin v27.5 (Yoast SEO v27.5) - https:\/\/yoast.com\/product\/yoast-seo-premium-wordpress\/ -->\n<title>Les jeunes sont inquiets de leurs finances - Leger<\/title>\n<meta name=\"robots\" content=\"index, follow, max-snippet:-1, max-image-preview:large, max-video-preview:-1\" \/>\n<link rel=\"canonical\" href=\"https:\/\/leger360.com\/fr\/les-jeunes-sont-inquiets-de-leurs-finances\/\" \/>\n<meta property=\"og:locale\" content=\"fr_CA\" \/>\n<meta property=\"og:type\" content=\"article\" \/>\n<meta property=\"og:title\" content=\"Les jeunes sont inquiets de leurs finances\" \/>\n<meta property=\"og:description\" content=\"L\u2019ann\u00e9e 2020 a \u00e9t\u00e9, pour toutes les g\u00e9n\u00e9rations, une ann\u00e9e d\u2019incertitude, de questionnement et de perturbations. Sur le front \u00e9conomique, les premiers \u00e9clop\u00e9s ont sans aucun doute \u00e9t\u00e9 les jeunes de 13 \u00e0 39 ans, les premiers \u00e0 subir les cong\u00e9diements, des gels de salaires, des projets financiers renvoy\u00e9s\u00a0aux calendes grecques, et ultimement, une difficult\u00e9 [&hellip;]\" \/>\n<meta property=\"og:url\" content=\"https:\/\/leger360.com\/fr\/les-jeunes-sont-inquiets-de-leurs-finances\/\" \/>\n<meta property=\"og:site_name\" content=\"Leger\" \/>\n<meta property=\"article:publisher\" content=\"https:\/\/www.facebook.com\/leger360\/\" \/>\n<meta property=\"article:published_time\" content=\"2020-12-10T00:46:23+00:00\" \/>\n<meta property=\"og:image\" content=\"https:\/\/leger360.com\/wp-content\/uploads\/2024\/02\/shutterstock_1422983849.jpg\" \/>\n\t<meta property=\"og:image:width\" content=\"1000\" \/>\n\t<meta property=\"og:image:height\" content=\"667\" \/>\n\t<meta property=\"og:image:type\" content=\"image\/jpeg\" \/>\n<meta name=\"author\" content=\"Jason Anthony\" \/>\n<meta name=\"twitter:card\" content=\"summary_large_image\" \/>\n<meta name=\"twitter:creator\" content=\"@leger360\" \/>\n<meta name=\"twitter:site\" content=\"@leger360\" \/>\n<meta name=\"twitter:label1\" content=\"\u00c9crit par\" \/>\n\t<meta name=\"twitter:data1\" content=\"Jason Anthony\" \/>\n\t<meta name=\"twitter:label2\" content=\"Estimation du temps de lecture\" \/>\n\t<meta name=\"twitter:data2\" content=\"2 minutes\" \/>\n<script type=\"application\/ld+json\" class=\"yoast-schema-graph\">{\"@context\":\"https:\\\/\\\/schema.org\",\"@graph\":[{\"@type\":\"Article\",\"@id\":\"https:\\\/\\\/leger360.com\\\/fr\\\/les-jeunes-sont-inquiets-de-leurs-finances\\\/#article\",\"isPartOf\":{\"@id\":\"https:\\\/\\\/leger360.com\\\/fr\\\/les-jeunes-sont-inquiets-de-leurs-finances\\\/\"},\"author\":{\"name\":\"Jason Anthony\",\"@id\":\"https:\\\/\\\/leger360.com\\\/fr\\\/#\\\/schema\\\/person\\\/34dfccb7aa46dcd4085221008ca51ac9\"},\"headline\":\"Les jeunes sont inquiets de leurs finances\",\"datePublished\":\"2020-12-10T00:46:23+00:00\",\"mainEntityOfPage\":{\"@id\":\"https:\\\/\\\/leger360.com\\\/fr\\\/les-jeunes-sont-inquiets-de-leurs-finances\\\/\"},\"wordCount\":478,\"publisher\":{\"@id\":\"https:\\\/\\\/leger360.com\\\/fr\\\/#organization\"},\"image\":{\"@id\":\"https:\\\/\\\/leger360.com\\\/fr\\\/les-jeunes-sont-inquiets-de-leurs-finances\\\/#primaryimage\"},\"thumbnailUrl\":\"https:\\\/\\\/leger360.com\\\/wp-content\\\/uploads\\\/2024\\\/02\\\/shutterstock_1422983849.jpg\",\"articleSection\":[\"In the news\"],\"inLanguage\":\"fr-CA\"},{\"@type\":\"WebPage\",\"@id\":\"https:\\\/\\\/leger360.com\\\/fr\\\/les-jeunes-sont-inquiets-de-leurs-finances\\\/\",\"url\":\"https:\\\/\\\/leger360.com\\\/fr\\\/les-jeunes-sont-inquiets-de-leurs-finances\\\/\",\"name\":\"Les jeunes sont inquiets de leurs finances - Leger\",\"isPartOf\":{\"@id\":\"https:\\\/\\\/leger360.com\\\/fr\\\/#website\"},\"primaryImageOfPage\":{\"@id\":\"https:\\\/\\\/leger360.com\\\/fr\\\/les-jeunes-sont-inquiets-de-leurs-finances\\\/#primaryimage\"},\"image\":{\"@id\":\"https:\\\/\\\/leger360.com\\\/fr\\\/les-jeunes-sont-inquiets-de-leurs-finances\\\/#primaryimage\"},\"thumbnailUrl\":\"https:\\\/\\\/leger360.com\\\/wp-content\\\/uploads\\\/2024\\\/02\\\/shutterstock_1422983849.jpg\",\"datePublished\":\"2020-12-10T00:46:23+00:00\",\"breadcrumb\":{\"@id\":\"https:\\\/\\\/leger360.com\\\/fr\\\/les-jeunes-sont-inquiets-de-leurs-finances\\\/#breadcrumb\"},\"inLanguage\":\"fr-CA\",\"potentialAction\":[{\"@type\":\"ReadAction\",\"target\":[\"https:\\\/\\\/leger360.com\\\/fr\\\/les-jeunes-sont-inquiets-de-leurs-finances\\\/\"]}]},{\"@type\":\"ImageObject\",\"inLanguage\":\"fr-CA\",\"@id\":\"https:\\\/\\\/leger360.com\\\/fr\\\/les-jeunes-sont-inquiets-de-leurs-finances\\\/#primaryimage\",\"url\":\"https:\\\/\\\/leger360.com\\\/wp-content\\\/uploads\\\/2024\\\/02\\\/shutterstock_1422983849.jpg\",\"contentUrl\":\"https:\\\/\\\/leger360.com\\\/wp-content\\\/uploads\\\/2024\\\/02\\\/shutterstock_1422983849.jpg\",\"width\":1000,\"height\":667},{\"@type\":\"BreadcrumbList\",\"@id\":\"https:\\\/\\\/leger360.com\\\/fr\\\/les-jeunes-sont-inquiets-de-leurs-finances\\\/#breadcrumb\",\"itemListElement\":[{\"@type\":\"ListItem\",\"position\":1,\"name\":\"Home\",\"item\":\"https:\\\/\\\/leger360.com\\\/fr\\\/\"},{\"@type\":\"ListItem\",\"position\":2,\"name\":\"Les jeunes sont inquiets de leurs finances\"}]},{\"@type\":\"WebSite\",\"@id\":\"https:\\\/\\\/leger360.com\\\/fr\\\/#website\",\"url\":\"https:\\\/\\\/leger360.com\\\/fr\\\/\",\"name\":\"Leger\",\"description\":\"Market Research | Data Analytics\",\"publisher\":{\"@id\":\"https:\\\/\\\/leger360.com\\\/fr\\\/#organization\"},\"potentialAction\":[{\"@type\":\"SearchAction\",\"target\":{\"@type\":\"EntryPoint\",\"urlTemplate\":\"https:\\\/\\\/leger360.com\\\/fr\\\/?s={search_term_string}\"},\"query-input\":{\"@type\":\"PropertyValueSpecification\",\"valueRequired\":true,\"valueName\":\"search_term_string\"}}],\"inLanguage\":\"fr-CA\"},{\"@type\":\"Organization\",\"@id\":\"https:\\\/\\\/leger360.com\\\/fr\\\/#organization\",\"name\":\"Leger\",\"url\":\"https:\\\/\\\/leger360.com\\\/fr\\\/\",\"logo\":{\"@type\":\"ImageObject\",\"inLanguage\":\"fr-CA\",\"@id\":\"https:\\\/\\\/leger360.com\\\/fr\\\/#\\\/schema\\\/logo\\\/image\\\/\",\"url\":\"https:\\\/\\\/leger360.com\\\/wp-content\\\/uploads\\\/2024\\\/04\\\/2022-Logo-Leger-Blackred-g.png\",\"contentUrl\":\"https:\\\/\\\/leger360.com\\\/wp-content\\\/uploads\\\/2024\\\/04\\\/2022-Logo-Leger-Blackred-g.png\",\"width\":1195,\"height\":686,\"caption\":\"Leger\"},\"image\":{\"@id\":\"https:\\\/\\\/leger360.com\\\/fr\\\/#\\\/schema\\\/logo\\\/image\\\/\"},\"sameAs\":[\"https:\\\/\\\/www.facebook.com\\\/leger360\\\/\",\"https:\\\/\\\/x.com\\\/leger360\",\"https:\\\/\\\/www.linkedin.com\\\/company\\\/leger360\\\/\"],\"description\":\"Leger is one of North America\u2019s fastest-growing market research companies, known for our forward-thinking experts and innovative approaches powered by artificial intelligence (AI) technologies.\"},{\"@type\":\"Person\",\"@id\":\"https:\\\/\\\/leger360.com\\\/fr\\\/#\\\/schema\\\/person\\\/34dfccb7aa46dcd4085221008ca51ac9\",\"name\":\"Jason Anthony\",\"image\":{\"@type\":\"ImageObject\",\"inLanguage\":\"fr-CA\",\"@id\":\"https:\\\/\\\/secure.gravatar.com\\\/avatar\\\/b8d3134f69c631184566a5436407f9384b5e28c50ff3915e13c50c0c730b64f8?s=96&d=mm&r=g\",\"url\":\"https:\\\/\\\/secure.gravatar.com\\\/avatar\\\/b8d3134f69c631184566a5436407f9384b5e28c50ff3915e13c50c0c730b64f8?s=96&d=mm&r=g\",\"contentUrl\":\"https:\\\/\\\/secure.gravatar.com\\\/avatar\\\/b8d3134f69c631184566a5436407f9384b5e28c50ff3915e13c50c0c730b64f8?s=96&d=mm&r=g\",\"caption\":\"Jason Anthony\"}}]}<\/script>\n<!-- \/ Yoast SEO Premium plugin. -->","yoast_head_json":{"title":"Les jeunes sont inquiets de leurs finances - Leger","robots":{"index":"index","follow":"follow","max-snippet":"max-snippet:-1","max-image-preview":"max-image-preview:large","max-video-preview":"max-video-preview:-1"},"canonical":"https:\/\/leger360.com\/fr\/les-jeunes-sont-inquiets-de-leurs-finances\/","og_locale":"fr_CA","og_type":"article","og_title":"Les jeunes sont inquiets de leurs finances","og_description":"L\u2019ann\u00e9e 2020 a \u00e9t\u00e9, pour toutes les g\u00e9n\u00e9rations, une ann\u00e9e d\u2019incertitude, de questionnement et de perturbations. Sur le front \u00e9conomique, les premiers \u00e9clop\u00e9s ont sans aucun doute \u00e9t\u00e9 les jeunes de 13 \u00e0 39 ans, les premiers \u00e0 subir les cong\u00e9diements, des gels de salaires, des projets financiers renvoy\u00e9s\u00a0aux calendes grecques, et ultimement, une difficult\u00e9 [&hellip;]","og_url":"https:\/\/leger360.com\/fr\/les-jeunes-sont-inquiets-de-leurs-finances\/","og_site_name":"Leger","article_publisher":"https:\/\/www.facebook.com\/leger360\/","article_published_time":"2020-12-10T00:46:23+00:00","og_image":[{"width":1000,"height":667,"url":"https:\/\/leger360.com\/wp-content\/uploads\/2024\/02\/shutterstock_1422983849.jpg","type":"image\/jpeg"}],"author":"Jason Anthony","twitter_card":"summary_large_image","twitter_creator":"@leger360","twitter_site":"@leger360","twitter_misc":{"\u00c9crit par":"Jason Anthony","Estimation du temps de lecture":"2 minutes"},"schema":{"@context":"https:\/\/schema.org","@graph":[{"@type":"Article","@id":"https:\/\/leger360.com\/fr\/les-jeunes-sont-inquiets-de-leurs-finances\/#article","isPartOf":{"@id":"https:\/\/leger360.com\/fr\/les-jeunes-sont-inquiets-de-leurs-finances\/"},"author":{"name":"Jason Anthony","@id":"https:\/\/leger360.com\/fr\/#\/schema\/person\/34dfccb7aa46dcd4085221008ca51ac9"},"headline":"Les jeunes sont inquiets de leurs finances","datePublished":"2020-12-10T00:46:23+00:00","mainEntityOfPage":{"@id":"https:\/\/leger360.com\/fr\/les-jeunes-sont-inquiets-de-leurs-finances\/"},"wordCount":478,"publisher":{"@id":"https:\/\/leger360.com\/fr\/#organization"},"image":{"@id":"https:\/\/leger360.com\/fr\/les-jeunes-sont-inquiets-de-leurs-finances\/#primaryimage"},"thumbnailUrl":"https:\/\/leger360.com\/wp-content\/uploads\/2024\/02\/shutterstock_1422983849.jpg","articleSection":["In the news"],"inLanguage":"fr-CA"},{"@type":"WebPage","@id":"https:\/\/leger360.com\/fr\/les-jeunes-sont-inquiets-de-leurs-finances\/","url":"https:\/\/leger360.com\/fr\/les-jeunes-sont-inquiets-de-leurs-finances\/","name":"Les jeunes sont inquiets de leurs finances - Leger","isPartOf":{"@id":"https:\/\/leger360.com\/fr\/#website"},"primaryImageOfPage":{"@id":"https:\/\/leger360.com\/fr\/les-jeunes-sont-inquiets-de-leurs-finances\/#primaryimage"},"image":{"@id":"https:\/\/leger360.com\/fr\/les-jeunes-sont-inquiets-de-leurs-finances\/#primaryimage"},"thumbnailUrl":"https:\/\/leger360.com\/wp-content\/uploads\/2024\/02\/shutterstock_1422983849.jpg","datePublished":"2020-12-10T00:46:23+00:00","breadcrumb":{"@id":"https:\/\/leger360.com\/fr\/les-jeunes-sont-inquiets-de-leurs-finances\/#breadcrumb"},"inLanguage":"fr-CA","potentialAction":[{"@type":"ReadAction","target":["https:\/\/leger360.com\/fr\/les-jeunes-sont-inquiets-de-leurs-finances\/"]}]},{"@type":"ImageObject","inLanguage":"fr-CA","@id":"https:\/\/leger360.com\/fr\/les-jeunes-sont-inquiets-de-leurs-finances\/#primaryimage","url":"https:\/\/leger360.com\/wp-content\/uploads\/2024\/02\/shutterstock_1422983849.jpg","contentUrl":"https:\/\/leger360.com\/wp-content\/uploads\/2024\/02\/shutterstock_1422983849.jpg","width":1000,"height":667},{"@type":"BreadcrumbList","@id":"https:\/\/leger360.com\/fr\/les-jeunes-sont-inquiets-de-leurs-finances\/#breadcrumb","itemListElement":[{"@type":"ListItem","position":1,"name":"Home","item":"https:\/\/leger360.com\/fr\/"},{"@type":"ListItem","position":2,"name":"Les jeunes sont inquiets de leurs finances"}]},{"@type":"WebSite","@id":"https:\/\/leger360.com\/fr\/#website","url":"https:\/\/leger360.com\/fr\/","name":"Leger","description":"Market Research | Data Analytics","publisher":{"@id":"https:\/\/leger360.com\/fr\/#organization"},"potentialAction":[{"@type":"SearchAction","target":{"@type":"EntryPoint","urlTemplate":"https:\/\/leger360.com\/fr\/?s={search_term_string}"},"query-input":{"@type":"PropertyValueSpecification","valueRequired":true,"valueName":"search_term_string"}}],"inLanguage":"fr-CA"},{"@type":"Organization","@id":"https:\/\/leger360.com\/fr\/#organization","name":"Leger","url":"https:\/\/leger360.com\/fr\/","logo":{"@type":"ImageObject","inLanguage":"fr-CA","@id":"https:\/\/leger360.com\/fr\/#\/schema\/logo\/image\/","url":"https:\/\/leger360.com\/wp-content\/uploads\/2024\/04\/2022-Logo-Leger-Blackred-g.png","contentUrl":"https:\/\/leger360.com\/wp-content\/uploads\/2024\/04\/2022-Logo-Leger-Blackred-g.png","width":1195,"height":686,"caption":"Leger"},"image":{"@id":"https:\/\/leger360.com\/fr\/#\/schema\/logo\/image\/"},"sameAs":["https:\/\/www.facebook.com\/leger360\/","https:\/\/x.com\/leger360","https:\/\/www.linkedin.com\/company\/leger360\/"],"description":"Leger is one of North America\u2019s fastest-growing market research companies, known for our forward-thinking experts and innovative approaches powered by artificial intelligence (AI) technologies."},{"@type":"Person","@id":"https:\/\/leger360.com\/fr\/#\/schema\/person\/34dfccb7aa46dcd4085221008ca51ac9","name":"Jason Anthony","image":{"@type":"ImageObject","inLanguage":"fr-CA","@id":"https:\/\/secure.gravatar.com\/avatar\/b8d3134f69c631184566a5436407f9384b5e28c50ff3915e13c50c0c730b64f8?s=96&d=mm&r=g","url":"https:\/\/secure.gravatar.com\/avatar\/b8d3134f69c631184566a5436407f9384b5e28c50ff3915e13c50c0c730b64f8?s=96&d=mm&r=g","contentUrl":"https:\/\/secure.gravatar.com\/avatar\/b8d3134f69c631184566a5436407f9384b5e28c50ff3915e13c50c0c730b64f8?s=96&d=mm&r=g","caption":"Jason Anthony"}}]}},"_links":{"self":[{"href":"https:\/\/leger360.com\/fr\/wp-json\/wp\/v2\/posts\/14919","targetHints":{"allow":["GET"]}}],"collection":[{"href":"https:\/\/leger360.com\/fr\/wp-json\/wp\/v2\/posts"}],"about":[{"href":"https:\/\/leger360.com\/fr\/wp-json\/wp\/v2\/types\/post"}],"author":[{"embeddable":true,"href":"https:\/\/leger360.com\/fr\/wp-json\/wp\/v2\/users\/2"}],"replies":[{"embeddable":true,"href":"https:\/\/leger360.com\/fr\/wp-json\/wp\/v2\/comments?post=14919"}],"version-history":[{"count":0,"href":"https:\/\/leger360.com\/fr\/wp-json\/wp\/v2\/posts\/14919\/revisions"}],"wp:featuredmedia":[{"embeddable":true,"href":"https:\/\/leger360.com\/fr\/wp-json\/wp\/v2\/media\/9019"}],"wp:attachment":[{"href":"https:\/\/leger360.com\/fr\/wp-json\/wp\/v2\/media?parent=14919"}],"wp:term":[{"taxonomy":"category","embeddable":true,"href":"https:\/\/leger360.com\/fr\/wp-json\/wp\/v2\/categories?post=14919"},{"taxonomy":"post_tag","embeddable":true,"href":"https:\/\/leger360.com\/fr\/wp-json\/wp\/v2\/tags?post=14919"},{"taxonomy":"post_language_cat","embeddable":true,"href":"https:\/\/leger360.com\/fr\/wp-json\/wp\/v2\/post_language_cat?post=14919"}],"curies":[{"name":"wp","href":"https:\/\/api.w.org\/{rel}","templated":true}]}}