{"id":14943,"date":"2020-12-15T15:51:32","date_gmt":"2020-12-15T15:51:32","guid":{"rendered":"https:\/\/leger360.com\/le-barometre-de-ce-que-les-quebecois-trouvent-le-plus-immoral\/"},"modified":"2024-02-09T09:14:45","modified_gmt":"2024-02-09T09:14:45","slug":"le-barometre-de-ce-que-les-quebecois-trouvent-le-plus-immoral","status":"publish","type":"post","link":"https:\/\/leger360.com\/fr\/le-barometre-de-ce-que-les-quebecois-trouvent-le-plus-immoral\/","title":{"rendered":"Le barom\u00e8tre de ce que les Qu\u00e9b\u00e9cois trouvent le plus immoral"},"content":{"rendered":"\n<p>Chaque semaine,\u00a0<em>Le Journal<\/em> <em>de Montr\u00e9al<\/em>, en collaboration avec la firme de sondage L\u00e9ger, d\u00e9voile un coup de sonde sur une vari\u00e9t\u00e9 de sujets qui touchent les Qu\u00e9b\u00e9cois de pr\u00e8s ou de loin. Notre Barom\u00e8tre mesure ainsi ce qui les fait vibrer ou sourciller en tant que Qu\u00e9b\u00e9coise et Qu\u00e9b\u00e9cois, jeune et moins jeune, francophone, anglophone ou allophone, \u00e0 Montr\u00e9al ou en r\u00e9gion.<\/p>\n\n\n\n<p><\/p>\n\n\n\n<p><\/p>\n\n\n\n<h2 class=\"wp-block-heading\"><a href=\"https:\/\/www.journaldemontreal.com\/2020\/12\/14\/barometre-de-ce-que-les-quebecois-trouvent-le-plus-immoral\" target=\"_blank\" rel=\"noreferrer noopener\">D\u00e9couvrez 25 actions jug\u00e9es immorales selon les Qu\u00e9b\u00e9cois en cliquant ICI.<\/a><\/h2>\n\n\n\n<p><\/p>\n\n\n\n<p><\/p>\n\n\n\n<figure class=\"wp-block-image size-large\"><img decoding=\"async\" src=\"https:\/\/leger360.com\/wp-content\/uploads\/2024\/02\/barometre-2_page-0001-scaled.jpg\" alt=\"\" class=\"wp-image-29745\"\/><\/figure>\n\n\n\n<p><\/p>\n\n\n\n<p><\/p>\n\n\n\n<h3 class=\"wp-block-heading\">M\u00c9THODOLOGIE DU SONDAGE\u00a0<\/h3>\n\n\n\n<p>Une question ouverte a \u00e9t\u00e9 pos\u00e9e aux pan\u00e9listes LEO (L\u00e9ger Opinion) pour qu\u2019ils soumettent ce qu\u2019ils jugent immoral. Ensuite, un sondage a \u00e9t\u00e9 r\u00e9alis\u00e9 aupr\u00e8s de 1 000 Qu\u00e9b\u00e9coises et Qu\u00e9b\u00e9cois repr\u00e9sentatifs de la population, du 13 au 15 novembre 2020, sur la base de 35 actions immorales. <\/p>\n","protected":false},"excerpt":{"rendered":"<p>Chaque semaine,\u00a0Le Journal de Montr\u00e9al, en collaboration avec la firme de sondage L\u00e9ger, d\u00e9voile un coup de sonde sur une vari\u00e9t\u00e9 de sujets qui touchent les Qu\u00e9b\u00e9cois de pr\u00e8s ou de loin. Notre Barom\u00e8tre mesure ainsi ce qui les fait vibrer ou sourciller en tant que Qu\u00e9b\u00e9coise et Qu\u00e9b\u00e9cois, jeune et moins jeune, francophone, anglophone [&hellip;]<\/p>\n","protected":false},"author":2,"featured_media":14948,"comment_status":"closed","ping_status":"closed","sticky":false,"template":"","format":"standard","meta":{"_acf_changed":false,"_et_pb_use_builder":"","_et_pb_old_content":"","_et_gb_content_width":"","content-type":"","inline_featured_image":false,"footnotes":""},"categories":[35],"tags":[],"post_language_cat":[42],"class_list":["post-14943","post","type-post","status-publish","format-standard","has-post-thumbnail","hentry","category-in-the-news","post_language_cat-fr-in-the-news"],"acf":[],"yoast_head":"<!-- This site is optimized with the Yoast SEO Premium plugin v27.4 (Yoast SEO v27.4) - https:\/\/yoast.com\/product\/yoast-seo-premium-wordpress\/ -->\n<title>Le barom\u00e8tre de ce que les Qu\u00e9b\u00e9cois trouvent le plus immoral - Leger<\/title>\n<meta name=\"robots\" content=\"index, follow, max-snippet:-1, max-image-preview:large, max-video-preview:-1\" \/>\n<link rel=\"canonical\" href=\"https:\/\/leger360.com\/fr\/le-barometre-de-ce-que-les-quebecois-trouvent-le-plus-immoral\/\" \/>\n<meta property=\"og:locale\" content=\"fr_CA\" \/>\n<meta property=\"og:type\" content=\"article\" \/>\n<meta property=\"og:title\" content=\"Le barom\u00e8tre de ce que les Qu\u00e9b\u00e9cois trouvent le plus immoral\" \/>\n<meta property=\"og:description\" content=\"Chaque semaine,\u00a0Le Journal de Montr\u00e9al, en collaboration avec la firme de sondage L\u00e9ger, d\u00e9voile un coup de sonde sur une vari\u00e9t\u00e9 de sujets qui touchent les Qu\u00e9b\u00e9cois de pr\u00e8s ou de loin. Notre Barom\u00e8tre mesure ainsi ce qui les fait vibrer ou sourciller en tant que Qu\u00e9b\u00e9coise et Qu\u00e9b\u00e9cois, jeune et moins jeune, francophone, anglophone [&hellip;]\" \/>\n<meta property=\"og:url\" content=\"https:\/\/leger360.com\/fr\/le-barometre-de-ce-que-les-quebecois-trouvent-le-plus-immoral\/\" \/>\n<meta property=\"og:site_name\" content=\"Leger\" \/>\n<meta property=\"article:publisher\" content=\"https:\/\/www.facebook.com\/leger360\/\" \/>\n<meta property=\"article:published_time\" content=\"2020-12-15T15:51:32+00:00\" \/>\n<meta property=\"article:modified_time\" content=\"2024-02-09T09:14:45+00:00\" \/>\n<meta property=\"og:image\" content=\"https:\/\/leger360.com\/wp-content\/uploads\/2024\/02\/shutterstock_1376834447.jpg\" \/>\n\t<meta property=\"og:image:width\" content=\"1000\" \/>\n\t<meta property=\"og:image:height\" content=\"563\" \/>\n\t<meta property=\"og:image:type\" content=\"image\/jpeg\" \/>\n<meta name=\"author\" content=\"Jason Anthony\" \/>\n<meta name=\"twitter:card\" content=\"summary_large_image\" \/>\n<meta name=\"twitter:creator\" content=\"@leger360\" \/>\n<meta name=\"twitter:site\" content=\"@leger360\" \/>\n<meta name=\"twitter:label1\" content=\"\u00c9crit par\" \/>\n\t<meta name=\"twitter:data1\" content=\"Jason Anthony\" \/>\n\t<meta name=\"twitter:label2\" content=\"Estimation du temps de lecture\" \/>\n\t<meta name=\"twitter:data2\" content=\"1 minute\" \/>\n<script type=\"application\/ld+json\" class=\"yoast-schema-graph\">{\"@context\":\"https:\\\/\\\/schema.org\",\"@graph\":[{\"@type\":\"Article\",\"@id\":\"https:\\\/\\\/leger360.com\\\/fr\\\/le-barometre-de-ce-que-les-quebecois-trouvent-le-plus-immoral\\\/#article\",\"isPartOf\":{\"@id\":\"https:\\\/\\\/leger360.com\\\/fr\\\/le-barometre-de-ce-que-les-quebecois-trouvent-le-plus-immoral\\\/\"},\"author\":{\"name\":\"Jason Anthony\",\"@id\":\"https:\\\/\\\/leger360.com\\\/fr\\\/#\\\/schema\\\/person\\\/34dfccb7aa46dcd4085221008ca51ac9\"},\"headline\":\"Le barom\u00e8tre de ce que les Qu\u00e9b\u00e9cois trouvent le plus immoral\",\"datePublished\":\"2020-12-15T15:51:32+00:00\",\"dateModified\":\"2024-02-09T09:14:45+00:00\",\"mainEntityOfPage\":{\"@id\":\"https:\\\/\\\/leger360.com\\\/fr\\\/le-barometre-de-ce-que-les-quebecois-trouvent-le-plus-immoral\\\/\"},\"wordCount\":162,\"publisher\":{\"@id\":\"https:\\\/\\\/leger360.com\\\/fr\\\/#organization\"},\"image\":{\"@id\":\"https:\\\/\\\/leger360.com\\\/fr\\\/le-barometre-de-ce-que-les-quebecois-trouvent-le-plus-immoral\\\/#primaryimage\"},\"thumbnailUrl\":\"https:\\\/\\\/leger360.com\\\/wp-content\\\/uploads\\\/2024\\\/02\\\/shutterstock_1376834447.jpg\",\"articleSection\":[\"In the news\"],\"inLanguage\":\"fr-CA\"},{\"@type\":\"WebPage\",\"@id\":\"https:\\\/\\\/leger360.com\\\/fr\\\/le-barometre-de-ce-que-les-quebecois-trouvent-le-plus-immoral\\\/\",\"url\":\"https:\\\/\\\/leger360.com\\\/fr\\\/le-barometre-de-ce-que-les-quebecois-trouvent-le-plus-immoral\\\/\",\"name\":\"Le barom\u00e8tre de ce que les Qu\u00e9b\u00e9cois trouvent le plus immoral - Leger\",\"isPartOf\":{\"@id\":\"https:\\\/\\\/leger360.com\\\/fr\\\/#website\"},\"primaryImageOfPage\":{\"@id\":\"https:\\\/\\\/leger360.com\\\/fr\\\/le-barometre-de-ce-que-les-quebecois-trouvent-le-plus-immoral\\\/#primaryimage\"},\"image\":{\"@id\":\"https:\\\/\\\/leger360.com\\\/fr\\\/le-barometre-de-ce-que-les-quebecois-trouvent-le-plus-immoral\\\/#primaryimage\"},\"thumbnailUrl\":\"https:\\\/\\\/leger360.com\\\/wp-content\\\/uploads\\\/2024\\\/02\\\/shutterstock_1376834447.jpg\",\"datePublished\":\"2020-12-15T15:51:32+00:00\",\"dateModified\":\"2024-02-09T09:14:45+00:00\",\"breadcrumb\":{\"@id\":\"https:\\\/\\\/leger360.com\\\/fr\\\/le-barometre-de-ce-que-les-quebecois-trouvent-le-plus-immoral\\\/#breadcrumb\"},\"inLanguage\":\"fr-CA\",\"potentialAction\":[{\"@type\":\"ReadAction\",\"target\":[\"https:\\\/\\\/leger360.com\\\/fr\\\/le-barometre-de-ce-que-les-quebecois-trouvent-le-plus-immoral\\\/\"]}]},{\"@type\":\"ImageObject\",\"inLanguage\":\"fr-CA\",\"@id\":\"https:\\\/\\\/leger360.com\\\/fr\\\/le-barometre-de-ce-que-les-quebecois-trouvent-le-plus-immoral\\\/#primaryimage\",\"url\":\"https:\\\/\\\/leger360.com\\\/wp-content\\\/uploads\\\/2024\\\/02\\\/shutterstock_1376834447.jpg\",\"contentUrl\":\"https:\\\/\\\/leger360.com\\\/wp-content\\\/uploads\\\/2024\\\/02\\\/shutterstock_1376834447.jpg\",\"width\":1000,\"height\":563},{\"@type\":\"BreadcrumbList\",\"@id\":\"https:\\\/\\\/leger360.com\\\/fr\\\/le-barometre-de-ce-que-les-quebecois-trouvent-le-plus-immoral\\\/#breadcrumb\",\"itemListElement\":[{\"@type\":\"ListItem\",\"position\":1,\"name\":\"Home\",\"item\":\"https:\\\/\\\/leger360.com\\\/fr\\\/\"},{\"@type\":\"ListItem\",\"position\":2,\"name\":\"Le barom\u00e8tre de ce que les Qu\u00e9b\u00e9cois trouvent le plus immoral\"}]},{\"@type\":\"WebSite\",\"@id\":\"https:\\\/\\\/leger360.com\\\/fr\\\/#website\",\"url\":\"https:\\\/\\\/leger360.com\\\/fr\\\/\",\"name\":\"Leger\",\"description\":\"Market Research | Data Analytics\",\"publisher\":{\"@id\":\"https:\\\/\\\/leger360.com\\\/fr\\\/#organization\"},\"potentialAction\":[{\"@type\":\"SearchAction\",\"target\":{\"@type\":\"EntryPoint\",\"urlTemplate\":\"https:\\\/\\\/leger360.com\\\/fr\\\/?s={search_term_string}\"},\"query-input\":{\"@type\":\"PropertyValueSpecification\",\"valueRequired\":true,\"valueName\":\"search_term_string\"}}],\"inLanguage\":\"fr-CA\"},{\"@type\":\"Organization\",\"@id\":\"https:\\\/\\\/leger360.com\\\/fr\\\/#organization\",\"name\":\"Leger\",\"url\":\"https:\\\/\\\/leger360.com\\\/fr\\\/\",\"logo\":{\"@type\":\"ImageObject\",\"inLanguage\":\"fr-CA\",\"@id\":\"https:\\\/\\\/leger360.com\\\/fr\\\/#\\\/schema\\\/logo\\\/image\\\/\",\"url\":\"https:\\\/\\\/leger360.com\\\/wp-content\\\/uploads\\\/2024\\\/04\\\/2022-Logo-Leger-Blackred-g.png\",\"contentUrl\":\"https:\\\/\\\/leger360.com\\\/wp-content\\\/uploads\\\/2024\\\/04\\\/2022-Logo-Leger-Blackred-g.png\",\"width\":1195,\"height\":686,\"caption\":\"Leger\"},\"image\":{\"@id\":\"https:\\\/\\\/leger360.com\\\/fr\\\/#\\\/schema\\\/logo\\\/image\\\/\"},\"sameAs\":[\"https:\\\/\\\/www.facebook.com\\\/leger360\\\/\",\"https:\\\/\\\/x.com\\\/leger360\",\"https:\\\/\\\/www.linkedin.com\\\/company\\\/leger360\\\/\"],\"description\":\"Leger is one of North America\u2019s fastest-growing market research companies, known for our forward-thinking experts and innovative approaches powered by artificial intelligence (AI) technologies.\"},{\"@type\":\"Person\",\"@id\":\"https:\\\/\\\/leger360.com\\\/fr\\\/#\\\/schema\\\/person\\\/34dfccb7aa46dcd4085221008ca51ac9\",\"name\":\"Jason Anthony\",\"image\":{\"@type\":\"ImageObject\",\"inLanguage\":\"fr-CA\",\"@id\":\"https:\\\/\\\/secure.gravatar.com\\\/avatar\\\/b8d3134f69c631184566a5436407f9384b5e28c50ff3915e13c50c0c730b64f8?s=96&d=mm&r=g\",\"url\":\"https:\\\/\\\/secure.gravatar.com\\\/avatar\\\/b8d3134f69c631184566a5436407f9384b5e28c50ff3915e13c50c0c730b64f8?s=96&d=mm&r=g\",\"contentUrl\":\"https:\\\/\\\/secure.gravatar.com\\\/avatar\\\/b8d3134f69c631184566a5436407f9384b5e28c50ff3915e13c50c0c730b64f8?s=96&d=mm&r=g\",\"caption\":\"Jason Anthony\"}}]}<\/script>\n<!-- \/ Yoast SEO Premium plugin. -->","yoast_head_json":{"title":"Le barom\u00e8tre de ce que les Qu\u00e9b\u00e9cois trouvent le plus immoral - Leger","robots":{"index":"index","follow":"follow","max-snippet":"max-snippet:-1","max-image-preview":"max-image-preview:large","max-video-preview":"max-video-preview:-1"},"canonical":"https:\/\/leger360.com\/fr\/le-barometre-de-ce-que-les-quebecois-trouvent-le-plus-immoral\/","og_locale":"fr_CA","og_type":"article","og_title":"Le barom\u00e8tre de ce que les Qu\u00e9b\u00e9cois trouvent le plus immoral","og_description":"Chaque semaine,\u00a0Le Journal de Montr\u00e9al, en collaboration avec la firme de sondage L\u00e9ger, d\u00e9voile un coup de sonde sur une vari\u00e9t\u00e9 de sujets qui touchent les Qu\u00e9b\u00e9cois de pr\u00e8s ou de loin. Notre Barom\u00e8tre mesure ainsi ce qui les fait vibrer ou sourciller en tant que Qu\u00e9b\u00e9coise et Qu\u00e9b\u00e9cois, jeune et moins jeune, francophone, anglophone [&hellip;]","og_url":"https:\/\/leger360.com\/fr\/le-barometre-de-ce-que-les-quebecois-trouvent-le-plus-immoral\/","og_site_name":"Leger","article_publisher":"https:\/\/www.facebook.com\/leger360\/","article_published_time":"2020-12-15T15:51:32+00:00","article_modified_time":"2024-02-09T09:14:45+00:00","og_image":[{"width":1000,"height":563,"url":"https:\/\/leger360.com\/wp-content\/uploads\/2024\/02\/shutterstock_1376834447.jpg","type":"image\/jpeg"}],"author":"Jason Anthony","twitter_card":"summary_large_image","twitter_creator":"@leger360","twitter_site":"@leger360","twitter_misc":{"\u00c9crit par":"Jason Anthony","Estimation du temps de lecture":"1 minute"},"schema":{"@context":"https:\/\/schema.org","@graph":[{"@type":"Article","@id":"https:\/\/leger360.com\/fr\/le-barometre-de-ce-que-les-quebecois-trouvent-le-plus-immoral\/#article","isPartOf":{"@id":"https:\/\/leger360.com\/fr\/le-barometre-de-ce-que-les-quebecois-trouvent-le-plus-immoral\/"},"author":{"name":"Jason Anthony","@id":"https:\/\/leger360.com\/fr\/#\/schema\/person\/34dfccb7aa46dcd4085221008ca51ac9"},"headline":"Le barom\u00e8tre de ce que les Qu\u00e9b\u00e9cois trouvent le plus immoral","datePublished":"2020-12-15T15:51:32+00:00","dateModified":"2024-02-09T09:14:45+00:00","mainEntityOfPage":{"@id":"https:\/\/leger360.com\/fr\/le-barometre-de-ce-que-les-quebecois-trouvent-le-plus-immoral\/"},"wordCount":162,"publisher":{"@id":"https:\/\/leger360.com\/fr\/#organization"},"image":{"@id":"https:\/\/leger360.com\/fr\/le-barometre-de-ce-que-les-quebecois-trouvent-le-plus-immoral\/#primaryimage"},"thumbnailUrl":"https:\/\/leger360.com\/wp-content\/uploads\/2024\/02\/shutterstock_1376834447.jpg","articleSection":["In the news"],"inLanguage":"fr-CA"},{"@type":"WebPage","@id":"https:\/\/leger360.com\/fr\/le-barometre-de-ce-que-les-quebecois-trouvent-le-plus-immoral\/","url":"https:\/\/leger360.com\/fr\/le-barometre-de-ce-que-les-quebecois-trouvent-le-plus-immoral\/","name":"Le barom\u00e8tre de ce que les Qu\u00e9b\u00e9cois trouvent le plus immoral - Leger","isPartOf":{"@id":"https:\/\/leger360.com\/fr\/#website"},"primaryImageOfPage":{"@id":"https:\/\/leger360.com\/fr\/le-barometre-de-ce-que-les-quebecois-trouvent-le-plus-immoral\/#primaryimage"},"image":{"@id":"https:\/\/leger360.com\/fr\/le-barometre-de-ce-que-les-quebecois-trouvent-le-plus-immoral\/#primaryimage"},"thumbnailUrl":"https:\/\/leger360.com\/wp-content\/uploads\/2024\/02\/shutterstock_1376834447.jpg","datePublished":"2020-12-15T15:51:32+00:00","dateModified":"2024-02-09T09:14:45+00:00","breadcrumb":{"@id":"https:\/\/leger360.com\/fr\/le-barometre-de-ce-que-les-quebecois-trouvent-le-plus-immoral\/#breadcrumb"},"inLanguage":"fr-CA","potentialAction":[{"@type":"ReadAction","target":["https:\/\/leger360.com\/fr\/le-barometre-de-ce-que-les-quebecois-trouvent-le-plus-immoral\/"]}]},{"@type":"ImageObject","inLanguage":"fr-CA","@id":"https:\/\/leger360.com\/fr\/le-barometre-de-ce-que-les-quebecois-trouvent-le-plus-immoral\/#primaryimage","url":"https:\/\/leger360.com\/wp-content\/uploads\/2024\/02\/shutterstock_1376834447.jpg","contentUrl":"https:\/\/leger360.com\/wp-content\/uploads\/2024\/02\/shutterstock_1376834447.jpg","width":1000,"height":563},{"@type":"BreadcrumbList","@id":"https:\/\/leger360.com\/fr\/le-barometre-de-ce-que-les-quebecois-trouvent-le-plus-immoral\/#breadcrumb","itemListElement":[{"@type":"ListItem","position":1,"name":"Home","item":"https:\/\/leger360.com\/fr\/"},{"@type":"ListItem","position":2,"name":"Le barom\u00e8tre de ce que les Qu\u00e9b\u00e9cois trouvent le plus immoral"}]},{"@type":"WebSite","@id":"https:\/\/leger360.com\/fr\/#website","url":"https:\/\/leger360.com\/fr\/","name":"Leger","description":"Market Research | Data Analytics","publisher":{"@id":"https:\/\/leger360.com\/fr\/#organization"},"potentialAction":[{"@type":"SearchAction","target":{"@type":"EntryPoint","urlTemplate":"https:\/\/leger360.com\/fr\/?s={search_term_string}"},"query-input":{"@type":"PropertyValueSpecification","valueRequired":true,"valueName":"search_term_string"}}],"inLanguage":"fr-CA"},{"@type":"Organization","@id":"https:\/\/leger360.com\/fr\/#organization","name":"Leger","url":"https:\/\/leger360.com\/fr\/","logo":{"@type":"ImageObject","inLanguage":"fr-CA","@id":"https:\/\/leger360.com\/fr\/#\/schema\/logo\/image\/","url":"https:\/\/leger360.com\/wp-content\/uploads\/2024\/04\/2022-Logo-Leger-Blackred-g.png","contentUrl":"https:\/\/leger360.com\/wp-content\/uploads\/2024\/04\/2022-Logo-Leger-Blackred-g.png","width":1195,"height":686,"caption":"Leger"},"image":{"@id":"https:\/\/leger360.com\/fr\/#\/schema\/logo\/image\/"},"sameAs":["https:\/\/www.facebook.com\/leger360\/","https:\/\/x.com\/leger360","https:\/\/www.linkedin.com\/company\/leger360\/"],"description":"Leger is one of North America\u2019s fastest-growing market research companies, known for our forward-thinking experts and innovative approaches powered by artificial intelligence (AI) technologies."},{"@type":"Person","@id":"https:\/\/leger360.com\/fr\/#\/schema\/person\/34dfccb7aa46dcd4085221008ca51ac9","name":"Jason Anthony","image":{"@type":"ImageObject","inLanguage":"fr-CA","@id":"https:\/\/secure.gravatar.com\/avatar\/b8d3134f69c631184566a5436407f9384b5e28c50ff3915e13c50c0c730b64f8?s=96&d=mm&r=g","url":"https:\/\/secure.gravatar.com\/avatar\/b8d3134f69c631184566a5436407f9384b5e28c50ff3915e13c50c0c730b64f8?s=96&d=mm&r=g","contentUrl":"https:\/\/secure.gravatar.com\/avatar\/b8d3134f69c631184566a5436407f9384b5e28c50ff3915e13c50c0c730b64f8?s=96&d=mm&r=g","caption":"Jason Anthony"}}]}},"_links":{"self":[{"href":"https:\/\/leger360.com\/fr\/wp-json\/wp\/v2\/posts\/14943","targetHints":{"allow":["GET"]}}],"collection":[{"href":"https:\/\/leger360.com\/fr\/wp-json\/wp\/v2\/posts"}],"about":[{"href":"https:\/\/leger360.com\/fr\/wp-json\/wp\/v2\/types\/post"}],"author":[{"embeddable":true,"href":"https:\/\/leger360.com\/fr\/wp-json\/wp\/v2\/users\/2"}],"replies":[{"embeddable":true,"href":"https:\/\/leger360.com\/fr\/wp-json\/wp\/v2\/comments?post=14943"}],"version-history":[{"count":0,"href":"https:\/\/leger360.com\/fr\/wp-json\/wp\/v2\/posts\/14943\/revisions"}],"wp:featuredmedia":[{"embeddable":true,"href":"https:\/\/leger360.com\/fr\/wp-json\/wp\/v2\/media\/14948"}],"wp:attachment":[{"href":"https:\/\/leger360.com\/fr\/wp-json\/wp\/v2\/media?parent=14943"}],"wp:term":[{"taxonomy":"category","embeddable":true,"href":"https:\/\/leger360.com\/fr\/wp-json\/wp\/v2\/categories?post=14943"},{"taxonomy":"post_tag","embeddable":true,"href":"https:\/\/leger360.com\/fr\/wp-json\/wp\/v2\/tags?post=14943"},{"taxonomy":"post_language_cat","embeddable":true,"href":"https:\/\/leger360.com\/fr\/wp-json\/wp\/v2\/post_language_cat?post=14943"}],"curies":[{"name":"wp","href":"https:\/\/api.w.org\/{rel}","templated":true}]}}