{"id":15200,"date":"2021-03-08T11:00:00","date_gmt":"2021-03-08T11:00:00","guid":{"rendered":"https:\/\/leger360.com\/tracker-nord-americain-de-leger-8-mars-2021\/"},"modified":"2024-02-09T09:22:25","modified_gmt":"2024-02-09T09:22:25","slug":"tracker-nord-americain-de-leger-8-mars-2021","status":"publish","type":"post","link":"https:\/\/leger360.com\/fr\/tracker-nord-americain-de-leger-8-mars-2021\/","title":{"rendered":"Tracker nord-am\u00e9ricain de L\u00e9ger &#8211; 8 mars 2021"},"content":{"rendered":"\n<h3 class=\"wp-block-heading\">T\u00c9L\u00c9CHARGEZ LE\u00a0RAPPORT AU BAS DE L\u2019ARTICLE.<\/h3>\n\n\n\n<p>Pour vous aider \u00e0 rester \u00e0 jour sur les derni\u00e8res tendances et nouvelles, nous vous partageons les r\u00e9sultats les plus r\u00e9cents de notre\u00a0<strong>Tracker nord-am\u00e9ricain<\/strong>. Nous sondons les\u00a0<strong>Canadiens<\/strong>\u00a0et les\u00a0<strong>Am\u00e9ricains<\/strong>\u00a0afin d\u2019explorer leur point de vue sur la COVID-19 et d\u2019autres sujets d\u2019actualit\u00e9.\u00a0<\/p>\n\n\n\n<p><em>Ce sondage est r\u00e9alis\u00e9 \u00e0 partir de<strong>\u00a0notre panel repr\u00e9sentatif LEO<\/strong>\u00a0(L\u00e9ger Opinion), en collaboration avec l\u2019<strong>Association d\u2019\u00e9tudes canadiennes<\/strong>\u00a0(AEC), et publi\u00e9 dans\u00a0<strong>La Presse Canadienne<\/strong>.<\/em><\/p>\n\n\n\n<p>Vous aimeriez recevoir nos sondages en exclusivit\u00e9?\u00a0<a href=\"https:\/\/leger360.com\/fr\/sondages\/infolettre-covid19\/\">Abonnez-vous \u00e0 notre infolettre<\/a>.<\/p>\n\n\n\n<hr class=\"wp-block-separator\"\/>\n\n\n\n<h3 class=\"wp-block-heading\">\u00c9GALIT\u00c9 DE SEXES<\/h3>\n\n\n\n<ul class=\"wp-block-list\"><li>73% des Canadiennes et 58% des Am\u00e9ricaines croient que l\u2019\u00e9galit\u00e9 entre les hommes et les femmes n\u2019a pas \u00e9t\u00e9 atteinte dans leur pays.<\/li><li>73% des Canadiennes et 60% des Am\u00e9ricaines croient que les hommes gagnent plus pour le m\u00eame emploi dans leur pays.<\/li><li>57% des Canadiennes et 40% des Am\u00e9ricaines croient que pour atteindre l\u2019\u00e9galit\u00e9 des sexes, les organisations publiques dans leur pays devraient mettre en place un quota pour assurer un nombre minimum de femmes dans leurs conseils d\u2019administration.<\/li><\/ul>\n\n\n\n<div class=\"wp-block-image\"><figure class=\"aligncenter size-large is-resized\"><img decoding=\"async\" src=\"https:\/\/leger360.com\/wp-content\/uploads\/2024\/02\/Gender-equality_FR-1024x1024.jpg\" alt=\"\u00c9galit\u00e9 entre les hommes et les femmes : perspective des femmes\" class=\"wp-image-30742\" width=\"600\" height=\"600\"\/><\/figure><\/div>\n\n\n\n<h3 class=\"wp-block-heading\">PERSPECTIVES DES FEMMES VS. HOMMES<\/h3>\n\n\n\n<p>Au Canada et aux \u00c9tats-Unis, les femmes sont plus propices que les hommes \u00e0 :<\/p>\n\n\n\n<ul class=\"wp-block-list\"><li>Croire que dans leur pays, les hommes gagnent plus qu\u2019elles pour le m\u00eame emploi,<\/li><li>Croire que les organisations publiques dans leur pays devraient mettre en place un quota afin d\u2019assurer un minimum de femmes dans leurs conseils d\u2019administration.<\/li><\/ul>\n\n\n\n<p>Au Canada et aux \u00c9tats-Unis, les hommes sont plus propices que les femmes \u00e0 :<\/p>\n\n\n\n<ul class=\"wp-block-list\"><li>Croire que l\u2019\u00e9galit\u00e9 des sexes est atteinte dans leur pays,<\/li><li>Croire que l\u2019\u00e9galit\u00e9 des sexes a \u00e9t\u00e9 atteinte dans tous les secteurs mentionn\u00e9s dans le sondage (\u00e0 la maison, dans les contextes sociaux, dans les m\u00e9dias, au travail, dans le domaine des sciences, en politique, dans les sports).<\/li><\/ul>\n\n\n\n<div class=\"wp-block-image\"><figure class=\"aligncenter size-large is-resized\"><img decoding=\"async\" src=\"https:\/\/leger360.com\/wp-content\/uploads\/2024\/02\/Gender-equality-2_FR-1024x1024.jpg\" alt=\"\u00c9galit\u00e9 des sexes : une perspective de genre\" class=\"wp-image-30744\" width=\"600\" height=\"600\"\/><\/figure><\/div>\n\n\n\n<h3 class=\"wp-block-heading\">M\u00c9THODOLOGIE DU SONDAGE\u00a0<\/h3>\n\n\n\n<p><strong>Sondage web\u00a0<\/strong>r\u00e9alis\u00e9 du\u00a0<strong>26 au 28 f\u00e9vrier 2021<\/strong>\u00a0aupr\u00e8s de\u00a0<strong>1 535 Canadiens<\/strong>\u00a0et\u00a0<strong>1 002 Am\u00e9ricains<\/strong>, \u00e2g\u00e9s de 18 ans ou plus, recrut\u00e9s al\u00e9atoirement \u00e0 partir du panel en ligne LEO.<\/p>\n\n\n\n<p>Une marge d\u2019erreur ne peut pas \u00eatre associ\u00e9e \u00e0 un \u00e9chantillon non probabiliste dans le cadre d\u2019une enqu\u00eate par panel. \u00c0 des fins de comparaison, un \u00e9chantillon probabiliste de cette taille aurait\u00a0<strong>une marge d\u2019erreur de \u00b1 2,50%, et ce, 19 fois sur 20\u00a0<\/strong>pour l\u2019\u00e9chantillon canadien et de\u00a0<strong>de \u00b1 3,09%, et ce, 19 fois sur 20<\/strong>\u00a0pour l\u2019\u00e9chantillon am\u00e9ricain.<\/p>\n\n\n\n<h3 class=\"wp-block-heading\">CE\u00a0RAPPORT CONTIENT LES R\u00c9SULTATS AUX QUESTIONS SUIVANTES. T\u00c9L\u00c9CHARGEZ LE\u00a0RAPPORT CI-DESSOUS POUR LES R\u00c9SULTATS COMPLETS.\u00a0<\/h3>\n\n\n\n<ul class=\"wp-block-list\"><li>Pensez-vous que l&rsquo;\u00e9galit\u00e9 entre les hommes et les femmes a \u00e9t\u00e9 atteinte au Canada ?<\/li><li>Au Canada, dans chacun des domaines suivants, pensez-vous que l&rsquo;\u00e9galit\u00e9 entre les hommes et les femmes a \u00e9t\u00e9 d\u00e9finitivement, dans une certaine mesure, pas vraiment ou pas du tout r\u00e9alis\u00e9e ?<\/li><li>Au Canada, pensez-vous que les hommes gagnent plus pour le m\u00eame emploi, que les femmes gagnent plus pour le m\u00eame emploi, ou que les deux gagnent \u00e0 peu pr\u00e8s la m\u00eame chose pour le m\u00eame emploi ?<\/li><\/ul>\n","protected":false},"excerpt":{"rendered":"<p>T\u00c9L\u00c9CHARGEZ LE\u00a0RAPPORT AU BAS DE L\u2019ARTICLE. Pour vous aider \u00e0 rester \u00e0 jour sur les derni\u00e8res tendances et nouvelles, nous vous partageons les r\u00e9sultats les plus r\u00e9cents de notre\u00a0Tracker nord-am\u00e9ricain. Nous sondons les\u00a0Canadiens\u00a0et les\u00a0Am\u00e9ricains\u00a0afin d\u2019explorer leur point de vue sur la COVID-19 et d\u2019autres sujets d\u2019actualit\u00e9.\u00a0 Ce sondage est r\u00e9alis\u00e9 \u00e0 partir de\u00a0notre panel repr\u00e9sentatif [&hellip;]<\/p>\n","protected":false},"author":2,"featured_media":9371,"comment_status":"closed","ping_status":"closed","sticky":false,"template":"","format":"standard","meta":{"_acf_changed":false,"_et_pb_use_builder":"","_et_pb_old_content":"","_et_gb_content_width":"","content-type":"","inline_featured_image":false,"footnotes":""},"categories":[34],"tags":[],"post_language_cat":[39],"class_list":["post-15200","post","type-post","status-publish","format-standard","has-post-thumbnail","hentry","category-market-intelligence","post_language_cat-fr-market-intelligence"],"acf":[],"yoast_head":"<!-- This site is optimized with the Yoast SEO Premium plugin v27.5 (Yoast SEO v27.5) - https:\/\/yoast.com\/product\/yoast-seo-premium-wordpress\/ -->\n<title>Tracker nord-am\u00e9ricain de L\u00e9ger - 8 mars 2021 - Leger<\/title>\n<meta name=\"robots\" content=\"index, follow, max-snippet:-1, max-image-preview:large, max-video-preview:-1\" \/>\n<link rel=\"canonical\" href=\"https:\/\/leger360.com\/fr\/tracker-nord-americain-de-leger-8-mars-2021\/\" \/>\n<meta property=\"og:locale\" content=\"fr_CA\" \/>\n<meta property=\"og:type\" content=\"article\" \/>\n<meta property=\"og:title\" content=\"Tracker nord-am\u00e9ricain de L\u00e9ger - 8 mars 2021\" \/>\n<meta property=\"og:description\" content=\"T\u00c9L\u00c9CHARGEZ LE\u00a0RAPPORT AU BAS DE L\u2019ARTICLE. Pour vous aider \u00e0 rester \u00e0 jour sur les derni\u00e8res tendances et nouvelles, nous vous partageons les r\u00e9sultats les plus r\u00e9cents de notre\u00a0Tracker nord-am\u00e9ricain. Nous sondons les\u00a0Canadiens\u00a0et les\u00a0Am\u00e9ricains\u00a0afin d\u2019explorer leur point de vue sur la COVID-19 et d\u2019autres sujets d\u2019actualit\u00e9.\u00a0 Ce sondage est r\u00e9alis\u00e9 \u00e0 partir de\u00a0notre panel repr\u00e9sentatif [&hellip;]\" \/>\n<meta property=\"og:url\" content=\"https:\/\/leger360.com\/fr\/tracker-nord-americain-de-leger-8-mars-2021\/\" \/>\n<meta property=\"og:site_name\" content=\"Leger\" \/>\n<meta property=\"article:publisher\" content=\"https:\/\/www.facebook.com\/leger360\/\" \/>\n<meta property=\"article:published_time\" content=\"2021-03-08T11:00:00+00:00\" \/>\n<meta property=\"article:modified_time\" content=\"2024-02-09T09:22:25+00:00\" \/>\n<meta property=\"og:image\" content=\"https:\/\/leger360.com\/wp-content\/uploads\/2024\/02\/shutterstock_1205245405.jpg\" \/>\n\t<meta property=\"og:image:width\" content=\"1000\" \/>\n\t<meta property=\"og:image:height\" content=\"667\" \/>\n\t<meta property=\"og:image:type\" content=\"image\/jpeg\" \/>\n<meta name=\"author\" content=\"Jason Anthony\" \/>\n<meta name=\"twitter:card\" content=\"summary_large_image\" \/>\n<meta name=\"twitter:creator\" content=\"@leger360\" \/>\n<meta name=\"twitter:site\" content=\"@leger360\" \/>\n<meta name=\"twitter:label1\" content=\"\u00c9crit par\" \/>\n\t<meta name=\"twitter:data1\" content=\"Jason Anthony\" \/>\n\t<meta name=\"twitter:label2\" content=\"Estimation du temps de lecture\" \/>\n\t<meta name=\"twitter:data2\" content=\"3 minutes\" \/>\n<script type=\"application\/ld+json\" class=\"yoast-schema-graph\">{\"@context\":\"https:\\\/\\\/schema.org\",\"@graph\":[{\"@type\":\"Article\",\"@id\":\"https:\\\/\\\/leger360.com\\\/fr\\\/tracker-nord-americain-de-leger-8-mars-2021\\\/#article\",\"isPartOf\":{\"@id\":\"https:\\\/\\\/leger360.com\\\/fr\\\/tracker-nord-americain-de-leger-8-mars-2021\\\/\"},\"author\":{\"name\":\"Jason Anthony\",\"@id\":\"https:\\\/\\\/leger360.com\\\/fr\\\/#\\\/schema\\\/person\\\/34dfccb7aa46dcd4085221008ca51ac9\"},\"headline\":\"Tracker nord-am\u00e9ricain de L\u00e9ger &#8211; 8 mars 2021\",\"datePublished\":\"2021-03-08T11:00:00+00:00\",\"dateModified\":\"2024-02-09T09:22:25+00:00\",\"mainEntityOfPage\":{\"@id\":\"https:\\\/\\\/leger360.com\\\/fr\\\/tracker-nord-americain-de-leger-8-mars-2021\\\/\"},\"wordCount\":521,\"publisher\":{\"@id\":\"https:\\\/\\\/leger360.com\\\/fr\\\/#organization\"},\"image\":{\"@id\":\"https:\\\/\\\/leger360.com\\\/fr\\\/tracker-nord-americain-de-leger-8-mars-2021\\\/#primaryimage\"},\"thumbnailUrl\":\"https:\\\/\\\/leger360.com\\\/wp-content\\\/uploads\\\/2024\\\/02\\\/shutterstock_1205245405.jpg\",\"articleSection\":[\"Market intelligence\"],\"inLanguage\":\"fr-CA\"},{\"@type\":\"WebPage\",\"@id\":\"https:\\\/\\\/leger360.com\\\/fr\\\/tracker-nord-americain-de-leger-8-mars-2021\\\/\",\"url\":\"https:\\\/\\\/leger360.com\\\/fr\\\/tracker-nord-americain-de-leger-8-mars-2021\\\/\",\"name\":\"Tracker nord-am\u00e9ricain de L\u00e9ger - 8 mars 2021 - Leger\",\"isPartOf\":{\"@id\":\"https:\\\/\\\/leger360.com\\\/fr\\\/#website\"},\"primaryImageOfPage\":{\"@id\":\"https:\\\/\\\/leger360.com\\\/fr\\\/tracker-nord-americain-de-leger-8-mars-2021\\\/#primaryimage\"},\"image\":{\"@id\":\"https:\\\/\\\/leger360.com\\\/fr\\\/tracker-nord-americain-de-leger-8-mars-2021\\\/#primaryimage\"},\"thumbnailUrl\":\"https:\\\/\\\/leger360.com\\\/wp-content\\\/uploads\\\/2024\\\/02\\\/shutterstock_1205245405.jpg\",\"datePublished\":\"2021-03-08T11:00:00+00:00\",\"dateModified\":\"2024-02-09T09:22:25+00:00\",\"breadcrumb\":{\"@id\":\"https:\\\/\\\/leger360.com\\\/fr\\\/tracker-nord-americain-de-leger-8-mars-2021\\\/#breadcrumb\"},\"inLanguage\":\"fr-CA\",\"potentialAction\":[{\"@type\":\"ReadAction\",\"target\":[\"https:\\\/\\\/leger360.com\\\/fr\\\/tracker-nord-americain-de-leger-8-mars-2021\\\/\"]}]},{\"@type\":\"ImageObject\",\"inLanguage\":\"fr-CA\",\"@id\":\"https:\\\/\\\/leger360.com\\\/fr\\\/tracker-nord-americain-de-leger-8-mars-2021\\\/#primaryimage\",\"url\":\"https:\\\/\\\/leger360.com\\\/wp-content\\\/uploads\\\/2024\\\/02\\\/shutterstock_1205245405.jpg\",\"contentUrl\":\"https:\\\/\\\/leger360.com\\\/wp-content\\\/uploads\\\/2024\\\/02\\\/shutterstock_1205245405.jpg\",\"width\":1000,\"height\":667},{\"@type\":\"BreadcrumbList\",\"@id\":\"https:\\\/\\\/leger360.com\\\/fr\\\/tracker-nord-americain-de-leger-8-mars-2021\\\/#breadcrumb\",\"itemListElement\":[{\"@type\":\"ListItem\",\"position\":1,\"name\":\"Home\",\"item\":\"https:\\\/\\\/leger360.com\\\/fr\\\/\"},{\"@type\":\"ListItem\",\"position\":2,\"name\":\"Tracker nord-am\u00e9ricain de L\u00e9ger &#8211; 8 mars 2021\"}]},{\"@type\":\"WebSite\",\"@id\":\"https:\\\/\\\/leger360.com\\\/fr\\\/#website\",\"url\":\"https:\\\/\\\/leger360.com\\\/fr\\\/\",\"name\":\"Leger\",\"description\":\"Market Research | Data Analytics\",\"publisher\":{\"@id\":\"https:\\\/\\\/leger360.com\\\/fr\\\/#organization\"},\"potentialAction\":[{\"@type\":\"SearchAction\",\"target\":{\"@type\":\"EntryPoint\",\"urlTemplate\":\"https:\\\/\\\/leger360.com\\\/fr\\\/?s={search_term_string}\"},\"query-input\":{\"@type\":\"PropertyValueSpecification\",\"valueRequired\":true,\"valueName\":\"search_term_string\"}}],\"inLanguage\":\"fr-CA\"},{\"@type\":\"Organization\",\"@id\":\"https:\\\/\\\/leger360.com\\\/fr\\\/#organization\",\"name\":\"Leger\",\"url\":\"https:\\\/\\\/leger360.com\\\/fr\\\/\",\"logo\":{\"@type\":\"ImageObject\",\"inLanguage\":\"fr-CA\",\"@id\":\"https:\\\/\\\/leger360.com\\\/fr\\\/#\\\/schema\\\/logo\\\/image\\\/\",\"url\":\"https:\\\/\\\/leger360.com\\\/wp-content\\\/uploads\\\/2024\\\/04\\\/2022-Logo-Leger-Blackred-g.png\",\"contentUrl\":\"https:\\\/\\\/leger360.com\\\/wp-content\\\/uploads\\\/2024\\\/04\\\/2022-Logo-Leger-Blackred-g.png\",\"width\":1195,\"height\":686,\"caption\":\"Leger\"},\"image\":{\"@id\":\"https:\\\/\\\/leger360.com\\\/fr\\\/#\\\/schema\\\/logo\\\/image\\\/\"},\"sameAs\":[\"https:\\\/\\\/www.facebook.com\\\/leger360\\\/\",\"https:\\\/\\\/x.com\\\/leger360\",\"https:\\\/\\\/www.linkedin.com\\\/company\\\/leger360\\\/\"],\"description\":\"Leger is one of North America\u2019s fastest-growing market research companies, known for our forward-thinking experts and innovative approaches powered by artificial intelligence (AI) technologies.\"},{\"@type\":\"Person\",\"@id\":\"https:\\\/\\\/leger360.com\\\/fr\\\/#\\\/schema\\\/person\\\/34dfccb7aa46dcd4085221008ca51ac9\",\"name\":\"Jason Anthony\",\"image\":{\"@type\":\"ImageObject\",\"inLanguage\":\"fr-CA\",\"@id\":\"https:\\\/\\\/secure.gravatar.com\\\/avatar\\\/b8d3134f69c631184566a5436407f9384b5e28c50ff3915e13c50c0c730b64f8?s=96&d=mm&r=g\",\"url\":\"https:\\\/\\\/secure.gravatar.com\\\/avatar\\\/b8d3134f69c631184566a5436407f9384b5e28c50ff3915e13c50c0c730b64f8?s=96&d=mm&r=g\",\"contentUrl\":\"https:\\\/\\\/secure.gravatar.com\\\/avatar\\\/b8d3134f69c631184566a5436407f9384b5e28c50ff3915e13c50c0c730b64f8?s=96&d=mm&r=g\",\"caption\":\"Jason Anthony\"}}]}<\/script>\n<!-- \/ Yoast SEO Premium plugin. -->","yoast_head_json":{"title":"Tracker nord-am\u00e9ricain de L\u00e9ger - 8 mars 2021 - Leger","robots":{"index":"index","follow":"follow","max-snippet":"max-snippet:-1","max-image-preview":"max-image-preview:large","max-video-preview":"max-video-preview:-1"},"canonical":"https:\/\/leger360.com\/fr\/tracker-nord-americain-de-leger-8-mars-2021\/","og_locale":"fr_CA","og_type":"article","og_title":"Tracker nord-am\u00e9ricain de L\u00e9ger - 8 mars 2021","og_description":"T\u00c9L\u00c9CHARGEZ LE\u00a0RAPPORT AU BAS DE L\u2019ARTICLE. Pour vous aider \u00e0 rester \u00e0 jour sur les derni\u00e8res tendances et nouvelles, nous vous partageons les r\u00e9sultats les plus r\u00e9cents de notre\u00a0Tracker nord-am\u00e9ricain. Nous sondons les\u00a0Canadiens\u00a0et les\u00a0Am\u00e9ricains\u00a0afin d\u2019explorer leur point de vue sur la COVID-19 et d\u2019autres sujets d\u2019actualit\u00e9.\u00a0 Ce sondage est r\u00e9alis\u00e9 \u00e0 partir de\u00a0notre panel repr\u00e9sentatif [&hellip;]","og_url":"https:\/\/leger360.com\/fr\/tracker-nord-americain-de-leger-8-mars-2021\/","og_site_name":"Leger","article_publisher":"https:\/\/www.facebook.com\/leger360\/","article_published_time":"2021-03-08T11:00:00+00:00","article_modified_time":"2024-02-09T09:22:25+00:00","og_image":[{"width":1000,"height":667,"url":"https:\/\/leger360.com\/wp-content\/uploads\/2024\/02\/shutterstock_1205245405.jpg","type":"image\/jpeg"}],"author":"Jason Anthony","twitter_card":"summary_large_image","twitter_creator":"@leger360","twitter_site":"@leger360","twitter_misc":{"\u00c9crit par":"Jason Anthony","Estimation du temps de lecture":"3 minutes"},"schema":{"@context":"https:\/\/schema.org","@graph":[{"@type":"Article","@id":"https:\/\/leger360.com\/fr\/tracker-nord-americain-de-leger-8-mars-2021\/#article","isPartOf":{"@id":"https:\/\/leger360.com\/fr\/tracker-nord-americain-de-leger-8-mars-2021\/"},"author":{"name":"Jason Anthony","@id":"https:\/\/leger360.com\/fr\/#\/schema\/person\/34dfccb7aa46dcd4085221008ca51ac9"},"headline":"Tracker nord-am\u00e9ricain de L\u00e9ger &#8211; 8 mars 2021","datePublished":"2021-03-08T11:00:00+00:00","dateModified":"2024-02-09T09:22:25+00:00","mainEntityOfPage":{"@id":"https:\/\/leger360.com\/fr\/tracker-nord-americain-de-leger-8-mars-2021\/"},"wordCount":521,"publisher":{"@id":"https:\/\/leger360.com\/fr\/#organization"},"image":{"@id":"https:\/\/leger360.com\/fr\/tracker-nord-americain-de-leger-8-mars-2021\/#primaryimage"},"thumbnailUrl":"https:\/\/leger360.com\/wp-content\/uploads\/2024\/02\/shutterstock_1205245405.jpg","articleSection":["Market intelligence"],"inLanguage":"fr-CA"},{"@type":"WebPage","@id":"https:\/\/leger360.com\/fr\/tracker-nord-americain-de-leger-8-mars-2021\/","url":"https:\/\/leger360.com\/fr\/tracker-nord-americain-de-leger-8-mars-2021\/","name":"Tracker nord-am\u00e9ricain de L\u00e9ger - 8 mars 2021 - Leger","isPartOf":{"@id":"https:\/\/leger360.com\/fr\/#website"},"primaryImageOfPage":{"@id":"https:\/\/leger360.com\/fr\/tracker-nord-americain-de-leger-8-mars-2021\/#primaryimage"},"image":{"@id":"https:\/\/leger360.com\/fr\/tracker-nord-americain-de-leger-8-mars-2021\/#primaryimage"},"thumbnailUrl":"https:\/\/leger360.com\/wp-content\/uploads\/2024\/02\/shutterstock_1205245405.jpg","datePublished":"2021-03-08T11:00:00+00:00","dateModified":"2024-02-09T09:22:25+00:00","breadcrumb":{"@id":"https:\/\/leger360.com\/fr\/tracker-nord-americain-de-leger-8-mars-2021\/#breadcrumb"},"inLanguage":"fr-CA","potentialAction":[{"@type":"ReadAction","target":["https:\/\/leger360.com\/fr\/tracker-nord-americain-de-leger-8-mars-2021\/"]}]},{"@type":"ImageObject","inLanguage":"fr-CA","@id":"https:\/\/leger360.com\/fr\/tracker-nord-americain-de-leger-8-mars-2021\/#primaryimage","url":"https:\/\/leger360.com\/wp-content\/uploads\/2024\/02\/shutterstock_1205245405.jpg","contentUrl":"https:\/\/leger360.com\/wp-content\/uploads\/2024\/02\/shutterstock_1205245405.jpg","width":1000,"height":667},{"@type":"BreadcrumbList","@id":"https:\/\/leger360.com\/fr\/tracker-nord-americain-de-leger-8-mars-2021\/#breadcrumb","itemListElement":[{"@type":"ListItem","position":1,"name":"Home","item":"https:\/\/leger360.com\/fr\/"},{"@type":"ListItem","position":2,"name":"Tracker nord-am\u00e9ricain de L\u00e9ger &#8211; 8 mars 2021"}]},{"@type":"WebSite","@id":"https:\/\/leger360.com\/fr\/#website","url":"https:\/\/leger360.com\/fr\/","name":"Leger","description":"Market Research | Data Analytics","publisher":{"@id":"https:\/\/leger360.com\/fr\/#organization"},"potentialAction":[{"@type":"SearchAction","target":{"@type":"EntryPoint","urlTemplate":"https:\/\/leger360.com\/fr\/?s={search_term_string}"},"query-input":{"@type":"PropertyValueSpecification","valueRequired":true,"valueName":"search_term_string"}}],"inLanguage":"fr-CA"},{"@type":"Organization","@id":"https:\/\/leger360.com\/fr\/#organization","name":"Leger","url":"https:\/\/leger360.com\/fr\/","logo":{"@type":"ImageObject","inLanguage":"fr-CA","@id":"https:\/\/leger360.com\/fr\/#\/schema\/logo\/image\/","url":"https:\/\/leger360.com\/wp-content\/uploads\/2024\/04\/2022-Logo-Leger-Blackred-g.png","contentUrl":"https:\/\/leger360.com\/wp-content\/uploads\/2024\/04\/2022-Logo-Leger-Blackred-g.png","width":1195,"height":686,"caption":"Leger"},"image":{"@id":"https:\/\/leger360.com\/fr\/#\/schema\/logo\/image\/"},"sameAs":["https:\/\/www.facebook.com\/leger360\/","https:\/\/x.com\/leger360","https:\/\/www.linkedin.com\/company\/leger360\/"],"description":"Leger is one of North America\u2019s fastest-growing market research companies, known for our forward-thinking experts and innovative approaches powered by artificial intelligence (AI) technologies."},{"@type":"Person","@id":"https:\/\/leger360.com\/fr\/#\/schema\/person\/34dfccb7aa46dcd4085221008ca51ac9","name":"Jason Anthony","image":{"@type":"ImageObject","inLanguage":"fr-CA","@id":"https:\/\/secure.gravatar.com\/avatar\/b8d3134f69c631184566a5436407f9384b5e28c50ff3915e13c50c0c730b64f8?s=96&d=mm&r=g","url":"https:\/\/secure.gravatar.com\/avatar\/b8d3134f69c631184566a5436407f9384b5e28c50ff3915e13c50c0c730b64f8?s=96&d=mm&r=g","contentUrl":"https:\/\/secure.gravatar.com\/avatar\/b8d3134f69c631184566a5436407f9384b5e28c50ff3915e13c50c0c730b64f8?s=96&d=mm&r=g","caption":"Jason Anthony"}}]}},"_links":{"self":[{"href":"https:\/\/leger360.com\/fr\/wp-json\/wp\/v2\/posts\/15200","targetHints":{"allow":["GET"]}}],"collection":[{"href":"https:\/\/leger360.com\/fr\/wp-json\/wp\/v2\/posts"}],"about":[{"href":"https:\/\/leger360.com\/fr\/wp-json\/wp\/v2\/types\/post"}],"author":[{"embeddable":true,"href":"https:\/\/leger360.com\/fr\/wp-json\/wp\/v2\/users\/2"}],"replies":[{"embeddable":true,"href":"https:\/\/leger360.com\/fr\/wp-json\/wp\/v2\/comments?post=15200"}],"version-history":[{"count":0,"href":"https:\/\/leger360.com\/fr\/wp-json\/wp\/v2\/posts\/15200\/revisions"}],"wp:featuredmedia":[{"embeddable":true,"href":"https:\/\/leger360.com\/fr\/wp-json\/wp\/v2\/media\/9371"}],"wp:attachment":[{"href":"https:\/\/leger360.com\/fr\/wp-json\/wp\/v2\/media?parent=15200"}],"wp:term":[{"taxonomy":"category","embeddable":true,"href":"https:\/\/leger360.com\/fr\/wp-json\/wp\/v2\/categories?post=15200"},{"taxonomy":"post_tag","embeddable":true,"href":"https:\/\/leger360.com\/fr\/wp-json\/wp\/v2\/tags?post=15200"},{"taxonomy":"post_language_cat","embeddable":true,"href":"https:\/\/leger360.com\/fr\/wp-json\/wp\/v2\/post_language_cat?post=15200"}],"curies":[{"name":"wp","href":"https:\/\/api.w.org\/{rel}","templated":true}]}}