{"id":15359,"date":"2021-05-04T10:00:00","date_gmt":"2021-05-04T10:00:00","guid":{"rendered":"https:\/\/leger360.com\/tracker-nord-americain-de-leger-4-mai-2021\/"},"modified":"2024-02-09T09:27:46","modified_gmt":"2024-02-09T09:27:46","slug":"tracker-nord-americain-de-leger-4-mai-2021","status":"publish","type":"post","link":"https:\/\/leger360.com\/fr\/tracker-nord-americain-de-leger-4-mai-2021\/","title":{"rendered":"Tracker nord-am\u00e9ricain de L\u00e9ger \u2013 4 mai 2021"},"content":{"rendered":"\n<h3 class=\"wp-block-heading\" id=\"block-9854abb7-c078-4d78-8dd2-5ef90a10e995\">T\u00c9L\u00c9CHARGEZ LE\u00a0RAPPORT AU BAS DE L\u2019ARTICLE.<\/h3>\n\n\n\n<p id=\"block-040f6253-b999-4110-be76-cff358880216\">Pour vous aider \u00e0 rester \u00e0 jour sur les derni\u00e8res tendances et nouvelles, nous vous partageons les r\u00e9sultats les plus r\u00e9cents de notre\u00a0<strong>Tracker nord-am\u00e9ricain<\/strong>. Nous sondons les\u00a0<strong>Canadiens<\/strong>\u00a0et les\u00a0<strong>Am\u00e9ricains<\/strong>\u00a0afin d\u2019explorer leur point de vue sur la COVID-19 et d\u2019autres sujets d\u2019actualit\u00e9.\u00a0<\/p>\n\n\n\n<p id=\"block-532263dc-8229-446e-bb6b-d99ce49be894\"><em>Ce sondage est r\u00e9alis\u00e9 \u00e0 partir de<strong>\u00a0notre panel repr\u00e9sentatif LEO<\/strong>\u00a0(L\u00e9ger Opinion), en collaboration avec l\u2019<strong>Association d\u2019\u00e9tudes canadiennes<\/strong>\u00a0(AEC), et publi\u00e9 dans\u00a0<strong>La Presse Canadienne<\/strong>.<\/em><\/p>\n\n\n\n<p id=\"block-f047ab15-dcaa-41d1-a2dc-ad871098348e\">Vous aimeriez recevoir nos sondages en exclusivit\u00e9?\u00a0<a href=\"https:\/\/leger360.com\/fr\/sondages\/infolettre-covid19\/\">Abonnez-vous \u00e0 notre infolettre<\/a>.<\/p>\n\n\n\n<hr class=\"wp-block-separator\" id=\"block-fd5cde27-094a-4d8c-8ef2-d9ddc0144cef\"\/>\n\n\n\n<h3 class=\"wp-block-heading\" id=\"block-fa2b7789-da6b-4253-b504-aa893f72d06d\">Changement climatique et z\u00e9ro \u00e9mission d\u2019ici 2050<\/h3>\n\n\n\n<ul class=\"wp-block-list\" id=\"block-7ded9a13-44d5-48cf-b256-23b7d7bbd212\"><li>74% des Canadiens et 59% des Am\u00e9ricains <strong>sont inquiets<\/strong> du changement climatique.<\/li><\/ul>\n\n\n\n<figure class=\"wp-block-image aligncenter size-large is-resized\"><img decoding=\"async\" src=\"https:\/\/leger360.com\/wp-content\/uploads\/2024\/02\/Worried-about-climate-change_FR_2021-04-30_V2-scaled.jpg\" alt=\"74% des Canadiens et 59% des Am\u00e9ricains sont inquiets du changement climatique.\" class=\"wp-image-31316\" width=\"600\" height=\"600\"\/><\/figure>\n\n\n\n<ul class=\"wp-block-list\" id=\"block-0f337330-4ded-404f-9379-295fd9dc34bd\"><li>68% des Canadiens et 53% des Am\u00e9ricains <strong>soutiennent l&rsquo;objectif de z\u00e9ro \u00e9mission nette de carbone<\/strong> dans leur pays respectif d&rsquo;ici 2050.<\/li><\/ul>\n\n\n\n<figure class=\"wp-block-image aligncenter size-large is-resized\"><img decoding=\"async\" src=\"https:\/\/leger360.com\/wp-content\/uploads\/2024\/02\/Net-Zero-carbon-emissions_FR_2021-04-30_V2-1-scaled.jpg\" alt=\"68% des Canadiens et 53% des Am\u00e9ricains soutiennent l'objectif de z\u00e9ro \u00e9mission nette de carbone dans leur pays respectif d'ici 2050.\" class=\"wp-image-31331\" width=\"600\" height=\"600\"\/><\/figure>\n\n\n\n<ul class=\"wp-block-list\" id=\"block-ecefddb9-233d-4ff7-9e49-a4cb23edb6a4\"><li>Apr\u00e8s avoir \u00e9t\u00e9 inform\u00e9s que l&rsquo;objectif de z\u00e9ro \u00e9mission d&rsquo;ici 2050 n\u00e9cessitera que le Canada et les \u00c9tats-Unis r\u00e9duisent consid\u00e9rablement leur d\u00e9pendance \u00e0 l&rsquo;\u00e9gard de l&rsquo;exploitation et de l&rsquo;exportation de p\u00e9trole et de gaz naturel, 64% des Canadiens et 49% des Am\u00e9ricains ont affirm\u00e9 <strong>soutenir cet objectif<\/strong>.<\/li><li>Apr\u00e8s avoir \u00e9t\u00e9 inform\u00e9s que l&rsquo;objectif de z\u00e9ro \u00e9mission d&rsquo;ici 2050 entra\u00eenera probablement une augmentation du prix de l&rsquo;essence, du carburant diesel et du gaz naturel au Canada et aux \u00c9tats-Unis, 53% des Canadiens et 40% des Am\u00e9ricains ont affirm\u00e9 <strong>soutenir cet objectif<\/strong>.<\/li><\/ul>\n\n\n\n<h3 class=\"wp-block-heading\" id=\"block-e18544de-19d6-45e3-b6bd-a415e7a63dfd\">M\u00c9THODOLOGIE DU SONDAGE\u00a0<\/h3>\n\n\n\n<p id=\"block-e4184d99-e538-44cb-8d88-259b7fac7cc0\"><strong>Sondage web\u00a0<\/strong>r\u00e9alis\u00e9 du\u00a0<strong>23 au 26 avril 2021<\/strong>\u00a0aupr\u00e8s de\u00a0<strong>1 548 Canadiens<\/strong>\u00a0et\u00a0<strong>1 003 Am\u00e9ricains<\/strong>, \u00e2g\u00e9s de 18 ans ou plus, recrut\u00e9s al\u00e9atoirement \u00e0 partir du panel en ligne LEO.<\/p>\n\n\n\n<p id=\"block-bf070bee-b3c4-47ee-ae70-592066af21d7\">Une marge d\u2019erreur ne peut pas \u00eatre associ\u00e9e \u00e0 un \u00e9chantillon non probabiliste dans le cadre d\u2019une enqu\u00eate par panel. \u00c0 des fins de comparaison, un \u00e9chantillon probabiliste de cette taille aurait\u00a0<strong>une marge d\u2019erreur de \u00b1 2,49%, et ce, 19 fois sur 20\u00a0<\/strong>pour l\u2019\u00e9chantillon canadien et de\u00a0<strong>\u00b1 3,09%, et ce, 19 fois sur 20<\/strong>\u00a0pour l\u2019\u00e9chantillon am\u00e9ricain.<\/p>\n\n\n\n<h3 class=\"wp-block-heading\" id=\"block-5e53740d-f285-4e2d-96e6-9bc81b5cee16\">CE\u00a0RAPPORT CONTIENT LES R\u00c9SULTATS AUX QUESTIONS SUIVANTES. T\u00c9L\u00c9CHARGEZ LE\u00a0RAPPORT CI-DESSOUS POUR LES R\u00c9SULTATS COMPLETS.\u00a0<\/h3>\n\n\n\n<ul class=\"wp-block-list\" id=\"block-0ed0ec47-eb34-4b7a-b36a-3ad42f054541\"><li>Dans quelle mesure \u00eates-vous inquiet(e) du changement climatique?<\/li><li>La semaine derni\u00e8re, un sommet international r\u00e9unissant les principales \u00e9conomies du monde s&rsquo;est r\u00e9uni pour discuter de la question du changement climatique. Le Canada\/les \u00c9tats-Unis ainsi que d&rsquo;autres pays ont convenu d&rsquo;atteindre l&rsquo;objectif de z\u00e9ro \u00e9mission nette de carbone d&rsquo;ici 2050. Cela signifie que toute nouvelle \u00e9mission de carbone entrant dans l&rsquo;atmosph\u00e8re terrestre sera compens\u00e9e par une r\u00e9duction des \u00e9missions. \u00cates-vous pour ou contre l&rsquo;objectif de z\u00e9ro \u00e9mission nette pour le Canada\/les \u00c9tats-Unis?<\/li><li>Pour le Canada\/les \u00c9tats-Unis, l&rsquo;objectif de z\u00e9ro \u00e9mission d&rsquo;ici 2050 signifie que le pays devra r\u00e9duire consid\u00e9rablement sa d\u00e9pendance \u00e0 l&rsquo;\u00e9gard de l&rsquo;exploitation et de l&rsquo;exportation de p\u00e9trole et de gaz naturel, ce qui entra\u00eenera des changements dans l&rsquo;\u00e9conomie canadienne\/am\u00e9ricaine. \u00cates-vous pour ou contre l&rsquo;objectif de z\u00e9ro \u00e9mission nette pour le Canada\/les \u00c9tats-Unis?<\/li><li>Lorsque l&rsquo;\u00e9conomie canadienne\/am\u00e9ricaine cessera de d\u00e9pendre du p\u00e9trole et du gaz naturel pour atteindre l&rsquo;objectif z\u00e9ro \u00e9mission d&rsquo;ici 2050, le prix de l&rsquo;essence, du carburant diesel et du gaz naturel augmentera probablement. Cela signifie que le prix de certaines choses va augmenter pendant cette transition. \u00cates-vous pour ou contre l&rsquo;objectif de z\u00e9ro \u00e9mission nette pour le Canada\/les \u00c9tats-Unis?<\/li><\/ul>\n","protected":false},"excerpt":{"rendered":"<p>T\u00c9L\u00c9CHARGEZ LE\u00a0RAPPORT AU BAS DE L\u2019ARTICLE. Pour vous aider \u00e0 rester \u00e0 jour sur les derni\u00e8res tendances et nouvelles, nous vous partageons les r\u00e9sultats les plus r\u00e9cents de notre\u00a0Tracker nord-am\u00e9ricain. Nous sondons les\u00a0Canadiens\u00a0et les\u00a0Am\u00e9ricains\u00a0afin d\u2019explorer leur point de vue sur la COVID-19 et d\u2019autres sujets d\u2019actualit\u00e9.\u00a0 Ce sondage est r\u00e9alis\u00e9 \u00e0 partir de\u00a0notre panel repr\u00e9sentatif [&hellip;]<\/p>\n","protected":false},"author":2,"featured_media":15370,"comment_status":"closed","ping_status":"closed","sticky":false,"template":"","format":"standard","meta":{"_acf_changed":false,"_et_pb_use_builder":"","_et_pb_old_content":"","_et_gb_content_width":"","content-type":"","inline_featured_image":false,"footnotes":""},"categories":[876],"tags":[],"post_language_cat":[39],"class_list":["post-15359","post","type-post","status-publish","format-standard","has-post-thumbnail","hentry","category-expertise-de-marche","post_language_cat-fr-market-intelligence"],"acf":[],"yoast_head":"<!-- This site is optimized with the Yoast SEO Premium plugin v27.5 (Yoast SEO v27.5) - https:\/\/yoast.com\/product\/yoast-seo-premium-wordpress\/ -->\n<title>Tracker nord-am\u00e9ricain de L\u00e9ger \u2013 4 mai 2021 - Leger<\/title>\n<meta name=\"robots\" content=\"index, follow, max-snippet:-1, max-image-preview:large, max-video-preview:-1\" \/>\n<link rel=\"canonical\" href=\"https:\/\/leger360.com\/fr\/tracker-nord-americain-de-leger-4-mai-2021\/\" \/>\n<meta property=\"og:locale\" content=\"fr_CA\" \/>\n<meta property=\"og:type\" content=\"article\" \/>\n<meta property=\"og:title\" content=\"Tracker nord-am\u00e9ricain de L\u00e9ger \u2013 4 mai 2021\" \/>\n<meta property=\"og:description\" content=\"T\u00c9L\u00c9CHARGEZ LE\u00a0RAPPORT AU BAS DE L\u2019ARTICLE. Pour vous aider \u00e0 rester \u00e0 jour sur les derni\u00e8res tendances et nouvelles, nous vous partageons les r\u00e9sultats les plus r\u00e9cents de notre\u00a0Tracker nord-am\u00e9ricain. Nous sondons les\u00a0Canadiens\u00a0et les\u00a0Am\u00e9ricains\u00a0afin d\u2019explorer leur point de vue sur la COVID-19 et d\u2019autres sujets d\u2019actualit\u00e9.\u00a0 Ce sondage est r\u00e9alis\u00e9 \u00e0 partir de\u00a0notre panel repr\u00e9sentatif [&hellip;]\" \/>\n<meta property=\"og:url\" content=\"https:\/\/leger360.com\/fr\/tracker-nord-americain-de-leger-4-mai-2021\/\" \/>\n<meta property=\"og:site_name\" content=\"Leger\" \/>\n<meta property=\"article:publisher\" content=\"https:\/\/www.facebook.com\/leger360\/\" \/>\n<meta property=\"article:published_time\" content=\"2021-05-04T10:00:00+00:00\" \/>\n<meta property=\"article:modified_time\" content=\"2024-02-09T09:27:46+00:00\" \/>\n<meta property=\"og:image\" content=\"https:\/\/leger360.com\/wp-content\/uploads\/2024\/02\/shutterstock_18646849.jpg\" \/>\n\t<meta property=\"og:image:width\" content=\"1000\" \/>\n\t<meta property=\"og:image:height\" content=\"667\" \/>\n\t<meta property=\"og:image:type\" content=\"image\/jpeg\" \/>\n<meta name=\"author\" content=\"Jason Anthony\" \/>\n<meta name=\"twitter:card\" content=\"summary_large_image\" \/>\n<meta name=\"twitter:creator\" content=\"@leger360\" \/>\n<meta name=\"twitter:site\" content=\"@leger360\" \/>\n<meta name=\"twitter:label1\" content=\"\u00c9crit par\" \/>\n\t<meta name=\"twitter:data1\" content=\"Jason Anthony\" \/>\n\t<meta name=\"twitter:label2\" content=\"Estimation du temps de lecture\" \/>\n\t<meta name=\"twitter:data2\" content=\"3 minutes\" \/>\n<script type=\"application\/ld+json\" class=\"yoast-schema-graph\">{\"@context\":\"https:\\\/\\\/schema.org\",\"@graph\":[{\"@type\":\"Article\",\"@id\":\"https:\\\/\\\/leger360.com\\\/fr\\\/tracker-nord-americain-de-leger-4-mai-2021\\\/#article\",\"isPartOf\":{\"@id\":\"https:\\\/\\\/leger360.com\\\/fr\\\/tracker-nord-americain-de-leger-4-mai-2021\\\/\"},\"author\":{\"name\":\"Jason Anthony\",\"@id\":\"https:\\\/\\\/leger360.com\\\/fr\\\/#\\\/schema\\\/person\\\/34dfccb7aa46dcd4085221008ca51ac9\"},\"headline\":\"Tracker nord-am\u00e9ricain de L\u00e9ger \u2013 4 mai 2021\",\"datePublished\":\"2021-05-04T10:00:00+00:00\",\"dateModified\":\"2024-02-09T09:27:46+00:00\",\"mainEntityOfPage\":{\"@id\":\"https:\\\/\\\/leger360.com\\\/fr\\\/tracker-nord-americain-de-leger-4-mai-2021\\\/\"},\"wordCount\":602,\"publisher\":{\"@id\":\"https:\\\/\\\/leger360.com\\\/fr\\\/#organization\"},\"image\":{\"@id\":\"https:\\\/\\\/leger360.com\\\/fr\\\/tracker-nord-americain-de-leger-4-mai-2021\\\/#primaryimage\"},\"thumbnailUrl\":\"https:\\\/\\\/leger360.com\\\/wp-content\\\/uploads\\\/2024\\\/02\\\/shutterstock_18646849.jpg\",\"articleSection\":[\"Expertise de march\u00e9\"],\"inLanguage\":\"fr-CA\"},{\"@type\":\"WebPage\",\"@id\":\"https:\\\/\\\/leger360.com\\\/fr\\\/tracker-nord-americain-de-leger-4-mai-2021\\\/\",\"url\":\"https:\\\/\\\/leger360.com\\\/fr\\\/tracker-nord-americain-de-leger-4-mai-2021\\\/\",\"name\":\"Tracker nord-am\u00e9ricain de L\u00e9ger \u2013 4 mai 2021 - Leger\",\"isPartOf\":{\"@id\":\"https:\\\/\\\/leger360.com\\\/fr\\\/#website\"},\"primaryImageOfPage\":{\"@id\":\"https:\\\/\\\/leger360.com\\\/fr\\\/tracker-nord-americain-de-leger-4-mai-2021\\\/#primaryimage\"},\"image\":{\"@id\":\"https:\\\/\\\/leger360.com\\\/fr\\\/tracker-nord-americain-de-leger-4-mai-2021\\\/#primaryimage\"},\"thumbnailUrl\":\"https:\\\/\\\/leger360.com\\\/wp-content\\\/uploads\\\/2024\\\/02\\\/shutterstock_18646849.jpg\",\"datePublished\":\"2021-05-04T10:00:00+00:00\",\"dateModified\":\"2024-02-09T09:27:46+00:00\",\"breadcrumb\":{\"@id\":\"https:\\\/\\\/leger360.com\\\/fr\\\/tracker-nord-americain-de-leger-4-mai-2021\\\/#breadcrumb\"},\"inLanguage\":\"fr-CA\",\"potentialAction\":[{\"@type\":\"ReadAction\",\"target\":[\"https:\\\/\\\/leger360.com\\\/fr\\\/tracker-nord-americain-de-leger-4-mai-2021\\\/\"]}]},{\"@type\":\"ImageObject\",\"inLanguage\":\"fr-CA\",\"@id\":\"https:\\\/\\\/leger360.com\\\/fr\\\/tracker-nord-americain-de-leger-4-mai-2021\\\/#primaryimage\",\"url\":\"https:\\\/\\\/leger360.com\\\/wp-content\\\/uploads\\\/2024\\\/02\\\/shutterstock_18646849.jpg\",\"contentUrl\":\"https:\\\/\\\/leger360.com\\\/wp-content\\\/uploads\\\/2024\\\/02\\\/shutterstock_18646849.jpg\",\"width\":1000,\"height\":667},{\"@type\":\"BreadcrumbList\",\"@id\":\"https:\\\/\\\/leger360.com\\\/fr\\\/tracker-nord-americain-de-leger-4-mai-2021\\\/#breadcrumb\",\"itemListElement\":[{\"@type\":\"ListItem\",\"position\":1,\"name\":\"Home\",\"item\":\"https:\\\/\\\/leger360.com\\\/fr\\\/\"},{\"@type\":\"ListItem\",\"position\":2,\"name\":\"Tracker nord-am\u00e9ricain de L\u00e9ger \u2013 4 mai 2021\"}]},{\"@type\":\"WebSite\",\"@id\":\"https:\\\/\\\/leger360.com\\\/fr\\\/#website\",\"url\":\"https:\\\/\\\/leger360.com\\\/fr\\\/\",\"name\":\"Leger\",\"description\":\"Market Research | Data Analytics\",\"publisher\":{\"@id\":\"https:\\\/\\\/leger360.com\\\/fr\\\/#organization\"},\"potentialAction\":[{\"@type\":\"SearchAction\",\"target\":{\"@type\":\"EntryPoint\",\"urlTemplate\":\"https:\\\/\\\/leger360.com\\\/fr\\\/?s={search_term_string}\"},\"query-input\":{\"@type\":\"PropertyValueSpecification\",\"valueRequired\":true,\"valueName\":\"search_term_string\"}}],\"inLanguage\":\"fr-CA\"},{\"@type\":\"Organization\",\"@id\":\"https:\\\/\\\/leger360.com\\\/fr\\\/#organization\",\"name\":\"Leger\",\"url\":\"https:\\\/\\\/leger360.com\\\/fr\\\/\",\"logo\":{\"@type\":\"ImageObject\",\"inLanguage\":\"fr-CA\",\"@id\":\"https:\\\/\\\/leger360.com\\\/fr\\\/#\\\/schema\\\/logo\\\/image\\\/\",\"url\":\"https:\\\/\\\/leger360.com\\\/wp-content\\\/uploads\\\/2024\\\/04\\\/2022-Logo-Leger-Blackred-g.png\",\"contentUrl\":\"https:\\\/\\\/leger360.com\\\/wp-content\\\/uploads\\\/2024\\\/04\\\/2022-Logo-Leger-Blackred-g.png\",\"width\":1195,\"height\":686,\"caption\":\"Leger\"},\"image\":{\"@id\":\"https:\\\/\\\/leger360.com\\\/fr\\\/#\\\/schema\\\/logo\\\/image\\\/\"},\"sameAs\":[\"https:\\\/\\\/www.facebook.com\\\/leger360\\\/\",\"https:\\\/\\\/x.com\\\/leger360\",\"https:\\\/\\\/www.linkedin.com\\\/company\\\/leger360\\\/\"],\"description\":\"Leger is one of North America\u2019s fastest-growing market research companies, known for our forward-thinking experts and innovative approaches powered by artificial intelligence (AI) technologies.\"},{\"@type\":\"Person\",\"@id\":\"https:\\\/\\\/leger360.com\\\/fr\\\/#\\\/schema\\\/person\\\/34dfccb7aa46dcd4085221008ca51ac9\",\"name\":\"Jason Anthony\",\"image\":{\"@type\":\"ImageObject\",\"inLanguage\":\"fr-CA\",\"@id\":\"https:\\\/\\\/secure.gravatar.com\\\/avatar\\\/b8d3134f69c631184566a5436407f9384b5e28c50ff3915e13c50c0c730b64f8?s=96&d=mm&r=g\",\"url\":\"https:\\\/\\\/secure.gravatar.com\\\/avatar\\\/b8d3134f69c631184566a5436407f9384b5e28c50ff3915e13c50c0c730b64f8?s=96&d=mm&r=g\",\"contentUrl\":\"https:\\\/\\\/secure.gravatar.com\\\/avatar\\\/b8d3134f69c631184566a5436407f9384b5e28c50ff3915e13c50c0c730b64f8?s=96&d=mm&r=g\",\"caption\":\"Jason Anthony\"}}]}<\/script>\n<!-- \/ Yoast SEO Premium plugin. -->","yoast_head_json":{"title":"Tracker nord-am\u00e9ricain de L\u00e9ger \u2013 4 mai 2021 - Leger","robots":{"index":"index","follow":"follow","max-snippet":"max-snippet:-1","max-image-preview":"max-image-preview:large","max-video-preview":"max-video-preview:-1"},"canonical":"https:\/\/leger360.com\/fr\/tracker-nord-americain-de-leger-4-mai-2021\/","og_locale":"fr_CA","og_type":"article","og_title":"Tracker nord-am\u00e9ricain de L\u00e9ger \u2013 4 mai 2021","og_description":"T\u00c9L\u00c9CHARGEZ LE\u00a0RAPPORT AU BAS DE L\u2019ARTICLE. Pour vous aider \u00e0 rester \u00e0 jour sur les derni\u00e8res tendances et nouvelles, nous vous partageons les r\u00e9sultats les plus r\u00e9cents de notre\u00a0Tracker nord-am\u00e9ricain. Nous sondons les\u00a0Canadiens\u00a0et les\u00a0Am\u00e9ricains\u00a0afin d\u2019explorer leur point de vue sur la COVID-19 et d\u2019autres sujets d\u2019actualit\u00e9.\u00a0 Ce sondage est r\u00e9alis\u00e9 \u00e0 partir de\u00a0notre panel repr\u00e9sentatif [&hellip;]","og_url":"https:\/\/leger360.com\/fr\/tracker-nord-americain-de-leger-4-mai-2021\/","og_site_name":"Leger","article_publisher":"https:\/\/www.facebook.com\/leger360\/","article_published_time":"2021-05-04T10:00:00+00:00","article_modified_time":"2024-02-09T09:27:46+00:00","og_image":[{"width":1000,"height":667,"url":"https:\/\/leger360.com\/wp-content\/uploads\/2024\/02\/shutterstock_18646849.jpg","type":"image\/jpeg"}],"author":"Jason Anthony","twitter_card":"summary_large_image","twitter_creator":"@leger360","twitter_site":"@leger360","twitter_misc":{"\u00c9crit par":"Jason Anthony","Estimation du temps de lecture":"3 minutes"},"schema":{"@context":"https:\/\/schema.org","@graph":[{"@type":"Article","@id":"https:\/\/leger360.com\/fr\/tracker-nord-americain-de-leger-4-mai-2021\/#article","isPartOf":{"@id":"https:\/\/leger360.com\/fr\/tracker-nord-americain-de-leger-4-mai-2021\/"},"author":{"name":"Jason Anthony","@id":"https:\/\/leger360.com\/fr\/#\/schema\/person\/34dfccb7aa46dcd4085221008ca51ac9"},"headline":"Tracker nord-am\u00e9ricain de L\u00e9ger \u2013 4 mai 2021","datePublished":"2021-05-04T10:00:00+00:00","dateModified":"2024-02-09T09:27:46+00:00","mainEntityOfPage":{"@id":"https:\/\/leger360.com\/fr\/tracker-nord-americain-de-leger-4-mai-2021\/"},"wordCount":602,"publisher":{"@id":"https:\/\/leger360.com\/fr\/#organization"},"image":{"@id":"https:\/\/leger360.com\/fr\/tracker-nord-americain-de-leger-4-mai-2021\/#primaryimage"},"thumbnailUrl":"https:\/\/leger360.com\/wp-content\/uploads\/2024\/02\/shutterstock_18646849.jpg","articleSection":["Expertise de march\u00e9"],"inLanguage":"fr-CA"},{"@type":"WebPage","@id":"https:\/\/leger360.com\/fr\/tracker-nord-americain-de-leger-4-mai-2021\/","url":"https:\/\/leger360.com\/fr\/tracker-nord-americain-de-leger-4-mai-2021\/","name":"Tracker nord-am\u00e9ricain de L\u00e9ger \u2013 4 mai 2021 - Leger","isPartOf":{"@id":"https:\/\/leger360.com\/fr\/#website"},"primaryImageOfPage":{"@id":"https:\/\/leger360.com\/fr\/tracker-nord-americain-de-leger-4-mai-2021\/#primaryimage"},"image":{"@id":"https:\/\/leger360.com\/fr\/tracker-nord-americain-de-leger-4-mai-2021\/#primaryimage"},"thumbnailUrl":"https:\/\/leger360.com\/wp-content\/uploads\/2024\/02\/shutterstock_18646849.jpg","datePublished":"2021-05-04T10:00:00+00:00","dateModified":"2024-02-09T09:27:46+00:00","breadcrumb":{"@id":"https:\/\/leger360.com\/fr\/tracker-nord-americain-de-leger-4-mai-2021\/#breadcrumb"},"inLanguage":"fr-CA","potentialAction":[{"@type":"ReadAction","target":["https:\/\/leger360.com\/fr\/tracker-nord-americain-de-leger-4-mai-2021\/"]}]},{"@type":"ImageObject","inLanguage":"fr-CA","@id":"https:\/\/leger360.com\/fr\/tracker-nord-americain-de-leger-4-mai-2021\/#primaryimage","url":"https:\/\/leger360.com\/wp-content\/uploads\/2024\/02\/shutterstock_18646849.jpg","contentUrl":"https:\/\/leger360.com\/wp-content\/uploads\/2024\/02\/shutterstock_18646849.jpg","width":1000,"height":667},{"@type":"BreadcrumbList","@id":"https:\/\/leger360.com\/fr\/tracker-nord-americain-de-leger-4-mai-2021\/#breadcrumb","itemListElement":[{"@type":"ListItem","position":1,"name":"Home","item":"https:\/\/leger360.com\/fr\/"},{"@type":"ListItem","position":2,"name":"Tracker nord-am\u00e9ricain de L\u00e9ger \u2013 4 mai 2021"}]},{"@type":"WebSite","@id":"https:\/\/leger360.com\/fr\/#website","url":"https:\/\/leger360.com\/fr\/","name":"Leger","description":"Market Research | Data Analytics","publisher":{"@id":"https:\/\/leger360.com\/fr\/#organization"},"potentialAction":[{"@type":"SearchAction","target":{"@type":"EntryPoint","urlTemplate":"https:\/\/leger360.com\/fr\/?s={search_term_string}"},"query-input":{"@type":"PropertyValueSpecification","valueRequired":true,"valueName":"search_term_string"}}],"inLanguage":"fr-CA"},{"@type":"Organization","@id":"https:\/\/leger360.com\/fr\/#organization","name":"Leger","url":"https:\/\/leger360.com\/fr\/","logo":{"@type":"ImageObject","inLanguage":"fr-CA","@id":"https:\/\/leger360.com\/fr\/#\/schema\/logo\/image\/","url":"https:\/\/leger360.com\/wp-content\/uploads\/2024\/04\/2022-Logo-Leger-Blackred-g.png","contentUrl":"https:\/\/leger360.com\/wp-content\/uploads\/2024\/04\/2022-Logo-Leger-Blackred-g.png","width":1195,"height":686,"caption":"Leger"},"image":{"@id":"https:\/\/leger360.com\/fr\/#\/schema\/logo\/image\/"},"sameAs":["https:\/\/www.facebook.com\/leger360\/","https:\/\/x.com\/leger360","https:\/\/www.linkedin.com\/company\/leger360\/"],"description":"Leger is one of North America\u2019s fastest-growing market research companies, known for our forward-thinking experts and innovative approaches powered by artificial intelligence (AI) technologies."},{"@type":"Person","@id":"https:\/\/leger360.com\/fr\/#\/schema\/person\/34dfccb7aa46dcd4085221008ca51ac9","name":"Jason Anthony","image":{"@type":"ImageObject","inLanguage":"fr-CA","@id":"https:\/\/secure.gravatar.com\/avatar\/b8d3134f69c631184566a5436407f9384b5e28c50ff3915e13c50c0c730b64f8?s=96&d=mm&r=g","url":"https:\/\/secure.gravatar.com\/avatar\/b8d3134f69c631184566a5436407f9384b5e28c50ff3915e13c50c0c730b64f8?s=96&d=mm&r=g","contentUrl":"https:\/\/secure.gravatar.com\/avatar\/b8d3134f69c631184566a5436407f9384b5e28c50ff3915e13c50c0c730b64f8?s=96&d=mm&r=g","caption":"Jason Anthony"}}]}},"_links":{"self":[{"href":"https:\/\/leger360.com\/fr\/wp-json\/wp\/v2\/posts\/15359","targetHints":{"allow":["GET"]}}],"collection":[{"href":"https:\/\/leger360.com\/fr\/wp-json\/wp\/v2\/posts"}],"about":[{"href":"https:\/\/leger360.com\/fr\/wp-json\/wp\/v2\/types\/post"}],"author":[{"embeddable":true,"href":"https:\/\/leger360.com\/fr\/wp-json\/wp\/v2\/users\/2"}],"replies":[{"embeddable":true,"href":"https:\/\/leger360.com\/fr\/wp-json\/wp\/v2\/comments?post=15359"}],"version-history":[{"count":0,"href":"https:\/\/leger360.com\/fr\/wp-json\/wp\/v2\/posts\/15359\/revisions"}],"wp:featuredmedia":[{"embeddable":true,"href":"https:\/\/leger360.com\/fr\/wp-json\/wp\/v2\/media\/15370"}],"wp:attachment":[{"href":"https:\/\/leger360.com\/fr\/wp-json\/wp\/v2\/media?parent=15359"}],"wp:term":[{"taxonomy":"category","embeddable":true,"href":"https:\/\/leger360.com\/fr\/wp-json\/wp\/v2\/categories?post=15359"},{"taxonomy":"post_tag","embeddable":true,"href":"https:\/\/leger360.com\/fr\/wp-json\/wp\/v2\/tags?post=15359"},{"taxonomy":"post_language_cat","embeddable":true,"href":"https:\/\/leger360.com\/fr\/wp-json\/wp\/v2\/post_language_cat?post=15359"}],"curies":[{"name":"wp","href":"https:\/\/api.w.org\/{rel}","templated":true}]}}