{"id":15400,"date":"2021-05-15T10:00:00","date_gmt":"2021-05-15T10:00:00","guid":{"rendered":"https:\/\/leger360.com\/tracker-nord-americain-de-leger-15-mai-2021\/"},"modified":"2024-02-09T09:29:23","modified_gmt":"2024-02-09T09:29:23","slug":"tracker-nord-americain-de-leger-15-mai-2021","status":"publish","type":"post","link":"https:\/\/leger360.com\/fr\/tracker-nord-americain-de-leger-15-mai-2021\/","title":{"rendered":"Projets de vacances d&rsquo;\u00e9t\u00e9 2021 \u2013 15 mai 2021"},"content":{"rendered":"\n<h3 class=\"wp-block-heading\" id=\"block-cadce450-c38b-4082-b7c5-90d8f218a885\">Ce sondage explore les perspectives des Canadiens et des Am\u00e9ricains au sujet de leurs projets de vacances \u00e0 l&rsquo;\u00e9t\u00e9 2021.<\/h3>\n\n\n\n<p id=\"block-c85cae09-5251-404b-a5c0-630a681f42f6\">Alors que la pand\u00e9mie de COVID-19 est toujours pr\u00e9sente en Am\u00e9rique du Nord, quels sont les plans de vacances estivales des Canadiens et des Am\u00e9ricains? Il semblerait que les vacances \u00e0 la maison ont la cote encore cette ann\u00e9e.<\/p>\n\n\n\n<p id=\"block-c85cae09-5251-404b-a5c0-630a681f42f6\"><em>Ce sondage est r\u00e9alis\u00e9 \u00e0 partir de<strong>\u00a0notre panel repr\u00e9sentatif LEO<\/strong>\u00a0(L\u00e9ger Opinion), en collaboration avec l\u2019<strong>Association d\u2019\u00e9tudes canadiennes<\/strong>\u00a0(AEC), et publi\u00e9 dans\u00a0<strong>La Presse Canadienne<\/strong>.<\/em><\/p>\n\n\n\n<p id=\"block-f1d47ab2-010c-4940-b50f-fb4ffb128371\">Vous aimeriez recevoir nos sondages en exclusivit\u00e9?\u00a0<a href=\"https:\/\/leger360.com\/fr\/sondages\/infolettre-covid19\/\">Abonnez-vous \u00e0 notre infolettre<\/a>.<\/p>\n\n\n\n<h3 class=\"wp-block-heading\" id=\"h-t-l-chargez-le-rapport-au-bas-de-l-article\">T\u00c9L\u00c9CHARGEZ LE\u00a0RAPPORT AU BAS DE L\u2019ARTICLE.<\/h3>\n\n\n\n<hr class=\"wp-block-separator\" id=\"block-c9a16835-a55e-42ee-82ad-931d24937495\"\/>\n\n\n\n<h3 class=\"wp-block-heading\" id=\"block-a1c5dec3-ec2e-4a17-93f1-2f3c40fb2692\">Projets de vacances d&rsquo;\u00e9t\u00e9 2021<\/h3>\n\n\n\n<ul class=\"wp-block-list\" id=\"block-2a9bbe57-df53-4bda-8efa-8d54c4eba509\"><li>31% des Canadiens et 41% des Am\u00e9ricains disent qu&rsquo;il est probable qu\u2019<strong>ils prendront des vacances en 2021<\/strong>.<\/li><\/ul>\n\n\n\n<div class=\"wp-block-image\"><figure class=\"aligncenter size-large is-resized\"><img decoding=\"async\" src=\"https:\/\/leger360.com\/wp-content\/uploads\/2024\/02\/Vacances-dete-en-2021__FR_2021-05-14-1024x1024.jpg\" alt=\"31% des Canadiens et 41% des Am\u00e9ricains disent qu'il est probable qu\u2019ils prendront des vacances en 2021.\" class=\"wp-image-31428\" width=\"600\" height=\"600\"\/><\/figure><\/div>\n\n\n\n<ul class=\"wp-block-list\" id=\"block-2a9bbe57-df53-4bda-8efa-8d54c4eba509\"><li>Les <strong>Canadiens<\/strong> qui prendront probablement des vacances en 2021 pr\u00e9voient le plus souvent de <strong>faire des excursions d&rsquo;une journ\u00e9e dans la r\u00e9gion o\u00f9 ils vivent<\/strong> (63%) ou de <strong>faire un voyage plus long dans leur province<\/strong> (50%).<\/li><li>Les <strong>Am\u00e9ricains<\/strong> qui prendront probablement des vacances en 2021 pr\u00e9voient le plus souvent de <strong>voyager dans d&rsquo;autres \u00e9tats<\/strong> (57%) ou de <strong>faire des excursions d&rsquo;une journ\u00e9e dans leur r\u00e9gion<\/strong> (56%).<\/li><li>57% des Canadiens disent qu&rsquo;ils ne se sentiront <strong>pas \u00e0 l&rsquo;aise<\/strong> de voyager \u00e0 nouveau aux \u00c9tats-Unis avant l&rsquo;ann\u00e9e prochaine (2022), et 32% des Am\u00e9ricains disent la m\u00eame chose \u00e0 propos des voyages au Canada.\u00a0<\/li><\/ul>\n\n\n\n<div class=\"wp-block-image\"><figure class=\"aligncenter size-large is-resized\"><img decoding=\"async\" src=\"https:\/\/leger360.com\/wp-content\/uploads\/2024\/02\/Vacances-dete-EU-CAN_FR_2021-05-14-1024x1024.jpg\" alt=\"57% des Canadiens disent qu'ils ne se sentiront pas \u00e0 l'aise de voyager \u00e0 nouveau aux \u00c9tats-Unis avant l'ann\u00e9e prochaine (2022), et 32% des Am\u00e9ricains disent la m\u00eame chose \u00e0 propos des voyages au Canada.\" class=\"wp-image-31430\" width=\"600\" height=\"600\"\/><\/figure><\/div>\n\n\n\n<h3 class=\"wp-block-heading\" id=\"block-5e863d76-8918-48b3-a976-c4547ea661a5\">M\u00c9THODOLOGIE DU SONDAGE\u00a0<\/h3>\n\n\n\n<p id=\"block-f514ebe6-2c04-46fa-b211-84458f68de74\"><strong>Sondage web\u00a0<\/strong>r\u00e9alis\u00e9 du\u00a0<strong>7 au 9 mai 2021<\/strong>\u00a0aupr\u00e8s de\u00a0<strong>1 529 Canadiens<\/strong>\u00a0et\u00a0<strong>1 003 Am\u00e9ricains<\/strong>, \u00e2g\u00e9s de 18 ans ou plus, recrut\u00e9s al\u00e9atoirement \u00e0 partir du panel en ligne LEO.<\/p>\n\n\n\n<p id=\"block-0515790a-6969-479a-b1d7-1b97f1a401ec\">Une marge d\u2019erreur ne peut pas \u00eatre associ\u00e9e \u00e0 un \u00e9chantillon non probabiliste dans le cadre d\u2019une enqu\u00eate par panel. \u00c0 des fins de comparaison, un \u00e9chantillon probabiliste de cette taille aurait\u00a0<strong>une marge d\u2019erreur de \u00b1 2,51%, et ce, 19 fois sur 20\u00a0<\/strong>pour l\u2019\u00e9chantillon canadien et de\u00a0<strong>\u00b1 3,09%, et ce, 19 fois sur 20<\/strong>\u00a0pour l\u2019\u00e9chantillon am\u00e9ricain.<\/p>\n\n\n\n<h3 class=\"wp-block-heading\" id=\"block-e9b24b1d-cf92-4a16-854b-27298e124fca\">CE\u00a0RAPPORT CONTIENT LES R\u00c9SULTATS AUX QUESTIONS SUIVANTES. T\u00c9L\u00c9CHARGEZ LE\u00a0RAPPORT CI-DESSOUS POUR LES R\u00c9SULTATS COMPLETS.\u00a0<\/h3>\n\n\n\n<ul class=\"wp-block-list\" id=\"block-08a6f053-13eb-4b56-9ad8-233454cdd773\"><li>Quelle est la probabilit\u00e9 que vous preniez des vacances en 2021?<\/li><li>Quelles activit\u00e9s sont probables ou plut\u00f4t probables de faire partie de vos projets de vacances d&rsquo;\u00e9t\u00e9?<\/li><li>Quand pensez-vous que vous vous sentirez \u00e0 l&rsquo;aise de voyager \u00e0 nouveau aux \u00c9tats-Unis\/au Canada?<\/li><li>Sur une \u00e9chelle de 1 \u00e0 5, o\u00f9 1 signifie \u00ab Tr\u00e8s inconfortable \u00bb et 5 signifie \u00ab Tr\u00e8s confortable \u00bb, \u00e0 quel point seriez-vous \u00e0 l&rsquo;aise de faire les projets de vacances suivants une fois que la pand\u00e9mie de coronavirus sera termin\u00e9e?<\/li><\/ul>\n","protected":false},"excerpt":{"rendered":"<p>Ce sondage explore les perspectives des Canadiens et des Am\u00e9ricains au sujet de leurs projets de vacances \u00e0 l&rsquo;\u00e9t\u00e9 2021. Alors que la pand\u00e9mie de COVID-19 est toujours pr\u00e9sente en Am\u00e9rique du Nord, quels sont les plans de vacances estivales des Canadiens et des Am\u00e9ricains? Il semblerait que les vacances \u00e0 la maison ont la [&hellip;]<\/p>\n","protected":false},"author":2,"featured_media":15411,"comment_status":"closed","ping_status":"closed","sticky":false,"template":"","format":"standard","meta":{"_acf_changed":false,"_et_pb_use_builder":"","_et_pb_old_content":"","_et_gb_content_width":"","content-type":"","inline_featured_image":false,"footnotes":""},"categories":[34],"tags":[],"post_language_cat":[39],"class_list":["post-15400","post","type-post","status-publish","format-standard","has-post-thumbnail","hentry","category-market-intelligence","post_language_cat-fr-market-intelligence"],"acf":[],"yoast_head":"<!-- This site is optimized with the Yoast SEO Premium plugin v27.5 (Yoast SEO v27.5) - https:\/\/yoast.com\/product\/yoast-seo-premium-wordpress\/ -->\n<title>Projets de vacances d&#039;\u00e9t\u00e9 2021 \u2013 15 mai 2021 - Leger<\/title>\n<meta name=\"robots\" content=\"index, follow, max-snippet:-1, max-image-preview:large, max-video-preview:-1\" \/>\n<link rel=\"canonical\" href=\"https:\/\/leger360.com\/fr\/tracker-nord-americain-de-leger-15-mai-2021\/\" \/>\n<meta property=\"og:locale\" content=\"fr_CA\" \/>\n<meta property=\"og:type\" content=\"article\" \/>\n<meta property=\"og:title\" content=\"Projets de vacances d&#039;\u00e9t\u00e9 2021 \u2013 15 mai 2021\" \/>\n<meta property=\"og:description\" content=\"Ce sondage explore les perspectives des Canadiens et des Am\u00e9ricains au sujet de leurs projets de vacances \u00e0 l&rsquo;\u00e9t\u00e9 2021. Alors que la pand\u00e9mie de COVID-19 est toujours pr\u00e9sente en Am\u00e9rique du Nord, quels sont les plans de vacances estivales des Canadiens et des Am\u00e9ricains? Il semblerait que les vacances \u00e0 la maison ont la [&hellip;]\" \/>\n<meta property=\"og:url\" content=\"https:\/\/leger360.com\/fr\/tracker-nord-americain-de-leger-15-mai-2021\/\" \/>\n<meta property=\"og:site_name\" content=\"Leger\" \/>\n<meta property=\"article:publisher\" content=\"https:\/\/www.facebook.com\/leger360\/\" \/>\n<meta property=\"article:published_time\" content=\"2021-05-15T10:00:00+00:00\" \/>\n<meta property=\"article:modified_time\" content=\"2024-02-09T09:29:23+00:00\" \/>\n<meta property=\"og:image\" content=\"https:\/\/leger360.com\/wp-content\/uploads\/2024\/02\/En-tete-FR_blog-tracker_2021-05-14_2.jpg\" \/>\n\t<meta property=\"og:image:width\" content=\"480\" \/>\n\t<meta property=\"og:image:height\" content=\"300\" \/>\n\t<meta property=\"og:image:type\" content=\"image\/jpeg\" \/>\n<meta name=\"author\" content=\"Jason Anthony\" \/>\n<meta name=\"twitter:card\" content=\"summary_large_image\" \/>\n<meta name=\"twitter:creator\" content=\"@leger360\" \/>\n<meta name=\"twitter:site\" content=\"@leger360\" \/>\n<meta name=\"twitter:label1\" content=\"\u00c9crit par\" \/>\n\t<meta name=\"twitter:data1\" content=\"Jason Anthony\" \/>\n\t<meta name=\"twitter:label2\" content=\"Estimation du temps de lecture\" \/>\n\t<meta name=\"twitter:data2\" content=\"2 minutes\" \/>\n<script type=\"application\/ld+json\" class=\"yoast-schema-graph\">{\"@context\":\"https:\\\/\\\/schema.org\",\"@graph\":[{\"@type\":\"Article\",\"@id\":\"https:\\\/\\\/leger360.com\\\/fr\\\/tracker-nord-americain-de-leger-15-mai-2021\\\/#article\",\"isPartOf\":{\"@id\":\"https:\\\/\\\/leger360.com\\\/fr\\\/tracker-nord-americain-de-leger-15-mai-2021\\\/\"},\"author\":{\"name\":\"Jason Anthony\",\"@id\":\"https:\\\/\\\/leger360.com\\\/fr\\\/#\\\/schema\\\/person\\\/34dfccb7aa46dcd4085221008ca51ac9\"},\"headline\":\"Projets de vacances d&rsquo;\u00e9t\u00e9 2021 \u2013 15 mai 2021\",\"datePublished\":\"2021-05-15T10:00:00+00:00\",\"dateModified\":\"2024-02-09T09:29:23+00:00\",\"mainEntityOfPage\":{\"@id\":\"https:\\\/\\\/leger360.com\\\/fr\\\/tracker-nord-americain-de-leger-15-mai-2021\\\/\"},\"wordCount\":440,\"publisher\":{\"@id\":\"https:\\\/\\\/leger360.com\\\/fr\\\/#organization\"},\"image\":{\"@id\":\"https:\\\/\\\/leger360.com\\\/fr\\\/tracker-nord-americain-de-leger-15-mai-2021\\\/#primaryimage\"},\"thumbnailUrl\":\"https:\\\/\\\/leger360.com\\\/wp-content\\\/uploads\\\/2024\\\/02\\\/En-tete-FR_blog-tracker_2021-05-14_2.jpg\",\"articleSection\":[\"Market intelligence\"],\"inLanguage\":\"fr-CA\"},{\"@type\":\"WebPage\",\"@id\":\"https:\\\/\\\/leger360.com\\\/fr\\\/tracker-nord-americain-de-leger-15-mai-2021\\\/\",\"url\":\"https:\\\/\\\/leger360.com\\\/fr\\\/tracker-nord-americain-de-leger-15-mai-2021\\\/\",\"name\":\"Projets de vacances d'\u00e9t\u00e9 2021 \u2013 15 mai 2021 - Leger\",\"isPartOf\":{\"@id\":\"https:\\\/\\\/leger360.com\\\/fr\\\/#website\"},\"primaryImageOfPage\":{\"@id\":\"https:\\\/\\\/leger360.com\\\/fr\\\/tracker-nord-americain-de-leger-15-mai-2021\\\/#primaryimage\"},\"image\":{\"@id\":\"https:\\\/\\\/leger360.com\\\/fr\\\/tracker-nord-americain-de-leger-15-mai-2021\\\/#primaryimage\"},\"thumbnailUrl\":\"https:\\\/\\\/leger360.com\\\/wp-content\\\/uploads\\\/2024\\\/02\\\/En-tete-FR_blog-tracker_2021-05-14_2.jpg\",\"datePublished\":\"2021-05-15T10:00:00+00:00\",\"dateModified\":\"2024-02-09T09:29:23+00:00\",\"breadcrumb\":{\"@id\":\"https:\\\/\\\/leger360.com\\\/fr\\\/tracker-nord-americain-de-leger-15-mai-2021\\\/#breadcrumb\"},\"inLanguage\":\"fr-CA\",\"potentialAction\":[{\"@type\":\"ReadAction\",\"target\":[\"https:\\\/\\\/leger360.com\\\/fr\\\/tracker-nord-americain-de-leger-15-mai-2021\\\/\"]}]},{\"@type\":\"ImageObject\",\"inLanguage\":\"fr-CA\",\"@id\":\"https:\\\/\\\/leger360.com\\\/fr\\\/tracker-nord-americain-de-leger-15-mai-2021\\\/#primaryimage\",\"url\":\"https:\\\/\\\/leger360.com\\\/wp-content\\\/uploads\\\/2024\\\/02\\\/En-tete-FR_blog-tracker_2021-05-14_2.jpg\",\"contentUrl\":\"https:\\\/\\\/leger360.com\\\/wp-content\\\/uploads\\\/2024\\\/02\\\/En-tete-FR_blog-tracker_2021-05-14_2.jpg\",\"width\":480,\"height\":300},{\"@type\":\"BreadcrumbList\",\"@id\":\"https:\\\/\\\/leger360.com\\\/fr\\\/tracker-nord-americain-de-leger-15-mai-2021\\\/#breadcrumb\",\"itemListElement\":[{\"@type\":\"ListItem\",\"position\":1,\"name\":\"Home\",\"item\":\"https:\\\/\\\/leger360.com\\\/fr\\\/\"},{\"@type\":\"ListItem\",\"position\":2,\"name\":\"Projets de vacances d&#8217;\u00e9t\u00e9 2021 \u2013 15 mai 2021\"}]},{\"@type\":\"WebSite\",\"@id\":\"https:\\\/\\\/leger360.com\\\/fr\\\/#website\",\"url\":\"https:\\\/\\\/leger360.com\\\/fr\\\/\",\"name\":\"Leger\",\"description\":\"Market Research | Data Analytics\",\"publisher\":{\"@id\":\"https:\\\/\\\/leger360.com\\\/fr\\\/#organization\"},\"potentialAction\":[{\"@type\":\"SearchAction\",\"target\":{\"@type\":\"EntryPoint\",\"urlTemplate\":\"https:\\\/\\\/leger360.com\\\/fr\\\/?s={search_term_string}\"},\"query-input\":{\"@type\":\"PropertyValueSpecification\",\"valueRequired\":true,\"valueName\":\"search_term_string\"}}],\"inLanguage\":\"fr-CA\"},{\"@type\":\"Organization\",\"@id\":\"https:\\\/\\\/leger360.com\\\/fr\\\/#organization\",\"name\":\"Leger\",\"url\":\"https:\\\/\\\/leger360.com\\\/fr\\\/\",\"logo\":{\"@type\":\"ImageObject\",\"inLanguage\":\"fr-CA\",\"@id\":\"https:\\\/\\\/leger360.com\\\/fr\\\/#\\\/schema\\\/logo\\\/image\\\/\",\"url\":\"https:\\\/\\\/leger360.com\\\/wp-content\\\/uploads\\\/2024\\\/04\\\/2022-Logo-Leger-Blackred-g.png\",\"contentUrl\":\"https:\\\/\\\/leger360.com\\\/wp-content\\\/uploads\\\/2024\\\/04\\\/2022-Logo-Leger-Blackred-g.png\",\"width\":1195,\"height\":686,\"caption\":\"Leger\"},\"image\":{\"@id\":\"https:\\\/\\\/leger360.com\\\/fr\\\/#\\\/schema\\\/logo\\\/image\\\/\"},\"sameAs\":[\"https:\\\/\\\/www.facebook.com\\\/leger360\\\/\",\"https:\\\/\\\/x.com\\\/leger360\",\"https:\\\/\\\/www.linkedin.com\\\/company\\\/leger360\\\/\"],\"description\":\"Leger is one of North America\u2019s fastest-growing market research companies, known for our forward-thinking experts and innovative approaches powered by artificial intelligence (AI) technologies.\"},{\"@type\":\"Person\",\"@id\":\"https:\\\/\\\/leger360.com\\\/fr\\\/#\\\/schema\\\/person\\\/34dfccb7aa46dcd4085221008ca51ac9\",\"name\":\"Jason Anthony\",\"image\":{\"@type\":\"ImageObject\",\"inLanguage\":\"fr-CA\",\"@id\":\"https:\\\/\\\/secure.gravatar.com\\\/avatar\\\/b8d3134f69c631184566a5436407f9384b5e28c50ff3915e13c50c0c730b64f8?s=96&d=mm&r=g\",\"url\":\"https:\\\/\\\/secure.gravatar.com\\\/avatar\\\/b8d3134f69c631184566a5436407f9384b5e28c50ff3915e13c50c0c730b64f8?s=96&d=mm&r=g\",\"contentUrl\":\"https:\\\/\\\/secure.gravatar.com\\\/avatar\\\/b8d3134f69c631184566a5436407f9384b5e28c50ff3915e13c50c0c730b64f8?s=96&d=mm&r=g\",\"caption\":\"Jason Anthony\"}}]}<\/script>\n<!-- \/ Yoast SEO Premium plugin. -->","yoast_head_json":{"title":"Projets de vacances d'\u00e9t\u00e9 2021 \u2013 15 mai 2021 - Leger","robots":{"index":"index","follow":"follow","max-snippet":"max-snippet:-1","max-image-preview":"max-image-preview:large","max-video-preview":"max-video-preview:-1"},"canonical":"https:\/\/leger360.com\/fr\/tracker-nord-americain-de-leger-15-mai-2021\/","og_locale":"fr_CA","og_type":"article","og_title":"Projets de vacances d'\u00e9t\u00e9 2021 \u2013 15 mai 2021","og_description":"Ce sondage explore les perspectives des Canadiens et des Am\u00e9ricains au sujet de leurs projets de vacances \u00e0 l&rsquo;\u00e9t\u00e9 2021. Alors que la pand\u00e9mie de COVID-19 est toujours pr\u00e9sente en Am\u00e9rique du Nord, quels sont les plans de vacances estivales des Canadiens et des Am\u00e9ricains? Il semblerait que les vacances \u00e0 la maison ont la [&hellip;]","og_url":"https:\/\/leger360.com\/fr\/tracker-nord-americain-de-leger-15-mai-2021\/","og_site_name":"Leger","article_publisher":"https:\/\/www.facebook.com\/leger360\/","article_published_time":"2021-05-15T10:00:00+00:00","article_modified_time":"2024-02-09T09:29:23+00:00","og_image":[{"width":480,"height":300,"url":"https:\/\/leger360.com\/wp-content\/uploads\/2024\/02\/En-tete-FR_blog-tracker_2021-05-14_2.jpg","type":"image\/jpeg"}],"author":"Jason Anthony","twitter_card":"summary_large_image","twitter_creator":"@leger360","twitter_site":"@leger360","twitter_misc":{"\u00c9crit par":"Jason Anthony","Estimation du temps de lecture":"2 minutes"},"schema":{"@context":"https:\/\/schema.org","@graph":[{"@type":"Article","@id":"https:\/\/leger360.com\/fr\/tracker-nord-americain-de-leger-15-mai-2021\/#article","isPartOf":{"@id":"https:\/\/leger360.com\/fr\/tracker-nord-americain-de-leger-15-mai-2021\/"},"author":{"name":"Jason Anthony","@id":"https:\/\/leger360.com\/fr\/#\/schema\/person\/34dfccb7aa46dcd4085221008ca51ac9"},"headline":"Projets de vacances d&rsquo;\u00e9t\u00e9 2021 \u2013 15 mai 2021","datePublished":"2021-05-15T10:00:00+00:00","dateModified":"2024-02-09T09:29:23+00:00","mainEntityOfPage":{"@id":"https:\/\/leger360.com\/fr\/tracker-nord-americain-de-leger-15-mai-2021\/"},"wordCount":440,"publisher":{"@id":"https:\/\/leger360.com\/fr\/#organization"},"image":{"@id":"https:\/\/leger360.com\/fr\/tracker-nord-americain-de-leger-15-mai-2021\/#primaryimage"},"thumbnailUrl":"https:\/\/leger360.com\/wp-content\/uploads\/2024\/02\/En-tete-FR_blog-tracker_2021-05-14_2.jpg","articleSection":["Market intelligence"],"inLanguage":"fr-CA"},{"@type":"WebPage","@id":"https:\/\/leger360.com\/fr\/tracker-nord-americain-de-leger-15-mai-2021\/","url":"https:\/\/leger360.com\/fr\/tracker-nord-americain-de-leger-15-mai-2021\/","name":"Projets de vacances d'\u00e9t\u00e9 2021 \u2013 15 mai 2021 - Leger","isPartOf":{"@id":"https:\/\/leger360.com\/fr\/#website"},"primaryImageOfPage":{"@id":"https:\/\/leger360.com\/fr\/tracker-nord-americain-de-leger-15-mai-2021\/#primaryimage"},"image":{"@id":"https:\/\/leger360.com\/fr\/tracker-nord-americain-de-leger-15-mai-2021\/#primaryimage"},"thumbnailUrl":"https:\/\/leger360.com\/wp-content\/uploads\/2024\/02\/En-tete-FR_blog-tracker_2021-05-14_2.jpg","datePublished":"2021-05-15T10:00:00+00:00","dateModified":"2024-02-09T09:29:23+00:00","breadcrumb":{"@id":"https:\/\/leger360.com\/fr\/tracker-nord-americain-de-leger-15-mai-2021\/#breadcrumb"},"inLanguage":"fr-CA","potentialAction":[{"@type":"ReadAction","target":["https:\/\/leger360.com\/fr\/tracker-nord-americain-de-leger-15-mai-2021\/"]}]},{"@type":"ImageObject","inLanguage":"fr-CA","@id":"https:\/\/leger360.com\/fr\/tracker-nord-americain-de-leger-15-mai-2021\/#primaryimage","url":"https:\/\/leger360.com\/wp-content\/uploads\/2024\/02\/En-tete-FR_blog-tracker_2021-05-14_2.jpg","contentUrl":"https:\/\/leger360.com\/wp-content\/uploads\/2024\/02\/En-tete-FR_blog-tracker_2021-05-14_2.jpg","width":480,"height":300},{"@type":"BreadcrumbList","@id":"https:\/\/leger360.com\/fr\/tracker-nord-americain-de-leger-15-mai-2021\/#breadcrumb","itemListElement":[{"@type":"ListItem","position":1,"name":"Home","item":"https:\/\/leger360.com\/fr\/"},{"@type":"ListItem","position":2,"name":"Projets de vacances d&#8217;\u00e9t\u00e9 2021 \u2013 15 mai 2021"}]},{"@type":"WebSite","@id":"https:\/\/leger360.com\/fr\/#website","url":"https:\/\/leger360.com\/fr\/","name":"Leger","description":"Market Research | Data Analytics","publisher":{"@id":"https:\/\/leger360.com\/fr\/#organization"},"potentialAction":[{"@type":"SearchAction","target":{"@type":"EntryPoint","urlTemplate":"https:\/\/leger360.com\/fr\/?s={search_term_string}"},"query-input":{"@type":"PropertyValueSpecification","valueRequired":true,"valueName":"search_term_string"}}],"inLanguage":"fr-CA"},{"@type":"Organization","@id":"https:\/\/leger360.com\/fr\/#organization","name":"Leger","url":"https:\/\/leger360.com\/fr\/","logo":{"@type":"ImageObject","inLanguage":"fr-CA","@id":"https:\/\/leger360.com\/fr\/#\/schema\/logo\/image\/","url":"https:\/\/leger360.com\/wp-content\/uploads\/2024\/04\/2022-Logo-Leger-Blackred-g.png","contentUrl":"https:\/\/leger360.com\/wp-content\/uploads\/2024\/04\/2022-Logo-Leger-Blackred-g.png","width":1195,"height":686,"caption":"Leger"},"image":{"@id":"https:\/\/leger360.com\/fr\/#\/schema\/logo\/image\/"},"sameAs":["https:\/\/www.facebook.com\/leger360\/","https:\/\/x.com\/leger360","https:\/\/www.linkedin.com\/company\/leger360\/"],"description":"Leger is one of North America\u2019s fastest-growing market research companies, known for our forward-thinking experts and innovative approaches powered by artificial intelligence (AI) technologies."},{"@type":"Person","@id":"https:\/\/leger360.com\/fr\/#\/schema\/person\/34dfccb7aa46dcd4085221008ca51ac9","name":"Jason Anthony","image":{"@type":"ImageObject","inLanguage":"fr-CA","@id":"https:\/\/secure.gravatar.com\/avatar\/b8d3134f69c631184566a5436407f9384b5e28c50ff3915e13c50c0c730b64f8?s=96&d=mm&r=g","url":"https:\/\/secure.gravatar.com\/avatar\/b8d3134f69c631184566a5436407f9384b5e28c50ff3915e13c50c0c730b64f8?s=96&d=mm&r=g","contentUrl":"https:\/\/secure.gravatar.com\/avatar\/b8d3134f69c631184566a5436407f9384b5e28c50ff3915e13c50c0c730b64f8?s=96&d=mm&r=g","caption":"Jason Anthony"}}]}},"_links":{"self":[{"href":"https:\/\/leger360.com\/fr\/wp-json\/wp\/v2\/posts\/15400","targetHints":{"allow":["GET"]}}],"collection":[{"href":"https:\/\/leger360.com\/fr\/wp-json\/wp\/v2\/posts"}],"about":[{"href":"https:\/\/leger360.com\/fr\/wp-json\/wp\/v2\/types\/post"}],"author":[{"embeddable":true,"href":"https:\/\/leger360.com\/fr\/wp-json\/wp\/v2\/users\/2"}],"replies":[{"embeddable":true,"href":"https:\/\/leger360.com\/fr\/wp-json\/wp\/v2\/comments?post=15400"}],"version-history":[{"count":0,"href":"https:\/\/leger360.com\/fr\/wp-json\/wp\/v2\/posts\/15400\/revisions"}],"wp:featuredmedia":[{"embeddable":true,"href":"https:\/\/leger360.com\/fr\/wp-json\/wp\/v2\/media\/15411"}],"wp:attachment":[{"href":"https:\/\/leger360.com\/fr\/wp-json\/wp\/v2\/media?parent=15400"}],"wp:term":[{"taxonomy":"category","embeddable":true,"href":"https:\/\/leger360.com\/fr\/wp-json\/wp\/v2\/categories?post=15400"},{"taxonomy":"post_tag","embeddable":true,"href":"https:\/\/leger360.com\/fr\/wp-json\/wp\/v2\/tags?post=15400"},{"taxonomy":"post_language_cat","embeddable":true,"href":"https:\/\/leger360.com\/fr\/wp-json\/wp\/v2\/post_language_cat?post=15400"}],"curies":[{"name":"wp","href":"https:\/\/api.w.org\/{rel}","templated":true}]}}