{"id":15625,"date":"2021-07-21T15:40:39","date_gmt":"2021-07-21T15:40:39","guid":{"rendered":"https:\/\/leger360.com\/declenchement-des-elections-federales-a-lautomne-21-juillet-2021\/"},"modified":"2021-07-21T15:40:39","modified_gmt":"2021-07-21T15:40:39","slug":"declenchement-des-elections-federales-a-lautomne-21-juillet-2021","status":"publish","type":"post","link":"https:\/\/leger360.com\/fr\/declenchement-des-elections-federales-a-lautomne-21-juillet-2021\/","title":{"rendered":"D\u00e9clenchement des \u00e9lections f\u00e9d\u00e9rales \u00e0 l&rsquo;automne &#8211; 21 juillet 2021"},"content":{"rendered":"\n<h3 class=\"wp-block-heading\" id=\"block-f2982b7c-8089-4266-af76-98ae83c0ccec\">M\u00c9THODOLOGIE DU SONDAGE<\/h3>\n\n\n\n<p id=\"block-61d430b7-e089-44c2-9b9f-44768fb3a308\">Sondage web r\u00e9alis\u00e9 du 16 au 18 juillet 2021 aupr\u00e8s de 1 001 Qu\u00e9b\u00e9cois pouvant s\u2019exprimer en fran\u00e7ais ou en anglais.<\/p>\n\n\n\n<p>Aux fins de comparaison, la marge d\u2019erreur maximale pour un \u00e9chantillon de 1\u00a0001 r\u00e9pondants est de \u00b1 3,1%, et ce 19 fois sur 20.<\/p>\n\n\n\n<p>Les r\u00e9sultats ont \u00e9t\u00e9 pond\u00e9r\u00e9s en fonction du sexe, de l\u2019\u00e2ge, de la langue maternelle, de la r\u00e9gion, de la scolarit\u00e9 ainsi que de la pr\u00e9sence d\u2019enfant(s) dans le m\u00e9nage afin d\u2019assurer un \u00e9chantillon repr\u00e9sentatif de la population qu\u00e9b\u00e9coise.<\/p>\n\n\n\n<h3 class=\"wp-block-heading\" id=\"block-c6c7274e-41e5-4d8a-81ea-6ac566175266\">CE RAPPORT CONTIENT LES R\u00c9SULTATS AUX QUESTIONS SUIVANTES. T\u00c9L\u00c9CHARGEZ LE RAPPORT CI-DESSOUS POUR LES R\u00c9SULTATS COMPLETS.<\/h3>\n\n\n\n<ul class=\"wp-block-list\"><li>Il y a des rumeurs qu\u2019il y aurait un d\u00e9clenchement des \u00e9lections f\u00e9d\u00e9rales au mois d\u2019ao\u00fbt pour un scrutin en septembre. Personnellement, souhaitez-vous ou non qu\u2019il y ait des \u00e9lections en septembre?<\/li><li>Qui, selon vous, portera la responsabilit\u00e9 du d\u00e9clenchement des \u00e9lections, est-ce surtout le gouvernement lib\u00e9ral actuel ou surtout les partis d\u2019opposition?<\/li><li>Souhaitez-vous que le prochain gouvernement f\u00e9d\u00e9ral soit un gouvernement minoritaire ou un gouvernement majoritaire?<\/li><li>\u00cates-vous inquiet ou non de devoir aller voter durant la pand\u00e9mie?<\/li><\/ul>\n","protected":false},"excerpt":{"rendered":"<p>M\u00c9THODOLOGIE DU SONDAGE Sondage web r\u00e9alis\u00e9 du 16 au 18 juillet 2021 aupr\u00e8s de 1 001 Qu\u00e9b\u00e9cois pouvant s\u2019exprimer en fran\u00e7ais ou en anglais. Aux fins de comparaison, la marge d\u2019erreur maximale pour un \u00e9chantillon de 1\u00a0001 r\u00e9pondants est de \u00b1 3,1%, et ce 19 fois sur 20. Les r\u00e9sultats ont \u00e9t\u00e9 pond\u00e9r\u00e9s en fonction [&hellip;]<\/p>\n","protected":false},"author":2,"featured_media":7073,"comment_status":"closed","ping_status":"closed","sticky":false,"template":"","format":"standard","meta":{"_acf_changed":false,"_et_pb_use_builder":"","_et_pb_old_content":"","_et_gb_content_width":"","content-type":"","inline_featured_image":false,"footnotes":""},"categories":[35],"tags":[],"post_language_cat":[42],"class_list":["post-15625","post","type-post","status-publish","format-standard","has-post-thumbnail","hentry","category-in-the-news","post_language_cat-fr-in-the-news"],"acf":[],"yoast_head":"<!-- This site is optimized with the Yoast SEO Premium plugin v27.5 (Yoast SEO v27.5) - https:\/\/yoast.com\/product\/yoast-seo-premium-wordpress\/ -->\n<title>D\u00e9clenchement des \u00e9lections f\u00e9d\u00e9rales \u00e0 l&#039;automne - 21 juillet 2021 - Leger<\/title>\n<meta name=\"robots\" content=\"index, follow, max-snippet:-1, max-image-preview:large, max-video-preview:-1\" \/>\n<link rel=\"canonical\" href=\"https:\/\/leger360.com\/fr\/declenchement-des-elections-federales-a-lautomne-21-juillet-2021\/\" \/>\n<meta property=\"og:locale\" content=\"fr_CA\" \/>\n<meta property=\"og:type\" content=\"article\" \/>\n<meta property=\"og:title\" content=\"D\u00e9clenchement des \u00e9lections f\u00e9d\u00e9rales \u00e0 l&#039;automne - 21 juillet 2021\" \/>\n<meta property=\"og:description\" content=\"M\u00c9THODOLOGIE DU SONDAGE Sondage web r\u00e9alis\u00e9 du 16 au 18 juillet 2021 aupr\u00e8s de 1 001 Qu\u00e9b\u00e9cois pouvant s\u2019exprimer en fran\u00e7ais ou en anglais. Aux fins de comparaison, la marge d\u2019erreur maximale pour un \u00e9chantillon de 1\u00a0001 r\u00e9pondants est de \u00b1 3,1%, et ce 19 fois sur 20. Les r\u00e9sultats ont \u00e9t\u00e9 pond\u00e9r\u00e9s en fonction [&hellip;]\" \/>\n<meta property=\"og:url\" content=\"https:\/\/leger360.com\/fr\/declenchement-des-elections-federales-a-lautomne-21-juillet-2021\/\" \/>\n<meta property=\"og:site_name\" content=\"Leger\" \/>\n<meta property=\"article:publisher\" content=\"https:\/\/www.facebook.com\/leger360\/\" \/>\n<meta property=\"article:published_time\" content=\"2021-07-21T15:40:39+00:00\" \/>\n<meta property=\"og:image\" content=\"https:\/\/leger360.com\/wp-content\/uploads\/2024\/02\/vote.jpg\" \/>\n\t<meta property=\"og:image:width\" content=\"1000\" \/>\n\t<meta property=\"og:image:height\" content=\"667\" \/>\n\t<meta property=\"og:image:type\" content=\"image\/jpeg\" \/>\n<meta name=\"author\" content=\"Jason Anthony\" \/>\n<meta name=\"twitter:card\" content=\"summary_large_image\" \/>\n<meta name=\"twitter:creator\" content=\"@leger360\" \/>\n<meta name=\"twitter:site\" content=\"@leger360\" \/>\n<meta name=\"twitter:label1\" content=\"\u00c9crit par\" \/>\n\t<meta name=\"twitter:data1\" content=\"Jason Anthony\" \/>\n\t<meta name=\"twitter:label2\" content=\"Estimation du temps de lecture\" \/>\n\t<meta name=\"twitter:data2\" content=\"1 minute\" \/>\n<script type=\"application\/ld+json\" class=\"yoast-schema-graph\">{\"@context\":\"https:\\\/\\\/schema.org\",\"@graph\":[{\"@type\":\"Article\",\"@id\":\"https:\\\/\\\/leger360.com\\\/fr\\\/declenchement-des-elections-federales-a-lautomne-21-juillet-2021\\\/#article\",\"isPartOf\":{\"@id\":\"https:\\\/\\\/leger360.com\\\/fr\\\/declenchement-des-elections-federales-a-lautomne-21-juillet-2021\\\/\"},\"author\":{\"name\":\"Jason Anthony\",\"@id\":\"https:\\\/\\\/leger360.com\\\/fr\\\/#\\\/schema\\\/person\\\/34dfccb7aa46dcd4085221008ca51ac9\"},\"headline\":\"D\u00e9clenchement des \u00e9lections f\u00e9d\u00e9rales \u00e0 l&rsquo;automne &#8211; 21 juillet 2021\",\"datePublished\":\"2021-07-21T15:40:39+00:00\",\"mainEntityOfPage\":{\"@id\":\"https:\\\/\\\/leger360.com\\\/fr\\\/declenchement-des-elections-federales-a-lautomne-21-juillet-2021\\\/\"},\"wordCount\":221,\"publisher\":{\"@id\":\"https:\\\/\\\/leger360.com\\\/fr\\\/#organization\"},\"image\":{\"@id\":\"https:\\\/\\\/leger360.com\\\/fr\\\/declenchement-des-elections-federales-a-lautomne-21-juillet-2021\\\/#primaryimage\"},\"thumbnailUrl\":\"https:\\\/\\\/leger360.com\\\/wp-content\\\/uploads\\\/2024\\\/02\\\/vote.jpg\",\"articleSection\":[\"In the news\"],\"inLanguage\":\"fr-CA\"},{\"@type\":\"WebPage\",\"@id\":\"https:\\\/\\\/leger360.com\\\/fr\\\/declenchement-des-elections-federales-a-lautomne-21-juillet-2021\\\/\",\"url\":\"https:\\\/\\\/leger360.com\\\/fr\\\/declenchement-des-elections-federales-a-lautomne-21-juillet-2021\\\/\",\"name\":\"D\u00e9clenchement des \u00e9lections f\u00e9d\u00e9rales \u00e0 l'automne - 21 juillet 2021 - Leger\",\"isPartOf\":{\"@id\":\"https:\\\/\\\/leger360.com\\\/fr\\\/#website\"},\"primaryImageOfPage\":{\"@id\":\"https:\\\/\\\/leger360.com\\\/fr\\\/declenchement-des-elections-federales-a-lautomne-21-juillet-2021\\\/#primaryimage\"},\"image\":{\"@id\":\"https:\\\/\\\/leger360.com\\\/fr\\\/declenchement-des-elections-federales-a-lautomne-21-juillet-2021\\\/#primaryimage\"},\"thumbnailUrl\":\"https:\\\/\\\/leger360.com\\\/wp-content\\\/uploads\\\/2024\\\/02\\\/vote.jpg\",\"datePublished\":\"2021-07-21T15:40:39+00:00\",\"breadcrumb\":{\"@id\":\"https:\\\/\\\/leger360.com\\\/fr\\\/declenchement-des-elections-federales-a-lautomne-21-juillet-2021\\\/#breadcrumb\"},\"inLanguage\":\"fr-CA\",\"potentialAction\":[{\"@type\":\"ReadAction\",\"target\":[\"https:\\\/\\\/leger360.com\\\/fr\\\/declenchement-des-elections-federales-a-lautomne-21-juillet-2021\\\/\"]}]},{\"@type\":\"ImageObject\",\"inLanguage\":\"fr-CA\",\"@id\":\"https:\\\/\\\/leger360.com\\\/fr\\\/declenchement-des-elections-federales-a-lautomne-21-juillet-2021\\\/#primaryimage\",\"url\":\"https:\\\/\\\/leger360.com\\\/wp-content\\\/uploads\\\/2024\\\/02\\\/vote.jpg\",\"contentUrl\":\"https:\\\/\\\/leger360.com\\\/wp-content\\\/uploads\\\/2024\\\/02\\\/vote.jpg\",\"width\":1000,\"height\":667},{\"@type\":\"BreadcrumbList\",\"@id\":\"https:\\\/\\\/leger360.com\\\/fr\\\/declenchement-des-elections-federales-a-lautomne-21-juillet-2021\\\/#breadcrumb\",\"itemListElement\":[{\"@type\":\"ListItem\",\"position\":1,\"name\":\"Home\",\"item\":\"https:\\\/\\\/leger360.com\\\/fr\\\/\"},{\"@type\":\"ListItem\",\"position\":2,\"name\":\"D\u00e9clenchement des \u00e9lections f\u00e9d\u00e9rales \u00e0 l&#8217;automne &#8211; 21 juillet 2021\"}]},{\"@type\":\"WebSite\",\"@id\":\"https:\\\/\\\/leger360.com\\\/fr\\\/#website\",\"url\":\"https:\\\/\\\/leger360.com\\\/fr\\\/\",\"name\":\"Leger\",\"description\":\"Market Research | Data Analytics\",\"publisher\":{\"@id\":\"https:\\\/\\\/leger360.com\\\/fr\\\/#organization\"},\"potentialAction\":[{\"@type\":\"SearchAction\",\"target\":{\"@type\":\"EntryPoint\",\"urlTemplate\":\"https:\\\/\\\/leger360.com\\\/fr\\\/?s={search_term_string}\"},\"query-input\":{\"@type\":\"PropertyValueSpecification\",\"valueRequired\":true,\"valueName\":\"search_term_string\"}}],\"inLanguage\":\"fr-CA\"},{\"@type\":\"Organization\",\"@id\":\"https:\\\/\\\/leger360.com\\\/fr\\\/#organization\",\"name\":\"Leger\",\"url\":\"https:\\\/\\\/leger360.com\\\/fr\\\/\",\"logo\":{\"@type\":\"ImageObject\",\"inLanguage\":\"fr-CA\",\"@id\":\"https:\\\/\\\/leger360.com\\\/fr\\\/#\\\/schema\\\/logo\\\/image\\\/\",\"url\":\"https:\\\/\\\/leger360.com\\\/wp-content\\\/uploads\\\/2024\\\/04\\\/2022-Logo-Leger-Blackred-g.png\",\"contentUrl\":\"https:\\\/\\\/leger360.com\\\/wp-content\\\/uploads\\\/2024\\\/04\\\/2022-Logo-Leger-Blackred-g.png\",\"width\":1195,\"height\":686,\"caption\":\"Leger\"},\"image\":{\"@id\":\"https:\\\/\\\/leger360.com\\\/fr\\\/#\\\/schema\\\/logo\\\/image\\\/\"},\"sameAs\":[\"https:\\\/\\\/www.facebook.com\\\/leger360\\\/\",\"https:\\\/\\\/x.com\\\/leger360\",\"https:\\\/\\\/www.linkedin.com\\\/company\\\/leger360\\\/\"],\"description\":\"Leger is one of North America\u2019s fastest-growing market research companies, known for our forward-thinking experts and innovative approaches powered by artificial intelligence (AI) technologies.\"},{\"@type\":\"Person\",\"@id\":\"https:\\\/\\\/leger360.com\\\/fr\\\/#\\\/schema\\\/person\\\/34dfccb7aa46dcd4085221008ca51ac9\",\"name\":\"Jason Anthony\",\"image\":{\"@type\":\"ImageObject\",\"inLanguage\":\"fr-CA\",\"@id\":\"https:\\\/\\\/secure.gravatar.com\\\/avatar\\\/b8d3134f69c631184566a5436407f9384b5e28c50ff3915e13c50c0c730b64f8?s=96&d=mm&r=g\",\"url\":\"https:\\\/\\\/secure.gravatar.com\\\/avatar\\\/b8d3134f69c631184566a5436407f9384b5e28c50ff3915e13c50c0c730b64f8?s=96&d=mm&r=g\",\"contentUrl\":\"https:\\\/\\\/secure.gravatar.com\\\/avatar\\\/b8d3134f69c631184566a5436407f9384b5e28c50ff3915e13c50c0c730b64f8?s=96&d=mm&r=g\",\"caption\":\"Jason Anthony\"}}]}<\/script>\n<!-- \/ Yoast SEO Premium plugin. -->","yoast_head_json":{"title":"D\u00e9clenchement des \u00e9lections f\u00e9d\u00e9rales \u00e0 l'automne - 21 juillet 2021 - Leger","robots":{"index":"index","follow":"follow","max-snippet":"max-snippet:-1","max-image-preview":"max-image-preview:large","max-video-preview":"max-video-preview:-1"},"canonical":"https:\/\/leger360.com\/fr\/declenchement-des-elections-federales-a-lautomne-21-juillet-2021\/","og_locale":"fr_CA","og_type":"article","og_title":"D\u00e9clenchement des \u00e9lections f\u00e9d\u00e9rales \u00e0 l'automne - 21 juillet 2021","og_description":"M\u00c9THODOLOGIE DU SONDAGE Sondage web r\u00e9alis\u00e9 du 16 au 18 juillet 2021 aupr\u00e8s de 1 001 Qu\u00e9b\u00e9cois pouvant s\u2019exprimer en fran\u00e7ais ou en anglais. Aux fins de comparaison, la marge d\u2019erreur maximale pour un \u00e9chantillon de 1\u00a0001 r\u00e9pondants est de \u00b1 3,1%, et ce 19 fois sur 20. Les r\u00e9sultats ont \u00e9t\u00e9 pond\u00e9r\u00e9s en fonction [&hellip;]","og_url":"https:\/\/leger360.com\/fr\/declenchement-des-elections-federales-a-lautomne-21-juillet-2021\/","og_site_name":"Leger","article_publisher":"https:\/\/www.facebook.com\/leger360\/","article_published_time":"2021-07-21T15:40:39+00:00","og_image":[{"width":1000,"height":667,"url":"https:\/\/leger360.com\/wp-content\/uploads\/2024\/02\/vote.jpg","type":"image\/jpeg"}],"author":"Jason Anthony","twitter_card":"summary_large_image","twitter_creator":"@leger360","twitter_site":"@leger360","twitter_misc":{"\u00c9crit par":"Jason Anthony","Estimation du temps de lecture":"1 minute"},"schema":{"@context":"https:\/\/schema.org","@graph":[{"@type":"Article","@id":"https:\/\/leger360.com\/fr\/declenchement-des-elections-federales-a-lautomne-21-juillet-2021\/#article","isPartOf":{"@id":"https:\/\/leger360.com\/fr\/declenchement-des-elections-federales-a-lautomne-21-juillet-2021\/"},"author":{"name":"Jason Anthony","@id":"https:\/\/leger360.com\/fr\/#\/schema\/person\/34dfccb7aa46dcd4085221008ca51ac9"},"headline":"D\u00e9clenchement des \u00e9lections f\u00e9d\u00e9rales \u00e0 l&rsquo;automne &#8211; 21 juillet 2021","datePublished":"2021-07-21T15:40:39+00:00","mainEntityOfPage":{"@id":"https:\/\/leger360.com\/fr\/declenchement-des-elections-federales-a-lautomne-21-juillet-2021\/"},"wordCount":221,"publisher":{"@id":"https:\/\/leger360.com\/fr\/#organization"},"image":{"@id":"https:\/\/leger360.com\/fr\/declenchement-des-elections-federales-a-lautomne-21-juillet-2021\/#primaryimage"},"thumbnailUrl":"https:\/\/leger360.com\/wp-content\/uploads\/2024\/02\/vote.jpg","articleSection":["In the news"],"inLanguage":"fr-CA"},{"@type":"WebPage","@id":"https:\/\/leger360.com\/fr\/declenchement-des-elections-federales-a-lautomne-21-juillet-2021\/","url":"https:\/\/leger360.com\/fr\/declenchement-des-elections-federales-a-lautomne-21-juillet-2021\/","name":"D\u00e9clenchement des \u00e9lections f\u00e9d\u00e9rales \u00e0 l'automne - 21 juillet 2021 - Leger","isPartOf":{"@id":"https:\/\/leger360.com\/fr\/#website"},"primaryImageOfPage":{"@id":"https:\/\/leger360.com\/fr\/declenchement-des-elections-federales-a-lautomne-21-juillet-2021\/#primaryimage"},"image":{"@id":"https:\/\/leger360.com\/fr\/declenchement-des-elections-federales-a-lautomne-21-juillet-2021\/#primaryimage"},"thumbnailUrl":"https:\/\/leger360.com\/wp-content\/uploads\/2024\/02\/vote.jpg","datePublished":"2021-07-21T15:40:39+00:00","breadcrumb":{"@id":"https:\/\/leger360.com\/fr\/declenchement-des-elections-federales-a-lautomne-21-juillet-2021\/#breadcrumb"},"inLanguage":"fr-CA","potentialAction":[{"@type":"ReadAction","target":["https:\/\/leger360.com\/fr\/declenchement-des-elections-federales-a-lautomne-21-juillet-2021\/"]}]},{"@type":"ImageObject","inLanguage":"fr-CA","@id":"https:\/\/leger360.com\/fr\/declenchement-des-elections-federales-a-lautomne-21-juillet-2021\/#primaryimage","url":"https:\/\/leger360.com\/wp-content\/uploads\/2024\/02\/vote.jpg","contentUrl":"https:\/\/leger360.com\/wp-content\/uploads\/2024\/02\/vote.jpg","width":1000,"height":667},{"@type":"BreadcrumbList","@id":"https:\/\/leger360.com\/fr\/declenchement-des-elections-federales-a-lautomne-21-juillet-2021\/#breadcrumb","itemListElement":[{"@type":"ListItem","position":1,"name":"Home","item":"https:\/\/leger360.com\/fr\/"},{"@type":"ListItem","position":2,"name":"D\u00e9clenchement des \u00e9lections f\u00e9d\u00e9rales \u00e0 l&#8217;automne &#8211; 21 juillet 2021"}]},{"@type":"WebSite","@id":"https:\/\/leger360.com\/fr\/#website","url":"https:\/\/leger360.com\/fr\/","name":"Leger","description":"Market Research | Data Analytics","publisher":{"@id":"https:\/\/leger360.com\/fr\/#organization"},"potentialAction":[{"@type":"SearchAction","target":{"@type":"EntryPoint","urlTemplate":"https:\/\/leger360.com\/fr\/?s={search_term_string}"},"query-input":{"@type":"PropertyValueSpecification","valueRequired":true,"valueName":"search_term_string"}}],"inLanguage":"fr-CA"},{"@type":"Organization","@id":"https:\/\/leger360.com\/fr\/#organization","name":"Leger","url":"https:\/\/leger360.com\/fr\/","logo":{"@type":"ImageObject","inLanguage":"fr-CA","@id":"https:\/\/leger360.com\/fr\/#\/schema\/logo\/image\/","url":"https:\/\/leger360.com\/wp-content\/uploads\/2024\/04\/2022-Logo-Leger-Blackred-g.png","contentUrl":"https:\/\/leger360.com\/wp-content\/uploads\/2024\/04\/2022-Logo-Leger-Blackred-g.png","width":1195,"height":686,"caption":"Leger"},"image":{"@id":"https:\/\/leger360.com\/fr\/#\/schema\/logo\/image\/"},"sameAs":["https:\/\/www.facebook.com\/leger360\/","https:\/\/x.com\/leger360","https:\/\/www.linkedin.com\/company\/leger360\/"],"description":"Leger is one of North America\u2019s fastest-growing market research companies, known for our forward-thinking experts and innovative approaches powered by artificial intelligence (AI) technologies."},{"@type":"Person","@id":"https:\/\/leger360.com\/fr\/#\/schema\/person\/34dfccb7aa46dcd4085221008ca51ac9","name":"Jason Anthony","image":{"@type":"ImageObject","inLanguage":"fr-CA","@id":"https:\/\/secure.gravatar.com\/avatar\/b8d3134f69c631184566a5436407f9384b5e28c50ff3915e13c50c0c730b64f8?s=96&d=mm&r=g","url":"https:\/\/secure.gravatar.com\/avatar\/b8d3134f69c631184566a5436407f9384b5e28c50ff3915e13c50c0c730b64f8?s=96&d=mm&r=g","contentUrl":"https:\/\/secure.gravatar.com\/avatar\/b8d3134f69c631184566a5436407f9384b5e28c50ff3915e13c50c0c730b64f8?s=96&d=mm&r=g","caption":"Jason Anthony"}}]}},"_links":{"self":[{"href":"https:\/\/leger360.com\/fr\/wp-json\/wp\/v2\/posts\/15625","targetHints":{"allow":["GET"]}}],"collection":[{"href":"https:\/\/leger360.com\/fr\/wp-json\/wp\/v2\/posts"}],"about":[{"href":"https:\/\/leger360.com\/fr\/wp-json\/wp\/v2\/types\/post"}],"author":[{"embeddable":true,"href":"https:\/\/leger360.com\/fr\/wp-json\/wp\/v2\/users\/2"}],"replies":[{"embeddable":true,"href":"https:\/\/leger360.com\/fr\/wp-json\/wp\/v2\/comments?post=15625"}],"version-history":[{"count":0,"href":"https:\/\/leger360.com\/fr\/wp-json\/wp\/v2\/posts\/15625\/revisions"}],"wp:featuredmedia":[{"embeddable":true,"href":"https:\/\/leger360.com\/fr\/wp-json\/wp\/v2\/media\/7073"}],"wp:attachment":[{"href":"https:\/\/leger360.com\/fr\/wp-json\/wp\/v2\/media?parent=15625"}],"wp:term":[{"taxonomy":"category","embeddable":true,"href":"https:\/\/leger360.com\/fr\/wp-json\/wp\/v2\/categories?post=15625"},{"taxonomy":"post_tag","embeddable":true,"href":"https:\/\/leger360.com\/fr\/wp-json\/wp\/v2\/tags?post=15625"},{"taxonomy":"post_language_cat","embeddable":true,"href":"https:\/\/leger360.com\/fr\/wp-json\/wp\/v2\/post_language_cat?post=15625"}],"curies":[{"name":"wp","href":"https:\/\/api.w.org\/{rel}","templated":true}]}}