{"id":15768,"date":"2021-09-03T18:15:17","date_gmt":"2021-09-03T18:15:17","guid":{"rendered":"https:\/\/leger360.com\/situation-critique-le-cancer-ne-peut-toujours-pas-attendre\/"},"modified":"2021-09-03T18:15:17","modified_gmt":"2021-09-03T18:15:17","slug":"situation-critique-le-cancer-ne-peut-toujours-pas-attendre","status":"publish","type":"post","link":"https:\/\/leger360.com\/fr\/situation-critique-le-cancer-ne-peut-toujours-pas-attendre\/","title":{"rendered":"Situation critique : le cancer ne peut toujours pas attendre!"},"content":{"rendered":"\n<p>L\u00e9ger a men\u00e9\u00a0une \u00e9tude\u00a0nationale\u00a0pour le R\u00e9seau canadien des survivants du cancer\u00a0(RCSC)\u00a0aupr\u00e8s de Canadiens ayant re\u00e7u un diagnostic de cancer,\u00a0de\u00a0proches aidants\u00a0et de\u00a0Canadiens ayant re\u00e7u un pr\u00e9-diagnostic, du 10 juin au 4 juillet 2021.\u00a0Il s&rsquo;agit de la troisi\u00e8me \u00e9dition de cette \u00e9tude.\u00a0<\/p>\n\n\n\n<p>L\u2019objectif de cette recherche est d\u2019\u00e9valuer dans quelle mesure la perturbation des soins oncologiques caus\u00e9e par la COVID-19 affecte le bien-\u00eatre \u00e9motionnel et physique des patients et des proches aidants.\u00a0<\/p>\n\n\n\n<p>Comme indiqu\u00e9 dans le communiqu\u00e9 de presse du\u00a0RCSC, les principales conclusions sont les suivantes :\u00a0<\/p>\n\n\n\n<ul class=\"wp-block-list\"><li>Dix-huit mois apr\u00e8s le d\u00e9but de la pand\u00e9mie, la moiti\u00e9 des patients atteints de cancer au Canada d\u00e9clarent que leurs rendez-vous en soins oncologiques sont annul\u00e9s ou report\u00e9s, tandis que six patients sur dix r\u00e9cemment diagnostiqu\u00e9s et sept patients sur dix atteints d\u2019un cancer m\u00e9tastatique d\u00e9clarent que leurs rendez-vous m\u00e9dicaux sont annul\u00e9s ou report\u00e9s.\u00a0<\/li><li>En moyenne, il faut 28 jours pour de nouveaux rendez-vous de soins contre le cancer et 44 jours pour remettre des proc\u00e9dures m\u00e9dicales ou des op\u00e9rations chirurgicales. En outre, un tiers des patients d\u00e9clarent qu\u2019ils n\u2019ont toujours pas de nouveaux rendez-vous ou de date d\u2019op\u00e9ration apr\u00e8s une annulation.\u00a0<\/li><li>Les retards en mati\u00e8re de rendez-vous et de traitements ont un impact continu sur les patients et les proches aidants. Pr\u00e8s de 70% d\u2019entre eux d\u00e9clarent que ces retards ont un impact majeur sur leur sant\u00e9 \u00e9motionnelle et mentale.<\/li><\/ul>\n\n\n\n<blockquote class=\"wp-block-quote is-layout-flow wp-block-quote-is-layout-flow\"><p>\u00ab\u00a0Au cours des 18 derniers mois, nous avons \u00e9t\u00e9 t\u00e9moins de l\u2019impact physique, psychologique et financier de la pand\u00e9mie de COVID-19 partout au pays\u00a0\u00bb, d\u00e9clare Jackie\u00a0Manthorne, pr\u00e9sidente et directrice g\u00e9n\u00e9rale du R\u00e9seau canadien des survivants du cancer.\u00a0\u00ab\u00a0Pour les Canadiens faisant face au cancer, l\u2019impact est encore plus lourd\u00a0\u00bb.\u00a0<\/p><p>\u00ab\u00a0Le cancer ne peut pas attendre. Il ne peut pas \u00eatre annul\u00e9 ou report\u00e9\u00a0\u00bb, d\u00e9clare\u00a0Manthorne. \u00ab\u00a0La pand\u00e9mie ne peut continuer \u00e0 retarder les diagnostics, les tests, les traitements et les soins permettant de sauver la vie des patients atteints de cancer. Si la COVID-19 se poursuit, le traitement du cancer le devra aussi\u00a0\u00bb.\u00a0<\/p><\/blockquote>\n\n\n\n<h3 class=\"wp-block-heading\" id=\"h-cliquez-ici-pour-lire-le-communiqu-de-presse-complet\"><a href=\"https:\/\/survivornet.ca\/fr\/news\/situation-critique-impact-de-la-crise-de-la-covid-19-sur-les-patients-atteints-de-cancer-et-leur-capacite-a-recevoir-un-traitement\/\" target=\"_blank\" rel=\"noreferrer noopener\">CLIQUEZ ICI POUR LIRE LE COMMUNIQU\u00c9 DE PRESSE COMPLET.\u00a0<\/a><\/h3>\n","protected":false},"excerpt":{"rendered":"<p>L\u00e9ger a men\u00e9\u00a0une \u00e9tude\u00a0nationale\u00a0pour le R\u00e9seau canadien des survivants du cancer\u00a0(RCSC)\u00a0aupr\u00e8s de Canadiens ayant re\u00e7u un diagnostic de cancer,\u00a0de\u00a0proches aidants\u00a0et de\u00a0Canadiens ayant re\u00e7u un pr\u00e9-diagnostic, du 10 juin au 4 juillet 2021.\u00a0Il s&rsquo;agit de la troisi\u00e8me \u00e9dition de cette \u00e9tude.\u00a0 L\u2019objectif de cette recherche est d\u2019\u00e9valuer dans quelle mesure la perturbation des soins oncologiques caus\u00e9e [&hellip;]<\/p>\n","protected":false},"author":2,"featured_media":10049,"comment_status":"closed","ping_status":"closed","sticky":false,"template":"","format":"standard","meta":{"_acf_changed":false,"_et_pb_use_builder":"","_et_pb_old_content":"","_et_gb_content_width":"","content-type":"","inline_featured_image":false,"footnotes":""},"categories":[35],"tags":[],"post_language_cat":[42],"class_list":["post-15768","post","type-post","status-publish","format-standard","has-post-thumbnail","hentry","category-in-the-news","post_language_cat-fr-in-the-news"],"acf":[],"yoast_head":"<!-- This site is optimized with the Yoast SEO Premium plugin v27.5 (Yoast SEO v27.5) - https:\/\/yoast.com\/product\/yoast-seo-premium-wordpress\/ -->\n<title>Situation critique : le cancer ne peut toujours pas attendre! - Leger<\/title>\n<meta name=\"robots\" content=\"index, follow, max-snippet:-1, max-image-preview:large, max-video-preview:-1\" \/>\n<link rel=\"canonical\" href=\"https:\/\/leger360.com\/fr\/situation-critique-le-cancer-ne-peut-toujours-pas-attendre\/\" \/>\n<meta property=\"og:locale\" content=\"fr_CA\" \/>\n<meta property=\"og:type\" content=\"article\" \/>\n<meta property=\"og:title\" content=\"Situation critique : le cancer ne peut toujours pas attendre!\" \/>\n<meta property=\"og:description\" content=\"L\u00e9ger a men\u00e9\u00a0une \u00e9tude\u00a0nationale\u00a0pour le R\u00e9seau canadien des survivants du cancer\u00a0(RCSC)\u00a0aupr\u00e8s de Canadiens ayant re\u00e7u un diagnostic de cancer,\u00a0de\u00a0proches aidants\u00a0et de\u00a0Canadiens ayant re\u00e7u un pr\u00e9-diagnostic, du 10 juin au 4 juillet 2021.\u00a0Il s&rsquo;agit de la troisi\u00e8me \u00e9dition de cette \u00e9tude.\u00a0 L\u2019objectif de cette recherche est d\u2019\u00e9valuer dans quelle mesure la perturbation des soins oncologiques caus\u00e9e [&hellip;]\" \/>\n<meta property=\"og:url\" content=\"https:\/\/leger360.com\/fr\/situation-critique-le-cancer-ne-peut-toujours-pas-attendre\/\" \/>\n<meta property=\"og:site_name\" content=\"Leger\" \/>\n<meta property=\"article:publisher\" content=\"https:\/\/www.facebook.com\/leger360\/\" \/>\n<meta property=\"article:published_time\" content=\"2021-09-03T18:15:17+00:00\" \/>\n<meta property=\"og:image\" content=\"https:\/\/leger360.com\/wp-content\/uploads\/2024\/02\/shutterstock_683657557.jpg\" \/>\n\t<meta property=\"og:image:width\" content=\"1000\" \/>\n\t<meta property=\"og:image:height\" content=\"667\" \/>\n\t<meta property=\"og:image:type\" content=\"image\/jpeg\" \/>\n<meta name=\"author\" content=\"Jason Anthony\" \/>\n<meta name=\"twitter:card\" content=\"summary_large_image\" \/>\n<meta name=\"twitter:creator\" content=\"@leger360\" \/>\n<meta name=\"twitter:site\" content=\"@leger360\" \/>\n<meta name=\"twitter:label1\" content=\"\u00c9crit par\" \/>\n\t<meta name=\"twitter:data1\" content=\"Jason Anthony\" \/>\n\t<meta name=\"twitter:label2\" content=\"Estimation du temps de lecture\" \/>\n\t<meta name=\"twitter:data2\" content=\"2 minutes\" \/>\n<script type=\"application\/ld+json\" class=\"yoast-schema-graph\">{\"@context\":\"https:\\\/\\\/schema.org\",\"@graph\":[{\"@type\":\"Article\",\"@id\":\"https:\\\/\\\/leger360.com\\\/fr\\\/situation-critique-le-cancer-ne-peut-toujours-pas-attendre\\\/#article\",\"isPartOf\":{\"@id\":\"https:\\\/\\\/leger360.com\\\/fr\\\/situation-critique-le-cancer-ne-peut-toujours-pas-attendre\\\/\"},\"author\":{\"name\":\"Jason Anthony\",\"@id\":\"https:\\\/\\\/leger360.com\\\/fr\\\/#\\\/schema\\\/person\\\/34dfccb7aa46dcd4085221008ca51ac9\"},\"headline\":\"Situation critique : le cancer ne peut toujours pas attendre!\",\"datePublished\":\"2021-09-03T18:15:17+00:00\",\"mainEntityOfPage\":{\"@id\":\"https:\\\/\\\/leger360.com\\\/fr\\\/situation-critique-le-cancer-ne-peut-toujours-pas-attendre\\\/\"},\"wordCount\":400,\"publisher\":{\"@id\":\"https:\\\/\\\/leger360.com\\\/fr\\\/#organization\"},\"image\":{\"@id\":\"https:\\\/\\\/leger360.com\\\/fr\\\/situation-critique-le-cancer-ne-peut-toujours-pas-attendre\\\/#primaryimage\"},\"thumbnailUrl\":\"https:\\\/\\\/leger360.com\\\/wp-content\\\/uploads\\\/2024\\\/02\\\/shutterstock_683657557.jpg\",\"articleSection\":[\"In the news\"],\"inLanguage\":\"fr-CA\"},{\"@type\":\"WebPage\",\"@id\":\"https:\\\/\\\/leger360.com\\\/fr\\\/situation-critique-le-cancer-ne-peut-toujours-pas-attendre\\\/\",\"url\":\"https:\\\/\\\/leger360.com\\\/fr\\\/situation-critique-le-cancer-ne-peut-toujours-pas-attendre\\\/\",\"name\":\"Situation critique : le cancer ne peut toujours pas attendre! - Leger\",\"isPartOf\":{\"@id\":\"https:\\\/\\\/leger360.com\\\/fr\\\/#website\"},\"primaryImageOfPage\":{\"@id\":\"https:\\\/\\\/leger360.com\\\/fr\\\/situation-critique-le-cancer-ne-peut-toujours-pas-attendre\\\/#primaryimage\"},\"image\":{\"@id\":\"https:\\\/\\\/leger360.com\\\/fr\\\/situation-critique-le-cancer-ne-peut-toujours-pas-attendre\\\/#primaryimage\"},\"thumbnailUrl\":\"https:\\\/\\\/leger360.com\\\/wp-content\\\/uploads\\\/2024\\\/02\\\/shutterstock_683657557.jpg\",\"datePublished\":\"2021-09-03T18:15:17+00:00\",\"breadcrumb\":{\"@id\":\"https:\\\/\\\/leger360.com\\\/fr\\\/situation-critique-le-cancer-ne-peut-toujours-pas-attendre\\\/#breadcrumb\"},\"inLanguage\":\"fr-CA\",\"potentialAction\":[{\"@type\":\"ReadAction\",\"target\":[\"https:\\\/\\\/leger360.com\\\/fr\\\/situation-critique-le-cancer-ne-peut-toujours-pas-attendre\\\/\"]}]},{\"@type\":\"ImageObject\",\"inLanguage\":\"fr-CA\",\"@id\":\"https:\\\/\\\/leger360.com\\\/fr\\\/situation-critique-le-cancer-ne-peut-toujours-pas-attendre\\\/#primaryimage\",\"url\":\"https:\\\/\\\/leger360.com\\\/wp-content\\\/uploads\\\/2024\\\/02\\\/shutterstock_683657557.jpg\",\"contentUrl\":\"https:\\\/\\\/leger360.com\\\/wp-content\\\/uploads\\\/2024\\\/02\\\/shutterstock_683657557.jpg\",\"width\":1000,\"height\":667},{\"@type\":\"BreadcrumbList\",\"@id\":\"https:\\\/\\\/leger360.com\\\/fr\\\/situation-critique-le-cancer-ne-peut-toujours-pas-attendre\\\/#breadcrumb\",\"itemListElement\":[{\"@type\":\"ListItem\",\"position\":1,\"name\":\"Home\",\"item\":\"https:\\\/\\\/leger360.com\\\/fr\\\/\"},{\"@type\":\"ListItem\",\"position\":2,\"name\":\"Situation critique : le cancer ne peut toujours pas attendre!\"}]},{\"@type\":\"WebSite\",\"@id\":\"https:\\\/\\\/leger360.com\\\/fr\\\/#website\",\"url\":\"https:\\\/\\\/leger360.com\\\/fr\\\/\",\"name\":\"Leger\",\"description\":\"Market Research | Data Analytics\",\"publisher\":{\"@id\":\"https:\\\/\\\/leger360.com\\\/fr\\\/#organization\"},\"potentialAction\":[{\"@type\":\"SearchAction\",\"target\":{\"@type\":\"EntryPoint\",\"urlTemplate\":\"https:\\\/\\\/leger360.com\\\/fr\\\/?s={search_term_string}\"},\"query-input\":{\"@type\":\"PropertyValueSpecification\",\"valueRequired\":true,\"valueName\":\"search_term_string\"}}],\"inLanguage\":\"fr-CA\"},{\"@type\":\"Organization\",\"@id\":\"https:\\\/\\\/leger360.com\\\/fr\\\/#organization\",\"name\":\"Leger\",\"url\":\"https:\\\/\\\/leger360.com\\\/fr\\\/\",\"logo\":{\"@type\":\"ImageObject\",\"inLanguage\":\"fr-CA\",\"@id\":\"https:\\\/\\\/leger360.com\\\/fr\\\/#\\\/schema\\\/logo\\\/image\\\/\",\"url\":\"https:\\\/\\\/leger360.com\\\/wp-content\\\/uploads\\\/2024\\\/04\\\/2022-Logo-Leger-Blackred-g.png\",\"contentUrl\":\"https:\\\/\\\/leger360.com\\\/wp-content\\\/uploads\\\/2024\\\/04\\\/2022-Logo-Leger-Blackred-g.png\",\"width\":1195,\"height\":686,\"caption\":\"Leger\"},\"image\":{\"@id\":\"https:\\\/\\\/leger360.com\\\/fr\\\/#\\\/schema\\\/logo\\\/image\\\/\"},\"sameAs\":[\"https:\\\/\\\/www.facebook.com\\\/leger360\\\/\",\"https:\\\/\\\/x.com\\\/leger360\",\"https:\\\/\\\/www.linkedin.com\\\/company\\\/leger360\\\/\"],\"description\":\"Leger is one of North America\u2019s fastest-growing market research companies, known for our forward-thinking experts and innovative approaches powered by artificial intelligence (AI) technologies.\"},{\"@type\":\"Person\",\"@id\":\"https:\\\/\\\/leger360.com\\\/fr\\\/#\\\/schema\\\/person\\\/34dfccb7aa46dcd4085221008ca51ac9\",\"name\":\"Jason Anthony\",\"image\":{\"@type\":\"ImageObject\",\"inLanguage\":\"fr-CA\",\"@id\":\"https:\\\/\\\/secure.gravatar.com\\\/avatar\\\/b8d3134f69c631184566a5436407f9384b5e28c50ff3915e13c50c0c730b64f8?s=96&d=mm&r=g\",\"url\":\"https:\\\/\\\/secure.gravatar.com\\\/avatar\\\/b8d3134f69c631184566a5436407f9384b5e28c50ff3915e13c50c0c730b64f8?s=96&d=mm&r=g\",\"contentUrl\":\"https:\\\/\\\/secure.gravatar.com\\\/avatar\\\/b8d3134f69c631184566a5436407f9384b5e28c50ff3915e13c50c0c730b64f8?s=96&d=mm&r=g\",\"caption\":\"Jason Anthony\"}}]}<\/script>\n<!-- \/ Yoast SEO Premium plugin. -->","yoast_head_json":{"title":"Situation critique : le cancer ne peut toujours pas attendre! - Leger","robots":{"index":"index","follow":"follow","max-snippet":"max-snippet:-1","max-image-preview":"max-image-preview:large","max-video-preview":"max-video-preview:-1"},"canonical":"https:\/\/leger360.com\/fr\/situation-critique-le-cancer-ne-peut-toujours-pas-attendre\/","og_locale":"fr_CA","og_type":"article","og_title":"Situation critique : le cancer ne peut toujours pas attendre!","og_description":"L\u00e9ger a men\u00e9\u00a0une \u00e9tude\u00a0nationale\u00a0pour le R\u00e9seau canadien des survivants du cancer\u00a0(RCSC)\u00a0aupr\u00e8s de Canadiens ayant re\u00e7u un diagnostic de cancer,\u00a0de\u00a0proches aidants\u00a0et de\u00a0Canadiens ayant re\u00e7u un pr\u00e9-diagnostic, du 10 juin au 4 juillet 2021.\u00a0Il s&rsquo;agit de la troisi\u00e8me \u00e9dition de cette \u00e9tude.\u00a0 L\u2019objectif de cette recherche est d\u2019\u00e9valuer dans quelle mesure la perturbation des soins oncologiques caus\u00e9e [&hellip;]","og_url":"https:\/\/leger360.com\/fr\/situation-critique-le-cancer-ne-peut-toujours-pas-attendre\/","og_site_name":"Leger","article_publisher":"https:\/\/www.facebook.com\/leger360\/","article_published_time":"2021-09-03T18:15:17+00:00","og_image":[{"width":1000,"height":667,"url":"https:\/\/leger360.com\/wp-content\/uploads\/2024\/02\/shutterstock_683657557.jpg","type":"image\/jpeg"}],"author":"Jason Anthony","twitter_card":"summary_large_image","twitter_creator":"@leger360","twitter_site":"@leger360","twitter_misc":{"\u00c9crit par":"Jason Anthony","Estimation du temps de lecture":"2 minutes"},"schema":{"@context":"https:\/\/schema.org","@graph":[{"@type":"Article","@id":"https:\/\/leger360.com\/fr\/situation-critique-le-cancer-ne-peut-toujours-pas-attendre\/#article","isPartOf":{"@id":"https:\/\/leger360.com\/fr\/situation-critique-le-cancer-ne-peut-toujours-pas-attendre\/"},"author":{"name":"Jason Anthony","@id":"https:\/\/leger360.com\/fr\/#\/schema\/person\/34dfccb7aa46dcd4085221008ca51ac9"},"headline":"Situation critique : le cancer ne peut toujours pas attendre!","datePublished":"2021-09-03T18:15:17+00:00","mainEntityOfPage":{"@id":"https:\/\/leger360.com\/fr\/situation-critique-le-cancer-ne-peut-toujours-pas-attendre\/"},"wordCount":400,"publisher":{"@id":"https:\/\/leger360.com\/fr\/#organization"},"image":{"@id":"https:\/\/leger360.com\/fr\/situation-critique-le-cancer-ne-peut-toujours-pas-attendre\/#primaryimage"},"thumbnailUrl":"https:\/\/leger360.com\/wp-content\/uploads\/2024\/02\/shutterstock_683657557.jpg","articleSection":["In the news"],"inLanguage":"fr-CA"},{"@type":"WebPage","@id":"https:\/\/leger360.com\/fr\/situation-critique-le-cancer-ne-peut-toujours-pas-attendre\/","url":"https:\/\/leger360.com\/fr\/situation-critique-le-cancer-ne-peut-toujours-pas-attendre\/","name":"Situation critique : le cancer ne peut toujours pas attendre! - Leger","isPartOf":{"@id":"https:\/\/leger360.com\/fr\/#website"},"primaryImageOfPage":{"@id":"https:\/\/leger360.com\/fr\/situation-critique-le-cancer-ne-peut-toujours-pas-attendre\/#primaryimage"},"image":{"@id":"https:\/\/leger360.com\/fr\/situation-critique-le-cancer-ne-peut-toujours-pas-attendre\/#primaryimage"},"thumbnailUrl":"https:\/\/leger360.com\/wp-content\/uploads\/2024\/02\/shutterstock_683657557.jpg","datePublished":"2021-09-03T18:15:17+00:00","breadcrumb":{"@id":"https:\/\/leger360.com\/fr\/situation-critique-le-cancer-ne-peut-toujours-pas-attendre\/#breadcrumb"},"inLanguage":"fr-CA","potentialAction":[{"@type":"ReadAction","target":["https:\/\/leger360.com\/fr\/situation-critique-le-cancer-ne-peut-toujours-pas-attendre\/"]}]},{"@type":"ImageObject","inLanguage":"fr-CA","@id":"https:\/\/leger360.com\/fr\/situation-critique-le-cancer-ne-peut-toujours-pas-attendre\/#primaryimage","url":"https:\/\/leger360.com\/wp-content\/uploads\/2024\/02\/shutterstock_683657557.jpg","contentUrl":"https:\/\/leger360.com\/wp-content\/uploads\/2024\/02\/shutterstock_683657557.jpg","width":1000,"height":667},{"@type":"BreadcrumbList","@id":"https:\/\/leger360.com\/fr\/situation-critique-le-cancer-ne-peut-toujours-pas-attendre\/#breadcrumb","itemListElement":[{"@type":"ListItem","position":1,"name":"Home","item":"https:\/\/leger360.com\/fr\/"},{"@type":"ListItem","position":2,"name":"Situation critique : le cancer ne peut toujours pas attendre!"}]},{"@type":"WebSite","@id":"https:\/\/leger360.com\/fr\/#website","url":"https:\/\/leger360.com\/fr\/","name":"Leger","description":"Market Research | Data Analytics","publisher":{"@id":"https:\/\/leger360.com\/fr\/#organization"},"potentialAction":[{"@type":"SearchAction","target":{"@type":"EntryPoint","urlTemplate":"https:\/\/leger360.com\/fr\/?s={search_term_string}"},"query-input":{"@type":"PropertyValueSpecification","valueRequired":true,"valueName":"search_term_string"}}],"inLanguage":"fr-CA"},{"@type":"Organization","@id":"https:\/\/leger360.com\/fr\/#organization","name":"Leger","url":"https:\/\/leger360.com\/fr\/","logo":{"@type":"ImageObject","inLanguage":"fr-CA","@id":"https:\/\/leger360.com\/fr\/#\/schema\/logo\/image\/","url":"https:\/\/leger360.com\/wp-content\/uploads\/2024\/04\/2022-Logo-Leger-Blackred-g.png","contentUrl":"https:\/\/leger360.com\/wp-content\/uploads\/2024\/04\/2022-Logo-Leger-Blackred-g.png","width":1195,"height":686,"caption":"Leger"},"image":{"@id":"https:\/\/leger360.com\/fr\/#\/schema\/logo\/image\/"},"sameAs":["https:\/\/www.facebook.com\/leger360\/","https:\/\/x.com\/leger360","https:\/\/www.linkedin.com\/company\/leger360\/"],"description":"Leger is one of North America\u2019s fastest-growing market research companies, known for our forward-thinking experts and innovative approaches powered by artificial intelligence (AI) technologies."},{"@type":"Person","@id":"https:\/\/leger360.com\/fr\/#\/schema\/person\/34dfccb7aa46dcd4085221008ca51ac9","name":"Jason Anthony","image":{"@type":"ImageObject","inLanguage":"fr-CA","@id":"https:\/\/secure.gravatar.com\/avatar\/b8d3134f69c631184566a5436407f9384b5e28c50ff3915e13c50c0c730b64f8?s=96&d=mm&r=g","url":"https:\/\/secure.gravatar.com\/avatar\/b8d3134f69c631184566a5436407f9384b5e28c50ff3915e13c50c0c730b64f8?s=96&d=mm&r=g","contentUrl":"https:\/\/secure.gravatar.com\/avatar\/b8d3134f69c631184566a5436407f9384b5e28c50ff3915e13c50c0c730b64f8?s=96&d=mm&r=g","caption":"Jason Anthony"}}]}},"_links":{"self":[{"href":"https:\/\/leger360.com\/fr\/wp-json\/wp\/v2\/posts\/15768","targetHints":{"allow":["GET"]}}],"collection":[{"href":"https:\/\/leger360.com\/fr\/wp-json\/wp\/v2\/posts"}],"about":[{"href":"https:\/\/leger360.com\/fr\/wp-json\/wp\/v2\/types\/post"}],"author":[{"embeddable":true,"href":"https:\/\/leger360.com\/fr\/wp-json\/wp\/v2\/users\/2"}],"replies":[{"embeddable":true,"href":"https:\/\/leger360.com\/fr\/wp-json\/wp\/v2\/comments?post=15768"}],"version-history":[{"count":0,"href":"https:\/\/leger360.com\/fr\/wp-json\/wp\/v2\/posts\/15768\/revisions"}],"wp:featuredmedia":[{"embeddable":true,"href":"https:\/\/leger360.com\/fr\/wp-json\/wp\/v2\/media\/10049"}],"wp:attachment":[{"href":"https:\/\/leger360.com\/fr\/wp-json\/wp\/v2\/media?parent=15768"}],"wp:term":[{"taxonomy":"category","embeddable":true,"href":"https:\/\/leger360.com\/fr\/wp-json\/wp\/v2\/categories?post=15768"},{"taxonomy":"post_tag","embeddable":true,"href":"https:\/\/leger360.com\/fr\/wp-json\/wp\/v2\/tags?post=15768"},{"taxonomy":"post_language_cat","embeddable":true,"href":"https:\/\/leger360.com\/fr\/wp-json\/wp\/v2\/post_language_cat?post=15768"}],"curies":[{"name":"wp","href":"https:\/\/api.w.org\/{rel}","templated":true}]}}