{"id":15776,"date":"2021-09-10T13:11:08","date_gmt":"2021-09-10T13:11:08","guid":{"rendered":"https:\/\/leger360.com\/employes-leger-recoivent-programme-de-partage-des-profits-2021\/"},"modified":"2021-09-10T13:11:08","modified_gmt":"2021-09-10T13:11:08","slug":"employes-leger-recoivent-programme-de-partage-des-profits-2021","status":"publish","type":"post","link":"https:\/\/leger360.com\/fr\/employes-leger-recoivent-programme-de-partage-des-profits-2021\/","title":{"rendered":"Les employ\u00e9.e.s de L\u00e9ger re\u00e7oivent une prime gr\u00e2ce au programme de partage des profits (PPP) en 2021"},"content":{"rendered":"\n<h2 class=\"wp-block-heading\" id=\"h-l-ger-a-le-plaisir-d-annoncer-que-ses-employ-e-s-ont-gagn-des-primes-dans-le-cadre-de-son-programme-de-partage-des-profits-ppp\">L\u00c9GER A LE PLAISIR D&rsquo;ANNONCER QUE SES EMPLOY\u00c9.E.S ONT GAGN\u00c9 DES PRIMES DANS LE CADRE DE SON\u00a0PROGRAMME DE\u00a0PARTAGE DES PROFITS\u00a0(PPP)\u00a0<\/h2>\n\n\n\n<p>En 2019, L\u00e9ger a introduit son programme de\u00a0partage des profits\u00a0(PPP). Ce programme r\u00e9compense les employ\u00e9.e.s \u00e0 temps plein, selon nos crit\u00e8res d\u2019admissibilit\u00e9,\u00a0par un\u00a0boni si L\u00e9ger d\u00e9passe ses objectifs financiers\u00a0\u00e0 la suite de\u00a0son\u00a0exercice\u00a0financier. 2021\u00a0marque\u00a0la deuxi\u00e8me ann\u00e9e d&rsquo;attribution de cette prime.\u00a0\u00a0<\/p>\n\n\n\n<blockquote class=\"wp-block-quote is-layout-flow wp-block-quote-is-layout-flow\"><p>\u00ab\u202fLe programme de partage des profits nous permet de reconna\u00eetre l\u2019effort collectif dans l\u2019atteinte des r\u00e9sultats. Chaque employ\u00e9.e contribue \u00e0 la croissance de l\u2019entreprise et ensemble, nos actions sont orient\u00e9es vers la profitabilit\u00e9 et la r\u00e9ussite de L\u00e9ger. Il est donc naturel et important pour nous de souligner l\u2019apport de tou.te.s \u00e0 travers notre programme\u202f\u00bb,\u00a0affirme\u00a0V\u00e9ronique M. Lippinghof, directrice des ressources humaines.\u00a0<\/p><\/blockquote>\n\n\n\n<p>F\u00e9licitations \u00e0 tou.te.s nos employ\u00e9.e.s! Vos efforts ne sont pas pass\u00e9s inaper\u00e7us, et nous sommes heureux de vous offrir cette prime en reconnaissance de votre travail acharn\u00e9. La poursuite de ces efforts nous permettra de continuer \u00e0 montrer la voie au cours du pr\u00e9sent exercice\u00a0financier.\u00a0\u00a0<\/p>\n\n\n\n<h2 class=\"wp-block-heading\">VOUS SOUHAITEZ REJOINDRE L&rsquo;\u00c9QUIPE L\u00c9GER?\u00a0<\/h2>\n\n\n\n<h3 class=\"wp-block-heading\"><a href=\"https:\/\/leger360.com\/fr\/emplois\/\">CONSULTEZ NOS OFFRES D&rsquo;EMPLOI ICI.<\/a><\/h3>\n\n\n\n<p><\/p>\n","protected":false},"excerpt":{"rendered":"<p>L\u00c9GER A LE PLAISIR D&rsquo;ANNONCER QUE SES EMPLOY\u00c9.E.S ONT GAGN\u00c9 DES PRIMES DANS LE CADRE DE SON\u00a0PROGRAMME DE\u00a0PARTAGE DES PROFITS\u00a0(PPP)\u00a0 En 2019, L\u00e9ger a introduit son programme de\u00a0partage des profits\u00a0(PPP). Ce programme r\u00e9compense les employ\u00e9.e.s \u00e0 temps plein, selon nos crit\u00e8res d\u2019admissibilit\u00e9,\u00a0par un\u00a0boni si L\u00e9ger d\u00e9passe ses objectifs financiers\u00a0\u00e0 la suite de\u00a0son\u00a0exercice\u00a0financier. 2021\u00a0marque\u00a0la deuxi\u00e8me ann\u00e9e [&hellip;]<\/p>\n","protected":false},"author":2,"featured_media":10073,"comment_status":"closed","ping_status":"closed","sticky":false,"template":"","format":"standard","meta":{"_acf_changed":false,"_et_pb_use_builder":"","_et_pb_old_content":"","_et_gb_content_width":"","content-type":"","inline_featured_image":false,"footnotes":""},"categories":[35],"tags":[],"post_language_cat":[42],"class_list":["post-15776","post","type-post","status-publish","format-standard","has-post-thumbnail","hentry","category-in-the-news","post_language_cat-fr-in-the-news"],"acf":[],"yoast_head":"<!-- This site is optimized with the Yoast SEO Premium plugin v27.5 (Yoast SEO v27.5) - https:\/\/yoast.com\/product\/yoast-seo-premium-wordpress\/ -->\n<title>Les employ\u00e9.e.s de L\u00e9ger re\u00e7oivent une prime gr\u00e2ce au programme de partage des profits (PPP) en 2021 - Leger<\/title>\n<meta name=\"robots\" content=\"index, follow, max-snippet:-1, max-image-preview:large, max-video-preview:-1\" \/>\n<link rel=\"canonical\" href=\"https:\/\/leger360.com\/fr\/employes-leger-recoivent-programme-de-partage-des-profits-2021\/\" \/>\n<meta property=\"og:locale\" content=\"fr_CA\" \/>\n<meta property=\"og:type\" content=\"article\" \/>\n<meta property=\"og:title\" content=\"Les employ\u00e9.e.s de L\u00e9ger re\u00e7oivent une prime gr\u00e2ce au programme de partage des profits (PPP) en 2021\" \/>\n<meta property=\"og:description\" content=\"L\u00c9GER A LE PLAISIR D&rsquo;ANNONCER QUE SES EMPLOY\u00c9.E.S ONT GAGN\u00c9 DES PRIMES DANS LE CADRE DE SON\u00a0PROGRAMME DE\u00a0PARTAGE DES PROFITS\u00a0(PPP)\u00a0 En 2019, L\u00e9ger a introduit son programme de\u00a0partage des profits\u00a0(PPP). Ce programme r\u00e9compense les employ\u00e9.e.s \u00e0 temps plein, selon nos crit\u00e8res d\u2019admissibilit\u00e9,\u00a0par un\u00a0boni si L\u00e9ger d\u00e9passe ses objectifs financiers\u00a0\u00e0 la suite de\u00a0son\u00a0exercice\u00a0financier. 2021\u00a0marque\u00a0la deuxi\u00e8me ann\u00e9e [&hellip;]\" \/>\n<meta property=\"og:url\" content=\"https:\/\/leger360.com\/fr\/employes-leger-recoivent-programme-de-partage-des-profits-2021\/\" \/>\n<meta property=\"og:site_name\" content=\"Leger\" \/>\n<meta property=\"article:publisher\" content=\"https:\/\/www.facebook.com\/leger360\/\" \/>\n<meta property=\"article:published_time\" content=\"2021-09-10T13:11:08+00:00\" \/>\n<meta property=\"og:image\" content=\"https:\/\/leger360.com\/wp-content\/uploads\/2024\/02\/shutterstock_739769911.jpg\" \/>\n\t<meta property=\"og:image:width\" content=\"1000\" \/>\n\t<meta property=\"og:image:height\" content=\"428\" \/>\n\t<meta property=\"og:image:type\" content=\"image\/jpeg\" \/>\n<meta name=\"author\" content=\"Jason Anthony\" \/>\n<meta name=\"twitter:card\" content=\"summary_large_image\" \/>\n<meta name=\"twitter:creator\" content=\"@leger360\" \/>\n<meta name=\"twitter:site\" content=\"@leger360\" \/>\n<meta name=\"twitter:label1\" content=\"\u00c9crit par\" \/>\n\t<meta name=\"twitter:data1\" content=\"Jason Anthony\" \/>\n\t<meta name=\"twitter:label2\" content=\"Estimation du temps de lecture\" \/>\n\t<meta name=\"twitter:data2\" content=\"1 minute\" \/>\n<script type=\"application\/ld+json\" class=\"yoast-schema-graph\">{\"@context\":\"https:\\\/\\\/schema.org\",\"@graph\":[{\"@type\":\"Article\",\"@id\":\"https:\\\/\\\/leger360.com\\\/fr\\\/employes-leger-recoivent-programme-de-partage-des-profits-2021\\\/#article\",\"isPartOf\":{\"@id\":\"https:\\\/\\\/leger360.com\\\/fr\\\/employes-leger-recoivent-programme-de-partage-des-profits-2021\\\/\"},\"author\":{\"name\":\"Jason Anthony\",\"@id\":\"https:\\\/\\\/leger360.com\\\/fr\\\/#\\\/schema\\\/person\\\/34dfccb7aa46dcd4085221008ca51ac9\"},\"headline\":\"Les employ\u00e9.e.s de L\u00e9ger re\u00e7oivent une prime gr\u00e2ce au programme de partage des profits (PPP) en 2021\",\"datePublished\":\"2021-09-10T13:11:08+00:00\",\"mainEntityOfPage\":{\"@id\":\"https:\\\/\\\/leger360.com\\\/fr\\\/employes-leger-recoivent-programme-de-partage-des-profits-2021\\\/\"},\"wordCount\":243,\"publisher\":{\"@id\":\"https:\\\/\\\/leger360.com\\\/fr\\\/#organization\"},\"image\":{\"@id\":\"https:\\\/\\\/leger360.com\\\/fr\\\/employes-leger-recoivent-programme-de-partage-des-profits-2021\\\/#primaryimage\"},\"thumbnailUrl\":\"https:\\\/\\\/leger360.com\\\/wp-content\\\/uploads\\\/2024\\\/02\\\/shutterstock_739769911.jpg\",\"articleSection\":[\"In the news\"],\"inLanguage\":\"fr-CA\"},{\"@type\":\"WebPage\",\"@id\":\"https:\\\/\\\/leger360.com\\\/fr\\\/employes-leger-recoivent-programme-de-partage-des-profits-2021\\\/\",\"url\":\"https:\\\/\\\/leger360.com\\\/fr\\\/employes-leger-recoivent-programme-de-partage-des-profits-2021\\\/\",\"name\":\"Les employ\u00e9.e.s de L\u00e9ger re\u00e7oivent une prime gr\u00e2ce au programme de partage des profits (PPP) en 2021 - Leger\",\"isPartOf\":{\"@id\":\"https:\\\/\\\/leger360.com\\\/fr\\\/#website\"},\"primaryImageOfPage\":{\"@id\":\"https:\\\/\\\/leger360.com\\\/fr\\\/employes-leger-recoivent-programme-de-partage-des-profits-2021\\\/#primaryimage\"},\"image\":{\"@id\":\"https:\\\/\\\/leger360.com\\\/fr\\\/employes-leger-recoivent-programme-de-partage-des-profits-2021\\\/#primaryimage\"},\"thumbnailUrl\":\"https:\\\/\\\/leger360.com\\\/wp-content\\\/uploads\\\/2024\\\/02\\\/shutterstock_739769911.jpg\",\"datePublished\":\"2021-09-10T13:11:08+00:00\",\"breadcrumb\":{\"@id\":\"https:\\\/\\\/leger360.com\\\/fr\\\/employes-leger-recoivent-programme-de-partage-des-profits-2021\\\/#breadcrumb\"},\"inLanguage\":\"fr-CA\",\"potentialAction\":[{\"@type\":\"ReadAction\",\"target\":[\"https:\\\/\\\/leger360.com\\\/fr\\\/employes-leger-recoivent-programme-de-partage-des-profits-2021\\\/\"]}]},{\"@type\":\"ImageObject\",\"inLanguage\":\"fr-CA\",\"@id\":\"https:\\\/\\\/leger360.com\\\/fr\\\/employes-leger-recoivent-programme-de-partage-des-profits-2021\\\/#primaryimage\",\"url\":\"https:\\\/\\\/leger360.com\\\/wp-content\\\/uploads\\\/2024\\\/02\\\/shutterstock_739769911.jpg\",\"contentUrl\":\"https:\\\/\\\/leger360.com\\\/wp-content\\\/uploads\\\/2024\\\/02\\\/shutterstock_739769911.jpg\",\"width\":1000,\"height\":428},{\"@type\":\"BreadcrumbList\",\"@id\":\"https:\\\/\\\/leger360.com\\\/fr\\\/employes-leger-recoivent-programme-de-partage-des-profits-2021\\\/#breadcrumb\",\"itemListElement\":[{\"@type\":\"ListItem\",\"position\":1,\"name\":\"Home\",\"item\":\"https:\\\/\\\/leger360.com\\\/fr\\\/\"},{\"@type\":\"ListItem\",\"position\":2,\"name\":\"Les employ\u00e9.e.s de L\u00e9ger re\u00e7oivent une prime gr\u00e2ce au programme de partage des profits (PPP) en 2021\"}]},{\"@type\":\"WebSite\",\"@id\":\"https:\\\/\\\/leger360.com\\\/fr\\\/#website\",\"url\":\"https:\\\/\\\/leger360.com\\\/fr\\\/\",\"name\":\"Leger\",\"description\":\"Market Research | Data Analytics\",\"publisher\":{\"@id\":\"https:\\\/\\\/leger360.com\\\/fr\\\/#organization\"},\"potentialAction\":[{\"@type\":\"SearchAction\",\"target\":{\"@type\":\"EntryPoint\",\"urlTemplate\":\"https:\\\/\\\/leger360.com\\\/fr\\\/?s={search_term_string}\"},\"query-input\":{\"@type\":\"PropertyValueSpecification\",\"valueRequired\":true,\"valueName\":\"search_term_string\"}}],\"inLanguage\":\"fr-CA\"},{\"@type\":\"Organization\",\"@id\":\"https:\\\/\\\/leger360.com\\\/fr\\\/#organization\",\"name\":\"Leger\",\"url\":\"https:\\\/\\\/leger360.com\\\/fr\\\/\",\"logo\":{\"@type\":\"ImageObject\",\"inLanguage\":\"fr-CA\",\"@id\":\"https:\\\/\\\/leger360.com\\\/fr\\\/#\\\/schema\\\/logo\\\/image\\\/\",\"url\":\"https:\\\/\\\/leger360.com\\\/wp-content\\\/uploads\\\/2024\\\/04\\\/2022-Logo-Leger-Blackred-g.png\",\"contentUrl\":\"https:\\\/\\\/leger360.com\\\/wp-content\\\/uploads\\\/2024\\\/04\\\/2022-Logo-Leger-Blackred-g.png\",\"width\":1195,\"height\":686,\"caption\":\"Leger\"},\"image\":{\"@id\":\"https:\\\/\\\/leger360.com\\\/fr\\\/#\\\/schema\\\/logo\\\/image\\\/\"},\"sameAs\":[\"https:\\\/\\\/www.facebook.com\\\/leger360\\\/\",\"https:\\\/\\\/x.com\\\/leger360\",\"https:\\\/\\\/www.linkedin.com\\\/company\\\/leger360\\\/\"],\"description\":\"Leger is one of North America\u2019s fastest-growing market research companies, known for our forward-thinking experts and innovative approaches powered by artificial intelligence (AI) technologies.\"},{\"@type\":\"Person\",\"@id\":\"https:\\\/\\\/leger360.com\\\/fr\\\/#\\\/schema\\\/person\\\/34dfccb7aa46dcd4085221008ca51ac9\",\"name\":\"Jason Anthony\",\"image\":{\"@type\":\"ImageObject\",\"inLanguage\":\"fr-CA\",\"@id\":\"https:\\\/\\\/secure.gravatar.com\\\/avatar\\\/b8d3134f69c631184566a5436407f9384b5e28c50ff3915e13c50c0c730b64f8?s=96&d=mm&r=g\",\"url\":\"https:\\\/\\\/secure.gravatar.com\\\/avatar\\\/b8d3134f69c631184566a5436407f9384b5e28c50ff3915e13c50c0c730b64f8?s=96&d=mm&r=g\",\"contentUrl\":\"https:\\\/\\\/secure.gravatar.com\\\/avatar\\\/b8d3134f69c631184566a5436407f9384b5e28c50ff3915e13c50c0c730b64f8?s=96&d=mm&r=g\",\"caption\":\"Jason Anthony\"}}]}<\/script>\n<!-- \/ Yoast SEO Premium plugin. -->","yoast_head_json":{"title":"Les employ\u00e9.e.s de L\u00e9ger re\u00e7oivent une prime gr\u00e2ce au programme de partage des profits (PPP) en 2021 - Leger","robots":{"index":"index","follow":"follow","max-snippet":"max-snippet:-1","max-image-preview":"max-image-preview:large","max-video-preview":"max-video-preview:-1"},"canonical":"https:\/\/leger360.com\/fr\/employes-leger-recoivent-programme-de-partage-des-profits-2021\/","og_locale":"fr_CA","og_type":"article","og_title":"Les employ\u00e9.e.s de L\u00e9ger re\u00e7oivent une prime gr\u00e2ce au programme de partage des profits (PPP) en 2021","og_description":"L\u00c9GER A LE PLAISIR D&rsquo;ANNONCER QUE SES EMPLOY\u00c9.E.S ONT GAGN\u00c9 DES PRIMES DANS LE CADRE DE SON\u00a0PROGRAMME DE\u00a0PARTAGE DES PROFITS\u00a0(PPP)\u00a0 En 2019, L\u00e9ger a introduit son programme de\u00a0partage des profits\u00a0(PPP). Ce programme r\u00e9compense les employ\u00e9.e.s \u00e0 temps plein, selon nos crit\u00e8res d\u2019admissibilit\u00e9,\u00a0par un\u00a0boni si L\u00e9ger d\u00e9passe ses objectifs financiers\u00a0\u00e0 la suite de\u00a0son\u00a0exercice\u00a0financier. 2021\u00a0marque\u00a0la deuxi\u00e8me ann\u00e9e [&hellip;]","og_url":"https:\/\/leger360.com\/fr\/employes-leger-recoivent-programme-de-partage-des-profits-2021\/","og_site_name":"Leger","article_publisher":"https:\/\/www.facebook.com\/leger360\/","article_published_time":"2021-09-10T13:11:08+00:00","og_image":[{"width":1000,"height":428,"url":"https:\/\/leger360.com\/wp-content\/uploads\/2024\/02\/shutterstock_739769911.jpg","type":"image\/jpeg"}],"author":"Jason Anthony","twitter_card":"summary_large_image","twitter_creator":"@leger360","twitter_site":"@leger360","twitter_misc":{"\u00c9crit par":"Jason Anthony","Estimation du temps de lecture":"1 minute"},"schema":{"@context":"https:\/\/schema.org","@graph":[{"@type":"Article","@id":"https:\/\/leger360.com\/fr\/employes-leger-recoivent-programme-de-partage-des-profits-2021\/#article","isPartOf":{"@id":"https:\/\/leger360.com\/fr\/employes-leger-recoivent-programme-de-partage-des-profits-2021\/"},"author":{"name":"Jason Anthony","@id":"https:\/\/leger360.com\/fr\/#\/schema\/person\/34dfccb7aa46dcd4085221008ca51ac9"},"headline":"Les employ\u00e9.e.s de L\u00e9ger re\u00e7oivent une prime gr\u00e2ce au programme de partage des profits (PPP) en 2021","datePublished":"2021-09-10T13:11:08+00:00","mainEntityOfPage":{"@id":"https:\/\/leger360.com\/fr\/employes-leger-recoivent-programme-de-partage-des-profits-2021\/"},"wordCount":243,"publisher":{"@id":"https:\/\/leger360.com\/fr\/#organization"},"image":{"@id":"https:\/\/leger360.com\/fr\/employes-leger-recoivent-programme-de-partage-des-profits-2021\/#primaryimage"},"thumbnailUrl":"https:\/\/leger360.com\/wp-content\/uploads\/2024\/02\/shutterstock_739769911.jpg","articleSection":["In the news"],"inLanguage":"fr-CA"},{"@type":"WebPage","@id":"https:\/\/leger360.com\/fr\/employes-leger-recoivent-programme-de-partage-des-profits-2021\/","url":"https:\/\/leger360.com\/fr\/employes-leger-recoivent-programme-de-partage-des-profits-2021\/","name":"Les employ\u00e9.e.s de L\u00e9ger re\u00e7oivent une prime gr\u00e2ce au programme de partage des profits (PPP) en 2021 - Leger","isPartOf":{"@id":"https:\/\/leger360.com\/fr\/#website"},"primaryImageOfPage":{"@id":"https:\/\/leger360.com\/fr\/employes-leger-recoivent-programme-de-partage-des-profits-2021\/#primaryimage"},"image":{"@id":"https:\/\/leger360.com\/fr\/employes-leger-recoivent-programme-de-partage-des-profits-2021\/#primaryimage"},"thumbnailUrl":"https:\/\/leger360.com\/wp-content\/uploads\/2024\/02\/shutterstock_739769911.jpg","datePublished":"2021-09-10T13:11:08+00:00","breadcrumb":{"@id":"https:\/\/leger360.com\/fr\/employes-leger-recoivent-programme-de-partage-des-profits-2021\/#breadcrumb"},"inLanguage":"fr-CA","potentialAction":[{"@type":"ReadAction","target":["https:\/\/leger360.com\/fr\/employes-leger-recoivent-programme-de-partage-des-profits-2021\/"]}]},{"@type":"ImageObject","inLanguage":"fr-CA","@id":"https:\/\/leger360.com\/fr\/employes-leger-recoivent-programme-de-partage-des-profits-2021\/#primaryimage","url":"https:\/\/leger360.com\/wp-content\/uploads\/2024\/02\/shutterstock_739769911.jpg","contentUrl":"https:\/\/leger360.com\/wp-content\/uploads\/2024\/02\/shutterstock_739769911.jpg","width":1000,"height":428},{"@type":"BreadcrumbList","@id":"https:\/\/leger360.com\/fr\/employes-leger-recoivent-programme-de-partage-des-profits-2021\/#breadcrumb","itemListElement":[{"@type":"ListItem","position":1,"name":"Home","item":"https:\/\/leger360.com\/fr\/"},{"@type":"ListItem","position":2,"name":"Les employ\u00e9.e.s de L\u00e9ger re\u00e7oivent une prime gr\u00e2ce au programme de partage des profits (PPP) en 2021"}]},{"@type":"WebSite","@id":"https:\/\/leger360.com\/fr\/#website","url":"https:\/\/leger360.com\/fr\/","name":"Leger","description":"Market Research | Data Analytics","publisher":{"@id":"https:\/\/leger360.com\/fr\/#organization"},"potentialAction":[{"@type":"SearchAction","target":{"@type":"EntryPoint","urlTemplate":"https:\/\/leger360.com\/fr\/?s={search_term_string}"},"query-input":{"@type":"PropertyValueSpecification","valueRequired":true,"valueName":"search_term_string"}}],"inLanguage":"fr-CA"},{"@type":"Organization","@id":"https:\/\/leger360.com\/fr\/#organization","name":"Leger","url":"https:\/\/leger360.com\/fr\/","logo":{"@type":"ImageObject","inLanguage":"fr-CA","@id":"https:\/\/leger360.com\/fr\/#\/schema\/logo\/image\/","url":"https:\/\/leger360.com\/wp-content\/uploads\/2024\/04\/2022-Logo-Leger-Blackred-g.png","contentUrl":"https:\/\/leger360.com\/wp-content\/uploads\/2024\/04\/2022-Logo-Leger-Blackred-g.png","width":1195,"height":686,"caption":"Leger"},"image":{"@id":"https:\/\/leger360.com\/fr\/#\/schema\/logo\/image\/"},"sameAs":["https:\/\/www.facebook.com\/leger360\/","https:\/\/x.com\/leger360","https:\/\/www.linkedin.com\/company\/leger360\/"],"description":"Leger is one of North America\u2019s fastest-growing market research companies, known for our forward-thinking experts and innovative approaches powered by artificial intelligence (AI) technologies."},{"@type":"Person","@id":"https:\/\/leger360.com\/fr\/#\/schema\/person\/34dfccb7aa46dcd4085221008ca51ac9","name":"Jason Anthony","image":{"@type":"ImageObject","inLanguage":"fr-CA","@id":"https:\/\/secure.gravatar.com\/avatar\/b8d3134f69c631184566a5436407f9384b5e28c50ff3915e13c50c0c730b64f8?s=96&d=mm&r=g","url":"https:\/\/secure.gravatar.com\/avatar\/b8d3134f69c631184566a5436407f9384b5e28c50ff3915e13c50c0c730b64f8?s=96&d=mm&r=g","contentUrl":"https:\/\/secure.gravatar.com\/avatar\/b8d3134f69c631184566a5436407f9384b5e28c50ff3915e13c50c0c730b64f8?s=96&d=mm&r=g","caption":"Jason Anthony"}}]}},"_links":{"self":[{"href":"https:\/\/leger360.com\/fr\/wp-json\/wp\/v2\/posts\/15776","targetHints":{"allow":["GET"]}}],"collection":[{"href":"https:\/\/leger360.com\/fr\/wp-json\/wp\/v2\/posts"}],"about":[{"href":"https:\/\/leger360.com\/fr\/wp-json\/wp\/v2\/types\/post"}],"author":[{"embeddable":true,"href":"https:\/\/leger360.com\/fr\/wp-json\/wp\/v2\/users\/2"}],"replies":[{"embeddable":true,"href":"https:\/\/leger360.com\/fr\/wp-json\/wp\/v2\/comments?post=15776"}],"version-history":[{"count":0,"href":"https:\/\/leger360.com\/fr\/wp-json\/wp\/v2\/posts\/15776\/revisions"}],"wp:featuredmedia":[{"embeddable":true,"href":"https:\/\/leger360.com\/fr\/wp-json\/wp\/v2\/media\/10073"}],"wp:attachment":[{"href":"https:\/\/leger360.com\/fr\/wp-json\/wp\/v2\/media?parent=15776"}],"wp:term":[{"taxonomy":"category","embeddable":true,"href":"https:\/\/leger360.com\/fr\/wp-json\/wp\/v2\/categories?post=15776"},{"taxonomy":"post_tag","embeddable":true,"href":"https:\/\/leger360.com\/fr\/wp-json\/wp\/v2\/tags?post=15776"},{"taxonomy":"post_language_cat","embeddable":true,"href":"https:\/\/leger360.com\/fr\/wp-json\/wp\/v2\/post_language_cat?post=15776"}],"curies":[{"name":"wp","href":"https:\/\/api.w.org\/{rel}","templated":true}]}}