{"id":15777,"date":"2021-09-13T14:35:40","date_gmt":"2021-09-13T14:35:40","guid":{"rendered":"https:\/\/leger360.com\/le-barometre-des-priorites-electorales-des-canadiens\/"},"modified":"2021-09-13T14:35:40","modified_gmt":"2021-09-13T14:35:40","slug":"le-barometre-des-priorites-electorales-des-canadiens","status":"publish","type":"post","link":"https:\/\/leger360.com\/fr\/le-barometre-des-priorites-electorales-des-canadiens\/","title":{"rendered":"Le barom\u00e8tre des priorit\u00e9s \u00e9lectorales des Canadiens"},"content":{"rendered":"\n<p id=\"block-ad992f2d-d7b6-4191-a0be-abf0020efcbc\">Chaque semaine,\u00a0<em>Le Journal<\/em> <em>de Montr\u00e9al<\/em>, en collaboration avec la firme de sondage L\u00e9ger, d\u00e9voile un coup de sonde sur une vari\u00e9t\u00e9 de sujets qui touchent les Qu\u00e9b\u00e9cois de pr\u00e8s ou de loin. Notre Barom\u00e8tre mesure ainsi ce qui les fait vibrer ou sourciller en tant que Qu\u00e9b\u00e9coise et Qu\u00e9b\u00e9cois, jeune et moins jeune, francophone, anglophone ou allophone, \u00e0 Montr\u00e9al ou en r\u00e9gion.<\/p>\n\n\n\n<h2 class=\"wp-block-heading\" id=\"block-c083cf07-3d9d-40fd-8dec-c92114d675fc\"><a href=\"https:\/\/www.journaldemontreal.com\/2021\/09\/13\/barometre-les-priorites-electorales-des-canadiens\" target=\"_blank\" rel=\"noreferrer noopener\">D\u00e9couvrez quelle devrait \u00eatre la priorit\u00e9 du prochain gouvernement selon les Canadiens en cliquant ICI.<\/a><\/h2>\n\n\n\n<h3 class=\"wp-block-heading\" id=\"block-8bf4fa6c-1ab7-4b86-bcb3-9a9d05c2634a\">M\u00c9THODOLOGIE DU SONDAGE\u00a0<\/h3>\n\n\n\n<p>L\u00e9ger a utilis\u00e9 la m\u00e9thode scientifique MaxDiff (Maximum Difference Scaling) permettant de classer les priorit\u00e9s des \u00e9lecteurs et leur influence r\u00e9elle sur leur vote. Ce sondage a \u00e9t\u00e9 r\u00e9alis\u00e9 aupr\u00e8s de 2 005 Canadiennes et Canadiens recrut\u00e9s \u00e0 partir du panel LEO (L\u00e9ger Opinion) du 27 au 30 ao\u00fbt 2021.<\/p>\n","protected":false},"excerpt":{"rendered":"<p>Chaque semaine,\u00a0Le Journal de Montr\u00e9al, en collaboration avec la firme de sondage L\u00e9ger, d\u00e9voile un coup de sonde sur une vari\u00e9t\u00e9 de sujets qui touchent les Qu\u00e9b\u00e9cois de pr\u00e8s ou de loin. Notre Barom\u00e8tre mesure ainsi ce qui les fait vibrer ou sourciller en tant que Qu\u00e9b\u00e9coise et Qu\u00e9b\u00e9cois, jeune et moins jeune, francophone, anglophone [&hellip;]<\/p>\n","protected":false},"author":2,"featured_media":15778,"comment_status":"closed","ping_status":"closed","sticky":false,"template":"","format":"standard","meta":{"_acf_changed":false,"_et_pb_use_builder":"","_et_pb_old_content":"","_et_gb_content_width":"","content-type":"","inline_featured_image":false,"footnotes":""},"categories":[35],"tags":[],"post_language_cat":[42],"class_list":["post-15777","post","type-post","status-publish","format-standard","has-post-thumbnail","hentry","category-in-the-news","post_language_cat-fr-in-the-news"],"acf":[],"yoast_head":"<!-- This site is optimized with the Yoast SEO Premium plugin v27.5 (Yoast SEO v27.5) - https:\/\/yoast.com\/product\/yoast-seo-premium-wordpress\/ -->\n<title>Le barom\u00e8tre des priorit\u00e9s \u00e9lectorales des Canadiens - Leger<\/title>\n<meta name=\"robots\" content=\"index, follow, max-snippet:-1, max-image-preview:large, max-video-preview:-1\" \/>\n<link rel=\"canonical\" href=\"https:\/\/leger360.com\/fr\/le-barometre-des-priorites-electorales-des-canadiens\/\" \/>\n<meta property=\"og:locale\" content=\"fr_CA\" \/>\n<meta property=\"og:type\" content=\"article\" \/>\n<meta property=\"og:title\" content=\"Le barom\u00e8tre des priorit\u00e9s \u00e9lectorales des Canadiens\" \/>\n<meta property=\"og:description\" content=\"Chaque semaine,\u00a0Le Journal de Montr\u00e9al, en collaboration avec la firme de sondage L\u00e9ger, d\u00e9voile un coup de sonde sur une vari\u00e9t\u00e9 de sujets qui touchent les Qu\u00e9b\u00e9cois de pr\u00e8s ou de loin. Notre Barom\u00e8tre mesure ainsi ce qui les fait vibrer ou sourciller en tant que Qu\u00e9b\u00e9coise et Qu\u00e9b\u00e9cois, jeune et moins jeune, francophone, anglophone [&hellip;]\" \/>\n<meta property=\"og:url\" content=\"https:\/\/leger360.com\/fr\/le-barometre-des-priorites-electorales-des-canadiens\/\" \/>\n<meta property=\"og:site_name\" content=\"Leger\" \/>\n<meta property=\"article:publisher\" content=\"https:\/\/www.facebook.com\/leger360\/\" \/>\n<meta property=\"article:published_time\" content=\"2021-09-13T14:35:40+00:00\" \/>\n<meta property=\"og:image\" content=\"https:\/\/leger360.com\/wp-content\/uploads\/2024\/02\/Header_JDM_3.jpg\" \/>\n\t<meta property=\"og:image:width\" content=\"1200\" \/>\n\t<meta property=\"og:image:height\" content=\"750\" \/>\n\t<meta property=\"og:image:type\" content=\"image\/jpeg\" \/>\n<meta name=\"author\" content=\"Jason Anthony\" \/>\n<meta name=\"twitter:card\" content=\"summary_large_image\" \/>\n<meta name=\"twitter:creator\" content=\"@leger360\" \/>\n<meta name=\"twitter:site\" content=\"@leger360\" \/>\n<meta name=\"twitter:label1\" content=\"\u00c9crit par\" \/>\n\t<meta name=\"twitter:data1\" content=\"Jason Anthony\" \/>\n\t<meta name=\"twitter:label2\" content=\"Estimation du temps de lecture\" \/>\n\t<meta name=\"twitter:data2\" content=\"1 minute\" \/>\n<script type=\"application\/ld+json\" class=\"yoast-schema-graph\">{\"@context\":\"https:\\\/\\\/schema.org\",\"@graph\":[{\"@type\":\"Article\",\"@id\":\"https:\\\/\\\/leger360.com\\\/fr\\\/le-barometre-des-priorites-electorales-des-canadiens\\\/#article\",\"isPartOf\":{\"@id\":\"https:\\\/\\\/leger360.com\\\/fr\\\/le-barometre-des-priorites-electorales-des-canadiens\\\/\"},\"author\":{\"name\":\"Jason Anthony\",\"@id\":\"https:\\\/\\\/leger360.com\\\/fr\\\/#\\\/schema\\\/person\\\/34dfccb7aa46dcd4085221008ca51ac9\"},\"headline\":\"Le barom\u00e8tre des priorit\u00e9s \u00e9lectorales des Canadiens\",\"datePublished\":\"2021-09-13T14:35:40+00:00\",\"mainEntityOfPage\":{\"@id\":\"https:\\\/\\\/leger360.com\\\/fr\\\/le-barometre-des-priorites-electorales-des-canadiens\\\/\"},\"wordCount\":158,\"publisher\":{\"@id\":\"https:\\\/\\\/leger360.com\\\/fr\\\/#organization\"},\"image\":{\"@id\":\"https:\\\/\\\/leger360.com\\\/fr\\\/le-barometre-des-priorites-electorales-des-canadiens\\\/#primaryimage\"},\"thumbnailUrl\":\"https:\\\/\\\/leger360.com\\\/wp-content\\\/uploads\\\/2024\\\/02\\\/Header_JDM_3.jpg\",\"articleSection\":[\"In the news\"],\"inLanguage\":\"fr-CA\"},{\"@type\":\"WebPage\",\"@id\":\"https:\\\/\\\/leger360.com\\\/fr\\\/le-barometre-des-priorites-electorales-des-canadiens\\\/\",\"url\":\"https:\\\/\\\/leger360.com\\\/fr\\\/le-barometre-des-priorites-electorales-des-canadiens\\\/\",\"name\":\"Le barom\u00e8tre des priorit\u00e9s \u00e9lectorales des Canadiens - Leger\",\"isPartOf\":{\"@id\":\"https:\\\/\\\/leger360.com\\\/fr\\\/#website\"},\"primaryImageOfPage\":{\"@id\":\"https:\\\/\\\/leger360.com\\\/fr\\\/le-barometre-des-priorites-electorales-des-canadiens\\\/#primaryimage\"},\"image\":{\"@id\":\"https:\\\/\\\/leger360.com\\\/fr\\\/le-barometre-des-priorites-electorales-des-canadiens\\\/#primaryimage\"},\"thumbnailUrl\":\"https:\\\/\\\/leger360.com\\\/wp-content\\\/uploads\\\/2024\\\/02\\\/Header_JDM_3.jpg\",\"datePublished\":\"2021-09-13T14:35:40+00:00\",\"breadcrumb\":{\"@id\":\"https:\\\/\\\/leger360.com\\\/fr\\\/le-barometre-des-priorites-electorales-des-canadiens\\\/#breadcrumb\"},\"inLanguage\":\"fr-CA\",\"potentialAction\":[{\"@type\":\"ReadAction\",\"target\":[\"https:\\\/\\\/leger360.com\\\/fr\\\/le-barometre-des-priorites-electorales-des-canadiens\\\/\"]}]},{\"@type\":\"ImageObject\",\"inLanguage\":\"fr-CA\",\"@id\":\"https:\\\/\\\/leger360.com\\\/fr\\\/le-barometre-des-priorites-electorales-des-canadiens\\\/#primaryimage\",\"url\":\"https:\\\/\\\/leger360.com\\\/wp-content\\\/uploads\\\/2024\\\/02\\\/Header_JDM_3.jpg\",\"contentUrl\":\"https:\\\/\\\/leger360.com\\\/wp-content\\\/uploads\\\/2024\\\/02\\\/Header_JDM_3.jpg\",\"width\":1200,\"height\":750},{\"@type\":\"BreadcrumbList\",\"@id\":\"https:\\\/\\\/leger360.com\\\/fr\\\/le-barometre-des-priorites-electorales-des-canadiens\\\/#breadcrumb\",\"itemListElement\":[{\"@type\":\"ListItem\",\"position\":1,\"name\":\"Home\",\"item\":\"https:\\\/\\\/leger360.com\\\/fr\\\/\"},{\"@type\":\"ListItem\",\"position\":2,\"name\":\"Le barom\u00e8tre des priorit\u00e9s \u00e9lectorales des Canadiens\"}]},{\"@type\":\"WebSite\",\"@id\":\"https:\\\/\\\/leger360.com\\\/fr\\\/#website\",\"url\":\"https:\\\/\\\/leger360.com\\\/fr\\\/\",\"name\":\"Leger\",\"description\":\"Market Research | Data Analytics\",\"publisher\":{\"@id\":\"https:\\\/\\\/leger360.com\\\/fr\\\/#organization\"},\"potentialAction\":[{\"@type\":\"SearchAction\",\"target\":{\"@type\":\"EntryPoint\",\"urlTemplate\":\"https:\\\/\\\/leger360.com\\\/fr\\\/?s={search_term_string}\"},\"query-input\":{\"@type\":\"PropertyValueSpecification\",\"valueRequired\":true,\"valueName\":\"search_term_string\"}}],\"inLanguage\":\"fr-CA\"},{\"@type\":\"Organization\",\"@id\":\"https:\\\/\\\/leger360.com\\\/fr\\\/#organization\",\"name\":\"Leger\",\"url\":\"https:\\\/\\\/leger360.com\\\/fr\\\/\",\"logo\":{\"@type\":\"ImageObject\",\"inLanguage\":\"fr-CA\",\"@id\":\"https:\\\/\\\/leger360.com\\\/fr\\\/#\\\/schema\\\/logo\\\/image\\\/\",\"url\":\"https:\\\/\\\/leger360.com\\\/wp-content\\\/uploads\\\/2024\\\/04\\\/2022-Logo-Leger-Blackred-g.png\",\"contentUrl\":\"https:\\\/\\\/leger360.com\\\/wp-content\\\/uploads\\\/2024\\\/04\\\/2022-Logo-Leger-Blackred-g.png\",\"width\":1195,\"height\":686,\"caption\":\"Leger\"},\"image\":{\"@id\":\"https:\\\/\\\/leger360.com\\\/fr\\\/#\\\/schema\\\/logo\\\/image\\\/\"},\"sameAs\":[\"https:\\\/\\\/www.facebook.com\\\/leger360\\\/\",\"https:\\\/\\\/x.com\\\/leger360\",\"https:\\\/\\\/www.linkedin.com\\\/company\\\/leger360\\\/\"],\"description\":\"Leger is one of North America\u2019s fastest-growing market research companies, known for our forward-thinking experts and innovative approaches powered by artificial intelligence (AI) technologies.\"},{\"@type\":\"Person\",\"@id\":\"https:\\\/\\\/leger360.com\\\/fr\\\/#\\\/schema\\\/person\\\/34dfccb7aa46dcd4085221008ca51ac9\",\"name\":\"Jason Anthony\",\"image\":{\"@type\":\"ImageObject\",\"inLanguage\":\"fr-CA\",\"@id\":\"https:\\\/\\\/secure.gravatar.com\\\/avatar\\\/b8d3134f69c631184566a5436407f9384b5e28c50ff3915e13c50c0c730b64f8?s=96&d=mm&r=g\",\"url\":\"https:\\\/\\\/secure.gravatar.com\\\/avatar\\\/b8d3134f69c631184566a5436407f9384b5e28c50ff3915e13c50c0c730b64f8?s=96&d=mm&r=g\",\"contentUrl\":\"https:\\\/\\\/secure.gravatar.com\\\/avatar\\\/b8d3134f69c631184566a5436407f9384b5e28c50ff3915e13c50c0c730b64f8?s=96&d=mm&r=g\",\"caption\":\"Jason Anthony\"}}]}<\/script>\n<!-- \/ Yoast SEO Premium plugin. -->","yoast_head_json":{"title":"Le barom\u00e8tre des priorit\u00e9s \u00e9lectorales des Canadiens - Leger","robots":{"index":"index","follow":"follow","max-snippet":"max-snippet:-1","max-image-preview":"max-image-preview:large","max-video-preview":"max-video-preview:-1"},"canonical":"https:\/\/leger360.com\/fr\/le-barometre-des-priorites-electorales-des-canadiens\/","og_locale":"fr_CA","og_type":"article","og_title":"Le barom\u00e8tre des priorit\u00e9s \u00e9lectorales des Canadiens","og_description":"Chaque semaine,\u00a0Le Journal de Montr\u00e9al, en collaboration avec la firme de sondage L\u00e9ger, d\u00e9voile un coup de sonde sur une vari\u00e9t\u00e9 de sujets qui touchent les Qu\u00e9b\u00e9cois de pr\u00e8s ou de loin. Notre Barom\u00e8tre mesure ainsi ce qui les fait vibrer ou sourciller en tant que Qu\u00e9b\u00e9coise et Qu\u00e9b\u00e9cois, jeune et moins jeune, francophone, anglophone [&hellip;]","og_url":"https:\/\/leger360.com\/fr\/le-barometre-des-priorites-electorales-des-canadiens\/","og_site_name":"Leger","article_publisher":"https:\/\/www.facebook.com\/leger360\/","article_published_time":"2021-09-13T14:35:40+00:00","og_image":[{"width":1200,"height":750,"url":"https:\/\/leger360.com\/wp-content\/uploads\/2024\/02\/Header_JDM_3.jpg","type":"image\/jpeg"}],"author":"Jason Anthony","twitter_card":"summary_large_image","twitter_creator":"@leger360","twitter_site":"@leger360","twitter_misc":{"\u00c9crit par":"Jason Anthony","Estimation du temps de lecture":"1 minute"},"schema":{"@context":"https:\/\/schema.org","@graph":[{"@type":"Article","@id":"https:\/\/leger360.com\/fr\/le-barometre-des-priorites-electorales-des-canadiens\/#article","isPartOf":{"@id":"https:\/\/leger360.com\/fr\/le-barometre-des-priorites-electorales-des-canadiens\/"},"author":{"name":"Jason Anthony","@id":"https:\/\/leger360.com\/fr\/#\/schema\/person\/34dfccb7aa46dcd4085221008ca51ac9"},"headline":"Le barom\u00e8tre des priorit\u00e9s \u00e9lectorales des Canadiens","datePublished":"2021-09-13T14:35:40+00:00","mainEntityOfPage":{"@id":"https:\/\/leger360.com\/fr\/le-barometre-des-priorites-electorales-des-canadiens\/"},"wordCount":158,"publisher":{"@id":"https:\/\/leger360.com\/fr\/#organization"},"image":{"@id":"https:\/\/leger360.com\/fr\/le-barometre-des-priorites-electorales-des-canadiens\/#primaryimage"},"thumbnailUrl":"https:\/\/leger360.com\/wp-content\/uploads\/2024\/02\/Header_JDM_3.jpg","articleSection":["In the news"],"inLanguage":"fr-CA"},{"@type":"WebPage","@id":"https:\/\/leger360.com\/fr\/le-barometre-des-priorites-electorales-des-canadiens\/","url":"https:\/\/leger360.com\/fr\/le-barometre-des-priorites-electorales-des-canadiens\/","name":"Le barom\u00e8tre des priorit\u00e9s \u00e9lectorales des Canadiens - Leger","isPartOf":{"@id":"https:\/\/leger360.com\/fr\/#website"},"primaryImageOfPage":{"@id":"https:\/\/leger360.com\/fr\/le-barometre-des-priorites-electorales-des-canadiens\/#primaryimage"},"image":{"@id":"https:\/\/leger360.com\/fr\/le-barometre-des-priorites-electorales-des-canadiens\/#primaryimage"},"thumbnailUrl":"https:\/\/leger360.com\/wp-content\/uploads\/2024\/02\/Header_JDM_3.jpg","datePublished":"2021-09-13T14:35:40+00:00","breadcrumb":{"@id":"https:\/\/leger360.com\/fr\/le-barometre-des-priorites-electorales-des-canadiens\/#breadcrumb"},"inLanguage":"fr-CA","potentialAction":[{"@type":"ReadAction","target":["https:\/\/leger360.com\/fr\/le-barometre-des-priorites-electorales-des-canadiens\/"]}]},{"@type":"ImageObject","inLanguage":"fr-CA","@id":"https:\/\/leger360.com\/fr\/le-barometre-des-priorites-electorales-des-canadiens\/#primaryimage","url":"https:\/\/leger360.com\/wp-content\/uploads\/2024\/02\/Header_JDM_3.jpg","contentUrl":"https:\/\/leger360.com\/wp-content\/uploads\/2024\/02\/Header_JDM_3.jpg","width":1200,"height":750},{"@type":"BreadcrumbList","@id":"https:\/\/leger360.com\/fr\/le-barometre-des-priorites-electorales-des-canadiens\/#breadcrumb","itemListElement":[{"@type":"ListItem","position":1,"name":"Home","item":"https:\/\/leger360.com\/fr\/"},{"@type":"ListItem","position":2,"name":"Le barom\u00e8tre des priorit\u00e9s \u00e9lectorales des Canadiens"}]},{"@type":"WebSite","@id":"https:\/\/leger360.com\/fr\/#website","url":"https:\/\/leger360.com\/fr\/","name":"Leger","description":"Market Research | Data Analytics","publisher":{"@id":"https:\/\/leger360.com\/fr\/#organization"},"potentialAction":[{"@type":"SearchAction","target":{"@type":"EntryPoint","urlTemplate":"https:\/\/leger360.com\/fr\/?s={search_term_string}"},"query-input":{"@type":"PropertyValueSpecification","valueRequired":true,"valueName":"search_term_string"}}],"inLanguage":"fr-CA"},{"@type":"Organization","@id":"https:\/\/leger360.com\/fr\/#organization","name":"Leger","url":"https:\/\/leger360.com\/fr\/","logo":{"@type":"ImageObject","inLanguage":"fr-CA","@id":"https:\/\/leger360.com\/fr\/#\/schema\/logo\/image\/","url":"https:\/\/leger360.com\/wp-content\/uploads\/2024\/04\/2022-Logo-Leger-Blackred-g.png","contentUrl":"https:\/\/leger360.com\/wp-content\/uploads\/2024\/04\/2022-Logo-Leger-Blackred-g.png","width":1195,"height":686,"caption":"Leger"},"image":{"@id":"https:\/\/leger360.com\/fr\/#\/schema\/logo\/image\/"},"sameAs":["https:\/\/www.facebook.com\/leger360\/","https:\/\/x.com\/leger360","https:\/\/www.linkedin.com\/company\/leger360\/"],"description":"Leger is one of North America\u2019s fastest-growing market research companies, known for our forward-thinking experts and innovative approaches powered by artificial intelligence (AI) technologies."},{"@type":"Person","@id":"https:\/\/leger360.com\/fr\/#\/schema\/person\/34dfccb7aa46dcd4085221008ca51ac9","name":"Jason Anthony","image":{"@type":"ImageObject","inLanguage":"fr-CA","@id":"https:\/\/secure.gravatar.com\/avatar\/b8d3134f69c631184566a5436407f9384b5e28c50ff3915e13c50c0c730b64f8?s=96&d=mm&r=g","url":"https:\/\/secure.gravatar.com\/avatar\/b8d3134f69c631184566a5436407f9384b5e28c50ff3915e13c50c0c730b64f8?s=96&d=mm&r=g","contentUrl":"https:\/\/secure.gravatar.com\/avatar\/b8d3134f69c631184566a5436407f9384b5e28c50ff3915e13c50c0c730b64f8?s=96&d=mm&r=g","caption":"Jason Anthony"}}]}},"_links":{"self":[{"href":"https:\/\/leger360.com\/fr\/wp-json\/wp\/v2\/posts\/15777","targetHints":{"allow":["GET"]}}],"collection":[{"href":"https:\/\/leger360.com\/fr\/wp-json\/wp\/v2\/posts"}],"about":[{"href":"https:\/\/leger360.com\/fr\/wp-json\/wp\/v2\/types\/post"}],"author":[{"embeddable":true,"href":"https:\/\/leger360.com\/fr\/wp-json\/wp\/v2\/users\/2"}],"replies":[{"embeddable":true,"href":"https:\/\/leger360.com\/fr\/wp-json\/wp\/v2\/comments?post=15777"}],"version-history":[{"count":0,"href":"https:\/\/leger360.com\/fr\/wp-json\/wp\/v2\/posts\/15777\/revisions"}],"wp:featuredmedia":[{"embeddable":true,"href":"https:\/\/leger360.com\/fr\/wp-json\/wp\/v2\/media\/15778"}],"wp:attachment":[{"href":"https:\/\/leger360.com\/fr\/wp-json\/wp\/v2\/media?parent=15777"}],"wp:term":[{"taxonomy":"category","embeddable":true,"href":"https:\/\/leger360.com\/fr\/wp-json\/wp\/v2\/categories?post=15777"},{"taxonomy":"post_tag","embeddable":true,"href":"https:\/\/leger360.com\/fr\/wp-json\/wp\/v2\/tags?post=15777"},{"taxonomy":"post_language_cat","embeddable":true,"href":"https:\/\/leger360.com\/fr\/wp-json\/wp\/v2\/post_language_cat?post=15777"}],"curies":[{"name":"wp","href":"https:\/\/api.w.org\/{rel}","templated":true}]}}