{"id":15781,"date":"2021-09-14T10:00:00","date_gmt":"2021-09-14T10:00:00","guid":{"rendered":"https:\/\/leger360.com\/tracker-nord-americain-de-leger-14-septembre-2021\/"},"modified":"2024-02-09T09:41:44","modified_gmt":"2024-02-09T09:41:44","slug":"tracker-nord-americain-de-leger-14-septembre-2021","status":"publish","type":"post","link":"https:\/\/leger360.com\/fr\/tracker-nord-americain-de-leger-14-septembre-2021\/","title":{"rendered":"Les \u00e9lections f\u00e9d\u00e9rales 2021 : Trudeau et O\u2019Toole sont ex aequo \u2013 14 septembre 2021"},"content":{"rendered":"\n<h3 class=\"wp-block-heading\">Il reste moins d\u2019une semaine avant le jour des \u00e9lections.<\/h3>\n\n\n\n<p>Nous avons demand\u00e9 aux Canadiens pour quel parti ils ont l&rsquo;intention de voter (ou ont d\u00e9j\u00e0 vot\u00e9), quel parti formera selon eux le prochain gouvernement, et plus encore.<\/p>\n\n\n\n<p id=\"block-30c68cc5-377e-48fb-bbac-4f0864441f1f\">Nous sommes fiers d&rsquo;avoir pr\u00e9sent\u00e9 les r\u00e9sultats les plus pr\u00e9cis lors des \u00e9lections f\u00e9d\u00e9rales canadiennes de 2019, des \u00e9lections provinciales en Colombie-Britannique de 2020 et des \u00e9lections provinciales au Nouveau-Brunswick de 2020.<\/p>\n\n\n\n<p id=\"block-cab2ee14-0d15-4c4b-8800-502bf2321d7a\">Nous sommes ravis de vous fournir des donn\u00e9es pertinentes sur ce moment important pour le Canada.<\/p>\n\n\n\n<p id=\"block-38284c4d-a81b-4cdd-a1af-34ac9a0b0797\">Vous aimeriez recevoir nos sondages en exclusivit\u00e9?\u00a0<a href=\"https:\/\/leger360.com\/fr\/infolettre\/\">Abonnez-vous \u00e0 notre infolettre<\/a>.<\/p>\n\n\n\n<h3 class=\"wp-block-heading\" id=\"block-4a51e158-9e7e-4ac6-b985-028f390fdddf\">T\u00c9L\u00c9CHARGEZ LE\u00a0RAPPORT AU BAS DE L\u2019ARTICLE.<\/h3>\n\n\n\n<hr class=\"wp-block-separator has-css-opacity\"\/>\n\n\n\n<h3 class=\"wp-block-heading\">Intentions de vote f\u00e9d\u00e9rales<\/h3>\n\n\n\n<blockquote class=\"wp-block-quote is-layout-flow wp-block-quote-is-layout-flow\"><p>\u00ab Nos deux r\u00e9cents sondages des dix derniers jours ont montr\u00e9 que les lib\u00e9raux et les conservateurs sont \u00e0 \u00e9galit\u00e9. <strong>Cependant, l&rsquo;histoire ne s&rsquo;arr\u00eate pas l\u00e0.<\/strong> Le sondage d&rsquo;aujourd&rsquo;hui r\u00e9v\u00e8le que le PPC a gagn\u00e9 2 points et que le Parti Maverick est maintenant \u00e0 5% en Alberta, rongeant le soutien aux conservateurs. Le Bloc est en hausse de 3 points au Qu\u00e9bec apr\u00e8s les \u00e9v\u00e9nements du d\u00e9bat de jeudi dernier, ce qui laisse peu d&rsquo;espoir aux conservateurs au Qu\u00e9bec et menace le potentiel de gain de si\u00e8ges des lib\u00e9raux. Enfin, \u00e0 20%, le NPD glisse l\u00e9g\u00e8rement. Ce sondage est une preuve suppl\u00e9mentaire que lundi soir prochain sera probablement un match sans merci. \u00bb &#8211; Christian Bourque, vice-pr\u00e9sident ex\u00e9cutif<\/p><\/blockquote>\n\n\n\n<figure class=\"wp-block-image aligncenter size-large is-resized\"><img decoding=\"async\" src=\"https:\/\/leger360.com\/wp-content\/uploads\/2024\/02\/Intentions-de-vote_FR_2021-09-13-1024x1024.jpg\" alt=\"Trudeau et O\u2019Toole sont ex aequo dans les intentions de vote\" class=\"wp-image-32470\" width=\"600\" height=\"600\"\/><\/figure>\n\n\n\n<h3 class=\"wp-block-heading\" id=\"h-lections-f-d-rales-2021\">\u00c9lections f\u00e9d\u00e9rales 2021<\/h3>\n\n\n\n<ul class=\"wp-block-list\"><li>75% des \u00e9lecteurs canadiens d\u00e9cid\u00e9s disent que le parti pour lequel ils ont choisi de voter est leur <strong>choix d\u00e9finitif<\/strong>. 14% sont encore susceptibles de changer d&rsquo;avis, et 11% ne savent pas.<\/li><li>La proportion de Canadiens qui pensent que le Parti lib\u00e9ral du Canada formera le prochain gouvernement <strong>a tendance \u00e0 baisser<\/strong>.<\/li><\/ul>\n\n\n\n<figure class=\"wp-block-image aligncenter size-large is-resized\"><img decoding=\"async\" src=\"https:\/\/leger360.com\/wp-content\/uploads\/2024\/02\/PERCEPTIONS-DE-QUEL-PARTI-SERA-LE-PROCHAIN-GOUV_FR_2021-09-13-1024x1024.jpg\" alt=\"\u00c9volution des perceptions sur le parti qui formera le prochain gouvernement\" class=\"wp-image-32472\" width=\"600\" height=\"600\"\/><\/figure>\n\n\n\n<h3 class=\"wp-block-heading\" id=\"block-f6b7a73b-d5f8-499a-9279-62e60833c8e1\">M\u00c9THODOLOGIE DU SONDAGE\u00a0<\/h3>\n\n\n\n<p id=\"block-6bec9b26-9db6-4045-a7b0-5cb97c29411c\"><strong>Sondage web\u00a0<\/strong>r\u00e9alis\u00e9 du\u00a0<strong>10 au 13 septembre 2021<\/strong>\u00a0aupr\u00e8s de\u00a0<strong>2 001 Canadiens<\/strong>, \u00e2g\u00e9s de 18 ans ou plus, recrut\u00e9s al\u00e9atoirement \u00e0 partir du panel en ligne LEO.<\/p>\n\n\n\n<p id=\"block-0eece88d-17b3-44c8-a712-81032f5f2b6b\">Une marge d\u2019erreur ne peut pas \u00eatre associ\u00e9e \u00e0 un \u00e9chantillon non probabiliste dans le cadre d\u2019une enqu\u00eate par panel. \u00c0 des fins de comparaison, un \u00e9chantillon probabiliste de cette taille aurait\u00a0<strong>une marge d\u2019erreur de \u00b1 2,19%, et ce, 19 fois sur 20<\/strong>.<\/p>\n\n\n\n<h3 class=\"wp-block-heading\" id=\"block-e1f294c6-a9ac-452a-94d3-051268ce28c7\">CE\u00a0RAPPORT CONTIENT LES R\u00c9SULTATS AUX QUESTIONS SUIVANTES. T\u00c9L\u00c9CHARGEZ LE\u00a0RAPPORT CI-DESSOUS POUR LES R\u00c9SULTATS COMPLETS.\u00a0<\/h3>\n\n\n\n<ul class=\"wp-block-list\" id=\"block-c38217c6-a3e0-4fb6-8a36-2ea205885c6b\"><li>Si des \u00e9lections F\u00c9D\u00c9RALES avaient lieu aujourd\u2019hui, pour quel parti auriez-vous l\u2019intention de voter? <\/li><li>Est-ce que votre choix est d\u00e9finitif ou il est possible que vous changiez d\u2019id\u00e9e?<\/li><li>\u00cates-vous tr\u00e8s satisfait(e), plut\u00f4t satisfait(e), plut\u00f4t insatisfait(e) ou tr\u00e8s insatisfait(e) du gouvernement du Canada dirig\u00e9 par Justin Trudeau?<\/li><li>Selon vous, lequel des chefs de partis politiques f\u00e9d\u00e9raux ferait le meilleur premier ministre du Canada?<\/li><li>Qui, selon vous, gagnera les prochaines \u00e9lections f\u00e9d\u00e9rales et formera le prochain gouvernement?<\/li><\/ul>\n","protected":false},"excerpt":{"rendered":"<p>Il reste moins d\u2019une semaine avant le jour des \u00e9lections. Nous avons demand\u00e9 aux Canadiens pour quel parti ils ont l&rsquo;intention de voter (ou ont d\u00e9j\u00e0 vot\u00e9), quel parti formera selon eux le prochain gouvernement, et plus encore. Nous sommes fiers d&rsquo;avoir pr\u00e9sent\u00e9 les r\u00e9sultats les plus pr\u00e9cis lors des \u00e9lections f\u00e9d\u00e9rales canadiennes de 2019, [&hellip;]<\/p>\n","protected":false},"author":2,"featured_media":15707,"comment_status":"closed","ping_status":"closed","sticky":false,"template":"","format":"standard","meta":{"_acf_changed":false,"_et_pb_use_builder":"","_et_pb_old_content":"","_et_gb_content_width":"","content-type":"","inline_featured_image":false,"footnotes":""},"categories":[876],"tags":[62],"post_language_cat":[39],"class_list":["post-15781","post","type-post","status-publish","format-standard","has-post-thumbnail","hentry","category-expertise-de-marche","tag-elections-federales-2021","post_language_cat-fr-market-intelligence"],"acf":[],"yoast_head":"<!-- This site is optimized with the Yoast SEO Premium plugin v27.5 (Yoast SEO v27.5) - https:\/\/yoast.com\/product\/yoast-seo-premium-wordpress\/ -->\n<title>Les \u00e9lections f\u00e9d\u00e9rales 2021 : Trudeau et O\u2019Toole sont ex aequo \u2013 14 septembre 2021 - Leger<\/title>\n<meta name=\"robots\" content=\"index, follow, max-snippet:-1, max-image-preview:large, max-video-preview:-1\" \/>\n<link rel=\"canonical\" href=\"https:\/\/leger360.com\/fr\/tracker-nord-americain-de-leger-14-septembre-2021\/\" \/>\n<meta property=\"og:locale\" content=\"fr_CA\" \/>\n<meta property=\"og:type\" content=\"article\" \/>\n<meta property=\"og:title\" content=\"Les \u00e9lections f\u00e9d\u00e9rales 2021 : Trudeau et O\u2019Toole sont ex aequo \u2013 14 septembre 2021\" \/>\n<meta property=\"og:description\" content=\"Il reste moins d\u2019une semaine avant le jour des \u00e9lections. Nous avons demand\u00e9 aux Canadiens pour quel parti ils ont l&rsquo;intention de voter (ou ont d\u00e9j\u00e0 vot\u00e9), quel parti formera selon eux le prochain gouvernement, et plus encore. Nous sommes fiers d&rsquo;avoir pr\u00e9sent\u00e9 les r\u00e9sultats les plus pr\u00e9cis lors des \u00e9lections f\u00e9d\u00e9rales canadiennes de 2019, [&hellip;]\" \/>\n<meta property=\"og:url\" content=\"https:\/\/leger360.com\/fr\/tracker-nord-americain-de-leger-14-septembre-2021\/\" \/>\n<meta property=\"og:site_name\" content=\"Leger\" \/>\n<meta property=\"article:publisher\" content=\"https:\/\/www.facebook.com\/leger360\/\" \/>\n<meta property=\"article:published_time\" content=\"2021-09-14T10:00:00+00:00\" \/>\n<meta property=\"article:modified_time\" content=\"2024-02-09T09:41:44+00:00\" \/>\n<meta property=\"og:image\" content=\"https:\/\/leger360.com\/wp-content\/uploads\/2024\/02\/Feature-image_FR-Elections.jpg\" \/>\n\t<meta property=\"og:image:width\" content=\"1200\" \/>\n\t<meta property=\"og:image:height\" content=\"750\" \/>\n\t<meta property=\"og:image:type\" content=\"image\/jpeg\" \/>\n<meta name=\"author\" content=\"Jason Anthony\" \/>\n<meta name=\"twitter:card\" content=\"summary_large_image\" \/>\n<meta name=\"twitter:creator\" content=\"@leger360\" \/>\n<meta name=\"twitter:site\" content=\"@leger360\" \/>\n<meta name=\"twitter:label1\" content=\"\u00c9crit par\" \/>\n\t<meta name=\"twitter:data1\" content=\"Jason Anthony\" \/>\n\t<meta name=\"twitter:label2\" content=\"Estimation du temps de lecture\" \/>\n\t<meta name=\"twitter:data2\" content=\"2 minutes\" \/>\n<script type=\"application\/ld+json\" class=\"yoast-schema-graph\">{\"@context\":\"https:\\\/\\\/schema.org\",\"@graph\":[{\"@type\":\"Article\",\"@id\":\"https:\\\/\\\/leger360.com\\\/fr\\\/tracker-nord-americain-de-leger-14-septembre-2021\\\/#article\",\"isPartOf\":{\"@id\":\"https:\\\/\\\/leger360.com\\\/fr\\\/tracker-nord-americain-de-leger-14-septembre-2021\\\/\"},\"author\":{\"name\":\"Jason Anthony\",\"@id\":\"https:\\\/\\\/leger360.com\\\/fr\\\/#\\\/schema\\\/person\\\/34dfccb7aa46dcd4085221008ca51ac9\"},\"headline\":\"Les \u00e9lections f\u00e9d\u00e9rales 2021 : Trudeau et O\u2019Toole sont ex aequo \u2013 14 septembre 2021\",\"datePublished\":\"2021-09-14T10:00:00+00:00\",\"dateModified\":\"2024-02-09T09:41:44+00:00\",\"mainEntityOfPage\":{\"@id\":\"https:\\\/\\\/leger360.com\\\/fr\\\/tracker-nord-americain-de-leger-14-septembre-2021\\\/\"},\"wordCount\":509,\"publisher\":{\"@id\":\"https:\\\/\\\/leger360.com\\\/fr\\\/#organization\"},\"image\":{\"@id\":\"https:\\\/\\\/leger360.com\\\/fr\\\/tracker-nord-americain-de-leger-14-septembre-2021\\\/#primaryimage\"},\"thumbnailUrl\":\"https:\\\/\\\/leger360.com\\\/wp-content\\\/uploads\\\/2024\\\/02\\\/Feature-image_FR-Elections.jpg\",\"keywords\":[\"\u00c9lections f\u00e9d\u00e9rales 2021\"],\"articleSection\":[\"Expertise de march\u00e9\"],\"inLanguage\":\"fr-CA\"},{\"@type\":\"WebPage\",\"@id\":\"https:\\\/\\\/leger360.com\\\/fr\\\/tracker-nord-americain-de-leger-14-septembre-2021\\\/\",\"url\":\"https:\\\/\\\/leger360.com\\\/fr\\\/tracker-nord-americain-de-leger-14-septembre-2021\\\/\",\"name\":\"Les \u00e9lections f\u00e9d\u00e9rales 2021 : Trudeau et O\u2019Toole sont ex aequo \u2013 14 septembre 2021 - Leger\",\"isPartOf\":{\"@id\":\"https:\\\/\\\/leger360.com\\\/fr\\\/#website\"},\"primaryImageOfPage\":{\"@id\":\"https:\\\/\\\/leger360.com\\\/fr\\\/tracker-nord-americain-de-leger-14-septembre-2021\\\/#primaryimage\"},\"image\":{\"@id\":\"https:\\\/\\\/leger360.com\\\/fr\\\/tracker-nord-americain-de-leger-14-septembre-2021\\\/#primaryimage\"},\"thumbnailUrl\":\"https:\\\/\\\/leger360.com\\\/wp-content\\\/uploads\\\/2024\\\/02\\\/Feature-image_FR-Elections.jpg\",\"datePublished\":\"2021-09-14T10:00:00+00:00\",\"dateModified\":\"2024-02-09T09:41:44+00:00\",\"breadcrumb\":{\"@id\":\"https:\\\/\\\/leger360.com\\\/fr\\\/tracker-nord-americain-de-leger-14-septembre-2021\\\/#breadcrumb\"},\"inLanguage\":\"fr-CA\",\"potentialAction\":[{\"@type\":\"ReadAction\",\"target\":[\"https:\\\/\\\/leger360.com\\\/fr\\\/tracker-nord-americain-de-leger-14-septembre-2021\\\/\"]}]},{\"@type\":\"ImageObject\",\"inLanguage\":\"fr-CA\",\"@id\":\"https:\\\/\\\/leger360.com\\\/fr\\\/tracker-nord-americain-de-leger-14-septembre-2021\\\/#primaryimage\",\"url\":\"https:\\\/\\\/leger360.com\\\/wp-content\\\/uploads\\\/2024\\\/02\\\/Feature-image_FR-Elections.jpg\",\"contentUrl\":\"https:\\\/\\\/leger360.com\\\/wp-content\\\/uploads\\\/2024\\\/02\\\/Feature-image_FR-Elections.jpg\",\"width\":1200,\"height\":750},{\"@type\":\"BreadcrumbList\",\"@id\":\"https:\\\/\\\/leger360.com\\\/fr\\\/tracker-nord-americain-de-leger-14-septembre-2021\\\/#breadcrumb\",\"itemListElement\":[{\"@type\":\"ListItem\",\"position\":1,\"name\":\"Home\",\"item\":\"https:\\\/\\\/leger360.com\\\/fr\\\/\"},{\"@type\":\"ListItem\",\"position\":2,\"name\":\"Les \u00e9lections f\u00e9d\u00e9rales 2021 : Trudeau et O\u2019Toole sont ex aequo \u2013 14 septembre 2021\"}]},{\"@type\":\"WebSite\",\"@id\":\"https:\\\/\\\/leger360.com\\\/fr\\\/#website\",\"url\":\"https:\\\/\\\/leger360.com\\\/fr\\\/\",\"name\":\"Leger\",\"description\":\"Market Research | Data Analytics\",\"publisher\":{\"@id\":\"https:\\\/\\\/leger360.com\\\/fr\\\/#organization\"},\"potentialAction\":[{\"@type\":\"SearchAction\",\"target\":{\"@type\":\"EntryPoint\",\"urlTemplate\":\"https:\\\/\\\/leger360.com\\\/fr\\\/?s={search_term_string}\"},\"query-input\":{\"@type\":\"PropertyValueSpecification\",\"valueRequired\":true,\"valueName\":\"search_term_string\"}}],\"inLanguage\":\"fr-CA\"},{\"@type\":\"Organization\",\"@id\":\"https:\\\/\\\/leger360.com\\\/fr\\\/#organization\",\"name\":\"Leger\",\"url\":\"https:\\\/\\\/leger360.com\\\/fr\\\/\",\"logo\":{\"@type\":\"ImageObject\",\"inLanguage\":\"fr-CA\",\"@id\":\"https:\\\/\\\/leger360.com\\\/fr\\\/#\\\/schema\\\/logo\\\/image\\\/\",\"url\":\"https:\\\/\\\/leger360.com\\\/wp-content\\\/uploads\\\/2024\\\/04\\\/2022-Logo-Leger-Blackred-g.png\",\"contentUrl\":\"https:\\\/\\\/leger360.com\\\/wp-content\\\/uploads\\\/2024\\\/04\\\/2022-Logo-Leger-Blackred-g.png\",\"width\":1195,\"height\":686,\"caption\":\"Leger\"},\"image\":{\"@id\":\"https:\\\/\\\/leger360.com\\\/fr\\\/#\\\/schema\\\/logo\\\/image\\\/\"},\"sameAs\":[\"https:\\\/\\\/www.facebook.com\\\/leger360\\\/\",\"https:\\\/\\\/x.com\\\/leger360\",\"https:\\\/\\\/www.linkedin.com\\\/company\\\/leger360\\\/\"],\"description\":\"Leger is one of North America\u2019s fastest-growing market research companies, known for our forward-thinking experts and innovative approaches powered by artificial intelligence (AI) technologies.\"},{\"@type\":\"Person\",\"@id\":\"https:\\\/\\\/leger360.com\\\/fr\\\/#\\\/schema\\\/person\\\/34dfccb7aa46dcd4085221008ca51ac9\",\"name\":\"Jason Anthony\",\"image\":{\"@type\":\"ImageObject\",\"inLanguage\":\"fr-CA\",\"@id\":\"https:\\\/\\\/secure.gravatar.com\\\/avatar\\\/b8d3134f69c631184566a5436407f9384b5e28c50ff3915e13c50c0c730b64f8?s=96&d=mm&r=g\",\"url\":\"https:\\\/\\\/secure.gravatar.com\\\/avatar\\\/b8d3134f69c631184566a5436407f9384b5e28c50ff3915e13c50c0c730b64f8?s=96&d=mm&r=g\",\"contentUrl\":\"https:\\\/\\\/secure.gravatar.com\\\/avatar\\\/b8d3134f69c631184566a5436407f9384b5e28c50ff3915e13c50c0c730b64f8?s=96&d=mm&r=g\",\"caption\":\"Jason Anthony\"}}]}<\/script>\n<!-- \/ Yoast SEO Premium plugin. -->","yoast_head_json":{"title":"Les \u00e9lections f\u00e9d\u00e9rales 2021 : Trudeau et O\u2019Toole sont ex aequo \u2013 14 septembre 2021 - Leger","robots":{"index":"index","follow":"follow","max-snippet":"max-snippet:-1","max-image-preview":"max-image-preview:large","max-video-preview":"max-video-preview:-1"},"canonical":"https:\/\/leger360.com\/fr\/tracker-nord-americain-de-leger-14-septembre-2021\/","og_locale":"fr_CA","og_type":"article","og_title":"Les \u00e9lections f\u00e9d\u00e9rales 2021 : Trudeau et O\u2019Toole sont ex aequo \u2013 14 septembre 2021","og_description":"Il reste moins d\u2019une semaine avant le jour des \u00e9lections. Nous avons demand\u00e9 aux Canadiens pour quel parti ils ont l&rsquo;intention de voter (ou ont d\u00e9j\u00e0 vot\u00e9), quel parti formera selon eux le prochain gouvernement, et plus encore. Nous sommes fiers d&rsquo;avoir pr\u00e9sent\u00e9 les r\u00e9sultats les plus pr\u00e9cis lors des \u00e9lections f\u00e9d\u00e9rales canadiennes de 2019, [&hellip;]","og_url":"https:\/\/leger360.com\/fr\/tracker-nord-americain-de-leger-14-septembre-2021\/","og_site_name":"Leger","article_publisher":"https:\/\/www.facebook.com\/leger360\/","article_published_time":"2021-09-14T10:00:00+00:00","article_modified_time":"2024-02-09T09:41:44+00:00","og_image":[{"width":1200,"height":750,"url":"https:\/\/leger360.com\/wp-content\/uploads\/2024\/02\/Feature-image_FR-Elections.jpg","type":"image\/jpeg"}],"author":"Jason Anthony","twitter_card":"summary_large_image","twitter_creator":"@leger360","twitter_site":"@leger360","twitter_misc":{"\u00c9crit par":"Jason Anthony","Estimation du temps de lecture":"2 minutes"},"schema":{"@context":"https:\/\/schema.org","@graph":[{"@type":"Article","@id":"https:\/\/leger360.com\/fr\/tracker-nord-americain-de-leger-14-septembre-2021\/#article","isPartOf":{"@id":"https:\/\/leger360.com\/fr\/tracker-nord-americain-de-leger-14-septembre-2021\/"},"author":{"name":"Jason Anthony","@id":"https:\/\/leger360.com\/fr\/#\/schema\/person\/34dfccb7aa46dcd4085221008ca51ac9"},"headline":"Les \u00e9lections f\u00e9d\u00e9rales 2021 : Trudeau et O\u2019Toole sont ex aequo \u2013 14 septembre 2021","datePublished":"2021-09-14T10:00:00+00:00","dateModified":"2024-02-09T09:41:44+00:00","mainEntityOfPage":{"@id":"https:\/\/leger360.com\/fr\/tracker-nord-americain-de-leger-14-septembre-2021\/"},"wordCount":509,"publisher":{"@id":"https:\/\/leger360.com\/fr\/#organization"},"image":{"@id":"https:\/\/leger360.com\/fr\/tracker-nord-americain-de-leger-14-septembre-2021\/#primaryimage"},"thumbnailUrl":"https:\/\/leger360.com\/wp-content\/uploads\/2024\/02\/Feature-image_FR-Elections.jpg","keywords":["\u00c9lections f\u00e9d\u00e9rales 2021"],"articleSection":["Expertise de march\u00e9"],"inLanguage":"fr-CA"},{"@type":"WebPage","@id":"https:\/\/leger360.com\/fr\/tracker-nord-americain-de-leger-14-septembre-2021\/","url":"https:\/\/leger360.com\/fr\/tracker-nord-americain-de-leger-14-septembre-2021\/","name":"Les \u00e9lections f\u00e9d\u00e9rales 2021 : Trudeau et O\u2019Toole sont ex aequo \u2013 14 septembre 2021 - Leger","isPartOf":{"@id":"https:\/\/leger360.com\/fr\/#website"},"primaryImageOfPage":{"@id":"https:\/\/leger360.com\/fr\/tracker-nord-americain-de-leger-14-septembre-2021\/#primaryimage"},"image":{"@id":"https:\/\/leger360.com\/fr\/tracker-nord-americain-de-leger-14-septembre-2021\/#primaryimage"},"thumbnailUrl":"https:\/\/leger360.com\/wp-content\/uploads\/2024\/02\/Feature-image_FR-Elections.jpg","datePublished":"2021-09-14T10:00:00+00:00","dateModified":"2024-02-09T09:41:44+00:00","breadcrumb":{"@id":"https:\/\/leger360.com\/fr\/tracker-nord-americain-de-leger-14-septembre-2021\/#breadcrumb"},"inLanguage":"fr-CA","potentialAction":[{"@type":"ReadAction","target":["https:\/\/leger360.com\/fr\/tracker-nord-americain-de-leger-14-septembre-2021\/"]}]},{"@type":"ImageObject","inLanguage":"fr-CA","@id":"https:\/\/leger360.com\/fr\/tracker-nord-americain-de-leger-14-septembre-2021\/#primaryimage","url":"https:\/\/leger360.com\/wp-content\/uploads\/2024\/02\/Feature-image_FR-Elections.jpg","contentUrl":"https:\/\/leger360.com\/wp-content\/uploads\/2024\/02\/Feature-image_FR-Elections.jpg","width":1200,"height":750},{"@type":"BreadcrumbList","@id":"https:\/\/leger360.com\/fr\/tracker-nord-americain-de-leger-14-septembre-2021\/#breadcrumb","itemListElement":[{"@type":"ListItem","position":1,"name":"Home","item":"https:\/\/leger360.com\/fr\/"},{"@type":"ListItem","position":2,"name":"Les \u00e9lections f\u00e9d\u00e9rales 2021 : Trudeau et O\u2019Toole sont ex aequo \u2013 14 septembre 2021"}]},{"@type":"WebSite","@id":"https:\/\/leger360.com\/fr\/#website","url":"https:\/\/leger360.com\/fr\/","name":"Leger","description":"Market Research | Data Analytics","publisher":{"@id":"https:\/\/leger360.com\/fr\/#organization"},"potentialAction":[{"@type":"SearchAction","target":{"@type":"EntryPoint","urlTemplate":"https:\/\/leger360.com\/fr\/?s={search_term_string}"},"query-input":{"@type":"PropertyValueSpecification","valueRequired":true,"valueName":"search_term_string"}}],"inLanguage":"fr-CA"},{"@type":"Organization","@id":"https:\/\/leger360.com\/fr\/#organization","name":"Leger","url":"https:\/\/leger360.com\/fr\/","logo":{"@type":"ImageObject","inLanguage":"fr-CA","@id":"https:\/\/leger360.com\/fr\/#\/schema\/logo\/image\/","url":"https:\/\/leger360.com\/wp-content\/uploads\/2024\/04\/2022-Logo-Leger-Blackred-g.png","contentUrl":"https:\/\/leger360.com\/wp-content\/uploads\/2024\/04\/2022-Logo-Leger-Blackred-g.png","width":1195,"height":686,"caption":"Leger"},"image":{"@id":"https:\/\/leger360.com\/fr\/#\/schema\/logo\/image\/"},"sameAs":["https:\/\/www.facebook.com\/leger360\/","https:\/\/x.com\/leger360","https:\/\/www.linkedin.com\/company\/leger360\/"],"description":"Leger is one of North America\u2019s fastest-growing market research companies, known for our forward-thinking experts and innovative approaches powered by artificial intelligence (AI) technologies."},{"@type":"Person","@id":"https:\/\/leger360.com\/fr\/#\/schema\/person\/34dfccb7aa46dcd4085221008ca51ac9","name":"Jason Anthony","image":{"@type":"ImageObject","inLanguage":"fr-CA","@id":"https:\/\/secure.gravatar.com\/avatar\/b8d3134f69c631184566a5436407f9384b5e28c50ff3915e13c50c0c730b64f8?s=96&d=mm&r=g","url":"https:\/\/secure.gravatar.com\/avatar\/b8d3134f69c631184566a5436407f9384b5e28c50ff3915e13c50c0c730b64f8?s=96&d=mm&r=g","contentUrl":"https:\/\/secure.gravatar.com\/avatar\/b8d3134f69c631184566a5436407f9384b5e28c50ff3915e13c50c0c730b64f8?s=96&d=mm&r=g","caption":"Jason Anthony"}}]}},"_links":{"self":[{"href":"https:\/\/leger360.com\/fr\/wp-json\/wp\/v2\/posts\/15781","targetHints":{"allow":["GET"]}}],"collection":[{"href":"https:\/\/leger360.com\/fr\/wp-json\/wp\/v2\/posts"}],"about":[{"href":"https:\/\/leger360.com\/fr\/wp-json\/wp\/v2\/types\/post"}],"author":[{"embeddable":true,"href":"https:\/\/leger360.com\/fr\/wp-json\/wp\/v2\/users\/2"}],"replies":[{"embeddable":true,"href":"https:\/\/leger360.com\/fr\/wp-json\/wp\/v2\/comments?post=15781"}],"version-history":[{"count":0,"href":"https:\/\/leger360.com\/fr\/wp-json\/wp\/v2\/posts\/15781\/revisions"}],"wp:featuredmedia":[{"embeddable":true,"href":"https:\/\/leger360.com\/fr\/wp-json\/wp\/v2\/media\/15707"}],"wp:attachment":[{"href":"https:\/\/leger360.com\/fr\/wp-json\/wp\/v2\/media?parent=15781"}],"wp:term":[{"taxonomy":"category","embeddable":true,"href":"https:\/\/leger360.com\/fr\/wp-json\/wp\/v2\/categories?post=15781"},{"taxonomy":"post_tag","embeddable":true,"href":"https:\/\/leger360.com\/fr\/wp-json\/wp\/v2\/tags?post=15781"},{"taxonomy":"post_language_cat","embeddable":true,"href":"https:\/\/leger360.com\/fr\/wp-json\/wp\/v2\/post_language_cat?post=15781"}],"curies":[{"name":"wp","href":"https:\/\/api.w.org\/{rel}","templated":true}]}}