{"id":15792,"date":"2021-09-15T14:20:15","date_gmt":"2021-09-15T14:20:15","guid":{"rendered":"https:\/\/leger360.com\/debat-des-chefs-place-de-la-langue-francaise-et-enjeu-de-la-loi-96-et-21-au-canada\/"},"modified":"2021-09-15T14:20:15","modified_gmt":"2021-09-15T14:20:15","slug":"debat-des-chefs-place-de-la-langue-francaise-et-enjeu-de-la-loi-96-et-21-au-canada","status":"publish","type":"post","link":"https:\/\/leger360.com\/fr\/debat-des-chefs-place-de-la-langue-francaise-et-enjeu-de-la-loi-96-et-21-au-canada\/","title":{"rendered":"D\u00e9bat des chefs : place de la langue fran\u00e7aise et enjeu de la loi 96 et 21 au Canada &#8211; 15 septembre 2021"},"content":{"rendered":"\n<h3 class=\"wp-block-heading\" id=\"block-f2982b7c-8089-4266-af76-98ae83c0ccec\">M\u00c9THODOLOGIE DU SONDAGE<\/h3>\n\n\n\n<p>Sondage web r\u00e9alis\u00e9 le 13 septembre 2021 aupr\u00e8s de 1 000 Canadien.ne.s \u00e2g\u00e9.e.s de 18 ou plus et pouvant s\u2019exprimer en fran\u00e7ais ou en anglais. Les r\u00e9pondant.e.s ont \u00e9t\u00e9 recrut\u00e9.e.s al\u00e9atoirement \u00e0 partir du panel en ligne LEO.<\/p>\n\n\n\n<p>Aux fins de comparaison, la marge d\u2019erreur maximale pour un \u00e9chantillon de 1 000 r\u00e9pondant.e.s est de \u00b13,1%, et ce 19 fois sur 20.<\/p>\n\n\n\n<p>Les r\u00e9sultats ont \u00e9t\u00e9 pond\u00e9r\u00e9s en fonction du sexe, de l\u2019\u00e2ge, de la langue maternelle, de la r\u00e9gion, de la scolarit\u00e9 ainsi que de la pr\u00e9sence d\u2019enfant(s) dans le m\u00e9nage afin d\u2019assurer un \u00e9chantillon repr\u00e9sentatif de la population canadienne.<\/p>\n\n\n\n<p>Les r\u00e9sultats pr\u00e9sent\u00e9s dans cette \u00e9tude sont conformes aux standards en mati\u00e8re de recherche sur l\u2019opinion publique et aux exigences de divulgation du CRIC et du r\u00e9seau mondial ESOMAR.<\/p>\n\n\n\n<h3 class=\"wp-block-heading\" id=\"block-c6c7274e-41e5-4d8a-81ea-6ac566175266\">CE RAPPORT CONTIENT LES R\u00c9SULTATS AUX QUESTIONS SUIVANTES ET PLUS ENCORE. T\u00c9L\u00c9CHARGEZ LE RAPPORT CI-DESSOUS POUR LES R\u00c9SULTATS COMPLETS.<\/h3>\n\n\n\n<ul class=\"wp-block-list\"><li>Selon vous, est-ce que la langue fran\u00e7aise est menac\u00e9e au Canada?<\/li><li>\u00cates-vous en faveur ou oppos\u00e9 au fait de bannir le port des signes religieux visibles pour les employ\u00e9s du secteur public en position d\u2019autorit\u00e9 (policiers, juges et enseignants du primaire et du secondaire) dans votre province?<\/li><li>Croyez-vous que le projet de loi 96 sur la protection de la langue fran\u00e7aise au Qu\u00e9bec et la loi 21 sur la la\u00efcit\u00e9 de l\u2019\u00c9tat sont discriminatoires et marginalisent les minorit\u00e9s religieuses, les anglophones et les allophones au Qu\u00e9bec?<\/li><li>Pensez-vous que les critiques et les attaques contre le Qu\u00e9bec (Qu\u00e9bec bashing) sont un enjeu important ou pas important au Canada aujourd&rsquo;hui?<\/li><\/ul>\n","protected":false},"excerpt":{"rendered":"<p>M\u00c9THODOLOGIE DU SONDAGE Sondage web r\u00e9alis\u00e9 le 13 septembre 2021 aupr\u00e8s de 1 000 Canadien.ne.s \u00e2g\u00e9.e.s de 18 ou plus et pouvant s\u2019exprimer en fran\u00e7ais ou en anglais. Les r\u00e9pondant.e.s ont \u00e9t\u00e9 recrut\u00e9.e.s al\u00e9atoirement \u00e0 partir du panel en ligne LEO. Aux fins de comparaison, la marge d\u2019erreur maximale pour un \u00e9chantillon de 1 000 [&hellip;]<\/p>\n","protected":false},"author":2,"featured_media":15796,"comment_status":"closed","ping_status":"closed","sticky":false,"template":"","format":"standard","meta":{"_acf_changed":false,"_et_pb_use_builder":"","_et_pb_old_content":"","_et_gb_content_width":"","content-type":"","inline_featured_image":false,"footnotes":""},"categories":[35],"tags":[62],"post_language_cat":[42],"class_list":["post-15792","post","type-post","status-publish","format-standard","has-post-thumbnail","hentry","category-in-the-news","tag-elections-federales-2021","post_language_cat-fr-in-the-news"],"acf":[],"yoast_head":"<!-- This site is optimized with the Yoast SEO Premium plugin v27.4 (Yoast SEO v27.4) - https:\/\/yoast.com\/product\/yoast-seo-premium-wordpress\/ -->\n<title>D\u00e9bat des chefs : place de la langue fran\u00e7aise et enjeu de la loi 96 et 21 au Canada - 15 septembre 2021 - Leger<\/title>\n<meta name=\"robots\" content=\"index, follow, max-snippet:-1, max-image-preview:large, max-video-preview:-1\" \/>\n<link rel=\"canonical\" href=\"https:\/\/leger360.com\/fr\/debat-des-chefs-place-de-la-langue-francaise-et-enjeu-de-la-loi-96-et-21-au-canada\/\" \/>\n<meta property=\"og:locale\" content=\"fr_CA\" \/>\n<meta property=\"og:type\" content=\"article\" \/>\n<meta property=\"og:title\" content=\"D\u00e9bat des chefs : place de la langue fran\u00e7aise et enjeu de la loi 96 et 21 au Canada - 15 septembre 2021\" \/>\n<meta property=\"og:description\" content=\"M\u00c9THODOLOGIE DU SONDAGE Sondage web r\u00e9alis\u00e9 le 13 septembre 2021 aupr\u00e8s de 1 000 Canadien.ne.s \u00e2g\u00e9.e.s de 18 ou plus et pouvant s\u2019exprimer en fran\u00e7ais ou en anglais. Les r\u00e9pondant.e.s ont \u00e9t\u00e9 recrut\u00e9.e.s al\u00e9atoirement \u00e0 partir du panel en ligne LEO. Aux fins de comparaison, la marge d\u2019erreur maximale pour un \u00e9chantillon de 1 000 [&hellip;]\" \/>\n<meta property=\"og:url\" content=\"https:\/\/leger360.com\/fr\/debat-des-chefs-place-de-la-langue-francaise-et-enjeu-de-la-loi-96-et-21-au-canada\/\" \/>\n<meta property=\"og:site_name\" content=\"Leger\" \/>\n<meta property=\"article:publisher\" content=\"https:\/\/www.facebook.com\/leger360\/\" \/>\n<meta property=\"article:published_time\" content=\"2021-09-15T14:20:15+00:00\" \/>\n<meta property=\"og:image\" content=\"https:\/\/leger360.com\/wp-content\/uploads\/2024\/02\/Plan-de-travail-1Debat.jpg\" \/>\n\t<meta property=\"og:image:width\" content=\"1200\" \/>\n\t<meta property=\"og:image:height\" content=\"750\" \/>\n\t<meta property=\"og:image:type\" content=\"image\/jpeg\" \/>\n<meta name=\"author\" content=\"Jason Anthony\" \/>\n<meta name=\"twitter:card\" content=\"summary_large_image\" \/>\n<meta name=\"twitter:creator\" content=\"@leger360\" \/>\n<meta name=\"twitter:site\" content=\"@leger360\" \/>\n<meta name=\"twitter:label1\" content=\"\u00c9crit par\" \/>\n\t<meta name=\"twitter:data1\" content=\"Jason Anthony\" \/>\n\t<meta name=\"twitter:label2\" content=\"Estimation du temps de lecture\" \/>\n\t<meta name=\"twitter:data2\" content=\"1 minute\" \/>\n<script type=\"application\/ld+json\" class=\"yoast-schema-graph\">{\"@context\":\"https:\\\/\\\/schema.org\",\"@graph\":[{\"@type\":\"Article\",\"@id\":\"https:\\\/\\\/leger360.com\\\/fr\\\/debat-des-chefs-place-de-la-langue-francaise-et-enjeu-de-la-loi-96-et-21-au-canada\\\/#article\",\"isPartOf\":{\"@id\":\"https:\\\/\\\/leger360.com\\\/fr\\\/debat-des-chefs-place-de-la-langue-francaise-et-enjeu-de-la-loi-96-et-21-au-canada\\\/\"},\"author\":{\"name\":\"Jason Anthony\",\"@id\":\"https:\\\/\\\/leger360.com\\\/fr\\\/#\\\/schema\\\/person\\\/34dfccb7aa46dcd4085221008ca51ac9\"},\"headline\":\"D\u00e9bat des chefs : place de la langue fran\u00e7aise et enjeu de la loi 96 et 21 au Canada &#8211; 15 septembre 2021\",\"datePublished\":\"2021-09-15T14:20:15+00:00\",\"mainEntityOfPage\":{\"@id\":\"https:\\\/\\\/leger360.com\\\/fr\\\/debat-des-chefs-place-de-la-langue-francaise-et-enjeu-de-la-loi-96-et-21-au-canada\\\/\"},\"wordCount\":320,\"publisher\":{\"@id\":\"https:\\\/\\\/leger360.com\\\/fr\\\/#organization\"},\"image\":{\"@id\":\"https:\\\/\\\/leger360.com\\\/fr\\\/debat-des-chefs-place-de-la-langue-francaise-et-enjeu-de-la-loi-96-et-21-au-canada\\\/#primaryimage\"},\"thumbnailUrl\":\"https:\\\/\\\/leger360.com\\\/wp-content\\\/uploads\\\/2024\\\/02\\\/Plan-de-travail-1Debat.jpg\",\"keywords\":[\"\u00c9lections f\u00e9d\u00e9rales 2021\"],\"articleSection\":[\"In the news\"],\"inLanguage\":\"fr-CA\"},{\"@type\":\"WebPage\",\"@id\":\"https:\\\/\\\/leger360.com\\\/fr\\\/debat-des-chefs-place-de-la-langue-francaise-et-enjeu-de-la-loi-96-et-21-au-canada\\\/\",\"url\":\"https:\\\/\\\/leger360.com\\\/fr\\\/debat-des-chefs-place-de-la-langue-francaise-et-enjeu-de-la-loi-96-et-21-au-canada\\\/\",\"name\":\"D\u00e9bat des chefs : place de la langue fran\u00e7aise et enjeu de la loi 96 et 21 au Canada - 15 septembre 2021 - Leger\",\"isPartOf\":{\"@id\":\"https:\\\/\\\/leger360.com\\\/fr\\\/#website\"},\"primaryImageOfPage\":{\"@id\":\"https:\\\/\\\/leger360.com\\\/fr\\\/debat-des-chefs-place-de-la-langue-francaise-et-enjeu-de-la-loi-96-et-21-au-canada\\\/#primaryimage\"},\"image\":{\"@id\":\"https:\\\/\\\/leger360.com\\\/fr\\\/debat-des-chefs-place-de-la-langue-francaise-et-enjeu-de-la-loi-96-et-21-au-canada\\\/#primaryimage\"},\"thumbnailUrl\":\"https:\\\/\\\/leger360.com\\\/wp-content\\\/uploads\\\/2024\\\/02\\\/Plan-de-travail-1Debat.jpg\",\"datePublished\":\"2021-09-15T14:20:15+00:00\",\"breadcrumb\":{\"@id\":\"https:\\\/\\\/leger360.com\\\/fr\\\/debat-des-chefs-place-de-la-langue-francaise-et-enjeu-de-la-loi-96-et-21-au-canada\\\/#breadcrumb\"},\"inLanguage\":\"fr-CA\",\"potentialAction\":[{\"@type\":\"ReadAction\",\"target\":[\"https:\\\/\\\/leger360.com\\\/fr\\\/debat-des-chefs-place-de-la-langue-francaise-et-enjeu-de-la-loi-96-et-21-au-canada\\\/\"]}]},{\"@type\":\"ImageObject\",\"inLanguage\":\"fr-CA\",\"@id\":\"https:\\\/\\\/leger360.com\\\/fr\\\/debat-des-chefs-place-de-la-langue-francaise-et-enjeu-de-la-loi-96-et-21-au-canada\\\/#primaryimage\",\"url\":\"https:\\\/\\\/leger360.com\\\/wp-content\\\/uploads\\\/2024\\\/02\\\/Plan-de-travail-1Debat.jpg\",\"contentUrl\":\"https:\\\/\\\/leger360.com\\\/wp-content\\\/uploads\\\/2024\\\/02\\\/Plan-de-travail-1Debat.jpg\",\"width\":1200,\"height\":750},{\"@type\":\"BreadcrumbList\",\"@id\":\"https:\\\/\\\/leger360.com\\\/fr\\\/debat-des-chefs-place-de-la-langue-francaise-et-enjeu-de-la-loi-96-et-21-au-canada\\\/#breadcrumb\",\"itemListElement\":[{\"@type\":\"ListItem\",\"position\":1,\"name\":\"Home\",\"item\":\"https:\\\/\\\/leger360.com\\\/fr\\\/\"},{\"@type\":\"ListItem\",\"position\":2,\"name\":\"D\u00e9bat des chefs : place de la langue fran\u00e7aise et enjeu de la loi 96 et 21 au Canada &#8211; 15 septembre 2021\"}]},{\"@type\":\"WebSite\",\"@id\":\"https:\\\/\\\/leger360.com\\\/fr\\\/#website\",\"url\":\"https:\\\/\\\/leger360.com\\\/fr\\\/\",\"name\":\"Leger\",\"description\":\"Market Research | Data Analytics\",\"publisher\":{\"@id\":\"https:\\\/\\\/leger360.com\\\/fr\\\/#organization\"},\"potentialAction\":[{\"@type\":\"SearchAction\",\"target\":{\"@type\":\"EntryPoint\",\"urlTemplate\":\"https:\\\/\\\/leger360.com\\\/fr\\\/?s={search_term_string}\"},\"query-input\":{\"@type\":\"PropertyValueSpecification\",\"valueRequired\":true,\"valueName\":\"search_term_string\"}}],\"inLanguage\":\"fr-CA\"},{\"@type\":\"Organization\",\"@id\":\"https:\\\/\\\/leger360.com\\\/fr\\\/#organization\",\"name\":\"Leger\",\"url\":\"https:\\\/\\\/leger360.com\\\/fr\\\/\",\"logo\":{\"@type\":\"ImageObject\",\"inLanguage\":\"fr-CA\",\"@id\":\"https:\\\/\\\/leger360.com\\\/fr\\\/#\\\/schema\\\/logo\\\/image\\\/\",\"url\":\"https:\\\/\\\/leger360.com\\\/wp-content\\\/uploads\\\/2024\\\/04\\\/2022-Logo-Leger-Blackred-g.png\",\"contentUrl\":\"https:\\\/\\\/leger360.com\\\/wp-content\\\/uploads\\\/2024\\\/04\\\/2022-Logo-Leger-Blackred-g.png\",\"width\":1195,\"height\":686,\"caption\":\"Leger\"},\"image\":{\"@id\":\"https:\\\/\\\/leger360.com\\\/fr\\\/#\\\/schema\\\/logo\\\/image\\\/\"},\"sameAs\":[\"https:\\\/\\\/www.facebook.com\\\/leger360\\\/\",\"https:\\\/\\\/x.com\\\/leger360\",\"https:\\\/\\\/www.linkedin.com\\\/company\\\/leger360\\\/\"],\"description\":\"Leger is one of North America\u2019s fastest-growing market research companies, known for our forward-thinking experts and innovative approaches powered by artificial intelligence (AI) technologies.\"},{\"@type\":\"Person\",\"@id\":\"https:\\\/\\\/leger360.com\\\/fr\\\/#\\\/schema\\\/person\\\/34dfccb7aa46dcd4085221008ca51ac9\",\"name\":\"Jason Anthony\",\"image\":{\"@type\":\"ImageObject\",\"inLanguage\":\"fr-CA\",\"@id\":\"https:\\\/\\\/secure.gravatar.com\\\/avatar\\\/b8d3134f69c631184566a5436407f9384b5e28c50ff3915e13c50c0c730b64f8?s=96&d=mm&r=g\",\"url\":\"https:\\\/\\\/secure.gravatar.com\\\/avatar\\\/b8d3134f69c631184566a5436407f9384b5e28c50ff3915e13c50c0c730b64f8?s=96&d=mm&r=g\",\"contentUrl\":\"https:\\\/\\\/secure.gravatar.com\\\/avatar\\\/b8d3134f69c631184566a5436407f9384b5e28c50ff3915e13c50c0c730b64f8?s=96&d=mm&r=g\",\"caption\":\"Jason Anthony\"}}]}<\/script>\n<!-- \/ Yoast SEO Premium plugin. -->","yoast_head_json":{"title":"D\u00e9bat des chefs : place de la langue fran\u00e7aise et enjeu de la loi 96 et 21 au Canada - 15 septembre 2021 - Leger","robots":{"index":"index","follow":"follow","max-snippet":"max-snippet:-1","max-image-preview":"max-image-preview:large","max-video-preview":"max-video-preview:-1"},"canonical":"https:\/\/leger360.com\/fr\/debat-des-chefs-place-de-la-langue-francaise-et-enjeu-de-la-loi-96-et-21-au-canada\/","og_locale":"fr_CA","og_type":"article","og_title":"D\u00e9bat des chefs : place de la langue fran\u00e7aise et enjeu de la loi 96 et 21 au Canada - 15 septembre 2021","og_description":"M\u00c9THODOLOGIE DU SONDAGE Sondage web r\u00e9alis\u00e9 le 13 septembre 2021 aupr\u00e8s de 1 000 Canadien.ne.s \u00e2g\u00e9.e.s de 18 ou plus et pouvant s\u2019exprimer en fran\u00e7ais ou en anglais. Les r\u00e9pondant.e.s ont \u00e9t\u00e9 recrut\u00e9.e.s al\u00e9atoirement \u00e0 partir du panel en ligne LEO. Aux fins de comparaison, la marge d\u2019erreur maximale pour un \u00e9chantillon de 1 000 [&hellip;]","og_url":"https:\/\/leger360.com\/fr\/debat-des-chefs-place-de-la-langue-francaise-et-enjeu-de-la-loi-96-et-21-au-canada\/","og_site_name":"Leger","article_publisher":"https:\/\/www.facebook.com\/leger360\/","article_published_time":"2021-09-15T14:20:15+00:00","og_image":[{"width":1200,"height":750,"url":"https:\/\/leger360.com\/wp-content\/uploads\/2024\/02\/Plan-de-travail-1Debat.jpg","type":"image\/jpeg"}],"author":"Jason Anthony","twitter_card":"summary_large_image","twitter_creator":"@leger360","twitter_site":"@leger360","twitter_misc":{"\u00c9crit par":"Jason Anthony","Estimation du temps de lecture":"1 minute"},"schema":{"@context":"https:\/\/schema.org","@graph":[{"@type":"Article","@id":"https:\/\/leger360.com\/fr\/debat-des-chefs-place-de-la-langue-francaise-et-enjeu-de-la-loi-96-et-21-au-canada\/#article","isPartOf":{"@id":"https:\/\/leger360.com\/fr\/debat-des-chefs-place-de-la-langue-francaise-et-enjeu-de-la-loi-96-et-21-au-canada\/"},"author":{"name":"Jason Anthony","@id":"https:\/\/leger360.com\/fr\/#\/schema\/person\/34dfccb7aa46dcd4085221008ca51ac9"},"headline":"D\u00e9bat des chefs : place de la langue fran\u00e7aise et enjeu de la loi 96 et 21 au Canada &#8211; 15 septembre 2021","datePublished":"2021-09-15T14:20:15+00:00","mainEntityOfPage":{"@id":"https:\/\/leger360.com\/fr\/debat-des-chefs-place-de-la-langue-francaise-et-enjeu-de-la-loi-96-et-21-au-canada\/"},"wordCount":320,"publisher":{"@id":"https:\/\/leger360.com\/fr\/#organization"},"image":{"@id":"https:\/\/leger360.com\/fr\/debat-des-chefs-place-de-la-langue-francaise-et-enjeu-de-la-loi-96-et-21-au-canada\/#primaryimage"},"thumbnailUrl":"https:\/\/leger360.com\/wp-content\/uploads\/2024\/02\/Plan-de-travail-1Debat.jpg","keywords":["\u00c9lections f\u00e9d\u00e9rales 2021"],"articleSection":["In the news"],"inLanguage":"fr-CA"},{"@type":"WebPage","@id":"https:\/\/leger360.com\/fr\/debat-des-chefs-place-de-la-langue-francaise-et-enjeu-de-la-loi-96-et-21-au-canada\/","url":"https:\/\/leger360.com\/fr\/debat-des-chefs-place-de-la-langue-francaise-et-enjeu-de-la-loi-96-et-21-au-canada\/","name":"D\u00e9bat des chefs : place de la langue fran\u00e7aise et enjeu de la loi 96 et 21 au Canada - 15 septembre 2021 - Leger","isPartOf":{"@id":"https:\/\/leger360.com\/fr\/#website"},"primaryImageOfPage":{"@id":"https:\/\/leger360.com\/fr\/debat-des-chefs-place-de-la-langue-francaise-et-enjeu-de-la-loi-96-et-21-au-canada\/#primaryimage"},"image":{"@id":"https:\/\/leger360.com\/fr\/debat-des-chefs-place-de-la-langue-francaise-et-enjeu-de-la-loi-96-et-21-au-canada\/#primaryimage"},"thumbnailUrl":"https:\/\/leger360.com\/wp-content\/uploads\/2024\/02\/Plan-de-travail-1Debat.jpg","datePublished":"2021-09-15T14:20:15+00:00","breadcrumb":{"@id":"https:\/\/leger360.com\/fr\/debat-des-chefs-place-de-la-langue-francaise-et-enjeu-de-la-loi-96-et-21-au-canada\/#breadcrumb"},"inLanguage":"fr-CA","potentialAction":[{"@type":"ReadAction","target":["https:\/\/leger360.com\/fr\/debat-des-chefs-place-de-la-langue-francaise-et-enjeu-de-la-loi-96-et-21-au-canada\/"]}]},{"@type":"ImageObject","inLanguage":"fr-CA","@id":"https:\/\/leger360.com\/fr\/debat-des-chefs-place-de-la-langue-francaise-et-enjeu-de-la-loi-96-et-21-au-canada\/#primaryimage","url":"https:\/\/leger360.com\/wp-content\/uploads\/2024\/02\/Plan-de-travail-1Debat.jpg","contentUrl":"https:\/\/leger360.com\/wp-content\/uploads\/2024\/02\/Plan-de-travail-1Debat.jpg","width":1200,"height":750},{"@type":"BreadcrumbList","@id":"https:\/\/leger360.com\/fr\/debat-des-chefs-place-de-la-langue-francaise-et-enjeu-de-la-loi-96-et-21-au-canada\/#breadcrumb","itemListElement":[{"@type":"ListItem","position":1,"name":"Home","item":"https:\/\/leger360.com\/fr\/"},{"@type":"ListItem","position":2,"name":"D\u00e9bat des chefs : place de la langue fran\u00e7aise et enjeu de la loi 96 et 21 au Canada &#8211; 15 septembre 2021"}]},{"@type":"WebSite","@id":"https:\/\/leger360.com\/fr\/#website","url":"https:\/\/leger360.com\/fr\/","name":"Leger","description":"Market Research | Data Analytics","publisher":{"@id":"https:\/\/leger360.com\/fr\/#organization"},"potentialAction":[{"@type":"SearchAction","target":{"@type":"EntryPoint","urlTemplate":"https:\/\/leger360.com\/fr\/?s={search_term_string}"},"query-input":{"@type":"PropertyValueSpecification","valueRequired":true,"valueName":"search_term_string"}}],"inLanguage":"fr-CA"},{"@type":"Organization","@id":"https:\/\/leger360.com\/fr\/#organization","name":"Leger","url":"https:\/\/leger360.com\/fr\/","logo":{"@type":"ImageObject","inLanguage":"fr-CA","@id":"https:\/\/leger360.com\/fr\/#\/schema\/logo\/image\/","url":"https:\/\/leger360.com\/wp-content\/uploads\/2024\/04\/2022-Logo-Leger-Blackred-g.png","contentUrl":"https:\/\/leger360.com\/wp-content\/uploads\/2024\/04\/2022-Logo-Leger-Blackred-g.png","width":1195,"height":686,"caption":"Leger"},"image":{"@id":"https:\/\/leger360.com\/fr\/#\/schema\/logo\/image\/"},"sameAs":["https:\/\/www.facebook.com\/leger360\/","https:\/\/x.com\/leger360","https:\/\/www.linkedin.com\/company\/leger360\/"],"description":"Leger is one of North America\u2019s fastest-growing market research companies, known for our forward-thinking experts and innovative approaches powered by artificial intelligence (AI) technologies."},{"@type":"Person","@id":"https:\/\/leger360.com\/fr\/#\/schema\/person\/34dfccb7aa46dcd4085221008ca51ac9","name":"Jason Anthony","image":{"@type":"ImageObject","inLanguage":"fr-CA","@id":"https:\/\/secure.gravatar.com\/avatar\/b8d3134f69c631184566a5436407f9384b5e28c50ff3915e13c50c0c730b64f8?s=96&d=mm&r=g","url":"https:\/\/secure.gravatar.com\/avatar\/b8d3134f69c631184566a5436407f9384b5e28c50ff3915e13c50c0c730b64f8?s=96&d=mm&r=g","contentUrl":"https:\/\/secure.gravatar.com\/avatar\/b8d3134f69c631184566a5436407f9384b5e28c50ff3915e13c50c0c730b64f8?s=96&d=mm&r=g","caption":"Jason Anthony"}}]}},"_links":{"self":[{"href":"https:\/\/leger360.com\/fr\/wp-json\/wp\/v2\/posts\/15792","targetHints":{"allow":["GET"]}}],"collection":[{"href":"https:\/\/leger360.com\/fr\/wp-json\/wp\/v2\/posts"}],"about":[{"href":"https:\/\/leger360.com\/fr\/wp-json\/wp\/v2\/types\/post"}],"author":[{"embeddable":true,"href":"https:\/\/leger360.com\/fr\/wp-json\/wp\/v2\/users\/2"}],"replies":[{"embeddable":true,"href":"https:\/\/leger360.com\/fr\/wp-json\/wp\/v2\/comments?post=15792"}],"version-history":[{"count":0,"href":"https:\/\/leger360.com\/fr\/wp-json\/wp\/v2\/posts\/15792\/revisions"}],"wp:featuredmedia":[{"embeddable":true,"href":"https:\/\/leger360.com\/fr\/wp-json\/wp\/v2\/media\/15796"}],"wp:attachment":[{"href":"https:\/\/leger360.com\/fr\/wp-json\/wp\/v2\/media?parent=15792"}],"wp:term":[{"taxonomy":"category","embeddable":true,"href":"https:\/\/leger360.com\/fr\/wp-json\/wp\/v2\/categories?post=15792"},{"taxonomy":"post_tag","embeddable":true,"href":"https:\/\/leger360.com\/fr\/wp-json\/wp\/v2\/tags?post=15792"},{"taxonomy":"post_language_cat","embeddable":true,"href":"https:\/\/leger360.com\/fr\/wp-json\/wp\/v2\/post_language_cat?post=15792"}],"curies":[{"name":"wp","href":"https:\/\/api.w.org\/{rel}","templated":true}]}}