{"id":15804,"date":"2022-05-11T20:00:00","date_gmt":"2022-05-11T20:00:00","guid":{"rendered":"https:\/\/leger360.com\/conversations-avec-le-comite-academique-de-leger\/"},"modified":"2024-02-09T09:42:10","modified_gmt":"2024-02-09T09:42:10","slug":"conversations-avec-le-comite-academique-de-leger","status":"publish","type":"post","link":"https:\/\/leger360.com\/fr\/conversations-avec-le-comite-academique-de-leger\/","title":{"rendered":"Conversations avec le comit\u00e9 acad\u00e9mique de L\u00e9ger [UNE S\u00c9RIE DE WEBINAIRES]"},"content":{"rendered":"\n<h2 class=\"wp-block-heading\" id=\"h-leger-a-le-plaisir-de-presenter-sa-nouvelle-serie-de-webinaires-conversations-avec-le-comite-academique-de-leger\">L\u00c9GER A LE PLAISIR DE PR\u00c9SENTER SA NOUVELLE S\u00c9RIE DE WEBINAIRES \u00ab\u00a0CONVERSATIONS AVEC LE COMIT\u00c9 ACAD\u00c9MIQUE DE L\u00c9GER\u00a0\u00bb.<\/h2>\n\n\n\n<p>Le comit\u00e9 acad\u00e9mique de L\u00e9ger est compos\u00e9 d&rsquo;experts et de professeurs \u00e9m\u00e9rites. Nous sommes ravis de partager leurs connaissances avec vous dans le cadre de notre nouvelle s\u00e9rie de webinaires intitul\u00e9e \u00ab\u00a0Conversations avec le comit\u00e9 acad\u00e9mique de L\u00e9ger\u00a0\u00bb. Cette s\u00e9rie explore le monde postpand\u00e9mique sous diff\u00e9rents angles.<\/p>\n\n\n\n<p>Les webinaires auront lieu le deuxi\u00e8me mercredi de chaque mois. Chaque webinaire pr\u00e9sente une discussion de 30 minutes avec un membre du comit\u00e9 acad\u00e9mique de L\u00e9ger, suivie d&rsquo;une session de questions-r\u00e9ponses de 15 minutes. <strong><span style=\"text-decoration: underline;\">Il est \u00e0 noter que ces webinaires sont offerts en anglais seulement.<\/span><\/strong><\/p>\n\n\n\n<p><\/p>\n\n\n\n<div class=\"wp-block-image\"><figure class=\"aligncenter size-large is-resized\"><img decoding=\"async\" src=\"https:\/\/leger360.com\/wp-content\/uploads\/2024\/02\/Academic-Committee_Serie-FR-no.2-3-1024x1024.jpg\" alt=\"\" class=\"wp-image-34353\" width=\"600\" height=\"600\"\/><\/figure><\/div>\n\n\n\n<hr class=\"wp-block-separator\"\/>\n\n\n\n<h2 class=\"wp-block-heading\">CONVERSATIONS AVEC LE COMIT\u00c9 ACAD\u00c9MIQUE DE L\u00c9GER : WEBINAIRES PR\u00c9C\u00c9DENTS\u00a0<\/h2>\n\n\n\n<h3 class=\"wp-block-heading\" id=\"h-vente-au-detail-postpandemie-13-octobre-2021-a-midi-heure-de-l-est\">VENTE AU D\u00c9TAIL POSTPAND\u00c9MIE (13 OCTOBRE 2021 \u00c0 MIDI, HEURE DE L&rsquo;EST)<\/h3>\n\n\n\n<h5 class=\"wp-block-heading\" id=\"h-avec-dr-jacques-nantel-professeur-emerite-hec-montreal\">AVEC DR. JACQUES NANTEL (PROFESSEUR \u00c9M\u00c9RITE, HEC MONTR\u00c9AL)<\/h5>\n\n\n\n<p>Le paysage du commerce de d\u00e9tail canadien est en train de changer et changera encore dans les ann\u00e9es \u00e0 venir. En v\u00e9rit\u00e9, cela n&rsquo;a pas grand-chose \u00e0 voir avec la crise de COVID-19 : la pand\u00e9mie actuelle ne fait qu&rsquo;acc\u00e9l\u00e9rer un processus qui \u00e9tait d\u00e9j\u00e0 en cours.<\/p>\n\n\n\n<p>Il y a quatre points \u00e0 garder en t\u00eate :<\/p>\n\n\n\n<ul class=\"wp-block-list\"><li>Les consommateurs d\u00e9pensent autant qu&rsquo;avant la pand\u00e9mie.<\/li><li>Les ventes en magasin sont en baisse de 12%.<\/li><li>Le commerce \u00e9lectronique repr\u00e9sente 15% des d\u00e9penses des consommateurs.<\/li><li>50% de tous les achats en ligne sont encore effectu\u00e9s sur des sites am\u00e9ricains.<\/li><\/ul>\n\n\n\n<p>Cependant, il existe des moyens pour les d\u00e9taillants de regagner de la vitesse. D\u00e9couvrez-les lors de ce webinaire!<\/p>\n\n\n\n<figure class=\"wp-block-embed is-type-video is-provider-youtube wp-block-embed-youtube wp-embed-aspect-16-9 wp-has-aspect-ratio\"><div class=\"wp-block-embed__wrapper\">\n<iframe title=\"Retail Post Pandemic, Featuring Dr. Jacques Nantel\" width=\"1080\" height=\"608\" src=\"https:\/\/www.youtube.com\/embed\/Oi4gatJuQEE?feature=oembed\"  allow=\"accelerometer; autoplay; clipboard-write; encrypted-media; gyroscope; picture-in-picture; web-share\" allowfullscreen><\/iframe>\n<\/div><\/figure>\n\n\n\n<hr class=\"wp-block-separator\"\/>\n\n\n\n<h3 class=\"wp-block-heading\" id=\"h-le-mentorat-comme-competence-cle-de-gestion-dans-le-monde-postpandemique-10-novembre-2021-a-midi-heure-de-l-est\">LE MENTORAT COMME COMP\u00c9TENCE CL\u00c9 DE GESTION DANS LE MONDE POSTPAND\u00c9MIQUE (10 NOVEMBRE 2021 \u00c0 MIDI, HEURE DE L&rsquo;EST)<\/h3>\n\n\n\n<h5 class=\"wp-block-heading\" id=\"h-avec-dr-alan-middleton-retraite-anciennement-directeur-executif-schulich-executive-education-centre-professeur-adjoint-distingue-de-marketing-ecole-de-commerce-schulich-universite-york\">AVEC DR. ALAN MIDDLETON (RETRAIT\u00c9; ANCIENNEMENT DIRECTEUR EX\u00c9CUTIF, SCHULICH EXECUTIVE EDUCATION CENTRE; PROFESSEUR ADJOINT DISTINGU\u00c9 DE MARKETING, \u00c9cole de commerce Schulich, UNIVERSIT\u00c9 YORK)<\/h5>\n\n\n\n<p>Dans le monde postpand\u00e9mique, nous avons assist\u00e9 &#8211; et nous assisterons &#8211; \u00e0 d&rsquo;\u00e9normes changements dans l&rsquo;environnement de travail des gens : travail hybride \u00e0 domicile et au bureau, davantage de travail contractuel et \u00e0 temps partiel, une plus grande diversit\u00e9 d&rsquo;exp\u00e9riences, et des p\u00e9nuries de main-d\u2019\u0153uvre dans de nombreux domaines. Dans ce contexte, les anciens environnements de travail bureaucratiques, caract\u00e9ris\u00e9s par des organisations hi\u00e9rarchiques, des op\u00e9rations cloisonn\u00e9es, un accent mis sur les processus plut\u00f4t que sur les r\u00e9sultats, et l&rsquo;absence de formation et de capacit\u00e9 de prise de d\u00e9cision pour le personnel de premi\u00e8re ligne, ne seront pas couronn\u00e9s de succ\u00e8s. <\/p>\n\n\n\n<p>\u00catre un excellent mentor et mentor\u00e9 est d\u00e9sormais une comp\u00e9tence de gestion essentielle. Dr. Alan Middleton a d\u2019ailleurs \u00e9crit sur la n\u00e9cessit\u00e9 de mettre davantage l&rsquo;accent sur le mentorat dans son livre publi\u00e9 par AMA Toronto cette ann\u00e9e, et il a partag\u00e9 ses r\u00e9flexions dans ce webinaire.<\/p>\n\n\n\n<figure class=\"wp-block-embed is-type-video is-provider-youtube wp-block-embed-youtube wp-embed-aspect-16-9 wp-has-aspect-ratio\"><div class=\"wp-block-embed__wrapper\">\n<iframe title=\"Mentorship as a Key Management Skill in the Post-Pandemic World (Dr. Alan Middleton &amp; Dave Scholz\" width=\"1080\" height=\"608\" src=\"https:\/\/www.youtube.com\/embed\/bGOkX8_TJnE?feature=oembed\"  allow=\"accelerometer; autoplay; clipboard-write; encrypted-media; gyroscope; picture-in-picture; web-share\" allowfullscreen><\/iframe>\n<\/div><\/figure>\n\n\n\n<hr class=\"wp-block-separator\"\/>\n\n\n\n<h3 class=\"wp-block-heading\" id=\"h-7-technologies-perturbatrices-comment-elles-changent-notre-monde-aujourd-hui-8-decembre-2021-a-midi-heure-de-l-est\">7 technologies perturbatrices : Comment elles changent notre monde aujourd&rsquo;hui (8 D\u00c9CEMBRE 2021 \u00c0 MIDI, HEURE DE L&rsquo;EST)<\/h3>\n\n\n\n<h5 class=\"wp-block-heading\" id=\"h-avec-dr-chuck-chakrapani-president-leger-analytique-professeur-invite-distingue-universite-ryerson\">AVEC DR. CHUCK CHAKRAPANI (PR\u00c9SIDENT, L\u00c9GER ANALYTIQUE; PROFESSEUR INVIT\u00c9 DISTINGU\u00c9, UNIVERSIT\u00c9 RYERSON)<\/h5>\n\n\n\n<p>La r\u00e9volution industrielle a mis 150 ans pour changer le monde, mais la r\u00e9volution num\u00e9rique a apport\u00e9 des changements majeurs \u00e0 nos vies en moins de 20 ans. Nos vies vont \u00e0 nouveau changer de fa\u00e7on majeure. Il existe au moins sept technologies importantes en cours qui vont perturber positivement nos vies : les puces d&rsquo;acc\u00e9l\u00e9ration de r\u00e9seaux neuronaux (apprentissage automatique et IA), la technologie blockchain (protection de la vie priv\u00e9e), le s\u00e9quen\u00e7age g\u00e9n\u00e9tique, la th\u00e9rapie cellulaire et g\u00e9nique (m\u00e9decine), l&rsquo;impression 3D (fabrication), la conduite autonome (mobilit\u00e9), les voyages spatiaux (robotique) et l&rsquo;Internet de nouvelle g\u00e9n\u00e9ration.<\/p>\n\n\n\n<p>La plupart d&rsquo;entre nous ont sans doute d\u00e9j\u00e0 entendu parler de ces technologies, mais ne r\u00e9alisent peut-\u00eatre pas \u00e0 quelle vitesse elles \u00e9voluent. La COVID-19 a acc\u00e9l\u00e9r\u00e9 ces innovations et, dans les 5 \u00e0 10 prochaines ann\u00e9es, le monde changera radicalement sous l&rsquo;effet de l&rsquo;apprentissage automatique et de l&rsquo;intelligence artificielle. Tous ces changements auront un impact majeur sur la fa\u00e7on dont nous collectons et traitons les donn\u00e9es et sur la fa\u00e7on dont l&rsquo;analyse, l&rsquo;apprentissage automatique et l&rsquo;IA peuvent nous aider. Ce webinaire a donn\u00e9 un aper\u00e7u de la fa\u00e7on dont le monde va changer dans un avenir proche.<\/p>\n\n\n\n<figure class=\"wp-block-embed is-type-video is-provider-youtube wp-block-embed-youtube wp-embed-aspect-16-9 wp-has-aspect-ratio\"><div class=\"wp-block-embed__wrapper\">\n<iframe title=\"7 Disruptive Technologies: How They&#039;re Changing Our World Right Now (Dave Scholz &amp; Chuck Chakrapani)\" width=\"1080\" height=\"608\" src=\"https:\/\/www.youtube.com\/embed\/P6fd7KjzreE?feature=oembed\"  allow=\"accelerometer; autoplay; clipboard-write; encrypted-media; gyroscope; picture-in-picture; web-share\" allowfullscreen><\/iframe>\n<\/div><\/figure>\n\n\n\n<hr class=\"wp-block-separator\"\/>\n\n\n\n<h3 class=\"wp-block-heading\">QUE SE PASSE-T-IL ENSUITE&#8230; (9 F\u00c9VRIER 2022 \u00c0 MIDI, HEURE DE L&rsquo;EST)<\/h3>\n\n\n\n<h5 class=\"wp-block-heading\">AVEC DR. TERRY FLYNN (ARP; FSCRP; PROFESSEUR ASSOCI\u00c9, UNIVERSIT\u00c9 MCMASTER; DIRECTEUR EX\u00c9CUTIF, PROGRAMME DE MA\u00ceTRISE EN GESTION DES COMMUNICATIONS)<\/h5>\n\n\n\n<p>Ce webinaire a compris une conversation avec le Dr. Terry Flynn sur l&rsquo;importance de la r\u00e9ponse aux crises dans la gestion de la r\u00e9putation.<\/p>\n\n\n\n<p>Lorsqu&rsquo;une crise survient, les prochaines \u00e9tapes sont cruciales pour le r\u00e9tablissement de la r\u00e9putation. Dr. Flynn a discut\u00e9 de la fa\u00e7on de planifier cela et des mesures \u00e0 prendre imm\u00e9diatement apr\u00e8s une crise.<\/p>\n\n\n\n<figure class=\"wp-block-embed is-type-video is-provider-youtube wp-block-embed-youtube wp-embed-aspect-16-9 wp-has-aspect-ratio\"><div class=\"wp-block-embed__wrapper\">\n<iframe title=\"What Happens Next...\" width=\"1080\" height=\"608\" src=\"https:\/\/www.youtube.com\/embed\/AVR9162pA88?feature=oembed\"  allow=\"accelerometer; autoplay; clipboard-write; encrypted-media; gyroscope; picture-in-picture; web-share\" allowfullscreen><\/iframe>\n<\/div><\/figure>\n\n\n\n<hr class=\"wp-block-separator\"\/>\n\n\n\n<h3 class=\"wp-block-heading\">Collecte de donn\u00e9es aupr\u00e8s des communaut\u00e9s autochtones\u00a0(13 avril 2022 \u00c0 MIDI, HEURE DE L&rsquo;EST)<\/h3>\n\n\n\n<h5 class=\"wp-block-heading\">AVEC DR. DANIEL VOTH (Professeur adjoint, sciences politiques, Universit\u00e9 de Calgary; directeur du programme international d&rsquo;\u00e9tudes autochtones)<\/h5>\n\n\n\n<p>Dans ce webinaire, le Dr. Daniel Voth partagera de l\u2019information sur :<\/p>\n\n\n\n<ul class=\"wp-block-list\"><li>les termes cl\u00e9s pour parler et travailler avec les nations autochtones<\/li><li>un bref aper\u00e7u de la fa\u00e7on dont la recherche avec les peuples autochtones a chang\u00e9 dans les contextes universitaires au cours des 20 derni\u00e8res ann\u00e9es (et pourquoi elle devait changer)<\/li><li>certaines des difficult\u00e9s rencontr\u00e9es par les \u00e9quipes de recherche travaillant avec des clients pour obtenir des donn\u00e9es sur les peuples autochtones<\/li><li>les pistes possibles pour r\u00e9orienter de mani\u00e8re cr\u00e9ative les produits de donn\u00e9es en fonction de l&rsquo;\u00e9tablissement de relations avec les communaut\u00e9s autochtones<\/li><\/ul>\n\n\n\n<figure class=\"wp-block-embed is-type-video is-provider-youtube wp-block-embed-youtube wp-embed-aspect-16-9 wp-has-aspect-ratio\"><div class=\"wp-block-embed__wrapper\">\n<iframe title=\"Gathering Data with Indigenous Communities\" width=\"1080\" height=\"608\" src=\"https:\/\/www.youtube.com\/embed\/Ly657AbkMEU?feature=oembed\"  allow=\"accelerometer; autoplay; clipboard-write; encrypted-media; gyroscope; picture-in-picture; web-share\" allowfullscreen><\/iframe>\n<\/div><\/figure>\n\n\n\n<hr class=\"wp-block-separator\"\/>\n\n\n\n<h2 class=\"wp-block-heading\">CONVERSATIONS AVEC LE COMIT\u00c9 ACAD\u00c9MIQUE DE L\u00c9GER : PROCHAINS WEBINAIRES<\/h2>\n\n\n\n<h3 class=\"wp-block-heading\">Enqu\u00eate mondiale sur les valeurs\u00a0(11 mai 2022 \u00c0 MIDI, HEURE DE L&rsquo;EST)<\/h3>\n\n\n\n<h5 class=\"wp-block-heading\">AVEC DR. GUY LACHAPELLE (Professeur, d\u00e9partement de sciences politiques, Universit\u00e9 Concordia)<\/h5>\n\n\n\n<p>Nous avons eu une discussion sur les derniers r\u00e9sultats de l\u2019enqu\u00eate mondiale sur les valeurs. Le Dr. Guy Lachapelle a pr\u00e9sent\u00e9 aux participants les r\u00e9sultats les plus r\u00e9cents et montr\u00e9 comment le Canada se compare aux autres pays en ce qui a trait aux \u00e9l\u00e9ments suivants\u00a0:<\/p>\n\n\n\n<ul class=\"wp-block-list\"><li>les valeurs culturelles, les attitudes et les croyances \u00e0 l&rsquo;\u00e9gard du sexe, de la famille et de la religion<\/li><li>les attitudes et les exp\u00e9riences en mati\u00e8re de pauvret\u00e9<\/li><li>l&rsquo;\u00e9ducation, la sant\u00e9 et la s\u00e9curit\u00e9<\/li><li>la tol\u00e9rance sociale et la confiance\u00a0<\/li><\/ul>\n\n\n\n<p>Il a \u00e9galement partag\u00e9 de l\u2019information sur de nouveaux sujets, tels que les questions de justice, les principes moraux, la corruption, la responsabilit\u00e9 et le risque, la migration, la s\u00e9curit\u00e9 nationale et la gouvernance mondiale.<\/p>\n\n\n\n<figure class=\"wp-block-embed is-type-video is-provider-youtube wp-block-embed-youtube wp-embed-aspect-16-9 wp-has-aspect-ratio\"><div class=\"wp-block-embed__wrapper\">\n<iframe title=\"The World Values Survey\" width=\"1080\" height=\"608\" src=\"https:\/\/www.youtube.com\/embed\/ipGn0i6Djck?feature=oembed\"  allow=\"accelerometer; autoplay; clipboard-write; encrypted-media; gyroscope; picture-in-picture; web-share\" allowfullscreen><\/iframe>\n<\/div><\/figure>\n\n\n\n<hr class=\"wp-block-separator\"\/>\n\n\n\n<h2 class=\"wp-block-heading\" id=\"h-avez-vous-des-questions-sur-cette-serie-de-webinaires-cliquez-ici-pour-nous-contacter\"><a href=\"https:\/\/leger360.com\/fr\/nous-joindre\/\" target=\"_blank\" rel=\"noreferrer noopener\">AVEZ-VOUS DES QUESTIONS SUR CETTE S\u00c9RIE DE WEBINAIRES? CLIQUEZ ICI POUR NOUS CONTACTER.<\/a><\/h2>\n","protected":false},"excerpt":{"rendered":"<p>L\u00c9GER A LE PLAISIR DE PR\u00c9SENTER SA NOUVELLE S\u00c9RIE DE WEBINAIRES \u00ab\u00a0CONVERSATIONS AVEC LE COMIT\u00c9 ACAD\u00c9MIQUE DE L\u00c9GER\u00a0\u00bb. Le comit\u00e9 acad\u00e9mique de L\u00e9ger est compos\u00e9 d&rsquo;experts et de professeurs \u00e9m\u00e9rites. Nous sommes ravis de partager leurs connaissances avec vous dans le cadre de notre nouvelle s\u00e9rie de webinaires intitul\u00e9e \u00ab\u00a0Conversations avec le comit\u00e9 acad\u00e9mique de [&hellip;]<\/p>\n","protected":false},"author":2,"featured_media":15809,"comment_status":"closed","ping_status":"closed","sticky":false,"template":"","format":"standard","meta":{"_acf_changed":false,"_et_pb_use_builder":"","_et_pb_old_content":"","_et_gb_content_width":"","content-type":"","inline_featured_image":false,"footnotes":""},"categories":[34],"tags":[],"post_language_cat":[39],"class_list":["post-15804","post","type-post","status-publish","format-standard","has-post-thumbnail","hentry","category-market-intelligence","post_language_cat-fr-market-intelligence"],"acf":[],"yoast_head":"<!-- This site is optimized with the Yoast SEO Premium plugin v27.5 (Yoast SEO v27.5) - https:\/\/yoast.com\/product\/yoast-seo-premium-wordpress\/ -->\n<title>Conversations avec le comit\u00e9 acad\u00e9mique de L\u00e9ger [UNE S\u00c9RIE DE WEBINAIRES] - Leger<\/title>\n<meta name=\"robots\" content=\"index, follow, max-snippet:-1, max-image-preview:large, max-video-preview:-1\" \/>\n<link rel=\"canonical\" href=\"https:\/\/leger360.com\/fr\/conversations-avec-le-comite-academique-de-leger\/\" \/>\n<meta property=\"og:locale\" content=\"fr_CA\" \/>\n<meta property=\"og:type\" content=\"article\" \/>\n<meta property=\"og:title\" content=\"Conversations avec le comit\u00e9 acad\u00e9mique de L\u00e9ger [UNE S\u00c9RIE DE WEBINAIRES]\" \/>\n<meta property=\"og:description\" content=\"L\u00c9GER A LE PLAISIR DE PR\u00c9SENTER SA NOUVELLE S\u00c9RIE DE WEBINAIRES \u00ab\u00a0CONVERSATIONS AVEC LE COMIT\u00c9 ACAD\u00c9MIQUE DE L\u00c9GER\u00a0\u00bb. Le comit\u00e9 acad\u00e9mique de L\u00e9ger est compos\u00e9 d&rsquo;experts et de professeurs \u00e9m\u00e9rites. Nous sommes ravis de partager leurs connaissances avec vous dans le cadre de notre nouvelle s\u00e9rie de webinaires intitul\u00e9e \u00ab\u00a0Conversations avec le comit\u00e9 acad\u00e9mique de [&hellip;]\" \/>\n<meta property=\"og:url\" content=\"https:\/\/leger360.com\/fr\/conversations-avec-le-comite-academique-de-leger\/\" \/>\n<meta property=\"og:site_name\" content=\"Leger\" \/>\n<meta property=\"article:publisher\" content=\"https:\/\/www.facebook.com\/leger360\/\" \/>\n<meta property=\"article:published_time\" content=\"2022-05-11T20:00:00+00:00\" \/>\n<meta property=\"article:modified_time\" content=\"2024-02-09T09:42:10+00:00\" \/>\n<meta property=\"og:image\" content=\"https:\/\/leger360.com\/wp-content\/uploads\/2024\/02\/Feature-image_FR_General-4.jpg\" \/>\n\t<meta property=\"og:image:width\" content=\"864\" \/>\n\t<meta property=\"og:image:height\" content=\"540\" \/>\n\t<meta property=\"og:image:type\" content=\"image\/jpeg\" \/>\n<meta name=\"author\" content=\"Jason Anthony\" \/>\n<meta name=\"twitter:card\" content=\"summary_large_image\" \/>\n<meta name=\"twitter:creator\" content=\"@leger360\" \/>\n<meta name=\"twitter:site\" content=\"@leger360\" \/>\n<meta name=\"twitter:label1\" content=\"\u00c9crit par\" \/>\n\t<meta name=\"twitter:data1\" content=\"Jason Anthony\" \/>\n\t<meta name=\"twitter:label2\" content=\"Estimation du temps de lecture\" \/>\n\t<meta name=\"twitter:data2\" content=\"6 minutes\" \/>\n<script type=\"application\/ld+json\" class=\"yoast-schema-graph\">{\"@context\":\"https:\\\/\\\/schema.org\",\"@graph\":[{\"@type\":\"Article\",\"@id\":\"https:\\\/\\\/leger360.com\\\/fr\\\/conversations-avec-le-comite-academique-de-leger\\\/#article\",\"isPartOf\":{\"@id\":\"https:\\\/\\\/leger360.com\\\/fr\\\/conversations-avec-le-comite-academique-de-leger\\\/\"},\"author\":{\"name\":\"Jason Anthony\",\"@id\":\"https:\\\/\\\/leger360.com\\\/fr\\\/#\\\/schema\\\/person\\\/34dfccb7aa46dcd4085221008ca51ac9\"},\"headline\":\"Conversations avec le comit\u00e9 acad\u00e9mique de L\u00e9ger [UNE S\u00c9RIE DE WEBINAIRES]\",\"datePublished\":\"2022-05-11T20:00:00+00:00\",\"dateModified\":\"2024-02-09T09:42:10+00:00\",\"mainEntityOfPage\":{\"@id\":\"https:\\\/\\\/leger360.com\\\/fr\\\/conversations-avec-le-comite-academique-de-leger\\\/\"},\"wordCount\":1236,\"publisher\":{\"@id\":\"https:\\\/\\\/leger360.com\\\/fr\\\/#organization\"},\"image\":{\"@id\":\"https:\\\/\\\/leger360.com\\\/fr\\\/conversations-avec-le-comite-academique-de-leger\\\/#primaryimage\"},\"thumbnailUrl\":\"https:\\\/\\\/leger360.com\\\/wp-content\\\/uploads\\\/2024\\\/02\\\/Feature-image_FR_General-4.jpg\",\"articleSection\":[\"Market intelligence\"],\"inLanguage\":\"fr-CA\"},{\"@type\":\"WebPage\",\"@id\":\"https:\\\/\\\/leger360.com\\\/fr\\\/conversations-avec-le-comite-academique-de-leger\\\/\",\"url\":\"https:\\\/\\\/leger360.com\\\/fr\\\/conversations-avec-le-comite-academique-de-leger\\\/\",\"name\":\"Conversations avec le comit\u00e9 acad\u00e9mique de L\u00e9ger [UNE S\u00c9RIE DE WEBINAIRES] - Leger\",\"isPartOf\":{\"@id\":\"https:\\\/\\\/leger360.com\\\/fr\\\/#website\"},\"primaryImageOfPage\":{\"@id\":\"https:\\\/\\\/leger360.com\\\/fr\\\/conversations-avec-le-comite-academique-de-leger\\\/#primaryimage\"},\"image\":{\"@id\":\"https:\\\/\\\/leger360.com\\\/fr\\\/conversations-avec-le-comite-academique-de-leger\\\/#primaryimage\"},\"thumbnailUrl\":\"https:\\\/\\\/leger360.com\\\/wp-content\\\/uploads\\\/2024\\\/02\\\/Feature-image_FR_General-4.jpg\",\"datePublished\":\"2022-05-11T20:00:00+00:00\",\"dateModified\":\"2024-02-09T09:42:10+00:00\",\"breadcrumb\":{\"@id\":\"https:\\\/\\\/leger360.com\\\/fr\\\/conversations-avec-le-comite-academique-de-leger\\\/#breadcrumb\"},\"inLanguage\":\"fr-CA\",\"potentialAction\":[{\"@type\":\"ReadAction\",\"target\":[\"https:\\\/\\\/leger360.com\\\/fr\\\/conversations-avec-le-comite-academique-de-leger\\\/\"]}]},{\"@type\":\"ImageObject\",\"inLanguage\":\"fr-CA\",\"@id\":\"https:\\\/\\\/leger360.com\\\/fr\\\/conversations-avec-le-comite-academique-de-leger\\\/#primaryimage\",\"url\":\"https:\\\/\\\/leger360.com\\\/wp-content\\\/uploads\\\/2024\\\/02\\\/Feature-image_FR_General-4.jpg\",\"contentUrl\":\"https:\\\/\\\/leger360.com\\\/wp-content\\\/uploads\\\/2024\\\/02\\\/Feature-image_FR_General-4.jpg\",\"width\":864,\"height\":540},{\"@type\":\"BreadcrumbList\",\"@id\":\"https:\\\/\\\/leger360.com\\\/fr\\\/conversations-avec-le-comite-academique-de-leger\\\/#breadcrumb\",\"itemListElement\":[{\"@type\":\"ListItem\",\"position\":1,\"name\":\"Home\",\"item\":\"https:\\\/\\\/leger360.com\\\/fr\\\/\"},{\"@type\":\"ListItem\",\"position\":2,\"name\":\"Conversations avec le comit\u00e9 acad\u00e9mique de L\u00e9ger [UNE S\u00c9RIE DE WEBINAIRES]\"}]},{\"@type\":\"WebSite\",\"@id\":\"https:\\\/\\\/leger360.com\\\/fr\\\/#website\",\"url\":\"https:\\\/\\\/leger360.com\\\/fr\\\/\",\"name\":\"Leger\",\"description\":\"Market Research | Data Analytics\",\"publisher\":{\"@id\":\"https:\\\/\\\/leger360.com\\\/fr\\\/#organization\"},\"potentialAction\":[{\"@type\":\"SearchAction\",\"target\":{\"@type\":\"EntryPoint\",\"urlTemplate\":\"https:\\\/\\\/leger360.com\\\/fr\\\/?s={search_term_string}\"},\"query-input\":{\"@type\":\"PropertyValueSpecification\",\"valueRequired\":true,\"valueName\":\"search_term_string\"}}],\"inLanguage\":\"fr-CA\"},{\"@type\":\"Organization\",\"@id\":\"https:\\\/\\\/leger360.com\\\/fr\\\/#organization\",\"name\":\"Leger\",\"url\":\"https:\\\/\\\/leger360.com\\\/fr\\\/\",\"logo\":{\"@type\":\"ImageObject\",\"inLanguage\":\"fr-CA\",\"@id\":\"https:\\\/\\\/leger360.com\\\/fr\\\/#\\\/schema\\\/logo\\\/image\\\/\",\"url\":\"https:\\\/\\\/leger360.com\\\/wp-content\\\/uploads\\\/2024\\\/04\\\/2022-Logo-Leger-Blackred-g.png\",\"contentUrl\":\"https:\\\/\\\/leger360.com\\\/wp-content\\\/uploads\\\/2024\\\/04\\\/2022-Logo-Leger-Blackred-g.png\",\"width\":1195,\"height\":686,\"caption\":\"Leger\"},\"image\":{\"@id\":\"https:\\\/\\\/leger360.com\\\/fr\\\/#\\\/schema\\\/logo\\\/image\\\/\"},\"sameAs\":[\"https:\\\/\\\/www.facebook.com\\\/leger360\\\/\",\"https:\\\/\\\/x.com\\\/leger360\",\"https:\\\/\\\/www.linkedin.com\\\/company\\\/leger360\\\/\"],\"description\":\"Leger is one of North America\u2019s fastest-growing market research companies, known for our forward-thinking experts and innovative approaches powered by artificial intelligence (AI) technologies.\"},{\"@type\":\"Person\",\"@id\":\"https:\\\/\\\/leger360.com\\\/fr\\\/#\\\/schema\\\/person\\\/34dfccb7aa46dcd4085221008ca51ac9\",\"name\":\"Jason Anthony\",\"image\":{\"@type\":\"ImageObject\",\"inLanguage\":\"fr-CA\",\"@id\":\"https:\\\/\\\/secure.gravatar.com\\\/avatar\\\/b8d3134f69c631184566a5436407f9384b5e28c50ff3915e13c50c0c730b64f8?s=96&d=mm&r=g\",\"url\":\"https:\\\/\\\/secure.gravatar.com\\\/avatar\\\/b8d3134f69c631184566a5436407f9384b5e28c50ff3915e13c50c0c730b64f8?s=96&d=mm&r=g\",\"contentUrl\":\"https:\\\/\\\/secure.gravatar.com\\\/avatar\\\/b8d3134f69c631184566a5436407f9384b5e28c50ff3915e13c50c0c730b64f8?s=96&d=mm&r=g\",\"caption\":\"Jason Anthony\"}}]}<\/script>\n<!-- \/ Yoast SEO Premium plugin. -->","yoast_head_json":{"title":"Conversations avec le comit\u00e9 acad\u00e9mique de L\u00e9ger [UNE S\u00c9RIE DE WEBINAIRES] - Leger","robots":{"index":"index","follow":"follow","max-snippet":"max-snippet:-1","max-image-preview":"max-image-preview:large","max-video-preview":"max-video-preview:-1"},"canonical":"https:\/\/leger360.com\/fr\/conversations-avec-le-comite-academique-de-leger\/","og_locale":"fr_CA","og_type":"article","og_title":"Conversations avec le comit\u00e9 acad\u00e9mique de L\u00e9ger [UNE S\u00c9RIE DE WEBINAIRES]","og_description":"L\u00c9GER A LE PLAISIR DE PR\u00c9SENTER SA NOUVELLE S\u00c9RIE DE WEBINAIRES \u00ab\u00a0CONVERSATIONS AVEC LE COMIT\u00c9 ACAD\u00c9MIQUE DE L\u00c9GER\u00a0\u00bb. Le comit\u00e9 acad\u00e9mique de L\u00e9ger est compos\u00e9 d&rsquo;experts et de professeurs \u00e9m\u00e9rites. Nous sommes ravis de partager leurs connaissances avec vous dans le cadre de notre nouvelle s\u00e9rie de webinaires intitul\u00e9e \u00ab\u00a0Conversations avec le comit\u00e9 acad\u00e9mique de [&hellip;]","og_url":"https:\/\/leger360.com\/fr\/conversations-avec-le-comite-academique-de-leger\/","og_site_name":"Leger","article_publisher":"https:\/\/www.facebook.com\/leger360\/","article_published_time":"2022-05-11T20:00:00+00:00","article_modified_time":"2024-02-09T09:42:10+00:00","og_image":[{"width":864,"height":540,"url":"https:\/\/leger360.com\/wp-content\/uploads\/2024\/02\/Feature-image_FR_General-4.jpg","type":"image\/jpeg"}],"author":"Jason Anthony","twitter_card":"summary_large_image","twitter_creator":"@leger360","twitter_site":"@leger360","twitter_misc":{"\u00c9crit par":"Jason Anthony","Estimation du temps de lecture":"6 minutes"},"schema":{"@context":"https:\/\/schema.org","@graph":[{"@type":"Article","@id":"https:\/\/leger360.com\/fr\/conversations-avec-le-comite-academique-de-leger\/#article","isPartOf":{"@id":"https:\/\/leger360.com\/fr\/conversations-avec-le-comite-academique-de-leger\/"},"author":{"name":"Jason Anthony","@id":"https:\/\/leger360.com\/fr\/#\/schema\/person\/34dfccb7aa46dcd4085221008ca51ac9"},"headline":"Conversations avec le comit\u00e9 acad\u00e9mique de L\u00e9ger [UNE S\u00c9RIE DE WEBINAIRES]","datePublished":"2022-05-11T20:00:00+00:00","dateModified":"2024-02-09T09:42:10+00:00","mainEntityOfPage":{"@id":"https:\/\/leger360.com\/fr\/conversations-avec-le-comite-academique-de-leger\/"},"wordCount":1236,"publisher":{"@id":"https:\/\/leger360.com\/fr\/#organization"},"image":{"@id":"https:\/\/leger360.com\/fr\/conversations-avec-le-comite-academique-de-leger\/#primaryimage"},"thumbnailUrl":"https:\/\/leger360.com\/wp-content\/uploads\/2024\/02\/Feature-image_FR_General-4.jpg","articleSection":["Market intelligence"],"inLanguage":"fr-CA"},{"@type":"WebPage","@id":"https:\/\/leger360.com\/fr\/conversations-avec-le-comite-academique-de-leger\/","url":"https:\/\/leger360.com\/fr\/conversations-avec-le-comite-academique-de-leger\/","name":"Conversations avec le comit\u00e9 acad\u00e9mique de L\u00e9ger [UNE S\u00c9RIE DE WEBINAIRES] - Leger","isPartOf":{"@id":"https:\/\/leger360.com\/fr\/#website"},"primaryImageOfPage":{"@id":"https:\/\/leger360.com\/fr\/conversations-avec-le-comite-academique-de-leger\/#primaryimage"},"image":{"@id":"https:\/\/leger360.com\/fr\/conversations-avec-le-comite-academique-de-leger\/#primaryimage"},"thumbnailUrl":"https:\/\/leger360.com\/wp-content\/uploads\/2024\/02\/Feature-image_FR_General-4.jpg","datePublished":"2022-05-11T20:00:00+00:00","dateModified":"2024-02-09T09:42:10+00:00","breadcrumb":{"@id":"https:\/\/leger360.com\/fr\/conversations-avec-le-comite-academique-de-leger\/#breadcrumb"},"inLanguage":"fr-CA","potentialAction":[{"@type":"ReadAction","target":["https:\/\/leger360.com\/fr\/conversations-avec-le-comite-academique-de-leger\/"]}]},{"@type":"ImageObject","inLanguage":"fr-CA","@id":"https:\/\/leger360.com\/fr\/conversations-avec-le-comite-academique-de-leger\/#primaryimage","url":"https:\/\/leger360.com\/wp-content\/uploads\/2024\/02\/Feature-image_FR_General-4.jpg","contentUrl":"https:\/\/leger360.com\/wp-content\/uploads\/2024\/02\/Feature-image_FR_General-4.jpg","width":864,"height":540},{"@type":"BreadcrumbList","@id":"https:\/\/leger360.com\/fr\/conversations-avec-le-comite-academique-de-leger\/#breadcrumb","itemListElement":[{"@type":"ListItem","position":1,"name":"Home","item":"https:\/\/leger360.com\/fr\/"},{"@type":"ListItem","position":2,"name":"Conversations avec le comit\u00e9 acad\u00e9mique de L\u00e9ger [UNE S\u00c9RIE DE WEBINAIRES]"}]},{"@type":"WebSite","@id":"https:\/\/leger360.com\/fr\/#website","url":"https:\/\/leger360.com\/fr\/","name":"Leger","description":"Market Research | Data Analytics","publisher":{"@id":"https:\/\/leger360.com\/fr\/#organization"},"potentialAction":[{"@type":"SearchAction","target":{"@type":"EntryPoint","urlTemplate":"https:\/\/leger360.com\/fr\/?s={search_term_string}"},"query-input":{"@type":"PropertyValueSpecification","valueRequired":true,"valueName":"search_term_string"}}],"inLanguage":"fr-CA"},{"@type":"Organization","@id":"https:\/\/leger360.com\/fr\/#organization","name":"Leger","url":"https:\/\/leger360.com\/fr\/","logo":{"@type":"ImageObject","inLanguage":"fr-CA","@id":"https:\/\/leger360.com\/fr\/#\/schema\/logo\/image\/","url":"https:\/\/leger360.com\/wp-content\/uploads\/2024\/04\/2022-Logo-Leger-Blackred-g.png","contentUrl":"https:\/\/leger360.com\/wp-content\/uploads\/2024\/04\/2022-Logo-Leger-Blackred-g.png","width":1195,"height":686,"caption":"Leger"},"image":{"@id":"https:\/\/leger360.com\/fr\/#\/schema\/logo\/image\/"},"sameAs":["https:\/\/www.facebook.com\/leger360\/","https:\/\/x.com\/leger360","https:\/\/www.linkedin.com\/company\/leger360\/"],"description":"Leger is one of North America\u2019s fastest-growing market research companies, known for our forward-thinking experts and innovative approaches powered by artificial intelligence (AI) technologies."},{"@type":"Person","@id":"https:\/\/leger360.com\/fr\/#\/schema\/person\/34dfccb7aa46dcd4085221008ca51ac9","name":"Jason Anthony","image":{"@type":"ImageObject","inLanguage":"fr-CA","@id":"https:\/\/secure.gravatar.com\/avatar\/b8d3134f69c631184566a5436407f9384b5e28c50ff3915e13c50c0c730b64f8?s=96&d=mm&r=g","url":"https:\/\/secure.gravatar.com\/avatar\/b8d3134f69c631184566a5436407f9384b5e28c50ff3915e13c50c0c730b64f8?s=96&d=mm&r=g","contentUrl":"https:\/\/secure.gravatar.com\/avatar\/b8d3134f69c631184566a5436407f9384b5e28c50ff3915e13c50c0c730b64f8?s=96&d=mm&r=g","caption":"Jason Anthony"}}]}},"_links":{"self":[{"href":"https:\/\/leger360.com\/fr\/wp-json\/wp\/v2\/posts\/15804","targetHints":{"allow":["GET"]}}],"collection":[{"href":"https:\/\/leger360.com\/fr\/wp-json\/wp\/v2\/posts"}],"about":[{"href":"https:\/\/leger360.com\/fr\/wp-json\/wp\/v2\/types\/post"}],"author":[{"embeddable":true,"href":"https:\/\/leger360.com\/fr\/wp-json\/wp\/v2\/users\/2"}],"replies":[{"embeddable":true,"href":"https:\/\/leger360.com\/fr\/wp-json\/wp\/v2\/comments?post=15804"}],"version-history":[{"count":0,"href":"https:\/\/leger360.com\/fr\/wp-json\/wp\/v2\/posts\/15804\/revisions"}],"wp:featuredmedia":[{"embeddable":true,"href":"https:\/\/leger360.com\/fr\/wp-json\/wp\/v2\/media\/15809"}],"wp:attachment":[{"href":"https:\/\/leger360.com\/fr\/wp-json\/wp\/v2\/media?parent=15804"}],"wp:term":[{"taxonomy":"category","embeddable":true,"href":"https:\/\/leger360.com\/fr\/wp-json\/wp\/v2\/categories?post=15804"},{"taxonomy":"post_tag","embeddable":true,"href":"https:\/\/leger360.com\/fr\/wp-json\/wp\/v2\/tags?post=15804"},{"taxonomy":"post_language_cat","embeddable":true,"href":"https:\/\/leger360.com\/fr\/wp-json\/wp\/v2\/post_language_cat?post=15804"}],"curies":[{"name":"wp","href":"https:\/\/api.w.org\/{rel}","templated":true}]}}