{"id":15850,"date":"2021-09-28T10:00:00","date_gmt":"2021-09-28T10:00:00","guid":{"rendered":"https:\/\/leger360.com\/tracker-nord-americain-de-leger-28-septembre-2021\/"},"modified":"2024-02-09T09:43:50","modified_gmt":"2024-02-09T09:43:50","slug":"tracker-nord-americain-de-leger-28-septembre-2021","status":"publish","type":"post","link":"https:\/\/leger360.com\/fr\/tracker-nord-americain-de-leger-28-septembre-2021\/","title":{"rendered":"Retour sur les \u00e9lections f\u00e9d\u00e9rales de 2021 \u2013 28 septembre 2021"},"content":{"rendered":"\n<h3 class=\"wp-block-heading\">LE JOUR DES \u00c9LECTIONS EST PASS\u00c9\u2026 POURQUOI LES CANADIENS ONT-ILS VOT\u00c9 COMME ILS L&rsquo;ONT FAIT?<\/h3>\n\n\n\n<p>Nous avons demand\u00e9 aux Canadiens pour quels partis ils ont envisag\u00e9 de voter, pourquoi ils ont vot\u00e9 pour le parti qu&rsquo;ils ont choisi, ce qu&rsquo;ils pensent des r\u00e9sultats, et plus encore.<\/p>\n\n\n\n<p>Aussi, nous sommes fiers d&rsquo;annoncer que <a href=\"https:\/\/leger360.com\/fr\/communiques-de-presse\/les-elections-federales-2021-leger-est-la-firme-de-sondage-la-plus-precise\/\">L\u00e9ger a \u00e9t\u00e9 la firme de sondage la plus pr\u00e9cise lors des \u00e9lections f\u00e9d\u00e9rales canadiennes de 2021<\/a>. Nous sommes heureux d&rsquo;avoir fourni aux Canadiens des donn\u00e9es pertinentes sur ce moment important pour le Canada.<\/p>\n\n\n\n<p id=\"block-38284c4d-a81b-4cdd-a1af-34ac9a0b0797\">Vous aimeriez recevoir nos sondages en exclusivit\u00e9?\u00a0<a href=\"https:\/\/leger360.com\/fr\/infolettre\/\">Abonnez-vous \u00e0 notre infolettre<\/a>.<\/p>\n\n\n\n<h3 class=\"wp-block-heading\" id=\"block-4a51e158-9e7e-4ac6-b985-028f390fdddf\">T\u00c9L\u00c9CHARGEZ LE\u00a0RAPPORT AU BAS DE L\u2019ARTICLE.<\/h3>\n\n\n\n<hr class=\"wp-block-separator\"\/>\n\n\n\n<h3 class=\"wp-block-heading\">Retour sur les \u00e9lections f\u00e9d\u00e9rales de 2021<\/h3>\n\n\n\n<blockquote class=\"wp-block-quote is-layout-flow wp-block-quote-is-layout-flow\"><p>\u00ab La participation aux \u00e9lections de la semaine derni\u00e8re a \u00e9t\u00e9 la plus faible depuis dix ans. Nous avons examin\u00e9 ce qui a motiv\u00e9 (et n&rsquo;a pas motiv\u00e9) les \u00e9lecteurs \u00e0 voter lundi dernier. Il s&rsquo;av\u00e8re que <strong>les motivations varient en fonction du parti pour lequel les Canadiens ont vot\u00e9<\/strong>. Les \u00e9lecteurs lib\u00e9raux et conservateurs \u00e9taient principalement motiv\u00e9s par la volont\u00e9 d&#8217;emp\u00eacher l&rsquo;autre parti de former le prochain gouvernement. Les \u00e9lecteurs du NPD se sentaient plus en phase avec les politiques de ce parti, et les \u00e9lecteurs du Bloc Qu\u00e9b\u00e9cois ont vot\u00e9 pour d\u00e9fendre les int\u00e9r\u00eats du Qu\u00e9bec.<\/p><p>Parmi les non-votants, pr\u00e8s d&rsquo;un quart a d\u00e9clar\u00e9 qu&rsquo;ils pensaient que leur vote ne ferait pas de diff\u00e9rence. Il reste \u00e0 voir si les r\u00e9sultats changeront quoi que ce soit \u00e0 ce sentiment. \u00bb &#8211; Andrew Enns, vice-pr\u00e9sident ex\u00e9cutif<\/p><\/blockquote>\n\n\n\n<ul class=\"wp-block-list\"><li>Selon les Canadiens qui n\u2019ont pas vot\u00e9 aux \u00e9lections f\u00e9d\u00e9rales de 2021, les principales raisons pour lesquelles ils ne l&rsquo;ont pas fait sont qu&rsquo;ils sont <strong>indiff\u00e9rents\/ne votent jamais<\/strong> (29%) et que <strong>leur vote ne change rien<\/strong> (24%).<\/li><li>Parmi les Canadiens qui ont vot\u00e9 lors des \u00e9lections f\u00e9d\u00e9rales de 2021* :<ul><li>51% des <strong>Qu\u00e9b\u00e9cois<\/strong> ont envisag\u00e9 de voter pour le Bloc Qu\u00e9b\u00e9cois;<\/li><li>45% ont envisag\u00e9 de voter pour le Parti lib\u00e9ral;<\/li><li>44% ont envisag\u00e9 de voter pour le Parti conservateur;<\/li><li>42% ont envisag\u00e9 de voter pour le NPD;<\/li><li>14% ont envisag\u00e9 de voter pour le Parti vert;<\/li><li>12% ont envisag\u00e9 de voter pour le PPC;<\/li><li>9% des <strong>Albertains\/Saskatchewanais<\/strong> ont envisag\u00e9 de voter pour le Parti Maverick.<\/li><\/ul><\/li><\/ul>\n\n\n\n<h6 class=\"wp-block-heading\" id=\"h-le-bloc-qu-b-cois-n-a-t-demand-qu-aux-r-sidents-du-qu-bec-le-parti-maverick-n-a-t-demand-qu-aux-r-sidents-de-l-alberta-et-de-la-saskatchewan\">*Le Bloc Qu\u00e9b\u00e9cois n&rsquo;a \u00e9t\u00e9 demand\u00e9 qu&rsquo;aux r\u00e9sidents du Qu\u00e9bec, le Parti Maverick n&rsquo;a \u00e9t\u00e9 demand\u00e9 qu&rsquo;aux r\u00e9sidents de l&rsquo;Alberta et de la Saskatchewan<\/h6>\n\n\n\n<p><\/p>\n\n\n\n<p><\/p>\n\n\n\n<div class=\"wp-block-image\"><figure class=\"aligncenter size-large is-resized\"><img decoding=\"async\" src=\"https:\/\/leger360.com\/wp-content\/uploads\/2024\/02\/Partis-les-Can-ont-consideres-voter-pour_FR_2021-09-27-1024x1024.jpg\" alt=\"Retour sur les \u00e9lections f\u00e9d\u00e9rales : les partis pour lesquels les Canadiens ont consid\u00e9r\u00e9 voter\" class=\"wp-image-32694\" width=\"600\" height=\"600\"\/><\/figure><\/div>\n\n\n\n<ul class=\"wp-block-list\"><li>27% des Canadiens ayant d\u00e9clar\u00e9 pour quel parti ils ont vot\u00e9 aux \u00e9lections f\u00e9d\u00e9rales de 2021 disent avoir vot\u00e9 <strong>contre un autre parti\/de mani\u00e8re strat\u00e9gique<\/strong>.<\/li><li>44% des Canadiens ayant d\u00e9clar\u00e9 pour quel parti ils ont vot\u00e9 aux \u00e9lections f\u00e9d\u00e9rales de 2021 ont vot\u00e9 pour le <strong>parti lui-m\u00eame<\/strong>. 29% ont vot\u00e9 pour le <strong>chef du parti<\/strong> et 27% ont vot\u00e9 pour leur <strong>candidat local<\/strong>.<\/li><li>83% des Canadiens qui ont vot\u00e9 aux \u00e9lections f\u00e9d\u00e9rales de 2021 ont vot\u00e9 pour leur <strong>choix initial<\/strong>, tandis que 17% ont <strong>chang\u00e9 d&rsquo;avis<\/strong> \u00e0 un moment donn\u00e9 dans la campagne.<\/li><li>La principale raison pour laquelle les Canadiens ont vot\u00e9 pour chaque parti est :<ul><li>Parmi les \u00e9lecteurs lib\u00e9raux, pour <strong>\u00e9viter un gouvernement conservateur<\/strong> (25%);<\/li><li>Parmi les \u00e9lecteurs conservateurs, pour <strong>se d\u00e9barrasser du gouvernement lib\u00e9ral<\/strong> (39%);<\/li><li>Parmi les \u00e9lecteurs du NPD, parce que le parti repr\u00e9sente le mieux leurs <strong>valeurs<\/strong> et leurs <strong>croyances<\/strong> (48%);<\/li><li>Parmi les \u00e9lecteurs du Bloc Qu\u00e9b\u00e9cois (Qu\u00e9bec seulement), parce que le parti est l\u00e0 pour <strong>d\u00e9fendre les int\u00e9r\u00eats du Qu\u00e9bec<\/strong> (35%).<\/li><\/ul><\/li><\/ul>\n\n\n\n<div class=\"wp-block-image\"><figure class=\"aligncenter size-large is-resized\"><img decoding=\"async\" src=\"https:\/\/leger360.com\/wp-content\/uploads\/2024\/02\/Vote-contre-autre-party-strategiquement_FR_2021-09-27-1024x1024.jpg\" alt=\"27% des Canadiens ayant d\u00e9clar\u00e9 pour quel parti ils ont vot\u00e9 aux \u00e9lections f\u00e9d\u00e9rales de 2021 disent avoir vot\u00e9 contre un autre parti\/de mani\u00e8re strat\u00e9gique.\" class=\"wp-image-32696\" width=\"600\" height=\"600\"\/><\/figure><\/div>\n\n\n\n<h3 class=\"wp-block-heading\" id=\"block-f6b7a73b-d5f8-499a-9279-62e60833c8e1\">M\u00c9THODOLOGIE DU SONDAGE\u00a0<\/h3>\n\n\n\n<p id=\"block-6bec9b26-9db6-4045-a7b0-5cb97c29411c\"><strong>Sondage web\u00a0<\/strong>r\u00e9alis\u00e9 du\u00a0<strong>24 au 26 septembre 2021<\/strong>\u00a0aupr\u00e8s de\u00a0<strong>1 537 Canadiens<\/strong>, \u00e2g\u00e9s de 18 ans ou plus, recrut\u00e9s al\u00e9atoirement \u00e0 partir du panel en ligne LEO.<\/p>\n\n\n\n<p id=\"block-0eece88d-17b3-44c8-a712-81032f5f2b6b\">Une marge d\u2019erreur ne peut pas \u00eatre associ\u00e9e \u00e0 un \u00e9chantillon non probabiliste dans le cadre d\u2019une enqu\u00eate par panel. \u00c0 des fins de comparaison, un \u00e9chantillon probabiliste de cette taille aurait\u00a0<strong>une marge d\u2019erreur de \u00b1 2,5%, et ce, 19 fois sur 20<\/strong>.<\/p>\n\n\n\n<h3 class=\"wp-block-heading\" id=\"block-e1f294c6-a9ac-452a-94d3-051268ce28c7\">CE\u00a0RAPPORT CONTIENT LES R\u00c9SULTATS AUX QUESTIONS SUIVANTES. T\u00c9L\u00c9CHARGEZ LE\u00a0RAPPORT CI-DESSOUS POUR LES R\u00c9SULTATS COMPLETS.\u00a0<\/h3>\n\n\n\n<ul class=\"wp-block-list\" id=\"block-c38217c6-a3e0-4fb6-8a36-2ea205885c6b\"><li>Comme vous le savez, les Canadiens ont \u00e9lu un gouvernement lib\u00e9ral minoritaire. Veuillez choisir l&rsquo;affirmation qui repr\u00e9sente le mieux comment vous vous sentez par rapport au r\u00e9sultat de l&rsquo;\u00e9lection.<\/li><li>Quelle est la principale raison pour laquelle vous n&rsquo;avez pas vot\u00e9?<\/li><li>Avez-vous envisag\u00e9 de voter pour les partis suivants \u00e0 un moment quelconque de la campagne \u00e9lectorale?<\/li><li>Quelles sont les sources que vous avez le plus souvent utilis\u00e9es pour vous tenir inform\u00e9 des annonces et des \u00e9v\u00e9nements de la campagne \u00e9lectorale? Veuillez choisir les 2 sources que vous avez personnellement utilis\u00e9es le plus souvent pour vous tenir inform\u00e9.<\/li><li>Quelle est la raison principale pour laquelle vous avez vot\u00e9&#8230;?<\/li><\/ul>\n","protected":false},"excerpt":{"rendered":"<p>LE JOUR DES \u00c9LECTIONS EST PASS\u00c9\u2026 POURQUOI LES CANADIENS ONT-ILS VOT\u00c9 COMME ILS L&rsquo;ONT FAIT? Nous avons demand\u00e9 aux Canadiens pour quels partis ils ont envisag\u00e9 de voter, pourquoi ils ont vot\u00e9 pour le parti qu&rsquo;ils ont choisi, ce qu&rsquo;ils pensent des r\u00e9sultats, et plus encore. Aussi, nous sommes fiers d&rsquo;annoncer que L\u00e9ger a \u00e9t\u00e9 [&hellip;]<\/p>\n","protected":false},"author":2,"featured_media":15707,"comment_status":"closed","ping_status":"closed","sticky":false,"template":"","format":"standard","meta":{"_acf_changed":false,"_et_pb_use_builder":"","_et_pb_old_content":"","_et_gb_content_width":"","content-type":"","inline_featured_image":false,"footnotes":""},"categories":[34],"tags":[62],"post_language_cat":[39],"class_list":["post-15850","post","type-post","status-publish","format-standard","has-post-thumbnail","hentry","category-market-intelligence","tag-elections-federales-2021","post_language_cat-fr-market-intelligence"],"acf":[],"yoast_head":"<!-- This site is optimized with the Yoast SEO Premium plugin v27.4 (Yoast SEO v27.4) - https:\/\/yoast.com\/product\/yoast-seo-premium-wordpress\/ -->\n<title>Retour sur les \u00e9lections f\u00e9d\u00e9rales de 2021 \u2013 28 septembre 2021 - Leger<\/title>\n<meta name=\"robots\" content=\"index, follow, max-snippet:-1, max-image-preview:large, max-video-preview:-1\" \/>\n<link rel=\"canonical\" href=\"https:\/\/leger360.com\/fr\/tracker-nord-americain-de-leger-28-septembre-2021\/\" \/>\n<meta property=\"og:locale\" content=\"fr_CA\" \/>\n<meta property=\"og:type\" content=\"article\" \/>\n<meta property=\"og:title\" content=\"Retour sur les \u00e9lections f\u00e9d\u00e9rales de 2021 \u2013 28 septembre 2021\" \/>\n<meta property=\"og:description\" content=\"LE JOUR DES \u00c9LECTIONS EST PASS\u00c9\u2026 POURQUOI LES CANADIENS ONT-ILS VOT\u00c9 COMME ILS L&rsquo;ONT FAIT? Nous avons demand\u00e9 aux Canadiens pour quels partis ils ont envisag\u00e9 de voter, pourquoi ils ont vot\u00e9 pour le parti qu&rsquo;ils ont choisi, ce qu&rsquo;ils pensent des r\u00e9sultats, et plus encore. Aussi, nous sommes fiers d&rsquo;annoncer que L\u00e9ger a \u00e9t\u00e9 [&hellip;]\" \/>\n<meta property=\"og:url\" content=\"https:\/\/leger360.com\/fr\/tracker-nord-americain-de-leger-28-septembre-2021\/\" \/>\n<meta property=\"og:site_name\" content=\"Leger\" \/>\n<meta property=\"article:publisher\" content=\"https:\/\/www.facebook.com\/leger360\/\" \/>\n<meta property=\"article:published_time\" content=\"2021-09-28T10:00:00+00:00\" \/>\n<meta property=\"article:modified_time\" content=\"2024-02-09T09:43:50+00:00\" \/>\n<meta property=\"og:image\" content=\"https:\/\/leger360.com\/wp-content\/uploads\/2024\/02\/Feature-image_FR-Elections.jpg\" \/>\n\t<meta property=\"og:image:width\" content=\"1200\" \/>\n\t<meta property=\"og:image:height\" content=\"750\" \/>\n\t<meta property=\"og:image:type\" content=\"image\/jpeg\" \/>\n<meta name=\"author\" content=\"Jason Anthony\" \/>\n<meta name=\"twitter:card\" content=\"summary_large_image\" \/>\n<meta name=\"twitter:creator\" content=\"@leger360\" \/>\n<meta name=\"twitter:site\" content=\"@leger360\" \/>\n<meta name=\"twitter:label1\" content=\"\u00c9crit par\" \/>\n\t<meta name=\"twitter:data1\" content=\"Jason Anthony\" \/>\n\t<meta name=\"twitter:label2\" content=\"Estimation du temps de lecture\" \/>\n\t<meta name=\"twitter:data2\" content=\"4 minutes\" \/>\n<script type=\"application\/ld+json\" class=\"yoast-schema-graph\">{\"@context\":\"https:\\\/\\\/schema.org\",\"@graph\":[{\"@type\":\"Article\",\"@id\":\"https:\\\/\\\/leger360.com\\\/fr\\\/tracker-nord-americain-de-leger-28-septembre-2021\\\/#article\",\"isPartOf\":{\"@id\":\"https:\\\/\\\/leger360.com\\\/fr\\\/tracker-nord-americain-de-leger-28-septembre-2021\\\/\"},\"author\":{\"name\":\"Jason Anthony\",\"@id\":\"https:\\\/\\\/leger360.com\\\/fr\\\/#\\\/schema\\\/person\\\/34dfccb7aa46dcd4085221008ca51ac9\"},\"headline\":\"Retour sur les \u00e9lections f\u00e9d\u00e9rales de 2021 \u2013 28 septembre 2021\",\"datePublished\":\"2021-09-28T10:00:00+00:00\",\"dateModified\":\"2024-02-09T09:43:50+00:00\",\"mainEntityOfPage\":{\"@id\":\"https:\\\/\\\/leger360.com\\\/fr\\\/tracker-nord-americain-de-leger-28-septembre-2021\\\/\"},\"wordCount\":824,\"publisher\":{\"@id\":\"https:\\\/\\\/leger360.com\\\/fr\\\/#organization\"},\"image\":{\"@id\":\"https:\\\/\\\/leger360.com\\\/fr\\\/tracker-nord-americain-de-leger-28-septembre-2021\\\/#primaryimage\"},\"thumbnailUrl\":\"https:\\\/\\\/leger360.com\\\/wp-content\\\/uploads\\\/2024\\\/02\\\/Feature-image_FR-Elections.jpg\",\"keywords\":[\"\u00c9lections f\u00e9d\u00e9rales 2021\"],\"articleSection\":[\"Market intelligence\"],\"inLanguage\":\"fr-CA\"},{\"@type\":\"WebPage\",\"@id\":\"https:\\\/\\\/leger360.com\\\/fr\\\/tracker-nord-americain-de-leger-28-septembre-2021\\\/\",\"url\":\"https:\\\/\\\/leger360.com\\\/fr\\\/tracker-nord-americain-de-leger-28-septembre-2021\\\/\",\"name\":\"Retour sur les \u00e9lections f\u00e9d\u00e9rales de 2021 \u2013 28 septembre 2021 - Leger\",\"isPartOf\":{\"@id\":\"https:\\\/\\\/leger360.com\\\/fr\\\/#website\"},\"primaryImageOfPage\":{\"@id\":\"https:\\\/\\\/leger360.com\\\/fr\\\/tracker-nord-americain-de-leger-28-septembre-2021\\\/#primaryimage\"},\"image\":{\"@id\":\"https:\\\/\\\/leger360.com\\\/fr\\\/tracker-nord-americain-de-leger-28-septembre-2021\\\/#primaryimage\"},\"thumbnailUrl\":\"https:\\\/\\\/leger360.com\\\/wp-content\\\/uploads\\\/2024\\\/02\\\/Feature-image_FR-Elections.jpg\",\"datePublished\":\"2021-09-28T10:00:00+00:00\",\"dateModified\":\"2024-02-09T09:43:50+00:00\",\"breadcrumb\":{\"@id\":\"https:\\\/\\\/leger360.com\\\/fr\\\/tracker-nord-americain-de-leger-28-septembre-2021\\\/#breadcrumb\"},\"inLanguage\":\"fr-CA\",\"potentialAction\":[{\"@type\":\"ReadAction\",\"target\":[\"https:\\\/\\\/leger360.com\\\/fr\\\/tracker-nord-americain-de-leger-28-septembre-2021\\\/\"]}]},{\"@type\":\"ImageObject\",\"inLanguage\":\"fr-CA\",\"@id\":\"https:\\\/\\\/leger360.com\\\/fr\\\/tracker-nord-americain-de-leger-28-septembre-2021\\\/#primaryimage\",\"url\":\"https:\\\/\\\/leger360.com\\\/wp-content\\\/uploads\\\/2024\\\/02\\\/Feature-image_FR-Elections.jpg\",\"contentUrl\":\"https:\\\/\\\/leger360.com\\\/wp-content\\\/uploads\\\/2024\\\/02\\\/Feature-image_FR-Elections.jpg\",\"width\":1200,\"height\":750},{\"@type\":\"BreadcrumbList\",\"@id\":\"https:\\\/\\\/leger360.com\\\/fr\\\/tracker-nord-americain-de-leger-28-septembre-2021\\\/#breadcrumb\",\"itemListElement\":[{\"@type\":\"ListItem\",\"position\":1,\"name\":\"Home\",\"item\":\"https:\\\/\\\/leger360.com\\\/fr\\\/\"},{\"@type\":\"ListItem\",\"position\":2,\"name\":\"Retour sur les \u00e9lections f\u00e9d\u00e9rales de 2021 \u2013 28 septembre 2021\"}]},{\"@type\":\"WebSite\",\"@id\":\"https:\\\/\\\/leger360.com\\\/fr\\\/#website\",\"url\":\"https:\\\/\\\/leger360.com\\\/fr\\\/\",\"name\":\"Leger\",\"description\":\"Market Research | Data Analytics\",\"publisher\":{\"@id\":\"https:\\\/\\\/leger360.com\\\/fr\\\/#organization\"},\"potentialAction\":[{\"@type\":\"SearchAction\",\"target\":{\"@type\":\"EntryPoint\",\"urlTemplate\":\"https:\\\/\\\/leger360.com\\\/fr\\\/?s={search_term_string}\"},\"query-input\":{\"@type\":\"PropertyValueSpecification\",\"valueRequired\":true,\"valueName\":\"search_term_string\"}}],\"inLanguage\":\"fr-CA\"},{\"@type\":\"Organization\",\"@id\":\"https:\\\/\\\/leger360.com\\\/fr\\\/#organization\",\"name\":\"Leger\",\"url\":\"https:\\\/\\\/leger360.com\\\/fr\\\/\",\"logo\":{\"@type\":\"ImageObject\",\"inLanguage\":\"fr-CA\",\"@id\":\"https:\\\/\\\/leger360.com\\\/fr\\\/#\\\/schema\\\/logo\\\/image\\\/\",\"url\":\"https:\\\/\\\/leger360.com\\\/wp-content\\\/uploads\\\/2024\\\/04\\\/2022-Logo-Leger-Blackred-g.png\",\"contentUrl\":\"https:\\\/\\\/leger360.com\\\/wp-content\\\/uploads\\\/2024\\\/04\\\/2022-Logo-Leger-Blackred-g.png\",\"width\":1195,\"height\":686,\"caption\":\"Leger\"},\"image\":{\"@id\":\"https:\\\/\\\/leger360.com\\\/fr\\\/#\\\/schema\\\/logo\\\/image\\\/\"},\"sameAs\":[\"https:\\\/\\\/www.facebook.com\\\/leger360\\\/\",\"https:\\\/\\\/x.com\\\/leger360\",\"https:\\\/\\\/www.linkedin.com\\\/company\\\/leger360\\\/\"],\"description\":\"Leger is one of North America\u2019s fastest-growing market research companies, known for our forward-thinking experts and innovative approaches powered by artificial intelligence (AI) technologies.\"},{\"@type\":\"Person\",\"@id\":\"https:\\\/\\\/leger360.com\\\/fr\\\/#\\\/schema\\\/person\\\/34dfccb7aa46dcd4085221008ca51ac9\",\"name\":\"Jason Anthony\",\"image\":{\"@type\":\"ImageObject\",\"inLanguage\":\"fr-CA\",\"@id\":\"https:\\\/\\\/secure.gravatar.com\\\/avatar\\\/b8d3134f69c631184566a5436407f9384b5e28c50ff3915e13c50c0c730b64f8?s=96&d=mm&r=g\",\"url\":\"https:\\\/\\\/secure.gravatar.com\\\/avatar\\\/b8d3134f69c631184566a5436407f9384b5e28c50ff3915e13c50c0c730b64f8?s=96&d=mm&r=g\",\"contentUrl\":\"https:\\\/\\\/secure.gravatar.com\\\/avatar\\\/b8d3134f69c631184566a5436407f9384b5e28c50ff3915e13c50c0c730b64f8?s=96&d=mm&r=g\",\"caption\":\"Jason Anthony\"}}]}<\/script>\n<!-- \/ Yoast SEO Premium plugin. -->","yoast_head_json":{"title":"Retour sur les \u00e9lections f\u00e9d\u00e9rales de 2021 \u2013 28 septembre 2021 - Leger","robots":{"index":"index","follow":"follow","max-snippet":"max-snippet:-1","max-image-preview":"max-image-preview:large","max-video-preview":"max-video-preview:-1"},"canonical":"https:\/\/leger360.com\/fr\/tracker-nord-americain-de-leger-28-septembre-2021\/","og_locale":"fr_CA","og_type":"article","og_title":"Retour sur les \u00e9lections f\u00e9d\u00e9rales de 2021 \u2013 28 septembre 2021","og_description":"LE JOUR DES \u00c9LECTIONS EST PASS\u00c9\u2026 POURQUOI LES CANADIENS ONT-ILS VOT\u00c9 COMME ILS L&rsquo;ONT FAIT? Nous avons demand\u00e9 aux Canadiens pour quels partis ils ont envisag\u00e9 de voter, pourquoi ils ont vot\u00e9 pour le parti qu&rsquo;ils ont choisi, ce qu&rsquo;ils pensent des r\u00e9sultats, et plus encore. Aussi, nous sommes fiers d&rsquo;annoncer que L\u00e9ger a \u00e9t\u00e9 [&hellip;]","og_url":"https:\/\/leger360.com\/fr\/tracker-nord-americain-de-leger-28-septembre-2021\/","og_site_name":"Leger","article_publisher":"https:\/\/www.facebook.com\/leger360\/","article_published_time":"2021-09-28T10:00:00+00:00","article_modified_time":"2024-02-09T09:43:50+00:00","og_image":[{"width":1200,"height":750,"url":"https:\/\/leger360.com\/wp-content\/uploads\/2024\/02\/Feature-image_FR-Elections.jpg","type":"image\/jpeg"}],"author":"Jason Anthony","twitter_card":"summary_large_image","twitter_creator":"@leger360","twitter_site":"@leger360","twitter_misc":{"\u00c9crit par":"Jason Anthony","Estimation du temps de lecture":"4 minutes"},"schema":{"@context":"https:\/\/schema.org","@graph":[{"@type":"Article","@id":"https:\/\/leger360.com\/fr\/tracker-nord-americain-de-leger-28-septembre-2021\/#article","isPartOf":{"@id":"https:\/\/leger360.com\/fr\/tracker-nord-americain-de-leger-28-septembre-2021\/"},"author":{"name":"Jason Anthony","@id":"https:\/\/leger360.com\/fr\/#\/schema\/person\/34dfccb7aa46dcd4085221008ca51ac9"},"headline":"Retour sur les \u00e9lections f\u00e9d\u00e9rales de 2021 \u2013 28 septembre 2021","datePublished":"2021-09-28T10:00:00+00:00","dateModified":"2024-02-09T09:43:50+00:00","mainEntityOfPage":{"@id":"https:\/\/leger360.com\/fr\/tracker-nord-americain-de-leger-28-septembre-2021\/"},"wordCount":824,"publisher":{"@id":"https:\/\/leger360.com\/fr\/#organization"},"image":{"@id":"https:\/\/leger360.com\/fr\/tracker-nord-americain-de-leger-28-septembre-2021\/#primaryimage"},"thumbnailUrl":"https:\/\/leger360.com\/wp-content\/uploads\/2024\/02\/Feature-image_FR-Elections.jpg","keywords":["\u00c9lections f\u00e9d\u00e9rales 2021"],"articleSection":["Market intelligence"],"inLanguage":"fr-CA"},{"@type":"WebPage","@id":"https:\/\/leger360.com\/fr\/tracker-nord-americain-de-leger-28-septembre-2021\/","url":"https:\/\/leger360.com\/fr\/tracker-nord-americain-de-leger-28-septembre-2021\/","name":"Retour sur les \u00e9lections f\u00e9d\u00e9rales de 2021 \u2013 28 septembre 2021 - Leger","isPartOf":{"@id":"https:\/\/leger360.com\/fr\/#website"},"primaryImageOfPage":{"@id":"https:\/\/leger360.com\/fr\/tracker-nord-americain-de-leger-28-septembre-2021\/#primaryimage"},"image":{"@id":"https:\/\/leger360.com\/fr\/tracker-nord-americain-de-leger-28-septembre-2021\/#primaryimage"},"thumbnailUrl":"https:\/\/leger360.com\/wp-content\/uploads\/2024\/02\/Feature-image_FR-Elections.jpg","datePublished":"2021-09-28T10:00:00+00:00","dateModified":"2024-02-09T09:43:50+00:00","breadcrumb":{"@id":"https:\/\/leger360.com\/fr\/tracker-nord-americain-de-leger-28-septembre-2021\/#breadcrumb"},"inLanguage":"fr-CA","potentialAction":[{"@type":"ReadAction","target":["https:\/\/leger360.com\/fr\/tracker-nord-americain-de-leger-28-septembre-2021\/"]}]},{"@type":"ImageObject","inLanguage":"fr-CA","@id":"https:\/\/leger360.com\/fr\/tracker-nord-americain-de-leger-28-septembre-2021\/#primaryimage","url":"https:\/\/leger360.com\/wp-content\/uploads\/2024\/02\/Feature-image_FR-Elections.jpg","contentUrl":"https:\/\/leger360.com\/wp-content\/uploads\/2024\/02\/Feature-image_FR-Elections.jpg","width":1200,"height":750},{"@type":"BreadcrumbList","@id":"https:\/\/leger360.com\/fr\/tracker-nord-americain-de-leger-28-septembre-2021\/#breadcrumb","itemListElement":[{"@type":"ListItem","position":1,"name":"Home","item":"https:\/\/leger360.com\/fr\/"},{"@type":"ListItem","position":2,"name":"Retour sur les \u00e9lections f\u00e9d\u00e9rales de 2021 \u2013 28 septembre 2021"}]},{"@type":"WebSite","@id":"https:\/\/leger360.com\/fr\/#website","url":"https:\/\/leger360.com\/fr\/","name":"Leger","description":"Market Research | Data Analytics","publisher":{"@id":"https:\/\/leger360.com\/fr\/#organization"},"potentialAction":[{"@type":"SearchAction","target":{"@type":"EntryPoint","urlTemplate":"https:\/\/leger360.com\/fr\/?s={search_term_string}"},"query-input":{"@type":"PropertyValueSpecification","valueRequired":true,"valueName":"search_term_string"}}],"inLanguage":"fr-CA"},{"@type":"Organization","@id":"https:\/\/leger360.com\/fr\/#organization","name":"Leger","url":"https:\/\/leger360.com\/fr\/","logo":{"@type":"ImageObject","inLanguage":"fr-CA","@id":"https:\/\/leger360.com\/fr\/#\/schema\/logo\/image\/","url":"https:\/\/leger360.com\/wp-content\/uploads\/2024\/04\/2022-Logo-Leger-Blackred-g.png","contentUrl":"https:\/\/leger360.com\/wp-content\/uploads\/2024\/04\/2022-Logo-Leger-Blackred-g.png","width":1195,"height":686,"caption":"Leger"},"image":{"@id":"https:\/\/leger360.com\/fr\/#\/schema\/logo\/image\/"},"sameAs":["https:\/\/www.facebook.com\/leger360\/","https:\/\/x.com\/leger360","https:\/\/www.linkedin.com\/company\/leger360\/"],"description":"Leger is one of North America\u2019s fastest-growing market research companies, known for our forward-thinking experts and innovative approaches powered by artificial intelligence (AI) technologies."},{"@type":"Person","@id":"https:\/\/leger360.com\/fr\/#\/schema\/person\/34dfccb7aa46dcd4085221008ca51ac9","name":"Jason Anthony","image":{"@type":"ImageObject","inLanguage":"fr-CA","@id":"https:\/\/secure.gravatar.com\/avatar\/b8d3134f69c631184566a5436407f9384b5e28c50ff3915e13c50c0c730b64f8?s=96&d=mm&r=g","url":"https:\/\/secure.gravatar.com\/avatar\/b8d3134f69c631184566a5436407f9384b5e28c50ff3915e13c50c0c730b64f8?s=96&d=mm&r=g","contentUrl":"https:\/\/secure.gravatar.com\/avatar\/b8d3134f69c631184566a5436407f9384b5e28c50ff3915e13c50c0c730b64f8?s=96&d=mm&r=g","caption":"Jason Anthony"}}]}},"_links":{"self":[{"href":"https:\/\/leger360.com\/fr\/wp-json\/wp\/v2\/posts\/15850","targetHints":{"allow":["GET"]}}],"collection":[{"href":"https:\/\/leger360.com\/fr\/wp-json\/wp\/v2\/posts"}],"about":[{"href":"https:\/\/leger360.com\/fr\/wp-json\/wp\/v2\/types\/post"}],"author":[{"embeddable":true,"href":"https:\/\/leger360.com\/fr\/wp-json\/wp\/v2\/users\/2"}],"replies":[{"embeddable":true,"href":"https:\/\/leger360.com\/fr\/wp-json\/wp\/v2\/comments?post=15850"}],"version-history":[{"count":0,"href":"https:\/\/leger360.com\/fr\/wp-json\/wp\/v2\/posts\/15850\/revisions"}],"wp:featuredmedia":[{"embeddable":true,"href":"https:\/\/leger360.com\/fr\/wp-json\/wp\/v2\/media\/15707"}],"wp:attachment":[{"href":"https:\/\/leger360.com\/fr\/wp-json\/wp\/v2\/media?parent=15850"}],"wp:term":[{"taxonomy":"category","embeddable":true,"href":"https:\/\/leger360.com\/fr\/wp-json\/wp\/v2\/categories?post=15850"},{"taxonomy":"post_tag","embeddable":true,"href":"https:\/\/leger360.com\/fr\/wp-json\/wp\/v2\/tags?post=15850"},{"taxonomy":"post_language_cat","embeddable":true,"href":"https:\/\/leger360.com\/fr\/wp-json\/wp\/v2\/post_language_cat?post=15850"}],"curies":[{"name":"wp","href":"https:\/\/api.w.org\/{rel}","templated":true}]}}