{"id":15964,"date":"2021-11-16T15:00:00","date_gmt":"2021-11-16T15:00:00","guid":{"rendered":"https:\/\/leger360.com\/webinaire-etre-un-jeune-citoyen-en-2022\/"},"modified":"2024-02-09T09:47:16","modified_gmt":"2024-02-09T09:47:16","slug":"webinaire-etre-un-jeune-citoyen-en-2022","status":"publish","type":"post","link":"https:\/\/leger360.com\/fr\/webinaire-etre-un-jeune-citoyen-en-2022\/","title":{"rendered":"[WEBINAIRE] \u00catre un jeune citoyen en 2022"},"content":{"rendered":"\n<h2 class=\"wp-block-heading\" id=\"h-l-ger-pr-sente-une-s-rie-sur-la-jeunesse\">L\u00e9ger pr\u00e9sente une s\u00e9rie sur la jeunesse<\/h2>\n\n\n\n<p><a href=\"https:\/\/leger360.com\/fr\/evenements\/leger-presente-une-serie-sur-la-jeunesse-2021\/\"><em>3 webinaires pour mieux comprendre les mill\u00e9niaux et la g\u00e9n\u00e9ration Z<\/em><\/a><\/p>\n\n\n\n<p>L\u00e9ger pr\u00e9sente la 4e \u00e9dition de son \u00e9tude Jeunesse, la plus grande enqu\u00eate canadienne jamais compl\u00e9t\u00e9e sur les jeunes g\u00e9n\u00e9rations. R\u00e9alis\u00e9e aupr\u00e8s de 3 500 Canadiens et Am\u00e9ricains \u00e2g\u00e9s de 15 \u00e0 39 ans, Jeunesse brosse le portrait de deux jeunes g\u00e9n\u00e9rations, soit la g\u00e9n\u00e9ration Z et les mill\u00e9niaux.<\/p>\n\n\n\n<p>\u00c0 l\u2019aide des r\u00e9sultats de plus de 30 questions pos\u00e9es aux jeunes, ce webinaire pr\u00e9sente un portrait complet des r\u00e9alit\u00e9s sociales, politiques et culturelles des jeunes d\u2019aujourd\u2019hui. Cette conf\u00e9rence d\u00e9finira le jeune citoyen en 2022.<\/p>\n\n\n\n<p>Quelles sont les valeurs des jeunes nord-am\u00e9ricains d\u2019aujourd\u2019hui? En quoi sont-ils diff\u00e9rents des autres g\u00e9n\u00e9rations? En quoi cela affecte-t-il votre entreprise? (R\u00e9)\u00c9coutez notre webinaire exclusif afin de d\u00e9m\u00ealer le vrai du faux!<\/p>\n\n\n\n<p><\/p>\n\n\n\n<div class=\"wp-block-image\"><figure class=\"aligncenter size-large is-resized\"><a href=\"https:\/\/youtu.be\/j2ZI1n0X2_w\" target=\"_blank\" rel=\"noopener\"><img decoding=\"async\" src=\"https:\/\/leger360.com\/wp-content\/uploads\/2024\/02\/Webinaire-1-FR_Jeune-citoyen-1024x512.jpg\" alt=\"\u00catre un jeune citoyen en 2022\" class=\"wp-image-33207\" width=\"600\"\/><\/a><\/figure><\/div>\n\n\n\n<h3 class=\"wp-block-heading\">Webinaire pr\u00e9sent\u00e9 par<\/h3>\n\n\n\n<ul class=\"wp-block-list\"><li>Philippe L\u00e9ger, charg\u00e9 de projets<\/li><li>Sarah Mottet, directrice marketing<\/li><\/ul>\n\n\n\n<p><\/p>\n\n\n\n<p><\/p>\n\n\n\n<h2 class=\"wp-block-heading\"><a href=\"https:\/\/youtu.be\/j2ZI1n0X2_w\" target=\"_blank\" rel=\"noreferrer noopener\">VISIONNEZ LE WEBINAIRE EN CLIQUANT ICI<\/a><\/h2>\n\n\n\n<p><\/p>\n\n\n\n<p><\/p>\n\n\n\n<hr class=\"wp-block-separator\"\/>\n\n\n\n<p><\/p>\n\n\n\n<p>Ce webinaire fait partie d\u2019une s\u00e9rie de webinaires : \u00eatre un jeune en 2022, \u00e7a veut dire quoi?<br>Pour visionner le webinaire portant sur la <strong>consommation<\/strong> (9 d\u00e9cembre 2021 \u00e0 9 h), <a href=\"https:\/\/leger360.com\/fr\/evenements\/webinaire-etre-un-jeune-consommateur-en-2022\/\">cliquez ici<\/a>.<br>Pour visionner le webinaire portant sur le <strong>travail<\/strong> (16 d\u00e9cembre 2021 \u00e0 9 h), <a href=\"https:\/\/leger360.com\/fr\/evenements\/webinaire-etre-un-jeune-travailleur-en-2022\/\">cliquez ici<\/a>.<\/p>\n","protected":false},"excerpt":{"rendered":"<p>L\u00e9ger pr\u00e9sente une s\u00e9rie sur la jeunesse 3 webinaires pour mieux comprendre les mill\u00e9niaux et la g\u00e9n\u00e9ration Z L\u00e9ger pr\u00e9sente la 4e \u00e9dition de son \u00e9tude Jeunesse, la plus grande enqu\u00eate canadienne jamais compl\u00e9t\u00e9e sur les jeunes g\u00e9n\u00e9rations. R\u00e9alis\u00e9e aupr\u00e8s de 3 500 Canadiens et Am\u00e9ricains \u00e2g\u00e9s de 15 \u00e0 39 ans, Jeunesse brosse le [&hellip;]<\/p>\n","protected":false},"author":2,"featured_media":15966,"comment_status":"closed","ping_status":"closed","sticky":false,"template":"","format":"standard","meta":{"_acf_changed":false,"_et_pb_use_builder":"","_et_pb_old_content":"","_et_gb_content_width":"","content-type":"","inline_featured_image":false,"footnotes":""},"categories":[34],"tags":[63],"post_language_cat":[39],"class_list":["post-15964","post","type-post","status-publish","format-standard","has-post-thumbnail","hentry","category-market-intelligence","tag-jeunesse","post_language_cat-fr-market-intelligence"],"acf":[],"yoast_head":"<!-- This site is optimized with the Yoast SEO Premium plugin v27.4 (Yoast SEO v27.4) - https:\/\/yoast.com\/product\/yoast-seo-premium-wordpress\/ -->\n<title>[WEBINAIRE] \u00catre un jeune citoyen en 2022 - Leger<\/title>\n<meta name=\"robots\" content=\"index, follow, max-snippet:-1, max-image-preview:large, max-video-preview:-1\" \/>\n<link rel=\"canonical\" href=\"https:\/\/leger360.com\/fr\/webinaire-etre-un-jeune-citoyen-en-2022\/\" \/>\n<meta property=\"og:locale\" content=\"fr_CA\" \/>\n<meta property=\"og:type\" content=\"article\" \/>\n<meta property=\"og:title\" content=\"[WEBINAIRE] \u00catre un jeune citoyen en 2022\" \/>\n<meta property=\"og:description\" content=\"L\u00e9ger pr\u00e9sente une s\u00e9rie sur la jeunesse 3 webinaires pour mieux comprendre les mill\u00e9niaux et la g\u00e9n\u00e9ration Z L\u00e9ger pr\u00e9sente la 4e \u00e9dition de son \u00e9tude Jeunesse, la plus grande enqu\u00eate canadienne jamais compl\u00e9t\u00e9e sur les jeunes g\u00e9n\u00e9rations. R\u00e9alis\u00e9e aupr\u00e8s de 3 500 Canadiens et Am\u00e9ricains \u00e2g\u00e9s de 15 \u00e0 39 ans, Jeunesse brosse le [&hellip;]\" \/>\n<meta property=\"og:url\" content=\"https:\/\/leger360.com\/fr\/webinaire-etre-un-jeune-citoyen-en-2022\/\" \/>\n<meta property=\"og:site_name\" content=\"Leger\" \/>\n<meta property=\"article:publisher\" content=\"https:\/\/www.facebook.com\/leger360\/\" \/>\n<meta property=\"article:published_time\" content=\"2021-11-16T15:00:00+00:00\" \/>\n<meta property=\"article:modified_time\" content=\"2024-02-09T09:47:16+00:00\" \/>\n<meta property=\"og:image\" content=\"https:\/\/leger360.com\/wp-content\/uploads\/2024\/02\/Featured-image_FR_citoyen.jpg\" \/>\n\t<meta property=\"og:image:width\" content=\"1200\" \/>\n\t<meta property=\"og:image:height\" content=\"750\" \/>\n\t<meta property=\"og:image:type\" content=\"image\/jpeg\" \/>\n<meta name=\"author\" content=\"Jason Anthony\" \/>\n<meta name=\"twitter:card\" content=\"summary_large_image\" \/>\n<meta name=\"twitter:creator\" content=\"@leger360\" \/>\n<meta name=\"twitter:site\" content=\"@leger360\" \/>\n<meta name=\"twitter:label1\" content=\"\u00c9crit par\" \/>\n\t<meta name=\"twitter:data1\" content=\"Jason Anthony\" \/>\n\t<meta name=\"twitter:label2\" content=\"Estimation du temps de lecture\" \/>\n\t<meta name=\"twitter:data2\" content=\"1 minute\" \/>\n<script type=\"application\/ld+json\" class=\"yoast-schema-graph\">{\"@context\":\"https:\\\/\\\/schema.org\",\"@graph\":[{\"@type\":\"Article\",\"@id\":\"https:\\\/\\\/leger360.com\\\/fr\\\/webinaire-etre-un-jeune-citoyen-en-2022\\\/#article\",\"isPartOf\":{\"@id\":\"https:\\\/\\\/leger360.com\\\/fr\\\/webinaire-etre-un-jeune-citoyen-en-2022\\\/\"},\"author\":{\"name\":\"Jason Anthony\",\"@id\":\"https:\\\/\\\/leger360.com\\\/fr\\\/#\\\/schema\\\/person\\\/34dfccb7aa46dcd4085221008ca51ac9\"},\"headline\":\"[WEBINAIRE] \u00catre un jeune citoyen en 2022\",\"datePublished\":\"2021-11-16T15:00:00+00:00\",\"dateModified\":\"2024-02-09T09:47:16+00:00\",\"mainEntityOfPage\":{\"@id\":\"https:\\\/\\\/leger360.com\\\/fr\\\/webinaire-etre-un-jeune-citoyen-en-2022\\\/\"},\"wordCount\":237,\"publisher\":{\"@id\":\"https:\\\/\\\/leger360.com\\\/fr\\\/#organization\"},\"image\":{\"@id\":\"https:\\\/\\\/leger360.com\\\/fr\\\/webinaire-etre-un-jeune-citoyen-en-2022\\\/#primaryimage\"},\"thumbnailUrl\":\"https:\\\/\\\/leger360.com\\\/wp-content\\\/uploads\\\/2024\\\/02\\\/Featured-image_FR_citoyen.jpg\",\"keywords\":[\"Jeunesse\"],\"articleSection\":[\"Market intelligence\"],\"inLanguage\":\"fr-CA\"},{\"@type\":\"WebPage\",\"@id\":\"https:\\\/\\\/leger360.com\\\/fr\\\/webinaire-etre-un-jeune-citoyen-en-2022\\\/\",\"url\":\"https:\\\/\\\/leger360.com\\\/fr\\\/webinaire-etre-un-jeune-citoyen-en-2022\\\/\",\"name\":\"[WEBINAIRE] \u00catre un jeune citoyen en 2022 - Leger\",\"isPartOf\":{\"@id\":\"https:\\\/\\\/leger360.com\\\/fr\\\/#website\"},\"primaryImageOfPage\":{\"@id\":\"https:\\\/\\\/leger360.com\\\/fr\\\/webinaire-etre-un-jeune-citoyen-en-2022\\\/#primaryimage\"},\"image\":{\"@id\":\"https:\\\/\\\/leger360.com\\\/fr\\\/webinaire-etre-un-jeune-citoyen-en-2022\\\/#primaryimage\"},\"thumbnailUrl\":\"https:\\\/\\\/leger360.com\\\/wp-content\\\/uploads\\\/2024\\\/02\\\/Featured-image_FR_citoyen.jpg\",\"datePublished\":\"2021-11-16T15:00:00+00:00\",\"dateModified\":\"2024-02-09T09:47:16+00:00\",\"breadcrumb\":{\"@id\":\"https:\\\/\\\/leger360.com\\\/fr\\\/webinaire-etre-un-jeune-citoyen-en-2022\\\/#breadcrumb\"},\"inLanguage\":\"fr-CA\",\"potentialAction\":[{\"@type\":\"ReadAction\",\"target\":[\"https:\\\/\\\/leger360.com\\\/fr\\\/webinaire-etre-un-jeune-citoyen-en-2022\\\/\"]}]},{\"@type\":\"ImageObject\",\"inLanguage\":\"fr-CA\",\"@id\":\"https:\\\/\\\/leger360.com\\\/fr\\\/webinaire-etre-un-jeune-citoyen-en-2022\\\/#primaryimage\",\"url\":\"https:\\\/\\\/leger360.com\\\/wp-content\\\/uploads\\\/2024\\\/02\\\/Featured-image_FR_citoyen.jpg\",\"contentUrl\":\"https:\\\/\\\/leger360.com\\\/wp-content\\\/uploads\\\/2024\\\/02\\\/Featured-image_FR_citoyen.jpg\",\"width\":1200,\"height\":750},{\"@type\":\"BreadcrumbList\",\"@id\":\"https:\\\/\\\/leger360.com\\\/fr\\\/webinaire-etre-un-jeune-citoyen-en-2022\\\/#breadcrumb\",\"itemListElement\":[{\"@type\":\"ListItem\",\"position\":1,\"name\":\"Home\",\"item\":\"https:\\\/\\\/leger360.com\\\/fr\\\/\"},{\"@type\":\"ListItem\",\"position\":2,\"name\":\"[WEBINAIRE] \u00catre un jeune citoyen en 2022\"}]},{\"@type\":\"WebSite\",\"@id\":\"https:\\\/\\\/leger360.com\\\/fr\\\/#website\",\"url\":\"https:\\\/\\\/leger360.com\\\/fr\\\/\",\"name\":\"Leger\",\"description\":\"Market Research | Data Analytics\",\"publisher\":{\"@id\":\"https:\\\/\\\/leger360.com\\\/fr\\\/#organization\"},\"potentialAction\":[{\"@type\":\"SearchAction\",\"target\":{\"@type\":\"EntryPoint\",\"urlTemplate\":\"https:\\\/\\\/leger360.com\\\/fr\\\/?s={search_term_string}\"},\"query-input\":{\"@type\":\"PropertyValueSpecification\",\"valueRequired\":true,\"valueName\":\"search_term_string\"}}],\"inLanguage\":\"fr-CA\"},{\"@type\":\"Organization\",\"@id\":\"https:\\\/\\\/leger360.com\\\/fr\\\/#organization\",\"name\":\"Leger\",\"url\":\"https:\\\/\\\/leger360.com\\\/fr\\\/\",\"logo\":{\"@type\":\"ImageObject\",\"inLanguage\":\"fr-CA\",\"@id\":\"https:\\\/\\\/leger360.com\\\/fr\\\/#\\\/schema\\\/logo\\\/image\\\/\",\"url\":\"https:\\\/\\\/leger360.com\\\/wp-content\\\/uploads\\\/2024\\\/04\\\/2022-Logo-Leger-Blackred-g.png\",\"contentUrl\":\"https:\\\/\\\/leger360.com\\\/wp-content\\\/uploads\\\/2024\\\/04\\\/2022-Logo-Leger-Blackred-g.png\",\"width\":1195,\"height\":686,\"caption\":\"Leger\"},\"image\":{\"@id\":\"https:\\\/\\\/leger360.com\\\/fr\\\/#\\\/schema\\\/logo\\\/image\\\/\"},\"sameAs\":[\"https:\\\/\\\/www.facebook.com\\\/leger360\\\/\",\"https:\\\/\\\/x.com\\\/leger360\",\"https:\\\/\\\/www.linkedin.com\\\/company\\\/leger360\\\/\"],\"description\":\"Leger is one of North America\u2019s fastest-growing market research companies, known for our forward-thinking experts and innovative approaches powered by artificial intelligence (AI) technologies.\"},{\"@type\":\"Person\",\"@id\":\"https:\\\/\\\/leger360.com\\\/fr\\\/#\\\/schema\\\/person\\\/34dfccb7aa46dcd4085221008ca51ac9\",\"name\":\"Jason Anthony\",\"image\":{\"@type\":\"ImageObject\",\"inLanguage\":\"fr-CA\",\"@id\":\"https:\\\/\\\/secure.gravatar.com\\\/avatar\\\/b8d3134f69c631184566a5436407f9384b5e28c50ff3915e13c50c0c730b64f8?s=96&d=mm&r=g\",\"url\":\"https:\\\/\\\/secure.gravatar.com\\\/avatar\\\/b8d3134f69c631184566a5436407f9384b5e28c50ff3915e13c50c0c730b64f8?s=96&d=mm&r=g\",\"contentUrl\":\"https:\\\/\\\/secure.gravatar.com\\\/avatar\\\/b8d3134f69c631184566a5436407f9384b5e28c50ff3915e13c50c0c730b64f8?s=96&d=mm&r=g\",\"caption\":\"Jason Anthony\"}}]}<\/script>\n<!-- \/ Yoast SEO Premium plugin. -->","yoast_head_json":{"title":"[WEBINAIRE] \u00catre un jeune citoyen en 2022 - Leger","robots":{"index":"index","follow":"follow","max-snippet":"max-snippet:-1","max-image-preview":"max-image-preview:large","max-video-preview":"max-video-preview:-1"},"canonical":"https:\/\/leger360.com\/fr\/webinaire-etre-un-jeune-citoyen-en-2022\/","og_locale":"fr_CA","og_type":"article","og_title":"[WEBINAIRE] \u00catre un jeune citoyen en 2022","og_description":"L\u00e9ger pr\u00e9sente une s\u00e9rie sur la jeunesse 3 webinaires pour mieux comprendre les mill\u00e9niaux et la g\u00e9n\u00e9ration Z L\u00e9ger pr\u00e9sente la 4e \u00e9dition de son \u00e9tude Jeunesse, la plus grande enqu\u00eate canadienne jamais compl\u00e9t\u00e9e sur les jeunes g\u00e9n\u00e9rations. R\u00e9alis\u00e9e aupr\u00e8s de 3 500 Canadiens et Am\u00e9ricains \u00e2g\u00e9s de 15 \u00e0 39 ans, Jeunesse brosse le [&hellip;]","og_url":"https:\/\/leger360.com\/fr\/webinaire-etre-un-jeune-citoyen-en-2022\/","og_site_name":"Leger","article_publisher":"https:\/\/www.facebook.com\/leger360\/","article_published_time":"2021-11-16T15:00:00+00:00","article_modified_time":"2024-02-09T09:47:16+00:00","og_image":[{"width":1200,"height":750,"url":"https:\/\/leger360.com\/wp-content\/uploads\/2024\/02\/Featured-image_FR_citoyen.jpg","type":"image\/jpeg"}],"author":"Jason Anthony","twitter_card":"summary_large_image","twitter_creator":"@leger360","twitter_site":"@leger360","twitter_misc":{"\u00c9crit par":"Jason Anthony","Estimation du temps de lecture":"1 minute"},"schema":{"@context":"https:\/\/schema.org","@graph":[{"@type":"Article","@id":"https:\/\/leger360.com\/fr\/webinaire-etre-un-jeune-citoyen-en-2022\/#article","isPartOf":{"@id":"https:\/\/leger360.com\/fr\/webinaire-etre-un-jeune-citoyen-en-2022\/"},"author":{"name":"Jason Anthony","@id":"https:\/\/leger360.com\/fr\/#\/schema\/person\/34dfccb7aa46dcd4085221008ca51ac9"},"headline":"[WEBINAIRE] \u00catre un jeune citoyen en 2022","datePublished":"2021-11-16T15:00:00+00:00","dateModified":"2024-02-09T09:47:16+00:00","mainEntityOfPage":{"@id":"https:\/\/leger360.com\/fr\/webinaire-etre-un-jeune-citoyen-en-2022\/"},"wordCount":237,"publisher":{"@id":"https:\/\/leger360.com\/fr\/#organization"},"image":{"@id":"https:\/\/leger360.com\/fr\/webinaire-etre-un-jeune-citoyen-en-2022\/#primaryimage"},"thumbnailUrl":"https:\/\/leger360.com\/wp-content\/uploads\/2024\/02\/Featured-image_FR_citoyen.jpg","keywords":["Jeunesse"],"articleSection":["Market intelligence"],"inLanguage":"fr-CA"},{"@type":"WebPage","@id":"https:\/\/leger360.com\/fr\/webinaire-etre-un-jeune-citoyen-en-2022\/","url":"https:\/\/leger360.com\/fr\/webinaire-etre-un-jeune-citoyen-en-2022\/","name":"[WEBINAIRE] \u00catre un jeune citoyen en 2022 - Leger","isPartOf":{"@id":"https:\/\/leger360.com\/fr\/#website"},"primaryImageOfPage":{"@id":"https:\/\/leger360.com\/fr\/webinaire-etre-un-jeune-citoyen-en-2022\/#primaryimage"},"image":{"@id":"https:\/\/leger360.com\/fr\/webinaire-etre-un-jeune-citoyen-en-2022\/#primaryimage"},"thumbnailUrl":"https:\/\/leger360.com\/wp-content\/uploads\/2024\/02\/Featured-image_FR_citoyen.jpg","datePublished":"2021-11-16T15:00:00+00:00","dateModified":"2024-02-09T09:47:16+00:00","breadcrumb":{"@id":"https:\/\/leger360.com\/fr\/webinaire-etre-un-jeune-citoyen-en-2022\/#breadcrumb"},"inLanguage":"fr-CA","potentialAction":[{"@type":"ReadAction","target":["https:\/\/leger360.com\/fr\/webinaire-etre-un-jeune-citoyen-en-2022\/"]}]},{"@type":"ImageObject","inLanguage":"fr-CA","@id":"https:\/\/leger360.com\/fr\/webinaire-etre-un-jeune-citoyen-en-2022\/#primaryimage","url":"https:\/\/leger360.com\/wp-content\/uploads\/2024\/02\/Featured-image_FR_citoyen.jpg","contentUrl":"https:\/\/leger360.com\/wp-content\/uploads\/2024\/02\/Featured-image_FR_citoyen.jpg","width":1200,"height":750},{"@type":"BreadcrumbList","@id":"https:\/\/leger360.com\/fr\/webinaire-etre-un-jeune-citoyen-en-2022\/#breadcrumb","itemListElement":[{"@type":"ListItem","position":1,"name":"Home","item":"https:\/\/leger360.com\/fr\/"},{"@type":"ListItem","position":2,"name":"[WEBINAIRE] \u00catre un jeune citoyen en 2022"}]},{"@type":"WebSite","@id":"https:\/\/leger360.com\/fr\/#website","url":"https:\/\/leger360.com\/fr\/","name":"Leger","description":"Market Research | Data Analytics","publisher":{"@id":"https:\/\/leger360.com\/fr\/#organization"},"potentialAction":[{"@type":"SearchAction","target":{"@type":"EntryPoint","urlTemplate":"https:\/\/leger360.com\/fr\/?s={search_term_string}"},"query-input":{"@type":"PropertyValueSpecification","valueRequired":true,"valueName":"search_term_string"}}],"inLanguage":"fr-CA"},{"@type":"Organization","@id":"https:\/\/leger360.com\/fr\/#organization","name":"Leger","url":"https:\/\/leger360.com\/fr\/","logo":{"@type":"ImageObject","inLanguage":"fr-CA","@id":"https:\/\/leger360.com\/fr\/#\/schema\/logo\/image\/","url":"https:\/\/leger360.com\/wp-content\/uploads\/2024\/04\/2022-Logo-Leger-Blackred-g.png","contentUrl":"https:\/\/leger360.com\/wp-content\/uploads\/2024\/04\/2022-Logo-Leger-Blackred-g.png","width":1195,"height":686,"caption":"Leger"},"image":{"@id":"https:\/\/leger360.com\/fr\/#\/schema\/logo\/image\/"},"sameAs":["https:\/\/www.facebook.com\/leger360\/","https:\/\/x.com\/leger360","https:\/\/www.linkedin.com\/company\/leger360\/"],"description":"Leger is one of North America\u2019s fastest-growing market research companies, known for our forward-thinking experts and innovative approaches powered by artificial intelligence (AI) technologies."},{"@type":"Person","@id":"https:\/\/leger360.com\/fr\/#\/schema\/person\/34dfccb7aa46dcd4085221008ca51ac9","name":"Jason Anthony","image":{"@type":"ImageObject","inLanguage":"fr-CA","@id":"https:\/\/secure.gravatar.com\/avatar\/b8d3134f69c631184566a5436407f9384b5e28c50ff3915e13c50c0c730b64f8?s=96&d=mm&r=g","url":"https:\/\/secure.gravatar.com\/avatar\/b8d3134f69c631184566a5436407f9384b5e28c50ff3915e13c50c0c730b64f8?s=96&d=mm&r=g","contentUrl":"https:\/\/secure.gravatar.com\/avatar\/b8d3134f69c631184566a5436407f9384b5e28c50ff3915e13c50c0c730b64f8?s=96&d=mm&r=g","caption":"Jason Anthony"}}]}},"_links":{"self":[{"href":"https:\/\/leger360.com\/fr\/wp-json\/wp\/v2\/posts\/15964","targetHints":{"allow":["GET"]}}],"collection":[{"href":"https:\/\/leger360.com\/fr\/wp-json\/wp\/v2\/posts"}],"about":[{"href":"https:\/\/leger360.com\/fr\/wp-json\/wp\/v2\/types\/post"}],"author":[{"embeddable":true,"href":"https:\/\/leger360.com\/fr\/wp-json\/wp\/v2\/users\/2"}],"replies":[{"embeddable":true,"href":"https:\/\/leger360.com\/fr\/wp-json\/wp\/v2\/comments?post=15964"}],"version-history":[{"count":0,"href":"https:\/\/leger360.com\/fr\/wp-json\/wp\/v2\/posts\/15964\/revisions"}],"wp:featuredmedia":[{"embeddable":true,"href":"https:\/\/leger360.com\/fr\/wp-json\/wp\/v2\/media\/15966"}],"wp:attachment":[{"href":"https:\/\/leger360.com\/fr\/wp-json\/wp\/v2\/media?parent=15964"}],"wp:term":[{"taxonomy":"category","embeddable":true,"href":"https:\/\/leger360.com\/fr\/wp-json\/wp\/v2\/categories?post=15964"},{"taxonomy":"post_tag","embeddable":true,"href":"https:\/\/leger360.com\/fr\/wp-json\/wp\/v2\/tags?post=15964"},{"taxonomy":"post_language_cat","embeddable":true,"href":"https:\/\/leger360.com\/fr\/wp-json\/wp\/v2\/post_language_cat?post=15964"}],"curies":[{"name":"wp","href":"https:\/\/api.w.org\/{rel}","templated":true}]}}