{"id":16079,"date":"2022-01-14T15:38:39","date_gmt":"2022-01-14T15:38:39","guid":{"rendered":"https:\/\/leger360.com\/conjoncture-2022\/"},"modified":"2022-01-14T15:38:39","modified_gmt":"2022-01-14T15:38:39","slug":"conjoncture-2022","status":"publish","type":"post","link":"https:\/\/leger360.com\/fr\/conjoncture-2022\/","title":{"rendered":"Conjoncture 2022 : Indice de confiance des dirigeants d\u2019entreprise de la grande r\u00e9gion de Qu\u00e9bec pour la prochaine ann\u00e9e"},"content":{"rendered":"\n<h2 class=\"wp-block-heading\" id=\"h-m-thodologie\">M\u00c9THODOLOGIE<\/h2>\n\n\n\n<p>Sondage web men\u00e9 du 29 novembre au 16 d\u00e9cembre 2021, soit quelques jours avant la mise en place des nouvelles mesures gouvernementales visant \u00e0 contrer une mont\u00e9e importante des cas de COVID-19 li\u00e9s au<br>variant Omicron.<\/p>\n\n\n\n<p>\u00c9chantillon de 369 gestionnaires et dirigeants d&rsquo;entreprise de la r\u00e9gion Capitale-Nationale issu de listes de contacts fournies par Qu\u00e9bec International (QI) et la Chambre de commerce et d\u2019industrie de Qu\u00e9bec (CCIQ).<\/p>\n\n\n\n<p>\u00c0 titre comparatif, un \u00e9chantillon probabiliste de m\u00eame taille (369 r\u00e9pondants) comporterait une marge d\u2019erreur maximale de \u00b15,1%, et ce, dans un intervalle de confiance de 95% (19 fois sur 20).<\/p>\n\n\n\n<h2 class=\"wp-block-heading\" id=\"h-faits-saillants\">FAITS SAILLANTS<\/h2>\n\n\n\n<h3 class=\"wp-block-heading\">Les dirigeants d\u2019entreprise de la r\u00e9gion de la Capitale-Nationale croient que la situation \u00e9conomique de leur secteur d\u2019activit\u00e9 sera l\u00e9g\u00e8rement meilleure en 2022 que l\u2019\u00e9valuation qu\u2019ils font de 2021 (71,7 en 2022 contre 69,5 pour 2021).<\/h3>\n\n\n\n<ul class=\"wp-block-list\"><li>74% des dirigeants d\u2019entreprise sond\u00e9s estiment que 2021 a \u00e9t\u00e9 une bonne ann\u00e9e pour leur secteur d\u2019activit\u00e9.<\/li><li>En fait, l\u2019indice moyen d\u2019\u00e9valuation de 69,5 pour 2021 repr\u00e9sente une hausse de 9,1 points par rapport \u00e0 2020.<\/li><li>Un brin d\u2019optimisme transpara\u00eet aussi dans l\u2019indice pr\u00e9visionnel pour 2022, qui est l\u00e9g\u00e8rement plus \u00e9lev\u00e9 (71,7) que celui du retour sur 2021 (69,5).<\/li><\/ul>\n\n\n\n<h3 class=\"wp-block-heading\" id=\"h-le-march-de-la-r-gion-de-qu-bec-est-toujours-le-plus-prometteur-leurs-yeux-72-4\">Le march\u00e9 de la r\u00e9gion de Qu\u00e9bec est toujours le plus prometteur \u00e0 leurs yeux (72,4).<\/h3>\n\n\n\n<p>Bien que la pand\u00e9mie de COVID-19 soit toujours en cours, soulignons aussi un regain d\u2019optimisme chez les dirigeants pour l\u2019ensemble des march\u00e9s g\u00e9ographiques \u00e9valu\u00e9s. L\u2019indice du degr\u00e9 d\u2019optimisme pour chacun d\u2019entre eux conna\u00eet une hausse allant de 4,3 \u00e0 12,6 points par rapport aux pr\u00e9visions faites \u00e0 la m\u00eame date l\u2019an pass\u00e9.<\/p>\n\n\n\n<p>Les indices pour les march\u00e9s de l\u2019Union europ\u00e9enne (60,0) et ailleurs dans le monde (58,0) sont encore une fois plus faibles.<\/p>\n\n\n\n<h3 class=\"wp-block-heading\" id=\"h-la-majorit-59-des-dirigeants-d-entreprise-interrog-s-souhaitent-r-aliser-des-investissements-dans-leur-entreprise-en-2022-soit-une-proportion-similaire-2021-57\">La majorit\u00e9 (59%) des dirigeants d\u2019entreprise interrog\u00e9s souhaitent r\u00e9aliser des investissements dans leur entreprise en 2022, soit une proportion similaire \u00e0 2021 (57%).<\/h3>\n\n\n\n<p>Les investissements pr\u00e9vus seront surtout en informatique (45%) et en recherche et d\u00e9veloppement (42%), tout comme en 2021, ainsi qu\u2019en transformation num\u00e9rique, le tiers des entreprises souhaitant investir dans ce domaine.<\/p>\n\n\n\n<h3 class=\"wp-block-heading\" id=\"h-en-2021-les-trois-quarts-75-des-dirigeants-ont-fait-des-embauches\">En 2021, les trois quarts (75%) des dirigeants ont fait des embauches.<\/h3>\n\n\n\n<p>En parall\u00e8le, 20% des entreprises ont d\u00fb proc\u00e9der \u00e0 des mises \u00e0 pied permanentes ou temporaires. En 2020, cette proportion \u00e9tait de 46%. <\/p>\n\n\n\n<p>\u00c0 pareille date l\u2019ann\u00e9e derni\u00e8re, 63% pr\u00e9voyaient embaucher du personnel en 2021. 75% l\u2019ont r\u00e9ellement fait.<\/p>\n\n\n\n<h3 class=\"wp-block-heading\" id=\"h-les-pr-visions-d-embauche-sont-encourageantes-83-pr-voient-engager-du-personnel-en-2022\">Les pr\u00e9visions d\u2019embauche sont encourageantes : 83% pr\u00e9voient engager du personnel en 2022.<\/h3>\n\n\n\n<p>Au net, 70% des entreprises sond\u00e9es visent une augmentation du nombre de leurs employ\u00e9s, alors que 7% pr\u00e9voient \u00eatre contraintes de revoir ce nombre \u00e0 la baisse au cours de la prochaine ann\u00e9e. <\/p>\n\n\n\n<p>Les principaux besoins \u00e0 combler par les embauches sont li\u00e9s \u00e0 la croissance des activit\u00e9s (55%) et au roulement de personnel (52%).<\/p>\n\n\n\n<h3 class=\"wp-block-heading\" id=\"h-le-recrutement-et-la-r-tention-du-personnel-56-constituent-toujours-la-principale-inqui-tude-des-dirigeants-d-entreprise-pour-l-ann-e-venir\">Le recrutement et la r\u00e9tention du personnel (56%) constituent toujours la principale inqui\u00e9tude des dirigeants d\u2019entreprise pour l\u2019ann\u00e9e \u00e0 venir.<\/h3>\n\n\n\n<p>En fait, le probl\u00e8me s\u2019est accentu\u00e9 : davantage d\u2019entreprises ont r\u00e9pondu avoir souvent (59%) de la difficult\u00e9 dans le recrutement de la main-d\u2019\u0153uvre, comparativement \u00e0 2021 (46%).<\/p>\n","protected":false},"excerpt":{"rendered":"<p>M\u00c9THODOLOGIE Sondage web men\u00e9 du 29 novembre au 16 d\u00e9cembre 2021, soit quelques jours avant la mise en place des nouvelles mesures gouvernementales visant \u00e0 contrer une mont\u00e9e importante des cas de COVID-19 li\u00e9s auvariant Omicron. \u00c9chantillon de 369 gestionnaires et dirigeants d&rsquo;entreprise de la r\u00e9gion Capitale-Nationale issu de listes de contacts fournies par Qu\u00e9bec [&hellip;]<\/p>\n","protected":false},"author":2,"featured_media":16083,"comment_status":"closed","ping_status":"closed","sticky":false,"template":"","format":"standard","meta":{"_acf_changed":false,"_et_pb_use_builder":"","_et_pb_old_content":"","_et_gb_content_width":"","content-type":"","inline_featured_image":false,"footnotes":""},"categories":[35],"tags":[],"post_language_cat":[42],"class_list":["post-16079","post","type-post","status-publish","format-standard","has-post-thumbnail","hentry","category-in-the-news","post_language_cat-fr-in-the-news"],"acf":[],"yoast_head":"<!-- This site is optimized with the Yoast SEO Premium plugin v27.5 (Yoast SEO v27.5) - https:\/\/yoast.com\/product\/yoast-seo-premium-wordpress\/ -->\n<title>Conjoncture 2022 : Indice de confiance des dirigeants d\u2019entreprise de la grande r\u00e9gion de Qu\u00e9bec pour la prochaine ann\u00e9e - Leger<\/title>\n<meta name=\"robots\" content=\"index, follow, max-snippet:-1, max-image-preview:large, max-video-preview:-1\" \/>\n<link rel=\"canonical\" href=\"https:\/\/leger360.com\/fr\/conjoncture-2022\/\" \/>\n<meta property=\"og:locale\" content=\"fr_CA\" \/>\n<meta property=\"og:type\" content=\"article\" \/>\n<meta property=\"og:title\" content=\"Conjoncture 2022 : Indice de confiance des dirigeants d\u2019entreprise de la grande r\u00e9gion de Qu\u00e9bec pour la prochaine ann\u00e9e\" \/>\n<meta property=\"og:description\" content=\"M\u00c9THODOLOGIE Sondage web men\u00e9 du 29 novembre au 16 d\u00e9cembre 2021, soit quelques jours avant la mise en place des nouvelles mesures gouvernementales visant \u00e0 contrer une mont\u00e9e importante des cas de COVID-19 li\u00e9s auvariant Omicron. \u00c9chantillon de 369 gestionnaires et dirigeants d&rsquo;entreprise de la r\u00e9gion Capitale-Nationale issu de listes de contacts fournies par Qu\u00e9bec [&hellip;]\" \/>\n<meta property=\"og:url\" content=\"https:\/\/leger360.com\/fr\/conjoncture-2022\/\" \/>\n<meta property=\"og:site_name\" content=\"Leger\" \/>\n<meta property=\"article:publisher\" content=\"https:\/\/www.facebook.com\/leger360\/\" \/>\n<meta property=\"article:published_time\" content=\"2022-01-14T15:38:39+00:00\" \/>\n<meta property=\"og:image\" content=\"https:\/\/leger360.com\/wp-content\/uploads\/2024\/02\/shutterstock_1054103792.jpg\" \/>\n\t<meta property=\"og:image:width\" content=\"1000\" \/>\n\t<meta property=\"og:image:height\" content=\"667\" \/>\n\t<meta property=\"og:image:type\" content=\"image\/jpeg\" \/>\n<meta name=\"author\" content=\"Jason Anthony\" \/>\n<meta name=\"twitter:card\" content=\"summary_large_image\" \/>\n<meta name=\"twitter:creator\" content=\"@leger360\" \/>\n<meta name=\"twitter:site\" content=\"@leger360\" \/>\n<meta name=\"twitter:label1\" content=\"\u00c9crit par\" \/>\n\t<meta name=\"twitter:data1\" content=\"Jason Anthony\" \/>\n\t<meta name=\"twitter:label2\" content=\"Estimation du temps de lecture\" \/>\n\t<meta name=\"twitter:data2\" content=\"3 minutes\" \/>\n<script type=\"application\/ld+json\" class=\"yoast-schema-graph\">{\"@context\":\"https:\\\/\\\/schema.org\",\"@graph\":[{\"@type\":\"Article\",\"@id\":\"https:\\\/\\\/leger360.com\\\/fr\\\/conjoncture-2022\\\/#article\",\"isPartOf\":{\"@id\":\"https:\\\/\\\/leger360.com\\\/fr\\\/conjoncture-2022\\\/\"},\"author\":{\"name\":\"Jason Anthony\",\"@id\":\"https:\\\/\\\/leger360.com\\\/fr\\\/#\\\/schema\\\/person\\\/34dfccb7aa46dcd4085221008ca51ac9\"},\"headline\":\"Conjoncture 2022 : Indice de confiance des dirigeants d\u2019entreprise de la grande r\u00e9gion de Qu\u00e9bec pour la prochaine ann\u00e9e\",\"datePublished\":\"2022-01-14T15:38:39+00:00\",\"mainEntityOfPage\":{\"@id\":\"https:\\\/\\\/leger360.com\\\/fr\\\/conjoncture-2022\\\/\"},\"wordCount\":537,\"publisher\":{\"@id\":\"https:\\\/\\\/leger360.com\\\/fr\\\/#organization\"},\"image\":{\"@id\":\"https:\\\/\\\/leger360.com\\\/fr\\\/conjoncture-2022\\\/#primaryimage\"},\"thumbnailUrl\":\"https:\\\/\\\/leger360.com\\\/wp-content\\\/uploads\\\/2024\\\/02\\\/shutterstock_1054103792.jpg\",\"articleSection\":[\"In the news\"],\"inLanguage\":\"fr-CA\"},{\"@type\":\"WebPage\",\"@id\":\"https:\\\/\\\/leger360.com\\\/fr\\\/conjoncture-2022\\\/\",\"url\":\"https:\\\/\\\/leger360.com\\\/fr\\\/conjoncture-2022\\\/\",\"name\":\"Conjoncture 2022 : Indice de confiance des dirigeants d\u2019entreprise de la grande r\u00e9gion de Qu\u00e9bec pour la prochaine ann\u00e9e - Leger\",\"isPartOf\":{\"@id\":\"https:\\\/\\\/leger360.com\\\/fr\\\/#website\"},\"primaryImageOfPage\":{\"@id\":\"https:\\\/\\\/leger360.com\\\/fr\\\/conjoncture-2022\\\/#primaryimage\"},\"image\":{\"@id\":\"https:\\\/\\\/leger360.com\\\/fr\\\/conjoncture-2022\\\/#primaryimage\"},\"thumbnailUrl\":\"https:\\\/\\\/leger360.com\\\/wp-content\\\/uploads\\\/2024\\\/02\\\/shutterstock_1054103792.jpg\",\"datePublished\":\"2022-01-14T15:38:39+00:00\",\"breadcrumb\":{\"@id\":\"https:\\\/\\\/leger360.com\\\/fr\\\/conjoncture-2022\\\/#breadcrumb\"},\"inLanguage\":\"fr-CA\",\"potentialAction\":[{\"@type\":\"ReadAction\",\"target\":[\"https:\\\/\\\/leger360.com\\\/fr\\\/conjoncture-2022\\\/\"]}]},{\"@type\":\"ImageObject\",\"inLanguage\":\"fr-CA\",\"@id\":\"https:\\\/\\\/leger360.com\\\/fr\\\/conjoncture-2022\\\/#primaryimage\",\"url\":\"https:\\\/\\\/leger360.com\\\/wp-content\\\/uploads\\\/2024\\\/02\\\/shutterstock_1054103792.jpg\",\"contentUrl\":\"https:\\\/\\\/leger360.com\\\/wp-content\\\/uploads\\\/2024\\\/02\\\/shutterstock_1054103792.jpg\",\"width\":1000,\"height\":667},{\"@type\":\"BreadcrumbList\",\"@id\":\"https:\\\/\\\/leger360.com\\\/fr\\\/conjoncture-2022\\\/#breadcrumb\",\"itemListElement\":[{\"@type\":\"ListItem\",\"position\":1,\"name\":\"Home\",\"item\":\"https:\\\/\\\/leger360.com\\\/fr\\\/\"},{\"@type\":\"ListItem\",\"position\":2,\"name\":\"Conjoncture 2022 : Indice de confiance des dirigeants d\u2019entreprise de la grande r\u00e9gion de Qu\u00e9bec pour la prochaine ann\u00e9e\"}]},{\"@type\":\"WebSite\",\"@id\":\"https:\\\/\\\/leger360.com\\\/fr\\\/#website\",\"url\":\"https:\\\/\\\/leger360.com\\\/fr\\\/\",\"name\":\"Leger\",\"description\":\"Market Research | Data Analytics\",\"publisher\":{\"@id\":\"https:\\\/\\\/leger360.com\\\/fr\\\/#organization\"},\"potentialAction\":[{\"@type\":\"SearchAction\",\"target\":{\"@type\":\"EntryPoint\",\"urlTemplate\":\"https:\\\/\\\/leger360.com\\\/fr\\\/?s={search_term_string}\"},\"query-input\":{\"@type\":\"PropertyValueSpecification\",\"valueRequired\":true,\"valueName\":\"search_term_string\"}}],\"inLanguage\":\"fr-CA\"},{\"@type\":\"Organization\",\"@id\":\"https:\\\/\\\/leger360.com\\\/fr\\\/#organization\",\"name\":\"Leger\",\"url\":\"https:\\\/\\\/leger360.com\\\/fr\\\/\",\"logo\":{\"@type\":\"ImageObject\",\"inLanguage\":\"fr-CA\",\"@id\":\"https:\\\/\\\/leger360.com\\\/fr\\\/#\\\/schema\\\/logo\\\/image\\\/\",\"url\":\"https:\\\/\\\/leger360.com\\\/wp-content\\\/uploads\\\/2024\\\/04\\\/2022-Logo-Leger-Blackred-g.png\",\"contentUrl\":\"https:\\\/\\\/leger360.com\\\/wp-content\\\/uploads\\\/2024\\\/04\\\/2022-Logo-Leger-Blackred-g.png\",\"width\":1195,\"height\":686,\"caption\":\"Leger\"},\"image\":{\"@id\":\"https:\\\/\\\/leger360.com\\\/fr\\\/#\\\/schema\\\/logo\\\/image\\\/\"},\"sameAs\":[\"https:\\\/\\\/www.facebook.com\\\/leger360\\\/\",\"https:\\\/\\\/x.com\\\/leger360\",\"https:\\\/\\\/www.linkedin.com\\\/company\\\/leger360\\\/\"],\"description\":\"Leger is one of North America\u2019s fastest-growing market research companies, known for our forward-thinking experts and innovative approaches powered by artificial intelligence (AI) technologies.\"},{\"@type\":\"Person\",\"@id\":\"https:\\\/\\\/leger360.com\\\/fr\\\/#\\\/schema\\\/person\\\/34dfccb7aa46dcd4085221008ca51ac9\",\"name\":\"Jason Anthony\",\"image\":{\"@type\":\"ImageObject\",\"inLanguage\":\"fr-CA\",\"@id\":\"https:\\\/\\\/secure.gravatar.com\\\/avatar\\\/b8d3134f69c631184566a5436407f9384b5e28c50ff3915e13c50c0c730b64f8?s=96&d=mm&r=g\",\"url\":\"https:\\\/\\\/secure.gravatar.com\\\/avatar\\\/b8d3134f69c631184566a5436407f9384b5e28c50ff3915e13c50c0c730b64f8?s=96&d=mm&r=g\",\"contentUrl\":\"https:\\\/\\\/secure.gravatar.com\\\/avatar\\\/b8d3134f69c631184566a5436407f9384b5e28c50ff3915e13c50c0c730b64f8?s=96&d=mm&r=g\",\"caption\":\"Jason Anthony\"}}]}<\/script>\n<!-- \/ Yoast SEO Premium plugin. -->","yoast_head_json":{"title":"Conjoncture 2022 : Indice de confiance des dirigeants d\u2019entreprise de la grande r\u00e9gion de Qu\u00e9bec pour la prochaine ann\u00e9e - Leger","robots":{"index":"index","follow":"follow","max-snippet":"max-snippet:-1","max-image-preview":"max-image-preview:large","max-video-preview":"max-video-preview:-1"},"canonical":"https:\/\/leger360.com\/fr\/conjoncture-2022\/","og_locale":"fr_CA","og_type":"article","og_title":"Conjoncture 2022 : Indice de confiance des dirigeants d\u2019entreprise de la grande r\u00e9gion de Qu\u00e9bec pour la prochaine ann\u00e9e","og_description":"M\u00c9THODOLOGIE Sondage web men\u00e9 du 29 novembre au 16 d\u00e9cembre 2021, soit quelques jours avant la mise en place des nouvelles mesures gouvernementales visant \u00e0 contrer une mont\u00e9e importante des cas de COVID-19 li\u00e9s auvariant Omicron. \u00c9chantillon de 369 gestionnaires et dirigeants d&rsquo;entreprise de la r\u00e9gion Capitale-Nationale issu de listes de contacts fournies par Qu\u00e9bec [&hellip;]","og_url":"https:\/\/leger360.com\/fr\/conjoncture-2022\/","og_site_name":"Leger","article_publisher":"https:\/\/www.facebook.com\/leger360\/","article_published_time":"2022-01-14T15:38:39+00:00","og_image":[{"width":1000,"height":667,"url":"https:\/\/leger360.com\/wp-content\/uploads\/2024\/02\/shutterstock_1054103792.jpg","type":"image\/jpeg"}],"author":"Jason Anthony","twitter_card":"summary_large_image","twitter_creator":"@leger360","twitter_site":"@leger360","twitter_misc":{"\u00c9crit par":"Jason Anthony","Estimation du temps de lecture":"3 minutes"},"schema":{"@context":"https:\/\/schema.org","@graph":[{"@type":"Article","@id":"https:\/\/leger360.com\/fr\/conjoncture-2022\/#article","isPartOf":{"@id":"https:\/\/leger360.com\/fr\/conjoncture-2022\/"},"author":{"name":"Jason Anthony","@id":"https:\/\/leger360.com\/fr\/#\/schema\/person\/34dfccb7aa46dcd4085221008ca51ac9"},"headline":"Conjoncture 2022 : Indice de confiance des dirigeants d\u2019entreprise de la grande r\u00e9gion de Qu\u00e9bec pour la prochaine ann\u00e9e","datePublished":"2022-01-14T15:38:39+00:00","mainEntityOfPage":{"@id":"https:\/\/leger360.com\/fr\/conjoncture-2022\/"},"wordCount":537,"publisher":{"@id":"https:\/\/leger360.com\/fr\/#organization"},"image":{"@id":"https:\/\/leger360.com\/fr\/conjoncture-2022\/#primaryimage"},"thumbnailUrl":"https:\/\/leger360.com\/wp-content\/uploads\/2024\/02\/shutterstock_1054103792.jpg","articleSection":["In the news"],"inLanguage":"fr-CA"},{"@type":"WebPage","@id":"https:\/\/leger360.com\/fr\/conjoncture-2022\/","url":"https:\/\/leger360.com\/fr\/conjoncture-2022\/","name":"Conjoncture 2022 : Indice de confiance des dirigeants d\u2019entreprise de la grande r\u00e9gion de Qu\u00e9bec pour la prochaine ann\u00e9e - Leger","isPartOf":{"@id":"https:\/\/leger360.com\/fr\/#website"},"primaryImageOfPage":{"@id":"https:\/\/leger360.com\/fr\/conjoncture-2022\/#primaryimage"},"image":{"@id":"https:\/\/leger360.com\/fr\/conjoncture-2022\/#primaryimage"},"thumbnailUrl":"https:\/\/leger360.com\/wp-content\/uploads\/2024\/02\/shutterstock_1054103792.jpg","datePublished":"2022-01-14T15:38:39+00:00","breadcrumb":{"@id":"https:\/\/leger360.com\/fr\/conjoncture-2022\/#breadcrumb"},"inLanguage":"fr-CA","potentialAction":[{"@type":"ReadAction","target":["https:\/\/leger360.com\/fr\/conjoncture-2022\/"]}]},{"@type":"ImageObject","inLanguage":"fr-CA","@id":"https:\/\/leger360.com\/fr\/conjoncture-2022\/#primaryimage","url":"https:\/\/leger360.com\/wp-content\/uploads\/2024\/02\/shutterstock_1054103792.jpg","contentUrl":"https:\/\/leger360.com\/wp-content\/uploads\/2024\/02\/shutterstock_1054103792.jpg","width":1000,"height":667},{"@type":"BreadcrumbList","@id":"https:\/\/leger360.com\/fr\/conjoncture-2022\/#breadcrumb","itemListElement":[{"@type":"ListItem","position":1,"name":"Home","item":"https:\/\/leger360.com\/fr\/"},{"@type":"ListItem","position":2,"name":"Conjoncture 2022 : Indice de confiance des dirigeants d\u2019entreprise de la grande r\u00e9gion de Qu\u00e9bec pour la prochaine ann\u00e9e"}]},{"@type":"WebSite","@id":"https:\/\/leger360.com\/fr\/#website","url":"https:\/\/leger360.com\/fr\/","name":"Leger","description":"Market Research | Data Analytics","publisher":{"@id":"https:\/\/leger360.com\/fr\/#organization"},"potentialAction":[{"@type":"SearchAction","target":{"@type":"EntryPoint","urlTemplate":"https:\/\/leger360.com\/fr\/?s={search_term_string}"},"query-input":{"@type":"PropertyValueSpecification","valueRequired":true,"valueName":"search_term_string"}}],"inLanguage":"fr-CA"},{"@type":"Organization","@id":"https:\/\/leger360.com\/fr\/#organization","name":"Leger","url":"https:\/\/leger360.com\/fr\/","logo":{"@type":"ImageObject","inLanguage":"fr-CA","@id":"https:\/\/leger360.com\/fr\/#\/schema\/logo\/image\/","url":"https:\/\/leger360.com\/wp-content\/uploads\/2024\/04\/2022-Logo-Leger-Blackred-g.png","contentUrl":"https:\/\/leger360.com\/wp-content\/uploads\/2024\/04\/2022-Logo-Leger-Blackred-g.png","width":1195,"height":686,"caption":"Leger"},"image":{"@id":"https:\/\/leger360.com\/fr\/#\/schema\/logo\/image\/"},"sameAs":["https:\/\/www.facebook.com\/leger360\/","https:\/\/x.com\/leger360","https:\/\/www.linkedin.com\/company\/leger360\/"],"description":"Leger is one of North America\u2019s fastest-growing market research companies, known for our forward-thinking experts and innovative approaches powered by artificial intelligence (AI) technologies."},{"@type":"Person","@id":"https:\/\/leger360.com\/fr\/#\/schema\/person\/34dfccb7aa46dcd4085221008ca51ac9","name":"Jason Anthony","image":{"@type":"ImageObject","inLanguage":"fr-CA","@id":"https:\/\/secure.gravatar.com\/avatar\/b8d3134f69c631184566a5436407f9384b5e28c50ff3915e13c50c0c730b64f8?s=96&d=mm&r=g","url":"https:\/\/secure.gravatar.com\/avatar\/b8d3134f69c631184566a5436407f9384b5e28c50ff3915e13c50c0c730b64f8?s=96&d=mm&r=g","contentUrl":"https:\/\/secure.gravatar.com\/avatar\/b8d3134f69c631184566a5436407f9384b5e28c50ff3915e13c50c0c730b64f8?s=96&d=mm&r=g","caption":"Jason Anthony"}}]}},"_links":{"self":[{"href":"https:\/\/leger360.com\/fr\/wp-json\/wp\/v2\/posts\/16079","targetHints":{"allow":["GET"]}}],"collection":[{"href":"https:\/\/leger360.com\/fr\/wp-json\/wp\/v2\/posts"}],"about":[{"href":"https:\/\/leger360.com\/fr\/wp-json\/wp\/v2\/types\/post"}],"author":[{"embeddable":true,"href":"https:\/\/leger360.com\/fr\/wp-json\/wp\/v2\/users\/2"}],"replies":[{"embeddable":true,"href":"https:\/\/leger360.com\/fr\/wp-json\/wp\/v2\/comments?post=16079"}],"version-history":[{"count":0,"href":"https:\/\/leger360.com\/fr\/wp-json\/wp\/v2\/posts\/16079\/revisions"}],"wp:featuredmedia":[{"embeddable":true,"href":"https:\/\/leger360.com\/fr\/wp-json\/wp\/v2\/media\/16083"}],"wp:attachment":[{"href":"https:\/\/leger360.com\/fr\/wp-json\/wp\/v2\/media?parent=16079"}],"wp:term":[{"taxonomy":"category","embeddable":true,"href":"https:\/\/leger360.com\/fr\/wp-json\/wp\/v2\/categories?post=16079"},{"taxonomy":"post_tag","embeddable":true,"href":"https:\/\/leger360.com\/fr\/wp-json\/wp\/v2\/tags?post=16079"},{"taxonomy":"post_language_cat","embeddable":true,"href":"https:\/\/leger360.com\/fr\/wp-json\/wp\/v2\/post_language_cat?post=16079"}],"curies":[{"name":"wp","href":"https:\/\/api.w.org\/{rel}","templated":true}]}}