{"id":16203,"date":"2022-03-11T04:00:00","date_gmt":"2022-03-11T04:00:00","guid":{"rendered":"https:\/\/leger360.com\/la-course-a-la-direction-du-parti-conservateur-du-canada\/"},"modified":"2024-02-09T09:54:36","modified_gmt":"2024-02-09T09:54:36","slug":"la-course-a-la-direction-du-parti-conservateur-du-canada","status":"publish","type":"post","link":"https:\/\/leger360.com\/fr\/la-course-a-la-direction-du-parti-conservateur-du-canada\/","title":{"rendered":"La course \u00e0 la direction du Parti conservateur du Canada"},"content":{"rendered":"\n<p><mark style=\"background-color:rgba(0, 0, 0, 0)\" class=\"has-inline-color has-black-color\">Le Journal de Montr\u00e9al, TVA Nouvelles, QUB radio et <em>The National Post<\/em> ont mandat\u00e9 L\u00e9ger afin de sonder les Canadiens sur la course \u00e0 la direction du Parti conservateur du Canada et les intentions de vote au f\u00e9d\u00e9ral.<\/mark><\/p>\n\n\n\n<h3 class=\"wp-block-heading\" id=\"h-quelques-faits-saillants-de-notre-sondage-portant-sur-la-direction-du-parti-conservateur-et-la-politique-federale\">QUELQUES FAITS SAILLANTS DE NOTRE SONDAGE PORTANT SUR LA DIRECTION DU PARTI CONSERVATEUR ET LA POLITIQUE F\u00c9D\u00c9RALE&#8230;<\/h3>\n\n\n\n<ul class=\"wp-block-list\"><li>Si des \u00e9lections f\u00e9d\u00e9rales avaient lieu aujourd\u2019hui, 33% des r\u00e9pondants d\u00e9cid\u00e9s voteraient pour le Parti lib\u00e9ral du Canada de Justin Trudeau, 28% pour le Parti conservateur du Canada de Candice Bergen, 22% pour le Nouveau Parti d\u00e9mocratique du Canada de Jagmeet Singh.<\/li><li>41% des \u00e9lecteurs conservateurs croient que Pierre Poilievre ferait le meilleur chef pour le Parti conservateur du Canada. La m\u00eame proportion (41%) croit que Poilievre a le plus de change de gagner contre le parti lib\u00e9ral de Justin Trudeau lors des prochaines \u00e9lections.<\/li><li>Selon les \u00e9lecteurs conservateurs, il est important que le prochain chef du parti conserve un budget \u00e9quilibr\u00e9 et \u00e9vite les d\u00e9ficits (76%), d\u00e9fende les int\u00e9r\u00eats nationaux (66%) et ait de l\u2019exp\u00e9rience politique (66%).<\/li><li>52% des \u00e9lecteurs conservateurs croient que cela n\u2019a pas d\u2019importance si le prochain chef du Parti conservateur soit bilingue. <\/li><\/ul>\n\n\n\n<p><\/p>\n\n\n\n<div class=\"wp-block-image\"><figure class=\"aligncenter size-large is-resized\"><img decoding=\"async\" src=\"https:\/\/leger360.com\/wp-content\/uploads\/2024\/02\/PCC-leadership_FR_2022-03-10-1024x1024.jpg\" alt=\"La course \u00e0 la direction du Parti conservateur du Canada : Le ou la meilleur(e) chef \" class=\"wp-image-34323\" width=\"600\" height=\"600\"\/><\/figure><\/div>\n\n\n\n<p><\/p>\n\n\n\n<h3 class=\"wp-block-heading\" id=\"h-methodologie-du-sondage\">M\u00c9THODOLOGIE DU SONDAGE<\/h3>\n\n\n\n<ul class=\"wp-block-list\"><li>Un sondage Web a \u00e9t\u00e9 r\u00e9alis\u00e9 aupr\u00e8s de 1 591 Canadiens \u00e2g\u00e9s de 18 ou plus et ayant le droit de vote au Canada. Les r\u00e9pondants devaient pouvoir s\u2019exprimer en fran\u00e7ais ou en anglais et ont \u00e9t\u00e9 recrut\u00e9s al\u00e9atoirement \u00e0 l\u2019aide du panel en ligne de LEO.<\/li><li>Les donn\u00e9es ont \u00e9t\u00e9 collect\u00e9es du 4 au 6 mars 2022.<\/li><li>Il n\u2019est pas possible de calculer une marge d\u2019erreur sur un \u00e9chantillon tir\u00e9 d\u2019un panel, mais \u00e0 titre comparatif, la marge d\u2019erreur maximale pour un \u00e9chantillon de 1 591 r\u00e9pondant-e-s est de \u00b1 2,5%, et ce 19 fois sur 20.<\/li><li>Les r\u00e9sultats ont \u00e9t\u00e9 pond\u00e9r\u00e9s en fonction du genre, de l\u2019\u00e2ge, de la langue maternelle, de la r\u00e9gion, du niveau de scolarit\u00e9 et de la pr\u00e9sence d\u2019enfants dans le m\u00e9nage afin d\u2019assurer un \u00e9chantillon repr\u00e9sentatif de la population canadienne.<\/li><\/ul>\n","protected":false},"excerpt":{"rendered":"<p>Le Journal de Montr\u00e9al, TVA Nouvelles, QUB radio et The National Post ont mandat\u00e9 L\u00e9ger afin de sonder les Canadiens sur la course \u00e0 la direction du Parti conservateur du Canada et les intentions de vote au f\u00e9d\u00e9ral. QUELQUES FAITS SAILLANTS DE NOTRE SONDAGE PORTANT SUR LA DIRECTION DU PARTI CONSERVATEUR ET LA POLITIQUE F\u00c9D\u00c9RALE&#8230; [&hellip;]<\/p>\n","protected":false},"author":2,"featured_media":10837,"comment_status":"closed","ping_status":"closed","sticky":false,"template":"","format":"standard","meta":{"_acf_changed":false,"_et_pb_use_builder":"","_et_pb_old_content":"","_et_gb_content_width":"","content-type":"","inline_featured_image":false,"footnotes":""},"categories":[1037],"tags":[],"post_language_cat":[42],"class_list":["post-16203","post","type-post","status-publish","format-standard","has-post-thumbnail","hentry","category-dernieres-nouvelles","post_language_cat-fr-in-the-news"],"acf":[],"yoast_head":"<!-- This site is optimized with the Yoast SEO Premium plugin v27.5 (Yoast SEO v27.5) - https:\/\/yoast.com\/product\/yoast-seo-premium-wordpress\/ -->\n<title>La course \u00e0 la direction du Parti conservateur du Canada - Leger<\/title>\n<meta name=\"robots\" content=\"index, follow, max-snippet:-1, max-image-preview:large, max-video-preview:-1\" \/>\n<link rel=\"canonical\" href=\"https:\/\/leger360.com\/fr\/la-course-a-la-direction-du-parti-conservateur-du-canada\/\" \/>\n<meta property=\"og:locale\" content=\"fr_CA\" \/>\n<meta property=\"og:type\" content=\"article\" \/>\n<meta property=\"og:title\" content=\"La course \u00e0 la direction du Parti conservateur du Canada\" \/>\n<meta property=\"og:description\" content=\"Le Journal de Montr\u00e9al, TVA Nouvelles, QUB radio et The National Post ont mandat\u00e9 L\u00e9ger afin de sonder les Canadiens sur la course \u00e0 la direction du Parti conservateur du Canada et les intentions de vote au f\u00e9d\u00e9ral. QUELQUES FAITS SAILLANTS DE NOTRE SONDAGE PORTANT SUR LA DIRECTION DU PARTI CONSERVATEUR ET LA POLITIQUE F\u00c9D\u00c9RALE&#8230; [&hellip;]\" \/>\n<meta property=\"og:url\" content=\"https:\/\/leger360.com\/fr\/la-course-a-la-direction-du-parti-conservateur-du-canada\/\" \/>\n<meta property=\"og:site_name\" content=\"Leger\" \/>\n<meta property=\"article:publisher\" content=\"https:\/\/www.facebook.com\/leger360\/\" \/>\n<meta property=\"article:published_time\" content=\"2022-03-11T04:00:00+00:00\" \/>\n<meta property=\"article:modified_time\" content=\"2024-02-09T09:54:36+00:00\" \/>\n<meta property=\"og:image\" content=\"https:\/\/leger360.com\/wp-content\/uploads\/2024\/02\/Plan-de-travail-1PCC-leadership.jpg\" \/>\n\t<meta property=\"og:image:width\" content=\"1200\" \/>\n\t<meta property=\"og:image:height\" content=\"750\" \/>\n\t<meta property=\"og:image:type\" content=\"image\/jpeg\" \/>\n<meta name=\"author\" content=\"Jason Anthony\" \/>\n<meta name=\"twitter:card\" content=\"summary_large_image\" \/>\n<meta name=\"twitter:creator\" content=\"@leger360\" \/>\n<meta name=\"twitter:site\" content=\"@leger360\" \/>\n<meta name=\"twitter:label1\" content=\"\u00c9crit par\" \/>\n\t<meta name=\"twitter:data1\" content=\"Jason Anthony\" \/>\n\t<meta name=\"twitter:label2\" content=\"Estimation du temps de lecture\" \/>\n\t<meta name=\"twitter:data2\" content=\"2 minutes\" \/>\n<script type=\"application\/ld+json\" class=\"yoast-schema-graph\">{\"@context\":\"https:\\\/\\\/schema.org\",\"@graph\":[{\"@type\":\"Article\",\"@id\":\"https:\\\/\\\/leger360.com\\\/fr\\\/la-course-a-la-direction-du-parti-conservateur-du-canada\\\/#article\",\"isPartOf\":{\"@id\":\"https:\\\/\\\/leger360.com\\\/fr\\\/la-course-a-la-direction-du-parti-conservateur-du-canada\\\/\"},\"author\":{\"name\":\"Jason Anthony\",\"@id\":\"https:\\\/\\\/leger360.com\\\/fr\\\/#\\\/schema\\\/person\\\/34dfccb7aa46dcd4085221008ca51ac9\"},\"headline\":\"La course \u00e0 la direction du Parti conservateur du Canada\",\"datePublished\":\"2022-03-11T04:00:00+00:00\",\"dateModified\":\"2024-02-09T09:54:36+00:00\",\"mainEntityOfPage\":{\"@id\":\"https:\\\/\\\/leger360.com\\\/fr\\\/la-course-a-la-direction-du-parti-conservateur-du-canada\\\/\"},\"wordCount\":368,\"publisher\":{\"@id\":\"https:\\\/\\\/leger360.com\\\/fr\\\/#organization\"},\"image\":{\"@id\":\"https:\\\/\\\/leger360.com\\\/fr\\\/la-course-a-la-direction-du-parti-conservateur-du-canada\\\/#primaryimage\"},\"thumbnailUrl\":\"https:\\\/\\\/leger360.com\\\/wp-content\\\/uploads\\\/2024\\\/02\\\/Plan-de-travail-1PCC-leadership.jpg\",\"articleSection\":[\"Derni\u00e8res nouvelles\"],\"inLanguage\":\"fr-CA\"},{\"@type\":\"WebPage\",\"@id\":\"https:\\\/\\\/leger360.com\\\/fr\\\/la-course-a-la-direction-du-parti-conservateur-du-canada\\\/\",\"url\":\"https:\\\/\\\/leger360.com\\\/fr\\\/la-course-a-la-direction-du-parti-conservateur-du-canada\\\/\",\"name\":\"La course \u00e0 la direction du Parti conservateur du Canada - Leger\",\"isPartOf\":{\"@id\":\"https:\\\/\\\/leger360.com\\\/fr\\\/#website\"},\"primaryImageOfPage\":{\"@id\":\"https:\\\/\\\/leger360.com\\\/fr\\\/la-course-a-la-direction-du-parti-conservateur-du-canada\\\/#primaryimage\"},\"image\":{\"@id\":\"https:\\\/\\\/leger360.com\\\/fr\\\/la-course-a-la-direction-du-parti-conservateur-du-canada\\\/#primaryimage\"},\"thumbnailUrl\":\"https:\\\/\\\/leger360.com\\\/wp-content\\\/uploads\\\/2024\\\/02\\\/Plan-de-travail-1PCC-leadership.jpg\",\"datePublished\":\"2022-03-11T04:00:00+00:00\",\"dateModified\":\"2024-02-09T09:54:36+00:00\",\"breadcrumb\":{\"@id\":\"https:\\\/\\\/leger360.com\\\/fr\\\/la-course-a-la-direction-du-parti-conservateur-du-canada\\\/#breadcrumb\"},\"inLanguage\":\"fr-CA\",\"potentialAction\":[{\"@type\":\"ReadAction\",\"target\":[\"https:\\\/\\\/leger360.com\\\/fr\\\/la-course-a-la-direction-du-parti-conservateur-du-canada\\\/\"]}]},{\"@type\":\"ImageObject\",\"inLanguage\":\"fr-CA\",\"@id\":\"https:\\\/\\\/leger360.com\\\/fr\\\/la-course-a-la-direction-du-parti-conservateur-du-canada\\\/#primaryimage\",\"url\":\"https:\\\/\\\/leger360.com\\\/wp-content\\\/uploads\\\/2024\\\/02\\\/Plan-de-travail-1PCC-leadership.jpg\",\"contentUrl\":\"https:\\\/\\\/leger360.com\\\/wp-content\\\/uploads\\\/2024\\\/02\\\/Plan-de-travail-1PCC-leadership.jpg\",\"width\":1200,\"height\":750},{\"@type\":\"BreadcrumbList\",\"@id\":\"https:\\\/\\\/leger360.com\\\/fr\\\/la-course-a-la-direction-du-parti-conservateur-du-canada\\\/#breadcrumb\",\"itemListElement\":[{\"@type\":\"ListItem\",\"position\":1,\"name\":\"Home\",\"item\":\"https:\\\/\\\/leger360.com\\\/fr\\\/\"},{\"@type\":\"ListItem\",\"position\":2,\"name\":\"La course \u00e0 la direction du Parti conservateur du Canada\"}]},{\"@type\":\"WebSite\",\"@id\":\"https:\\\/\\\/leger360.com\\\/fr\\\/#website\",\"url\":\"https:\\\/\\\/leger360.com\\\/fr\\\/\",\"name\":\"Leger\",\"description\":\"Market Research | Data Analytics\",\"publisher\":{\"@id\":\"https:\\\/\\\/leger360.com\\\/fr\\\/#organization\"},\"potentialAction\":[{\"@type\":\"SearchAction\",\"target\":{\"@type\":\"EntryPoint\",\"urlTemplate\":\"https:\\\/\\\/leger360.com\\\/fr\\\/?s={search_term_string}\"},\"query-input\":{\"@type\":\"PropertyValueSpecification\",\"valueRequired\":true,\"valueName\":\"search_term_string\"}}],\"inLanguage\":\"fr-CA\"},{\"@type\":\"Organization\",\"@id\":\"https:\\\/\\\/leger360.com\\\/fr\\\/#organization\",\"name\":\"Leger\",\"url\":\"https:\\\/\\\/leger360.com\\\/fr\\\/\",\"logo\":{\"@type\":\"ImageObject\",\"inLanguage\":\"fr-CA\",\"@id\":\"https:\\\/\\\/leger360.com\\\/fr\\\/#\\\/schema\\\/logo\\\/image\\\/\",\"url\":\"https:\\\/\\\/leger360.com\\\/wp-content\\\/uploads\\\/2024\\\/04\\\/2022-Logo-Leger-Blackred-g.png\",\"contentUrl\":\"https:\\\/\\\/leger360.com\\\/wp-content\\\/uploads\\\/2024\\\/04\\\/2022-Logo-Leger-Blackred-g.png\",\"width\":1195,\"height\":686,\"caption\":\"Leger\"},\"image\":{\"@id\":\"https:\\\/\\\/leger360.com\\\/fr\\\/#\\\/schema\\\/logo\\\/image\\\/\"},\"sameAs\":[\"https:\\\/\\\/www.facebook.com\\\/leger360\\\/\",\"https:\\\/\\\/x.com\\\/leger360\",\"https:\\\/\\\/www.linkedin.com\\\/company\\\/leger360\\\/\"],\"description\":\"Leger is one of North America\u2019s fastest-growing market research companies, known for our forward-thinking experts and innovative approaches powered by artificial intelligence (AI) technologies.\"},{\"@type\":\"Person\",\"@id\":\"https:\\\/\\\/leger360.com\\\/fr\\\/#\\\/schema\\\/person\\\/34dfccb7aa46dcd4085221008ca51ac9\",\"name\":\"Jason Anthony\",\"image\":{\"@type\":\"ImageObject\",\"inLanguage\":\"fr-CA\",\"@id\":\"https:\\\/\\\/secure.gravatar.com\\\/avatar\\\/b8d3134f69c631184566a5436407f9384b5e28c50ff3915e13c50c0c730b64f8?s=96&d=mm&r=g\",\"url\":\"https:\\\/\\\/secure.gravatar.com\\\/avatar\\\/b8d3134f69c631184566a5436407f9384b5e28c50ff3915e13c50c0c730b64f8?s=96&d=mm&r=g\",\"contentUrl\":\"https:\\\/\\\/secure.gravatar.com\\\/avatar\\\/b8d3134f69c631184566a5436407f9384b5e28c50ff3915e13c50c0c730b64f8?s=96&d=mm&r=g\",\"caption\":\"Jason Anthony\"}}]}<\/script>\n<!-- \/ Yoast SEO Premium plugin. -->","yoast_head_json":{"title":"La course \u00e0 la direction du Parti conservateur du Canada - Leger","robots":{"index":"index","follow":"follow","max-snippet":"max-snippet:-1","max-image-preview":"max-image-preview:large","max-video-preview":"max-video-preview:-1"},"canonical":"https:\/\/leger360.com\/fr\/la-course-a-la-direction-du-parti-conservateur-du-canada\/","og_locale":"fr_CA","og_type":"article","og_title":"La course \u00e0 la direction du Parti conservateur du Canada","og_description":"Le Journal de Montr\u00e9al, TVA Nouvelles, QUB radio et The National Post ont mandat\u00e9 L\u00e9ger afin de sonder les Canadiens sur la course \u00e0 la direction du Parti conservateur du Canada et les intentions de vote au f\u00e9d\u00e9ral. QUELQUES FAITS SAILLANTS DE NOTRE SONDAGE PORTANT SUR LA DIRECTION DU PARTI CONSERVATEUR ET LA POLITIQUE F\u00c9D\u00c9RALE&#8230; [&hellip;]","og_url":"https:\/\/leger360.com\/fr\/la-course-a-la-direction-du-parti-conservateur-du-canada\/","og_site_name":"Leger","article_publisher":"https:\/\/www.facebook.com\/leger360\/","article_published_time":"2022-03-11T04:00:00+00:00","article_modified_time":"2024-02-09T09:54:36+00:00","og_image":[{"width":1200,"height":750,"url":"https:\/\/leger360.com\/wp-content\/uploads\/2024\/02\/Plan-de-travail-1PCC-leadership.jpg","type":"image\/jpeg"}],"author":"Jason Anthony","twitter_card":"summary_large_image","twitter_creator":"@leger360","twitter_site":"@leger360","twitter_misc":{"\u00c9crit par":"Jason Anthony","Estimation du temps de lecture":"2 minutes"},"schema":{"@context":"https:\/\/schema.org","@graph":[{"@type":"Article","@id":"https:\/\/leger360.com\/fr\/la-course-a-la-direction-du-parti-conservateur-du-canada\/#article","isPartOf":{"@id":"https:\/\/leger360.com\/fr\/la-course-a-la-direction-du-parti-conservateur-du-canada\/"},"author":{"name":"Jason Anthony","@id":"https:\/\/leger360.com\/fr\/#\/schema\/person\/34dfccb7aa46dcd4085221008ca51ac9"},"headline":"La course \u00e0 la direction du Parti conservateur du Canada","datePublished":"2022-03-11T04:00:00+00:00","dateModified":"2024-02-09T09:54:36+00:00","mainEntityOfPage":{"@id":"https:\/\/leger360.com\/fr\/la-course-a-la-direction-du-parti-conservateur-du-canada\/"},"wordCount":368,"publisher":{"@id":"https:\/\/leger360.com\/fr\/#organization"},"image":{"@id":"https:\/\/leger360.com\/fr\/la-course-a-la-direction-du-parti-conservateur-du-canada\/#primaryimage"},"thumbnailUrl":"https:\/\/leger360.com\/wp-content\/uploads\/2024\/02\/Plan-de-travail-1PCC-leadership.jpg","articleSection":["Derni\u00e8res nouvelles"],"inLanguage":"fr-CA"},{"@type":"WebPage","@id":"https:\/\/leger360.com\/fr\/la-course-a-la-direction-du-parti-conservateur-du-canada\/","url":"https:\/\/leger360.com\/fr\/la-course-a-la-direction-du-parti-conservateur-du-canada\/","name":"La course \u00e0 la direction du Parti conservateur du Canada - Leger","isPartOf":{"@id":"https:\/\/leger360.com\/fr\/#website"},"primaryImageOfPage":{"@id":"https:\/\/leger360.com\/fr\/la-course-a-la-direction-du-parti-conservateur-du-canada\/#primaryimage"},"image":{"@id":"https:\/\/leger360.com\/fr\/la-course-a-la-direction-du-parti-conservateur-du-canada\/#primaryimage"},"thumbnailUrl":"https:\/\/leger360.com\/wp-content\/uploads\/2024\/02\/Plan-de-travail-1PCC-leadership.jpg","datePublished":"2022-03-11T04:00:00+00:00","dateModified":"2024-02-09T09:54:36+00:00","breadcrumb":{"@id":"https:\/\/leger360.com\/fr\/la-course-a-la-direction-du-parti-conservateur-du-canada\/#breadcrumb"},"inLanguage":"fr-CA","potentialAction":[{"@type":"ReadAction","target":["https:\/\/leger360.com\/fr\/la-course-a-la-direction-du-parti-conservateur-du-canada\/"]}]},{"@type":"ImageObject","inLanguage":"fr-CA","@id":"https:\/\/leger360.com\/fr\/la-course-a-la-direction-du-parti-conservateur-du-canada\/#primaryimage","url":"https:\/\/leger360.com\/wp-content\/uploads\/2024\/02\/Plan-de-travail-1PCC-leadership.jpg","contentUrl":"https:\/\/leger360.com\/wp-content\/uploads\/2024\/02\/Plan-de-travail-1PCC-leadership.jpg","width":1200,"height":750},{"@type":"BreadcrumbList","@id":"https:\/\/leger360.com\/fr\/la-course-a-la-direction-du-parti-conservateur-du-canada\/#breadcrumb","itemListElement":[{"@type":"ListItem","position":1,"name":"Home","item":"https:\/\/leger360.com\/fr\/"},{"@type":"ListItem","position":2,"name":"La course \u00e0 la direction du Parti conservateur du Canada"}]},{"@type":"WebSite","@id":"https:\/\/leger360.com\/fr\/#website","url":"https:\/\/leger360.com\/fr\/","name":"Leger","description":"Market Research | Data Analytics","publisher":{"@id":"https:\/\/leger360.com\/fr\/#organization"},"potentialAction":[{"@type":"SearchAction","target":{"@type":"EntryPoint","urlTemplate":"https:\/\/leger360.com\/fr\/?s={search_term_string}"},"query-input":{"@type":"PropertyValueSpecification","valueRequired":true,"valueName":"search_term_string"}}],"inLanguage":"fr-CA"},{"@type":"Organization","@id":"https:\/\/leger360.com\/fr\/#organization","name":"Leger","url":"https:\/\/leger360.com\/fr\/","logo":{"@type":"ImageObject","inLanguage":"fr-CA","@id":"https:\/\/leger360.com\/fr\/#\/schema\/logo\/image\/","url":"https:\/\/leger360.com\/wp-content\/uploads\/2024\/04\/2022-Logo-Leger-Blackred-g.png","contentUrl":"https:\/\/leger360.com\/wp-content\/uploads\/2024\/04\/2022-Logo-Leger-Blackred-g.png","width":1195,"height":686,"caption":"Leger"},"image":{"@id":"https:\/\/leger360.com\/fr\/#\/schema\/logo\/image\/"},"sameAs":["https:\/\/www.facebook.com\/leger360\/","https:\/\/x.com\/leger360","https:\/\/www.linkedin.com\/company\/leger360\/"],"description":"Leger is one of North America\u2019s fastest-growing market research companies, known for our forward-thinking experts and innovative approaches powered by artificial intelligence (AI) technologies."},{"@type":"Person","@id":"https:\/\/leger360.com\/fr\/#\/schema\/person\/34dfccb7aa46dcd4085221008ca51ac9","name":"Jason Anthony","image":{"@type":"ImageObject","inLanguage":"fr-CA","@id":"https:\/\/secure.gravatar.com\/avatar\/b8d3134f69c631184566a5436407f9384b5e28c50ff3915e13c50c0c730b64f8?s=96&d=mm&r=g","url":"https:\/\/secure.gravatar.com\/avatar\/b8d3134f69c631184566a5436407f9384b5e28c50ff3915e13c50c0c730b64f8?s=96&d=mm&r=g","contentUrl":"https:\/\/secure.gravatar.com\/avatar\/b8d3134f69c631184566a5436407f9384b5e28c50ff3915e13c50c0c730b64f8?s=96&d=mm&r=g","caption":"Jason Anthony"}}]}},"_links":{"self":[{"href":"https:\/\/leger360.com\/fr\/wp-json\/wp\/v2\/posts\/16203","targetHints":{"allow":["GET"]}}],"collection":[{"href":"https:\/\/leger360.com\/fr\/wp-json\/wp\/v2\/posts"}],"about":[{"href":"https:\/\/leger360.com\/fr\/wp-json\/wp\/v2\/types\/post"}],"author":[{"embeddable":true,"href":"https:\/\/leger360.com\/fr\/wp-json\/wp\/v2\/users\/2"}],"replies":[{"embeddable":true,"href":"https:\/\/leger360.com\/fr\/wp-json\/wp\/v2\/comments?post=16203"}],"version-history":[{"count":0,"href":"https:\/\/leger360.com\/fr\/wp-json\/wp\/v2\/posts\/16203\/revisions"}],"wp:featuredmedia":[{"embeddable":true,"href":"https:\/\/leger360.com\/fr\/wp-json\/wp\/v2\/media\/10837"}],"wp:attachment":[{"href":"https:\/\/leger360.com\/fr\/wp-json\/wp\/v2\/media?parent=16203"}],"wp:term":[{"taxonomy":"category","embeddable":true,"href":"https:\/\/leger360.com\/fr\/wp-json\/wp\/v2\/categories?post=16203"},{"taxonomy":"post_tag","embeddable":true,"href":"https:\/\/leger360.com\/fr\/wp-json\/wp\/v2\/tags?post=16203"},{"taxonomy":"post_language_cat","embeddable":true,"href":"https:\/\/leger360.com\/fr\/wp-json\/wp\/v2\/post_language_cat?post=16203"}],"curies":[{"name":"wp","href":"https:\/\/api.w.org\/{rel}","templated":true}]}}