{"id":16222,"date":"2022-03-13T04:00:00","date_gmt":"2022-03-13T04:00:00","guid":{"rendered":"https:\/\/leger360.com\/bilan-des-deux-ans-de-la-pandemie-de-covid-19\/"},"modified":"2024-02-09T09:55:23","modified_gmt":"2024-02-09T09:55:23","slug":"bilan-des-deux-ans-de-la-pandemie-de-covid-19","status":"publish","type":"post","link":"https:\/\/leger360.com\/fr\/bilan-des-deux-ans-de-la-pandemie-de-covid-19\/","title":{"rendered":"Bilan des deux ans de la pand\u00e9mie de COVID-19"},"content":{"rendered":"\n<p>Le Journal de Montr\u00e9al\/Le Journal de Qu\u00e9bec\/TVA Nouvelles\/QUB radio ont mandat\u00e9 L\u00e9ger afin d\u2019effectuer un sondage sur l&rsquo;impact de la pand\u00e9mie de COVID-19 sur les habitudes de vie et la p\u00e9riode post-pand\u00e9mique aupr\u00e8s des Qu\u00e9b\u00e9cois.\u00a0<\/p>\n\n\n\n<h3 class=\"wp-block-heading\" id=\"h-quelques-faits-saillants-de-notre-sondage-portant-sur-la-periode-post-pandemique\">QUELQUES FAITS SAILLANTS DE NOTRE SONDAGE PORTANT SUR LA P\u00c9RIODE POST-PAND\u00c9MIQUE&#8230;\u00a0<\/h3>\n\n\n\n<ul class=\"wp-block-list\"><li>53% des r\u00e9pondants disent avoir fait plus d\u2019achats en ligne durant les deux ans qu\u2019ont dur\u00e9 la pand\u00e9mie.\u00a0<\/li><li>45% des r\u00e9pondants disent avoir \u00e9cout\u00e9 plus la t\u00e9l\u00e9vision durant les deux ans qu\u2019ont dur\u00e9 la pand\u00e9mie.\u00a0<\/li><li>40% des r\u00e9pondants disent avoir pass\u00e9 plus de temps sur les r\u00e9seaux sociaux durant les deux ans qu\u2019ont dur\u00e9 la pand\u00e9mie.\u00a0<\/li><li>37% des r\u00e9pondants disent avoir pris du poids durant les deux ans qu\u2019ont dur\u00e9 la pand\u00e9mie.\u00a0<\/li><li>28% des Qu\u00e9b\u00e9cois sont stress\u00e9s par le retour \u00e0 la normale.\u00a0<\/li><li>59% des Qu\u00e9b\u00e9cois sont pour la lev\u00e9e de toutes les restrictions sanitaires.\u00a0<\/li><\/ul>\n\n\n\n<div class=\"wp-block-image\"><figure class=\"aligncenter size-large is-resized\"><img decoding=\"async\" src=\"https:\/\/leger360.com\/wp-content\/uploads\/2024\/02\/Social-media_Highlight_01_2022-03-11-1024x1024.jpg\" alt=\"Niveau de stress durant la pand\u00e9mie de COVID-19\" class=\"wp-image-34359\" width=\"600\" height=\"600\"\/><\/figure><\/div>\n\n\n\n<h3 class=\"wp-block-heading\">M\u00c9THODOLOGIE DU SONDAGE\u00a0<\/h3>\n\n\n\n<ul class=\"wp-block-list\"><li>Un <strong>sondage Web <\/strong>a \u00e9t\u00e9 r\u00e9alis\u00e9 aupr\u00e8s de 1 013 Qu\u00e9b\u00e9cois \u00e2g\u00e9s de 18 ou plus et ayant le droit de vote au Qu\u00e9bec. Les r\u00e9pondants devaient pouvoir s\u2019exprimer en fran\u00e7ais ou en anglais et ont \u00e9t\u00e9 recrut\u00e9s al\u00e9atoirement \u00e0 l\u2019aide du panel en ligne de LEO.\u00a0<\/li><li>Les donn\u00e9es ont \u00e9t\u00e9 collect\u00e9es du <strong>4 au 6 mars 2022.<\/strong>\u00a0<\/li><li>Il n\u2019est pas possible de calculer une marge d\u2019erreur sur un \u00e9chantillon tir\u00e9 d\u2019un panel, mais \u00e0 titre comparatif, la marge d\u2019erreur maximale pour un \u00e9chantillon de 1 013 r\u00e9pondant-e-s est de \u00b1 3,08%, et ce 19 fois sur 20.\u00a0<\/li><li>Les r\u00e9sultats ont \u00e9t\u00e9 pond\u00e9r\u00e9s <strong>en fonction du genre, de l\u2019\u00e2ge, de la langue maternelle, de la r\u00e9gion, du niveau de scolarit\u00e9 et de la pr\u00e9sence d\u2019enfants dans le m\u00e9nage <\/strong>afin d\u2019assurer un \u00e9chantillon repr\u00e9sentatif de la population qu\u00e9b\u00e9coise.\u00a0<\/li><\/ul>\n\n\n\n<p><\/p>\n","protected":false},"excerpt":{"rendered":"<p>Le Journal de Montr\u00e9al\/Le Journal de Qu\u00e9bec\/TVA Nouvelles\/QUB radio ont mandat\u00e9 L\u00e9ger afin d\u2019effectuer un sondage sur l&rsquo;impact de la pand\u00e9mie de COVID-19 sur les habitudes de vie et la p\u00e9riode post-pand\u00e9mique aupr\u00e8s des Qu\u00e9b\u00e9cois.\u00a0 QUELQUES FAITS SAILLANTS DE NOTRE SONDAGE PORTANT SUR LA P\u00c9RIODE POST-PAND\u00c9MIQUE&#8230;\u00a0 53% des r\u00e9pondants disent avoir fait plus d\u2019achats en [&hellip;]<\/p>\n","protected":false},"author":2,"featured_media":16230,"comment_status":"closed","ping_status":"closed","sticky":false,"template":"","format":"standard","meta":{"_acf_changed":false,"_et_pb_use_builder":"","_et_pb_old_content":"","_et_gb_content_width":"","content-type":"","inline_featured_image":false,"footnotes":""},"categories":[1037],"tags":[],"post_language_cat":[42],"class_list":["post-16222","post","type-post","status-publish","format-standard","has-post-thumbnail","hentry","category-dernieres-nouvelles","post_language_cat-fr-in-the-news"],"acf":[],"yoast_head":"<!-- This site is optimized with the Yoast SEO Premium plugin v27.5 (Yoast SEO v27.5) - https:\/\/yoast.com\/product\/yoast-seo-premium-wordpress\/ -->\n<title>Bilan des deux ans de la pand\u00e9mie de COVID-19 - Leger<\/title>\n<meta name=\"robots\" content=\"index, follow, max-snippet:-1, max-image-preview:large, max-video-preview:-1\" \/>\n<link rel=\"canonical\" href=\"https:\/\/leger360.com\/fr\/bilan-des-deux-ans-de-la-pandemie-de-covid-19\/\" \/>\n<meta property=\"og:locale\" content=\"fr_CA\" \/>\n<meta property=\"og:type\" content=\"article\" \/>\n<meta property=\"og:title\" content=\"Bilan des deux ans de la pand\u00e9mie de COVID-19\" \/>\n<meta property=\"og:description\" content=\"Le Journal de Montr\u00e9al\/Le Journal de Qu\u00e9bec\/TVA Nouvelles\/QUB radio ont mandat\u00e9 L\u00e9ger afin d\u2019effectuer un sondage sur l&rsquo;impact de la pand\u00e9mie de COVID-19 sur les habitudes de vie et la p\u00e9riode post-pand\u00e9mique aupr\u00e8s des Qu\u00e9b\u00e9cois.\u00a0 QUELQUES FAITS SAILLANTS DE NOTRE SONDAGE PORTANT SUR LA P\u00c9RIODE POST-PAND\u00c9MIQUE&#8230;\u00a0 53% des r\u00e9pondants disent avoir fait plus d\u2019achats en [&hellip;]\" \/>\n<meta property=\"og:url\" content=\"https:\/\/leger360.com\/fr\/bilan-des-deux-ans-de-la-pandemie-de-covid-19\/\" \/>\n<meta property=\"og:site_name\" content=\"Leger\" \/>\n<meta property=\"article:publisher\" content=\"https:\/\/www.facebook.com\/leger360\/\" \/>\n<meta property=\"article:published_time\" content=\"2022-03-13T04:00:00+00:00\" \/>\n<meta property=\"article:modified_time\" content=\"2024-02-09T09:55:23+00:00\" \/>\n<meta property=\"og:image\" content=\"https:\/\/leger360.com\/wp-content\/uploads\/2024\/02\/covid19.jpg\" \/>\n\t<meta property=\"og:image:width\" content=\"1500\" \/>\n\t<meta property=\"og:image:height\" content=\"1000\" \/>\n\t<meta property=\"og:image:type\" content=\"image\/jpeg\" \/>\n<meta name=\"author\" content=\"Jason Anthony\" \/>\n<meta name=\"twitter:card\" content=\"summary_large_image\" \/>\n<meta name=\"twitter:creator\" content=\"@leger360\" \/>\n<meta name=\"twitter:site\" content=\"@leger360\" \/>\n<meta name=\"twitter:label1\" content=\"\u00c9crit par\" \/>\n\t<meta name=\"twitter:data1\" content=\"Jason Anthony\" \/>\n\t<meta name=\"twitter:label2\" content=\"Estimation du temps de lecture\" \/>\n\t<meta name=\"twitter:data2\" content=\"2 minutes\" \/>\n<script type=\"application\/ld+json\" class=\"yoast-schema-graph\">{\"@context\":\"https:\\\/\\\/schema.org\",\"@graph\":[{\"@type\":\"Article\",\"@id\":\"https:\\\/\\\/leger360.com\\\/fr\\\/bilan-des-deux-ans-de-la-pandemie-de-covid-19\\\/#article\",\"isPartOf\":{\"@id\":\"https:\\\/\\\/leger360.com\\\/fr\\\/bilan-des-deux-ans-de-la-pandemie-de-covid-19\\\/\"},\"author\":{\"name\":\"Jason Anthony\",\"@id\":\"https:\\\/\\\/leger360.com\\\/fr\\\/#\\\/schema\\\/person\\\/34dfccb7aa46dcd4085221008ca51ac9\"},\"headline\":\"Bilan des deux ans de la pand\u00e9mie de COVID-19\",\"datePublished\":\"2022-03-13T04:00:00+00:00\",\"dateModified\":\"2024-02-09T09:55:23+00:00\",\"mainEntityOfPage\":{\"@id\":\"https:\\\/\\\/leger360.com\\\/fr\\\/bilan-des-deux-ans-de-la-pandemie-de-covid-19\\\/\"},\"wordCount\":340,\"publisher\":{\"@id\":\"https:\\\/\\\/leger360.com\\\/fr\\\/#organization\"},\"image\":{\"@id\":\"https:\\\/\\\/leger360.com\\\/fr\\\/bilan-des-deux-ans-de-la-pandemie-de-covid-19\\\/#primaryimage\"},\"thumbnailUrl\":\"https:\\\/\\\/leger360.com\\\/wp-content\\\/uploads\\\/2024\\\/02\\\/covid19.jpg\",\"articleSection\":[\"Derni\u00e8res nouvelles\"],\"inLanguage\":\"fr-CA\"},{\"@type\":\"WebPage\",\"@id\":\"https:\\\/\\\/leger360.com\\\/fr\\\/bilan-des-deux-ans-de-la-pandemie-de-covid-19\\\/\",\"url\":\"https:\\\/\\\/leger360.com\\\/fr\\\/bilan-des-deux-ans-de-la-pandemie-de-covid-19\\\/\",\"name\":\"Bilan des deux ans de la pand\u00e9mie de COVID-19 - Leger\",\"isPartOf\":{\"@id\":\"https:\\\/\\\/leger360.com\\\/fr\\\/#website\"},\"primaryImageOfPage\":{\"@id\":\"https:\\\/\\\/leger360.com\\\/fr\\\/bilan-des-deux-ans-de-la-pandemie-de-covid-19\\\/#primaryimage\"},\"image\":{\"@id\":\"https:\\\/\\\/leger360.com\\\/fr\\\/bilan-des-deux-ans-de-la-pandemie-de-covid-19\\\/#primaryimage\"},\"thumbnailUrl\":\"https:\\\/\\\/leger360.com\\\/wp-content\\\/uploads\\\/2024\\\/02\\\/covid19.jpg\",\"datePublished\":\"2022-03-13T04:00:00+00:00\",\"dateModified\":\"2024-02-09T09:55:23+00:00\",\"breadcrumb\":{\"@id\":\"https:\\\/\\\/leger360.com\\\/fr\\\/bilan-des-deux-ans-de-la-pandemie-de-covid-19\\\/#breadcrumb\"},\"inLanguage\":\"fr-CA\",\"potentialAction\":[{\"@type\":\"ReadAction\",\"target\":[\"https:\\\/\\\/leger360.com\\\/fr\\\/bilan-des-deux-ans-de-la-pandemie-de-covid-19\\\/\"]}]},{\"@type\":\"ImageObject\",\"inLanguage\":\"fr-CA\",\"@id\":\"https:\\\/\\\/leger360.com\\\/fr\\\/bilan-des-deux-ans-de-la-pandemie-de-covid-19\\\/#primaryimage\",\"url\":\"https:\\\/\\\/leger360.com\\\/wp-content\\\/uploads\\\/2024\\\/02\\\/covid19.jpg\",\"contentUrl\":\"https:\\\/\\\/leger360.com\\\/wp-content\\\/uploads\\\/2024\\\/02\\\/covid19.jpg\",\"width\":1500,\"height\":1000},{\"@type\":\"BreadcrumbList\",\"@id\":\"https:\\\/\\\/leger360.com\\\/fr\\\/bilan-des-deux-ans-de-la-pandemie-de-covid-19\\\/#breadcrumb\",\"itemListElement\":[{\"@type\":\"ListItem\",\"position\":1,\"name\":\"Home\",\"item\":\"https:\\\/\\\/leger360.com\\\/fr\\\/\"},{\"@type\":\"ListItem\",\"position\":2,\"name\":\"Bilan des deux ans de la pand\u00e9mie de COVID-19\"}]},{\"@type\":\"WebSite\",\"@id\":\"https:\\\/\\\/leger360.com\\\/fr\\\/#website\",\"url\":\"https:\\\/\\\/leger360.com\\\/fr\\\/\",\"name\":\"Leger\",\"description\":\"Market Research | Data Analytics\",\"publisher\":{\"@id\":\"https:\\\/\\\/leger360.com\\\/fr\\\/#organization\"},\"potentialAction\":[{\"@type\":\"SearchAction\",\"target\":{\"@type\":\"EntryPoint\",\"urlTemplate\":\"https:\\\/\\\/leger360.com\\\/fr\\\/?s={search_term_string}\"},\"query-input\":{\"@type\":\"PropertyValueSpecification\",\"valueRequired\":true,\"valueName\":\"search_term_string\"}}],\"inLanguage\":\"fr-CA\"},{\"@type\":\"Organization\",\"@id\":\"https:\\\/\\\/leger360.com\\\/fr\\\/#organization\",\"name\":\"Leger\",\"url\":\"https:\\\/\\\/leger360.com\\\/fr\\\/\",\"logo\":{\"@type\":\"ImageObject\",\"inLanguage\":\"fr-CA\",\"@id\":\"https:\\\/\\\/leger360.com\\\/fr\\\/#\\\/schema\\\/logo\\\/image\\\/\",\"url\":\"https:\\\/\\\/leger360.com\\\/wp-content\\\/uploads\\\/2024\\\/04\\\/2022-Logo-Leger-Blackred-g.png\",\"contentUrl\":\"https:\\\/\\\/leger360.com\\\/wp-content\\\/uploads\\\/2024\\\/04\\\/2022-Logo-Leger-Blackred-g.png\",\"width\":1195,\"height\":686,\"caption\":\"Leger\"},\"image\":{\"@id\":\"https:\\\/\\\/leger360.com\\\/fr\\\/#\\\/schema\\\/logo\\\/image\\\/\"},\"sameAs\":[\"https:\\\/\\\/www.facebook.com\\\/leger360\\\/\",\"https:\\\/\\\/x.com\\\/leger360\",\"https:\\\/\\\/www.linkedin.com\\\/company\\\/leger360\\\/\"],\"description\":\"Leger is one of North America\u2019s fastest-growing market research companies, known for our forward-thinking experts and innovative approaches powered by artificial intelligence (AI) technologies.\"},{\"@type\":\"Person\",\"@id\":\"https:\\\/\\\/leger360.com\\\/fr\\\/#\\\/schema\\\/person\\\/34dfccb7aa46dcd4085221008ca51ac9\",\"name\":\"Jason Anthony\",\"image\":{\"@type\":\"ImageObject\",\"inLanguage\":\"fr-CA\",\"@id\":\"https:\\\/\\\/secure.gravatar.com\\\/avatar\\\/b8d3134f69c631184566a5436407f9384b5e28c50ff3915e13c50c0c730b64f8?s=96&d=mm&r=g\",\"url\":\"https:\\\/\\\/secure.gravatar.com\\\/avatar\\\/b8d3134f69c631184566a5436407f9384b5e28c50ff3915e13c50c0c730b64f8?s=96&d=mm&r=g\",\"contentUrl\":\"https:\\\/\\\/secure.gravatar.com\\\/avatar\\\/b8d3134f69c631184566a5436407f9384b5e28c50ff3915e13c50c0c730b64f8?s=96&d=mm&r=g\",\"caption\":\"Jason Anthony\"}}]}<\/script>\n<!-- \/ Yoast SEO Premium plugin. -->","yoast_head_json":{"title":"Bilan des deux ans de la pand\u00e9mie de COVID-19 - Leger","robots":{"index":"index","follow":"follow","max-snippet":"max-snippet:-1","max-image-preview":"max-image-preview:large","max-video-preview":"max-video-preview:-1"},"canonical":"https:\/\/leger360.com\/fr\/bilan-des-deux-ans-de-la-pandemie-de-covid-19\/","og_locale":"fr_CA","og_type":"article","og_title":"Bilan des deux ans de la pand\u00e9mie de COVID-19","og_description":"Le Journal de Montr\u00e9al\/Le Journal de Qu\u00e9bec\/TVA Nouvelles\/QUB radio ont mandat\u00e9 L\u00e9ger afin d\u2019effectuer un sondage sur l&rsquo;impact de la pand\u00e9mie de COVID-19 sur les habitudes de vie et la p\u00e9riode post-pand\u00e9mique aupr\u00e8s des Qu\u00e9b\u00e9cois.\u00a0 QUELQUES FAITS SAILLANTS DE NOTRE SONDAGE PORTANT SUR LA P\u00c9RIODE POST-PAND\u00c9MIQUE&#8230;\u00a0 53% des r\u00e9pondants disent avoir fait plus d\u2019achats en [&hellip;]","og_url":"https:\/\/leger360.com\/fr\/bilan-des-deux-ans-de-la-pandemie-de-covid-19\/","og_site_name":"Leger","article_publisher":"https:\/\/www.facebook.com\/leger360\/","article_published_time":"2022-03-13T04:00:00+00:00","article_modified_time":"2024-02-09T09:55:23+00:00","og_image":[{"width":1500,"height":1000,"url":"https:\/\/leger360.com\/wp-content\/uploads\/2024\/02\/covid19.jpg","type":"image\/jpeg"}],"author":"Jason Anthony","twitter_card":"summary_large_image","twitter_creator":"@leger360","twitter_site":"@leger360","twitter_misc":{"\u00c9crit par":"Jason Anthony","Estimation du temps de lecture":"2 minutes"},"schema":{"@context":"https:\/\/schema.org","@graph":[{"@type":"Article","@id":"https:\/\/leger360.com\/fr\/bilan-des-deux-ans-de-la-pandemie-de-covid-19\/#article","isPartOf":{"@id":"https:\/\/leger360.com\/fr\/bilan-des-deux-ans-de-la-pandemie-de-covid-19\/"},"author":{"name":"Jason Anthony","@id":"https:\/\/leger360.com\/fr\/#\/schema\/person\/34dfccb7aa46dcd4085221008ca51ac9"},"headline":"Bilan des deux ans de la pand\u00e9mie de COVID-19","datePublished":"2022-03-13T04:00:00+00:00","dateModified":"2024-02-09T09:55:23+00:00","mainEntityOfPage":{"@id":"https:\/\/leger360.com\/fr\/bilan-des-deux-ans-de-la-pandemie-de-covid-19\/"},"wordCount":340,"publisher":{"@id":"https:\/\/leger360.com\/fr\/#organization"},"image":{"@id":"https:\/\/leger360.com\/fr\/bilan-des-deux-ans-de-la-pandemie-de-covid-19\/#primaryimage"},"thumbnailUrl":"https:\/\/leger360.com\/wp-content\/uploads\/2024\/02\/covid19.jpg","articleSection":["Derni\u00e8res nouvelles"],"inLanguage":"fr-CA"},{"@type":"WebPage","@id":"https:\/\/leger360.com\/fr\/bilan-des-deux-ans-de-la-pandemie-de-covid-19\/","url":"https:\/\/leger360.com\/fr\/bilan-des-deux-ans-de-la-pandemie-de-covid-19\/","name":"Bilan des deux ans de la pand\u00e9mie de COVID-19 - Leger","isPartOf":{"@id":"https:\/\/leger360.com\/fr\/#website"},"primaryImageOfPage":{"@id":"https:\/\/leger360.com\/fr\/bilan-des-deux-ans-de-la-pandemie-de-covid-19\/#primaryimage"},"image":{"@id":"https:\/\/leger360.com\/fr\/bilan-des-deux-ans-de-la-pandemie-de-covid-19\/#primaryimage"},"thumbnailUrl":"https:\/\/leger360.com\/wp-content\/uploads\/2024\/02\/covid19.jpg","datePublished":"2022-03-13T04:00:00+00:00","dateModified":"2024-02-09T09:55:23+00:00","breadcrumb":{"@id":"https:\/\/leger360.com\/fr\/bilan-des-deux-ans-de-la-pandemie-de-covid-19\/#breadcrumb"},"inLanguage":"fr-CA","potentialAction":[{"@type":"ReadAction","target":["https:\/\/leger360.com\/fr\/bilan-des-deux-ans-de-la-pandemie-de-covid-19\/"]}]},{"@type":"ImageObject","inLanguage":"fr-CA","@id":"https:\/\/leger360.com\/fr\/bilan-des-deux-ans-de-la-pandemie-de-covid-19\/#primaryimage","url":"https:\/\/leger360.com\/wp-content\/uploads\/2024\/02\/covid19.jpg","contentUrl":"https:\/\/leger360.com\/wp-content\/uploads\/2024\/02\/covid19.jpg","width":1500,"height":1000},{"@type":"BreadcrumbList","@id":"https:\/\/leger360.com\/fr\/bilan-des-deux-ans-de-la-pandemie-de-covid-19\/#breadcrumb","itemListElement":[{"@type":"ListItem","position":1,"name":"Home","item":"https:\/\/leger360.com\/fr\/"},{"@type":"ListItem","position":2,"name":"Bilan des deux ans de la pand\u00e9mie de COVID-19"}]},{"@type":"WebSite","@id":"https:\/\/leger360.com\/fr\/#website","url":"https:\/\/leger360.com\/fr\/","name":"Leger","description":"Market Research | Data Analytics","publisher":{"@id":"https:\/\/leger360.com\/fr\/#organization"},"potentialAction":[{"@type":"SearchAction","target":{"@type":"EntryPoint","urlTemplate":"https:\/\/leger360.com\/fr\/?s={search_term_string}"},"query-input":{"@type":"PropertyValueSpecification","valueRequired":true,"valueName":"search_term_string"}}],"inLanguage":"fr-CA"},{"@type":"Organization","@id":"https:\/\/leger360.com\/fr\/#organization","name":"Leger","url":"https:\/\/leger360.com\/fr\/","logo":{"@type":"ImageObject","inLanguage":"fr-CA","@id":"https:\/\/leger360.com\/fr\/#\/schema\/logo\/image\/","url":"https:\/\/leger360.com\/wp-content\/uploads\/2024\/04\/2022-Logo-Leger-Blackred-g.png","contentUrl":"https:\/\/leger360.com\/wp-content\/uploads\/2024\/04\/2022-Logo-Leger-Blackred-g.png","width":1195,"height":686,"caption":"Leger"},"image":{"@id":"https:\/\/leger360.com\/fr\/#\/schema\/logo\/image\/"},"sameAs":["https:\/\/www.facebook.com\/leger360\/","https:\/\/x.com\/leger360","https:\/\/www.linkedin.com\/company\/leger360\/"],"description":"Leger is one of North America\u2019s fastest-growing market research companies, known for our forward-thinking experts and innovative approaches powered by artificial intelligence (AI) technologies."},{"@type":"Person","@id":"https:\/\/leger360.com\/fr\/#\/schema\/person\/34dfccb7aa46dcd4085221008ca51ac9","name":"Jason Anthony","image":{"@type":"ImageObject","inLanguage":"fr-CA","@id":"https:\/\/secure.gravatar.com\/avatar\/b8d3134f69c631184566a5436407f9384b5e28c50ff3915e13c50c0c730b64f8?s=96&d=mm&r=g","url":"https:\/\/secure.gravatar.com\/avatar\/b8d3134f69c631184566a5436407f9384b5e28c50ff3915e13c50c0c730b64f8?s=96&d=mm&r=g","contentUrl":"https:\/\/secure.gravatar.com\/avatar\/b8d3134f69c631184566a5436407f9384b5e28c50ff3915e13c50c0c730b64f8?s=96&d=mm&r=g","caption":"Jason Anthony"}}]}},"_links":{"self":[{"href":"https:\/\/leger360.com\/fr\/wp-json\/wp\/v2\/posts\/16222","targetHints":{"allow":["GET"]}}],"collection":[{"href":"https:\/\/leger360.com\/fr\/wp-json\/wp\/v2\/posts"}],"about":[{"href":"https:\/\/leger360.com\/fr\/wp-json\/wp\/v2\/types\/post"}],"author":[{"embeddable":true,"href":"https:\/\/leger360.com\/fr\/wp-json\/wp\/v2\/users\/2"}],"replies":[{"embeddable":true,"href":"https:\/\/leger360.com\/fr\/wp-json\/wp\/v2\/comments?post=16222"}],"version-history":[{"count":0,"href":"https:\/\/leger360.com\/fr\/wp-json\/wp\/v2\/posts\/16222\/revisions"}],"wp:featuredmedia":[{"embeddable":true,"href":"https:\/\/leger360.com\/fr\/wp-json\/wp\/v2\/media\/16230"}],"wp:attachment":[{"href":"https:\/\/leger360.com\/fr\/wp-json\/wp\/v2\/media?parent=16222"}],"wp:term":[{"taxonomy":"category","embeddable":true,"href":"https:\/\/leger360.com\/fr\/wp-json\/wp\/v2\/categories?post=16222"},{"taxonomy":"post_tag","embeddable":true,"href":"https:\/\/leger360.com\/fr\/wp-json\/wp\/v2\/tags?post=16222"},{"taxonomy":"post_language_cat","embeddable":true,"href":"https:\/\/leger360.com\/fr\/wp-json\/wp\/v2\/post_language_cat?post=16222"}],"curies":[{"name":"wp","href":"https:\/\/api.w.org\/{rel}","templated":true}]}}