{"id":16621,"date":"2022-10-11T20:12:00","date_gmt":"2022-10-11T20:12:00","guid":{"rendered":"https:\/\/leger360.com\/aksel-bedikyan-nomine-sur-la-liste-insight250\/"},"modified":"2024-02-09T10:06:43","modified_gmt":"2024-02-09T10:06:43","slug":"aksel-bedikyan-nomine-sur-la-liste-insight250","status":"publish","type":"post","link":"https:\/\/leger360.com\/fr\/aksel-bedikyan-nomine-sur-la-liste-insight250\/","title":{"rendered":"Aksel Bedikyan nomin\u00e9 sur la liste Insight250"},"content":{"rendered":"\n<p>Nous sommes heureux de vous annoncer qu&rsquo;Aksel Bedikyan, vice-pr\u00e9sident de L\u00e9ger analytique, a \u00e9t\u00e9 nomm\u00e9 sur la liste Insight250 2022, pr\u00e9sent\u00e9e par ESOMAR.<\/p>\n\n\n\n<p><\/p>\n\n\n\n<figure class=\"wp-block-image aligncenter size-full\"><img decoding=\"async\" src=\"https:\/\/leger360.com\/wp-content\/uploads\/2024\/02\/20221011-Photo-VPA-Aksel_Bedikyan.jpg\" alt=\"\" class=\"wp-image-36295\"\/><\/figure>\n\n\n\n<p>Au total, 250 leaders mondiaux, sp\u00e9cialis\u00e9s en recherche marketing en analyse de donn\u00e9es sur les consommateurs, figurent sur cette liste.<\/p>\n\n\n\n<p>Tel qu\u2019indiqu\u00e9 sur le site internet d&rsquo;Insight250 :<\/p>\n\n\n\n<blockquote class=\"wp-block-quote is-layout-flow wp-block-quote-is-layout-flow\"><p>\u00ab C\u00e9l\u00e9brant chaque ann\u00e9e les pionniers, les leaders et les innovateurs mondiaux en mati\u00e8re de recherche marketing et analyse de donn\u00e9es, Insight250 pr\u00e9sente une vue unique sur les leaders provenant des universit\u00e9s, des entreprises, des agences, des technologies, des m\u00e9dias et des associations du monde entier. \u00bb\u00a0<\/p><\/blockquote>\n\n\n\n<p>Aksel est l&rsquo;un des treize Canadiens figurant sur la liste de 2022. F\u00e9licitations, Aksel.<\/p>\n","protected":false},"excerpt":{"rendered":"<p>Nous sommes heureux de vous annoncer qu&rsquo;Aksel Bedikyan, vice-pr\u00e9sident de L\u00e9ger analytique, a \u00e9t\u00e9 nomm\u00e9 sur la liste Insight250 2022, pr\u00e9sent\u00e9e par ESOMAR. Au total, 250 leaders mondiaux, sp\u00e9cialis\u00e9s en recherche marketing en analyse de donn\u00e9es sur les consommateurs, figurent sur cette liste. Tel qu\u2019indiqu\u00e9 sur le site internet d&rsquo;Insight250 : \u00ab C\u00e9l\u00e9brant chaque ann\u00e9e [&hellip;]<\/p>\n","protected":false},"author":2,"featured_media":11380,"comment_status":"closed","ping_status":"closed","sticky":false,"template":"","format":"standard","meta":{"_acf_changed":false,"_et_pb_use_builder":"","_et_pb_old_content":"","_et_gb_content_width":"","content-type":"","inline_featured_image":false,"footnotes":""},"categories":[35],"tags":[],"post_language_cat":[42],"class_list":["post-16621","post","type-post","status-publish","format-standard","has-post-thumbnail","hentry","category-in-the-news","post_language_cat-fr-in-the-news"],"acf":[],"yoast_head":"<!-- This site is optimized with the Yoast SEO Premium plugin v27.5 (Yoast SEO v27.5) - https:\/\/yoast.com\/product\/yoast-seo-premium-wordpress\/ -->\n<title>Aksel Bedikyan nomin\u00e9 sur la liste Insight250 - Leger<\/title>\n<meta name=\"robots\" content=\"index, follow, max-snippet:-1, max-image-preview:large, max-video-preview:-1\" \/>\n<link rel=\"canonical\" href=\"https:\/\/leger360.com\/fr\/aksel-bedikyan-nomine-sur-la-liste-insight250\/\" \/>\n<meta property=\"og:locale\" content=\"fr_CA\" \/>\n<meta property=\"og:type\" content=\"article\" \/>\n<meta property=\"og:title\" content=\"Aksel Bedikyan nomin\u00e9 sur la liste Insight250\" \/>\n<meta property=\"og:description\" content=\"Nous sommes heureux de vous annoncer qu&rsquo;Aksel Bedikyan, vice-pr\u00e9sident de L\u00e9ger analytique, a \u00e9t\u00e9 nomm\u00e9 sur la liste Insight250 2022, pr\u00e9sent\u00e9e par ESOMAR. Au total, 250 leaders mondiaux, sp\u00e9cialis\u00e9s en recherche marketing en analyse de donn\u00e9es sur les consommateurs, figurent sur cette liste. Tel qu\u2019indiqu\u00e9 sur le site internet d&rsquo;Insight250 : \u00ab C\u00e9l\u00e9brant chaque ann\u00e9e [&hellip;]\" \/>\n<meta property=\"og:url\" content=\"https:\/\/leger360.com\/fr\/aksel-bedikyan-nomine-sur-la-liste-insight250\/\" \/>\n<meta property=\"og:site_name\" content=\"Leger\" \/>\n<meta property=\"article:publisher\" content=\"https:\/\/www.facebook.com\/leger360\/\" \/>\n<meta property=\"article:published_time\" content=\"2022-10-11T20:12:00+00:00\" \/>\n<meta property=\"article:modified_time\" content=\"2024-02-09T10:06:43+00:00\" \/>\n<meta property=\"og:image\" content=\"https:\/\/leger360.com\/wp-content\/uploads\/2024\/02\/20221011-Photo-VPA-Aksel_Bedikyan.jpg\" \/>\n\t<meta property=\"og:image:width\" content=\"400\" \/>\n\t<meta property=\"og:image:height\" content=\"400\" \/>\n\t<meta property=\"og:image:type\" content=\"image\/jpeg\" \/>\n<meta name=\"author\" content=\"Jason Anthony\" \/>\n<meta name=\"twitter:card\" content=\"summary_large_image\" \/>\n<meta name=\"twitter:creator\" content=\"@leger360\" \/>\n<meta name=\"twitter:site\" content=\"@leger360\" \/>\n<meta name=\"twitter:label1\" content=\"\u00c9crit par\" \/>\n\t<meta name=\"twitter:data1\" content=\"Jason Anthony\" \/>\n\t<meta name=\"twitter:label2\" content=\"Estimation du temps de lecture\" \/>\n\t<meta name=\"twitter:data2\" content=\"1 minute\" \/>\n<script type=\"application\/ld+json\" class=\"yoast-schema-graph\">{\"@context\":\"https:\\\/\\\/schema.org\",\"@graph\":[{\"@type\":\"Article\",\"@id\":\"https:\\\/\\\/leger360.com\\\/fr\\\/aksel-bedikyan-nomine-sur-la-liste-insight250\\\/#article\",\"isPartOf\":{\"@id\":\"https:\\\/\\\/leger360.com\\\/fr\\\/aksel-bedikyan-nomine-sur-la-liste-insight250\\\/\"},\"author\":{\"name\":\"Jason Anthony\",\"@id\":\"https:\\\/\\\/leger360.com\\\/fr\\\/#\\\/schema\\\/person\\\/34dfccb7aa46dcd4085221008ca51ac9\"},\"headline\":\"Aksel Bedikyan nomin\u00e9 sur la liste Insight250\",\"datePublished\":\"2022-10-11T20:12:00+00:00\",\"dateModified\":\"2024-02-09T10:06:43+00:00\",\"mainEntityOfPage\":{\"@id\":\"https:\\\/\\\/leger360.com\\\/fr\\\/aksel-bedikyan-nomine-sur-la-liste-insight250\\\/\"},\"wordCount\":133,\"publisher\":{\"@id\":\"https:\\\/\\\/leger360.com\\\/fr\\\/#organization\"},\"image\":{\"@id\":\"https:\\\/\\\/leger360.com\\\/fr\\\/aksel-bedikyan-nomine-sur-la-liste-insight250\\\/#primaryimage\"},\"thumbnailUrl\":\"https:\\\/\\\/leger360.com\\\/wp-content\\\/uploads\\\/2024\\\/02\\\/20221011-Photo-VPA-Aksel_Bedikyan.jpg\",\"articleSection\":[\"In the news\"],\"inLanguage\":\"fr-CA\"},{\"@type\":\"WebPage\",\"@id\":\"https:\\\/\\\/leger360.com\\\/fr\\\/aksel-bedikyan-nomine-sur-la-liste-insight250\\\/\",\"url\":\"https:\\\/\\\/leger360.com\\\/fr\\\/aksel-bedikyan-nomine-sur-la-liste-insight250\\\/\",\"name\":\"Aksel Bedikyan nomin\u00e9 sur la liste Insight250 - Leger\",\"isPartOf\":{\"@id\":\"https:\\\/\\\/leger360.com\\\/fr\\\/#website\"},\"primaryImageOfPage\":{\"@id\":\"https:\\\/\\\/leger360.com\\\/fr\\\/aksel-bedikyan-nomine-sur-la-liste-insight250\\\/#primaryimage\"},\"image\":{\"@id\":\"https:\\\/\\\/leger360.com\\\/fr\\\/aksel-bedikyan-nomine-sur-la-liste-insight250\\\/#primaryimage\"},\"thumbnailUrl\":\"https:\\\/\\\/leger360.com\\\/wp-content\\\/uploads\\\/2024\\\/02\\\/20221011-Photo-VPA-Aksel_Bedikyan.jpg\",\"datePublished\":\"2022-10-11T20:12:00+00:00\",\"dateModified\":\"2024-02-09T10:06:43+00:00\",\"breadcrumb\":{\"@id\":\"https:\\\/\\\/leger360.com\\\/fr\\\/aksel-bedikyan-nomine-sur-la-liste-insight250\\\/#breadcrumb\"},\"inLanguage\":\"fr-CA\",\"potentialAction\":[{\"@type\":\"ReadAction\",\"target\":[\"https:\\\/\\\/leger360.com\\\/fr\\\/aksel-bedikyan-nomine-sur-la-liste-insight250\\\/\"]}]},{\"@type\":\"ImageObject\",\"inLanguage\":\"fr-CA\",\"@id\":\"https:\\\/\\\/leger360.com\\\/fr\\\/aksel-bedikyan-nomine-sur-la-liste-insight250\\\/#primaryimage\",\"url\":\"https:\\\/\\\/leger360.com\\\/wp-content\\\/uploads\\\/2024\\\/02\\\/20221011-Photo-VPA-Aksel_Bedikyan.jpg\",\"contentUrl\":\"https:\\\/\\\/leger360.com\\\/wp-content\\\/uploads\\\/2024\\\/02\\\/20221011-Photo-VPA-Aksel_Bedikyan.jpg\",\"width\":400,\"height\":400},{\"@type\":\"BreadcrumbList\",\"@id\":\"https:\\\/\\\/leger360.com\\\/fr\\\/aksel-bedikyan-nomine-sur-la-liste-insight250\\\/#breadcrumb\",\"itemListElement\":[{\"@type\":\"ListItem\",\"position\":1,\"name\":\"Home\",\"item\":\"https:\\\/\\\/leger360.com\\\/fr\\\/\"},{\"@type\":\"ListItem\",\"position\":2,\"name\":\"Aksel Bedikyan nomin\u00e9 sur la liste Insight250\"}]},{\"@type\":\"WebSite\",\"@id\":\"https:\\\/\\\/leger360.com\\\/fr\\\/#website\",\"url\":\"https:\\\/\\\/leger360.com\\\/fr\\\/\",\"name\":\"Leger\",\"description\":\"Market Research | Data Analytics\",\"publisher\":{\"@id\":\"https:\\\/\\\/leger360.com\\\/fr\\\/#organization\"},\"potentialAction\":[{\"@type\":\"SearchAction\",\"target\":{\"@type\":\"EntryPoint\",\"urlTemplate\":\"https:\\\/\\\/leger360.com\\\/fr\\\/?s={search_term_string}\"},\"query-input\":{\"@type\":\"PropertyValueSpecification\",\"valueRequired\":true,\"valueName\":\"search_term_string\"}}],\"inLanguage\":\"fr-CA\"},{\"@type\":\"Organization\",\"@id\":\"https:\\\/\\\/leger360.com\\\/fr\\\/#organization\",\"name\":\"Leger\",\"url\":\"https:\\\/\\\/leger360.com\\\/fr\\\/\",\"logo\":{\"@type\":\"ImageObject\",\"inLanguage\":\"fr-CA\",\"@id\":\"https:\\\/\\\/leger360.com\\\/fr\\\/#\\\/schema\\\/logo\\\/image\\\/\",\"url\":\"https:\\\/\\\/leger360.com\\\/wp-content\\\/uploads\\\/2024\\\/04\\\/2022-Logo-Leger-Blackred-g.png\",\"contentUrl\":\"https:\\\/\\\/leger360.com\\\/wp-content\\\/uploads\\\/2024\\\/04\\\/2022-Logo-Leger-Blackred-g.png\",\"width\":1195,\"height\":686,\"caption\":\"Leger\"},\"image\":{\"@id\":\"https:\\\/\\\/leger360.com\\\/fr\\\/#\\\/schema\\\/logo\\\/image\\\/\"},\"sameAs\":[\"https:\\\/\\\/www.facebook.com\\\/leger360\\\/\",\"https:\\\/\\\/x.com\\\/leger360\",\"https:\\\/\\\/www.linkedin.com\\\/company\\\/leger360\\\/\"],\"description\":\"Leger is one of North America\u2019s fastest-growing market research companies, known for our forward-thinking experts and innovative approaches powered by artificial intelligence (AI) technologies.\"},{\"@type\":\"Person\",\"@id\":\"https:\\\/\\\/leger360.com\\\/fr\\\/#\\\/schema\\\/person\\\/34dfccb7aa46dcd4085221008ca51ac9\",\"name\":\"Jason Anthony\",\"image\":{\"@type\":\"ImageObject\",\"inLanguage\":\"fr-CA\",\"@id\":\"https:\\\/\\\/secure.gravatar.com\\\/avatar\\\/b8d3134f69c631184566a5436407f9384b5e28c50ff3915e13c50c0c730b64f8?s=96&d=mm&r=g\",\"url\":\"https:\\\/\\\/secure.gravatar.com\\\/avatar\\\/b8d3134f69c631184566a5436407f9384b5e28c50ff3915e13c50c0c730b64f8?s=96&d=mm&r=g\",\"contentUrl\":\"https:\\\/\\\/secure.gravatar.com\\\/avatar\\\/b8d3134f69c631184566a5436407f9384b5e28c50ff3915e13c50c0c730b64f8?s=96&d=mm&r=g\",\"caption\":\"Jason Anthony\"}}]}<\/script>\n<!-- \/ Yoast SEO Premium plugin. -->","yoast_head_json":{"title":"Aksel Bedikyan nomin\u00e9 sur la liste Insight250 - Leger","robots":{"index":"index","follow":"follow","max-snippet":"max-snippet:-1","max-image-preview":"max-image-preview:large","max-video-preview":"max-video-preview:-1"},"canonical":"https:\/\/leger360.com\/fr\/aksel-bedikyan-nomine-sur-la-liste-insight250\/","og_locale":"fr_CA","og_type":"article","og_title":"Aksel Bedikyan nomin\u00e9 sur la liste Insight250","og_description":"Nous sommes heureux de vous annoncer qu&rsquo;Aksel Bedikyan, vice-pr\u00e9sident de L\u00e9ger analytique, a \u00e9t\u00e9 nomm\u00e9 sur la liste Insight250 2022, pr\u00e9sent\u00e9e par ESOMAR. Au total, 250 leaders mondiaux, sp\u00e9cialis\u00e9s en recherche marketing en analyse de donn\u00e9es sur les consommateurs, figurent sur cette liste. Tel qu\u2019indiqu\u00e9 sur le site internet d&rsquo;Insight250 : \u00ab C\u00e9l\u00e9brant chaque ann\u00e9e [&hellip;]","og_url":"https:\/\/leger360.com\/fr\/aksel-bedikyan-nomine-sur-la-liste-insight250\/","og_site_name":"Leger","article_publisher":"https:\/\/www.facebook.com\/leger360\/","article_published_time":"2022-10-11T20:12:00+00:00","article_modified_time":"2024-02-09T10:06:43+00:00","og_image":[{"width":400,"height":400,"url":"https:\/\/leger360.com\/wp-content\/uploads\/2024\/02\/20221011-Photo-VPA-Aksel_Bedikyan.jpg","type":"image\/jpeg"}],"author":"Jason Anthony","twitter_card":"summary_large_image","twitter_creator":"@leger360","twitter_site":"@leger360","twitter_misc":{"\u00c9crit par":"Jason Anthony","Estimation du temps de lecture":"1 minute"},"schema":{"@context":"https:\/\/schema.org","@graph":[{"@type":"Article","@id":"https:\/\/leger360.com\/fr\/aksel-bedikyan-nomine-sur-la-liste-insight250\/#article","isPartOf":{"@id":"https:\/\/leger360.com\/fr\/aksel-bedikyan-nomine-sur-la-liste-insight250\/"},"author":{"name":"Jason Anthony","@id":"https:\/\/leger360.com\/fr\/#\/schema\/person\/34dfccb7aa46dcd4085221008ca51ac9"},"headline":"Aksel Bedikyan nomin\u00e9 sur la liste Insight250","datePublished":"2022-10-11T20:12:00+00:00","dateModified":"2024-02-09T10:06:43+00:00","mainEntityOfPage":{"@id":"https:\/\/leger360.com\/fr\/aksel-bedikyan-nomine-sur-la-liste-insight250\/"},"wordCount":133,"publisher":{"@id":"https:\/\/leger360.com\/fr\/#organization"},"image":{"@id":"https:\/\/leger360.com\/fr\/aksel-bedikyan-nomine-sur-la-liste-insight250\/#primaryimage"},"thumbnailUrl":"https:\/\/leger360.com\/wp-content\/uploads\/2024\/02\/20221011-Photo-VPA-Aksel_Bedikyan.jpg","articleSection":["In the news"],"inLanguage":"fr-CA"},{"@type":"WebPage","@id":"https:\/\/leger360.com\/fr\/aksel-bedikyan-nomine-sur-la-liste-insight250\/","url":"https:\/\/leger360.com\/fr\/aksel-bedikyan-nomine-sur-la-liste-insight250\/","name":"Aksel Bedikyan nomin\u00e9 sur la liste Insight250 - Leger","isPartOf":{"@id":"https:\/\/leger360.com\/fr\/#website"},"primaryImageOfPage":{"@id":"https:\/\/leger360.com\/fr\/aksel-bedikyan-nomine-sur-la-liste-insight250\/#primaryimage"},"image":{"@id":"https:\/\/leger360.com\/fr\/aksel-bedikyan-nomine-sur-la-liste-insight250\/#primaryimage"},"thumbnailUrl":"https:\/\/leger360.com\/wp-content\/uploads\/2024\/02\/20221011-Photo-VPA-Aksel_Bedikyan.jpg","datePublished":"2022-10-11T20:12:00+00:00","dateModified":"2024-02-09T10:06:43+00:00","breadcrumb":{"@id":"https:\/\/leger360.com\/fr\/aksel-bedikyan-nomine-sur-la-liste-insight250\/#breadcrumb"},"inLanguage":"fr-CA","potentialAction":[{"@type":"ReadAction","target":["https:\/\/leger360.com\/fr\/aksel-bedikyan-nomine-sur-la-liste-insight250\/"]}]},{"@type":"ImageObject","inLanguage":"fr-CA","@id":"https:\/\/leger360.com\/fr\/aksel-bedikyan-nomine-sur-la-liste-insight250\/#primaryimage","url":"https:\/\/leger360.com\/wp-content\/uploads\/2024\/02\/20221011-Photo-VPA-Aksel_Bedikyan.jpg","contentUrl":"https:\/\/leger360.com\/wp-content\/uploads\/2024\/02\/20221011-Photo-VPA-Aksel_Bedikyan.jpg","width":400,"height":400},{"@type":"BreadcrumbList","@id":"https:\/\/leger360.com\/fr\/aksel-bedikyan-nomine-sur-la-liste-insight250\/#breadcrumb","itemListElement":[{"@type":"ListItem","position":1,"name":"Home","item":"https:\/\/leger360.com\/fr\/"},{"@type":"ListItem","position":2,"name":"Aksel Bedikyan nomin\u00e9 sur la liste Insight250"}]},{"@type":"WebSite","@id":"https:\/\/leger360.com\/fr\/#website","url":"https:\/\/leger360.com\/fr\/","name":"Leger","description":"Market Research | Data Analytics","publisher":{"@id":"https:\/\/leger360.com\/fr\/#organization"},"potentialAction":[{"@type":"SearchAction","target":{"@type":"EntryPoint","urlTemplate":"https:\/\/leger360.com\/fr\/?s={search_term_string}"},"query-input":{"@type":"PropertyValueSpecification","valueRequired":true,"valueName":"search_term_string"}}],"inLanguage":"fr-CA"},{"@type":"Organization","@id":"https:\/\/leger360.com\/fr\/#organization","name":"Leger","url":"https:\/\/leger360.com\/fr\/","logo":{"@type":"ImageObject","inLanguage":"fr-CA","@id":"https:\/\/leger360.com\/fr\/#\/schema\/logo\/image\/","url":"https:\/\/leger360.com\/wp-content\/uploads\/2024\/04\/2022-Logo-Leger-Blackred-g.png","contentUrl":"https:\/\/leger360.com\/wp-content\/uploads\/2024\/04\/2022-Logo-Leger-Blackred-g.png","width":1195,"height":686,"caption":"Leger"},"image":{"@id":"https:\/\/leger360.com\/fr\/#\/schema\/logo\/image\/"},"sameAs":["https:\/\/www.facebook.com\/leger360\/","https:\/\/x.com\/leger360","https:\/\/www.linkedin.com\/company\/leger360\/"],"description":"Leger is one of North America\u2019s fastest-growing market research companies, known for our forward-thinking experts and innovative approaches powered by artificial intelligence (AI) technologies."},{"@type":"Person","@id":"https:\/\/leger360.com\/fr\/#\/schema\/person\/34dfccb7aa46dcd4085221008ca51ac9","name":"Jason Anthony","image":{"@type":"ImageObject","inLanguage":"fr-CA","@id":"https:\/\/secure.gravatar.com\/avatar\/b8d3134f69c631184566a5436407f9384b5e28c50ff3915e13c50c0c730b64f8?s=96&d=mm&r=g","url":"https:\/\/secure.gravatar.com\/avatar\/b8d3134f69c631184566a5436407f9384b5e28c50ff3915e13c50c0c730b64f8?s=96&d=mm&r=g","contentUrl":"https:\/\/secure.gravatar.com\/avatar\/b8d3134f69c631184566a5436407f9384b5e28c50ff3915e13c50c0c730b64f8?s=96&d=mm&r=g","caption":"Jason Anthony"}}]}},"_links":{"self":[{"href":"https:\/\/leger360.com\/fr\/wp-json\/wp\/v2\/posts\/16621","targetHints":{"allow":["GET"]}}],"collection":[{"href":"https:\/\/leger360.com\/fr\/wp-json\/wp\/v2\/posts"}],"about":[{"href":"https:\/\/leger360.com\/fr\/wp-json\/wp\/v2\/types\/post"}],"author":[{"embeddable":true,"href":"https:\/\/leger360.com\/fr\/wp-json\/wp\/v2\/users\/2"}],"replies":[{"embeddable":true,"href":"https:\/\/leger360.com\/fr\/wp-json\/wp\/v2\/comments?post=16621"}],"version-history":[{"count":0,"href":"https:\/\/leger360.com\/fr\/wp-json\/wp\/v2\/posts\/16621\/revisions"}],"wp:featuredmedia":[{"embeddable":true,"href":"https:\/\/leger360.com\/fr\/wp-json\/wp\/v2\/media\/11380"}],"wp:attachment":[{"href":"https:\/\/leger360.com\/fr\/wp-json\/wp\/v2\/media?parent=16621"}],"wp:term":[{"taxonomy":"category","embeddable":true,"href":"https:\/\/leger360.com\/fr\/wp-json\/wp\/v2\/categories?post=16621"},{"taxonomy":"post_tag","embeddable":true,"href":"https:\/\/leger360.com\/fr\/wp-json\/wp\/v2\/tags?post=16621"},{"taxonomy":"post_language_cat","embeddable":true,"href":"https:\/\/leger360.com\/fr\/wp-json\/wp\/v2\/post_language_cat?post=16621"}],"curies":[{"name":"wp","href":"https:\/\/api.w.org\/{rel}","templated":true}]}}