{"id":16915,"date":"2023-08-29T12:00:00","date_gmt":"2023-08-29T12:00:00","guid":{"rendered":"https:\/\/leger360.com\/opinion-de-la-population-quebecoise-sur-le-troisieme-lien\/"},"modified":"2024-04-23T16:21:19","modified_gmt":"2024-04-23T20:21:19","slug":"opinion-de-la-population-quebecoise-sur-le-troisieme-lien","status":"publish","type":"post","link":"https:\/\/leger360.com\/fr\/opinion-de-la-population-quebecoise-sur-le-troisieme-lien\/","title":{"rendered":"Opinion de la population qu\u00e9b\u00e9coise sur le troisi\u00e8me lien"},"content":{"rendered":"<p>[et_pb_section fb_built=\u00a0\u00bb1&Prime; admin_label=\u00a0\u00bbsection\u00a0\u00bb _builder_version=\u00a0\u00bb4.16&Prime; global_colors_info=\u00a0\u00bb{}\u00a0\u00bb][et_pb_row admin_label=\u00a0\u00bbrow\u00a0\u00bb _builder_version=\u00a0\u00bb4.16&Prime; background_size=\u00a0\u00bbinitial\u00a0\u00bb background_position=\u00a0\u00bbtop_left\u00a0\u00bb background_repeat=\u00a0\u00bbrepeat\u00a0\u00bb global_colors_info=\u00a0\u00bb{}\u00a0\u00bb][et_pb_column type=\u00a0\u00bb4_4&Prime; _builder_version=\u00a0\u00bb4.16&Prime; custom_padding=\u00a0\u00bb|||\u00a0\u00bb global_colors_info=\u00a0\u00bb{}\u00a0\u00bb custom_padding__hover=\u00a0\u00bb|||\u00a0\u00bb][et_pb_text admin_label=\u00a0\u00bbText\u00a0\u00bb _builder_version=\u00a0\u00bb4.16&Prime; background_size=\u00a0\u00bbinitial\u00a0\u00bb background_position=\u00a0\u00bbtop_left\u00a0\u00bb background_repeat=\u00a0\u00bbrepeat\u00a0\u00bb global_colors_info=\u00a0\u00bb{}\u00a0\u00bb]<\/p>\n<p>L\u00e9ger a r\u00e9alis\u00e9 un sondage pour le compte du Journal de Montr\u00e9al et du Journal de Qu\u00e9bec sur le troisi\u00e8me lien, y compris l\u2019opinion de la population qu\u00e9b\u00e9coise sur l\u2019abandon du tunnel autoroutier, avec l\u2019utilisation du transport en commun pour ce troisi\u00e8me lien et leurs perceptions sur la concr\u00e9tisation de la construction de celui-ci.<\/p>\n<h3 class=\"wp-block-heading\" id=\"h-faits-saillants\">FAITS SAILLANTS<\/h3>\n<p><strong>Abandon du tunnel autoroutier<\/strong> : Ce sont 46% des gens de la province qui sont en accord avec l\u2019abandon du tunnel autoroutier pour faire office de troisi\u00e8me lien entre L\u00e9vis et Qu\u00e9bec alors que 22% sont en d\u00e9saccord et que 30% ne savent pas ou ont refus\u00e9 de r\u00e9pondre.<\/p>\n<p>Dans la grande r\u00e9gion de la Ville de Qu\u00e9bec, l\u2019opinion demeure partag\u00e9e sur l\u2019abandon du 3e lien autoroutier. 42% sont en accord avec la d\u00e9cision du gouvernement annonc\u00e9e il y a quelques mois, alors que 49% sont en d\u00e9saccord.<\/p>\n<\/p>\n<figure class=\"wp-block-image size-large\"><img decoding=\"async\" src=\"https:\/\/leger360.com\/wp-content\/uploads\/2024\/02\/20230826-troisieme-lien3@4x-80-1024x1024.jpg\" alt=\"\" class=\"wp-image-42092\"\/><\/figure>\n<\/p>\n<p><strong>Utilisation du transport en commun pour la nouvelle mouture du troisi\u00e8me lien<\/strong> : Les opinions quant \u00e0 l\u2019utilisation du transport en commun pour le troisi\u00e8me lien ont \u00e9volu\u00e9 depuis notre dernier coup de sonde en mai. La population qu\u00e9b\u00e9coise est maintenant en accord \u00e0 37 % (hausse de 3 points de pourcentage) et en d\u00e9saccord \u00e0 29% (baisse de 10 points de pourcentage).<\/p>\n<p><strong>Concr\u00e9tisation de la nouvelle mouture du troisi\u00e8me lien <\/strong>: La moiti\u00e9 de la population de la province (50%) ne pense pas que le troisi\u00e8me lien entre Qu\u00e9bec et L\u00e9vis r\u00e9serv\u00e9 au transport en commun sera effectivement construit alors que 13% le croient et 37% ne savent pas ou ont refus\u00e9 de r\u00e9pondre.<\/p>\n<h3 class=\"wp-block-heading\" id=\"h-methodologie-du-sondage\">M\u00c9THODOLOGIE DU SONDAGE<\/h3>\n<ul>\n<li>Un sondage Web a \u00e9t\u00e9 r\u00e9alis\u00e9 aupr\u00e8s de 1 036 Qu\u00e9b\u00e9cois \u00e2g\u00e9s de 18 ou plus et ayant le droit de vote au Canada. Les r\u00e9pondants devaient pouvoir s\u2019exprimer en fran\u00e7ais ou en anglais et ont \u00e9t\u00e9 recrut\u00e9s al\u00e9atoirement \u00e0 l\u2019aide du panel en ligne de LEO.<\/li>\n<li>Les donn\u00e9es ont \u00e9t\u00e9 collect\u00e9es du 18 au 21 ao\u00fbt 2023.<\/li>\n<li>Il n\u2019est pas possible de calculer une marge d\u2019erreur sur un \u00e9chantillon tir\u00e9 d\u2019un panel, mais \u00e0 titre comparatif, la marge d\u2019erreur maximale pour un \u00e9chantillon de 1 036 r\u00e9pondants est de \u00b13,04%, et ce 19 fois sur 20.<\/li>\n<li>Les r\u00e9sultats ont \u00e9t\u00e9 pond\u00e9r\u00e9s en fonction du genre, de l\u2019\u00e2ge, de la langue maternelle, de la r\u00e9gion, du niveau de scolarit\u00e9 et de la pr\u00e9sence d\u2019enfants dans le m\u00e9nage afin d\u2019assurer un \u00e9chantillon repr\u00e9sentatif de la population qu\u00e9b\u00e9coise.<\/li>\n<\/ul>\n<p><em>Ce sondage est la propri\u00e9t\u00e9 de L\u00e9ger\/Le Journal de Montr\u00e9al\/Le Journal de Qu\u00e9bec. Toute publication doit obligatoirement respecter les droits d\u2019auteur en mentionnant sondage L\u00e9ger\/<a href=\"https:\/\/www.journaldemontreal.com\/2023\/08\/28\/3e-lien--les-quebecois-ny-croient-plus\">Le Journal de Montr\u00e9al<\/a>\/<a href=\"https:\/\/www.journaldequebec.com\/2023\/08\/28\/3e-lien--les-quebecois-ny-croient-plus\">Le Journal de Qu\u00e9bec<\/a>.<\/em><\/p>\n<p>[\/et_pb_text][et_pb_button button_url=\u00a0\u00bbhttp:\/\/T\u00e9l\u00e9charger%20le%20rapport\u00a0\u00bb url_new_window=\u00a0\u00bbon\u00a0\u00bb button_text=\u00a0\u00bbT\u00e9l\u00e9charger le rapport\u00a0\u00bb button_alignment=\u00a0\u00bbcenter\u00a0\u00bb _builder_version=\u00a0\u00bb4.25.0&Prime; _module_preset=\u00a0\u00bbdefault\u00a0\u00bb hover_enabled=\u00a0\u00bb0&Prime; global_colors_info=\u00a0\u00bb{}\u00a0\u00bb button_text_last_edited=\u00a0\u00bbon|desktop\u00a0\u00bb sticky_enabled=\u00a0\u00bb0&Prime; button_text_tablet=\u00a0\u00bbT\u00e9l\u00e9charger le rapport\u00a0\u00bb button_text_phone=\u00a0\u00bbT\u00e9l\u00e9charger le rapport\u00a0\u00bb][\/et_pb_button][\/et_pb_column][\/et_pb_row][\/et_pb_section]<\/p>\n","protected":false},"excerpt":{"rendered":"<p>L\u00e9ger a r\u00e9alis\u00e9 un sondage pour le compte du Journal de Montr\u00e9al et du Journal de Qu\u00e9bec sur le troisi\u00e8me lien, y compris l\u2019opinion de la population qu\u00e9b\u00e9coise sur l\u2019abandon du tunnel autoroutier, avec l\u2019utilisation du transport en commun pour ce troisi\u00e8me lien et leurs perceptions sur la concr\u00e9tisation de la construction de celui-ci. FAITS SAILLANTS Abandon du tunnel autoroutier : Ce sont 46% des gens de la province qui sont en accord avec l\u2019abandon du tunnel autoroutier pour faire office de troisi\u00e8me lien entre L\u00e9vis et Qu\u00e9bec alors que 22% sont en d\u00e9saccord et que 30% ne savent pas ou ont refus\u00e9 de r\u00e9pondre. Dans la grande r\u00e9gion de la Ville de Qu\u00e9bec, l\u2019opinion demeure partag\u00e9e sur l\u2019abandon du 3e lien autoroutier. 42% sont en accord avec la d\u00e9cision du gouvernement annonc\u00e9e il y a quelques mois, alors que 49% sont en d\u00e9saccord. Utilisation du transport en commun pour la nouvelle mouture du troisi\u00e8me lien : Les opinions quant \u00e0 l\u2019utilisation du transport en commun pour le troisi\u00e8me lien ont \u00e9volu\u00e9 depuis notre dernier coup de sonde en mai. La population qu\u00e9b\u00e9coise est maintenant en accord \u00e0 37 % (hausse de 3 points de pourcentage) et en d\u00e9saccord \u00e0 [&hellip;]<\/p>\n","protected":false},"author":2,"featured_media":16923,"comment_status":"closed","ping_status":"closed","sticky":false,"template":"","format":"standard","meta":{"_acf_changed":false,"_et_pb_use_builder":"on","_et_pb_old_content":"<!-- wp:paragraph -->\n<p>L\u00e9ger a r\u00e9alis\u00e9 un sondage pour le compte du Journal de Montr\u00e9al et du Journal de Qu\u00e9bec sur le troisi\u00e8me lien, y compris l\u2019opinion de la population qu\u00e9b\u00e9coise sur l\u2019abandon du tunnel autoroutier, avec l\u2019utilisation du transport en commun pour ce troisi\u00e8me lien et leurs perceptions sur la concr\u00e9tisation de la construction de celui-ci.<\/p>\n<!-- \/wp:paragraph -->\n\n<!-- wp:heading {\"level\":3} -->\n<h3 class=\"wp-block-heading\" id=\"h-faits-saillants\">FAITS SAILLANTS<\/h3>\n<!-- \/wp:heading -->\n\n<!-- wp:paragraph -->\n<p><strong>Abandon du tunnel autoroutier<\/strong> : Ce sont 46% des gens de la province qui sont en accord avec l\u2019abandon du tunnel autoroutier pour faire office de troisi\u00e8me lien entre L\u00e9vis et Qu\u00e9bec alors que 22% sont en d\u00e9saccord et que 30% ne savent pas ou ont refus\u00e9 de r\u00e9pondre.<\/p>\n<!-- \/wp:paragraph -->\n\n<!-- wp:paragraph -->\n<p>Dans la grande r\u00e9gion de la Ville de Qu\u00e9bec, l\u2019opinion demeure partag\u00e9e sur l\u2019abandon du 3e lien autoroutier. 42% sont en accord avec la d\u00e9cision du gouvernement annonc\u00e9e il y a quelques mois, alors que 49% sont en d\u00e9saccord.<\/p>\n<!-- \/wp:paragraph -->\n\n<!-- wp:paragraph -->\n<p><\/p>\n<!-- \/wp:paragraph -->\n\n<!-- wp:image {\"id\":42092,\"sizeSlug\":\"large\",\"linkDestination\":\"none\"} -->\n<figure class=\"wp-block-image size-large\"><img src=\"https:\/\/leger360.com\/wp-content\/uploads\/2024\/02\/20230826-troisieme-lien3@4x-80-1024x1024.jpg\" alt=\"\" class=\"wp-image-42092\"\/><\/figure>\n<!-- \/wp:image -->\n\n<!-- wp:paragraph -->\n<p><\/p>\n<!-- \/wp:paragraph -->\n\n<!-- wp:paragraph -->\n<p><strong>Utilisation du transport en commun pour la nouvelle mouture du troisi\u00e8me lien<\/strong> : Les opinions quant \u00e0 l\u2019utilisation du transport en commun pour le troisi\u00e8me lien ont \u00e9volu\u00e9 depuis notre dernier coup de sonde en mai. La population qu\u00e9b\u00e9coise est maintenant en accord \u00e0 37 % (hausse de 3 points de pourcentage) et en d\u00e9saccord \u00e0 29% (baisse de 10 points de pourcentage).<\/p>\n<!-- \/wp:paragraph -->\n\n<!-- wp:paragraph -->\n<p><strong>Concr\u00e9tisation de la nouvelle mouture du troisi\u00e8me lien <\/strong>: La moiti\u00e9 de la population de la province (50%) ne pense pas que le troisi\u00e8me lien entre Qu\u00e9bec et L\u00e9vis r\u00e9serv\u00e9 au transport en commun sera effectivement construit alors que 13% le croient et 37% ne savent pas ou ont refus\u00e9 de r\u00e9pondre.<\/p>\n<!-- \/wp:paragraph -->\n\n<!-- wp:heading {\"level\":3} -->\n<h3 class=\"wp-block-heading\" id=\"h-methodologie-du-sondage\">M\u00c9THODOLOGIE DU SONDAGE<\/h3>\n<!-- \/wp:heading -->\n\n<!-- wp:list -->\n<ul><!-- wp:list-item -->\n<li>Un sondage Web a \u00e9t\u00e9 r\u00e9alis\u00e9 aupr\u00e8s de 1 036 Qu\u00e9b\u00e9cois \u00e2g\u00e9s de 18 ou plus et ayant le droit de vote au Canada. Les r\u00e9pondants devaient pouvoir s\u2019exprimer en fran\u00e7ais ou en anglais et ont \u00e9t\u00e9 recrut\u00e9s al\u00e9atoirement \u00e0 l\u2019aide du panel en ligne de LEO.<\/li>\n<!-- \/wp:list-item -->\n\n<!-- wp:list-item -->\n<li>Les donn\u00e9es ont \u00e9t\u00e9 collect\u00e9es du 18 au 21 ao\u00fbt 2023.<\/li>\n<!-- \/wp:list-item -->\n\n<!-- wp:list-item -->\n<li>Il n\u2019est pas possible de calculer une marge d\u2019erreur sur un \u00e9chantillon tir\u00e9 d\u2019un panel, mais \u00e0 titre comparatif, la marge d\u2019erreur maximale pour un \u00e9chantillon de 1 036 r\u00e9pondants est de \u00b13,04%, et ce 19 fois sur 20.<\/li>\n<!-- \/wp:list-item -->\n\n<!-- wp:list-item -->\n<li>Les r\u00e9sultats ont \u00e9t\u00e9 pond\u00e9r\u00e9s en fonction du genre, de l\u2019\u00e2ge, de la langue maternelle, de la r\u00e9gion, du niveau de scolarit\u00e9 et de la pr\u00e9sence d\u2019enfants dans le m\u00e9nage afin d\u2019assurer un \u00e9chantillon repr\u00e9sentatif de la population qu\u00e9b\u00e9coise.<\/li>\n<!-- \/wp:list-item --><\/ul>\n<!-- \/wp:list -->\n\n<!-- wp:paragraph -->\n<p><em>Ce sondage est la propri\u00e9t\u00e9 de L\u00e9ger\/Le Journal de Montr\u00e9al\/Le Journal de Qu\u00e9bec. Toute publication doit obligatoirement respecter les droits d\u2019auteur en mentionnant sondage L\u00e9ger\/<a href=\"https:\/\/www.journaldemontreal.com\/2023\/08\/28\/3e-lien--les-quebecois-ny-croient-plus\">Le Journal de Montr\u00e9al<\/a>\/<a href=\"https:\/\/www.journaldequebec.com\/2023\/08\/28\/3e-lien--les-quebecois-ny-croient-plus\">Le Journal de Qu\u00e9bec<\/a>.<\/em><\/p>\n<!-- \/wp:paragraph -->","_et_gb_content_width":"","content-type":"","inline_featured_image":false,"footnotes":""},"categories":[35],"tags":[],"post_language_cat":[42],"class_list":["post-16915","post","type-post","status-publish","format-standard","has-post-thumbnail","hentry","category-in-the-news","post_language_cat-fr-in-the-news"],"acf":[],"yoast_head":"<!-- This site is optimized with the Yoast SEO Premium plugin v27.4 (Yoast SEO v27.4) - https:\/\/yoast.com\/product\/yoast-seo-premium-wordpress\/ -->\n<title>Opinion de la population qu\u00e9b\u00e9coise sur le troisi\u00e8me lien - Leger<\/title>\n<meta name=\"robots\" content=\"index, follow, max-snippet:-1, max-image-preview:large, max-video-preview:-1\" \/>\n<link rel=\"canonical\" href=\"https:\/\/leger360.com\/fr\/opinion-de-la-population-quebecoise-sur-le-troisieme-lien\/\" \/>\n<meta property=\"og:locale\" content=\"fr_CA\" \/>\n<meta property=\"og:type\" content=\"article\" \/>\n<meta property=\"og:title\" content=\"Opinion de la population qu\u00e9b\u00e9coise sur le troisi\u00e8me lien\" \/>\n<meta property=\"og:description\" content=\"L\u00e9ger a r\u00e9alis\u00e9 un sondage pour le compte du Journal de Montr\u00e9al et du Journal de Qu\u00e9bec sur le troisi\u00e8me lien, y compris l\u2019opinion de la population qu\u00e9b\u00e9coise sur l\u2019abandon du tunnel autoroutier, avec l\u2019utilisation du transport en commun pour ce troisi\u00e8me lien et leurs perceptions sur la concr\u00e9tisation de la construction de celui-ci. FAITS SAILLANTS Abandon du tunnel autoroutier : Ce sont 46% des gens de la province qui sont en accord avec l\u2019abandon du tunnel autoroutier pour faire office de troisi\u00e8me lien entre L\u00e9vis et Qu\u00e9bec alors que 22% sont en d\u00e9saccord et que 30% ne savent pas ou ont refus\u00e9 de r\u00e9pondre. Dans la grande r\u00e9gion de la Ville de Qu\u00e9bec, l\u2019opinion demeure partag\u00e9e sur l\u2019abandon du 3e lien autoroutier. 42% sont en accord avec la d\u00e9cision du gouvernement annonc\u00e9e il y a quelques mois, alors que 49% sont en d\u00e9saccord. Utilisation du transport en commun pour la nouvelle mouture du troisi\u00e8me lien : Les opinions quant \u00e0 l\u2019utilisation du transport en commun pour le troisi\u00e8me lien ont \u00e9volu\u00e9 depuis notre dernier coup de sonde en mai. La population qu\u00e9b\u00e9coise est maintenant en accord \u00e0 37 % (hausse de 3 points de pourcentage) et en d\u00e9saccord \u00e0 [&hellip;]\" \/>\n<meta property=\"og:url\" content=\"https:\/\/leger360.com\/fr\/opinion-de-la-population-quebecoise-sur-le-troisieme-lien\/\" \/>\n<meta property=\"og:site_name\" content=\"Leger\" \/>\n<meta property=\"article:publisher\" content=\"https:\/\/www.facebook.com\/leger360\/\" \/>\n<meta property=\"article:published_time\" content=\"2023-08-29T12:00:00+00:00\" \/>\n<meta property=\"article:modified_time\" content=\"2024-04-23T20:21:19+00:00\" \/>\n<meta property=\"og:image\" content=\"https:\/\/leger360.com\/wp-content\/uploads\/2024\/02\/20230824-Quebec-Politics-Feature-1.jpg\" \/>\n\t<meta property=\"og:image:width\" content=\"1564\" \/>\n\t<meta property=\"og:image:height\" content=\"978\" \/>\n\t<meta property=\"og:image:type\" content=\"image\/jpeg\" \/>\n<meta name=\"author\" content=\"Jason Anthony\" \/>\n<meta name=\"twitter:card\" content=\"summary_large_image\" \/>\n<meta name=\"twitter:creator\" content=\"@leger360\" \/>\n<meta name=\"twitter:site\" content=\"@leger360\" \/>\n<meta name=\"twitter:label1\" content=\"\u00c9crit par\" \/>\n\t<meta name=\"twitter:data1\" content=\"Jason Anthony\" \/>\n\t<meta name=\"twitter:label2\" content=\"Estimation du temps de lecture\" \/>\n\t<meta name=\"twitter:data2\" content=\"3 minutes\" \/>\n<script type=\"application\/ld+json\" class=\"yoast-schema-graph\">{\"@context\":\"https:\\\/\\\/schema.org\",\"@graph\":[{\"@type\":\"Article\",\"@id\":\"https:\\\/\\\/leger360.com\\\/fr\\\/opinion-de-la-population-quebecoise-sur-le-troisieme-lien\\\/#article\",\"isPartOf\":{\"@id\":\"https:\\\/\\\/leger360.com\\\/fr\\\/opinion-de-la-population-quebecoise-sur-le-troisieme-lien\\\/\"},\"author\":{\"name\":\"Jason Anthony\",\"@id\":\"https:\\\/\\\/leger360.com\\\/fr\\\/#\\\/schema\\\/person\\\/34dfccb7aa46dcd4085221008ca51ac9\"},\"headline\":\"Opinion de la population qu\u00e9b\u00e9coise sur le troisi\u00e8me lien\",\"datePublished\":\"2023-08-29T12:00:00+00:00\",\"dateModified\":\"2024-04-23T20:21:19+00:00\",\"mainEntityOfPage\":{\"@id\":\"https:\\\/\\\/leger360.com\\\/fr\\\/opinion-de-la-population-quebecoise-sur-le-troisieme-lien\\\/\"},\"wordCount\":635,\"publisher\":{\"@id\":\"https:\\\/\\\/leger360.com\\\/fr\\\/#organization\"},\"image\":{\"@id\":\"https:\\\/\\\/leger360.com\\\/fr\\\/opinion-de-la-population-quebecoise-sur-le-troisieme-lien\\\/#primaryimage\"},\"thumbnailUrl\":\"https:\\\/\\\/leger360.com\\\/wp-content\\\/uploads\\\/2024\\\/02\\\/20230824-Quebec-Politics-Feature-1.jpg\",\"articleSection\":[\"In the news\"],\"inLanguage\":\"fr-CA\"},{\"@type\":\"WebPage\",\"@id\":\"https:\\\/\\\/leger360.com\\\/fr\\\/opinion-de-la-population-quebecoise-sur-le-troisieme-lien\\\/\",\"url\":\"https:\\\/\\\/leger360.com\\\/fr\\\/opinion-de-la-population-quebecoise-sur-le-troisieme-lien\\\/\",\"name\":\"Opinion de la population qu\u00e9b\u00e9coise sur le troisi\u00e8me lien - Leger\",\"isPartOf\":{\"@id\":\"https:\\\/\\\/leger360.com\\\/fr\\\/#website\"},\"primaryImageOfPage\":{\"@id\":\"https:\\\/\\\/leger360.com\\\/fr\\\/opinion-de-la-population-quebecoise-sur-le-troisieme-lien\\\/#primaryimage\"},\"image\":{\"@id\":\"https:\\\/\\\/leger360.com\\\/fr\\\/opinion-de-la-population-quebecoise-sur-le-troisieme-lien\\\/#primaryimage\"},\"thumbnailUrl\":\"https:\\\/\\\/leger360.com\\\/wp-content\\\/uploads\\\/2024\\\/02\\\/20230824-Quebec-Politics-Feature-1.jpg\",\"datePublished\":\"2023-08-29T12:00:00+00:00\",\"dateModified\":\"2024-04-23T20:21:19+00:00\",\"breadcrumb\":{\"@id\":\"https:\\\/\\\/leger360.com\\\/fr\\\/opinion-de-la-population-quebecoise-sur-le-troisieme-lien\\\/#breadcrumb\"},\"inLanguage\":\"fr-CA\",\"potentialAction\":[{\"@type\":\"ReadAction\",\"target\":[\"https:\\\/\\\/leger360.com\\\/fr\\\/opinion-de-la-population-quebecoise-sur-le-troisieme-lien\\\/\"]}]},{\"@type\":\"ImageObject\",\"inLanguage\":\"fr-CA\",\"@id\":\"https:\\\/\\\/leger360.com\\\/fr\\\/opinion-de-la-population-quebecoise-sur-le-troisieme-lien\\\/#primaryimage\",\"url\":\"https:\\\/\\\/leger360.com\\\/wp-content\\\/uploads\\\/2024\\\/02\\\/20230824-Quebec-Politics-Feature-1.jpg\",\"contentUrl\":\"https:\\\/\\\/leger360.com\\\/wp-content\\\/uploads\\\/2024\\\/02\\\/20230824-Quebec-Politics-Feature-1.jpg\",\"width\":1564,\"height\":978},{\"@type\":\"BreadcrumbList\",\"@id\":\"https:\\\/\\\/leger360.com\\\/fr\\\/opinion-de-la-population-quebecoise-sur-le-troisieme-lien\\\/#breadcrumb\",\"itemListElement\":[{\"@type\":\"ListItem\",\"position\":1,\"name\":\"Home\",\"item\":\"https:\\\/\\\/leger360.com\\\/fr\\\/\"},{\"@type\":\"ListItem\",\"position\":2,\"name\":\"Opinion de la population qu\u00e9b\u00e9coise sur le troisi\u00e8me lien\"}]},{\"@type\":\"WebSite\",\"@id\":\"https:\\\/\\\/leger360.com\\\/fr\\\/#website\",\"url\":\"https:\\\/\\\/leger360.com\\\/fr\\\/\",\"name\":\"Leger\",\"description\":\"Market Research | Data Analytics\",\"publisher\":{\"@id\":\"https:\\\/\\\/leger360.com\\\/fr\\\/#organization\"},\"potentialAction\":[{\"@type\":\"SearchAction\",\"target\":{\"@type\":\"EntryPoint\",\"urlTemplate\":\"https:\\\/\\\/leger360.com\\\/fr\\\/?s={search_term_string}\"},\"query-input\":{\"@type\":\"PropertyValueSpecification\",\"valueRequired\":true,\"valueName\":\"search_term_string\"}}],\"inLanguage\":\"fr-CA\"},{\"@type\":\"Organization\",\"@id\":\"https:\\\/\\\/leger360.com\\\/fr\\\/#organization\",\"name\":\"Leger\",\"url\":\"https:\\\/\\\/leger360.com\\\/fr\\\/\",\"logo\":{\"@type\":\"ImageObject\",\"inLanguage\":\"fr-CA\",\"@id\":\"https:\\\/\\\/leger360.com\\\/fr\\\/#\\\/schema\\\/logo\\\/image\\\/\",\"url\":\"https:\\\/\\\/leger360.com\\\/wp-content\\\/uploads\\\/2024\\\/04\\\/2022-Logo-Leger-Blackred-g.png\",\"contentUrl\":\"https:\\\/\\\/leger360.com\\\/wp-content\\\/uploads\\\/2024\\\/04\\\/2022-Logo-Leger-Blackred-g.png\",\"width\":1195,\"height\":686,\"caption\":\"Leger\"},\"image\":{\"@id\":\"https:\\\/\\\/leger360.com\\\/fr\\\/#\\\/schema\\\/logo\\\/image\\\/\"},\"sameAs\":[\"https:\\\/\\\/www.facebook.com\\\/leger360\\\/\",\"https:\\\/\\\/x.com\\\/leger360\",\"https:\\\/\\\/www.linkedin.com\\\/company\\\/leger360\\\/\"],\"description\":\"Leger is one of North America\u2019s fastest-growing market research companies, known for our forward-thinking experts and innovative approaches powered by artificial intelligence (AI) technologies.\"},{\"@type\":\"Person\",\"@id\":\"https:\\\/\\\/leger360.com\\\/fr\\\/#\\\/schema\\\/person\\\/34dfccb7aa46dcd4085221008ca51ac9\",\"name\":\"Jason Anthony\",\"image\":{\"@type\":\"ImageObject\",\"inLanguage\":\"fr-CA\",\"@id\":\"https:\\\/\\\/secure.gravatar.com\\\/avatar\\\/b8d3134f69c631184566a5436407f9384b5e28c50ff3915e13c50c0c730b64f8?s=96&d=mm&r=g\",\"url\":\"https:\\\/\\\/secure.gravatar.com\\\/avatar\\\/b8d3134f69c631184566a5436407f9384b5e28c50ff3915e13c50c0c730b64f8?s=96&d=mm&r=g\",\"contentUrl\":\"https:\\\/\\\/secure.gravatar.com\\\/avatar\\\/b8d3134f69c631184566a5436407f9384b5e28c50ff3915e13c50c0c730b64f8?s=96&d=mm&r=g\",\"caption\":\"Jason Anthony\"}}]}<\/script>\n<!-- \/ Yoast SEO Premium plugin. -->","yoast_head_json":{"title":"Opinion de la population qu\u00e9b\u00e9coise sur le troisi\u00e8me lien - Leger","robots":{"index":"index","follow":"follow","max-snippet":"max-snippet:-1","max-image-preview":"max-image-preview:large","max-video-preview":"max-video-preview:-1"},"canonical":"https:\/\/leger360.com\/fr\/opinion-de-la-population-quebecoise-sur-le-troisieme-lien\/","og_locale":"fr_CA","og_type":"article","og_title":"Opinion de la population qu\u00e9b\u00e9coise sur le troisi\u00e8me lien","og_description":"L\u00e9ger a r\u00e9alis\u00e9 un sondage pour le compte du Journal de Montr\u00e9al et du Journal de Qu\u00e9bec sur le troisi\u00e8me lien, y compris l\u2019opinion de la population qu\u00e9b\u00e9coise sur l\u2019abandon du tunnel autoroutier, avec l\u2019utilisation du transport en commun pour ce troisi\u00e8me lien et leurs perceptions sur la concr\u00e9tisation de la construction de celui-ci. FAITS SAILLANTS Abandon du tunnel autoroutier : Ce sont 46% des gens de la province qui sont en accord avec l\u2019abandon du tunnel autoroutier pour faire office de troisi\u00e8me lien entre L\u00e9vis et Qu\u00e9bec alors que 22% sont en d\u00e9saccord et que 30% ne savent pas ou ont refus\u00e9 de r\u00e9pondre. Dans la grande r\u00e9gion de la Ville de Qu\u00e9bec, l\u2019opinion demeure partag\u00e9e sur l\u2019abandon du 3e lien autoroutier. 42% sont en accord avec la d\u00e9cision du gouvernement annonc\u00e9e il y a quelques mois, alors que 49% sont en d\u00e9saccord. Utilisation du transport en commun pour la nouvelle mouture du troisi\u00e8me lien : Les opinions quant \u00e0 l\u2019utilisation du transport en commun pour le troisi\u00e8me lien ont \u00e9volu\u00e9 depuis notre dernier coup de sonde en mai. La population qu\u00e9b\u00e9coise est maintenant en accord \u00e0 37 % (hausse de 3 points de pourcentage) et en d\u00e9saccord \u00e0 [&hellip;]","og_url":"https:\/\/leger360.com\/fr\/opinion-de-la-population-quebecoise-sur-le-troisieme-lien\/","og_site_name":"Leger","article_publisher":"https:\/\/www.facebook.com\/leger360\/","article_published_time":"2023-08-29T12:00:00+00:00","article_modified_time":"2024-04-23T20:21:19+00:00","og_image":[{"width":1564,"height":978,"url":"https:\/\/leger360.com\/wp-content\/uploads\/2024\/02\/20230824-Quebec-Politics-Feature-1.jpg","type":"image\/jpeg"}],"author":"Jason Anthony","twitter_card":"summary_large_image","twitter_creator":"@leger360","twitter_site":"@leger360","twitter_misc":{"\u00c9crit par":"Jason Anthony","Estimation du temps de lecture":"3 minutes"},"schema":{"@context":"https:\/\/schema.org","@graph":[{"@type":"Article","@id":"https:\/\/leger360.com\/fr\/opinion-de-la-population-quebecoise-sur-le-troisieme-lien\/#article","isPartOf":{"@id":"https:\/\/leger360.com\/fr\/opinion-de-la-population-quebecoise-sur-le-troisieme-lien\/"},"author":{"name":"Jason Anthony","@id":"https:\/\/leger360.com\/fr\/#\/schema\/person\/34dfccb7aa46dcd4085221008ca51ac9"},"headline":"Opinion de la population qu\u00e9b\u00e9coise sur le troisi\u00e8me lien","datePublished":"2023-08-29T12:00:00+00:00","dateModified":"2024-04-23T20:21:19+00:00","mainEntityOfPage":{"@id":"https:\/\/leger360.com\/fr\/opinion-de-la-population-quebecoise-sur-le-troisieme-lien\/"},"wordCount":635,"publisher":{"@id":"https:\/\/leger360.com\/fr\/#organization"},"image":{"@id":"https:\/\/leger360.com\/fr\/opinion-de-la-population-quebecoise-sur-le-troisieme-lien\/#primaryimage"},"thumbnailUrl":"https:\/\/leger360.com\/wp-content\/uploads\/2024\/02\/20230824-Quebec-Politics-Feature-1.jpg","articleSection":["In the news"],"inLanguage":"fr-CA"},{"@type":"WebPage","@id":"https:\/\/leger360.com\/fr\/opinion-de-la-population-quebecoise-sur-le-troisieme-lien\/","url":"https:\/\/leger360.com\/fr\/opinion-de-la-population-quebecoise-sur-le-troisieme-lien\/","name":"Opinion de la population qu\u00e9b\u00e9coise sur le troisi\u00e8me lien - Leger","isPartOf":{"@id":"https:\/\/leger360.com\/fr\/#website"},"primaryImageOfPage":{"@id":"https:\/\/leger360.com\/fr\/opinion-de-la-population-quebecoise-sur-le-troisieme-lien\/#primaryimage"},"image":{"@id":"https:\/\/leger360.com\/fr\/opinion-de-la-population-quebecoise-sur-le-troisieme-lien\/#primaryimage"},"thumbnailUrl":"https:\/\/leger360.com\/wp-content\/uploads\/2024\/02\/20230824-Quebec-Politics-Feature-1.jpg","datePublished":"2023-08-29T12:00:00+00:00","dateModified":"2024-04-23T20:21:19+00:00","breadcrumb":{"@id":"https:\/\/leger360.com\/fr\/opinion-de-la-population-quebecoise-sur-le-troisieme-lien\/#breadcrumb"},"inLanguage":"fr-CA","potentialAction":[{"@type":"ReadAction","target":["https:\/\/leger360.com\/fr\/opinion-de-la-population-quebecoise-sur-le-troisieme-lien\/"]}]},{"@type":"ImageObject","inLanguage":"fr-CA","@id":"https:\/\/leger360.com\/fr\/opinion-de-la-population-quebecoise-sur-le-troisieme-lien\/#primaryimage","url":"https:\/\/leger360.com\/wp-content\/uploads\/2024\/02\/20230824-Quebec-Politics-Feature-1.jpg","contentUrl":"https:\/\/leger360.com\/wp-content\/uploads\/2024\/02\/20230824-Quebec-Politics-Feature-1.jpg","width":1564,"height":978},{"@type":"BreadcrumbList","@id":"https:\/\/leger360.com\/fr\/opinion-de-la-population-quebecoise-sur-le-troisieme-lien\/#breadcrumb","itemListElement":[{"@type":"ListItem","position":1,"name":"Home","item":"https:\/\/leger360.com\/fr\/"},{"@type":"ListItem","position":2,"name":"Opinion de la population qu\u00e9b\u00e9coise sur le troisi\u00e8me lien"}]},{"@type":"WebSite","@id":"https:\/\/leger360.com\/fr\/#website","url":"https:\/\/leger360.com\/fr\/","name":"Leger","description":"Market Research | Data Analytics","publisher":{"@id":"https:\/\/leger360.com\/fr\/#organization"},"potentialAction":[{"@type":"SearchAction","target":{"@type":"EntryPoint","urlTemplate":"https:\/\/leger360.com\/fr\/?s={search_term_string}"},"query-input":{"@type":"PropertyValueSpecification","valueRequired":true,"valueName":"search_term_string"}}],"inLanguage":"fr-CA"},{"@type":"Organization","@id":"https:\/\/leger360.com\/fr\/#organization","name":"Leger","url":"https:\/\/leger360.com\/fr\/","logo":{"@type":"ImageObject","inLanguage":"fr-CA","@id":"https:\/\/leger360.com\/fr\/#\/schema\/logo\/image\/","url":"https:\/\/leger360.com\/wp-content\/uploads\/2024\/04\/2022-Logo-Leger-Blackred-g.png","contentUrl":"https:\/\/leger360.com\/wp-content\/uploads\/2024\/04\/2022-Logo-Leger-Blackred-g.png","width":1195,"height":686,"caption":"Leger"},"image":{"@id":"https:\/\/leger360.com\/fr\/#\/schema\/logo\/image\/"},"sameAs":["https:\/\/www.facebook.com\/leger360\/","https:\/\/x.com\/leger360","https:\/\/www.linkedin.com\/company\/leger360\/"],"description":"Leger is one of North America\u2019s fastest-growing market research companies, known for our forward-thinking experts and innovative approaches powered by artificial intelligence (AI) technologies."},{"@type":"Person","@id":"https:\/\/leger360.com\/fr\/#\/schema\/person\/34dfccb7aa46dcd4085221008ca51ac9","name":"Jason Anthony","image":{"@type":"ImageObject","inLanguage":"fr-CA","@id":"https:\/\/secure.gravatar.com\/avatar\/b8d3134f69c631184566a5436407f9384b5e28c50ff3915e13c50c0c730b64f8?s=96&d=mm&r=g","url":"https:\/\/secure.gravatar.com\/avatar\/b8d3134f69c631184566a5436407f9384b5e28c50ff3915e13c50c0c730b64f8?s=96&d=mm&r=g","contentUrl":"https:\/\/secure.gravatar.com\/avatar\/b8d3134f69c631184566a5436407f9384b5e28c50ff3915e13c50c0c730b64f8?s=96&d=mm&r=g","caption":"Jason Anthony"}}]}},"_links":{"self":[{"href":"https:\/\/leger360.com\/fr\/wp-json\/wp\/v2\/posts\/16915","targetHints":{"allow":["GET"]}}],"collection":[{"href":"https:\/\/leger360.com\/fr\/wp-json\/wp\/v2\/posts"}],"about":[{"href":"https:\/\/leger360.com\/fr\/wp-json\/wp\/v2\/types\/post"}],"author":[{"embeddable":true,"href":"https:\/\/leger360.com\/fr\/wp-json\/wp\/v2\/users\/2"}],"replies":[{"embeddable":true,"href":"https:\/\/leger360.com\/fr\/wp-json\/wp\/v2\/comments?post=16915"}],"version-history":[{"count":0,"href":"https:\/\/leger360.com\/fr\/wp-json\/wp\/v2\/posts\/16915\/revisions"}],"wp:featuredmedia":[{"embeddable":true,"href":"https:\/\/leger360.com\/fr\/wp-json\/wp\/v2\/media\/16923"}],"wp:attachment":[{"href":"https:\/\/leger360.com\/fr\/wp-json\/wp\/v2\/media?parent=16915"}],"wp:term":[{"taxonomy":"category","embeddable":true,"href":"https:\/\/leger360.com\/fr\/wp-json\/wp\/v2\/categories?post=16915"},{"taxonomy":"post_tag","embeddable":true,"href":"https:\/\/leger360.com\/fr\/wp-json\/wp\/v2\/tags?post=16915"},{"taxonomy":"post_language_cat","embeddable":true,"href":"https:\/\/leger360.com\/fr\/wp-json\/wp\/v2\/post_language_cat?post=16915"}],"curies":[{"name":"wp","href":"https:\/\/api.w.org\/{rel}","templated":true}]}}