{"id":17027,"date":"2023-11-01T08:00:00","date_gmt":"2023-11-01T08:00:00","guid":{"rendered":"https:\/\/leger360.com\/politique-federale-et-leconomie\/"},"modified":"2024-04-23T15:55:29","modified_gmt":"2024-04-23T19:55:29","slug":"politique-federale-et-leconomie","status":"publish","type":"post","link":"https:\/\/leger360.com\/fr\/politique-federale-et-leconomie\/","title":{"rendered":"Politique f\u00e9d\u00e9rale canadienne et l\u2019\u00e9conomie"},"content":{"rendered":"<p>[et_pb_section fb_built=\u00a0\u00bb1&Prime; admin_label=\u00a0\u00bbsection\u00a0\u00bb _builder_version=\u00a0\u00bb4.16&Prime; global_colors_info=\u00a0\u00bb{}\u00a0\u00bb][et_pb_row admin_label=\u00a0\u00bbrow\u00a0\u00bb _builder_version=\u00a0\u00bb4.16&Prime; background_size=\u00a0\u00bbinitial\u00a0\u00bb background_position=\u00a0\u00bbtop_left\u00a0\u00bb background_repeat=\u00a0\u00bbrepeat\u00a0\u00bb global_colors_info=\u00a0\u00bb{}\u00a0\u00bb][et_pb_column type=\u00a0\u00bb4_4&Prime; _builder_version=\u00a0\u00bb4.16&Prime; custom_padding=\u00a0\u00bb|||\u00a0\u00bb global_colors_info=\u00a0\u00bb{}\u00a0\u00bb custom_padding__hover=\u00a0\u00bb|||\u00a0\u00bb][et_pb_text admin_label=\u00a0\u00bbText\u00a0\u00bb _builder_version=\u00a0\u00bb4.16&Prime; background_size=\u00a0\u00bbinitial\u00a0\u00bb background_position=\u00a0\u00bbtop_left\u00a0\u00bb background_repeat=\u00a0\u00bbrepeat\u00a0\u00bb global_colors_info=\u00a0\u00bb{}\u00a0\u00bb]<\/p>\n<p><em>Chaque mois, nous menons un sondage aupr\u00e8s des Canadiens et des Am\u00e9ricains afin d\u2019explorer leurs points de vue sur l\u2019\u00e9conomie, les finances et leurs gouvernements respectifs. Ce mois-ci, notre sondage a \u00e9t\u00e9 men\u00e9 du 27 au 29 octobre 2023.<\/em><\/p>\n<p>Ce sondage explore les perspectives des Canadien(ne)s et des Am\u00e9ricain(ne)s sur leurs propres situations financi\u00e8res et l\u2019incertitude financi\u00e8re, et le point de vue des Canadien(ne)s sur la politique f\u00e9d\u00e9rale.<\/p>\n<p>T\u00e9l\u00e9chargez le rapport pour obtenir les r\u00e9sultats complets.<\/p>\n<hr class=\"wp-block-separator has-alpha-channel-opacity\"\/>\n<p><em>Cette s\u00e9rie de sondages est disponible sur\u00a0<\/em><a href=\"https:\/\/leger360.com\/fr\/sondages\/tracker-nord-americain-de-leger\/\" target=\"_blank\" rel=\"noreferrer noopener\"><em>le site Web de L\u00e9ger<\/em><\/a><em>.<\/em>\u00a0<em>Vous aimeriez recevoir nos sondages en exclusivit\u00e9?\u00a0<\/em><a href=\"https:\/\/leger360.com\/fr\/sondages\/tracker-nord-americain-de-leger\/\" target=\"_blank\" rel=\"noreferrer noopener\"><em>Abonnez-vous \u00e0 notre infolettre.<\/em><\/a>\u00a0<\/p>\n<h2 class=\"wp-block-heading\" id=\"h-parmi-les-principaux-faits-saillants-de-notre-sondage-sur-la-politique-federale-canadienne-et-l-economie\">Parmi les principaux faits saillants de notre sondage sur la politique f\u00e9d\u00e9rale canadienne et l\u2019\u00e9conomie\u2026<\/h2>\n<h3 class=\"wp-block-heading\">Pierre Poilievre et le Parti conservateur du Canada sont en avance :<\/h3>\n<ul>\n<li>Le Parti conservateur de Pierre Poilievre continue de gagner en popularit\u00e9 en qui concerne les intentions de vote (40 %), ce qui leur donne 14 points de plus que le Parti lib\u00e9ral de Justin Trudeau (26 %).<\/li>\n<li>Les Canadien(ne)s pensent \u00e9galement que Pierre Poilievre est le chef qui ferait le meilleur Premier ministre parmi les chefs de partis f\u00e9d\u00e9raux (29 %), devant Justin Trudeau (18 %) et Jagmeet Singh (15 %).<\/li>\n<li>Moins d&rsquo;un tiers des Canadien(ne)s sont satisfait(e)s du gouvernement Trudeau (30 %), soit 3 points de moins que lors de notre dernier Tracker datant de septembre dernier.<\/li>\n<\/ul>\n<h3 class=\"wp-block-heading\">Les Canadien(ne)s et les Am\u00e9ricain(e)s sont pr\u00e9occup\u00e9(e)s par l&rsquo;\u00e9conomie:<\/h3>\n<ul>\n<li>Pr\u00e8s de 2 Canadien(ne)s sur 5 consid\u00e8rent que les finances de leur m\u00e9nage sont mauvaises (28 %) ou tr\u00e8s mauvaises (11 %), tandis que 58 % les consid\u00e8rent tr\u00e8s bonnes (7 %) ou bonnes (51 %), ce qui repr\u00e9sente une baisse de trois points par rapport \u00e0 la mesure du 27 septembre dernier(61 %). Aux \u00c9tats-Unis, environ deux tiers des r\u00e9pondant(e)s d\u00e9crivent les finances de leur m\u00e9nage comme \u00e9tant bonnes (65 %).<\/li>\n<li>Pr\u00e8s des deux tiers des Canadien(ne)s (65 %) et plus de la moiti\u00e9 des Am\u00e9ricain(e)s (55 %) croient que leur pays respectif est en r\u00e9cession.<\/li>\n<li>Deux Canadien(ne)s sur cinq (40 %) sont tr\u00e8s (14 %) ou assez (27 %) inquiet(\u00e8te)s \u00e0 l&rsquo;id\u00e9e de perdre leur emploi au cours des 12 prochains mois. La proportion est nettement plus \u00e9lev\u00e9e chez les Ontarien(ne)s (49 %) et les 18-34 ans (48 %). Les niveaux d&rsquo;inqui\u00e9tude sont similaires aux \u00c9tats-Unis.<\/li>\n<\/ul>\n<h2 class=\"wp-block-heading\">M\u00c9THODOLOGIE<\/h2>\n<p>Sondage Web r\u00e9alis\u00e9 du 27 au 29 septembre 2023 aupr\u00e8s de 1 632 Canadien(ne)s et 1 002 Am\u00e9ricain(e)s, \u00e2g\u00e9(e)s de 18 ans ou plus, le recrutement ayant \u00e9t\u00e9 effectu\u00e9 al\u00e9atoirement \u00e0 partir du panel en ligne LEO.\u00a0<\/p>\n<p>Une marge d\u2019erreur ne peut pas \u00eatre associ\u00e9e \u00e0 un \u00e9chantillon non probabiliste dans le cadre d\u2019un sondage par panel. \u00c0 des fins de comparaison, un \u00e9chantillon probabiliste de 1 632 r\u00e9pondants aurait une marge d\u2019erreur de \u00b12,4%, alors qu\u2019un \u00e9chantillon de 1 002 r\u00e9pondants en aurait une de \u00b13,1%, et ce, 19 fois sur 20.<\/p>\n<p>[\/et_pb_text][et_pb_button button_text=\u00a0\u00bbT\u00e9l\u00e9charger le rapport\u00a0\u00bb _builder_version=\u00a0\u00bb4.25.0&Prime; _module_preset=\u00a0\u00bbdefault\u00a0\u00bb button_alignment=\u00a0\u00bbcenter\u00a0\u00bb button_url=\u00a0\u00bbhttps:\/\/leger360.com\/wp-content\/uploads\/2024\/04\/Tracker-Nord-Americain-de-Leger-31-octobre-2023.pdf\u00a0\u00bb hover_enabled=\u00a0\u00bb0&Prime; sticky_enabled=\u00a0\u00bb0&Prime;][\/et_pb_button][\/et_pb_column][\/et_pb_row][\/et_pb_section]<\/p>\n","protected":false},"excerpt":{"rendered":"<p>Chaque mois, nous menons un sondage aupr\u00e8s des Canadiens et des Am\u00e9ricains afin d\u2019explorer leurs points de vue sur l\u2019\u00e9conomie, les finances et leurs gouvernements respectifs. Ce mois-ci, notre sondage a \u00e9t\u00e9 men\u00e9 du 27 au 29 octobre 2023. Ce sondage explore les perspectives des Canadien(ne)s et des Am\u00e9ricain(ne)s sur leurs propres situations financi\u00e8res et l\u2019incertitude financi\u00e8re, et le point de vue des Canadien(ne)s sur la politique f\u00e9d\u00e9rale. T\u00e9l\u00e9chargez le rapport pour obtenir les r\u00e9sultats complets. Cette s\u00e9rie de sondages est disponible sur\u00a0le site Web de L\u00e9ger.\u00a0Vous aimeriez recevoir nos sondages en exclusivit\u00e9?\u00a0Abonnez-vous \u00e0 notre infolettre.\u00a0 Parmi les principaux faits saillants de notre sondage sur la politique f\u00e9d\u00e9rale canadienne et l\u2019\u00e9conomie\u2026 Pierre Poilievre et le Parti conservateur du Canada sont en avance : Le Parti conservateur de Pierre Poilievre continue de gagner en popularit\u00e9 en qui concerne les intentions de vote (40 %), ce qui leur donne 14 points de plus que le Parti lib\u00e9ral de Justin Trudeau (26 %). Les Canadien(ne)s pensent \u00e9galement que Pierre Poilievre est le chef qui ferait le meilleur Premier ministre parmi les chefs de partis f\u00e9d\u00e9raux (29 %), devant Justin Trudeau (18 %) et Jagmeet Singh (15 %). Moins d&rsquo;un tiers des Canadien(ne)s sont [&hellip;]<\/p>\n","protected":false},"author":2,"featured_media":12278,"comment_status":"closed","ping_status":"closed","sticky":false,"template":"","format":"standard","meta":{"_acf_changed":false,"_et_pb_use_builder":"on","_et_pb_old_content":"<!-- wp:paragraph -->\n<p><em>Chaque mois, nous menons un sondage aupr\u00e8s des Canadiens et des Am\u00e9ricains afin d\u2019explorer leurs points de vue sur l\u2019\u00e9conomie, les finances et leurs gouvernements respectifs. Ce mois-ci, notre sondage a \u00e9t\u00e9 men\u00e9 du 27 au 29 octobre 2023.<\/em><\/p>\n<!-- \/wp:paragraph -->\n\n<!-- wp:paragraph -->\n<p>Ce sondage explore les perspectives des Canadien(ne)s et des Am\u00e9ricain(ne)s sur leurs propres situations financi\u00e8res et l\u2019incertitude financi\u00e8re, et le point de vue des Canadien(ne)s sur la politique f\u00e9d\u00e9rale.<\/p>\n<!-- \/wp:paragraph -->\n\n<!-- wp:paragraph -->\n<p>T\u00e9l\u00e9chargez le rapport pour obtenir les r\u00e9sultats complets.<\/p>\n<!-- \/wp:paragraph -->\n\n<!-- wp:separator -->\n<hr class=\"wp-block-separator has-alpha-channel-opacity\"\/>\n<!-- \/wp:separator -->\n\n<!-- wp:paragraph -->\n<p><em>Cette s\u00e9rie de sondages est disponible sur\u00a0<\/em><a href=\"https:\/\/leger360.com\/fr\/sondages\/tracker-nord-americain-de-leger\/\" target=\"_blank\" rel=\"noreferrer noopener\"><em>le site Web de L\u00e9ger<\/em><\/a><em>.<\/em>\u00a0<em>Vous aimeriez recevoir nos sondages en exclusivit\u00e9?\u00a0<\/em><a href=\"https:\/\/leger360.com\/fr\/sondages\/tracker-nord-americain-de-leger\/\" target=\"_blank\" rel=\"noreferrer noopener\"><em>Abonnez-vous \u00e0 notre infolettre.<\/em><\/a>\u00a0<\/p>\n<!-- \/wp:paragraph -->\n\n<!-- wp:heading -->\n<h2 class=\"wp-block-heading\" id=\"h-parmi-les-principaux-faits-saillants-de-notre-sondage-sur-la-politique-federale-canadienne-et-l-economie\">Parmi les principaux faits saillants de notre sondage sur la politique f\u00e9d\u00e9rale canadienne et l\u2019\u00e9conomie\u2026<\/h2>\n<!-- \/wp:heading -->\n\n<!-- wp:heading {\"level\":3} -->\n<h3 class=\"wp-block-heading\">Pierre Poilievre et le Parti conservateur du Canada sont en avance :<\/h3>\n<!-- \/wp:heading -->\n\n<!-- wp:list -->\n<ul><!-- wp:list-item -->\n<li>Le Parti conservateur de Pierre Poilievre continue de gagner en popularit\u00e9 en qui concerne les intentions de vote (40 %), ce qui leur donne 14 points de plus que le Parti lib\u00e9ral de Justin Trudeau (26 %).<\/li>\n<!-- \/wp:list-item -->\n\n<!-- wp:list-item -->\n<li>Les Canadien(ne)s pensent \u00e9galement que Pierre Poilievre est le chef qui ferait le meilleur Premier ministre parmi les chefs de partis f\u00e9d\u00e9raux (29 %), devant Justin Trudeau (18 %) et Jagmeet Singh (15 %).<\/li>\n<!-- \/wp:list-item -->\n\n<!-- wp:list-item -->\n<li>Moins d'un tiers des Canadien(ne)s sont satisfait(e)s du gouvernement Trudeau (30 %), soit 3 points de moins que lors de notre dernier Tracker datant de septembre dernier.<\/li>\n<!-- \/wp:list-item --><\/ul>\n<!-- \/wp:list -->\n\n<!-- wp:heading {\"level\":3} -->\n<h3 class=\"wp-block-heading\">Les Canadien(ne)s et les Am\u00e9ricain(e)s sont pr\u00e9occup\u00e9(e)s par l'\u00e9conomie:<\/h3>\n<!-- \/wp:heading -->\n\n<!-- wp:list -->\n<ul><!-- wp:list-item -->\n<li>Pr\u00e8s de 2 Canadien(ne)s sur 5 consid\u00e8rent que les finances de leur m\u00e9nage sont mauvaises (28 %) ou tr\u00e8s mauvaises (11 %), tandis que 58 % les consid\u00e8rent tr\u00e8s bonnes (7 %) ou bonnes (51 %), ce qui repr\u00e9sente une baisse de trois points par rapport \u00e0 la mesure du 27 septembre dernier(61 %). Aux \u00c9tats-Unis, environ deux tiers des r\u00e9pondant(e)s d\u00e9crivent les finances de leur m\u00e9nage comme \u00e9tant bonnes (65 %).<\/li>\n<!-- \/wp:list-item -->\n\n<!-- wp:list-item -->\n<li>Pr\u00e8s des deux tiers des Canadien(ne)s (65 %) et plus de la moiti\u00e9 des Am\u00e9ricain(e)s (55 %) croient que leur pays respectif est en r\u00e9cession.<\/li>\n<!-- \/wp:list-item -->\n\n<!-- wp:list-item -->\n<li>Deux Canadien(ne)s sur cinq (40 %) sont tr\u00e8s (14 %) ou assez (27 %) inquiet(\u00e8te)s \u00e0 l'id\u00e9e de perdre leur emploi au cours des 12 prochains mois. La proportion est nettement plus \u00e9lev\u00e9e chez les Ontarien(ne)s (49 %) et les 18-34 ans (48 %). Les niveaux d'inqui\u00e9tude sont similaires aux \u00c9tats-Unis.<\/li>\n<!-- \/wp:list-item --><\/ul>\n<!-- \/wp:list -->\n\n<!-- wp:heading -->\n<h2 class=\"wp-block-heading\">M\u00c9THODOLOGIE<\/h2>\n<!-- \/wp:heading -->\n\n<!-- wp:paragraph -->\n<p>Sondage Web r\u00e9alis\u00e9 du 27 au 29 septembre 2023 aupr\u00e8s de 1 632 Canadien(ne)s et 1 002 Am\u00e9ricain(e)s, \u00e2g\u00e9(e)s de 18 ans ou plus, le recrutement ayant \u00e9t\u00e9 effectu\u00e9 al\u00e9atoirement \u00e0 partir du panel en ligne LEO.\u00a0<\/p>\n<!-- \/wp:paragraph -->\n\n<!-- wp:paragraph -->\n<p>Une marge d\u2019erreur ne peut pas \u00eatre associ\u00e9e \u00e0 un \u00e9chantillon non probabiliste dans le cadre d\u2019un sondage par panel. \u00c0 des fins de comparaison, un \u00e9chantillon probabiliste de 1 632 r\u00e9pondants aurait une marge d\u2019erreur de \u00b12,4%, alors qu\u2019un \u00e9chantillon de 1 002 r\u00e9pondants en aurait une de \u00b13,1%, et ce, 19 fois sur 20.<\/p>\n<!-- \/wp:paragraph -->","_et_gb_content_width":"","content-type":"","inline_featured_image":false,"footnotes":""},"categories":[876],"tags":[],"post_language_cat":[39],"class_list":["post-17027","post","type-post","status-publish","format-standard","has-post-thumbnail","hentry","category-expertise-de-marche","post_language_cat-fr-market-intelligence"],"acf":[],"yoast_head":"<!-- This site is optimized with the Yoast SEO Premium plugin v27.5 (Yoast SEO v27.5) - https:\/\/yoast.com\/product\/yoast-seo-premium-wordpress\/ -->\n<title>Politique f\u00e9d\u00e9rale canadienne et l\u2019\u00e9conomie - Leger<\/title>\n<meta name=\"robots\" content=\"index, follow, max-snippet:-1, max-image-preview:large, max-video-preview:-1\" \/>\n<link rel=\"canonical\" href=\"https:\/\/leger360.com\/fr\/politique-federale-et-leconomie\/\" \/>\n<meta property=\"og:locale\" content=\"fr_CA\" \/>\n<meta property=\"og:type\" content=\"article\" \/>\n<meta property=\"og:title\" content=\"Politique f\u00e9d\u00e9rale canadienne et l\u2019\u00e9conomie\" \/>\n<meta property=\"og:description\" content=\"Chaque mois, nous menons un sondage aupr\u00e8s des Canadiens et des Am\u00e9ricains afin d\u2019explorer leurs points de vue sur l\u2019\u00e9conomie, les finances et leurs gouvernements respectifs. Ce mois-ci, notre sondage a \u00e9t\u00e9 men\u00e9 du 27 au 29 octobre 2023. Ce sondage explore les perspectives des Canadien(ne)s et des Am\u00e9ricain(ne)s sur leurs propres situations financi\u00e8res et l\u2019incertitude financi\u00e8re, et le point de vue des Canadien(ne)s sur la politique f\u00e9d\u00e9rale. T\u00e9l\u00e9chargez le rapport pour obtenir les r\u00e9sultats complets. Cette s\u00e9rie de sondages est disponible sur\u00a0le site Web de L\u00e9ger.\u00a0Vous aimeriez recevoir nos sondages en exclusivit\u00e9?\u00a0Abonnez-vous \u00e0 notre infolettre.\u00a0 Parmi les principaux faits saillants de notre sondage sur la politique f\u00e9d\u00e9rale canadienne et l\u2019\u00e9conomie\u2026 Pierre Poilievre et le Parti conservateur du Canada sont en avance : Le Parti conservateur de Pierre Poilievre continue de gagner en popularit\u00e9 en qui concerne les intentions de vote (40 %), ce qui leur donne 14 points de plus que le Parti lib\u00e9ral de Justin Trudeau (26 %). Les Canadien(ne)s pensent \u00e9galement que Pierre Poilievre est le chef qui ferait le meilleur Premier ministre parmi les chefs de partis f\u00e9d\u00e9raux (29 %), devant Justin Trudeau (18 %) et Jagmeet Singh (15 %). Moins d&#039;un tiers des Canadien(ne)s sont [&hellip;]\" \/>\n<meta property=\"og:url\" content=\"https:\/\/leger360.com\/fr\/politique-federale-et-leconomie\/\" \/>\n<meta property=\"og:site_name\" content=\"Leger\" \/>\n<meta property=\"article:publisher\" content=\"https:\/\/www.facebook.com\/leger360\/\" \/>\n<meta property=\"article:published_time\" content=\"2023-11-01T08:00:00+00:00\" \/>\n<meta property=\"article:modified_time\" content=\"2024-04-23T19:55:29+00:00\" \/>\n<meta property=\"og:image\" content=\"https:\/\/leger360.com\/wp-content\/uploads\/2024\/02\/Blank-1564-x-978.jpg\" \/>\n\t<meta property=\"og:image:width\" content=\"1564\" \/>\n\t<meta property=\"og:image:height\" content=\"978\" \/>\n\t<meta property=\"og:image:type\" content=\"image\/jpeg\" \/>\n<meta name=\"author\" content=\"Jason Anthony\" \/>\n<meta name=\"twitter:card\" content=\"summary_large_image\" \/>\n<meta name=\"twitter:creator\" content=\"@leger360\" \/>\n<meta name=\"twitter:site\" content=\"@leger360\" \/>\n<meta name=\"twitter:label1\" content=\"\u00c9crit par\" \/>\n\t<meta name=\"twitter:data1\" content=\"Jason Anthony\" \/>\n\t<meta name=\"twitter:label2\" content=\"Estimation du temps de lecture\" \/>\n\t<meta name=\"twitter:data2\" content=\"3 minutes\" \/>\n<script type=\"application\/ld+json\" class=\"yoast-schema-graph\">{\"@context\":\"https:\\\/\\\/schema.org\",\"@graph\":[{\"@type\":\"Article\",\"@id\":\"https:\\\/\\\/leger360.com\\\/fr\\\/politique-federale-et-leconomie\\\/#article\",\"isPartOf\":{\"@id\":\"https:\\\/\\\/leger360.com\\\/fr\\\/politique-federale-et-leconomie\\\/\"},\"author\":{\"name\":\"Jason Anthony\",\"@id\":\"https:\\\/\\\/leger360.com\\\/fr\\\/#\\\/schema\\\/person\\\/34dfccb7aa46dcd4085221008ca51ac9\"},\"headline\":\"Politique f\u00e9d\u00e9rale canadienne et l\u2019\u00e9conomie\",\"datePublished\":\"2023-11-01T08:00:00+00:00\",\"dateModified\":\"2024-04-23T19:55:29+00:00\",\"mainEntityOfPage\":{\"@id\":\"https:\\\/\\\/leger360.com\\\/fr\\\/politique-federale-et-leconomie\\\/\"},\"wordCount\":622,\"publisher\":{\"@id\":\"https:\\\/\\\/leger360.com\\\/fr\\\/#organization\"},\"image\":{\"@id\":\"https:\\\/\\\/leger360.com\\\/fr\\\/politique-federale-et-leconomie\\\/#primaryimage\"},\"thumbnailUrl\":\"https:\\\/\\\/leger360.com\\\/wp-content\\\/uploads\\\/2024\\\/02\\\/Blank-1564-x-978.jpg\",\"articleSection\":[\"Expertise de march\u00e9\"],\"inLanguage\":\"fr-CA\"},{\"@type\":\"WebPage\",\"@id\":\"https:\\\/\\\/leger360.com\\\/fr\\\/politique-federale-et-leconomie\\\/\",\"url\":\"https:\\\/\\\/leger360.com\\\/fr\\\/politique-federale-et-leconomie\\\/\",\"name\":\"Politique f\u00e9d\u00e9rale canadienne et l\u2019\u00e9conomie - Leger\",\"isPartOf\":{\"@id\":\"https:\\\/\\\/leger360.com\\\/fr\\\/#website\"},\"primaryImageOfPage\":{\"@id\":\"https:\\\/\\\/leger360.com\\\/fr\\\/politique-federale-et-leconomie\\\/#primaryimage\"},\"image\":{\"@id\":\"https:\\\/\\\/leger360.com\\\/fr\\\/politique-federale-et-leconomie\\\/#primaryimage\"},\"thumbnailUrl\":\"https:\\\/\\\/leger360.com\\\/wp-content\\\/uploads\\\/2024\\\/02\\\/Blank-1564-x-978.jpg\",\"datePublished\":\"2023-11-01T08:00:00+00:00\",\"dateModified\":\"2024-04-23T19:55:29+00:00\",\"breadcrumb\":{\"@id\":\"https:\\\/\\\/leger360.com\\\/fr\\\/politique-federale-et-leconomie\\\/#breadcrumb\"},\"inLanguage\":\"fr-CA\",\"potentialAction\":[{\"@type\":\"ReadAction\",\"target\":[\"https:\\\/\\\/leger360.com\\\/fr\\\/politique-federale-et-leconomie\\\/\"]}]},{\"@type\":\"ImageObject\",\"inLanguage\":\"fr-CA\",\"@id\":\"https:\\\/\\\/leger360.com\\\/fr\\\/politique-federale-et-leconomie\\\/#primaryimage\",\"url\":\"https:\\\/\\\/leger360.com\\\/wp-content\\\/uploads\\\/2024\\\/02\\\/Blank-1564-x-978.jpg\",\"contentUrl\":\"https:\\\/\\\/leger360.com\\\/wp-content\\\/uploads\\\/2024\\\/02\\\/Blank-1564-x-978.jpg\",\"width\":1564,\"height\":978},{\"@type\":\"BreadcrumbList\",\"@id\":\"https:\\\/\\\/leger360.com\\\/fr\\\/politique-federale-et-leconomie\\\/#breadcrumb\",\"itemListElement\":[{\"@type\":\"ListItem\",\"position\":1,\"name\":\"Home\",\"item\":\"https:\\\/\\\/leger360.com\\\/fr\\\/\"},{\"@type\":\"ListItem\",\"position\":2,\"name\":\"Politique f\u00e9d\u00e9rale canadienne et l\u2019\u00e9conomie\"}]},{\"@type\":\"WebSite\",\"@id\":\"https:\\\/\\\/leger360.com\\\/fr\\\/#website\",\"url\":\"https:\\\/\\\/leger360.com\\\/fr\\\/\",\"name\":\"Leger\",\"description\":\"Market Research | Data Analytics\",\"publisher\":{\"@id\":\"https:\\\/\\\/leger360.com\\\/fr\\\/#organization\"},\"potentialAction\":[{\"@type\":\"SearchAction\",\"target\":{\"@type\":\"EntryPoint\",\"urlTemplate\":\"https:\\\/\\\/leger360.com\\\/fr\\\/?s={search_term_string}\"},\"query-input\":{\"@type\":\"PropertyValueSpecification\",\"valueRequired\":true,\"valueName\":\"search_term_string\"}}],\"inLanguage\":\"fr-CA\"},{\"@type\":\"Organization\",\"@id\":\"https:\\\/\\\/leger360.com\\\/fr\\\/#organization\",\"name\":\"Leger\",\"url\":\"https:\\\/\\\/leger360.com\\\/fr\\\/\",\"logo\":{\"@type\":\"ImageObject\",\"inLanguage\":\"fr-CA\",\"@id\":\"https:\\\/\\\/leger360.com\\\/fr\\\/#\\\/schema\\\/logo\\\/image\\\/\",\"url\":\"https:\\\/\\\/leger360.com\\\/wp-content\\\/uploads\\\/2024\\\/04\\\/2022-Logo-Leger-Blackred-g.png\",\"contentUrl\":\"https:\\\/\\\/leger360.com\\\/wp-content\\\/uploads\\\/2024\\\/04\\\/2022-Logo-Leger-Blackred-g.png\",\"width\":1195,\"height\":686,\"caption\":\"Leger\"},\"image\":{\"@id\":\"https:\\\/\\\/leger360.com\\\/fr\\\/#\\\/schema\\\/logo\\\/image\\\/\"},\"sameAs\":[\"https:\\\/\\\/www.facebook.com\\\/leger360\\\/\",\"https:\\\/\\\/x.com\\\/leger360\",\"https:\\\/\\\/www.linkedin.com\\\/company\\\/leger360\\\/\"],\"description\":\"Leger is one of North America\u2019s fastest-growing market research companies, known for our forward-thinking experts and innovative approaches powered by artificial intelligence (AI) technologies.\"},{\"@type\":\"Person\",\"@id\":\"https:\\\/\\\/leger360.com\\\/fr\\\/#\\\/schema\\\/person\\\/34dfccb7aa46dcd4085221008ca51ac9\",\"name\":\"Jason Anthony\",\"image\":{\"@type\":\"ImageObject\",\"inLanguage\":\"fr-CA\",\"@id\":\"https:\\\/\\\/secure.gravatar.com\\\/avatar\\\/b8d3134f69c631184566a5436407f9384b5e28c50ff3915e13c50c0c730b64f8?s=96&d=mm&r=g\",\"url\":\"https:\\\/\\\/secure.gravatar.com\\\/avatar\\\/b8d3134f69c631184566a5436407f9384b5e28c50ff3915e13c50c0c730b64f8?s=96&d=mm&r=g\",\"contentUrl\":\"https:\\\/\\\/secure.gravatar.com\\\/avatar\\\/b8d3134f69c631184566a5436407f9384b5e28c50ff3915e13c50c0c730b64f8?s=96&d=mm&r=g\",\"caption\":\"Jason Anthony\"}}]}<\/script>\n<!-- \/ Yoast SEO Premium plugin. -->","yoast_head_json":{"title":"Politique f\u00e9d\u00e9rale canadienne et l\u2019\u00e9conomie - Leger","robots":{"index":"index","follow":"follow","max-snippet":"max-snippet:-1","max-image-preview":"max-image-preview:large","max-video-preview":"max-video-preview:-1"},"canonical":"https:\/\/leger360.com\/fr\/politique-federale-et-leconomie\/","og_locale":"fr_CA","og_type":"article","og_title":"Politique f\u00e9d\u00e9rale canadienne et l\u2019\u00e9conomie","og_description":"Chaque mois, nous menons un sondage aupr\u00e8s des Canadiens et des Am\u00e9ricains afin d\u2019explorer leurs points de vue sur l\u2019\u00e9conomie, les finances et leurs gouvernements respectifs. Ce mois-ci, notre sondage a \u00e9t\u00e9 men\u00e9 du 27 au 29 octobre 2023. Ce sondage explore les perspectives des Canadien(ne)s et des Am\u00e9ricain(ne)s sur leurs propres situations financi\u00e8res et l\u2019incertitude financi\u00e8re, et le point de vue des Canadien(ne)s sur la politique f\u00e9d\u00e9rale. T\u00e9l\u00e9chargez le rapport pour obtenir les r\u00e9sultats complets. Cette s\u00e9rie de sondages est disponible sur\u00a0le site Web de L\u00e9ger.\u00a0Vous aimeriez recevoir nos sondages en exclusivit\u00e9?\u00a0Abonnez-vous \u00e0 notre infolettre.\u00a0 Parmi les principaux faits saillants de notre sondage sur la politique f\u00e9d\u00e9rale canadienne et l\u2019\u00e9conomie\u2026 Pierre Poilievre et le Parti conservateur du Canada sont en avance : Le Parti conservateur de Pierre Poilievre continue de gagner en popularit\u00e9 en qui concerne les intentions de vote (40 %), ce qui leur donne 14 points de plus que le Parti lib\u00e9ral de Justin Trudeau (26 %). Les Canadien(ne)s pensent \u00e9galement que Pierre Poilievre est le chef qui ferait le meilleur Premier ministre parmi les chefs de partis f\u00e9d\u00e9raux (29 %), devant Justin Trudeau (18 %) et Jagmeet Singh (15 %). Moins d'un tiers des Canadien(ne)s sont [&hellip;]","og_url":"https:\/\/leger360.com\/fr\/politique-federale-et-leconomie\/","og_site_name":"Leger","article_publisher":"https:\/\/www.facebook.com\/leger360\/","article_published_time":"2023-11-01T08:00:00+00:00","article_modified_time":"2024-04-23T19:55:29+00:00","og_image":[{"width":1564,"height":978,"url":"https:\/\/leger360.com\/wp-content\/uploads\/2024\/02\/Blank-1564-x-978.jpg","type":"image\/jpeg"}],"author":"Jason Anthony","twitter_card":"summary_large_image","twitter_creator":"@leger360","twitter_site":"@leger360","twitter_misc":{"\u00c9crit par":"Jason Anthony","Estimation du temps de lecture":"3 minutes"},"schema":{"@context":"https:\/\/schema.org","@graph":[{"@type":"Article","@id":"https:\/\/leger360.com\/fr\/politique-federale-et-leconomie\/#article","isPartOf":{"@id":"https:\/\/leger360.com\/fr\/politique-federale-et-leconomie\/"},"author":{"name":"Jason Anthony","@id":"https:\/\/leger360.com\/fr\/#\/schema\/person\/34dfccb7aa46dcd4085221008ca51ac9"},"headline":"Politique f\u00e9d\u00e9rale canadienne et l\u2019\u00e9conomie","datePublished":"2023-11-01T08:00:00+00:00","dateModified":"2024-04-23T19:55:29+00:00","mainEntityOfPage":{"@id":"https:\/\/leger360.com\/fr\/politique-federale-et-leconomie\/"},"wordCount":622,"publisher":{"@id":"https:\/\/leger360.com\/fr\/#organization"},"image":{"@id":"https:\/\/leger360.com\/fr\/politique-federale-et-leconomie\/#primaryimage"},"thumbnailUrl":"https:\/\/leger360.com\/wp-content\/uploads\/2024\/02\/Blank-1564-x-978.jpg","articleSection":["Expertise de march\u00e9"],"inLanguage":"fr-CA"},{"@type":"WebPage","@id":"https:\/\/leger360.com\/fr\/politique-federale-et-leconomie\/","url":"https:\/\/leger360.com\/fr\/politique-federale-et-leconomie\/","name":"Politique f\u00e9d\u00e9rale canadienne et l\u2019\u00e9conomie - Leger","isPartOf":{"@id":"https:\/\/leger360.com\/fr\/#website"},"primaryImageOfPage":{"@id":"https:\/\/leger360.com\/fr\/politique-federale-et-leconomie\/#primaryimage"},"image":{"@id":"https:\/\/leger360.com\/fr\/politique-federale-et-leconomie\/#primaryimage"},"thumbnailUrl":"https:\/\/leger360.com\/wp-content\/uploads\/2024\/02\/Blank-1564-x-978.jpg","datePublished":"2023-11-01T08:00:00+00:00","dateModified":"2024-04-23T19:55:29+00:00","breadcrumb":{"@id":"https:\/\/leger360.com\/fr\/politique-federale-et-leconomie\/#breadcrumb"},"inLanguage":"fr-CA","potentialAction":[{"@type":"ReadAction","target":["https:\/\/leger360.com\/fr\/politique-federale-et-leconomie\/"]}]},{"@type":"ImageObject","inLanguage":"fr-CA","@id":"https:\/\/leger360.com\/fr\/politique-federale-et-leconomie\/#primaryimage","url":"https:\/\/leger360.com\/wp-content\/uploads\/2024\/02\/Blank-1564-x-978.jpg","contentUrl":"https:\/\/leger360.com\/wp-content\/uploads\/2024\/02\/Blank-1564-x-978.jpg","width":1564,"height":978},{"@type":"BreadcrumbList","@id":"https:\/\/leger360.com\/fr\/politique-federale-et-leconomie\/#breadcrumb","itemListElement":[{"@type":"ListItem","position":1,"name":"Home","item":"https:\/\/leger360.com\/fr\/"},{"@type":"ListItem","position":2,"name":"Politique f\u00e9d\u00e9rale canadienne et l\u2019\u00e9conomie"}]},{"@type":"WebSite","@id":"https:\/\/leger360.com\/fr\/#website","url":"https:\/\/leger360.com\/fr\/","name":"Leger","description":"Market Research | Data Analytics","publisher":{"@id":"https:\/\/leger360.com\/fr\/#organization"},"potentialAction":[{"@type":"SearchAction","target":{"@type":"EntryPoint","urlTemplate":"https:\/\/leger360.com\/fr\/?s={search_term_string}"},"query-input":{"@type":"PropertyValueSpecification","valueRequired":true,"valueName":"search_term_string"}}],"inLanguage":"fr-CA"},{"@type":"Organization","@id":"https:\/\/leger360.com\/fr\/#organization","name":"Leger","url":"https:\/\/leger360.com\/fr\/","logo":{"@type":"ImageObject","inLanguage":"fr-CA","@id":"https:\/\/leger360.com\/fr\/#\/schema\/logo\/image\/","url":"https:\/\/leger360.com\/wp-content\/uploads\/2024\/04\/2022-Logo-Leger-Blackred-g.png","contentUrl":"https:\/\/leger360.com\/wp-content\/uploads\/2024\/04\/2022-Logo-Leger-Blackred-g.png","width":1195,"height":686,"caption":"Leger"},"image":{"@id":"https:\/\/leger360.com\/fr\/#\/schema\/logo\/image\/"},"sameAs":["https:\/\/www.facebook.com\/leger360\/","https:\/\/x.com\/leger360","https:\/\/www.linkedin.com\/company\/leger360\/"],"description":"Leger is one of North America\u2019s fastest-growing market research companies, known for our forward-thinking experts and innovative approaches powered by artificial intelligence (AI) technologies."},{"@type":"Person","@id":"https:\/\/leger360.com\/fr\/#\/schema\/person\/34dfccb7aa46dcd4085221008ca51ac9","name":"Jason Anthony","image":{"@type":"ImageObject","inLanguage":"fr-CA","@id":"https:\/\/secure.gravatar.com\/avatar\/b8d3134f69c631184566a5436407f9384b5e28c50ff3915e13c50c0c730b64f8?s=96&d=mm&r=g","url":"https:\/\/secure.gravatar.com\/avatar\/b8d3134f69c631184566a5436407f9384b5e28c50ff3915e13c50c0c730b64f8?s=96&d=mm&r=g","contentUrl":"https:\/\/secure.gravatar.com\/avatar\/b8d3134f69c631184566a5436407f9384b5e28c50ff3915e13c50c0c730b64f8?s=96&d=mm&r=g","caption":"Jason Anthony"}}]}},"_links":{"self":[{"href":"https:\/\/leger360.com\/fr\/wp-json\/wp\/v2\/posts\/17027","targetHints":{"allow":["GET"]}}],"collection":[{"href":"https:\/\/leger360.com\/fr\/wp-json\/wp\/v2\/posts"}],"about":[{"href":"https:\/\/leger360.com\/fr\/wp-json\/wp\/v2\/types\/post"}],"author":[{"embeddable":true,"href":"https:\/\/leger360.com\/fr\/wp-json\/wp\/v2\/users\/2"}],"replies":[{"embeddable":true,"href":"https:\/\/leger360.com\/fr\/wp-json\/wp\/v2\/comments?post=17027"}],"version-history":[{"count":0,"href":"https:\/\/leger360.com\/fr\/wp-json\/wp\/v2\/posts\/17027\/revisions"}],"wp:featuredmedia":[{"embeddable":true,"href":"https:\/\/leger360.com\/fr\/wp-json\/wp\/v2\/media\/12278"}],"wp:attachment":[{"href":"https:\/\/leger360.com\/fr\/wp-json\/wp\/v2\/media?parent=17027"}],"wp:term":[{"taxonomy":"category","embeddable":true,"href":"https:\/\/leger360.com\/fr\/wp-json\/wp\/v2\/categories?post=17027"},{"taxonomy":"post_tag","embeddable":true,"href":"https:\/\/leger360.com\/fr\/wp-json\/wp\/v2\/tags?post=17027"},{"taxonomy":"post_language_cat","embeddable":true,"href":"https:\/\/leger360.com\/fr\/wp-json\/wp\/v2\/post_language_cat?post=17027"}],"curies":[{"name":"wp","href":"https:\/\/api.w.org\/{rel}","templated":true}]}}