{"id":21398,"date":"2024-06-21T04:00:00","date_gmt":"2024-06-21T08:00:00","guid":{"rendered":"https:\/\/leger360.com\/?p=21398"},"modified":"2024-06-21T11:01:30","modified_gmt":"2024-06-21T15:01:30","slug":"canada-bilingue","status":"publish","type":"post","link":"https:\/\/leger360.com\/fr\/canada-bilingue\/","title":{"rendered":"Le Canada bilingue"},"content":{"rendered":"<p>[et_pb_section fb_built=\u00a0\u00bb1&Prime; _builder_version=\u00a0\u00bb4.25.2&Prime; _module_preset=\u00a0\u00bbdefault\u00a0\u00bb global_colors_info=\u00a0\u00bb{}\u00a0\u00bb][et_pb_row _builder_version=\u00a0\u00bb4.25.2&Prime; _module_preset=\u00a0\u00bbdefault\u00a0\u00bb global_colors_info=\u00a0\u00bb{}\u00a0\u00bb][et_pb_column type=\u00a0\u00bb4_4&Prime; _builder_version=\u00a0\u00bb4.25.2&Prime; _module_preset=\u00a0\u00bbdefault\u00a0\u00bb global_colors_info=\u00a0\u00bb{}\u00a0\u00bb][et_pb_text _builder_version=\u00a0\u00bb4.25.2&Prime; _module_preset=\u00a0\u00bbdefault\u00a0\u00bb global_colors_info=\u00a0\u00bb{}\u00a0\u00bb]<\/p>\n<p>Le Canada bilingue peut \u00eatre per\u00e7u comme b\u00e9n\u00e9fique pour certains, tandis que d&rsquo;autres n&rsquo;en soulignent pas l&rsquo;importance. Du 14 au 16 juin 2024, nous avons sond\u00e9 les Canadiens pour conna\u00eetre leurs opinions et leurs perceptions concernant le Canada bilingue.<\/p>\n<p>[\/et_pb_text][et_pb_image src=\u00a0\u00bbhttps:\/\/leger360.com\/wp-content\/uploads\/2024\/06\/Bilingualism-Leger-no-logo.jpg\u00a0\u00bb title_text=\u00a0\u00bbBilingualism &#8211; Leger no logo\u00a0\u00bb align=\u00a0\u00bbcenter\u00a0\u00bb _builder_version=\u00a0\u00bb4.25.2&Prime; _module_preset=\u00a0\u00bbdefault\u00a0\u00bb custom_margin=\u00a0\u00bb||||false|false\u00a0\u00bb custom_padding=\u00a0\u00bb20px||20px||false|false\u00a0\u00bb global_colors_info=\u00a0\u00bb{}\u00a0\u00bb][\/et_pb_image][et_pb_button button_url=\u00a0\u00bbhttps:\/\/leger360.com\/wp-content\/uploads\/2024\/06\/Leger-x-CP-_Bilinguisme-au-Canada.pdf\u00a0\u00bb url_new_window=\u00a0\u00bbon\u00a0\u00bb button_text=\u00a0\u00bbD\u00e9couvrez tous les faits saillants ici\u00a0\u00bb button_alignment=\u00a0\u00bbcenter\u00a0\u00bb _builder_version=\u00a0\u00bb4.25.2&Prime; _module_preset=\u00a0\u00bbdefault\u00a0\u00bb custom_padding=\u00a0\u00bb15px||15px||true|false\u00a0\u00bb global_colors_info=\u00a0\u00bb{}\u00a0\u00bb][\/et_pb_button][et_pb_heading title=\u00a0\u00bbVoici quelques-uns des faits saillants de notre sondage sur le Canada bilingue&#8230;\u00a0\u00bb _builder_version=\u00a0\u00bb4.25.2&Prime; _module_preset=\u00a0\u00bbdefault\u00a0\u00bb custom_padding=\u00a0\u00bb15px||||false|false\u00a0\u00bb global_colors_info=\u00a0\u00bb{}\u00a0\u00bb][\/et_pb_heading][et_pb_text _builder_version=\u00a0\u00bb4.25.2&Prime; _module_preset=\u00a0\u00bbdefault\u00a0\u00bb hover_enabled=\u00a0\u00bb0&Prime; global_colors_info=\u00a0\u00bb{}\u00a0\u00bb sticky_enabled=\u00a0\u00bb0&Prime;]<\/p>\n<ul>\n<li>Plus de quatre Canadiens sur dix (43%) pensent que le Canada bilingue est positif, tandis qu&rsquo;un tiers (34%) est indiff\u00e9rent et 18 % pensent que c\u2019est n\u00e9gatif. Les Qu\u00e9b\u00e9cois (70%) sont plus enclins \u00e0 penser que le bilinguisme au Canada est une chose positive lorsque compar\u00e9s avec le reste du Canada (35%).<\/li>\n<li>La moiti\u00e9 des Canadiens (52%) pensent qu&rsquo;il est important que le Canada reste un pays officiellement bilingue, tandis que 42% pensent que ce n&rsquo;est pas important. Les diff\u00e9rences d&rsquo;opinions entre les Qu\u00e9b\u00e9cois et les r\u00e9pondants du reste du Canada sont significatives. 83% des Qu\u00e9b\u00e9cois pensent qu&rsquo;il est important que le Canada reste bilingue, alors que seulement 43% des r\u00e9pondants du reste du Canada partagent ce point de vue.<\/li>\n<li>Un tiers des Canadiens (34%) pensent que les provinces autres que le Nouveau-Brunswick (qui est d\u00e9j\u00e0 bilingue) devraient devenir officiellement bilingues. Cette proportion est significativement plus \u00e9lev\u00e9e au Qu\u00e9bec (60%).<\/li>\n<li>Plus de la moiti\u00e9 des Qu\u00e9b\u00e9cois (55%) pensent que leur province devrait \u00eatre officiellement bilingue, alors que seulement 22% des r\u00e9pondants des autres provinces canadiennes pensent la m\u00eame chose de leur province respective. En outre, 65% des Canadiens vivant hors du Qu\u00e9bec pensent que le Qu\u00e9bec devrait \u00eatre officiellement bilingue.<\/li>\n<\/ul>\n<p>[\/et_pb_text][et_pb_heading title=\u00a0\u00bbM\u00e9thodologie\u00a0\u00bb _builder_version=\u00a0\u00bb4.25.2&Prime; _module_preset=\u00a0\u00bbdefault\u00a0\u00bb custom_padding=\u00a0\u00bb||0px||false|false\u00a0\u00bb global_colors_info=\u00a0\u00bb{}\u00a0\u00bb][\/et_pb_heading][et_pb_text _builder_version=\u00a0\u00bb4.25.2&Prime; _module_preset=\u00a0\u00bbdefault\u00a0\u00bb global_colors_info=\u00a0\u00bb{}\u00a0\u00bb]<\/p>\n<p>Le sondage en ligne sur le Canada bilingue a \u00e9t\u00e9 r\u00e9alis\u00e9 aupr\u00e8s de 1 536 Canadien(ne)s \u00e2g\u00e9(e)s de 18 ou plus. Les r\u00e9pondant(e)s avaient la possibilit\u00e9 de r\u00e9pondre au sondage en anglais ou en fran\u00e7ais et ont \u00e9t\u00e9 recrut\u00e9s de mani\u00e8re al\u00e9atoire \u00e0 partir du panel en ligne de LEO.<\/p>\n<p>\u00c0 des fins de comparaison, un \u00e9chantillon probabiliste de cette taille aurait une marge d\u2019erreur d\u2019au plus \u00b12.50%, (19 fois sur 20) pour l\u2019\u00e9chantillon canadien.<\/p>\n<p>[\/et_pb_text][\/et_pb_column][\/et_pb_row][\/et_pb_section]<\/p>\n","protected":false},"excerpt":{"rendered":"<p>Le Canada bilingue peut \u00eatre per\u00e7u comme b\u00e9n\u00e9fique pour certains, tandis que d&rsquo;autres n&rsquo;en soulignent pas l&rsquo;importance. Du 14 au 16 juin 2024, nous avons sond\u00e9 les Canadiens pour conna\u00eetre leurs opinions et leurs perceptions concernant le Canada bilingue. Plus de quatre Canadiens sur dix (43%) pensent que le Canada bilingue est positif, tandis qu&rsquo;un tiers (34%) est indiff\u00e9rent et 18 % pensent que c\u2019est n\u00e9gatif. Les Qu\u00e9b\u00e9cois (70%) sont plus enclins \u00e0 penser que le bilinguisme au Canada est une chose positive lorsque compar\u00e9s avec le reste du Canada (35%). La moiti\u00e9 des Canadiens (52%) pensent qu&rsquo;il est important que le Canada reste un pays officiellement bilingue, tandis que 42% pensent que ce n&rsquo;est pas important. Les diff\u00e9rences d&rsquo;opinions entre les Qu\u00e9b\u00e9cois et les r\u00e9pondants du reste du Canada sont significatives. 83% des Qu\u00e9b\u00e9cois pensent qu&rsquo;il est important que le Canada reste bilingue, alors que seulement 43% des r\u00e9pondants du reste du Canada partagent ce point de vue. Un tiers des Canadiens (34%) pensent que les provinces autres que le Nouveau-Brunswick (qui est d\u00e9j\u00e0 bilingue) devraient devenir officiellement bilingues. Cette proportion est significativement plus \u00e9lev\u00e9e au Qu\u00e9bec (60%). Plus de la moiti\u00e9 des Qu\u00e9b\u00e9cois (55%) pensent que leur province [&hellip;]<\/p>\n","protected":false},"author":15,"featured_media":21405,"comment_status":"closed","ping_status":"closed","sticky":false,"template":"","format":"standard","meta":{"_acf_changed":false,"_et_pb_use_builder":"on","_et_pb_old_content":"<!-- wp:divi\/placeholder \/-->","_et_gb_content_width":"","content-type":"","inline_featured_image":false,"footnotes":""},"categories":[35],"tags":[],"post_language_cat":[42],"class_list":["post-21398","post","type-post","status-publish","format-standard","has-post-thumbnail","hentry","category-in-the-news","post_language_cat-fr-in-the-news"],"acf":[],"yoast_head":"<!-- This site is optimized with the Yoast SEO Premium plugin v27.4 (Yoast SEO v27.4) - https:\/\/yoast.com\/product\/yoast-seo-premium-wordpress\/ -->\n<title>Le Canada bilingue - Leger<\/title>\n<meta name=\"description\" content=\"Du 14 au 16 juin 2024, nous avons sond\u00e9 les Canadiens pour conna\u00eetre leurs opinions et leurs perceptions sur le Canada bilingue.\" \/>\n<meta name=\"robots\" content=\"index, follow, max-snippet:-1, max-image-preview:large, max-video-preview:-1\" \/>\n<link rel=\"canonical\" href=\"https:\/\/leger360.com\/fr\/canada-bilingue\/\" \/>\n<meta property=\"og:locale\" content=\"fr_CA\" \/>\n<meta property=\"og:type\" content=\"article\" \/>\n<meta property=\"og:title\" content=\"Le Canada bilingue\" \/>\n<meta property=\"og:description\" content=\"Du 14 au 16 juin 2024, nous avons sond\u00e9 les Canadiens pour conna\u00eetre leurs opinions et leurs perceptions sur le Canada bilingue.\" \/>\n<meta property=\"og:url\" content=\"https:\/\/leger360.com\/fr\/canada-bilingue\/\" \/>\n<meta property=\"og:site_name\" content=\"Leger\" \/>\n<meta property=\"article:publisher\" content=\"https:\/\/www.facebook.com\/leger360\/\" \/>\n<meta property=\"article:published_time\" content=\"2024-06-21T08:00:00+00:00\" \/>\n<meta property=\"article:modified_time\" content=\"2024-06-21T15:01:30+00:00\" \/>\n<meta property=\"og:image\" content=\"https:\/\/leger360.com\/wp-content\/uploads\/2024\/06\/shutterstock_1608802366-scaled.jpg\" \/>\n\t<meta property=\"og:image:width\" content=\"2560\" \/>\n\t<meta property=\"og:image:height\" content=\"1706\" \/>\n\t<meta property=\"og:image:type\" content=\"image\/jpeg\" \/>\n<meta name=\"author\" content=\"Tommy Pham\" \/>\n<meta name=\"twitter:card\" content=\"summary_large_image\" \/>\n<meta name=\"twitter:creator\" content=\"@leger360\" \/>\n<meta name=\"twitter:site\" content=\"@leger360\" \/>\n<meta name=\"twitter:label1\" content=\"\u00c9crit par\" \/>\n\t<meta name=\"twitter:data1\" content=\"Tommy Pham\" \/>\n\t<meta name=\"twitter:label2\" content=\"Estimation du temps de lecture\" \/>\n\t<meta name=\"twitter:data2\" content=\"2 minutes\" \/>\n<script type=\"application\/ld+json\" class=\"yoast-schema-graph\">{\"@context\":\"https:\\\/\\\/schema.org\",\"@graph\":[{\"@type\":\"Article\",\"@id\":\"https:\\\/\\\/leger360.com\\\/fr\\\/canada-bilingue\\\/#article\",\"isPartOf\":{\"@id\":\"https:\\\/\\\/leger360.com\\\/fr\\\/canada-bilingue\\\/\"},\"author\":{\"name\":\"Tommy Pham\",\"@id\":\"https:\\\/\\\/leger360.com\\\/fr\\\/#\\\/schema\\\/person\\\/c48a33785d08e26757acf0bb4979a8f9\"},\"headline\":\"Le Canada bilingue\",\"datePublished\":\"2024-06-21T08:00:00+00:00\",\"dateModified\":\"2024-06-21T15:01:30+00:00\",\"mainEntityOfPage\":{\"@id\":\"https:\\\/\\\/leger360.com\\\/fr\\\/canada-bilingue\\\/\"},\"wordCount\":573,\"publisher\":{\"@id\":\"https:\\\/\\\/leger360.com\\\/fr\\\/#organization\"},\"image\":{\"@id\":\"https:\\\/\\\/leger360.com\\\/fr\\\/canada-bilingue\\\/#primaryimage\"},\"thumbnailUrl\":\"https:\\\/\\\/leger360.com\\\/wp-content\\\/uploads\\\/2024\\\/06\\\/shutterstock_1608802366-scaled.jpg\",\"articleSection\":[\"In the news\"],\"inLanguage\":\"fr-CA\"},{\"@type\":\"WebPage\",\"@id\":\"https:\\\/\\\/leger360.com\\\/fr\\\/canada-bilingue\\\/\",\"url\":\"https:\\\/\\\/leger360.com\\\/fr\\\/canada-bilingue\\\/\",\"name\":\"Le Canada bilingue - Leger\",\"isPartOf\":{\"@id\":\"https:\\\/\\\/leger360.com\\\/fr\\\/#website\"},\"primaryImageOfPage\":{\"@id\":\"https:\\\/\\\/leger360.com\\\/fr\\\/canada-bilingue\\\/#primaryimage\"},\"image\":{\"@id\":\"https:\\\/\\\/leger360.com\\\/fr\\\/canada-bilingue\\\/#primaryimage\"},\"thumbnailUrl\":\"https:\\\/\\\/leger360.com\\\/wp-content\\\/uploads\\\/2024\\\/06\\\/shutterstock_1608802366-scaled.jpg\",\"datePublished\":\"2024-06-21T08:00:00+00:00\",\"dateModified\":\"2024-06-21T15:01:30+00:00\",\"description\":\"Du 14 au 16 juin 2024, nous avons sond\u00e9 les Canadiens pour conna\u00eetre leurs opinions et leurs perceptions sur le Canada bilingue.\",\"breadcrumb\":{\"@id\":\"https:\\\/\\\/leger360.com\\\/fr\\\/canada-bilingue\\\/#breadcrumb\"},\"inLanguage\":\"fr-CA\",\"potentialAction\":[{\"@type\":\"ReadAction\",\"target\":[\"https:\\\/\\\/leger360.com\\\/fr\\\/canada-bilingue\\\/\"]}]},{\"@type\":\"ImageObject\",\"inLanguage\":\"fr-CA\",\"@id\":\"https:\\\/\\\/leger360.com\\\/fr\\\/canada-bilingue\\\/#primaryimage\",\"url\":\"https:\\\/\\\/leger360.com\\\/wp-content\\\/uploads\\\/2024\\\/06\\\/shutterstock_1608802366-scaled.jpg\",\"contentUrl\":\"https:\\\/\\\/leger360.com\\\/wp-content\\\/uploads\\\/2024\\\/06\\\/shutterstock_1608802366-scaled.jpg\",\"width\":2560,\"height\":1706},{\"@type\":\"BreadcrumbList\",\"@id\":\"https:\\\/\\\/leger360.com\\\/fr\\\/canada-bilingue\\\/#breadcrumb\",\"itemListElement\":[{\"@type\":\"ListItem\",\"position\":1,\"name\":\"Home\",\"item\":\"https:\\\/\\\/leger360.com\\\/fr\\\/\"},{\"@type\":\"ListItem\",\"position\":2,\"name\":\"Le Canada bilingue\"}]},{\"@type\":\"WebSite\",\"@id\":\"https:\\\/\\\/leger360.com\\\/fr\\\/#website\",\"url\":\"https:\\\/\\\/leger360.com\\\/fr\\\/\",\"name\":\"Leger\",\"description\":\"Market Research | Data Analytics\",\"publisher\":{\"@id\":\"https:\\\/\\\/leger360.com\\\/fr\\\/#organization\"},\"potentialAction\":[{\"@type\":\"SearchAction\",\"target\":{\"@type\":\"EntryPoint\",\"urlTemplate\":\"https:\\\/\\\/leger360.com\\\/fr\\\/?s={search_term_string}\"},\"query-input\":{\"@type\":\"PropertyValueSpecification\",\"valueRequired\":true,\"valueName\":\"search_term_string\"}}],\"inLanguage\":\"fr-CA\"},{\"@type\":\"Organization\",\"@id\":\"https:\\\/\\\/leger360.com\\\/fr\\\/#organization\",\"name\":\"Leger\",\"url\":\"https:\\\/\\\/leger360.com\\\/fr\\\/\",\"logo\":{\"@type\":\"ImageObject\",\"inLanguage\":\"fr-CA\",\"@id\":\"https:\\\/\\\/leger360.com\\\/fr\\\/#\\\/schema\\\/logo\\\/image\\\/\",\"url\":\"https:\\\/\\\/leger360.com\\\/wp-content\\\/uploads\\\/2024\\\/04\\\/2022-Logo-Leger-Blackred-g.png\",\"contentUrl\":\"https:\\\/\\\/leger360.com\\\/wp-content\\\/uploads\\\/2024\\\/04\\\/2022-Logo-Leger-Blackred-g.png\",\"width\":1195,\"height\":686,\"caption\":\"Leger\"},\"image\":{\"@id\":\"https:\\\/\\\/leger360.com\\\/fr\\\/#\\\/schema\\\/logo\\\/image\\\/\"},\"sameAs\":[\"https:\\\/\\\/www.facebook.com\\\/leger360\\\/\",\"https:\\\/\\\/x.com\\\/leger360\",\"https:\\\/\\\/www.linkedin.com\\\/company\\\/leger360\\\/\"],\"description\":\"Leger is one of North America\u2019s fastest-growing market research companies, known for our forward-thinking experts and innovative approaches powered by artificial intelligence (AI) technologies.\"},{\"@type\":\"Person\",\"@id\":\"https:\\\/\\\/leger360.com\\\/fr\\\/#\\\/schema\\\/person\\\/c48a33785d08e26757acf0bb4979a8f9\",\"name\":\"Tommy Pham\",\"image\":{\"@type\":\"ImageObject\",\"inLanguage\":\"fr-CA\",\"@id\":\"https:\\\/\\\/secure.gravatar.com\\\/avatar\\\/82a12f501a5aaed0ba4be722633ab0e1dd011289a0661bff783a7f549be45b52?s=96&d=mm&r=g\",\"url\":\"https:\\\/\\\/secure.gravatar.com\\\/avatar\\\/82a12f501a5aaed0ba4be722633ab0e1dd011289a0661bff783a7f549be45b52?s=96&d=mm&r=g\",\"contentUrl\":\"https:\\\/\\\/secure.gravatar.com\\\/avatar\\\/82a12f501a5aaed0ba4be722633ab0e1dd011289a0661bff783a7f549be45b52?s=96&d=mm&r=g\",\"caption\":\"Tommy Pham\"}}]}<\/script>\n<!-- \/ Yoast SEO Premium plugin. -->","yoast_head_json":{"title":"Le Canada bilingue - Leger","description":"Du 14 au 16 juin 2024, nous avons sond\u00e9 les Canadiens pour conna\u00eetre leurs opinions et leurs perceptions sur le Canada bilingue.","robots":{"index":"index","follow":"follow","max-snippet":"max-snippet:-1","max-image-preview":"max-image-preview:large","max-video-preview":"max-video-preview:-1"},"canonical":"https:\/\/leger360.com\/fr\/canada-bilingue\/","og_locale":"fr_CA","og_type":"article","og_title":"Le Canada bilingue","og_description":"Du 14 au 16 juin 2024, nous avons sond\u00e9 les Canadiens pour conna\u00eetre leurs opinions et leurs perceptions sur le Canada bilingue.","og_url":"https:\/\/leger360.com\/fr\/canada-bilingue\/","og_site_name":"Leger","article_publisher":"https:\/\/www.facebook.com\/leger360\/","article_published_time":"2024-06-21T08:00:00+00:00","article_modified_time":"2024-06-21T15:01:30+00:00","og_image":[{"width":2560,"height":1706,"url":"https:\/\/leger360.com\/wp-content\/uploads\/2024\/06\/shutterstock_1608802366-scaled.jpg","type":"image\/jpeg"}],"author":"Tommy Pham","twitter_card":"summary_large_image","twitter_creator":"@leger360","twitter_site":"@leger360","twitter_misc":{"\u00c9crit par":"Tommy Pham","Estimation du temps de lecture":"2 minutes"},"schema":{"@context":"https:\/\/schema.org","@graph":[{"@type":"Article","@id":"https:\/\/leger360.com\/fr\/canada-bilingue\/#article","isPartOf":{"@id":"https:\/\/leger360.com\/fr\/canada-bilingue\/"},"author":{"name":"Tommy Pham","@id":"https:\/\/leger360.com\/fr\/#\/schema\/person\/c48a33785d08e26757acf0bb4979a8f9"},"headline":"Le Canada bilingue","datePublished":"2024-06-21T08:00:00+00:00","dateModified":"2024-06-21T15:01:30+00:00","mainEntityOfPage":{"@id":"https:\/\/leger360.com\/fr\/canada-bilingue\/"},"wordCount":573,"publisher":{"@id":"https:\/\/leger360.com\/fr\/#organization"},"image":{"@id":"https:\/\/leger360.com\/fr\/canada-bilingue\/#primaryimage"},"thumbnailUrl":"https:\/\/leger360.com\/wp-content\/uploads\/2024\/06\/shutterstock_1608802366-scaled.jpg","articleSection":["In the news"],"inLanguage":"fr-CA"},{"@type":"WebPage","@id":"https:\/\/leger360.com\/fr\/canada-bilingue\/","url":"https:\/\/leger360.com\/fr\/canada-bilingue\/","name":"Le Canada bilingue - Leger","isPartOf":{"@id":"https:\/\/leger360.com\/fr\/#website"},"primaryImageOfPage":{"@id":"https:\/\/leger360.com\/fr\/canada-bilingue\/#primaryimage"},"image":{"@id":"https:\/\/leger360.com\/fr\/canada-bilingue\/#primaryimage"},"thumbnailUrl":"https:\/\/leger360.com\/wp-content\/uploads\/2024\/06\/shutterstock_1608802366-scaled.jpg","datePublished":"2024-06-21T08:00:00+00:00","dateModified":"2024-06-21T15:01:30+00:00","description":"Du 14 au 16 juin 2024, nous avons sond\u00e9 les Canadiens pour conna\u00eetre leurs opinions et leurs perceptions sur le Canada bilingue.","breadcrumb":{"@id":"https:\/\/leger360.com\/fr\/canada-bilingue\/#breadcrumb"},"inLanguage":"fr-CA","potentialAction":[{"@type":"ReadAction","target":["https:\/\/leger360.com\/fr\/canada-bilingue\/"]}]},{"@type":"ImageObject","inLanguage":"fr-CA","@id":"https:\/\/leger360.com\/fr\/canada-bilingue\/#primaryimage","url":"https:\/\/leger360.com\/wp-content\/uploads\/2024\/06\/shutterstock_1608802366-scaled.jpg","contentUrl":"https:\/\/leger360.com\/wp-content\/uploads\/2024\/06\/shutterstock_1608802366-scaled.jpg","width":2560,"height":1706},{"@type":"BreadcrumbList","@id":"https:\/\/leger360.com\/fr\/canada-bilingue\/#breadcrumb","itemListElement":[{"@type":"ListItem","position":1,"name":"Home","item":"https:\/\/leger360.com\/fr\/"},{"@type":"ListItem","position":2,"name":"Le Canada bilingue"}]},{"@type":"WebSite","@id":"https:\/\/leger360.com\/fr\/#website","url":"https:\/\/leger360.com\/fr\/","name":"Leger","description":"Market Research | Data Analytics","publisher":{"@id":"https:\/\/leger360.com\/fr\/#organization"},"potentialAction":[{"@type":"SearchAction","target":{"@type":"EntryPoint","urlTemplate":"https:\/\/leger360.com\/fr\/?s={search_term_string}"},"query-input":{"@type":"PropertyValueSpecification","valueRequired":true,"valueName":"search_term_string"}}],"inLanguage":"fr-CA"},{"@type":"Organization","@id":"https:\/\/leger360.com\/fr\/#organization","name":"Leger","url":"https:\/\/leger360.com\/fr\/","logo":{"@type":"ImageObject","inLanguage":"fr-CA","@id":"https:\/\/leger360.com\/fr\/#\/schema\/logo\/image\/","url":"https:\/\/leger360.com\/wp-content\/uploads\/2024\/04\/2022-Logo-Leger-Blackred-g.png","contentUrl":"https:\/\/leger360.com\/wp-content\/uploads\/2024\/04\/2022-Logo-Leger-Blackred-g.png","width":1195,"height":686,"caption":"Leger"},"image":{"@id":"https:\/\/leger360.com\/fr\/#\/schema\/logo\/image\/"},"sameAs":["https:\/\/www.facebook.com\/leger360\/","https:\/\/x.com\/leger360","https:\/\/www.linkedin.com\/company\/leger360\/"],"description":"Leger is one of North America\u2019s fastest-growing market research companies, known for our forward-thinking experts and innovative approaches powered by artificial intelligence (AI) technologies."},{"@type":"Person","@id":"https:\/\/leger360.com\/fr\/#\/schema\/person\/c48a33785d08e26757acf0bb4979a8f9","name":"Tommy Pham","image":{"@type":"ImageObject","inLanguage":"fr-CA","@id":"https:\/\/secure.gravatar.com\/avatar\/82a12f501a5aaed0ba4be722633ab0e1dd011289a0661bff783a7f549be45b52?s=96&d=mm&r=g","url":"https:\/\/secure.gravatar.com\/avatar\/82a12f501a5aaed0ba4be722633ab0e1dd011289a0661bff783a7f549be45b52?s=96&d=mm&r=g","contentUrl":"https:\/\/secure.gravatar.com\/avatar\/82a12f501a5aaed0ba4be722633ab0e1dd011289a0661bff783a7f549be45b52?s=96&d=mm&r=g","caption":"Tommy Pham"}}]}},"_links":{"self":[{"href":"https:\/\/leger360.com\/fr\/wp-json\/wp\/v2\/posts\/21398","targetHints":{"allow":["GET"]}}],"collection":[{"href":"https:\/\/leger360.com\/fr\/wp-json\/wp\/v2\/posts"}],"about":[{"href":"https:\/\/leger360.com\/fr\/wp-json\/wp\/v2\/types\/post"}],"author":[{"embeddable":true,"href":"https:\/\/leger360.com\/fr\/wp-json\/wp\/v2\/users\/15"}],"replies":[{"embeddable":true,"href":"https:\/\/leger360.com\/fr\/wp-json\/wp\/v2\/comments?post=21398"}],"version-history":[{"count":0,"href":"https:\/\/leger360.com\/fr\/wp-json\/wp\/v2\/posts\/21398\/revisions"}],"wp:featuredmedia":[{"embeddable":true,"href":"https:\/\/leger360.com\/fr\/wp-json\/wp\/v2\/media\/21405"}],"wp:attachment":[{"href":"https:\/\/leger360.com\/fr\/wp-json\/wp\/v2\/media?parent=21398"}],"wp:term":[{"taxonomy":"category","embeddable":true,"href":"https:\/\/leger360.com\/fr\/wp-json\/wp\/v2\/categories?post=21398"},{"taxonomy":"post_tag","embeddable":true,"href":"https:\/\/leger360.com\/fr\/wp-json\/wp\/v2\/tags?post=21398"},{"taxonomy":"post_language_cat","embeddable":true,"href":"https:\/\/leger360.com\/fr\/wp-json\/wp\/v2\/post_language_cat?post=21398"}],"curies":[{"name":"wp","href":"https:\/\/api.w.org\/{rel}","templated":true}]}}