{"id":21707,"date":"2024-08-01T04:00:00","date_gmt":"2024-08-01T08:00:00","guid":{"rendered":"https:\/\/leger360.com\/?p=21707"},"modified":"2024-07-31T11:13:36","modified_gmt":"2024-07-31T15:13:36","slug":"economie-finance-juillet-2024","status":"publish","type":"post","link":"https:\/\/leger360.com\/fr\/economie-finance-juillet-2024\/","title":{"rendered":"\u00c9conomie et finances: juillet 2024"},"content":{"rendered":"<p>[et_pb_section fb_built=\u00a0\u00bb1&Prime; theme_builder_area=\u00a0\u00bbpost_content\u00a0\u00bb _builder_version=\u00a0\u00bb4.27.0&Prime; _module_preset=\u00a0\u00bbdefault\u00a0\u00bb][et_pb_row _builder_version=\u00a0\u00bb4.27.0&Prime; _module_preset=\u00a0\u00bbdefault\u00a0\u00bb theme_builder_area=\u00a0\u00bbpost_content\u00a0\u00bb][et_pb_column _builder_version=\u00a0\u00bb4.27.0&Prime; _module_preset=\u00a0\u00bbdefault\u00a0\u00bb type=\u00a0\u00bb4_4&Prime; theme_builder_area=\u00a0\u00bbpost_content\u00a0\u00bb][et_pb_text _builder_version=\u00a0\u00bb4.27.0&Prime; _module_preset=\u00a0\u00bbdefault\u00a0\u00bb theme_builder_area=\u00a0\u00bbpost_content\u00a0\u00bb hover_enabled=\u00a0\u00bb0&Prime; sticky_enabled=\u00a0\u00bb0&Prime;]<\/p>\n<p data-ccp-props=\"{&quot;335551550&quot;:6,&quot;335551620&quot;:6,&quot;335559683&quot;:0,&quot;335559685&quot;:0,&quot;335559731&quot;:0,&quot;335559737&quot;:0,&quot;335562764&quot;:2,&quot;335562765&quot;:1,&quot;335562766&quot;:4,&quot;335562767&quot;:0,&quot;335562768&quot;:4,&quot;335562769&quot;:0}\">Chaque mois, nous menons une enqu\u00eate aupr\u00e8s des Canadiens et des Am\u00e9ricains pour conna\u00eetre leur point de vue sur l&rsquo;\u00e9conomie, les finances et la politique. Ce mois-ci, notre enqu\u00eate a \u00e9t\u00e9 men\u00e9e entre le 26 et le 28 juillet 2024. \u200b<\/p>\n<p>[\/et_pb_text][et_pb_image src=\u00a0\u00bbhttps:\/\/leger360.com\/wp-content\/uploads\/2024\/07\/Canadian-Tracker-Leger-Logo.jpg\u00a0\u00bb _builder_version=\u00a0\u00bb4.27.0&Prime; _module_preset=\u00a0\u00bbdefault\u00a0\u00bb theme_builder_area=\u00a0\u00bbpost_content\u00a0\u00bb title_text=\u00a0\u00bbCanadian Tracker &#8211; Leger Logo\u00a0\u00bb url=\u00a0\u00bb@ET-DC@eyJkeW5hbWljIjp0cnVlLCJjb250ZW50IjoicG9zdF9saW5rX3VybF9hdHRhY2htZW50Iiwic2V0dGluZ3MiOnsicG9zdF9pZCI6IjIxNjgxIn19@\u00a0\u00bb _dynamic_attributes=\u00a0\u00bburl\u00a0\u00bb hover_enabled=\u00a0\u00bb0&Prime; sticky_enabled=\u00a0\u00bb0&Prime;][\/et_pb_image][et_pb_button button_text=\u00a0\u00bbT\u00e9l\u00e9chargez le rapport pour en apprendre plus\u00a0\u00bb _builder_version=\u00a0\u00bb4.27.0&Prime; _module_preset=\u00a0\u00bbdefault\u00a0\u00bb theme_builder_area=\u00a0\u00bbpost_content\u00a0\u00bb button_url=\u00a0\u00bb@ET-DC@eyJkeW5hbWljIjp0cnVlLCJjb250ZW50IjoicG9zdF9saW5rX3VybF9hdHRhY2htZW50Iiwic2V0dGluZ3MiOnsicG9zdF9pZCI6IjIxNjgxIn19@\u00a0\u00bb _dynamic_attributes=\u00a0\u00bbbutton_url\u00a0\u00bb hover_enabled=\u00a0\u00bb0&Prime; sticky_enabled=\u00a0\u00bb0&Prime; button_alignment=\u00a0\u00bbcenter\u00a0\u00bb][\/et_pb_button][et_pb_text _builder_version=\u00a0\u00bb4.27.0&Prime; _module_preset=\u00a0\u00bbdefault\u00a0\u00bb theme_builder_area=\u00a0\u00bbpost_content\u00a0\u00bb hover_enabled=\u00a0\u00bb0&Prime; sticky_enabled=\u00a0\u00bb0&Prime;]<\/p>\n<h2 data-ccp-props=\"{&quot;335551550&quot;:1,&quot;335551620&quot;:1,&quot;335559683&quot;:0,&quot;335559685&quot;:0,&quot;335559731&quot;:0,&quot;335559737&quot;:0,&quot;335562764&quot;:2,&quot;335562765&quot;:1,&quot;335562766&quot;:4,&quot;335562767&quot;:0,&quot;335562768&quot;:4,&quot;335562769&quot;:0}\">Parmi les principaux faits saillants de notre sondage sur l\u2019\u00e9conomie\u2026<span>\u200b<\/span><\/h2>\n<ul style=\"font-weight: 400;\">\n<li data-charcodes=\"8226\" data-font=\"Arial,Sans-Serif\" data-buautonum=\"8\" data-margin=\"270\" data-aria-posinset=\"1\" data-aria-level=\"1\"><span data-scheme-color=\"@161719,,\" data-usefontface=\"false\" data-contrast=\"none\">L&rsquo;enqu\u00eate r\u00e9v\u00e8le que <\/span><b><span data-scheme-color=\"@161719,,\" data-usefontface=\"false\" data-contrast=\"none\">59%<\/span><\/b><span data-scheme-color=\"@161719,,\" data-usefontface=\"false\" data-contrast=\"none\"> des Canadiens consid\u00e8rent que les finances de leur m\u00e9nage <\/span><span data-scheme-color=\"@161719,,\" data-usefontface=\"false\" data-contrast=\"none\">sont en bon \u00e9tat, <\/span><b><span data-scheme-color=\"@161719,,\" data-usefontface=\"false\" data-contrast=\"none\">8%<\/span><\/b><span data-scheme-color=\"@161719,,\" data-usefontface=\"false\" data-contrast=\"none\"> les qualifiant de tr\u00e8s bonnes. Cela indique que la majorit\u00e9 des <\/span><span data-scheme-color=\"@161719,,\" data-usefontface=\"false\" data-contrast=\"none\">Canadiens ont une vision positive de leur sant\u00e9 financi\u00e8re personnelle, malgr\u00e9 les <\/span><span data-scheme-color=\"@161719,,\" data-usefontface=\"false\" data-contrast=\"none\">incertitudes \u00e9conomiques.<\/span><span>\u200b<\/span><\/li>\n<\/ul>\n<ul style=\"font-weight: 400;\">\n<li data-charcodes=\"8226\" data-font=\"Arial,Sans-Serif\" data-buautonum=\"8\" data-margin=\"270\" data-aria-posinset=\"2\" data-aria-level=\"1\"><span data-scheme-color=\"@161719,,\" data-usefontface=\"false\" data-contrast=\"none\">Cependant, la s\u00e9curit\u00e9 de l&#8217;emploi est une pr\u00e9occupation notable. En effet, <\/span><b><span data-scheme-color=\"@161719,,\" data-usefontface=\"false\" data-contrast=\"none\">36%<\/span><\/b><span data-scheme-color=\"@161719,,\" data-usefontface=\"false\" data-contrast=\"none\"> des <\/span><span data-scheme-color=\"@161719,,\" data-usefontface=\"false\" data-contrast=\"none\">Canadiens en emploi craignent de perdre leur emploi au cours des douze prochains <\/span><span data-scheme-color=\"@161719,,\" data-usefontface=\"false\" data-contrast=\"none\">mois, ce qui r\u00e9v\u00e8le une grande inqui\u00e9tude quant \u00e0 la stabilit\u00e9 de l&#8217;emploi, m\u00eame si de <\/span><span data-scheme-color=\"@161719,,\" data-usefontface=\"false\" data-contrast=\"none\">nombreux Canadiens ont une vision positive de leur situation financi\u00e8re actuelle.<\/span><span>\u200b<\/span><\/li>\n<\/ul>\n<ul style=\"font-weight: 400;\">\n<li data-charcodes=\"8226\" data-font=\"Arial,Sans-Serif\" data-buautonum=\"8\" data-margin=\"270\" data-aria-posinset=\"3\" data-aria-level=\"1\"><span data-scheme-color=\"@161719,,\" data-usefontface=\"false\" data-contrast=\"none\">De plus, <\/span><b><span data-scheme-color=\"@161719,,\" data-usefontface=\"false\" data-contrast=\"none\">46%<\/span><\/b><span data-scheme-color=\"@161719,,\" data-usefontface=\"false\" data-contrast=\"none\"> des Canadiens d\u00e9clarent vivre d&rsquo;un ch\u00e8que de paie \u00e0 l&rsquo;autre. Ces tensions <\/span><span data-scheme-color=\"@161719,,\" data-usefontface=\"false\" data-contrast=\"none\">financi\u00e8res soulignent les pressions \u00e9conomiques auxquelles de nombreuses <\/span><span data-scheme-color=\"@161719,,\" data-usefontface=\"false\" data-contrast=\"none\">personnes sont confront\u00e9es, malgr\u00e9 un sentiment g\u00e9n\u00e9ral de stabilit\u00e9 des finances du <\/span><span data-scheme-color=\"@161719,,\" data-usefontface=\"false\" data-contrast=\"none\">m\u00e9nage. Elle met en \u00e9vidence les difficult\u00e9s qu&rsquo;une grande partie de la population <\/span><span data-scheme-color=\"@161719,,\" data-usefontface=\"false\" data-contrast=\"none\">rencontre dans la gestion de ses d\u00e9penses quotidiennes.<\/span><span>\u200b<\/span><\/li>\n<\/ul>\n<ul style=\"font-weight: 400;\">\n<li data-charcodes=\"8226\" data-font=\"Arial,Sans-Serif\" data-buautonum=\"8\" data-margin=\"270\" data-aria-posinset=\"4\" data-aria-level=\"1\"><span data-scheme-color=\"@161719,,\" data-usefontface=\"false\" data-contrast=\"none\">L&rsquo;enqu\u00eate indique que <\/span><b><span data-scheme-color=\"@161719,,\" data-usefontface=\"false\" data-contrast=\"none\">57%<\/span><\/b><span data-scheme-color=\"@161719,,\" data-usefontface=\"false\" data-contrast=\"none\"> des Canadiens pensent que le pays est actuellement en <\/span><span data-scheme-color=\"@161719,,\" data-usefontface=\"false\" data-contrast=\"none\">r\u00e9cession \u00e9conomique, ce qui t\u00e9moigne d\u2019un sentiment d\u2019inqui\u00e9tude \u00e0 l&rsquo;\u00e9gard de <\/span><span data-scheme-color=\"@161719,,\" data-usefontface=\"false\" data-contrast=\"none\">l&rsquo;\u00e9conomie nationale. <\/span><\/li>\n<\/ul>\n<h2 data-ccp-props=\"{&quot;335551550&quot;:1,&quot;335551620&quot;:1,&quot;335559683&quot;:0,&quot;335559685&quot;:0,&quot;335559731&quot;:0,&quot;335559737&quot;:0,&quot;335562764&quot;:2,&quot;335562765&quot;:1,&quot;335562766&quot;:4,&quot;335562767&quot;:0,&quot;335562768&quot;:4,&quot;335562769&quot;:0}\">Parmi les principaux faits saillants de notre sondage sur la politique am\u00e9ricaine\u2026<span>\u200b<\/span><\/h2>\n<ul style=\"font-weight: 400;\">\n<li data-charcodes=\"8226\" data-font=\"Arial,Sans-Serif\" data-buautonum=\"8\" data-margin=\"270\" data-aria-posinset=\"1\" data-aria-level=\"1\"><span data-scheme-color=\"@161719,,\" data-usefontface=\"false\" data-contrast=\"none\">Le niveau de connaissance du parcours et des positions politiques de la vice-pr\u00e9sidente <\/span><span data-scheme-color=\"@161719,,\" data-usefontface=\"false\" data-contrast=\"none\">am\u00e9ricaine est mitig\u00e9 parmi les Canadiens, puisque <\/span><b><span data-scheme-color=\"@161719,,\" data-usefontface=\"false\" data-contrast=\"none\">44%<\/span><\/b><span data-scheme-color=\"@161719,,\" data-usefontface=\"false\" data-contrast=\"none\"> d&rsquo;entre eux estiment bien <\/span><span data-scheme-color=\"@161719,,\" data-usefontface=\"false\" data-contrast=\"none\">conna\u00eetre Kamala Harris, tandis que <\/span><b><span data-scheme-color=\"@161719,,\" data-usefontface=\"false\" data-contrast=\"none\">56%<\/span><\/b><span data-scheme-color=\"@161719,,\" data-usefontface=\"false\" data-contrast=\"none\"> ne savent peu ou rien du tout \u00e0 son sujet.<\/span><span>\u200b<\/span><\/li>\n<li data-charcodes=\"8226\" data-font=\"Arial,Sans-Serif\" data-buautonum=\"8\" data-margin=\"270\" data-aria-posinset=\"3\" data-aria-level=\"1\"><span data-scheme-color=\"@161719,,\" data-usefontface=\"false\" data-contrast=\"none\">Lorsqu&rsquo;il s&rsquo;agit de savoir quel pr\u00e9sident am\u00e9ricain serait le plus b\u00e9n\u00e9fique pour la <\/span><span data-scheme-color=\"@161719,,\" data-usefontface=\"false\" data-contrast=\"none\">croissance \u00e9conomique du Canada, <\/span><b><span data-scheme-color=\"@161719,,\" data-usefontface=\"false\" data-contrast=\"none\">59%<\/span><\/b><span data-scheme-color=\"@161719,,\" data-usefontface=\"false\" data-contrast=\"none\"> des Canadiens pensent que Kamala Harris serait <\/span><span data-scheme-color=\"@161719,,\" data-usefontface=\"false\" data-contrast=\"none\">plus b\u00e9n\u00e9fique, contre <\/span><b><span data-scheme-color=\"@161719,,\" data-usefontface=\"false\" data-contrast=\"none\">20%<\/span><\/b><span data-scheme-color=\"@161719,,\" data-usefontface=\"false\" data-contrast=\"none\"> qui pr\u00e9f\u00e8rent Donald Trump. Beaucoup per\u00e7oivent ainsi Harris <\/span><span data-scheme-color=\"@161719,,\" data-usefontface=\"false\" data-contrast=\"none\">comme \u00e9tant plus align\u00e9e sur les politiques qui soutiennent la stabilit\u00e9 et la croissance <\/span><span data-scheme-color=\"@161719,,\" data-usefontface=\"false\" data-contrast=\"none\">\u00e9conomique du Canada.<\/span><span>\u200b<\/span><\/li>\n<li data-charcodes=\"8226\" data-font=\"Arial,Sans-Serif\" data-buautonum=\"8\" data-margin=\"270\" data-aria-posinset=\"5\" data-aria-level=\"1\"><span data-scheme-color=\"@161719,,\" data-usefontface=\"false\" data-contrast=\"none\">En ce qui concerne les pr\u00e9dictions pour les prochaines \u00e9lections pr\u00e9sidentielles <\/span><span data-scheme-color=\"@161719,,\" data-usefontface=\"false\" data-contrast=\"none\">am\u00e9ricaines, <\/span><b><span data-scheme-color=\"@161719,,\" data-usefontface=\"false\" data-contrast=\"none\">38%<\/span><\/b><span data-scheme-color=\"@161719,,\" data-usefontface=\"false\" data-contrast=\"none\"> des Canadiens pensent que Kamala Harris a le plus de chances de <\/span><span data-scheme-color=\"@161719,,\" data-usefontface=\"false\" data-contrast=\"none\">gagner, tandis que 34% pensent que Donald Trump gagnera, et <\/span><b><span data-scheme-color=\"@161719,,\" data-usefontface=\"false\" data-contrast=\"none\">27%<\/span><\/b><span data-scheme-color=\"@161719,,\" data-usefontface=\"false\" data-contrast=\"none\"> restent incertains. <\/span><span data-scheme-color=\"@161719,,\" data-usefontface=\"false\" data-contrast=\"none\">Cela refl\u00e8te une opinion divis\u00e9e parmi les Canadiens quant \u00e0 l&rsquo;issue de l&rsquo;\u00e9lection, sans <\/span><span data-scheme-color=\"@161719,,\" data-usefontface=\"false\" data-contrast=\"none\">consensus clair sur le candidat qui sortira victorieux. <\/span><\/li>\n<\/ul>\n<h2><span>\u200bM\u00e9thodologie<\/span><\/h2>\n<p><span>Ce sondage web sur l\u2019\u00e9conomie a \u00e9t\u00e9 r\u00e9alis\u00e9 du 26 au 28 juillet 2024 aupr\u00e8s de 1 601 Canadiens et 1 002 Am\u00e9ricains, \u00e2g\u00e9s de 18 ans ou plus, le recrutement ayant \u00e9t\u00e9 effectu\u00e9 al\u00e9atoirement \u00e0 partir du panel en ligne LEO. Une marge d\u2019erreur ne peut pas \u00eatre associ\u00e9e \u00e0 un \u00e9chantillon non probabiliste dans le cadre d\u2019un sondage par panel. \u00c0 des fins de comparaison, un \u00e9chantillon probabiliste de cette taille aurait une marge d\u2019erreur d\u2019au plus \u00b12.45%, (19 fois sur 20) pour l\u2019\u00e9chantillon canadien et de \u00b13.1%, (19 fois sur 20) pour l\u2019\u00e9chantillon am\u00e9ricain.<\/span><\/p>\n<p>[\/et_pb_text][\/et_pb_column][\/et_pb_row][\/et_pb_section]<\/p>\n","protected":false},"excerpt":{"rendered":"<p>Chaque mois, nous menons une enqu\u00eate aupr\u00e8s des Canadiens et des Am\u00e9ricains pour conna\u00eetre leur point de vue sur l&rsquo;\u00e9conomie, les finances et la politique. Ce mois-ci, notre enqu\u00eate a \u00e9t\u00e9 men\u00e9e entre le 26 et le 28 juillet 2024. \u200bParmi les principaux faits saillants de notre sondage sur l\u2019\u00e9conomie\u2026\u200b L&rsquo;enqu\u00eate r\u00e9v\u00e8le que 59% des Canadiens consid\u00e8rent que les finances de leur m\u00e9nage sont en bon \u00e9tat, 8% les qualifiant de tr\u00e8s bonnes. Cela indique que la majorit\u00e9 des Canadiens ont une vision positive de leur sant\u00e9 financi\u00e8re personnelle, malgr\u00e9 les incertitudes \u00e9conomiques.\u200b Cependant, la s\u00e9curit\u00e9 de l&#8217;emploi est une pr\u00e9occupation notable. En effet, 36% des Canadiens en emploi craignent de perdre leur emploi au cours des douze prochains mois, ce qui r\u00e9v\u00e8le une grande inqui\u00e9tude quant \u00e0 la stabilit\u00e9 de l&#8217;emploi, m\u00eame si de nombreux Canadiens ont une vision positive de leur situation financi\u00e8re actuelle.\u200b De plus, 46% des Canadiens d\u00e9clarent vivre d&rsquo;un ch\u00e8que de paie \u00e0 l&rsquo;autre. Ces tensions financi\u00e8res soulignent les pressions \u00e9conomiques auxquelles de nombreuses personnes sont confront\u00e9es, malgr\u00e9 un sentiment g\u00e9n\u00e9ral de stabilit\u00e9 des finances du m\u00e9nage. Elle met en \u00e9vidence les difficult\u00e9s qu&rsquo;une grande partie de la population rencontre dans la gestion de ses [&hellip;]<\/p>\n","protected":false},"author":13,"featured_media":21693,"comment_status":"closed","ping_status":"closed","sticky":false,"template":"","format":"standard","meta":{"_acf_changed":false,"_et_pb_use_builder":"on","_et_pb_old_content":"","_et_gb_content_width":"","content-type":"","inline_featured_image":false,"footnotes":""},"categories":[35],"tags":[],"post_language_cat":[42],"class_list":["post-21707","post","type-post","status-publish","format-standard","has-post-thumbnail","hentry","category-in-the-news","post_language_cat-fr-in-the-news"],"acf":[],"yoast_head":"<!-- This site is optimized with the Yoast SEO Premium plugin v27.5 (Yoast SEO v27.5) - https:\/\/yoast.com\/product\/yoast-seo-premium-wordpress\/ -->\n<title>\u00c9conomie et finances: juillet 2024 - Leger<\/title>\n<meta name=\"description\" content=\"T\u00e9l\u00e9chargez notre rapport pour voir les points de vue des Canadiens et Am\u00e9ricains sur l&#039;\u00e9conomie et les finances personnelles.\" \/>\n<meta name=\"robots\" content=\"index, follow, max-snippet:-1, max-image-preview:large, max-video-preview:-1\" \/>\n<link rel=\"canonical\" href=\"https:\/\/leger360.com\/fr\/economie-finance-juillet-2024\/\" \/>\n<meta property=\"og:locale\" content=\"fr_CA\" \/>\n<meta property=\"og:type\" content=\"article\" \/>\n<meta property=\"og:title\" content=\"\u00c9conomie et finances: juillet 2024\" \/>\n<meta property=\"og:description\" content=\"T\u00e9l\u00e9chargez notre rapport pour voir les points de vue des Canadiens et Am\u00e9ricains sur l&#039;\u00e9conomie et les finances personnelles.\" \/>\n<meta property=\"og:url\" content=\"https:\/\/leger360.com\/fr\/economie-finance-juillet-2024\/\" \/>\n<meta property=\"og:site_name\" content=\"Leger\" \/>\n<meta property=\"article:publisher\" content=\"https:\/\/www.facebook.com\/leger360\/\" \/>\n<meta property=\"article:published_time\" content=\"2024-08-01T08:00:00+00:00\" \/>\n<meta property=\"og:image\" content=\"https:\/\/leger360.com\/wp-content\/uploads\/2024\/07\/Canadian-Tracker-Leger-No-Logo.jpg\" \/>\n\t<meta property=\"og:image:width\" content=\"1200\" \/>\n\t<meta property=\"og:image:height\" content=\"751\" \/>\n\t<meta property=\"og:image:type\" content=\"image\/jpeg\" \/>\n<meta name=\"author\" content=\"Jonah Presser\" \/>\n<meta name=\"twitter:card\" content=\"summary_large_image\" \/>\n<meta name=\"twitter:creator\" content=\"@leger360\" \/>\n<meta name=\"twitter:site\" content=\"@leger360\" \/>\n<meta name=\"twitter:label1\" content=\"\u00c9crit par\" \/>\n\t<meta name=\"twitter:data1\" content=\"Jonah Presser\" \/>\n\t<meta name=\"twitter:label2\" content=\"Estimation du temps de lecture\" \/>\n\t<meta name=\"twitter:data2\" content=\"3 minutes\" \/>\n<script type=\"application\/ld+json\" class=\"yoast-schema-graph\">{\"@context\":\"https:\\\/\\\/schema.org\",\"@graph\":[{\"@type\":\"Article\",\"@id\":\"https:\\\/\\\/leger360.com\\\/fr\\\/economie-finance-juillet-2024\\\/#article\",\"isPartOf\":{\"@id\":\"https:\\\/\\\/leger360.com\\\/fr\\\/economie-finance-juillet-2024\\\/\"},\"author\":{\"name\":\"Jonah Presser\",\"@id\":\"https:\\\/\\\/leger360.com\\\/fr\\\/#\\\/schema\\\/person\\\/43248a6d6ede47760313670a4da0171f\"},\"headline\":\"\u00c9conomie et finances: juillet 2024\",\"datePublished\":\"2024-08-01T08:00:00+00:00\",\"mainEntityOfPage\":{\"@id\":\"https:\\\/\\\/leger360.com\\\/fr\\\/economie-finance-juillet-2024\\\/\"},\"wordCount\":753,\"publisher\":{\"@id\":\"https:\\\/\\\/leger360.com\\\/fr\\\/#organization\"},\"image\":{\"@id\":\"https:\\\/\\\/leger360.com\\\/fr\\\/economie-finance-juillet-2024\\\/#primaryimage\"},\"thumbnailUrl\":\"https:\\\/\\\/leger360.com\\\/wp-content\\\/uploads\\\/2024\\\/07\\\/Canadian-Tracker-Leger-No-Logo.jpg\",\"articleSection\":[\"In the news\"],\"inLanguage\":\"fr-CA\"},{\"@type\":\"WebPage\",\"@id\":\"https:\\\/\\\/leger360.com\\\/fr\\\/economie-finance-juillet-2024\\\/\",\"url\":\"https:\\\/\\\/leger360.com\\\/fr\\\/economie-finance-juillet-2024\\\/\",\"name\":\"\u00c9conomie et finances: juillet 2024 - Leger\",\"isPartOf\":{\"@id\":\"https:\\\/\\\/leger360.com\\\/fr\\\/#website\"},\"primaryImageOfPage\":{\"@id\":\"https:\\\/\\\/leger360.com\\\/fr\\\/economie-finance-juillet-2024\\\/#primaryimage\"},\"image\":{\"@id\":\"https:\\\/\\\/leger360.com\\\/fr\\\/economie-finance-juillet-2024\\\/#primaryimage\"},\"thumbnailUrl\":\"https:\\\/\\\/leger360.com\\\/wp-content\\\/uploads\\\/2024\\\/07\\\/Canadian-Tracker-Leger-No-Logo.jpg\",\"datePublished\":\"2024-08-01T08:00:00+00:00\",\"description\":\"T\u00e9l\u00e9chargez notre rapport pour voir les points de vue des Canadiens et Am\u00e9ricains sur l'\u00e9conomie et les finances personnelles.\",\"breadcrumb\":{\"@id\":\"https:\\\/\\\/leger360.com\\\/fr\\\/economie-finance-juillet-2024\\\/#breadcrumb\"},\"inLanguage\":\"fr-CA\",\"potentialAction\":[{\"@type\":\"ReadAction\",\"target\":[\"https:\\\/\\\/leger360.com\\\/fr\\\/economie-finance-juillet-2024\\\/\"]}]},{\"@type\":\"ImageObject\",\"inLanguage\":\"fr-CA\",\"@id\":\"https:\\\/\\\/leger360.com\\\/fr\\\/economie-finance-juillet-2024\\\/#primaryimage\",\"url\":\"https:\\\/\\\/leger360.com\\\/wp-content\\\/uploads\\\/2024\\\/07\\\/Canadian-Tracker-Leger-No-Logo.jpg\",\"contentUrl\":\"https:\\\/\\\/leger360.com\\\/wp-content\\\/uploads\\\/2024\\\/07\\\/Canadian-Tracker-Leger-No-Logo.jpg\",\"width\":1200,\"height\":751},{\"@type\":\"BreadcrumbList\",\"@id\":\"https:\\\/\\\/leger360.com\\\/fr\\\/economie-finance-juillet-2024\\\/#breadcrumb\",\"itemListElement\":[{\"@type\":\"ListItem\",\"position\":1,\"name\":\"Home\",\"item\":\"https:\\\/\\\/leger360.com\\\/fr\\\/\"},{\"@type\":\"ListItem\",\"position\":2,\"name\":\"\u00c9conomie et finances: juillet 2024\"}]},{\"@type\":\"WebSite\",\"@id\":\"https:\\\/\\\/leger360.com\\\/fr\\\/#website\",\"url\":\"https:\\\/\\\/leger360.com\\\/fr\\\/\",\"name\":\"Leger\",\"description\":\"Market Research | Data Analytics\",\"publisher\":{\"@id\":\"https:\\\/\\\/leger360.com\\\/fr\\\/#organization\"},\"potentialAction\":[{\"@type\":\"SearchAction\",\"target\":{\"@type\":\"EntryPoint\",\"urlTemplate\":\"https:\\\/\\\/leger360.com\\\/fr\\\/?s={search_term_string}\"},\"query-input\":{\"@type\":\"PropertyValueSpecification\",\"valueRequired\":true,\"valueName\":\"search_term_string\"}}],\"inLanguage\":\"fr-CA\"},{\"@type\":\"Organization\",\"@id\":\"https:\\\/\\\/leger360.com\\\/fr\\\/#organization\",\"name\":\"Leger\",\"url\":\"https:\\\/\\\/leger360.com\\\/fr\\\/\",\"logo\":{\"@type\":\"ImageObject\",\"inLanguage\":\"fr-CA\",\"@id\":\"https:\\\/\\\/leger360.com\\\/fr\\\/#\\\/schema\\\/logo\\\/image\\\/\",\"url\":\"https:\\\/\\\/leger360.com\\\/wp-content\\\/uploads\\\/2024\\\/04\\\/2022-Logo-Leger-Blackred-g.png\",\"contentUrl\":\"https:\\\/\\\/leger360.com\\\/wp-content\\\/uploads\\\/2024\\\/04\\\/2022-Logo-Leger-Blackred-g.png\",\"width\":1195,\"height\":686,\"caption\":\"Leger\"},\"image\":{\"@id\":\"https:\\\/\\\/leger360.com\\\/fr\\\/#\\\/schema\\\/logo\\\/image\\\/\"},\"sameAs\":[\"https:\\\/\\\/www.facebook.com\\\/leger360\\\/\",\"https:\\\/\\\/x.com\\\/leger360\",\"https:\\\/\\\/www.linkedin.com\\\/company\\\/leger360\\\/\"],\"description\":\"Leger is one of North America\u2019s fastest-growing market research companies, known for our forward-thinking experts and innovative approaches powered by artificial intelligence (AI) technologies.\"},{\"@type\":\"Person\",\"@id\":\"https:\\\/\\\/leger360.com\\\/fr\\\/#\\\/schema\\\/person\\\/43248a6d6ede47760313670a4da0171f\",\"name\":\"Jonah Presser\",\"image\":{\"@type\":\"ImageObject\",\"inLanguage\":\"fr-CA\",\"@id\":\"https:\\\/\\\/secure.gravatar.com\\\/avatar\\\/30277f55803097542b5dc864a456580099248f68a36a21609d20a9da700098e3?s=96&d=mm&r=g\",\"url\":\"https:\\\/\\\/secure.gravatar.com\\\/avatar\\\/30277f55803097542b5dc864a456580099248f68a36a21609d20a9da700098e3?s=96&d=mm&r=g\",\"contentUrl\":\"https:\\\/\\\/secure.gravatar.com\\\/avatar\\\/30277f55803097542b5dc864a456580099248f68a36a21609d20a9da700098e3?s=96&d=mm&r=g\",\"caption\":\"Jonah Presser\"}}]}<\/script>\n<!-- \/ Yoast SEO Premium plugin. -->","yoast_head_json":{"title":"\u00c9conomie et finances: juillet 2024 - Leger","description":"T\u00e9l\u00e9chargez notre rapport pour voir les points de vue des Canadiens et Am\u00e9ricains sur l'\u00e9conomie et les finances personnelles.","robots":{"index":"index","follow":"follow","max-snippet":"max-snippet:-1","max-image-preview":"max-image-preview:large","max-video-preview":"max-video-preview:-1"},"canonical":"https:\/\/leger360.com\/fr\/economie-finance-juillet-2024\/","og_locale":"fr_CA","og_type":"article","og_title":"\u00c9conomie et finances: juillet 2024","og_description":"T\u00e9l\u00e9chargez notre rapport pour voir les points de vue des Canadiens et Am\u00e9ricains sur l'\u00e9conomie et les finances personnelles.","og_url":"https:\/\/leger360.com\/fr\/economie-finance-juillet-2024\/","og_site_name":"Leger","article_publisher":"https:\/\/www.facebook.com\/leger360\/","article_published_time":"2024-08-01T08:00:00+00:00","og_image":[{"width":1200,"height":751,"url":"https:\/\/leger360.com\/wp-content\/uploads\/2024\/07\/Canadian-Tracker-Leger-No-Logo.jpg","type":"image\/jpeg"}],"author":"Jonah Presser","twitter_card":"summary_large_image","twitter_creator":"@leger360","twitter_site":"@leger360","twitter_misc":{"\u00c9crit par":"Jonah Presser","Estimation du temps de lecture":"3 minutes"},"schema":{"@context":"https:\/\/schema.org","@graph":[{"@type":"Article","@id":"https:\/\/leger360.com\/fr\/economie-finance-juillet-2024\/#article","isPartOf":{"@id":"https:\/\/leger360.com\/fr\/economie-finance-juillet-2024\/"},"author":{"name":"Jonah Presser","@id":"https:\/\/leger360.com\/fr\/#\/schema\/person\/43248a6d6ede47760313670a4da0171f"},"headline":"\u00c9conomie et finances: juillet 2024","datePublished":"2024-08-01T08:00:00+00:00","mainEntityOfPage":{"@id":"https:\/\/leger360.com\/fr\/economie-finance-juillet-2024\/"},"wordCount":753,"publisher":{"@id":"https:\/\/leger360.com\/fr\/#organization"},"image":{"@id":"https:\/\/leger360.com\/fr\/economie-finance-juillet-2024\/#primaryimage"},"thumbnailUrl":"https:\/\/leger360.com\/wp-content\/uploads\/2024\/07\/Canadian-Tracker-Leger-No-Logo.jpg","articleSection":["In the news"],"inLanguage":"fr-CA"},{"@type":"WebPage","@id":"https:\/\/leger360.com\/fr\/economie-finance-juillet-2024\/","url":"https:\/\/leger360.com\/fr\/economie-finance-juillet-2024\/","name":"\u00c9conomie et finances: juillet 2024 - Leger","isPartOf":{"@id":"https:\/\/leger360.com\/fr\/#website"},"primaryImageOfPage":{"@id":"https:\/\/leger360.com\/fr\/economie-finance-juillet-2024\/#primaryimage"},"image":{"@id":"https:\/\/leger360.com\/fr\/economie-finance-juillet-2024\/#primaryimage"},"thumbnailUrl":"https:\/\/leger360.com\/wp-content\/uploads\/2024\/07\/Canadian-Tracker-Leger-No-Logo.jpg","datePublished":"2024-08-01T08:00:00+00:00","description":"T\u00e9l\u00e9chargez notre rapport pour voir les points de vue des Canadiens et Am\u00e9ricains sur l'\u00e9conomie et les finances personnelles.","breadcrumb":{"@id":"https:\/\/leger360.com\/fr\/economie-finance-juillet-2024\/#breadcrumb"},"inLanguage":"fr-CA","potentialAction":[{"@type":"ReadAction","target":["https:\/\/leger360.com\/fr\/economie-finance-juillet-2024\/"]}]},{"@type":"ImageObject","inLanguage":"fr-CA","@id":"https:\/\/leger360.com\/fr\/economie-finance-juillet-2024\/#primaryimage","url":"https:\/\/leger360.com\/wp-content\/uploads\/2024\/07\/Canadian-Tracker-Leger-No-Logo.jpg","contentUrl":"https:\/\/leger360.com\/wp-content\/uploads\/2024\/07\/Canadian-Tracker-Leger-No-Logo.jpg","width":1200,"height":751},{"@type":"BreadcrumbList","@id":"https:\/\/leger360.com\/fr\/economie-finance-juillet-2024\/#breadcrumb","itemListElement":[{"@type":"ListItem","position":1,"name":"Home","item":"https:\/\/leger360.com\/fr\/"},{"@type":"ListItem","position":2,"name":"\u00c9conomie et finances: juillet 2024"}]},{"@type":"WebSite","@id":"https:\/\/leger360.com\/fr\/#website","url":"https:\/\/leger360.com\/fr\/","name":"Leger","description":"Market Research | Data Analytics","publisher":{"@id":"https:\/\/leger360.com\/fr\/#organization"},"potentialAction":[{"@type":"SearchAction","target":{"@type":"EntryPoint","urlTemplate":"https:\/\/leger360.com\/fr\/?s={search_term_string}"},"query-input":{"@type":"PropertyValueSpecification","valueRequired":true,"valueName":"search_term_string"}}],"inLanguage":"fr-CA"},{"@type":"Organization","@id":"https:\/\/leger360.com\/fr\/#organization","name":"Leger","url":"https:\/\/leger360.com\/fr\/","logo":{"@type":"ImageObject","inLanguage":"fr-CA","@id":"https:\/\/leger360.com\/fr\/#\/schema\/logo\/image\/","url":"https:\/\/leger360.com\/wp-content\/uploads\/2024\/04\/2022-Logo-Leger-Blackred-g.png","contentUrl":"https:\/\/leger360.com\/wp-content\/uploads\/2024\/04\/2022-Logo-Leger-Blackred-g.png","width":1195,"height":686,"caption":"Leger"},"image":{"@id":"https:\/\/leger360.com\/fr\/#\/schema\/logo\/image\/"},"sameAs":["https:\/\/www.facebook.com\/leger360\/","https:\/\/x.com\/leger360","https:\/\/www.linkedin.com\/company\/leger360\/"],"description":"Leger is one of North America\u2019s fastest-growing market research companies, known for our forward-thinking experts and innovative approaches powered by artificial intelligence (AI) technologies."},{"@type":"Person","@id":"https:\/\/leger360.com\/fr\/#\/schema\/person\/43248a6d6ede47760313670a4da0171f","name":"Jonah Presser","image":{"@type":"ImageObject","inLanguage":"fr-CA","@id":"https:\/\/secure.gravatar.com\/avatar\/30277f55803097542b5dc864a456580099248f68a36a21609d20a9da700098e3?s=96&d=mm&r=g","url":"https:\/\/secure.gravatar.com\/avatar\/30277f55803097542b5dc864a456580099248f68a36a21609d20a9da700098e3?s=96&d=mm&r=g","contentUrl":"https:\/\/secure.gravatar.com\/avatar\/30277f55803097542b5dc864a456580099248f68a36a21609d20a9da700098e3?s=96&d=mm&r=g","caption":"Jonah Presser"}}]}},"_links":{"self":[{"href":"https:\/\/leger360.com\/fr\/wp-json\/wp\/v2\/posts\/21707","targetHints":{"allow":["GET"]}}],"collection":[{"href":"https:\/\/leger360.com\/fr\/wp-json\/wp\/v2\/posts"}],"about":[{"href":"https:\/\/leger360.com\/fr\/wp-json\/wp\/v2\/types\/post"}],"author":[{"embeddable":true,"href":"https:\/\/leger360.com\/fr\/wp-json\/wp\/v2\/users\/13"}],"replies":[{"embeddable":true,"href":"https:\/\/leger360.com\/fr\/wp-json\/wp\/v2\/comments?post=21707"}],"version-history":[{"count":0,"href":"https:\/\/leger360.com\/fr\/wp-json\/wp\/v2\/posts\/21707\/revisions"}],"wp:featuredmedia":[{"embeddable":true,"href":"https:\/\/leger360.com\/fr\/wp-json\/wp\/v2\/media\/21693"}],"wp:attachment":[{"href":"https:\/\/leger360.com\/fr\/wp-json\/wp\/v2\/media?parent=21707"}],"wp:term":[{"taxonomy":"category","embeddable":true,"href":"https:\/\/leger360.com\/fr\/wp-json\/wp\/v2\/categories?post=21707"},{"taxonomy":"post_tag","embeddable":true,"href":"https:\/\/leger360.com\/fr\/wp-json\/wp\/v2\/tags?post=21707"},{"taxonomy":"post_language_cat","embeddable":true,"href":"https:\/\/leger360.com\/fr\/wp-json\/wp\/v2\/post_language_cat?post=21707"}],"curies":[{"name":"wp","href":"https:\/\/api.w.org\/{rel}","templated":true}]}}