{"id":21903,"date":"2024-08-28T05:00:00","date_gmt":"2024-08-28T09:00:00","guid":{"rendered":"https:\/\/leger360.com\/?p=21903"},"modified":"2024-08-27T16:21:54","modified_gmt":"2024-08-27T20:21:54","slug":"intentions-de-vote-aout-2024","status":"publish","type":"post","link":"https:\/\/leger360.com\/fr\/intentions-de-vote-aout-2024\/","title":{"rendered":"Intentions de vote: ao\u00fbt 2024"},"content":{"rendered":"<p>[et_pb_section fb_built=\u00a0\u00bb1&Prime; _builder_version=\u00a0\u00bb4.27.0&Prime; _module_preset=\u00a0\u00bbdefault\u00a0\u00bb global_colors_info=\u00a0\u00bb{}\u00a0\u00bb][et_pb_row _builder_version=\u00a0\u00bb4.27.0&Prime; _module_preset=\u00a0\u00bbdefault\u00a0\u00bb global_colors_info=\u00a0\u00bb{}\u00a0\u00bb][et_pb_column type=\u00a0\u00bb4_4&Prime; _builder_version=\u00a0\u00bb4.27.0&Prime; _module_preset=\u00a0\u00bbdefault\u00a0\u00bb global_colors_info=\u00a0\u00bb{}\u00a0\u00bb][et_pb_text _builder_version=\u00a0\u00bb4.27.0&Prime; _module_preset=\u00a0\u00bbdefault\u00a0\u00bb hover_enabled=\u00a0\u00bb0&Prime; global_colors_info=\u00a0\u00bb{}\u00a0\u00bb sticky_enabled=\u00a0\u00bb0&Prime;]<\/p>\n<p>L\u00e9ger a r\u00e9alis\u00e9 un sondage pour le compte du Journal de Montr\u00e9al et du Journal de Qu\u00e9bec et TVA sur les intentions de vote f\u00e9d\u00e9rale et provinciale, la chefferie du Parti lib\u00e9ral du Qu\u00e9bec.<\/p>\n<p>[\/et_pb_text][et_pb_image src=\u00a0\u00bbhttps:\/\/leger360.com\/wp-content\/uploads\/2024\/02\/20230826-Quebec-Politics-Feature.jpg\u00a0\u00bb title_text=\u00a0\u00bb20230826-Quebec-Politics-Feature\u00a0\u00bb url=\u00a0\u00bb@ET-DC@eyJkeW5hbWljIjp0cnVlLCJjb250ZW50IjoicG9zdF9saW5rX3VybF9hdHRhY2htZW50Iiwic2V0dGluZ3MiOnsicG9zdF9pZCI6IjIxOTAwIn19@\u00a0\u00bb url_new_window=\u00a0\u00bbon\u00a0\u00bb _builder_version=\u00a0\u00bb4.27.0&Prime; _dynamic_attributes=\u00a0\u00bburl\u00a0\u00bb _module_preset=\u00a0\u00bbdefault\u00a0\u00bb global_colors_info=\u00a0\u00bb{}\u00a0\u00bb][\/et_pb_image][et_pb_button button_url=\u00a0\u00bb@ET-DC@eyJkeW5hbWljIjp0cnVlLCJjb250ZW50IjoicG9zdF9saW5rX3VybF9hdHRhY2htZW50Iiwic2V0dGluZ3MiOnsicG9zdF9pZCI6IjIxOTAwIn19@\u00a0\u00bb button_text=\u00a0\u00bbT\u00e9l\u00e9chargez le rapport pour en apprendre plus\u00a0\u00bb button_alignment=\u00a0\u00bbcenter\u00a0\u00bb _builder_version=\u00a0\u00bb4.27.0&Prime; _dynamic_attributes=\u00a0\u00bbbutton_url\u00a0\u00bb _module_preset=\u00a0\u00bbdefault\u00a0\u00bb global_colors_info=\u00a0\u00bb{}\u00a0\u00bb][\/et_pb_button][et_pb_text _builder_version=\u00a0\u00bb4.27.0&Prime; _module_preset=\u00a0\u00bbdefault\u00a0\u00bb hover_enabled=\u00a0\u00bb0&Prime; global_colors_info=\u00a0\u00bb{}\u00a0\u00bb sticky_enabled=\u00a0\u00bb0&Prime;]<\/p>\n<h2>POLITIQUE PROVINCIALE : \u00a0SATISFACTION \u00c0 LA HAUSSE POUR LA CAQ, LE PQ TOUJOURS EN T\u00caTE<\/h2>\n<p><strong>Intentions de vote<\/strong>\u00a0: Si des \u00e9lections provinciales avaient lieu aujourd\u2019hui, 29% de l\u2019\u00e9lectorat qu\u00e9b\u00e9cois aurait l\u2019intention de voter pour le Parti qu\u00e9b\u00e9cois (PQ) de Paul St-Pierre Plamondon (une diminution de 3 points depuis le 4 juin 2024), 24% pour la Coalition Avenir Qu\u00e9bec (CAQ) de Fran\u00e7ois Legault (diminution d\u2019un point), 16% pour le Parti lib\u00e9ral du Qu\u00e9bec (PLQ) de Marc Tanguay (augmentation d\u2019un point), 15% pour Qu\u00e9bec solidaire (QS) de Gabriel Nadeau-Dubois (augmentation d\u2019un point), 13% pour le Parti conservateur du Qu\u00e9bec (PCQ) d\u2019\u00c9ric Duhaime (augmentation de 3 points. Notons \u00e9galement que le taux de satisfaction \u00e0 l\u2019\u00e9gard du gouvernement Legault est en hausse de 5 points.<\/p>\n<h2>CHEFFERIE DU PLQ<\/h2>\n<p>L\u00e9ger a test\u00e9 l\u2019effet des candidatures de Pablo Rodriguez, Denis Coderre et Charles Milliard sur le vote. Seul Pablo Rodriguez tire le parti vers le haut avec un +3 dans les intentions de vote globale. Chez les \u00e9lecteurs lib\u00e9raux au Qu\u00e9bec, 16% croient que Denis Coderre ferait le meilleur chef du Parti lib\u00e9ral du Qu\u00e9bec, alors qu\u2019ils sont 13% \u00e0 croire que ce serait Pablo Rodriguez et 7%, Charles Milliard.<\/p>\n<h2>POLITIQUE F\u00c9D\u00c9RALE : LE BLOC DEMEURE EN T\u00caTE<\/h2>\n<p>Si des \u00e9lections f\u00e9d\u00e9rales avaient lieu aujourd\u2019hui, 29% de l\u2019\u00e9lectorat qu\u00e9b\u00e9cois aurait l\u2019intention de voter pour le Bloc Qu\u00e9b\u00e9cois d\u2019Yves-Fran\u00e7ois Blanchet (une diminution de 2 points depuis le 4 juin), 27% pour le Parti lib\u00e9ral du Canada de Justin Trudeau (augmentation d\u2019un point), 23% pour le Parti conservateur du Canada de Pierre Poilievre (diminution de 3 points), 14% pour le Nouveau Parti d\u00e9mocratique de Jagmeet Singh (augmentation de 3 points), 5% pour le Parti vert d\u2019Elizabeth May (augmentation d\u2019un point), 3% pour le Parti populaire de Maxime Bernier (augmentation de 2 points)<\/p>\n<h2>L\u2019AVENIR DE TRUDEAU\u00a0<\/h2>\n<p>47% des Qu\u00e9b\u00e9cois croient que Justin Trudeau devrait d\u00e9missionner avant les prochaines \u00e9lections f\u00e9d\u00e9rales, tant que 36% croient qu\u2019il devrait rester et se repr\u00e9senter aux prochaines \u00e9lections f\u00e9d\u00e9rales. 20% des \u00e9lecteurs du Parti lib\u00e9ral du Canada souhaite le d\u00e9part du chef du PLC avant les prochaines \u00e9lections.<\/p>\n<h2>M\u00c9THODOLOGIE DU SONDAGE<\/h2>\n<p>Un sondage Web a \u00e9t\u00e9 r\u00e9alis\u00e9 aupr\u00e8s de 1 041 Qu\u00e9b\u00e9cois(e)s \u00e2g\u00e9(e)s de 18 ou plus et ayant le droit de vote au Canada. Les r\u00e9pondant(e)s devaient pouvoir s\u2019exprimer en fran\u00e7ais ou en anglais, le recrutement ayant \u00e9t\u00e9 effectu\u00e9 al\u00e9atoirement \u00e0 l\u2019aide du panel en ligne de LEO.<\/p>\n<p>Les donn\u00e9es ont \u00e9t\u00e9 collect\u00e9es du 23 au 25 ao\u00fbt 2024.<\/p>\n<p>Il n\u2019est pas possible de calculer une marge d\u2019erreur sur un \u00e9chantillon tir\u00e9 d\u2019un panel, mais \u00e0 titre comparatif, la marge d\u2019erreur maximale pour un \u00e9chantillon de 1 041 r\u00e9pondants est de \u00b13,04%, et ce 19 fois sur 20.<\/p>\n<p>Les r\u00e9sultats ont \u00e9t\u00e9 pond\u00e9r\u00e9s en fonction du genre, de l\u2019\u00e2ge, de la langue maternelle, de la r\u00e9gion, du niveau de scolarit\u00e9 et de la pr\u00e9sence d\u2019enfants dans le m\u00e9nage afin d\u2019assurer un \u00e9chantillon repr\u00e9sentatif de la population qu\u00e9b\u00e9coise.<\/p>\n<p>Ce sondage est la propri\u00e9t\u00e9 de L\u00e9ger\/Qu\u00e9becor. Toute publication doit obligatoirement respecter les droits d\u2019auteur en utilisant la mention <em>S<\/em><em>ondage L\u00e9ger\/Qu\u00e9becor<\/em>.<\/p>\n<p>&nbsp;<\/p>\n<p>[\/et_pb_text][\/et_pb_column][\/et_pb_row][\/et_pb_section]<\/p>\n","protected":false},"excerpt":{"rendered":"<p>L\u00e9ger a r\u00e9alis\u00e9 un sondage pour le compte du Journal de Montr\u00e9al et du Journal de Qu\u00e9bec et TVA sur les intentions de vote f\u00e9d\u00e9rale et provinciale, la chefferie du Parti lib\u00e9ral du Qu\u00e9bec.POLITIQUE PROVINCIALE : \u00a0SATISFACTION \u00c0 LA HAUSSE POUR LA CAQ, LE PQ TOUJOURS EN T\u00caTE Intentions de vote\u00a0: Si des \u00e9lections provinciales avaient lieu aujourd\u2019hui, 29% de l\u2019\u00e9lectorat qu\u00e9b\u00e9cois aurait l\u2019intention de voter pour le Parti qu\u00e9b\u00e9cois (PQ) de Paul St-Pierre Plamondon (une diminution de 3 points depuis le 4 juin 2024), 24% pour la Coalition Avenir Qu\u00e9bec (CAQ) de Fran\u00e7ois Legault (diminution d\u2019un point), 16% pour le Parti lib\u00e9ral du Qu\u00e9bec (PLQ) de Marc Tanguay (augmentation d\u2019un point), 15% pour Qu\u00e9bec solidaire (QS) de Gabriel Nadeau-Dubois (augmentation d\u2019un point), 13% pour le Parti conservateur du Qu\u00e9bec (PCQ) d\u2019\u00c9ric Duhaime (augmentation de 3 points. Notons \u00e9galement que le taux de satisfaction \u00e0 l\u2019\u00e9gard du gouvernement Legault est en hausse de 5 points. CHEFFERIE DU PLQ L\u00e9ger a test\u00e9 l\u2019effet des candidatures de Pablo Rodriguez, Denis Coderre et Charles Milliard sur le vote. Seul Pablo Rodriguez tire le parti vers le haut avec un +3 dans les intentions de vote globale. Chez les \u00e9lecteurs lib\u00e9raux au Qu\u00e9bec, 16% [&hellip;]<\/p>\n","protected":false},"author":13,"featured_media":16912,"comment_status":"closed","ping_status":"closed","sticky":false,"template":"","format":"standard","meta":{"_acf_changed":false,"_et_pb_use_builder":"on","_et_pb_old_content":"","_et_gb_content_width":"","content-type":"","inline_featured_image":false,"footnotes":""},"categories":[35],"tags":[],"post_language_cat":[42],"class_list":["post-21903","post","type-post","status-publish","format-standard","has-post-thumbnail","hentry","category-in-the-news","post_language_cat-fr-in-the-news"],"acf":[],"yoast_head":"<!-- This site is optimized with the Yoast SEO Premium plugin v27.4 (Yoast SEO v27.4) - https:\/\/yoast.com\/product\/yoast-seo-premium-wordpress\/ -->\n<title>Intentions de vote: ao\u00fbt 2024 - Leger<\/title>\n<meta name=\"description\" content=\"T\u00e9l\u00e9chargez le rapport pour voir les intentions de vote des Qu\u00e9b\u00e9cois pour ao\u00fbt 2024.\" \/>\n<meta name=\"robots\" content=\"index, follow, max-snippet:-1, max-image-preview:large, max-video-preview:-1\" \/>\n<link rel=\"canonical\" href=\"https:\/\/leger360.com\/fr\/intentions-de-vote-aout-2024\/\" \/>\n<meta property=\"og:locale\" content=\"fr_CA\" \/>\n<meta property=\"og:type\" content=\"article\" \/>\n<meta property=\"og:title\" content=\"Intentions de vote: ao\u00fbt 2024\" \/>\n<meta property=\"og:description\" content=\"T\u00e9l\u00e9chargez le rapport pour voir les intentions de vote des Qu\u00e9b\u00e9cois pour ao\u00fbt 2024.\" \/>\n<meta property=\"og:url\" content=\"https:\/\/leger360.com\/fr\/intentions-de-vote-aout-2024\/\" \/>\n<meta property=\"og:site_name\" content=\"Leger\" \/>\n<meta property=\"article:publisher\" content=\"https:\/\/www.facebook.com\/leger360\/\" \/>\n<meta property=\"article:published_time\" content=\"2024-08-28T09:00:00+00:00\" \/>\n<meta property=\"og:image\" content=\"https:\/\/leger360.com\/wp-content\/uploads\/2024\/02\/20230826-Quebec-Politics-Feature.jpg\" \/>\n\t<meta property=\"og:image:width\" content=\"1564\" \/>\n\t<meta property=\"og:image:height\" content=\"978\" \/>\n\t<meta property=\"og:image:type\" content=\"image\/jpeg\" \/>\n<meta name=\"author\" content=\"Jonah Presser\" \/>\n<meta name=\"twitter:card\" content=\"summary_large_image\" \/>\n<meta name=\"twitter:creator\" content=\"@leger360\" \/>\n<meta name=\"twitter:site\" content=\"@leger360\" \/>\n<meta name=\"twitter:label1\" content=\"\u00c9crit par\" \/>\n\t<meta name=\"twitter:data1\" content=\"Jonah Presser\" \/>\n\t<meta name=\"twitter:label2\" content=\"Estimation du temps de lecture\" \/>\n\t<meta name=\"twitter:data2\" content=\"3 minutes\" \/>\n<script type=\"application\/ld+json\" class=\"yoast-schema-graph\">{\"@context\":\"https:\\\/\\\/schema.org\",\"@graph\":[{\"@type\":\"Article\",\"@id\":\"https:\\\/\\\/leger360.com\\\/fr\\\/intentions-de-vote-aout-2024\\\/#article\",\"isPartOf\":{\"@id\":\"https:\\\/\\\/leger360.com\\\/fr\\\/intentions-de-vote-aout-2024\\\/\"},\"author\":{\"name\":\"Jonah Presser\",\"@id\":\"https:\\\/\\\/leger360.com\\\/fr\\\/#\\\/schema\\\/person\\\/43248a6d6ede47760313670a4da0171f\"},\"headline\":\"Intentions de vote: ao\u00fbt 2024\",\"datePublished\":\"2024-08-28T09:00:00+00:00\",\"mainEntityOfPage\":{\"@id\":\"https:\\\/\\\/leger360.com\\\/fr\\\/intentions-de-vote-aout-2024\\\/\"},\"wordCount\":796,\"publisher\":{\"@id\":\"https:\\\/\\\/leger360.com\\\/fr\\\/#organization\"},\"image\":{\"@id\":\"https:\\\/\\\/leger360.com\\\/fr\\\/intentions-de-vote-aout-2024\\\/#primaryimage\"},\"thumbnailUrl\":\"https:\\\/\\\/leger360.com\\\/wp-content\\\/uploads\\\/2024\\\/02\\\/20230826-Quebec-Politics-Feature.jpg\",\"articleSection\":[\"In the news\"],\"inLanguage\":\"fr-CA\"},{\"@type\":\"WebPage\",\"@id\":\"https:\\\/\\\/leger360.com\\\/fr\\\/intentions-de-vote-aout-2024\\\/\",\"url\":\"https:\\\/\\\/leger360.com\\\/fr\\\/intentions-de-vote-aout-2024\\\/\",\"name\":\"Intentions de vote: ao\u00fbt 2024 - Leger\",\"isPartOf\":{\"@id\":\"https:\\\/\\\/leger360.com\\\/fr\\\/#website\"},\"primaryImageOfPage\":{\"@id\":\"https:\\\/\\\/leger360.com\\\/fr\\\/intentions-de-vote-aout-2024\\\/#primaryimage\"},\"image\":{\"@id\":\"https:\\\/\\\/leger360.com\\\/fr\\\/intentions-de-vote-aout-2024\\\/#primaryimage\"},\"thumbnailUrl\":\"https:\\\/\\\/leger360.com\\\/wp-content\\\/uploads\\\/2024\\\/02\\\/20230826-Quebec-Politics-Feature.jpg\",\"datePublished\":\"2024-08-28T09:00:00+00:00\",\"description\":\"T\u00e9l\u00e9chargez le rapport pour voir les intentions de vote des Qu\u00e9b\u00e9cois pour ao\u00fbt 2024.\",\"breadcrumb\":{\"@id\":\"https:\\\/\\\/leger360.com\\\/fr\\\/intentions-de-vote-aout-2024\\\/#breadcrumb\"},\"inLanguage\":\"fr-CA\",\"potentialAction\":[{\"@type\":\"ReadAction\",\"target\":[\"https:\\\/\\\/leger360.com\\\/fr\\\/intentions-de-vote-aout-2024\\\/\"]}]},{\"@type\":\"ImageObject\",\"inLanguage\":\"fr-CA\",\"@id\":\"https:\\\/\\\/leger360.com\\\/fr\\\/intentions-de-vote-aout-2024\\\/#primaryimage\",\"url\":\"https:\\\/\\\/leger360.com\\\/wp-content\\\/uploads\\\/2024\\\/02\\\/20230826-Quebec-Politics-Feature.jpg\",\"contentUrl\":\"https:\\\/\\\/leger360.com\\\/wp-content\\\/uploads\\\/2024\\\/02\\\/20230826-Quebec-Politics-Feature.jpg\",\"width\":1564,\"height\":978},{\"@type\":\"BreadcrumbList\",\"@id\":\"https:\\\/\\\/leger360.com\\\/fr\\\/intentions-de-vote-aout-2024\\\/#breadcrumb\",\"itemListElement\":[{\"@type\":\"ListItem\",\"position\":1,\"name\":\"Home\",\"item\":\"https:\\\/\\\/leger360.com\\\/fr\\\/\"},{\"@type\":\"ListItem\",\"position\":2,\"name\":\"Intentions de vote: ao\u00fbt 2024\"}]},{\"@type\":\"WebSite\",\"@id\":\"https:\\\/\\\/leger360.com\\\/fr\\\/#website\",\"url\":\"https:\\\/\\\/leger360.com\\\/fr\\\/\",\"name\":\"Leger\",\"description\":\"Market Research | Data Analytics\",\"publisher\":{\"@id\":\"https:\\\/\\\/leger360.com\\\/fr\\\/#organization\"},\"potentialAction\":[{\"@type\":\"SearchAction\",\"target\":{\"@type\":\"EntryPoint\",\"urlTemplate\":\"https:\\\/\\\/leger360.com\\\/fr\\\/?s={search_term_string}\"},\"query-input\":{\"@type\":\"PropertyValueSpecification\",\"valueRequired\":true,\"valueName\":\"search_term_string\"}}],\"inLanguage\":\"fr-CA\"},{\"@type\":\"Organization\",\"@id\":\"https:\\\/\\\/leger360.com\\\/fr\\\/#organization\",\"name\":\"Leger\",\"url\":\"https:\\\/\\\/leger360.com\\\/fr\\\/\",\"logo\":{\"@type\":\"ImageObject\",\"inLanguage\":\"fr-CA\",\"@id\":\"https:\\\/\\\/leger360.com\\\/fr\\\/#\\\/schema\\\/logo\\\/image\\\/\",\"url\":\"https:\\\/\\\/leger360.com\\\/wp-content\\\/uploads\\\/2024\\\/04\\\/2022-Logo-Leger-Blackred-g.png\",\"contentUrl\":\"https:\\\/\\\/leger360.com\\\/wp-content\\\/uploads\\\/2024\\\/04\\\/2022-Logo-Leger-Blackred-g.png\",\"width\":1195,\"height\":686,\"caption\":\"Leger\"},\"image\":{\"@id\":\"https:\\\/\\\/leger360.com\\\/fr\\\/#\\\/schema\\\/logo\\\/image\\\/\"},\"sameAs\":[\"https:\\\/\\\/www.facebook.com\\\/leger360\\\/\",\"https:\\\/\\\/x.com\\\/leger360\",\"https:\\\/\\\/www.linkedin.com\\\/company\\\/leger360\\\/\"],\"description\":\"Leger is one of North America\u2019s fastest-growing market research companies, known for our forward-thinking experts and innovative approaches powered by artificial intelligence (AI) technologies.\"},{\"@type\":\"Person\",\"@id\":\"https:\\\/\\\/leger360.com\\\/fr\\\/#\\\/schema\\\/person\\\/43248a6d6ede47760313670a4da0171f\",\"name\":\"Jonah Presser\",\"image\":{\"@type\":\"ImageObject\",\"inLanguage\":\"fr-CA\",\"@id\":\"https:\\\/\\\/secure.gravatar.com\\\/avatar\\\/30277f55803097542b5dc864a456580099248f68a36a21609d20a9da700098e3?s=96&d=mm&r=g\",\"url\":\"https:\\\/\\\/secure.gravatar.com\\\/avatar\\\/30277f55803097542b5dc864a456580099248f68a36a21609d20a9da700098e3?s=96&d=mm&r=g\",\"contentUrl\":\"https:\\\/\\\/secure.gravatar.com\\\/avatar\\\/30277f55803097542b5dc864a456580099248f68a36a21609d20a9da700098e3?s=96&d=mm&r=g\",\"caption\":\"Jonah Presser\"}}]}<\/script>\n<!-- \/ Yoast SEO Premium plugin. -->","yoast_head_json":{"title":"Intentions de vote: ao\u00fbt 2024 - Leger","description":"T\u00e9l\u00e9chargez le rapport pour voir les intentions de vote des Qu\u00e9b\u00e9cois pour ao\u00fbt 2024.","robots":{"index":"index","follow":"follow","max-snippet":"max-snippet:-1","max-image-preview":"max-image-preview:large","max-video-preview":"max-video-preview:-1"},"canonical":"https:\/\/leger360.com\/fr\/intentions-de-vote-aout-2024\/","og_locale":"fr_CA","og_type":"article","og_title":"Intentions de vote: ao\u00fbt 2024","og_description":"T\u00e9l\u00e9chargez le rapport pour voir les intentions de vote des Qu\u00e9b\u00e9cois pour ao\u00fbt 2024.","og_url":"https:\/\/leger360.com\/fr\/intentions-de-vote-aout-2024\/","og_site_name":"Leger","article_publisher":"https:\/\/www.facebook.com\/leger360\/","article_published_time":"2024-08-28T09:00:00+00:00","og_image":[{"width":1564,"height":978,"url":"https:\/\/leger360.com\/wp-content\/uploads\/2024\/02\/20230826-Quebec-Politics-Feature.jpg","type":"image\/jpeg"}],"author":"Jonah Presser","twitter_card":"summary_large_image","twitter_creator":"@leger360","twitter_site":"@leger360","twitter_misc":{"\u00c9crit par":"Jonah Presser","Estimation du temps de lecture":"3 minutes"},"schema":{"@context":"https:\/\/schema.org","@graph":[{"@type":"Article","@id":"https:\/\/leger360.com\/fr\/intentions-de-vote-aout-2024\/#article","isPartOf":{"@id":"https:\/\/leger360.com\/fr\/intentions-de-vote-aout-2024\/"},"author":{"name":"Jonah Presser","@id":"https:\/\/leger360.com\/fr\/#\/schema\/person\/43248a6d6ede47760313670a4da0171f"},"headline":"Intentions de vote: ao\u00fbt 2024","datePublished":"2024-08-28T09:00:00+00:00","mainEntityOfPage":{"@id":"https:\/\/leger360.com\/fr\/intentions-de-vote-aout-2024\/"},"wordCount":796,"publisher":{"@id":"https:\/\/leger360.com\/fr\/#organization"},"image":{"@id":"https:\/\/leger360.com\/fr\/intentions-de-vote-aout-2024\/#primaryimage"},"thumbnailUrl":"https:\/\/leger360.com\/wp-content\/uploads\/2024\/02\/20230826-Quebec-Politics-Feature.jpg","articleSection":["In the news"],"inLanguage":"fr-CA"},{"@type":"WebPage","@id":"https:\/\/leger360.com\/fr\/intentions-de-vote-aout-2024\/","url":"https:\/\/leger360.com\/fr\/intentions-de-vote-aout-2024\/","name":"Intentions de vote: ao\u00fbt 2024 - Leger","isPartOf":{"@id":"https:\/\/leger360.com\/fr\/#website"},"primaryImageOfPage":{"@id":"https:\/\/leger360.com\/fr\/intentions-de-vote-aout-2024\/#primaryimage"},"image":{"@id":"https:\/\/leger360.com\/fr\/intentions-de-vote-aout-2024\/#primaryimage"},"thumbnailUrl":"https:\/\/leger360.com\/wp-content\/uploads\/2024\/02\/20230826-Quebec-Politics-Feature.jpg","datePublished":"2024-08-28T09:00:00+00:00","description":"T\u00e9l\u00e9chargez le rapport pour voir les intentions de vote des Qu\u00e9b\u00e9cois pour ao\u00fbt 2024.","breadcrumb":{"@id":"https:\/\/leger360.com\/fr\/intentions-de-vote-aout-2024\/#breadcrumb"},"inLanguage":"fr-CA","potentialAction":[{"@type":"ReadAction","target":["https:\/\/leger360.com\/fr\/intentions-de-vote-aout-2024\/"]}]},{"@type":"ImageObject","inLanguage":"fr-CA","@id":"https:\/\/leger360.com\/fr\/intentions-de-vote-aout-2024\/#primaryimage","url":"https:\/\/leger360.com\/wp-content\/uploads\/2024\/02\/20230826-Quebec-Politics-Feature.jpg","contentUrl":"https:\/\/leger360.com\/wp-content\/uploads\/2024\/02\/20230826-Quebec-Politics-Feature.jpg","width":1564,"height":978},{"@type":"BreadcrumbList","@id":"https:\/\/leger360.com\/fr\/intentions-de-vote-aout-2024\/#breadcrumb","itemListElement":[{"@type":"ListItem","position":1,"name":"Home","item":"https:\/\/leger360.com\/fr\/"},{"@type":"ListItem","position":2,"name":"Intentions de vote: ao\u00fbt 2024"}]},{"@type":"WebSite","@id":"https:\/\/leger360.com\/fr\/#website","url":"https:\/\/leger360.com\/fr\/","name":"Leger","description":"Market Research | Data Analytics","publisher":{"@id":"https:\/\/leger360.com\/fr\/#organization"},"potentialAction":[{"@type":"SearchAction","target":{"@type":"EntryPoint","urlTemplate":"https:\/\/leger360.com\/fr\/?s={search_term_string}"},"query-input":{"@type":"PropertyValueSpecification","valueRequired":true,"valueName":"search_term_string"}}],"inLanguage":"fr-CA"},{"@type":"Organization","@id":"https:\/\/leger360.com\/fr\/#organization","name":"Leger","url":"https:\/\/leger360.com\/fr\/","logo":{"@type":"ImageObject","inLanguage":"fr-CA","@id":"https:\/\/leger360.com\/fr\/#\/schema\/logo\/image\/","url":"https:\/\/leger360.com\/wp-content\/uploads\/2024\/04\/2022-Logo-Leger-Blackred-g.png","contentUrl":"https:\/\/leger360.com\/wp-content\/uploads\/2024\/04\/2022-Logo-Leger-Blackred-g.png","width":1195,"height":686,"caption":"Leger"},"image":{"@id":"https:\/\/leger360.com\/fr\/#\/schema\/logo\/image\/"},"sameAs":["https:\/\/www.facebook.com\/leger360\/","https:\/\/x.com\/leger360","https:\/\/www.linkedin.com\/company\/leger360\/"],"description":"Leger is one of North America\u2019s fastest-growing market research companies, known for our forward-thinking experts and innovative approaches powered by artificial intelligence (AI) technologies."},{"@type":"Person","@id":"https:\/\/leger360.com\/fr\/#\/schema\/person\/43248a6d6ede47760313670a4da0171f","name":"Jonah Presser","image":{"@type":"ImageObject","inLanguage":"fr-CA","@id":"https:\/\/secure.gravatar.com\/avatar\/30277f55803097542b5dc864a456580099248f68a36a21609d20a9da700098e3?s=96&d=mm&r=g","url":"https:\/\/secure.gravatar.com\/avatar\/30277f55803097542b5dc864a456580099248f68a36a21609d20a9da700098e3?s=96&d=mm&r=g","contentUrl":"https:\/\/secure.gravatar.com\/avatar\/30277f55803097542b5dc864a456580099248f68a36a21609d20a9da700098e3?s=96&d=mm&r=g","caption":"Jonah Presser"}}]}},"_links":{"self":[{"href":"https:\/\/leger360.com\/fr\/wp-json\/wp\/v2\/posts\/21903","targetHints":{"allow":["GET"]}}],"collection":[{"href":"https:\/\/leger360.com\/fr\/wp-json\/wp\/v2\/posts"}],"about":[{"href":"https:\/\/leger360.com\/fr\/wp-json\/wp\/v2\/types\/post"}],"author":[{"embeddable":true,"href":"https:\/\/leger360.com\/fr\/wp-json\/wp\/v2\/users\/13"}],"replies":[{"embeddable":true,"href":"https:\/\/leger360.com\/fr\/wp-json\/wp\/v2\/comments?post=21903"}],"version-history":[{"count":0,"href":"https:\/\/leger360.com\/fr\/wp-json\/wp\/v2\/posts\/21903\/revisions"}],"wp:featuredmedia":[{"embeddable":true,"href":"https:\/\/leger360.com\/fr\/wp-json\/wp\/v2\/media\/16912"}],"wp:attachment":[{"href":"https:\/\/leger360.com\/fr\/wp-json\/wp\/v2\/media?parent=21903"}],"wp:term":[{"taxonomy":"category","embeddable":true,"href":"https:\/\/leger360.com\/fr\/wp-json\/wp\/v2\/categories?post=21903"},{"taxonomy":"post_tag","embeddable":true,"href":"https:\/\/leger360.com\/fr\/wp-json\/wp\/v2\/tags?post=21903"},{"taxonomy":"post_language_cat","embeddable":true,"href":"https:\/\/leger360.com\/fr\/wp-json\/wp\/v2\/post_language_cat?post=21903"}],"curies":[{"name":"wp","href":"https:\/\/api.w.org\/{rel}","templated":true}]}}