{"id":22260,"date":"2024-10-16T05:00:00","date_gmt":"2024-10-16T09:00:00","guid":{"rendered":"https:\/\/leger360.com\/?p=22260"},"modified":"2024-11-06T09:28:57","modified_gmt":"2024-11-06T14:28:57","slug":"soins-de-sante-au-quebec","status":"publish","type":"post","link":"https:\/\/leger360.com\/fr\/soins-de-sante-au-quebec\/","title":{"rendered":"Opinions sur les soins de sant\u00e9 au Qu\u00e9bec"},"content":{"rendered":"<p>[et_pb_section fb_built=\u00a0\u00bb1&Prime; theme_builder_area=\u00a0\u00bbpost_content\u00a0\u00bb _builder_version=\u00a0\u00bb4.27.2&Prime; _module_preset=\u00a0\u00bbdefault\u00a0\u00bb][et_pb_row _builder_version=\u00a0\u00bb4.27.2&Prime; _module_preset=\u00a0\u00bbdefault\u00a0\u00bb theme_builder_area=\u00a0\u00bbpost_content\u00a0\u00bb][et_pb_column _builder_version=\u00a0\u00bb4.27.2&Prime; _module_preset=\u00a0\u00bbdefault\u00a0\u00bb type=\u00a0\u00bb4_4&Prime; theme_builder_area=\u00a0\u00bbpost_content\u00a0\u00bb][et_pb_text _builder_version=\u00a0\u00bb4.27.2&Prime; _module_preset=\u00a0\u00bbdefault\u00a0\u00bb theme_builder_area=\u00a0\u00bbpost_content\u00a0\u00bb hover_enabled=\u00a0\u00bb0&Prime; sticky_enabled=\u00a0\u00bb0&Prime;]<\/p>\n<p><span data-contrast=\"auto\" xml:lang=\"FR-CA\" lang=\"FR-CA\" class=\"TextRun SCXW255560996 BCX0\"><span class=\"NormalTextRun SCXW255560996 BCX0\">L\u00e9ger a r\u00e9alis\u00e9 un sondage pour le compte du Journal de Montr\u00e9al, du Journal de Qu\u00e9bec et de TVA sur l<\/span><span class=\"NormalTextRun SCXW255560996 BCX0\">\u2019opinion de la population qu\u00e9b\u00e9coise au sujet des soins de sant\u00e9 au Qu\u00e9bec. <\/span><span class=\"NormalTextRun SCXW255560996 BCX0\">Les r\u00e9sultats du sondage illustrent <\/span><span class=\"NormalTextRun SCXW255560996 BCX0\">notamment une augmentation du <\/span><span class=\"NormalTextRun SCXW255560996 BCX0\">recours au priv\u00e9 pour recevoir des soins m\u00e9dicaux<\/span><span class=\"NormalTextRun SCXW255560996 BCX0\"> au Qu\u00e9bec et des perceptions partag\u00e9es <\/span><span class=\"NormalTextRun SCXW255560996 BCX0\">de la population <\/span><span class=\"NormalTextRun SCXW255560996 BCX0\">quant \u00e0 la qualit\u00e9 des soins offerts au public et au priv\u00e9.\u00a0<\/span><\/span><span class=\"EOP SCXW255560996 BCX0\" data-ccp-props=\"{}\">\u00a0<\/span><\/p>\n<p>[\/et_pb_text][et_pb_image src=\u00a0\u00bbhttps:\/\/leger360.com\/wp-content\/uploads\/2024\/10\/Healthcare-Leger-Logo-1.jpg\u00a0\u00bb _builder_version=\u00a0\u00bb4.27.2&Prime; _module_preset=\u00a0\u00bbdefault\u00a0\u00bb theme_builder_area=\u00a0\u00bbpost_content\u00a0\u00bb title_text=\u00a0\u00bbHealthcare &#8211; Leger Logo\u00a0\u00bb hover_enabled=\u00a0\u00bb0&Prime; sticky_enabled=\u00a0\u00bb0&Prime; custom_margin=\u00a0\u00bb10px||10px||false|false\u00a0\u00bb custom_padding=\u00a0\u00bb10px||10px||false|false\u00a0\u00bb align=\u00a0\u00bbcenter\u00a0\u00bb border_radii=\u00a0\u00bbon|10px|10px|10px|10px\u00a0\u00bb][\/et_pb_image][et_pb_button button_text=\u00a0\u00bbT\u00e9l\u00e9chargez le rapport pour en savoir plus\u00a0\u00bb _builder_version=\u00a0\u00bb4.27.2&Prime; _module_preset=\u00a0\u00bbdefault\u00a0\u00bb theme_builder_area=\u00a0\u00bbpost_content\u00a0\u00bb button_alignment=\u00a0\u00bbcenter\u00a0\u00bb hover_enabled=\u00a0\u00bb0&Prime; sticky_enabled=\u00a0\u00bb0&Prime; custom_margin=\u00a0\u00bb20px||20px||false|false\u00a0\u00bb url_new_window=\u00a0\u00bbon\u00a0\u00bb button_url=\u00a0\u00bbhttps:\/\/leger360.com\/wp-content\/uploads\/2024\/10\/Rapport-sur-le-prive-en-sante-2024.pdf\u00a0\u00bb][\/et_pb_button][et_pb_heading title=\u00a0\u00bbFaits saillants\u00a0\u00bb _builder_version=\u00a0\u00bb4.27.2&Prime; _module_preset=\u00a0\u00bbdefault\u00a0\u00bb theme_builder_area=\u00a0\u00bbpost_content\u00a0\u00bb title_level=\u00a0\u00bbh2&Prime; hover_enabled=\u00a0\u00bb0&Prime; sticky_enabled=\u00a0\u00bb0&Prime;][\/et_pb_heading][et_pb_text _builder_version=\u00a0\u00bb4.27.2&Prime; _module_preset=\u00a0\u00bbdefault\u00a0\u00bb theme_builder_area=\u00a0\u00bbpost_content\u00a0\u00bb hover_enabled=\u00a0\u00bb0&Prime; sticky_enabled=\u00a0\u00bb0&Prime;]<\/p>\n<ul>\n<li data-leveltext=\"\uf0b7\" data-font=\"Symbol\" data-listid=\"1\" data-list-defn-props=\"{&quot;335552541&quot;:1,&quot;335559685&quot;:720,&quot;335559991&quot;:360,&quot;469769226&quot;:&quot;Symbol&quot;,&quot;469769242&quot;:[8226],&quot;469777803&quot;:&quot;left&quot;,&quot;469777804&quot;:&quot;\uf0b7&quot;,&quot;469777815&quot;:&quot;multilevel&quot;}\" aria-setsize=\"-1\" data-aria-posinset=\"1\" data-aria-level=\"1\"><span data-contrast=\"auto\">56% des Qu\u00e9b\u00e9coises et des Qu\u00e9b\u00e9cois ont l\u2019impression que l\u2019acc\u00e8s aux soins de sant\u00e9 au Qu\u00e9bec est pire qu\u2019il y a cinq ans. Seulement 5% pensent qu\u2019il est meilleur, alors que pr\u00e8s du tiers (32%) jugent que l\u2019acc\u00e8s est demeur\u00e9 pareil.\u00a0<\/span><span data-ccp-props=\"{}\">\u00a0<\/span><\/li>\n<\/ul>\n<ul>\n<li data-leveltext=\"\uf0b7\" data-font=\"Symbol\" data-listid=\"1\" data-list-defn-props=\"{&quot;335552541&quot;:1,&quot;335559685&quot;:720,&quot;335559991&quot;:360,&quot;469769226&quot;:&quot;Symbol&quot;,&quot;469769242&quot;:[8226],&quot;469777803&quot;:&quot;left&quot;,&quot;469777804&quot;:&quot;\uf0b7&quot;,&quot;469777815&quot;:&quot;multilevel&quot;}\" aria-setsize=\"-1\" data-aria-posinset=\"2\" data-aria-level=\"1\"><span data-contrast=\"auto\">39% des Qu\u00e9b\u00e9coises et des Qu\u00e9b\u00e9cois sont d\u2019avis que la qualit\u00e9 des services de soins de sant\u00e9 prodigu\u00e9s dans le r\u00e9seau public est pire que ceux prodigu\u00e9s dans une clinique priv\u00e9e.\u00a0<\/span><span data-ccp-props=\"{}\">\u00a0<\/span><\/li>\n<\/ul>\n<ul>\n<li data-leveltext=\"\uf0b7\" data-font=\"Symbol\" data-listid=\"1\" data-list-defn-props=\"{&quot;335552541&quot;:1,&quot;335559685&quot;:720,&quot;335559991&quot;:360,&quot;469769226&quot;:&quot;Symbol&quot;,&quot;469769242&quot;:[8226],&quot;469777803&quot;:&quot;left&quot;,&quot;469777804&quot;:&quot;\uf0b7&quot;,&quot;469777815&quot;:&quot;multilevel&quot;}\" aria-setsize=\"-1\" data-aria-posinset=\"3\" data-aria-level=\"1\"><span data-contrast=\"auto\">Avant 2019, la proportion de Qu\u00e9b\u00e9coises et de Qu\u00e9b\u00e9cois qui ont pay\u00e9 ou utilis\u00e9 une assurance priv\u00e9e pour recevoir des soins m\u00e9dicaux au Qu\u00e9bec s\u2019\u00e9levait \u00e0 25%. Au cours des cinq derni\u00e8res ann\u00e9es (depuis 2019), cette proportion augmente significativement \u00e0 42%. Les jeunes adultes \u00e2g\u00e9\u00b7es de 18 \u00e0 34 ans (50%) ainsi que les parents d\u2019enfants (56%) sont des groupes proportionnellement plus nombreux \u00e0 avoir b\u00e9n\u00e9fici\u00e9 d\u2019une assurance priv\u00e9e pour recevoir des soins m\u00e9dicaux au Qu\u00e9bec dans les cinq derni\u00e8res ann\u00e9es.<\/span><span data-ccp-props=\"{}\">\u00a0<\/span><\/li>\n<\/ul>\n<ul>\n<li data-leveltext=\"\uf0b7\" data-font=\"Symbol\" data-listid=\"1\" data-list-defn-props=\"{&quot;335552541&quot;:1,&quot;335559685&quot;:720,&quot;335559991&quot;:360,&quot;469769226&quot;:&quot;Symbol&quot;,&quot;469769242&quot;:[8226],&quot;469777803&quot;:&quot;left&quot;,&quot;469777804&quot;:&quot;\uf0b7&quot;,&quot;469777815&quot;:&quot;multilevel&quot;}\" aria-setsize=\"-1\" data-aria-posinset=\"4\" data-aria-level=\"1\"><span data-contrast=\"auto\">Pour l\u2019avenir, la population qu\u00e9b\u00e9coise est divis\u00e9e sur le d\u00e9veloppement d\u2019une offre de soins de sant\u00e9 offerts par des cliniques priv\u00e9es : 38% croient que Qu\u00e9bec doit l\u2019encourager, contre 37% qui s\u2019y opposent.<\/span><span data-ccp-props=\"{}\">\u00a0<\/span><\/li>\n<\/ul>\n<p>[\/et_pb_text][et_pb_heading title=\u00a0\u00bbM\u00e9thodologie\u202f \u00a0\u00bb _builder_version=\u00a0\u00bb4.27.2&Prime; _module_preset=\u00a0\u00bbdefault\u00a0\u00bb theme_builder_area=\u00a0\u00bbpost_content\u00a0\u00bb title_level=\u00a0\u00bbh3&Prime; hover_enabled=\u00a0\u00bb0&Prime; sticky_enabled=\u00a0\u00bb0&Prime;][\/et_pb_heading][et_pb_text _builder_version=\u00a0\u00bb4.27.2&Prime; _module_preset=\u00a0\u00bbdefault\u00a0\u00bb theme_builder_area=\u00a0\u00bbpost_content\u00a0\u00bb hover_enabled=\u00a0\u00bb0&Prime; sticky_enabled=\u00a0\u00bb0&Prime;]<\/p>\n<p><span data-contrast=\"auto\">Un sondage Web a \u00e9t\u00e9 r\u00e9alis\u00e9 aupr\u00e8s de 1 002 Qu\u00e9b\u00e9cois\u00b7es \u00e2g\u00e9\u00b7es de 18 ou plus. Les r\u00e9pondant\u00b7es devaient pouvoir s\u2019exprimer en fran\u00e7ais ou en anglais, le recrutement ayant \u00e9t\u00e9 effectu\u00e9 al\u00e9atoirement \u00e0 l\u2019aide du panel en ligne de LEO.\u202f <\/span><span data-contrast=\"auto\">Les donn\u00e9es ont \u00e9t\u00e9 collect\u00e9es du 27 au 29 septembre 2024.\u202f<\/span><span data-ccp-props=\"{}\">\u00a0<\/span><\/p>\n<p><span data-contrast=\"auto\">Il n\u2019est pas possible de calculer une marge d\u2019erreur sur un \u00e9chantillon tir\u00e9 d\u2019un panel, mais \u00e0 titre comparatif, la marge d\u2019erreur maximale pour un \u00e9chantillon de 1 002 r\u00e9pondants est de \u00b13,1%, et ce 19 fois sur 20.\u202f<\/span><span data-ccp-props=\"{}\">\u00a0<\/span><\/p>\n<p><span data-contrast=\"auto\">Les r\u00e9sultats ont \u00e9t\u00e9 pond\u00e9r\u00e9s en fonction du genre, de l\u2019\u00e2ge, de la langue maternelle, de la r\u00e9gion, du niveau de scolarit\u00e9 et de la pr\u00e9sence d\u2019enfants dans le m\u00e9nage afin d\u2019assurer un \u00e9chantillon repr\u00e9sentatif de la population qu\u00e9b\u00e9coise.\u202f<\/span><span data-ccp-props=\"{}\">\u00a0<\/span><\/p>\n<p><span data-contrast=\"auto\">Ce sondage est la propri\u00e9t\u00e9 de L\u00e9ger\/Qu\u00e9becor. Toute publication doit obligatoirement respecter les droits d\u2019auteur en utilisant la mention<\/span><span data-contrast=\"auto\">\u202f<\/span><i><span data-contrast=\"auto\">Sondage L\u00e9ger\/Qu\u00e9becor<\/span><\/i><span data-contrast=\"auto\">.\u202f<\/span><span data-ccp-props=\"{}\">\u00a0<\/span><\/p>\n<p>[\/et_pb_text][\/et_pb_column][\/et_pb_row][\/et_pb_section]<\/p>\n","protected":false},"excerpt":{"rendered":"<p>L\u00e9ger a r\u00e9alis\u00e9 un sondage pour le compte du Journal de Montr\u00e9al, du Journal de Qu\u00e9bec et de TVA sur l\u2019opinion de la population qu\u00e9b\u00e9coise au sujet des soins de sant\u00e9 au Qu\u00e9bec. Les r\u00e9sultats du sondage illustrent notamment une augmentation du recours au priv\u00e9 pour recevoir des soins m\u00e9dicaux au Qu\u00e9bec et des perceptions partag\u00e9es de la population quant \u00e0 la qualit\u00e9 des soins offerts au public et au priv\u00e9.\u00a0\u00a0 56% des Qu\u00e9b\u00e9coises et des Qu\u00e9b\u00e9cois ont l\u2019impression que l\u2019acc\u00e8s aux soins de sant\u00e9 au Qu\u00e9bec est pire qu\u2019il y a cinq ans. Seulement 5% pensent qu\u2019il est meilleur, alors que pr\u00e8s du tiers (32%) jugent que l\u2019acc\u00e8s est demeur\u00e9 pareil.\u00a0\u00a0 39% des Qu\u00e9b\u00e9coises et des Qu\u00e9b\u00e9cois sont d\u2019avis que la qualit\u00e9 des services de soins de sant\u00e9 prodigu\u00e9s dans le r\u00e9seau public est pire que ceux prodigu\u00e9s dans une clinique priv\u00e9e.\u00a0\u00a0 Avant 2019, la proportion de Qu\u00e9b\u00e9coises et de Qu\u00e9b\u00e9cois qui ont pay\u00e9 ou utilis\u00e9 une assurance priv\u00e9e pour recevoir des soins m\u00e9dicaux au Qu\u00e9bec s\u2019\u00e9levait \u00e0 25%. Au cours des cinq derni\u00e8res ann\u00e9es (depuis 2019), cette proportion augmente significativement \u00e0 42%. Les jeunes adultes \u00e2g\u00e9\u00b7es de 18 \u00e0 34 ans (50%) ainsi que les parents d\u2019enfants (56%) [&hellip;]<\/p>\n","protected":false},"author":15,"featured_media":22256,"comment_status":"closed","ping_status":"closed","sticky":false,"template":"","format":"standard","meta":{"_acf_changed":false,"_et_pb_use_builder":"on","_et_pb_old_content":"","_et_gb_content_width":"","content-type":"","inline_featured_image":false,"footnotes":""},"categories":[35],"tags":[],"post_language_cat":[],"class_list":["post-22260","post","type-post","status-publish","format-standard","has-post-thumbnail","hentry","category-in-the-news"],"acf":[],"yoast_head":"<!-- This site is optimized with the Yoast SEO Premium plugin v27.4 (Yoast SEO v27.4) - https:\/\/yoast.com\/product\/yoast-seo-premium-wordpress\/ -->\n<title>Opinions sur les soins de sant\u00e9 au Qu\u00e9bec - Leger<\/title>\n<meta name=\"description\" content=\"L\u00e9ger a r\u00e9alis\u00e9 un sondage sur l\u2019opinion de la population qu\u00e9b\u00e9coise au sujet des soins de sant\u00e9 au Qu\u00e9bec.\" \/>\n<meta name=\"robots\" content=\"index, follow, max-snippet:-1, max-image-preview:large, max-video-preview:-1\" \/>\n<link rel=\"canonical\" href=\"https:\/\/leger360.com\/fr\/soins-de-sante-au-quebec\/\" \/>\n<meta property=\"og:locale\" content=\"fr_CA\" \/>\n<meta property=\"og:type\" content=\"article\" \/>\n<meta property=\"og:title\" content=\"Opinions sur les soins de sant\u00e9 au Qu\u00e9bec\" \/>\n<meta property=\"og:description\" content=\"L\u00e9ger a r\u00e9alis\u00e9 un sondage sur l\u2019opinion de la population qu\u00e9b\u00e9coise au sujet des soins de sant\u00e9 au Qu\u00e9bec.\" \/>\n<meta property=\"og:url\" content=\"https:\/\/leger360.com\/fr\/soins-de-sante-au-quebec\/\" \/>\n<meta property=\"og:site_name\" content=\"Leger\" \/>\n<meta property=\"article:publisher\" content=\"https:\/\/www.facebook.com\/leger360\/\" \/>\n<meta property=\"article:published_time\" content=\"2024-10-16T09:00:00+00:00\" \/>\n<meta property=\"article:modified_time\" content=\"2024-11-06T14:28:57+00:00\" \/>\n<meta property=\"og:image\" content=\"https:\/\/leger360.com\/wp-content\/uploads\/2024\/10\/Healthcare-No-Leger-Logo.jpg\" \/>\n\t<meta property=\"og:image:width\" content=\"1200\" \/>\n\t<meta property=\"og:image:height\" content=\"751\" \/>\n\t<meta property=\"og:image:type\" content=\"image\/jpeg\" \/>\n<meta name=\"author\" content=\"Tommy Pham\" \/>\n<meta name=\"twitter:card\" content=\"summary_large_image\" \/>\n<meta name=\"twitter:creator\" content=\"@leger360\" \/>\n<meta name=\"twitter:site\" content=\"@leger360\" \/>\n<meta name=\"twitter:label1\" content=\"\u00c9crit par\" \/>\n\t<meta name=\"twitter:data1\" content=\"Tommy Pham\" \/>\n\t<meta name=\"twitter:label2\" content=\"Estimation du temps de lecture\" \/>\n\t<meta name=\"twitter:data2\" content=\"3 minutes\" \/>\n<script type=\"application\/ld+json\" class=\"yoast-schema-graph\">{\"@context\":\"https:\\\/\\\/schema.org\",\"@graph\":[{\"@type\":\"Article\",\"@id\":\"https:\\\/\\\/leger360.com\\\/fr\\\/soins-de-sante-au-quebec\\\/#article\",\"isPartOf\":{\"@id\":\"https:\\\/\\\/leger360.com\\\/fr\\\/soins-de-sante-au-quebec\\\/\"},\"author\":{\"name\":\"Tommy Pham\",\"@id\":\"https:\\\/\\\/leger360.com\\\/fr\\\/#\\\/schema\\\/person\\\/c48a33785d08e26757acf0bb4979a8f9\"},\"headline\":\"Opinions sur les soins de sant\u00e9 au Qu\u00e9bec\",\"datePublished\":\"2024-10-16T09:00:00+00:00\",\"dateModified\":\"2024-11-06T14:28:57+00:00\",\"mainEntityOfPage\":{\"@id\":\"https:\\\/\\\/leger360.com\\\/fr\\\/soins-de-sante-au-quebec\\\/\"},\"wordCount\":757,\"publisher\":{\"@id\":\"https:\\\/\\\/leger360.com\\\/fr\\\/#organization\"},\"image\":{\"@id\":\"https:\\\/\\\/leger360.com\\\/fr\\\/soins-de-sante-au-quebec\\\/#primaryimage\"},\"thumbnailUrl\":\"https:\\\/\\\/leger360.com\\\/wp-content\\\/uploads\\\/2024\\\/10\\\/Healthcare-No-Leger-Logo.jpg\",\"articleSection\":[\"In the news\"],\"inLanguage\":\"fr-CA\"},{\"@type\":\"WebPage\",\"@id\":\"https:\\\/\\\/leger360.com\\\/fr\\\/soins-de-sante-au-quebec\\\/\",\"url\":\"https:\\\/\\\/leger360.com\\\/fr\\\/soins-de-sante-au-quebec\\\/\",\"name\":\"Opinions sur les soins de sant\u00e9 au Qu\u00e9bec - Leger\",\"isPartOf\":{\"@id\":\"https:\\\/\\\/leger360.com\\\/fr\\\/#website\"},\"primaryImageOfPage\":{\"@id\":\"https:\\\/\\\/leger360.com\\\/fr\\\/soins-de-sante-au-quebec\\\/#primaryimage\"},\"image\":{\"@id\":\"https:\\\/\\\/leger360.com\\\/fr\\\/soins-de-sante-au-quebec\\\/#primaryimage\"},\"thumbnailUrl\":\"https:\\\/\\\/leger360.com\\\/wp-content\\\/uploads\\\/2024\\\/10\\\/Healthcare-No-Leger-Logo.jpg\",\"datePublished\":\"2024-10-16T09:00:00+00:00\",\"dateModified\":\"2024-11-06T14:28:57+00:00\",\"description\":\"L\u00e9ger a r\u00e9alis\u00e9 un sondage sur l\u2019opinion de la population qu\u00e9b\u00e9coise au sujet des soins de sant\u00e9 au Qu\u00e9bec.\",\"breadcrumb\":{\"@id\":\"https:\\\/\\\/leger360.com\\\/fr\\\/soins-de-sante-au-quebec\\\/#breadcrumb\"},\"inLanguage\":\"fr-CA\",\"potentialAction\":[{\"@type\":\"ReadAction\",\"target\":[\"https:\\\/\\\/leger360.com\\\/fr\\\/soins-de-sante-au-quebec\\\/\"]}]},{\"@type\":\"ImageObject\",\"inLanguage\":\"fr-CA\",\"@id\":\"https:\\\/\\\/leger360.com\\\/fr\\\/soins-de-sante-au-quebec\\\/#primaryimage\",\"url\":\"https:\\\/\\\/leger360.com\\\/wp-content\\\/uploads\\\/2024\\\/10\\\/Healthcare-No-Leger-Logo.jpg\",\"contentUrl\":\"https:\\\/\\\/leger360.com\\\/wp-content\\\/uploads\\\/2024\\\/10\\\/Healthcare-No-Leger-Logo.jpg\",\"width\":1200,\"height\":751},{\"@type\":\"BreadcrumbList\",\"@id\":\"https:\\\/\\\/leger360.com\\\/fr\\\/soins-de-sante-au-quebec\\\/#breadcrumb\",\"itemListElement\":[{\"@type\":\"ListItem\",\"position\":1,\"name\":\"Home\",\"item\":\"https:\\\/\\\/leger360.com\\\/fr\\\/\"},{\"@type\":\"ListItem\",\"position\":2,\"name\":\"Opinions sur les soins de sant\u00e9 au Qu\u00e9bec\"}]},{\"@type\":\"WebSite\",\"@id\":\"https:\\\/\\\/leger360.com\\\/fr\\\/#website\",\"url\":\"https:\\\/\\\/leger360.com\\\/fr\\\/\",\"name\":\"Leger\",\"description\":\"Market Research | Data Analytics\",\"publisher\":{\"@id\":\"https:\\\/\\\/leger360.com\\\/fr\\\/#organization\"},\"potentialAction\":[{\"@type\":\"SearchAction\",\"target\":{\"@type\":\"EntryPoint\",\"urlTemplate\":\"https:\\\/\\\/leger360.com\\\/fr\\\/?s={search_term_string}\"},\"query-input\":{\"@type\":\"PropertyValueSpecification\",\"valueRequired\":true,\"valueName\":\"search_term_string\"}}],\"inLanguage\":\"fr-CA\"},{\"@type\":\"Organization\",\"@id\":\"https:\\\/\\\/leger360.com\\\/fr\\\/#organization\",\"name\":\"Leger\",\"url\":\"https:\\\/\\\/leger360.com\\\/fr\\\/\",\"logo\":{\"@type\":\"ImageObject\",\"inLanguage\":\"fr-CA\",\"@id\":\"https:\\\/\\\/leger360.com\\\/fr\\\/#\\\/schema\\\/logo\\\/image\\\/\",\"url\":\"https:\\\/\\\/leger360.com\\\/wp-content\\\/uploads\\\/2024\\\/04\\\/2022-Logo-Leger-Blackred-g.png\",\"contentUrl\":\"https:\\\/\\\/leger360.com\\\/wp-content\\\/uploads\\\/2024\\\/04\\\/2022-Logo-Leger-Blackred-g.png\",\"width\":1195,\"height\":686,\"caption\":\"Leger\"},\"image\":{\"@id\":\"https:\\\/\\\/leger360.com\\\/fr\\\/#\\\/schema\\\/logo\\\/image\\\/\"},\"sameAs\":[\"https:\\\/\\\/www.facebook.com\\\/leger360\\\/\",\"https:\\\/\\\/x.com\\\/leger360\",\"https:\\\/\\\/www.linkedin.com\\\/company\\\/leger360\\\/\"],\"description\":\"Leger is one of North America\u2019s fastest-growing market research companies, known for our forward-thinking experts and innovative approaches powered by artificial intelligence (AI) technologies.\"},{\"@type\":\"Person\",\"@id\":\"https:\\\/\\\/leger360.com\\\/fr\\\/#\\\/schema\\\/person\\\/c48a33785d08e26757acf0bb4979a8f9\",\"name\":\"Tommy Pham\",\"image\":{\"@type\":\"ImageObject\",\"inLanguage\":\"fr-CA\",\"@id\":\"https:\\\/\\\/secure.gravatar.com\\\/avatar\\\/82a12f501a5aaed0ba4be722633ab0e1dd011289a0661bff783a7f549be45b52?s=96&d=mm&r=g\",\"url\":\"https:\\\/\\\/secure.gravatar.com\\\/avatar\\\/82a12f501a5aaed0ba4be722633ab0e1dd011289a0661bff783a7f549be45b52?s=96&d=mm&r=g\",\"contentUrl\":\"https:\\\/\\\/secure.gravatar.com\\\/avatar\\\/82a12f501a5aaed0ba4be722633ab0e1dd011289a0661bff783a7f549be45b52?s=96&d=mm&r=g\",\"caption\":\"Tommy Pham\"}}]}<\/script>\n<!-- \/ Yoast SEO Premium plugin. -->","yoast_head_json":{"title":"Opinions sur les soins de sant\u00e9 au Qu\u00e9bec - Leger","description":"L\u00e9ger a r\u00e9alis\u00e9 un sondage sur l\u2019opinion de la population qu\u00e9b\u00e9coise au sujet des soins de sant\u00e9 au Qu\u00e9bec.","robots":{"index":"index","follow":"follow","max-snippet":"max-snippet:-1","max-image-preview":"max-image-preview:large","max-video-preview":"max-video-preview:-1"},"canonical":"https:\/\/leger360.com\/fr\/soins-de-sante-au-quebec\/","og_locale":"fr_CA","og_type":"article","og_title":"Opinions sur les soins de sant\u00e9 au Qu\u00e9bec","og_description":"L\u00e9ger a r\u00e9alis\u00e9 un sondage sur l\u2019opinion de la population qu\u00e9b\u00e9coise au sujet des soins de sant\u00e9 au Qu\u00e9bec.","og_url":"https:\/\/leger360.com\/fr\/soins-de-sante-au-quebec\/","og_site_name":"Leger","article_publisher":"https:\/\/www.facebook.com\/leger360\/","article_published_time":"2024-10-16T09:00:00+00:00","article_modified_time":"2024-11-06T14:28:57+00:00","og_image":[{"width":1200,"height":751,"url":"https:\/\/leger360.com\/wp-content\/uploads\/2024\/10\/Healthcare-No-Leger-Logo.jpg","type":"image\/jpeg"}],"author":"Tommy Pham","twitter_card":"summary_large_image","twitter_creator":"@leger360","twitter_site":"@leger360","twitter_misc":{"\u00c9crit par":"Tommy Pham","Estimation du temps de lecture":"3 minutes"},"schema":{"@context":"https:\/\/schema.org","@graph":[{"@type":"Article","@id":"https:\/\/leger360.com\/fr\/soins-de-sante-au-quebec\/#article","isPartOf":{"@id":"https:\/\/leger360.com\/fr\/soins-de-sante-au-quebec\/"},"author":{"name":"Tommy Pham","@id":"https:\/\/leger360.com\/fr\/#\/schema\/person\/c48a33785d08e26757acf0bb4979a8f9"},"headline":"Opinions sur les soins de sant\u00e9 au Qu\u00e9bec","datePublished":"2024-10-16T09:00:00+00:00","dateModified":"2024-11-06T14:28:57+00:00","mainEntityOfPage":{"@id":"https:\/\/leger360.com\/fr\/soins-de-sante-au-quebec\/"},"wordCount":757,"publisher":{"@id":"https:\/\/leger360.com\/fr\/#organization"},"image":{"@id":"https:\/\/leger360.com\/fr\/soins-de-sante-au-quebec\/#primaryimage"},"thumbnailUrl":"https:\/\/leger360.com\/wp-content\/uploads\/2024\/10\/Healthcare-No-Leger-Logo.jpg","articleSection":["In the news"],"inLanguage":"fr-CA"},{"@type":"WebPage","@id":"https:\/\/leger360.com\/fr\/soins-de-sante-au-quebec\/","url":"https:\/\/leger360.com\/fr\/soins-de-sante-au-quebec\/","name":"Opinions sur les soins de sant\u00e9 au Qu\u00e9bec - Leger","isPartOf":{"@id":"https:\/\/leger360.com\/fr\/#website"},"primaryImageOfPage":{"@id":"https:\/\/leger360.com\/fr\/soins-de-sante-au-quebec\/#primaryimage"},"image":{"@id":"https:\/\/leger360.com\/fr\/soins-de-sante-au-quebec\/#primaryimage"},"thumbnailUrl":"https:\/\/leger360.com\/wp-content\/uploads\/2024\/10\/Healthcare-No-Leger-Logo.jpg","datePublished":"2024-10-16T09:00:00+00:00","dateModified":"2024-11-06T14:28:57+00:00","description":"L\u00e9ger a r\u00e9alis\u00e9 un sondage sur l\u2019opinion de la population qu\u00e9b\u00e9coise au sujet des soins de sant\u00e9 au Qu\u00e9bec.","breadcrumb":{"@id":"https:\/\/leger360.com\/fr\/soins-de-sante-au-quebec\/#breadcrumb"},"inLanguage":"fr-CA","potentialAction":[{"@type":"ReadAction","target":["https:\/\/leger360.com\/fr\/soins-de-sante-au-quebec\/"]}]},{"@type":"ImageObject","inLanguage":"fr-CA","@id":"https:\/\/leger360.com\/fr\/soins-de-sante-au-quebec\/#primaryimage","url":"https:\/\/leger360.com\/wp-content\/uploads\/2024\/10\/Healthcare-No-Leger-Logo.jpg","contentUrl":"https:\/\/leger360.com\/wp-content\/uploads\/2024\/10\/Healthcare-No-Leger-Logo.jpg","width":1200,"height":751},{"@type":"BreadcrumbList","@id":"https:\/\/leger360.com\/fr\/soins-de-sante-au-quebec\/#breadcrumb","itemListElement":[{"@type":"ListItem","position":1,"name":"Home","item":"https:\/\/leger360.com\/fr\/"},{"@type":"ListItem","position":2,"name":"Opinions sur les soins de sant\u00e9 au Qu\u00e9bec"}]},{"@type":"WebSite","@id":"https:\/\/leger360.com\/fr\/#website","url":"https:\/\/leger360.com\/fr\/","name":"Leger","description":"Market Research | Data Analytics","publisher":{"@id":"https:\/\/leger360.com\/fr\/#organization"},"potentialAction":[{"@type":"SearchAction","target":{"@type":"EntryPoint","urlTemplate":"https:\/\/leger360.com\/fr\/?s={search_term_string}"},"query-input":{"@type":"PropertyValueSpecification","valueRequired":true,"valueName":"search_term_string"}}],"inLanguage":"fr-CA"},{"@type":"Organization","@id":"https:\/\/leger360.com\/fr\/#organization","name":"Leger","url":"https:\/\/leger360.com\/fr\/","logo":{"@type":"ImageObject","inLanguage":"fr-CA","@id":"https:\/\/leger360.com\/fr\/#\/schema\/logo\/image\/","url":"https:\/\/leger360.com\/wp-content\/uploads\/2024\/04\/2022-Logo-Leger-Blackred-g.png","contentUrl":"https:\/\/leger360.com\/wp-content\/uploads\/2024\/04\/2022-Logo-Leger-Blackred-g.png","width":1195,"height":686,"caption":"Leger"},"image":{"@id":"https:\/\/leger360.com\/fr\/#\/schema\/logo\/image\/"},"sameAs":["https:\/\/www.facebook.com\/leger360\/","https:\/\/x.com\/leger360","https:\/\/www.linkedin.com\/company\/leger360\/"],"description":"Leger is one of North America\u2019s fastest-growing market research companies, known for our forward-thinking experts and innovative approaches powered by artificial intelligence (AI) technologies."},{"@type":"Person","@id":"https:\/\/leger360.com\/fr\/#\/schema\/person\/c48a33785d08e26757acf0bb4979a8f9","name":"Tommy Pham","image":{"@type":"ImageObject","inLanguage":"fr-CA","@id":"https:\/\/secure.gravatar.com\/avatar\/82a12f501a5aaed0ba4be722633ab0e1dd011289a0661bff783a7f549be45b52?s=96&d=mm&r=g","url":"https:\/\/secure.gravatar.com\/avatar\/82a12f501a5aaed0ba4be722633ab0e1dd011289a0661bff783a7f549be45b52?s=96&d=mm&r=g","contentUrl":"https:\/\/secure.gravatar.com\/avatar\/82a12f501a5aaed0ba4be722633ab0e1dd011289a0661bff783a7f549be45b52?s=96&d=mm&r=g","caption":"Tommy Pham"}}]}},"_links":{"self":[{"href":"https:\/\/leger360.com\/fr\/wp-json\/wp\/v2\/posts\/22260","targetHints":{"allow":["GET"]}}],"collection":[{"href":"https:\/\/leger360.com\/fr\/wp-json\/wp\/v2\/posts"}],"about":[{"href":"https:\/\/leger360.com\/fr\/wp-json\/wp\/v2\/types\/post"}],"author":[{"embeddable":true,"href":"https:\/\/leger360.com\/fr\/wp-json\/wp\/v2\/users\/15"}],"replies":[{"embeddable":true,"href":"https:\/\/leger360.com\/fr\/wp-json\/wp\/v2\/comments?post=22260"}],"version-history":[{"count":0,"href":"https:\/\/leger360.com\/fr\/wp-json\/wp\/v2\/posts\/22260\/revisions"}],"wp:featuredmedia":[{"embeddable":true,"href":"https:\/\/leger360.com\/fr\/wp-json\/wp\/v2\/media\/22256"}],"wp:attachment":[{"href":"https:\/\/leger360.com\/fr\/wp-json\/wp\/v2\/media?parent=22260"}],"wp:term":[{"taxonomy":"category","embeddable":true,"href":"https:\/\/leger360.com\/fr\/wp-json\/wp\/v2\/categories?post=22260"},{"taxonomy":"post_tag","embeddable":true,"href":"https:\/\/leger360.com\/fr\/wp-json\/wp\/v2\/tags?post=22260"},{"taxonomy":"post_language_cat","embeddable":true,"href":"https:\/\/leger360.com\/fr\/wp-json\/wp\/v2\/post_language_cat?post=22260"}],"curies":[{"name":"wp","href":"https:\/\/api.w.org\/{rel}","templated":true}]}}