{"id":22610,"date":"2024-12-09T13:44:29","date_gmt":"2024-12-09T18:44:29","guid":{"rendered":"https:\/\/leger360.com\/?p=22610"},"modified":"2024-12-09T13:44:37","modified_gmt":"2024-12-09T18:44:37","slug":"economie-finance-dec-2024","status":"publish","type":"post","link":"https:\/\/leger360.com\/fr\/economie-finance-dec-2024\/","title":{"rendered":"\u00c9conomie et finance: d\u00e9cembre 2024"},"content":{"rendered":"<p>[et_pb_section fb_built=\u00a0\u00bb1&Prime; theme_builder_area=\u00a0\u00bbpost_content\u00a0\u00bb _builder_version=\u00a0\u00bb4.27.4&Prime; _module_preset=\u00a0\u00bbdefault\u00a0\u00bb][et_pb_row _builder_version=\u00a0\u00bb4.27.4&Prime; _module_preset=\u00a0\u00bbdefault\u00a0\u00bb theme_builder_area=\u00a0\u00bbpost_content\u00a0\u00bb][et_pb_column _builder_version=\u00a0\u00bb4.27.4&Prime; _module_preset=\u00a0\u00bbdefault\u00a0\u00bb type=\u00a0\u00bb4_4&Prime; theme_builder_area=\u00a0\u00bbpost_content\u00a0\u00bb][et_pb_text _builder_version=\u00a0\u00bb4.27.4&Prime; _module_preset=\u00a0\u00bbdefault\u00a0\u00bb theme_builder_area=\u00a0\u00bbpost_content\u00a0\u00bb hover_enabled=\u00a0\u00bb0&Prime; sticky_enabled=\u00a0\u00bb0&Prime;]<\/p>\n<p><span data-scheme-color=\"@212121,,\" data-usefontface=\"true\" data-contrast=\"none\" class=\"TextRun  BCX0 SCXP211680407\" xml:lang=\"FR-CA\" lang=\"FR-CA\"><span class=\"NormalTextRun  BCX0 SCXP211680407\">Chaque mois, nous menons une enqu\u00eate aupr\u00e8s <\/span><\/span><span data-scheme-color=\"@212121,,\" data-usefontface=\"true\" data-contrast=\"none\" class=\"TextRun  BCX0 SCXP211680407\" xml:lang=\"FR-CA\" lang=\"FR-CA\"><span class=\"NormalTextRun  BCX0 SCXP211680407\">des Canadiens et des Am\u00e9ricains pour conna\u00eetre <\/span><\/span><span data-scheme-color=\"@212121,,\" data-usefontface=\"true\" data-contrast=\"none\" class=\"TextRun  BCX0 SCXP211680407\" xml:lang=\"FR-CA\" lang=\"FR-CA\"><span class=\"NormalTextRun  BCX0 SCXP211680407\">leur point de vue sur l&rsquo;\u00e9conomie et leurs finances. <\/span><\/span><span data-scheme-color=\"@212121,,\" data-usefontface=\"true\" data-contrast=\"none\" class=\"TextRun  BCX0 SCXP211680407\" xml:lang=\"FR-CA\" lang=\"FR-CA\"><span class=\"NormalTextRun  BCX0 SCXP211680407\">Ce mois-ci, notre enqu\u00eate a \u00e9t\u00e9 men\u00e9e entre le 29 <\/span><\/span><span data-scheme-color=\"@212121,,\" data-usefontface=\"true\" data-contrast=\"none\" class=\"TextRun  BCX0 SCXP211680407\" xml:lang=\"FR-CA\" lang=\"FR-CA\"><span class=\"NormalTextRun  BCX0 SCXP211680407\">novembre et le 1<\/span><\/span><span data-scheme-color=\"@212121,,\" data-usefontface=\"true\" data-contrast=\"none\" class=\"TextRun  BCX0 SCXP211680407\" xml:lang=\"FR-CA\" lang=\"FR-CA\"><span class=\"NormalTextRun Superscript  BCX0 SCXP211680407\" data-fontsize=\"10.5\">er<\/span><\/span><span data-scheme-color=\"@212121,,\" data-usefontface=\"true\" data-contrast=\"none\" class=\"TextRun  BCX0 SCXP211680407\" xml:lang=\"FR-CA\" lang=\"FR-CA\"><span class=\"NormalTextRun  BCX0 SCXP211680407\"> d\u00e9cembre <\/span><\/span><span data-scheme-color=\"@212121,,\" data-usefontface=\"true\" data-contrast=\"none\" class=\"TextRun  BCX0 SCXP211680407\" xml:lang=\"EN-US\" lang=\"EN-US\"><span class=\"NormalTextRun  BCX0 SCXP211680407\">2024. <\/span><\/span><\/p>\n<p>[\/et_pb_text][et_pb_image src=\u00a0\u00bbhttps:\/\/leger360.com\/wp-content\/uploads\/2024\/08\/Canada-Tracker-Leger-No-Logo.jpg\u00a0\u00bb _builder_version=\u00a0\u00bb4.27.4&Prime; _module_preset=\u00a0\u00bbdefault\u00a0\u00bb theme_builder_area=\u00a0\u00bbpost_content\u00a0\u00bb title_text=\u00a0\u00bbCanada Tracker &#8211; Leger No Logo\u00a0\u00bb url=\u00a0\u00bb@ET-DC@eyJkeW5hbWljIjp0cnVlLCJjb250ZW50IjoicG9zdF9saW5rX3VybF9hdHRhY2htZW50Iiwic2V0dGluZ3MiOnsicG9zdF9pZCI6IjIyNTk5In19@\u00a0\u00bb _dynamic_attributes=\u00a0\u00bburl\u00a0\u00bb hover_enabled=\u00a0\u00bb0&Prime; sticky_enabled=\u00a0\u00bb0&Prime;][\/et_pb_image][et_pb_button button_text=\u00a0\u00bbT\u00e9l\u00e9chargez le rapport pour en apprendre plus\u00a0\u00bb _builder_version=\u00a0\u00bb4.27.4&Prime; _module_preset=\u00a0\u00bbdefault\u00a0\u00bb theme_builder_area=\u00a0\u00bbpost_content\u00a0\u00bb button_url=\u00a0\u00bb@ET-DC@eyJkeW5hbWljIjp0cnVlLCJjb250ZW50IjoicG9zdF9saW5rX3VybF9hdHRhY2htZW50Iiwic2V0dGluZ3MiOnsicG9zdF9pZCI6IjIyNTk5In19@\u00a0\u00bb _dynamic_attributes=\u00a0\u00bbbutton_url\u00a0\u00bb hover_enabled=\u00a0\u00bb0&Prime; sticky_enabled=\u00a0\u00bb0&Prime; button_alignment=\u00a0\u00bbcenter\u00a0\u00bb][\/et_pb_button][et_pb_text _builder_version=\u00a0\u00bb4.27.4&Prime; _module_preset=\u00a0\u00bbdefault\u00a0\u00bb theme_builder_area=\u00a0\u00bbpost_content\u00a0\u00bb hover_enabled=\u00a0\u00bb0&Prime; sticky_enabled=\u00a0\u00bb0&Prime;]<\/p>\n<h2>Des principaux faits saillants de notre sondafge sur l&rsquo;\u00e9conomie&#8230;<\/h2>\n<p>[\/et_pb_text][et_pb_text _builder_version=\u00a0\u00bb4.27.4&Prime; _module_preset=\u00a0\u00bbdefault\u00a0\u00bb theme_builder_area=\u00a0\u00bbpost_content\u00a0\u00bb hover_enabled=\u00a0\u00bb0&Prime; sticky_enabled=\u00a0\u00bb0&Prime;]<\/p>\n<ul>\n<li data-ccp-props=\"{&quot;335551550&quot;:1,&quot;335551620&quot;:1,&quot;335559683&quot;:0,&quot;335559685&quot;:0,&quot;335559731&quot;:0,&quot;335559737&quot;:0,&quot;335562764&quot;:2,&quot;335562765&quot;:1,&quot;335562766&quot;:4,&quot;335562767&quot;:0,&quot;335562768&quot;:4,&quot;335562769&quot;:6}\"><span>\u200b<\/span><span data-scheme-color=\"@212121,,\" data-usefontface=\"true\" data-contrast=\"none\">L&rsquo;enqu\u00eate r\u00e9v\u00e8le que 61 % des Canadiens consid\u00e8rent que les finances de leur m\u00e9nage sont en bon \u00e9tat, 10 % les <\/span><span data-scheme-color=\"@212121,,\" data-usefontface=\"true\" data-contrast=\"none\">qualifiant de tr\u00e8s bonnes et 51 % de bonnes. Une fois de plus, les Qu\u00e9b\u00e9cois (71 %) et les Canadiens \u00e2g\u00e9s de 55 <\/span><span data-scheme-color=\"@212121,,\" data-usefontface=\"true\" data-contrast=\"none\">ans et plus (70 %) sont plus susceptibles de consid\u00e9rer que leurs finances sont en bon \u00e9tat. Cependant, une <\/span><span data-scheme-color=\"@212121,,\" data-usefontface=\"true\" data-contrast=\"none\">proportion l\u00e9g\u00e8rement plus \u00e9lev\u00e9e de Canadiens consid\u00e8re que les finances de leur m\u00e9nage sont en mauvais \u00e9tat <\/span><span data-scheme-color=\"@212121,,\" data-usefontface=\"true\" data-contrast=\"none\">depuis la derni\u00e8re mesure, passant de 34 % en novembre \u00e0 37 % en d\u00e9cembre.<\/span><span>\u200b<\/span><\/li>\n<li data-ccp-props=\"{&quot;335551550&quot;:1,&quot;335551620&quot;:1,&quot;335559683&quot;:0,&quot;335559685&quot;:0,&quot;335559731&quot;:0,&quot;335559737&quot;:0,&quot;335562764&quot;:2,&quot;335562765&quot;:1,&quot;335562766&quot;:4,&quot;335562767&quot;:0,&quot;335562768&quot;:4,&quot;335562769&quot;:0}\"><span>\u200b<\/span><span>\u200b<\/span><span data-scheme-color=\"@212121,,\" data-usefontface=\"true\" data-contrast=\"none\">Un peu plus de quatre Canadiens sur dix (43 %) qui travaillent actuellement craignent de perdre leur emploi au <\/span><span data-scheme-color=\"@212121,,\" data-usefontface=\"true\" data-contrast=\"none\">cours des 12 prochains mois. Cela repr\u00e9sente une augmentation de 3 points depuis le mois dernier.<\/span><span>\u200b<\/span><\/li>\n<li data-ccp-props=\"{&quot;335551550&quot;:1,&quot;335551620&quot;:1,&quot;335559683&quot;:0,&quot;335559685&quot;:0,&quot;335559731&quot;:0,&quot;335559737&quot;:0,&quot;335562764&quot;:2,&quot;335562765&quot;:1,&quot;335562766&quot;:4,&quot;335562767&quot;:0,&quot;335562768&quot;:4,&quot;335562769&quot;:0}\"><span>\u200b<\/span><span data-scheme-color=\"@212121,,\" data-usefontface=\"true\" data-contrast=\"none\">En outre, 44 % des Canadiens d\u00e9clarent vivre de paie en paie. La proportion d&rsquo;Am\u00e9ricains d\u00e9clarant vivre d&rsquo;un <\/span><span data-scheme-color=\"@212121,,\" data-usefontface=\"true\" data-contrast=\"none\">ch\u00e8que de paie \u00e0 l&rsquo;autre est beaucoup plus \u00e9lev\u00e9e, puisque 58 % des r\u00e9pondants affirment que c&rsquo;est le cas. <\/span><span>\u200b<\/span><\/li>\n<li data-ccp-props=\"{&quot;335551550&quot;:1,&quot;335551620&quot;:1,&quot;335559683&quot;:0,&quot;335559685&quot;:0,&quot;335559731&quot;:0,&quot;335559737&quot;:0,&quot;335562764&quot;:2,&quot;335562765&quot;:1,&quot;335562766&quot;:4,&quot;335562767&quot;:0,&quot;335562768&quot;:4,&quot;335562769&quot;:0}\"><span>\u200b<\/span><span data-scheme-color=\"@212121,,\" data-usefontface=\"true\" data-contrast=\"none\">Pr\u00e8s de six Canadiens sur dix (57 %) pensent que le pays est en r\u00e9cession \u00e9conomique, soit une \u00e9volution de 3 <\/span><span data-scheme-color=\"@212121,,\" data-usefontface=\"true\" data-contrast=\"none\">points depuis novembre. Cette proportion atteint 66 % chez les Canadiens \u00e2g\u00e9s de 18 \u00e0 34 ans et les Albertains.<\/span><span>\u200b<\/span><\/li>\n<\/ul>\n<p>[\/et_pb_text][et_pb_text _builder_version=\u00a0\u00bb4.27.4&Prime; _module_preset=\u00a0\u00bbdefault\u00a0\u00bb theme_builder_area=\u00a0\u00bbpost_content\u00a0\u00bb hover_enabled=\u00a0\u00bb0&Prime; sticky_enabled=\u00a0\u00bb0&Prime;]<\/p>\n<h2>M\u00e9thodologie<\/h2>\n<p>[\/et_pb_text][et_pb_text _builder_version=\u00a0\u00bb4.27.4&Prime; _module_preset=\u00a0\u00bbdefault\u00a0\u00bb theme_builder_area=\u00a0\u00bbpost_content\u00a0\u00bb hover_enabled=\u00a0\u00bb0&Prime; sticky_enabled=\u00a0\u00bb0&Prime;]<\/p>\n<p><span>Ce sondage web sur l\u2019\u00e9conomie a \u00e9t\u00e9 r\u00e9alis\u00e9 du 29 novembre au 1 d\u00e9cembre 2024 aupr\u00e8s de 1 532 Canadiens et 1 000 Am\u00e9ricains, \u00e2g\u00e9s de 18 ans ou plus, le recrutement ayant \u00e9t\u00e9 effectu\u00e9 al\u00e9atoirement \u00e0 partir du panel en ligne LEO. Une marge d\u2019erreur ne peut pas \u00eatre associ\u00e9e \u00e0 un \u00e9chantillon non probabiliste dans le cadre d\u2019un sondage par panel. \u00c0 des fins de comparaison, un \u00e9chantillon probabiliste de cette taille aurait une marge d\u2019erreur d\u2019au plus \u00b12,50%, (19 fois sur 20) pour l\u2019\u00e9chantillon canadien et de \u00b13,10%, (19 fois sur 20) pour l\u2019\u00e9chantillon am\u00e9ricain.<\/span><\/p>\n<p>[\/et_pb_text][\/et_pb_column][\/et_pb_row][\/et_pb_section]<\/p>\n","protected":false},"excerpt":{"rendered":"<p>Chaque mois, nous menons une enqu\u00eate aupr\u00e8s des Canadiens et des Am\u00e9ricains pour conna\u00eetre leur point de vue sur l&rsquo;\u00e9conomie et leurs finances. Ce mois-ci, notre enqu\u00eate a \u00e9t\u00e9 men\u00e9e entre le 29 novembre et le 1er d\u00e9cembre 2024. Des principaux faits saillants de notre sondafge sur l&rsquo;\u00e9conomie&#8230; \u200bL&rsquo;enqu\u00eate r\u00e9v\u00e8le que 61 % des Canadiens consid\u00e8rent que les finances de leur m\u00e9nage sont en bon \u00e9tat, 10 % les qualifiant de tr\u00e8s bonnes et 51 % de bonnes. Une fois de plus, les Qu\u00e9b\u00e9cois (71 %) et les Canadiens \u00e2g\u00e9s de 55 ans et plus (70 %) sont plus susceptibles de consid\u00e9rer que leurs finances sont en bon \u00e9tat. Cependant, une proportion l\u00e9g\u00e8rement plus \u00e9lev\u00e9e de Canadiens consid\u00e8re que les finances de leur m\u00e9nage sont en mauvais \u00e9tat depuis la derni\u00e8re mesure, passant de 34 % en novembre \u00e0 37 % en d\u00e9cembre.\u200b \u200b\u200bUn peu plus de quatre Canadiens sur dix (43 %) qui travaillent actuellement craignent de perdre leur emploi au cours des 12 prochains mois. Cela repr\u00e9sente une augmentation de 3 points depuis le mois dernier.\u200b \u200bEn outre, 44 % des Canadiens d\u00e9clarent vivre de paie en paie. La proportion d&rsquo;Am\u00e9ricains d\u00e9clarant vivre d&rsquo;un ch\u00e8que de paie \u00e0 [&hellip;]<\/p>\n","protected":false},"author":13,"featured_media":21913,"comment_status":"closed","ping_status":"closed","sticky":false,"template":"","format":"standard","meta":{"_acf_changed":false,"_et_pb_use_builder":"on","_et_pb_old_content":"","_et_gb_content_width":"","content-type":"","inline_featured_image":false,"footnotes":""},"categories":[35],"tags":[],"post_language_cat":[42],"class_list":["post-22610","post","type-post","status-publish","format-standard","has-post-thumbnail","hentry","category-in-the-news","post_language_cat-fr-in-the-news"],"acf":[],"yoast_head":"<!-- This site is optimized with the Yoast SEO Premium plugin v27.4 (Yoast SEO v27.4) - https:\/\/yoast.com\/product\/yoast-seo-premium-wordpress\/ -->\n<title>\u00c9conomie et finance: d\u00e9cembre 2024 - Leger<\/title>\n<meta name=\"description\" content=\"T\u00e9l\u00e9chargez le rapport pour comprendre les points de vue des Canadiens et Am\u00e9ricains sur l&#039;\u00e9conomie et leurs finances personnelles\" \/>\n<meta name=\"robots\" content=\"index, follow, max-snippet:-1, max-image-preview:large, max-video-preview:-1\" \/>\n<link rel=\"canonical\" href=\"https:\/\/leger360.com\/fr\/economie-finance-dec-2024\/\" \/>\n<meta property=\"og:locale\" content=\"fr_CA\" \/>\n<meta property=\"og:type\" content=\"article\" \/>\n<meta property=\"og:title\" content=\"\u00c9conomie et finance: d\u00e9cembre 2024\" \/>\n<meta property=\"og:description\" content=\"T\u00e9l\u00e9chargez le rapport pour comprendre les points de vue des Canadiens et Am\u00e9ricains sur l&#039;\u00e9conomie et leurs finances personnelles\" \/>\n<meta property=\"og:url\" content=\"https:\/\/leger360.com\/fr\/economie-finance-dec-2024\/\" \/>\n<meta property=\"og:site_name\" content=\"Leger\" \/>\n<meta property=\"article:publisher\" content=\"https:\/\/www.facebook.com\/leger360\/\" \/>\n<meta property=\"article:published_time\" content=\"2024-12-09T18:44:29+00:00\" \/>\n<meta property=\"article:modified_time\" content=\"2024-12-09T18:44:37+00:00\" \/>\n<meta property=\"og:image\" content=\"https:\/\/leger360.com\/wp-content\/uploads\/2024\/08\/Canada-Tracker-Leger-No-Logo.jpg\" \/>\n\t<meta property=\"og:image:width\" content=\"1200\" \/>\n\t<meta property=\"og:image:height\" content=\"751\" \/>\n\t<meta property=\"og:image:type\" content=\"image\/jpeg\" \/>\n<meta name=\"author\" content=\"Jonah Presser\" \/>\n<meta name=\"twitter:card\" content=\"summary_large_image\" \/>\n<meta name=\"twitter:creator\" content=\"@leger360\" \/>\n<meta name=\"twitter:site\" content=\"@leger360\" \/>\n<meta name=\"twitter:label1\" content=\"\u00c9crit par\" \/>\n\t<meta name=\"twitter:data1\" content=\"Jonah Presser\" \/>\n\t<meta name=\"twitter:label2\" content=\"Estimation du temps de lecture\" \/>\n\t<meta name=\"twitter:data2\" content=\"3 minutes\" \/>\n<script type=\"application\/ld+json\" class=\"yoast-schema-graph\">{\"@context\":\"https:\\\/\\\/schema.org\",\"@graph\":[{\"@type\":\"Article\",\"@id\":\"https:\\\/\\\/leger360.com\\\/fr\\\/economie-finance-dec-2024\\\/#article\",\"isPartOf\":{\"@id\":\"https:\\\/\\\/leger360.com\\\/fr\\\/economie-finance-dec-2024\\\/\"},\"author\":{\"name\":\"Jonah Presser\",\"@id\":\"https:\\\/\\\/leger360.com\\\/fr\\\/#\\\/schema\\\/person\\\/43248a6d6ede47760313670a4da0171f\"},\"headline\":\"\u00c9conomie et finance: d\u00e9cembre 2024\",\"datePublished\":\"2024-12-09T18:44:29+00:00\",\"dateModified\":\"2024-12-09T18:44:37+00:00\",\"mainEntityOfPage\":{\"@id\":\"https:\\\/\\\/leger360.com\\\/fr\\\/economie-finance-dec-2024\\\/\"},\"wordCount\":636,\"publisher\":{\"@id\":\"https:\\\/\\\/leger360.com\\\/fr\\\/#organization\"},\"image\":{\"@id\":\"https:\\\/\\\/leger360.com\\\/fr\\\/economie-finance-dec-2024\\\/#primaryimage\"},\"thumbnailUrl\":\"https:\\\/\\\/leger360.com\\\/wp-content\\\/uploads\\\/2024\\\/08\\\/Canada-Tracker-Leger-No-Logo.jpg\",\"articleSection\":[\"In the news\"],\"inLanguage\":\"fr-CA\"},{\"@type\":\"WebPage\",\"@id\":\"https:\\\/\\\/leger360.com\\\/fr\\\/economie-finance-dec-2024\\\/\",\"url\":\"https:\\\/\\\/leger360.com\\\/fr\\\/economie-finance-dec-2024\\\/\",\"name\":\"\u00c9conomie et finance: d\u00e9cembre 2024 - Leger\",\"isPartOf\":{\"@id\":\"https:\\\/\\\/leger360.com\\\/fr\\\/#website\"},\"primaryImageOfPage\":{\"@id\":\"https:\\\/\\\/leger360.com\\\/fr\\\/economie-finance-dec-2024\\\/#primaryimage\"},\"image\":{\"@id\":\"https:\\\/\\\/leger360.com\\\/fr\\\/economie-finance-dec-2024\\\/#primaryimage\"},\"thumbnailUrl\":\"https:\\\/\\\/leger360.com\\\/wp-content\\\/uploads\\\/2024\\\/08\\\/Canada-Tracker-Leger-No-Logo.jpg\",\"datePublished\":\"2024-12-09T18:44:29+00:00\",\"dateModified\":\"2024-12-09T18:44:37+00:00\",\"description\":\"T\u00e9l\u00e9chargez le rapport pour comprendre les points de vue des Canadiens et Am\u00e9ricains sur l'\u00e9conomie et leurs finances personnelles\",\"breadcrumb\":{\"@id\":\"https:\\\/\\\/leger360.com\\\/fr\\\/economie-finance-dec-2024\\\/#breadcrumb\"},\"inLanguage\":\"fr-CA\",\"potentialAction\":[{\"@type\":\"ReadAction\",\"target\":[\"https:\\\/\\\/leger360.com\\\/fr\\\/economie-finance-dec-2024\\\/\"]}]},{\"@type\":\"ImageObject\",\"inLanguage\":\"fr-CA\",\"@id\":\"https:\\\/\\\/leger360.com\\\/fr\\\/economie-finance-dec-2024\\\/#primaryimage\",\"url\":\"https:\\\/\\\/leger360.com\\\/wp-content\\\/uploads\\\/2024\\\/08\\\/Canada-Tracker-Leger-No-Logo.jpg\",\"contentUrl\":\"https:\\\/\\\/leger360.com\\\/wp-content\\\/uploads\\\/2024\\\/08\\\/Canada-Tracker-Leger-No-Logo.jpg\",\"width\":1200,\"height\":751},{\"@type\":\"BreadcrumbList\",\"@id\":\"https:\\\/\\\/leger360.com\\\/fr\\\/economie-finance-dec-2024\\\/#breadcrumb\",\"itemListElement\":[{\"@type\":\"ListItem\",\"position\":1,\"name\":\"Home\",\"item\":\"https:\\\/\\\/leger360.com\\\/fr\\\/\"},{\"@type\":\"ListItem\",\"position\":2,\"name\":\"\u00c9conomie et finance: d\u00e9cembre 2024\"}]},{\"@type\":\"WebSite\",\"@id\":\"https:\\\/\\\/leger360.com\\\/fr\\\/#website\",\"url\":\"https:\\\/\\\/leger360.com\\\/fr\\\/\",\"name\":\"Leger\",\"description\":\"Market Research | Data Analytics\",\"publisher\":{\"@id\":\"https:\\\/\\\/leger360.com\\\/fr\\\/#organization\"},\"potentialAction\":[{\"@type\":\"SearchAction\",\"target\":{\"@type\":\"EntryPoint\",\"urlTemplate\":\"https:\\\/\\\/leger360.com\\\/fr\\\/?s={search_term_string}\"},\"query-input\":{\"@type\":\"PropertyValueSpecification\",\"valueRequired\":true,\"valueName\":\"search_term_string\"}}],\"inLanguage\":\"fr-CA\"},{\"@type\":\"Organization\",\"@id\":\"https:\\\/\\\/leger360.com\\\/fr\\\/#organization\",\"name\":\"Leger\",\"url\":\"https:\\\/\\\/leger360.com\\\/fr\\\/\",\"logo\":{\"@type\":\"ImageObject\",\"inLanguage\":\"fr-CA\",\"@id\":\"https:\\\/\\\/leger360.com\\\/fr\\\/#\\\/schema\\\/logo\\\/image\\\/\",\"url\":\"https:\\\/\\\/leger360.com\\\/wp-content\\\/uploads\\\/2024\\\/04\\\/2022-Logo-Leger-Blackred-g.png\",\"contentUrl\":\"https:\\\/\\\/leger360.com\\\/wp-content\\\/uploads\\\/2024\\\/04\\\/2022-Logo-Leger-Blackred-g.png\",\"width\":1195,\"height\":686,\"caption\":\"Leger\"},\"image\":{\"@id\":\"https:\\\/\\\/leger360.com\\\/fr\\\/#\\\/schema\\\/logo\\\/image\\\/\"},\"sameAs\":[\"https:\\\/\\\/www.facebook.com\\\/leger360\\\/\",\"https:\\\/\\\/x.com\\\/leger360\",\"https:\\\/\\\/www.linkedin.com\\\/company\\\/leger360\\\/\"],\"description\":\"Leger is one of North America\u2019s fastest-growing market research companies, known for our forward-thinking experts and innovative approaches powered by artificial intelligence (AI) technologies.\"},{\"@type\":\"Person\",\"@id\":\"https:\\\/\\\/leger360.com\\\/fr\\\/#\\\/schema\\\/person\\\/43248a6d6ede47760313670a4da0171f\",\"name\":\"Jonah Presser\",\"image\":{\"@type\":\"ImageObject\",\"inLanguage\":\"fr-CA\",\"@id\":\"https:\\\/\\\/secure.gravatar.com\\\/avatar\\\/30277f55803097542b5dc864a456580099248f68a36a21609d20a9da700098e3?s=96&d=mm&r=g\",\"url\":\"https:\\\/\\\/secure.gravatar.com\\\/avatar\\\/30277f55803097542b5dc864a456580099248f68a36a21609d20a9da700098e3?s=96&d=mm&r=g\",\"contentUrl\":\"https:\\\/\\\/secure.gravatar.com\\\/avatar\\\/30277f55803097542b5dc864a456580099248f68a36a21609d20a9da700098e3?s=96&d=mm&r=g\",\"caption\":\"Jonah Presser\"}}]}<\/script>\n<!-- \/ Yoast SEO Premium plugin. -->","yoast_head_json":{"title":"\u00c9conomie et finance: d\u00e9cembre 2024 - Leger","description":"T\u00e9l\u00e9chargez le rapport pour comprendre les points de vue des Canadiens et Am\u00e9ricains sur l'\u00e9conomie et leurs finances personnelles","robots":{"index":"index","follow":"follow","max-snippet":"max-snippet:-1","max-image-preview":"max-image-preview:large","max-video-preview":"max-video-preview:-1"},"canonical":"https:\/\/leger360.com\/fr\/economie-finance-dec-2024\/","og_locale":"fr_CA","og_type":"article","og_title":"\u00c9conomie et finance: d\u00e9cembre 2024","og_description":"T\u00e9l\u00e9chargez le rapport pour comprendre les points de vue des Canadiens et Am\u00e9ricains sur l'\u00e9conomie et leurs finances personnelles","og_url":"https:\/\/leger360.com\/fr\/economie-finance-dec-2024\/","og_site_name":"Leger","article_publisher":"https:\/\/www.facebook.com\/leger360\/","article_published_time":"2024-12-09T18:44:29+00:00","article_modified_time":"2024-12-09T18:44:37+00:00","og_image":[{"width":1200,"height":751,"url":"https:\/\/leger360.com\/wp-content\/uploads\/2024\/08\/Canada-Tracker-Leger-No-Logo.jpg","type":"image\/jpeg"}],"author":"Jonah Presser","twitter_card":"summary_large_image","twitter_creator":"@leger360","twitter_site":"@leger360","twitter_misc":{"\u00c9crit par":"Jonah Presser","Estimation du temps de lecture":"3 minutes"},"schema":{"@context":"https:\/\/schema.org","@graph":[{"@type":"Article","@id":"https:\/\/leger360.com\/fr\/economie-finance-dec-2024\/#article","isPartOf":{"@id":"https:\/\/leger360.com\/fr\/economie-finance-dec-2024\/"},"author":{"name":"Jonah Presser","@id":"https:\/\/leger360.com\/fr\/#\/schema\/person\/43248a6d6ede47760313670a4da0171f"},"headline":"\u00c9conomie et finance: d\u00e9cembre 2024","datePublished":"2024-12-09T18:44:29+00:00","dateModified":"2024-12-09T18:44:37+00:00","mainEntityOfPage":{"@id":"https:\/\/leger360.com\/fr\/economie-finance-dec-2024\/"},"wordCount":636,"publisher":{"@id":"https:\/\/leger360.com\/fr\/#organization"},"image":{"@id":"https:\/\/leger360.com\/fr\/economie-finance-dec-2024\/#primaryimage"},"thumbnailUrl":"https:\/\/leger360.com\/wp-content\/uploads\/2024\/08\/Canada-Tracker-Leger-No-Logo.jpg","articleSection":["In the news"],"inLanguage":"fr-CA"},{"@type":"WebPage","@id":"https:\/\/leger360.com\/fr\/economie-finance-dec-2024\/","url":"https:\/\/leger360.com\/fr\/economie-finance-dec-2024\/","name":"\u00c9conomie et finance: d\u00e9cembre 2024 - Leger","isPartOf":{"@id":"https:\/\/leger360.com\/fr\/#website"},"primaryImageOfPage":{"@id":"https:\/\/leger360.com\/fr\/economie-finance-dec-2024\/#primaryimage"},"image":{"@id":"https:\/\/leger360.com\/fr\/economie-finance-dec-2024\/#primaryimage"},"thumbnailUrl":"https:\/\/leger360.com\/wp-content\/uploads\/2024\/08\/Canada-Tracker-Leger-No-Logo.jpg","datePublished":"2024-12-09T18:44:29+00:00","dateModified":"2024-12-09T18:44:37+00:00","description":"T\u00e9l\u00e9chargez le rapport pour comprendre les points de vue des Canadiens et Am\u00e9ricains sur l'\u00e9conomie et leurs finances personnelles","breadcrumb":{"@id":"https:\/\/leger360.com\/fr\/economie-finance-dec-2024\/#breadcrumb"},"inLanguage":"fr-CA","potentialAction":[{"@type":"ReadAction","target":["https:\/\/leger360.com\/fr\/economie-finance-dec-2024\/"]}]},{"@type":"ImageObject","inLanguage":"fr-CA","@id":"https:\/\/leger360.com\/fr\/economie-finance-dec-2024\/#primaryimage","url":"https:\/\/leger360.com\/wp-content\/uploads\/2024\/08\/Canada-Tracker-Leger-No-Logo.jpg","contentUrl":"https:\/\/leger360.com\/wp-content\/uploads\/2024\/08\/Canada-Tracker-Leger-No-Logo.jpg","width":1200,"height":751},{"@type":"BreadcrumbList","@id":"https:\/\/leger360.com\/fr\/economie-finance-dec-2024\/#breadcrumb","itemListElement":[{"@type":"ListItem","position":1,"name":"Home","item":"https:\/\/leger360.com\/fr\/"},{"@type":"ListItem","position":2,"name":"\u00c9conomie et finance: d\u00e9cembre 2024"}]},{"@type":"WebSite","@id":"https:\/\/leger360.com\/fr\/#website","url":"https:\/\/leger360.com\/fr\/","name":"Leger","description":"Market Research | Data Analytics","publisher":{"@id":"https:\/\/leger360.com\/fr\/#organization"},"potentialAction":[{"@type":"SearchAction","target":{"@type":"EntryPoint","urlTemplate":"https:\/\/leger360.com\/fr\/?s={search_term_string}"},"query-input":{"@type":"PropertyValueSpecification","valueRequired":true,"valueName":"search_term_string"}}],"inLanguage":"fr-CA"},{"@type":"Organization","@id":"https:\/\/leger360.com\/fr\/#organization","name":"Leger","url":"https:\/\/leger360.com\/fr\/","logo":{"@type":"ImageObject","inLanguage":"fr-CA","@id":"https:\/\/leger360.com\/fr\/#\/schema\/logo\/image\/","url":"https:\/\/leger360.com\/wp-content\/uploads\/2024\/04\/2022-Logo-Leger-Blackred-g.png","contentUrl":"https:\/\/leger360.com\/wp-content\/uploads\/2024\/04\/2022-Logo-Leger-Blackred-g.png","width":1195,"height":686,"caption":"Leger"},"image":{"@id":"https:\/\/leger360.com\/fr\/#\/schema\/logo\/image\/"},"sameAs":["https:\/\/www.facebook.com\/leger360\/","https:\/\/x.com\/leger360","https:\/\/www.linkedin.com\/company\/leger360\/"],"description":"Leger is one of North America\u2019s fastest-growing market research companies, known for our forward-thinking experts and innovative approaches powered by artificial intelligence (AI) technologies."},{"@type":"Person","@id":"https:\/\/leger360.com\/fr\/#\/schema\/person\/43248a6d6ede47760313670a4da0171f","name":"Jonah Presser","image":{"@type":"ImageObject","inLanguage":"fr-CA","@id":"https:\/\/secure.gravatar.com\/avatar\/30277f55803097542b5dc864a456580099248f68a36a21609d20a9da700098e3?s=96&d=mm&r=g","url":"https:\/\/secure.gravatar.com\/avatar\/30277f55803097542b5dc864a456580099248f68a36a21609d20a9da700098e3?s=96&d=mm&r=g","contentUrl":"https:\/\/secure.gravatar.com\/avatar\/30277f55803097542b5dc864a456580099248f68a36a21609d20a9da700098e3?s=96&d=mm&r=g","caption":"Jonah Presser"}}]}},"_links":{"self":[{"href":"https:\/\/leger360.com\/fr\/wp-json\/wp\/v2\/posts\/22610","targetHints":{"allow":["GET"]}}],"collection":[{"href":"https:\/\/leger360.com\/fr\/wp-json\/wp\/v2\/posts"}],"about":[{"href":"https:\/\/leger360.com\/fr\/wp-json\/wp\/v2\/types\/post"}],"author":[{"embeddable":true,"href":"https:\/\/leger360.com\/fr\/wp-json\/wp\/v2\/users\/13"}],"replies":[{"embeddable":true,"href":"https:\/\/leger360.com\/fr\/wp-json\/wp\/v2\/comments?post=22610"}],"version-history":[{"count":0,"href":"https:\/\/leger360.com\/fr\/wp-json\/wp\/v2\/posts\/22610\/revisions"}],"wp:featuredmedia":[{"embeddable":true,"href":"https:\/\/leger360.com\/fr\/wp-json\/wp\/v2\/media\/21913"}],"wp:attachment":[{"href":"https:\/\/leger360.com\/fr\/wp-json\/wp\/v2\/media?parent=22610"}],"wp:term":[{"taxonomy":"category","embeddable":true,"href":"https:\/\/leger360.com\/fr\/wp-json\/wp\/v2\/categories?post=22610"},{"taxonomy":"post_tag","embeddable":true,"href":"https:\/\/leger360.com\/fr\/wp-json\/wp\/v2\/tags?post=22610"},{"taxonomy":"post_language_cat","embeddable":true,"href":"https:\/\/leger360.com\/fr\/wp-json\/wp\/v2\/post_language_cat?post=22610"}],"curies":[{"name":"wp","href":"https:\/\/api.w.org\/{rel}","templated":true}]}}