{"id":23230,"date":"2025-03-05T14:13:17","date_gmt":"2025-03-05T19:13:17","guid":{"rendered":"https:\/\/leger360.com\/?p=23230"},"modified":"2025-06-26T15:29:06","modified_gmt":"2025-06-26T19:29:06","slug":"dernieres-nouvelles-tracking-tarifs-de-trump-3-mars","status":"publish","type":"post","link":"https:\/\/leger360.com\/fr\/dernieres-nouvelles-tracking-tarifs-de-trump-3-mars\/","title":{"rendered":"Tarifs douaniers : 82% des Canadiens pr\u00e9occup\u00e9s par la situation"},"content":{"rendered":"<p>[et_pb_section fb_built=\u00a0\u00bb1&Prime; _builder_version=\u00a0\u00bb4.27.4&Prime; _module_preset=\u00a0\u00bbdefault\u00a0\u00bb global_colors_info=\u00a0\u00bb{}\u00a0\u00bb][et_pb_row _builder_version=\u00a0\u00bb4.27.4&Prime; _module_preset=\u00a0\u00bbdefault\u00a0\u00bb global_colors_info=\u00a0\u00bb{}\u00a0\u00bb][et_pb_column type=\u00a0\u00bb4_4&Prime; _builder_version=\u00a0\u00bb4.27.4&Prime; _module_preset=\u00a0\u00bbdefault\u00a0\u00bb global_colors_info=\u00a0\u00bb{}\u00a0\u00bb][et_pb_text _builder_version=\u00a0\u00bb4.27.4&Prime; _module_preset=\u00a0\u00bbdefault\u00a0\u00bb global_colors_info=\u00a0\u00bb{}\u00a0\u00bb]<\/p>\n<p>Chaque semaine durant cette p\u00e9riode tumultueuse, nous menons un sondage aupr\u00e8s des Canadiens et des Am\u00e9ricains afin d\u2019explorer leurs perceptions de l\u2019\u00e9conomie et de leurs finances en lien avec les Tarifs Douaniers Trump.<\/p>\n<p>[\/et_pb_text][et_pb_image src=\u00a0\u00bbhttp<\/p>\n<p>s:\/\/leger360.com\/wp-content\/uploads\/2024\/12\/US-x-Canada-No-Leger-Logo-1.jpg\u00a0\u00bb title_text=\u00a0\u00bbUS x Canada &#8211; No Leger Logo 1&Prime; url=\u00a0\u00bb@ET-DC@eyJkeW5hbWljIjp0cnVlLCJjb250ZW50IjoicG9zdF9saW5rX3VybF9hdHRhY2htZW50Iiwic2V0dGluZ3MiOnsicG9zdF9pZCI6IjIzMjMzIn19@\u00a0\u00bb _builder_version=\u00a0\u00bb4.27.4&Prime; _dynamic_attributes=\u00a0\u00bburl\u00a0\u00bb _module_preset=\u00a0\u00bbdefault\u00a0\u00bb hover_enabled=\u00a0\u00bb0&Prime; global_colors_info=\u00a0\u00bb{}\u00a0\u00bb sticky_enabled=\u00a0\u00bb0&Prime;][\/et_pb_image][et_pb_button button_url=\u00a0\u00bb@ET-DC@eyJkeW5hbWljIjp0cnVlLCJjb250ZW50IjoicG9zdF9saW5rX3VybF9hdHRhY2htZW50Iiwic2V0dGluZ3MiOnsicG9zdF9pZCI6IjIzMjMzIn19@\u00a0\u00bb button_text=\u00a0\u00bbT\u00e9l\u00e9chargez le rapport pour en apprendre plus\u00a0\u00bb button_alignment=\u00a0\u00bbcenter\u00a0\u00bb _builder_version=\u00a0\u00bb4.27.4&Prime; _dynamic_attributes=\u00a0\u00bbbutton_url\u00a0\u00bb _module_preset=\u00a0\u00bbdefault\u00a0\u00bb hover_enabled=\u00a0\u00bb0&Prime; global_colors_info=\u00a0\u00bb{}\u00a0\u00bb sticky_enabled=\u00a0\u00bb0&Prime;][\/et_pb_button][et_pb_text _builder_version=\u00a0\u00bb4.27.4&Prime; _module_preset=\u00a0\u00bbdefault\u00a0\u00bb global_colors_info=\u00a0\u00bb{}\u00a0\u00bb]<\/p>\n<h2>Voici quelques <b>faits saillants <\/b>de notre sondage&#8230;<\/h2>\n<ul>\n<li><b>La majorit\u00e9 des Canadiens (82 %) sont pr\u00e9occup\u00e9s par le fait que le pr\u00e9sident Trump puisse utiliser des mesures telles que les tarifs et les sanctions commerciales pour pousser le Canada vers une relation \u00e9conomique plus \u00e9troite et plus formelle avec les \u00c9tats-Unis. <\/b>En r\u00e9ponse, 70 % soutiennent une politique o\u00f9 le gouvernement du Canada r\u00e9pliquerait dollar pour dollar les tarifs impos\u00e9s par les \u00c9tats-Unis. Le soutien est plus \u00e9lev\u00e9 chez les \u00e9lecteurs lib\u00e9raux (89 %).<\/li>\n<li><b>En revanche, un peu <\/b><b>moins<\/b><b> du<\/b><b> tiers (31 %) des Am\u00e9ricains sont favorables \u00e0 l\u2019imposition de tarifs sur les produits import\u00e9s du Canada par l\u2019administration Trump, et la moiti\u00e9 (51 %) estime que cela aura un impact n\u00e9gatif sur l\u2019\u00e9conomie des \u00c9tats-Unis. <\/b>De moins en moins d\u2019Am\u00e9ricains (34%) sont en faveur de l\u2019imposition de tarifs sur les produits du Mexique, une baisse de 5 points depuis la semaine derni\u00e8re (39%).<\/li>\n<li><b>Les deux tiers des Canadiens ont r\u00e9duit leurs achats de produits am\u00e9ricains, tant en magasin (67 %) qu\u2019en ligne (63 %). De plus, 70\u00a0% d\u00e9clarent avoir augment\u00e9 leurs achats de produits fabriqu\u00e9s au Canada.<\/b><\/li>\n<li><b>Plus de huit Canadiens sur dix (81 %) estiment que les prix \u00e0 la consommation ont augment\u00e9 au cours des derni\u00e8res semaines, <\/b>soit une baisse de 3 points depuis la semaine derni\u00e8re.<\/li>\n<li><b>Les Canadiens ont des opinions partag\u00e9es sur les \u00c9tats-Unis : 30 % les consid\u00e8rent comme un ennemi, 31 % comme un alli\u00e9 et 24 % comme un pays neutre. Les \u00e9lecteurs conservateurs sont plus susceptibles de voir les \u00c9tats-Unis comme un alli\u00e9 (49 %). <\/b>D\u2019un autre c\u00f4t\u00e9, une majorit\u00e9 d&rsquo;Am\u00e9ricains (60 %) consid\u00e8rent le Canada comme un alli\u00e9.<\/li>\n<li><b>Deux tiers des Canadiens consid\u00e8rent que leurs finances personnelles sont en bonne sant\u00e9 (66 %), avec 10 % les jugeant tr\u00e8s bonnes et 56 % bonnes. <\/b>En comparaison, 53 % des Am\u00e9ricains estiment que leurs finances sont bonnes.<\/li>\n<li><b>39 % des Canadiens actuellement employ\u00e9s craignent de perdre leur emploi au cours des 12 prochains mois. <\/b>Cette proportion grimpe \u00e0 45% chez les Am\u00e9ricains.<\/li>\n<li><b>De plus, 44 % des Canadiens d\u00e9clarent vivre d\u2019un ch\u00e8que de paie \u00e0 l\u2019autre. <\/b>Cette proportion est encore plus \u00e9lev\u00e9e chez les Am\u00e9ricains, avec 57 % des r\u00e9pondants affirmant \u00eatre dans cette situation.\n<p><b><\/b><\/li>\n<li><b>La moiti\u00e9 des Canadiens (54 %) pensent que le pays est en r\u00e9cession \u00e9conomique, une augmentation de 1 point depuis la semaine derni\u00e8re. <\/b>Cette proportion est similaire aux \u00c9tats-Unis (52 %).<\/li>\n<\/ul>\n<p>[\/et_pb_text][et_pb_text _builder_version=\u00a0\u00bb4.27.4&Prime; _module_preset=\u00a0\u00bbdefault\u00a0\u00bb global_colors_info=\u00a0\u00bb{}\u00a0\u00bb]<\/p>\n<h2>M\u00e9thodologie<\/h2>\n<p><span>Ce sondage web sur l\u2019\u00e9conomie a \u00e9t\u00e9 r\u00e9alis\u00e9 du 28 f\u00e9vrier au 2 mars 2025 aupr\u00e8s de 1 548 Canadiens, et 1 002 Am\u00e9ricains \u00e2g\u00e9s de 18 ans ou plus, le recrutement ayant \u00e9t\u00e9 effectu\u00e9 al\u00e9atoirement \u00e0 partir du panel en ligne LEO. Une marge d\u2019erreur ne peut pas \u00eatre associ\u00e9e \u00e0 un \u00e9chantillon non probabiliste dans le cadre d\u2019un sondage par panel. \u00c0 des fins de comparaison, un \u00e9chantillon probabiliste de cette taille aurait une marge d\u2019erreur d\u2019au plus \u00b12,50%, (19 fois sur 20) pour l\u2019\u00e9chantillon canadien et \u00b13,10%, (19 fois sur 20) pour l\u2019\u00e9chantillon am\u00e9ricain.<\/span><\/p>\n<p>[\/et_pb_text][\/et_pb_column][\/et_pb_row][\/et_pb_section]<\/p>\n","protected":false},"excerpt":{"rendered":"<p>Chaque semaine durant cette p\u00e9riode tumultueuse, nous menons un sondage aupr\u00e8s des Canadiens et des Am\u00e9ricains afin d\u2019explorer leurs perceptions de l\u2019\u00e9conomie et de leurs finances en lien avec les Tarifs Douaniers Trump. Voici quelques faits saillants de notre sondage&#8230; La majorit\u00e9 des Canadiens (82 %) sont pr\u00e9occup\u00e9s par le fait que le pr\u00e9sident Trump puisse utiliser des mesures telles que les tarifs et les sanctions commerciales pour pousser le Canada vers une relation \u00e9conomique plus \u00e9troite et plus formelle avec les \u00c9tats-Unis. En r\u00e9ponse, 70 % soutiennent une politique o\u00f9 le gouvernement du Canada r\u00e9pliquerait dollar pour dollar les tarifs impos\u00e9s par les \u00c9tats-Unis. Le soutien est plus \u00e9lev\u00e9 chez les \u00e9lecteurs lib\u00e9raux (89 %). En revanche, un peu moins du tiers (31 %) des Am\u00e9ricains sont favorables \u00e0 l\u2019imposition de tarifs sur les produits import\u00e9s du Canada par l\u2019administration Trump, et la moiti\u00e9 (51 %) estime que cela aura un impact n\u00e9gatif sur l\u2019\u00e9conomie des \u00c9tats-Unis. De moins en moins d\u2019Am\u00e9ricains (34%) sont en faveur de l\u2019imposition de tarifs sur les produits du Mexique, une baisse de 5 points depuis la semaine derni\u00e8re (39%). Les deux tiers des Canadiens ont r\u00e9duit leurs achats de produits am\u00e9ricains, tant en [&hellip;]<\/p>\n","protected":false},"author":13,"featured_media":22653,"comment_status":"closed","ping_status":"closed","sticky":false,"template":"","format":"standard","meta":{"_acf_changed":false,"_et_pb_use_builder":"on","_et_pb_old_content":"","_et_gb_content_width":"","content-type":"","inline_featured_image":false,"footnotes":""},"categories":[35],"tags":[],"post_language_cat":[42],"class_list":["post-23230","post","type-post","status-publish","format-standard","has-post-thumbnail","hentry","category-in-the-news","post_language_cat-fr-in-the-news"],"acf":[],"yoast_head":"<!-- This site is optimized with the Yoast SEO Premium plugin v27.4 (Yoast SEO v27.4) - https:\/\/yoast.com\/product\/yoast-seo-premium-wordpress\/ -->\n<title>Tarifs douaniers : 82% des Canadiens pr\u00e9occup\u00e9s par la situation - Leger<\/title>\n<meta name=\"description\" content=\"Tracker Tarifs Trump : ce sondage hebdomadaire men\u00e9 aupr\u00e8s de la population canadienne permet d&#039;avoir un aper\u00e7u de leur perception de l&#039;\u00e9conomie et de leurs finances personnelles.\" \/>\n<meta name=\"robots\" content=\"index, follow, max-snippet:-1, max-image-preview:large, max-video-preview:-1\" \/>\n<link rel=\"canonical\" href=\"https:\/\/leger360.com\/fr\/dernieres-nouvelles-tracking-tarifs-de-trump-3-mars\/\" \/>\n<meta property=\"og:locale\" content=\"fr_CA\" \/>\n<meta property=\"og:type\" content=\"article\" \/>\n<meta property=\"og:title\" content=\"Tarifs douaniers : 82% des Canadiens pr\u00e9occup\u00e9s par la situation\" \/>\n<meta property=\"og:description\" content=\"Tracker Tarifs Trump : ce sondage hebdomadaire men\u00e9 aupr\u00e8s de la population canadienne permet d&#039;avoir un aper\u00e7u de leur perception de l&#039;\u00e9conomie et de leurs finances personnelles.\" \/>\n<meta property=\"og:url\" content=\"https:\/\/leger360.com\/fr\/dernieres-nouvelles-tracking-tarifs-de-trump-3-mars\/\" \/>\n<meta property=\"og:site_name\" content=\"Leger\" \/>\n<meta property=\"article:publisher\" content=\"https:\/\/www.facebook.com\/leger360\/\" \/>\n<meta property=\"article:published_time\" content=\"2025-03-05T19:13:17+00:00\" \/>\n<meta property=\"article:modified_time\" content=\"2025-06-26T19:29:06+00:00\" \/>\n<meta property=\"og:image\" content=\"https:\/\/leger360.com\/wp-content\/uploads\/2024\/12\/US-x-Canada-No-Leger-Logo-1.jpg\" \/>\n\t<meta property=\"og:image:width\" content=\"1200\" \/>\n\t<meta property=\"og:image:height\" content=\"751\" \/>\n\t<meta property=\"og:image:type\" content=\"image\/jpeg\" \/>\n<meta name=\"author\" content=\"Jonah Presser\" \/>\n<meta name=\"twitter:card\" content=\"summary_large_image\" \/>\n<meta name=\"twitter:creator\" content=\"@leger360\" \/>\n<meta name=\"twitter:site\" content=\"@leger360\" \/>\n<meta name=\"twitter:label1\" content=\"\u00c9crit par\" \/>\n\t<meta name=\"twitter:data1\" content=\"Jonah Presser\" \/>\n\t<meta name=\"twitter:label2\" content=\"Estimation du temps de lecture\" \/>\n\t<meta name=\"twitter:data2\" content=\"4 minutes\" \/>\n<script type=\"application\/ld+json\" class=\"yoast-schema-graph\">{\"@context\":\"https:\\\/\\\/schema.org\",\"@graph\":[{\"@type\":\"Article\",\"@id\":\"https:\\\/\\\/leger360.com\\\/fr\\\/dernieres-nouvelles-tracking-tarifs-de-trump-3-mars\\\/#article\",\"isPartOf\":{\"@id\":\"https:\\\/\\\/leger360.com\\\/fr\\\/dernieres-nouvelles-tracking-tarifs-de-trump-3-mars\\\/\"},\"author\":{\"name\":\"Jonah Presser\",\"@id\":\"https:\\\/\\\/leger360.com\\\/fr\\\/#\\\/schema\\\/person\\\/43248a6d6ede47760313670a4da0171f\"},\"headline\":\"Tarifs douaniers : 82% des Canadiens pr\u00e9occup\u00e9s par la situation\",\"datePublished\":\"2025-03-05T19:13:17+00:00\",\"dateModified\":\"2025-06-26T19:29:06+00:00\",\"mainEntityOfPage\":{\"@id\":\"https:\\\/\\\/leger360.com\\\/fr\\\/dernieres-nouvelles-tracking-tarifs-de-trump-3-mars\\\/\"},\"wordCount\":740,\"publisher\":{\"@id\":\"https:\\\/\\\/leger360.com\\\/fr\\\/#organization\"},\"image\":{\"@id\":\"https:\\\/\\\/leger360.com\\\/fr\\\/dernieres-nouvelles-tracking-tarifs-de-trump-3-mars\\\/#primaryimage\"},\"thumbnailUrl\":\"https:\\\/\\\/leger360.com\\\/wp-content\\\/uploads\\\/2024\\\/12\\\/US-x-Canada-No-Leger-Logo-1.jpg\",\"articleSection\":[\"In the news\"],\"inLanguage\":\"fr-CA\"},{\"@type\":\"WebPage\",\"@id\":\"https:\\\/\\\/leger360.com\\\/fr\\\/dernieres-nouvelles-tracking-tarifs-de-trump-3-mars\\\/\",\"url\":\"https:\\\/\\\/leger360.com\\\/fr\\\/dernieres-nouvelles-tracking-tarifs-de-trump-3-mars\\\/\",\"name\":\"Tarifs douaniers : 82% des Canadiens pr\u00e9occup\u00e9s par la situation - Leger\",\"isPartOf\":{\"@id\":\"https:\\\/\\\/leger360.com\\\/fr\\\/#website\"},\"primaryImageOfPage\":{\"@id\":\"https:\\\/\\\/leger360.com\\\/fr\\\/dernieres-nouvelles-tracking-tarifs-de-trump-3-mars\\\/#primaryimage\"},\"image\":{\"@id\":\"https:\\\/\\\/leger360.com\\\/fr\\\/dernieres-nouvelles-tracking-tarifs-de-trump-3-mars\\\/#primaryimage\"},\"thumbnailUrl\":\"https:\\\/\\\/leger360.com\\\/wp-content\\\/uploads\\\/2024\\\/12\\\/US-x-Canada-No-Leger-Logo-1.jpg\",\"datePublished\":\"2025-03-05T19:13:17+00:00\",\"dateModified\":\"2025-06-26T19:29:06+00:00\",\"description\":\"Tracker Tarifs Trump : ce sondage hebdomadaire men\u00e9 aupr\u00e8s de la population canadienne permet d'avoir un aper\u00e7u de leur perception de l'\u00e9conomie et de leurs finances personnelles.\",\"breadcrumb\":{\"@id\":\"https:\\\/\\\/leger360.com\\\/fr\\\/dernieres-nouvelles-tracking-tarifs-de-trump-3-mars\\\/#breadcrumb\"},\"inLanguage\":\"fr-CA\",\"potentialAction\":[{\"@type\":\"ReadAction\",\"target\":[\"https:\\\/\\\/leger360.com\\\/fr\\\/dernieres-nouvelles-tracking-tarifs-de-trump-3-mars\\\/\"]}]},{\"@type\":\"ImageObject\",\"inLanguage\":\"fr-CA\",\"@id\":\"https:\\\/\\\/leger360.com\\\/fr\\\/dernieres-nouvelles-tracking-tarifs-de-trump-3-mars\\\/#primaryimage\",\"url\":\"https:\\\/\\\/leger360.com\\\/wp-content\\\/uploads\\\/2024\\\/12\\\/US-x-Canada-No-Leger-Logo-1.jpg\",\"contentUrl\":\"https:\\\/\\\/leger360.com\\\/wp-content\\\/uploads\\\/2024\\\/12\\\/US-x-Canada-No-Leger-Logo-1.jpg\",\"width\":1200,\"height\":751},{\"@type\":\"BreadcrumbList\",\"@id\":\"https:\\\/\\\/leger360.com\\\/fr\\\/dernieres-nouvelles-tracking-tarifs-de-trump-3-mars\\\/#breadcrumb\",\"itemListElement\":[{\"@type\":\"ListItem\",\"position\":1,\"name\":\"Home\",\"item\":\"https:\\\/\\\/leger360.com\\\/fr\\\/\"},{\"@type\":\"ListItem\",\"position\":2,\"name\":\"Tarifs douaniers : 82% des Canadiens pr\u00e9occup\u00e9s par la situation\"}]},{\"@type\":\"WebSite\",\"@id\":\"https:\\\/\\\/leger360.com\\\/fr\\\/#website\",\"url\":\"https:\\\/\\\/leger360.com\\\/fr\\\/\",\"name\":\"Leger\",\"description\":\"Market Research | Data Analytics\",\"publisher\":{\"@id\":\"https:\\\/\\\/leger360.com\\\/fr\\\/#organization\"},\"potentialAction\":[{\"@type\":\"SearchAction\",\"target\":{\"@type\":\"EntryPoint\",\"urlTemplate\":\"https:\\\/\\\/leger360.com\\\/fr\\\/?s={search_term_string}\"},\"query-input\":{\"@type\":\"PropertyValueSpecification\",\"valueRequired\":true,\"valueName\":\"search_term_string\"}}],\"inLanguage\":\"fr-CA\"},{\"@type\":\"Organization\",\"@id\":\"https:\\\/\\\/leger360.com\\\/fr\\\/#organization\",\"name\":\"Leger\",\"url\":\"https:\\\/\\\/leger360.com\\\/fr\\\/\",\"logo\":{\"@type\":\"ImageObject\",\"inLanguage\":\"fr-CA\",\"@id\":\"https:\\\/\\\/leger360.com\\\/fr\\\/#\\\/schema\\\/logo\\\/image\\\/\",\"url\":\"https:\\\/\\\/leger360.com\\\/wp-content\\\/uploads\\\/2024\\\/04\\\/2022-Logo-Leger-Blackred-g.png\",\"contentUrl\":\"https:\\\/\\\/leger360.com\\\/wp-content\\\/uploads\\\/2024\\\/04\\\/2022-Logo-Leger-Blackred-g.png\",\"width\":1195,\"height\":686,\"caption\":\"Leger\"},\"image\":{\"@id\":\"https:\\\/\\\/leger360.com\\\/fr\\\/#\\\/schema\\\/logo\\\/image\\\/\"},\"sameAs\":[\"https:\\\/\\\/www.facebook.com\\\/leger360\\\/\",\"https:\\\/\\\/x.com\\\/leger360\",\"https:\\\/\\\/www.linkedin.com\\\/company\\\/leger360\\\/\"],\"description\":\"Leger is one of North America\u2019s fastest-growing market research companies, known for our forward-thinking experts and innovative approaches powered by artificial intelligence (AI) technologies.\"},{\"@type\":\"Person\",\"@id\":\"https:\\\/\\\/leger360.com\\\/fr\\\/#\\\/schema\\\/person\\\/43248a6d6ede47760313670a4da0171f\",\"name\":\"Jonah Presser\",\"image\":{\"@type\":\"ImageObject\",\"inLanguage\":\"fr-CA\",\"@id\":\"https:\\\/\\\/secure.gravatar.com\\\/avatar\\\/30277f55803097542b5dc864a456580099248f68a36a21609d20a9da700098e3?s=96&d=mm&r=g\",\"url\":\"https:\\\/\\\/secure.gravatar.com\\\/avatar\\\/30277f55803097542b5dc864a456580099248f68a36a21609d20a9da700098e3?s=96&d=mm&r=g\",\"contentUrl\":\"https:\\\/\\\/secure.gravatar.com\\\/avatar\\\/30277f55803097542b5dc864a456580099248f68a36a21609d20a9da700098e3?s=96&d=mm&r=g\",\"caption\":\"Jonah Presser\"}}]}<\/script>\n<!-- \/ Yoast SEO Premium plugin. -->","yoast_head_json":{"title":"Tarifs douaniers : 82% des Canadiens pr\u00e9occup\u00e9s par la situation - Leger","description":"Tracker Tarifs Trump : ce sondage hebdomadaire men\u00e9 aupr\u00e8s de la population canadienne permet d'avoir un aper\u00e7u de leur perception de l'\u00e9conomie et de leurs finances personnelles.","robots":{"index":"index","follow":"follow","max-snippet":"max-snippet:-1","max-image-preview":"max-image-preview:large","max-video-preview":"max-video-preview:-1"},"canonical":"https:\/\/leger360.com\/fr\/dernieres-nouvelles-tracking-tarifs-de-trump-3-mars\/","og_locale":"fr_CA","og_type":"article","og_title":"Tarifs douaniers : 82% des Canadiens pr\u00e9occup\u00e9s par la situation","og_description":"Tracker Tarifs Trump : ce sondage hebdomadaire men\u00e9 aupr\u00e8s de la population canadienne permet d'avoir un aper\u00e7u de leur perception de l'\u00e9conomie et de leurs finances personnelles.","og_url":"https:\/\/leger360.com\/fr\/dernieres-nouvelles-tracking-tarifs-de-trump-3-mars\/","og_site_name":"Leger","article_publisher":"https:\/\/www.facebook.com\/leger360\/","article_published_time":"2025-03-05T19:13:17+00:00","article_modified_time":"2025-06-26T19:29:06+00:00","og_image":[{"width":1200,"height":751,"url":"https:\/\/leger360.com\/wp-content\/uploads\/2024\/12\/US-x-Canada-No-Leger-Logo-1.jpg","type":"image\/jpeg"}],"author":"Jonah Presser","twitter_card":"summary_large_image","twitter_creator":"@leger360","twitter_site":"@leger360","twitter_misc":{"\u00c9crit par":"Jonah Presser","Estimation du temps de lecture":"4 minutes"},"schema":{"@context":"https:\/\/schema.org","@graph":[{"@type":"Article","@id":"https:\/\/leger360.com\/fr\/dernieres-nouvelles-tracking-tarifs-de-trump-3-mars\/#article","isPartOf":{"@id":"https:\/\/leger360.com\/fr\/dernieres-nouvelles-tracking-tarifs-de-trump-3-mars\/"},"author":{"name":"Jonah Presser","@id":"https:\/\/leger360.com\/fr\/#\/schema\/person\/43248a6d6ede47760313670a4da0171f"},"headline":"Tarifs douaniers : 82% des Canadiens pr\u00e9occup\u00e9s par la situation","datePublished":"2025-03-05T19:13:17+00:00","dateModified":"2025-06-26T19:29:06+00:00","mainEntityOfPage":{"@id":"https:\/\/leger360.com\/fr\/dernieres-nouvelles-tracking-tarifs-de-trump-3-mars\/"},"wordCount":740,"publisher":{"@id":"https:\/\/leger360.com\/fr\/#organization"},"image":{"@id":"https:\/\/leger360.com\/fr\/dernieres-nouvelles-tracking-tarifs-de-trump-3-mars\/#primaryimage"},"thumbnailUrl":"https:\/\/leger360.com\/wp-content\/uploads\/2024\/12\/US-x-Canada-No-Leger-Logo-1.jpg","articleSection":["In the news"],"inLanguage":"fr-CA"},{"@type":"WebPage","@id":"https:\/\/leger360.com\/fr\/dernieres-nouvelles-tracking-tarifs-de-trump-3-mars\/","url":"https:\/\/leger360.com\/fr\/dernieres-nouvelles-tracking-tarifs-de-trump-3-mars\/","name":"Tarifs douaniers : 82% des Canadiens pr\u00e9occup\u00e9s par la situation - Leger","isPartOf":{"@id":"https:\/\/leger360.com\/fr\/#website"},"primaryImageOfPage":{"@id":"https:\/\/leger360.com\/fr\/dernieres-nouvelles-tracking-tarifs-de-trump-3-mars\/#primaryimage"},"image":{"@id":"https:\/\/leger360.com\/fr\/dernieres-nouvelles-tracking-tarifs-de-trump-3-mars\/#primaryimage"},"thumbnailUrl":"https:\/\/leger360.com\/wp-content\/uploads\/2024\/12\/US-x-Canada-No-Leger-Logo-1.jpg","datePublished":"2025-03-05T19:13:17+00:00","dateModified":"2025-06-26T19:29:06+00:00","description":"Tracker Tarifs Trump : ce sondage hebdomadaire men\u00e9 aupr\u00e8s de la population canadienne permet d'avoir un aper\u00e7u de leur perception de l'\u00e9conomie et de leurs finances personnelles.","breadcrumb":{"@id":"https:\/\/leger360.com\/fr\/dernieres-nouvelles-tracking-tarifs-de-trump-3-mars\/#breadcrumb"},"inLanguage":"fr-CA","potentialAction":[{"@type":"ReadAction","target":["https:\/\/leger360.com\/fr\/dernieres-nouvelles-tracking-tarifs-de-trump-3-mars\/"]}]},{"@type":"ImageObject","inLanguage":"fr-CA","@id":"https:\/\/leger360.com\/fr\/dernieres-nouvelles-tracking-tarifs-de-trump-3-mars\/#primaryimage","url":"https:\/\/leger360.com\/wp-content\/uploads\/2024\/12\/US-x-Canada-No-Leger-Logo-1.jpg","contentUrl":"https:\/\/leger360.com\/wp-content\/uploads\/2024\/12\/US-x-Canada-No-Leger-Logo-1.jpg","width":1200,"height":751},{"@type":"BreadcrumbList","@id":"https:\/\/leger360.com\/fr\/dernieres-nouvelles-tracking-tarifs-de-trump-3-mars\/#breadcrumb","itemListElement":[{"@type":"ListItem","position":1,"name":"Home","item":"https:\/\/leger360.com\/fr\/"},{"@type":"ListItem","position":2,"name":"Tarifs douaniers : 82% des Canadiens pr\u00e9occup\u00e9s par la situation"}]},{"@type":"WebSite","@id":"https:\/\/leger360.com\/fr\/#website","url":"https:\/\/leger360.com\/fr\/","name":"Leger","description":"Market Research | Data Analytics","publisher":{"@id":"https:\/\/leger360.com\/fr\/#organization"},"potentialAction":[{"@type":"SearchAction","target":{"@type":"EntryPoint","urlTemplate":"https:\/\/leger360.com\/fr\/?s={search_term_string}"},"query-input":{"@type":"PropertyValueSpecification","valueRequired":true,"valueName":"search_term_string"}}],"inLanguage":"fr-CA"},{"@type":"Organization","@id":"https:\/\/leger360.com\/fr\/#organization","name":"Leger","url":"https:\/\/leger360.com\/fr\/","logo":{"@type":"ImageObject","inLanguage":"fr-CA","@id":"https:\/\/leger360.com\/fr\/#\/schema\/logo\/image\/","url":"https:\/\/leger360.com\/wp-content\/uploads\/2024\/04\/2022-Logo-Leger-Blackred-g.png","contentUrl":"https:\/\/leger360.com\/wp-content\/uploads\/2024\/04\/2022-Logo-Leger-Blackred-g.png","width":1195,"height":686,"caption":"Leger"},"image":{"@id":"https:\/\/leger360.com\/fr\/#\/schema\/logo\/image\/"},"sameAs":["https:\/\/www.facebook.com\/leger360\/","https:\/\/x.com\/leger360","https:\/\/www.linkedin.com\/company\/leger360\/"],"description":"Leger is one of North America\u2019s fastest-growing market research companies, known for our forward-thinking experts and innovative approaches powered by artificial intelligence (AI) technologies."},{"@type":"Person","@id":"https:\/\/leger360.com\/fr\/#\/schema\/person\/43248a6d6ede47760313670a4da0171f","name":"Jonah Presser","image":{"@type":"ImageObject","inLanguage":"fr-CA","@id":"https:\/\/secure.gravatar.com\/avatar\/30277f55803097542b5dc864a456580099248f68a36a21609d20a9da700098e3?s=96&d=mm&r=g","url":"https:\/\/secure.gravatar.com\/avatar\/30277f55803097542b5dc864a456580099248f68a36a21609d20a9da700098e3?s=96&d=mm&r=g","contentUrl":"https:\/\/secure.gravatar.com\/avatar\/30277f55803097542b5dc864a456580099248f68a36a21609d20a9da700098e3?s=96&d=mm&r=g","caption":"Jonah Presser"}}]}},"_links":{"self":[{"href":"https:\/\/leger360.com\/fr\/wp-json\/wp\/v2\/posts\/23230","targetHints":{"allow":["GET"]}}],"collection":[{"href":"https:\/\/leger360.com\/fr\/wp-json\/wp\/v2\/posts"}],"about":[{"href":"https:\/\/leger360.com\/fr\/wp-json\/wp\/v2\/types\/post"}],"author":[{"embeddable":true,"href":"https:\/\/leger360.com\/fr\/wp-json\/wp\/v2\/users\/13"}],"replies":[{"embeddable":true,"href":"https:\/\/leger360.com\/fr\/wp-json\/wp\/v2\/comments?post=23230"}],"version-history":[{"count":0,"href":"https:\/\/leger360.com\/fr\/wp-json\/wp\/v2\/posts\/23230\/revisions"}],"wp:featuredmedia":[{"embeddable":true,"href":"https:\/\/leger360.com\/fr\/wp-json\/wp\/v2\/media\/22653"}],"wp:attachment":[{"href":"https:\/\/leger360.com\/fr\/wp-json\/wp\/v2\/media?parent=23230"}],"wp:term":[{"taxonomy":"category","embeddable":true,"href":"https:\/\/leger360.com\/fr\/wp-json\/wp\/v2\/categories?post=23230"},{"taxonomy":"post_tag","embeddable":true,"href":"https:\/\/leger360.com\/fr\/wp-json\/wp\/v2\/tags?post=23230"},{"taxonomy":"post_language_cat","embeddable":true,"href":"https:\/\/leger360.com\/fr\/wp-json\/wp\/v2\/post_language_cat?post=23230"}],"curies":[{"name":"wp","href":"https:\/\/api.w.org\/{rel}","templated":true}]}}