{"id":23301,"date":"2025-03-13T08:00:00","date_gmt":"2025-03-13T12:00:00","guid":{"rendered":"https:\/\/leger360.com\/?p=23301"},"modified":"2025-06-26T15:30:27","modified_gmt":"2025-06-26T19:30:27","slug":"dernieres-nouvelles-tracking-tarifs-trump-10-mars","status":"publish","type":"post","link":"https:\/\/leger360.com\/fr\/dernieres-nouvelles-tracking-tarifs-trump-10-mars\/","title":{"rendered":"Droits de douane : 84 % des Canadiens redoutent l\u2019effet Trump"},"content":{"rendered":"<p>[et_pb_section fb_built=\u00a0\u00bb1&Prime; _builder_version=\u00a0\u00bb4.27.4&Prime; _module_preset=\u00a0\u00bbdefault\u00a0\u00bb global_colors_info=\u00a0\u00bb{}\u00a0\u00bb][et_pb_row _builder_version=\u00a0\u00bb4.27.4&Prime; _module_preset=\u00a0\u00bbdefault\u00a0\u00bb global_colors_info=\u00a0\u00bb{}\u00a0\u00bb][et_pb_column type=\u00a0\u00bb4_4&Prime; _builder_version=\u00a0\u00bb4.27.4&Prime; _module_preset=\u00a0\u00bbdefault\u00a0\u00bb global_colors_info=\u00a0\u00bb{}\u00a0\u00bb][et_pb_text _builder_version=\u00a0\u00bb4.27.4&Prime; _module_preset=\u00a0\u00bbdefault\u00a0\u00bb global_colors_info=\u00a0\u00bb{}\u00a0\u00bb]<\/p>\n<p>Chaque semaine durant cette p\u00e9riode tumultueuse, nous menons un sondage aupr\u00e8s des Canadiens et des Am\u00e9ricains afin d\u2019explorer leurs perceptions de l\u2019\u00e9conomie et de leurs finances.<\/p>\n<p>[\/et_pb_text][et_pb_image src=\u00a0\u00bbhttps:\/\/leger360.com\/wp-content\/uploads\/2024\/02\/Web_tracker_rapport-1-1.jpg\u00a0\u00bb title_text=\u00a0\u00bbWeb_tracker_rapport-1&Prime; url=\u00a0\u00bb@ET-DC@eyJkeW5hbWljIjp0cnVlLCJjb250ZW50IjoicG9zdF9saW5rX3VybF9hdHRhY2htZW50Iiwic2V0dGluZ3MiOnsicG9zdF9pZCI6IjIzMzYwIn19@\u00a0\u00bb align=\u00a0\u00bbcenter\u00a0\u00bb _builder_version=\u00a0\u00bb4.27.4&Prime; _dynamic_attributes=\u00a0\u00bburl\u00a0\u00bb _module_preset=\u00a0\u00bbdefault\u00a0\u00bb hover_enabled=\u00a0\u00bb0&Prime; global_colors_info=\u00a0\u00bb{}\u00a0\u00bb sticky_enabled=\u00a0\u00bb0&Prime;][\/et_pb_image][et_pb_button button_url=\u00a0\u00bb@ET-DC@eyJkeW5hbWljIjp0cnVlLCJjb250ZW50IjoicG9zdF9saW5rX3VybF9hdHRhY2htZW50Iiwic2V0dGluZ3MiOnsicG9zdF9pZCI6IjIzMzYwIn19@\u00a0\u00bb button_text=\u00a0\u00bbT\u00e9l\u00e9chargez le rapport pour en apprendre plus\u00a0\u00bb button_alignment=\u00a0\u00bbcenter\u00a0\u00bb _builder_version=\u00a0\u00bb4.27.4&Prime; _dynamic_attributes=\u00a0\u00bbbutton_url\u00a0\u00bb _module_preset=\u00a0\u00bbdefault\u00a0\u00bb hover_enabled=\u00a0\u00bb0&Prime; global_colors_info=\u00a0\u00bb{}\u00a0\u00bb sticky_enabled=\u00a0\u00bb0&Prime;][\/et_pb_button][et_pb_text _builder_version=\u00a0\u00bb4.27.4&Prime; _module_preset=\u00a0\u00bbdefault\u00a0\u00bb global_colors_info=\u00a0\u00bb{}\u00a0\u00bb]<\/p>\n<h2>Voici quelques faits saillants de notre sondage&#8230;<\/h2>\n<ul>\n<li>\n<p><b>La majorit\u00e9 des Canadiens (84%) craignent que le pr\u00e9sident Trump n&rsquo;utilise des mesures telles que les tarifs douaniers et les sanctions commerciales pour pousser le Canada \u00e0 \u00e9tablir une relation \u00e9conomique plus \u00e9troite et plus formelle avec les \u00c9tats-Unis. <\/b>En r\u00e9ponse, 74% soutiennent une politique selon laquelle le gouvernement du Canada \u00e9galerait tout tarif impos\u00e9 par les \u00c9tats-Unis \u00e0 raison d&rsquo;un dollar pour un dollar, soit une augmentation de 4 points depuis la semaine derni\u00e8re. Le soutien est plus \u00e9lev\u00e9 chez les \u00e9lecteurs lib\u00e9raux (92%) et bloquistes (90%).<\/p>\n<\/li>\n<li>\n<p><b>Par ailleurs, un tiers (34%) des Am\u00e9ricains sont favorables \u00e0 ce que l&rsquo;administration Trump impose des tarifs sur les produits import\u00e9s du Canada, soit une augmentation de 3 points depuis la semaine derni\u00e8re. <\/b>La moiti\u00e9\u00a0 (52%) pense que cela aura un impact n\u00e9gatif sur l&rsquo;\u00e9conomie am\u00e9ricaine. Un tiers des Am\u00e9ricains (35%) sont favorables \u00e0 l&rsquo;imposition de tarifs au Mexique.<\/p>\n<\/li>\n<li>\n<p><b>Deux tiers des Canadiens ont r\u00e9duit leurs achats de produits am\u00e9ricains, tant dans les magasins (68%) qu&rsquo;en ligne (65%). <\/b>De plus, 71 % d&rsquo;entre eux d\u00e9clarent avoir augment\u00e9 leurs achats de produits fabriqu\u00e9s au Canada.<\/p>\n<\/li>\n<li>\n<p><b>Huit Canadiens sur dix (80%) estiment que les prix \u00e0 la consommation ont augment\u00e9 au cours des derni\u00e8res semaines.<\/b><\/p>\n<\/li>\n<li>\n<p><b><\/b><b>Les Canadiens ont des opinions partag\u00e9es sur les \u00c9tats-Unis : 29% les consid\u00e8rent comme un ennemi, 32% comme un alli\u00e9 et 24% comme un pays neutre. Les \u00e9lecteurs conservateurs sont plus susceptibles de voir les \u00c9tats-Unis comme un alli\u00e9 (48%). <\/b>D\u2019un autre c\u00f4t\u00e9, une majorit\u00e9 d&rsquo;Am\u00e9ricains (59%) consid\u00e8rent le Canada comme un alli\u00e9.<\/p>\n<\/li>\n<li>\n<p><b>Six Canadiens sur dix consid\u00e8rent que les finances de leur m\u00e9nage sont en bon \u00e9tat (61%), ce qui repr\u00e9sente une baisse de 5 points par rapport \u00e0 la mesure de la semaine derni\u00e8re. <\/b>En revanche, 55% des Am\u00e9ricains consid\u00e8rent que leurs finances sont bonnes.<\/p>\n<\/li>\n<li>\n<p><b>40% des Canadiens actuellement employ\u00e9s craignent de perdre leur emploi au cours des 12 prochains mois, <\/b>une proportion similaire \u00e0 celle des \u00c9tats-Unis (42%).<\/p>\n<\/li>\n<li>\n<p><b>De plus, 46% des Canadiens d\u00e9clarent vivre d\u2019un ch\u00e8que de paie \u00e0 l\u2019autre. <\/b>Cette proportion est encore plus \u00e9lev\u00e9e chez les Am\u00e9ricains, avec 56% des r\u00e9pondants affirmant \u00eatre dans cette situation.<\/p>\n<\/li>\n<li>\n<p><b>La moiti\u00e9 des Canadiens (52%) pensent que le pays est en r\u00e9cession \u00e9conomique. <\/b>Cette proportion est similaire aux \u00c9tats-Unis (55%).<\/p>\n<\/li>\n<li>\n<p><b>Une majorit\u00e9 de Canadiens (81%) consid\u00e8rent que leur sant\u00e9 mentale est excellente ou bonne, <\/b>une proportion qui est plus \u00e9lev\u00e9e chez les r\u00e9pondants du Qu\u00e9bec (87%) et chez ceux \u00e2g\u00e9s de 55 ans et plus (87%).<\/p>\n<\/li>\n<\/ul>\n<p>[\/et_pb_text][et_pb_text _builder_version=\u00a0\u00bb4.27.4&Prime; _module_preset=\u00a0\u00bbdefault\u00a0\u00bb global_colors_info=\u00a0\u00bb{}\u00a0\u00bb]<\/p>\n<h2>M\u00e9thodologie<\/h2>\n<p><span>Ce sondage web sur l\u2019\u00e9conomie a \u00e9t\u00e9 r\u00e9alis\u00e9 du 7 au 10 mars 2025 aupr\u00e8s de 1 548 Canadiens, et 1 010 Am\u00e9ricains \u00e2g\u00e9s de 18 ans ou plus, le recrutement ayant \u00e9t\u00e9 effectu\u00e9 al\u00e9atoirement \u00e0 partir du panel en ligne LEO. Une marge d\u2019erreur ne peut pas \u00eatre associ\u00e9e \u00e0 un \u00e9chantillon non probabiliste dans le cadre d\u2019un sondage par panel. \u00c0 des fins de comparaison, un \u00e9chantillon probabiliste de cette taille aurait une marge d\u2019erreur d\u2019au plus \u00b12,50%, (19 fois sur 20) pour l\u2019\u00e9chantillon canadien et \u00b13,10%, (19 fois sur 20) pour l\u2019\u00e9chantillon am\u00e9ricain.<\/span><\/p>\n<p>[\/et_pb_text][\/et_pb_column][\/et_pb_row][\/et_pb_section]<\/p>\n","protected":false},"excerpt":{"rendered":"<p>Chaque semaine durant cette p\u00e9riode tumultueuse, nous menons un sondage aupr\u00e8s des Canadiens et des Am\u00e9ricains afin d\u2019explorer leurs perceptions de l\u2019\u00e9conomie et de leurs finances.Voici quelques faits saillants de notre sondage&#8230; La majorit\u00e9 des Canadiens (84%) craignent que le pr\u00e9sident Trump n&rsquo;utilise des mesures telles que les tarifs douaniers et les sanctions commerciales pour pousser le Canada \u00e0 \u00e9tablir une relation \u00e9conomique plus \u00e9troite et plus formelle avec les \u00c9tats-Unis. En r\u00e9ponse, 74% soutiennent une politique selon laquelle le gouvernement du Canada \u00e9galerait tout tarif impos\u00e9 par les \u00c9tats-Unis \u00e0 raison d&rsquo;un dollar pour un dollar, soit une augmentation de 4 points depuis la semaine derni\u00e8re. Le soutien est plus \u00e9lev\u00e9 chez les \u00e9lecteurs lib\u00e9raux (92%) et bloquistes (90%). Par ailleurs, un tiers (34%) des Am\u00e9ricains sont favorables \u00e0 ce que l&rsquo;administration Trump impose des tarifs sur les produits import\u00e9s du Canada, soit une augmentation de 3 points depuis la semaine derni\u00e8re. La moiti\u00e9\u00a0 (52%) pense que cela aura un impact n\u00e9gatif sur l&rsquo;\u00e9conomie am\u00e9ricaine. Un tiers des Am\u00e9ricains (35%) sont favorables \u00e0 l&rsquo;imposition de tarifs au Mexique. Deux tiers des Canadiens ont r\u00e9duit leurs achats de produits am\u00e9ricains, tant dans les magasins (68%) qu&rsquo;en ligne (65%). De plus, [&hellip;]<\/p>\n","protected":false},"author":13,"featured_media":23318,"comment_status":"closed","ping_status":"closed","sticky":false,"template":"","format":"standard","meta":{"_acf_changed":false,"_et_pb_use_builder":"on","_et_pb_old_content":"","_et_gb_content_width":"","content-type":"","inline_featured_image":false,"footnotes":""},"categories":[35],"tags":[],"post_language_cat":[42],"class_list":["post-23301","post","type-post","status-publish","format-standard","has-post-thumbnail","hentry","category-in-the-news","post_language_cat-fr-in-the-news"],"acf":[],"yoast_head":"<!-- This site is optimized with the Yoast SEO Premium plugin v27.4 (Yoast SEO v27.4) - https:\/\/yoast.com\/product\/yoast-seo-premium-wordpress\/ -->\n<title>Droits de douane : 84 % des Canadiens redoutent l\u2019effet Trump - Leger<\/title>\n<meta name=\"description\" content=\"Ce rapport offre un aper\u00e7u de la perception de la population canadienne et am\u00e9ricaine sur les tarifs douaniers impos\u00e9s par Donald Trump.\" \/>\n<meta name=\"robots\" content=\"index, follow, max-snippet:-1, max-image-preview:large, max-video-preview:-1\" \/>\n<link rel=\"canonical\" href=\"https:\/\/leger360.com\/fr\/dernieres-nouvelles-tracking-tarifs-trump-10-mars\/\" \/>\n<meta property=\"og:locale\" content=\"fr_CA\" \/>\n<meta property=\"og:type\" content=\"article\" \/>\n<meta property=\"og:title\" content=\"Droits de douane : 84 % des Canadiens redoutent l\u2019effet Trump\" \/>\n<meta property=\"og:description\" content=\"Ce rapport offre un aper\u00e7u de la perception de la population canadienne et am\u00e9ricaine sur les tarifs douaniers impos\u00e9s par Donald Trump.\" \/>\n<meta property=\"og:url\" content=\"https:\/\/leger360.com\/fr\/dernieres-nouvelles-tracking-tarifs-trump-10-mars\/\" \/>\n<meta property=\"og:site_name\" content=\"Leger\" \/>\n<meta property=\"article:publisher\" content=\"https:\/\/www.facebook.com\/leger360\/\" \/>\n<meta property=\"article:published_time\" content=\"2025-03-13T12:00:00+00:00\" \/>\n<meta property=\"article:modified_time\" content=\"2025-06-26T19:30:27+00:00\" \/>\n<meta property=\"og:image\" content=\"https:\/\/leger360.com\/wp-content\/uploads\/2025\/03\/Three-Crates-No-Leger-Logo.jpg\" \/>\n\t<meta property=\"og:image:width\" content=\"800\" \/>\n\t<meta property=\"og:image:height\" content=\"501\" \/>\n\t<meta property=\"og:image:type\" content=\"image\/jpeg\" \/>\n<meta name=\"author\" content=\"Jonah Presser\" \/>\n<meta name=\"twitter:card\" content=\"summary_large_image\" \/>\n<meta name=\"twitter:creator\" content=\"@leger360\" \/>\n<meta name=\"twitter:site\" content=\"@leger360\" \/>\n<meta name=\"twitter:label1\" content=\"\u00c9crit par\" \/>\n\t<meta name=\"twitter:data1\" content=\"Jonah Presser\" \/>\n\t<meta name=\"twitter:label2\" content=\"Estimation du temps de lecture\" \/>\n\t<meta name=\"twitter:data2\" content=\"4 minutes\" \/>\n<script type=\"application\/ld+json\" class=\"yoast-schema-graph\">{\"@context\":\"https:\\\/\\\/schema.org\",\"@graph\":[{\"@type\":\"Article\",\"@id\":\"https:\\\/\\\/leger360.com\\\/fr\\\/dernieres-nouvelles-tracking-tarifs-trump-10-mars\\\/#article\",\"isPartOf\":{\"@id\":\"https:\\\/\\\/leger360.com\\\/fr\\\/dernieres-nouvelles-tracking-tarifs-trump-10-mars\\\/\"},\"author\":{\"name\":\"Jonah Presser\",\"@id\":\"https:\\\/\\\/leger360.com\\\/fr\\\/#\\\/schema\\\/person\\\/43248a6d6ede47760313670a4da0171f\"},\"headline\":\"Droits de douane : 84 % des Canadiens redoutent l\u2019effet Trump\",\"datePublished\":\"2025-03-13T12:00:00+00:00\",\"dateModified\":\"2025-06-26T19:30:27+00:00\",\"mainEntityOfPage\":{\"@id\":\"https:\\\/\\\/leger360.com\\\/fr\\\/dernieres-nouvelles-tracking-tarifs-trump-10-mars\\\/\"},\"wordCount\":761,\"publisher\":{\"@id\":\"https:\\\/\\\/leger360.com\\\/fr\\\/#organization\"},\"image\":{\"@id\":\"https:\\\/\\\/leger360.com\\\/fr\\\/dernieres-nouvelles-tracking-tarifs-trump-10-mars\\\/#primaryimage\"},\"thumbnailUrl\":\"https:\\\/\\\/leger360.com\\\/wp-content\\\/uploads\\\/2025\\\/03\\\/Three-Crates-No-Leger-Logo.jpg\",\"articleSection\":[\"In the news\"],\"inLanguage\":\"fr-CA\"},{\"@type\":\"WebPage\",\"@id\":\"https:\\\/\\\/leger360.com\\\/fr\\\/dernieres-nouvelles-tracking-tarifs-trump-10-mars\\\/\",\"url\":\"https:\\\/\\\/leger360.com\\\/fr\\\/dernieres-nouvelles-tracking-tarifs-trump-10-mars\\\/\",\"name\":\"Droits de douane : 84 % des Canadiens redoutent l\u2019effet Trump - Leger\",\"isPartOf\":{\"@id\":\"https:\\\/\\\/leger360.com\\\/fr\\\/#website\"},\"primaryImageOfPage\":{\"@id\":\"https:\\\/\\\/leger360.com\\\/fr\\\/dernieres-nouvelles-tracking-tarifs-trump-10-mars\\\/#primaryimage\"},\"image\":{\"@id\":\"https:\\\/\\\/leger360.com\\\/fr\\\/dernieres-nouvelles-tracking-tarifs-trump-10-mars\\\/#primaryimage\"},\"thumbnailUrl\":\"https:\\\/\\\/leger360.com\\\/wp-content\\\/uploads\\\/2025\\\/03\\\/Three-Crates-No-Leger-Logo.jpg\",\"datePublished\":\"2025-03-13T12:00:00+00:00\",\"dateModified\":\"2025-06-26T19:30:27+00:00\",\"description\":\"Ce rapport offre un aper\u00e7u de la perception de la population canadienne et am\u00e9ricaine sur les tarifs douaniers impos\u00e9s par Donald Trump.\",\"breadcrumb\":{\"@id\":\"https:\\\/\\\/leger360.com\\\/fr\\\/dernieres-nouvelles-tracking-tarifs-trump-10-mars\\\/#breadcrumb\"},\"inLanguage\":\"fr-CA\",\"potentialAction\":[{\"@type\":\"ReadAction\",\"target\":[\"https:\\\/\\\/leger360.com\\\/fr\\\/dernieres-nouvelles-tracking-tarifs-trump-10-mars\\\/\"]}]},{\"@type\":\"ImageObject\",\"inLanguage\":\"fr-CA\",\"@id\":\"https:\\\/\\\/leger360.com\\\/fr\\\/dernieres-nouvelles-tracking-tarifs-trump-10-mars\\\/#primaryimage\",\"url\":\"https:\\\/\\\/leger360.com\\\/wp-content\\\/uploads\\\/2025\\\/03\\\/Three-Crates-No-Leger-Logo.jpg\",\"contentUrl\":\"https:\\\/\\\/leger360.com\\\/wp-content\\\/uploads\\\/2025\\\/03\\\/Three-Crates-No-Leger-Logo.jpg\",\"width\":800,\"height\":501},{\"@type\":\"BreadcrumbList\",\"@id\":\"https:\\\/\\\/leger360.com\\\/fr\\\/dernieres-nouvelles-tracking-tarifs-trump-10-mars\\\/#breadcrumb\",\"itemListElement\":[{\"@type\":\"ListItem\",\"position\":1,\"name\":\"Home\",\"item\":\"https:\\\/\\\/leger360.com\\\/fr\\\/\"},{\"@type\":\"ListItem\",\"position\":2,\"name\":\"Droits de douane : 84 % des Canadiens redoutent l\u2019effet Trump\"}]},{\"@type\":\"WebSite\",\"@id\":\"https:\\\/\\\/leger360.com\\\/fr\\\/#website\",\"url\":\"https:\\\/\\\/leger360.com\\\/fr\\\/\",\"name\":\"Leger\",\"description\":\"Market Research | Data Analytics\",\"publisher\":{\"@id\":\"https:\\\/\\\/leger360.com\\\/fr\\\/#organization\"},\"potentialAction\":[{\"@type\":\"SearchAction\",\"target\":{\"@type\":\"EntryPoint\",\"urlTemplate\":\"https:\\\/\\\/leger360.com\\\/fr\\\/?s={search_term_string}\"},\"query-input\":{\"@type\":\"PropertyValueSpecification\",\"valueRequired\":true,\"valueName\":\"search_term_string\"}}],\"inLanguage\":\"fr-CA\"},{\"@type\":\"Organization\",\"@id\":\"https:\\\/\\\/leger360.com\\\/fr\\\/#organization\",\"name\":\"Leger\",\"url\":\"https:\\\/\\\/leger360.com\\\/fr\\\/\",\"logo\":{\"@type\":\"ImageObject\",\"inLanguage\":\"fr-CA\",\"@id\":\"https:\\\/\\\/leger360.com\\\/fr\\\/#\\\/schema\\\/logo\\\/image\\\/\",\"url\":\"https:\\\/\\\/leger360.com\\\/wp-content\\\/uploads\\\/2024\\\/04\\\/2022-Logo-Leger-Blackred-g.png\",\"contentUrl\":\"https:\\\/\\\/leger360.com\\\/wp-content\\\/uploads\\\/2024\\\/04\\\/2022-Logo-Leger-Blackred-g.png\",\"width\":1195,\"height\":686,\"caption\":\"Leger\"},\"image\":{\"@id\":\"https:\\\/\\\/leger360.com\\\/fr\\\/#\\\/schema\\\/logo\\\/image\\\/\"},\"sameAs\":[\"https:\\\/\\\/www.facebook.com\\\/leger360\\\/\",\"https:\\\/\\\/x.com\\\/leger360\",\"https:\\\/\\\/www.linkedin.com\\\/company\\\/leger360\\\/\"],\"description\":\"Leger is one of North America\u2019s fastest-growing market research companies, known for our forward-thinking experts and innovative approaches powered by artificial intelligence (AI) technologies.\"},{\"@type\":\"Person\",\"@id\":\"https:\\\/\\\/leger360.com\\\/fr\\\/#\\\/schema\\\/person\\\/43248a6d6ede47760313670a4da0171f\",\"name\":\"Jonah Presser\",\"image\":{\"@type\":\"ImageObject\",\"inLanguage\":\"fr-CA\",\"@id\":\"https:\\\/\\\/secure.gravatar.com\\\/avatar\\\/30277f55803097542b5dc864a456580099248f68a36a21609d20a9da700098e3?s=96&d=mm&r=g\",\"url\":\"https:\\\/\\\/secure.gravatar.com\\\/avatar\\\/30277f55803097542b5dc864a456580099248f68a36a21609d20a9da700098e3?s=96&d=mm&r=g\",\"contentUrl\":\"https:\\\/\\\/secure.gravatar.com\\\/avatar\\\/30277f55803097542b5dc864a456580099248f68a36a21609d20a9da700098e3?s=96&d=mm&r=g\",\"caption\":\"Jonah Presser\"}}]}<\/script>\n<!-- \/ Yoast SEO Premium plugin. -->","yoast_head_json":{"title":"Droits de douane : 84 % des Canadiens redoutent l\u2019effet Trump - Leger","description":"Ce rapport offre un aper\u00e7u de la perception de la population canadienne et am\u00e9ricaine sur les tarifs douaniers impos\u00e9s par Donald Trump.","robots":{"index":"index","follow":"follow","max-snippet":"max-snippet:-1","max-image-preview":"max-image-preview:large","max-video-preview":"max-video-preview:-1"},"canonical":"https:\/\/leger360.com\/fr\/dernieres-nouvelles-tracking-tarifs-trump-10-mars\/","og_locale":"fr_CA","og_type":"article","og_title":"Droits de douane : 84 % des Canadiens redoutent l\u2019effet Trump","og_description":"Ce rapport offre un aper\u00e7u de la perception de la population canadienne et am\u00e9ricaine sur les tarifs douaniers impos\u00e9s par Donald Trump.","og_url":"https:\/\/leger360.com\/fr\/dernieres-nouvelles-tracking-tarifs-trump-10-mars\/","og_site_name":"Leger","article_publisher":"https:\/\/www.facebook.com\/leger360\/","article_published_time":"2025-03-13T12:00:00+00:00","article_modified_time":"2025-06-26T19:30:27+00:00","og_image":[{"width":800,"height":501,"url":"https:\/\/leger360.com\/wp-content\/uploads\/2025\/03\/Three-Crates-No-Leger-Logo.jpg","type":"image\/jpeg"}],"author":"Jonah Presser","twitter_card":"summary_large_image","twitter_creator":"@leger360","twitter_site":"@leger360","twitter_misc":{"\u00c9crit par":"Jonah Presser","Estimation du temps de lecture":"4 minutes"},"schema":{"@context":"https:\/\/schema.org","@graph":[{"@type":"Article","@id":"https:\/\/leger360.com\/fr\/dernieres-nouvelles-tracking-tarifs-trump-10-mars\/#article","isPartOf":{"@id":"https:\/\/leger360.com\/fr\/dernieres-nouvelles-tracking-tarifs-trump-10-mars\/"},"author":{"name":"Jonah Presser","@id":"https:\/\/leger360.com\/fr\/#\/schema\/person\/43248a6d6ede47760313670a4da0171f"},"headline":"Droits de douane : 84 % des Canadiens redoutent l\u2019effet Trump","datePublished":"2025-03-13T12:00:00+00:00","dateModified":"2025-06-26T19:30:27+00:00","mainEntityOfPage":{"@id":"https:\/\/leger360.com\/fr\/dernieres-nouvelles-tracking-tarifs-trump-10-mars\/"},"wordCount":761,"publisher":{"@id":"https:\/\/leger360.com\/fr\/#organization"},"image":{"@id":"https:\/\/leger360.com\/fr\/dernieres-nouvelles-tracking-tarifs-trump-10-mars\/#primaryimage"},"thumbnailUrl":"https:\/\/leger360.com\/wp-content\/uploads\/2025\/03\/Three-Crates-No-Leger-Logo.jpg","articleSection":["In the news"],"inLanguage":"fr-CA"},{"@type":"WebPage","@id":"https:\/\/leger360.com\/fr\/dernieres-nouvelles-tracking-tarifs-trump-10-mars\/","url":"https:\/\/leger360.com\/fr\/dernieres-nouvelles-tracking-tarifs-trump-10-mars\/","name":"Droits de douane : 84 % des Canadiens redoutent l\u2019effet Trump - Leger","isPartOf":{"@id":"https:\/\/leger360.com\/fr\/#website"},"primaryImageOfPage":{"@id":"https:\/\/leger360.com\/fr\/dernieres-nouvelles-tracking-tarifs-trump-10-mars\/#primaryimage"},"image":{"@id":"https:\/\/leger360.com\/fr\/dernieres-nouvelles-tracking-tarifs-trump-10-mars\/#primaryimage"},"thumbnailUrl":"https:\/\/leger360.com\/wp-content\/uploads\/2025\/03\/Three-Crates-No-Leger-Logo.jpg","datePublished":"2025-03-13T12:00:00+00:00","dateModified":"2025-06-26T19:30:27+00:00","description":"Ce rapport offre un aper\u00e7u de la perception de la population canadienne et am\u00e9ricaine sur les tarifs douaniers impos\u00e9s par Donald Trump.","breadcrumb":{"@id":"https:\/\/leger360.com\/fr\/dernieres-nouvelles-tracking-tarifs-trump-10-mars\/#breadcrumb"},"inLanguage":"fr-CA","potentialAction":[{"@type":"ReadAction","target":["https:\/\/leger360.com\/fr\/dernieres-nouvelles-tracking-tarifs-trump-10-mars\/"]}]},{"@type":"ImageObject","inLanguage":"fr-CA","@id":"https:\/\/leger360.com\/fr\/dernieres-nouvelles-tracking-tarifs-trump-10-mars\/#primaryimage","url":"https:\/\/leger360.com\/wp-content\/uploads\/2025\/03\/Three-Crates-No-Leger-Logo.jpg","contentUrl":"https:\/\/leger360.com\/wp-content\/uploads\/2025\/03\/Three-Crates-No-Leger-Logo.jpg","width":800,"height":501},{"@type":"BreadcrumbList","@id":"https:\/\/leger360.com\/fr\/dernieres-nouvelles-tracking-tarifs-trump-10-mars\/#breadcrumb","itemListElement":[{"@type":"ListItem","position":1,"name":"Home","item":"https:\/\/leger360.com\/fr\/"},{"@type":"ListItem","position":2,"name":"Droits de douane : 84 % des Canadiens redoutent l\u2019effet Trump"}]},{"@type":"WebSite","@id":"https:\/\/leger360.com\/fr\/#website","url":"https:\/\/leger360.com\/fr\/","name":"Leger","description":"Market Research | Data Analytics","publisher":{"@id":"https:\/\/leger360.com\/fr\/#organization"},"potentialAction":[{"@type":"SearchAction","target":{"@type":"EntryPoint","urlTemplate":"https:\/\/leger360.com\/fr\/?s={search_term_string}"},"query-input":{"@type":"PropertyValueSpecification","valueRequired":true,"valueName":"search_term_string"}}],"inLanguage":"fr-CA"},{"@type":"Organization","@id":"https:\/\/leger360.com\/fr\/#organization","name":"Leger","url":"https:\/\/leger360.com\/fr\/","logo":{"@type":"ImageObject","inLanguage":"fr-CA","@id":"https:\/\/leger360.com\/fr\/#\/schema\/logo\/image\/","url":"https:\/\/leger360.com\/wp-content\/uploads\/2024\/04\/2022-Logo-Leger-Blackred-g.png","contentUrl":"https:\/\/leger360.com\/wp-content\/uploads\/2024\/04\/2022-Logo-Leger-Blackred-g.png","width":1195,"height":686,"caption":"Leger"},"image":{"@id":"https:\/\/leger360.com\/fr\/#\/schema\/logo\/image\/"},"sameAs":["https:\/\/www.facebook.com\/leger360\/","https:\/\/x.com\/leger360","https:\/\/www.linkedin.com\/company\/leger360\/"],"description":"Leger is one of North America\u2019s fastest-growing market research companies, known for our forward-thinking experts and innovative approaches powered by artificial intelligence (AI) technologies."},{"@type":"Person","@id":"https:\/\/leger360.com\/fr\/#\/schema\/person\/43248a6d6ede47760313670a4da0171f","name":"Jonah Presser","image":{"@type":"ImageObject","inLanguage":"fr-CA","@id":"https:\/\/secure.gravatar.com\/avatar\/30277f55803097542b5dc864a456580099248f68a36a21609d20a9da700098e3?s=96&d=mm&r=g","url":"https:\/\/secure.gravatar.com\/avatar\/30277f55803097542b5dc864a456580099248f68a36a21609d20a9da700098e3?s=96&d=mm&r=g","contentUrl":"https:\/\/secure.gravatar.com\/avatar\/30277f55803097542b5dc864a456580099248f68a36a21609d20a9da700098e3?s=96&d=mm&r=g","caption":"Jonah Presser"}}]}},"_links":{"self":[{"href":"https:\/\/leger360.com\/fr\/wp-json\/wp\/v2\/posts\/23301","targetHints":{"allow":["GET"]}}],"collection":[{"href":"https:\/\/leger360.com\/fr\/wp-json\/wp\/v2\/posts"}],"about":[{"href":"https:\/\/leger360.com\/fr\/wp-json\/wp\/v2\/types\/post"}],"author":[{"embeddable":true,"href":"https:\/\/leger360.com\/fr\/wp-json\/wp\/v2\/users\/13"}],"replies":[{"embeddable":true,"href":"https:\/\/leger360.com\/fr\/wp-json\/wp\/v2\/comments?post=23301"}],"version-history":[{"count":0,"href":"https:\/\/leger360.com\/fr\/wp-json\/wp\/v2\/posts\/23301\/revisions"}],"wp:featuredmedia":[{"embeddable":true,"href":"https:\/\/leger360.com\/fr\/wp-json\/wp\/v2\/media\/23318"}],"wp:attachment":[{"href":"https:\/\/leger360.com\/fr\/wp-json\/wp\/v2\/media?parent=23301"}],"wp:term":[{"taxonomy":"category","embeddable":true,"href":"https:\/\/leger360.com\/fr\/wp-json\/wp\/v2\/categories?post=23301"},{"taxonomy":"post_tag","embeddable":true,"href":"https:\/\/leger360.com\/fr\/wp-json\/wp\/v2\/tags?post=23301"},{"taxonomy":"post_language_cat","embeddable":true,"href":"https:\/\/leger360.com\/fr\/wp-json\/wp\/v2\/post_language_cat?post=23301"}],"curies":[{"name":"wp","href":"https:\/\/api.w.org\/{rel}","templated":true}]}}