{"id":23450,"date":"2025-03-27T04:00:00","date_gmt":"2025-03-27T08:00:00","guid":{"rendered":"https:\/\/leger360.com\/?p=23450"},"modified":"2025-06-26T15:34:25","modified_gmt":"2025-06-26T19:34:25","slug":"dernieres-nouvelles-tracking-tarifs-de-trump-24-mars","status":"publish","type":"post","link":"https:\/\/leger360.com\/fr\/dernieres-nouvelles-tracking-tarifs-de-trump-24-mars\/","title":{"rendered":"Tarifs douaniers de Trump : en t\u00eate des pr\u00e9occupations des Canadiens"},"content":{"rendered":"<p>[et_pb_section fb_built=\u00a0\u00bb1&Prime; theme_builder_area=\u00a0\u00bbpost_content\u00a0\u00bb _builder_version=\u00a0\u00bb4.27.4&Prime; _module_preset=\u00a0\u00bbdefault\u00a0\u00bb][et_pb_row _builder_version=\u00a0\u00bb4.27.4&Prime; _module_preset=\u00a0\u00bbdefault\u00a0\u00bb theme_builder_area=\u00a0\u00bbpost_content\u00a0\u00bb][et_pb_column _builder_version=\u00a0\u00bb4.27.4&Prime; _module_preset=\u00a0\u00bbdefault\u00a0\u00bb type=\u00a0\u00bb4_4&Prime; theme_builder_area=\u00a0\u00bbpost_content\u00a0\u00bb][et_pb_text _builder_version=\u00a0\u00bb4.27.4&Prime; _module_preset=\u00a0\u00bbdefault\u00a0\u00bb theme_builder_area=\u00a0\u00bbpost_content\u00a0\u00bb hover_enabled=\u00a0\u00bb0&Prime; sticky_enabled=\u00a0\u00bb0&Prime;]<\/p>\n<p><span>Chaque semaine durant cette p\u00e9riode tumultueuse, nous menons un sondage aupr\u00e8s des Canadiens et des Am\u00e9ricains afin d\u2019explorer leurs perceptions de l\u2019\u00e9conomie et de leurs finances.<\/span><\/p>\n<p>[\/et_pb_text][et_pb_image src=\u00a0\u00bbhttps:\/\/leger360.com\/wp-content\/uploads\/2025\/03\/USA-and-Canada-Leger-Logo.jpg\u00a0\u00bb _builder_version=\u00a0\u00bb4.27.4&Prime; _module_preset=\u00a0\u00bbdefault\u00a0\u00bb theme_builder_area=\u00a0\u00bbpost_content\u00a0\u00bb title_text=\u00a0\u00bbUSA and Canada &#8211; Leger Logo\u00a0\u00bb url=\u00a0\u00bb@ET-DC@eyJkeW5hbWljIjp0cnVlLCJjb250ZW50IjoicG9zdF9saW5rX3VybF9hdHRhY2htZW50Iiwic2V0dGluZ3MiOnsicG9zdF9pZCI6IjIzNDQ2In19@\u00a0\u00bb _dynamic_attributes=\u00a0\u00bburl\u00a0\u00bb hover_enabled=\u00a0\u00bb0&Prime; sticky_enabled=\u00a0\u00bb0&Prime;][\/et_pb_image][et_pb_button button_text=\u00a0\u00bbT\u00e9l\u00e9chargez le rapport pour en apprendre plus\u00a0\u00bb _builder_version=\u00a0\u00bb4.27.4&Prime; _module_preset=\u00a0\u00bbdefault\u00a0\u00bb theme_builder_area=\u00a0\u00bbpost_content\u00a0\u00bb button_alignment=\u00a0\u00bbcenter\u00a0\u00bb button_url=\u00a0\u00bb@ET-DC@eyJkeW5hbWljIjp0cnVlLCJjb250ZW50IjoicG9zdF9saW5rX3VybF9hdHRhY2htZW50Iiwic2V0dGluZ3MiOnsicG9zdF9pZCI6IjIzNDQ2In19@\u00a0\u00bb _dynamic_attributes=\u00a0\u00bbbutton_url\u00a0\u00bb hover_enabled=\u00a0\u00bb0&Prime; sticky_enabled=\u00a0\u00bb0&Prime;][\/et_pb_button][et_pb_text _builder_version=\u00a0\u00bb4.27.4&Prime; _module_preset=\u00a0\u00bbdefault\u00a0\u00bb theme_builder_area=\u00a0\u00bbpost_content\u00a0\u00bb hover_enabled=\u00a0\u00bb0&Prime; sticky_enabled=\u00a0\u00bb0&Prime;]<\/p>\n<h2>Voici quelques <b>faits saillants <\/b>de notre sondage&#8230;<\/h2>\n<h3>PRINCIPAUX ENJEUX AU CANADA<\/h3>\n<p><b>Les Canadiens citent toujours les tarifs douaniers am\u00e9ricains, Trump et l&rsquo;agression \u00e9conomique (32%) comme principal probl\u00e8me, malgr\u00e9 une baisse de 9 points depuis la semaine derni\u00e8re. <\/b>L&rsquo;inflation arrive en deuxi\u00e8me position, un cinqui\u00e8me des r\u00e9pondants (21%) l&rsquo;identifiant comme le principal probl\u00e8me auquel le Canada est confront\u00e9.<\/p>\n<h3>PR\u00c9OCCUPATIONS \u00c9CONOMIQUES ET COMPORTEMENT DES CONSOMMATEURS<\/h3>\n<p><b>70% des Canadiens ont r\u00e9duit leurs achats de produits am\u00e9ricains dans les magasins, et 74% ont augment\u00e9 leurs achats de produits fabriqu\u00e9s au Canada. <\/b>De plus, 83% per\u00e7oivent des augmentations de prix r\u00e9centes, soit une augmentation de 8 points depuis la derni\u00e8re mesure. Par ailleurs, 73% des r\u00e9pondants am\u00e9ricains per\u00e7oivent des augmentations de prix. \u00a0<\/p>\n<h3>SOUVERAINET\u00c9 DU CANADA ET \u00c9TATS QUI SE JOIGNENT AU CANADA EN TANT QUE PROVINCES<\/h3>\n<p><b>Seuls 9 % des Canadiens pensent qu&rsquo;il est probable que le Canada devienne le 51e \u00c9tat am\u00e9ricain<\/b>. En revanche, 20 % des Am\u00e9ricains aimeraient que leur \u00c9tat rejoigne le Canada et devienne une province canadienne, une proportion qui est plus \u00e9lev\u00e9e chez les r\u00e9pondants \u00e2g\u00e9s de 18 \u00e0 34 ans (30 %).<\/p>\n<h3>LES POLITIQUES \u00c9CONOMIQUES DE TRUMP<\/h3>\n<p><b>35% des Am\u00e9ricains soutiennent les tarifs douaniers sur les importations canadiennes, mais 29% pensent que les tarifs douaniers ont un impact n\u00e9gatif sur l&rsquo;\u00e9conomie am\u00e9ricaine<\/b>. En outre, 68% des r\u00e9pondants s&rsquo;inqui\u00e8tent de l&rsquo;augmentation des prix des produits d&rsquo;\u00e9picerie en raison des tarifs douaniers.<\/p>\n<p>[\/et_pb_text][et_pb_text _builder_version=\u00a0\u00bb4.27.4&Prime; _module_preset=\u00a0\u00bbdefault\u00a0\u00bb theme_builder_area=\u00a0\u00bbpost_content\u00a0\u00bb hover_enabled=\u00a0\u00bb0&Prime; sticky_enabled=\u00a0\u00bb0&Prime;]<\/p>\n<h2>Methodology<\/h2>\n<p><span>Ce sondage web sur l\u2019\u00e9conomie a \u00e9t\u00e9 r\u00e9alis\u00e9 du 21 au 23 mars 2025 aupr\u00e8s de 1 599 Canadiens, et 1 012 Am\u00e9ricains \u00e2g\u00e9s de 18 ans ou plus, le recrutement ayant \u00e9t\u00e9 effectu\u00e9 al\u00e9atoirement \u00e0 partir du panel en ligne LEO. Une marge d\u2019erreur ne peut pas \u00eatre associ\u00e9e \u00e0 un \u00e9chantillon non probabiliste dans le cadre d\u2019un sondage par panel. \u00c0 des fins de comparaison, un \u00e9chantillon probabiliste de cette taille aurait une marge d\u2019erreur d\u2019au plus \u00b12,45%, (19 fois sur 20) pour l\u2019\u00e9chantillon canadien et \u00b13,08%, (19 fois sur 20) pour l\u2019\u00e9chantillon am\u00e9ricain.<\/span><\/p>\n<p>[\/et_pb_text][\/et_pb_column][\/et_pb_row][\/et_pb_section]<\/p>\n","protected":false},"excerpt":{"rendered":"<p>Chaque semaine durant cette p\u00e9riode tumultueuse, nous menons un sondage aupr\u00e8s des Canadiens et des Am\u00e9ricains afin d\u2019explorer leurs perceptions de l\u2019\u00e9conomie et de leurs finances.Voici quelques faits saillants de notre sondage&#8230; PRINCIPAUX ENJEUX AU CANADA Les Canadiens citent toujours les tarifs douaniers am\u00e9ricains, Trump et l&rsquo;agression \u00e9conomique (32%) comme principal probl\u00e8me, malgr\u00e9 une baisse de 9 points depuis la semaine derni\u00e8re. L&rsquo;inflation arrive en deuxi\u00e8me position, un cinqui\u00e8me des r\u00e9pondants (21%) l&rsquo;identifiant comme le principal probl\u00e8me auquel le Canada est confront\u00e9. PR\u00c9OCCUPATIONS \u00c9CONOMIQUES ET COMPORTEMENT DES CONSOMMATEURS 70% des Canadiens ont r\u00e9duit leurs achats de produits am\u00e9ricains dans les magasins, et 74% ont augment\u00e9 leurs achats de produits fabriqu\u00e9s au Canada. De plus, 83% per\u00e7oivent des augmentations de prix r\u00e9centes, soit une augmentation de 8 points depuis la derni\u00e8re mesure. Par ailleurs, 73% des r\u00e9pondants am\u00e9ricains per\u00e7oivent des augmentations de prix. \u00a0 SOUVERAINET\u00c9 DU CANADA ET \u00c9TATS QUI SE JOIGNENT AU CANADA EN TANT QUE PROVINCES Seuls 9 % des Canadiens pensent qu&rsquo;il est probable que le Canada devienne le 51e \u00c9tat am\u00e9ricain. En revanche, 20 % des Am\u00e9ricains aimeraient que leur \u00c9tat rejoigne le Canada et devienne une province canadienne, une proportion qui est plus \u00e9lev\u00e9e chez les [&hellip;]<\/p>\n","protected":false},"author":13,"featured_media":23187,"comment_status":"closed","ping_status":"closed","sticky":false,"template":"","format":"standard","meta":{"_acf_changed":false,"_et_pb_use_builder":"on","_et_pb_old_content":"","_et_gb_content_width":"","content-type":"","inline_featured_image":false,"footnotes":""},"categories":[35],"tags":[],"post_language_cat":[42],"class_list":["post-23450","post","type-post","status-publish","format-standard","has-post-thumbnail","hentry","category-in-the-news","post_language_cat-fr-in-the-news"],"acf":[],"yoast_head":"<!-- This site is optimized with the Yoast SEO Premium plugin v27.4 (Yoast SEO v27.4) - https:\/\/yoast.com\/product\/yoast-seo-premium-wordpress\/ -->\n<title>Tarifs douaniers de Trump : en t\u00eate des pr\u00e9occupations des Canadiens - Leger<\/title>\n<meta name=\"description\" content=\"Un aper\u00e7u de la perception des populations canadiennes et am\u00e9ricaines sur les tarifs douaniers impos\u00e9s par Donald Trump.\" \/>\n<meta name=\"robots\" content=\"index, follow, max-snippet:-1, max-image-preview:large, max-video-preview:-1\" \/>\n<link rel=\"canonical\" href=\"https:\/\/leger360.com\/fr\/dernieres-nouvelles-tracking-tarifs-de-trump-24-mars\/\" \/>\n<meta property=\"og:locale\" content=\"fr_CA\" \/>\n<meta property=\"og:type\" content=\"article\" \/>\n<meta property=\"og:title\" content=\"Tarifs douaniers de Trump : en t\u00eate des pr\u00e9occupations des Canadiens\" \/>\n<meta property=\"og:description\" content=\"Un aper\u00e7u de la perception des populations canadiennes et am\u00e9ricaines sur les tarifs douaniers impos\u00e9s par Donald Trump.\" \/>\n<meta property=\"og:url\" content=\"https:\/\/leger360.com\/fr\/dernieres-nouvelles-tracking-tarifs-de-trump-24-mars\/\" \/>\n<meta property=\"og:site_name\" content=\"Leger\" \/>\n<meta property=\"article:publisher\" content=\"https:\/\/www.facebook.com\/leger360\/\" \/>\n<meta property=\"article:published_time\" content=\"2025-03-27T08:00:00+00:00\" \/>\n<meta property=\"article:modified_time\" content=\"2025-06-26T19:34:25+00:00\" \/>\n<meta property=\"og:image\" content=\"https:\/\/leger360.com\/wp-content\/uploads\/2025\/02\/Canada-US-No-Leger-Logo.jpg\" \/>\n\t<meta property=\"og:image:width\" content=\"1200\" \/>\n\t<meta property=\"og:image:height\" content=\"751\" \/>\n\t<meta property=\"og:image:type\" content=\"image\/jpeg\" \/>\n<meta name=\"author\" content=\"Jonah Presser\" \/>\n<meta name=\"twitter:card\" content=\"summary_large_image\" \/>\n<meta name=\"twitter:creator\" content=\"@leger360\" \/>\n<meta name=\"twitter:site\" content=\"@leger360\" \/>\n<meta name=\"twitter:label1\" content=\"\u00c9crit par\" \/>\n\t<meta name=\"twitter:data1\" content=\"Jonah Presser\" \/>\n\t<meta name=\"twitter:label2\" content=\"Estimation du temps de lecture\" \/>\n\t<meta name=\"twitter:data2\" content=\"3 minutes\" \/>\n<script type=\"application\/ld+json\" class=\"yoast-schema-graph\">{\"@context\":\"https:\\\/\\\/schema.org\",\"@graph\":[{\"@type\":\"Article\",\"@id\":\"https:\\\/\\\/leger360.com\\\/fr\\\/dernieres-nouvelles-tracking-tarifs-de-trump-24-mars\\\/#article\",\"isPartOf\":{\"@id\":\"https:\\\/\\\/leger360.com\\\/fr\\\/dernieres-nouvelles-tracking-tarifs-de-trump-24-mars\\\/\"},\"author\":{\"name\":\"Jonah Presser\",\"@id\":\"https:\\\/\\\/leger360.com\\\/fr\\\/#\\\/schema\\\/person\\\/43248a6d6ede47760313670a4da0171f\"},\"headline\":\"Tarifs douaniers de Trump : en t\u00eate des pr\u00e9occupations des Canadiens\",\"datePublished\":\"2025-03-27T08:00:00+00:00\",\"dateModified\":\"2025-06-26T19:34:25+00:00\",\"mainEntityOfPage\":{\"@id\":\"https:\\\/\\\/leger360.com\\\/fr\\\/dernieres-nouvelles-tracking-tarifs-de-trump-24-mars\\\/\"},\"wordCount\":614,\"publisher\":{\"@id\":\"https:\\\/\\\/leger360.com\\\/fr\\\/#organization\"},\"image\":{\"@id\":\"https:\\\/\\\/leger360.com\\\/fr\\\/dernieres-nouvelles-tracking-tarifs-de-trump-24-mars\\\/#primaryimage\"},\"thumbnailUrl\":\"https:\\\/\\\/leger360.com\\\/wp-content\\\/uploads\\\/2025\\\/02\\\/Canada-US-No-Leger-Logo.jpg\",\"articleSection\":[\"In the news\"],\"inLanguage\":\"fr-CA\"},{\"@type\":\"WebPage\",\"@id\":\"https:\\\/\\\/leger360.com\\\/fr\\\/dernieres-nouvelles-tracking-tarifs-de-trump-24-mars\\\/\",\"url\":\"https:\\\/\\\/leger360.com\\\/fr\\\/dernieres-nouvelles-tracking-tarifs-de-trump-24-mars\\\/\",\"name\":\"Tarifs douaniers de Trump : en t\u00eate des pr\u00e9occupations des Canadiens - Leger\",\"isPartOf\":{\"@id\":\"https:\\\/\\\/leger360.com\\\/fr\\\/#website\"},\"primaryImageOfPage\":{\"@id\":\"https:\\\/\\\/leger360.com\\\/fr\\\/dernieres-nouvelles-tracking-tarifs-de-trump-24-mars\\\/#primaryimage\"},\"image\":{\"@id\":\"https:\\\/\\\/leger360.com\\\/fr\\\/dernieres-nouvelles-tracking-tarifs-de-trump-24-mars\\\/#primaryimage\"},\"thumbnailUrl\":\"https:\\\/\\\/leger360.com\\\/wp-content\\\/uploads\\\/2025\\\/02\\\/Canada-US-No-Leger-Logo.jpg\",\"datePublished\":\"2025-03-27T08:00:00+00:00\",\"dateModified\":\"2025-06-26T19:34:25+00:00\",\"description\":\"Un aper\u00e7u de la perception des populations canadiennes et am\u00e9ricaines sur les tarifs douaniers impos\u00e9s par Donald Trump.\",\"breadcrumb\":{\"@id\":\"https:\\\/\\\/leger360.com\\\/fr\\\/dernieres-nouvelles-tracking-tarifs-de-trump-24-mars\\\/#breadcrumb\"},\"inLanguage\":\"fr-CA\",\"potentialAction\":[{\"@type\":\"ReadAction\",\"target\":[\"https:\\\/\\\/leger360.com\\\/fr\\\/dernieres-nouvelles-tracking-tarifs-de-trump-24-mars\\\/\"]}]},{\"@type\":\"ImageObject\",\"inLanguage\":\"fr-CA\",\"@id\":\"https:\\\/\\\/leger360.com\\\/fr\\\/dernieres-nouvelles-tracking-tarifs-de-trump-24-mars\\\/#primaryimage\",\"url\":\"https:\\\/\\\/leger360.com\\\/wp-content\\\/uploads\\\/2025\\\/02\\\/Canada-US-No-Leger-Logo.jpg\",\"contentUrl\":\"https:\\\/\\\/leger360.com\\\/wp-content\\\/uploads\\\/2025\\\/02\\\/Canada-US-No-Leger-Logo.jpg\",\"width\":1200,\"height\":751},{\"@type\":\"BreadcrumbList\",\"@id\":\"https:\\\/\\\/leger360.com\\\/fr\\\/dernieres-nouvelles-tracking-tarifs-de-trump-24-mars\\\/#breadcrumb\",\"itemListElement\":[{\"@type\":\"ListItem\",\"position\":1,\"name\":\"Home\",\"item\":\"https:\\\/\\\/leger360.com\\\/fr\\\/\"},{\"@type\":\"ListItem\",\"position\":2,\"name\":\"Tarifs douaniers de Trump : en t\u00eate des pr\u00e9occupations des Canadiens\"}]},{\"@type\":\"WebSite\",\"@id\":\"https:\\\/\\\/leger360.com\\\/fr\\\/#website\",\"url\":\"https:\\\/\\\/leger360.com\\\/fr\\\/\",\"name\":\"Leger\",\"description\":\"Market Research | Data Analytics\",\"publisher\":{\"@id\":\"https:\\\/\\\/leger360.com\\\/fr\\\/#organization\"},\"potentialAction\":[{\"@type\":\"SearchAction\",\"target\":{\"@type\":\"EntryPoint\",\"urlTemplate\":\"https:\\\/\\\/leger360.com\\\/fr\\\/?s={search_term_string}\"},\"query-input\":{\"@type\":\"PropertyValueSpecification\",\"valueRequired\":true,\"valueName\":\"search_term_string\"}}],\"inLanguage\":\"fr-CA\"},{\"@type\":\"Organization\",\"@id\":\"https:\\\/\\\/leger360.com\\\/fr\\\/#organization\",\"name\":\"Leger\",\"url\":\"https:\\\/\\\/leger360.com\\\/fr\\\/\",\"logo\":{\"@type\":\"ImageObject\",\"inLanguage\":\"fr-CA\",\"@id\":\"https:\\\/\\\/leger360.com\\\/fr\\\/#\\\/schema\\\/logo\\\/image\\\/\",\"url\":\"https:\\\/\\\/leger360.com\\\/wp-content\\\/uploads\\\/2024\\\/04\\\/2022-Logo-Leger-Blackred-g.png\",\"contentUrl\":\"https:\\\/\\\/leger360.com\\\/wp-content\\\/uploads\\\/2024\\\/04\\\/2022-Logo-Leger-Blackred-g.png\",\"width\":1195,\"height\":686,\"caption\":\"Leger\"},\"image\":{\"@id\":\"https:\\\/\\\/leger360.com\\\/fr\\\/#\\\/schema\\\/logo\\\/image\\\/\"},\"sameAs\":[\"https:\\\/\\\/www.facebook.com\\\/leger360\\\/\",\"https:\\\/\\\/x.com\\\/leger360\",\"https:\\\/\\\/www.linkedin.com\\\/company\\\/leger360\\\/\"],\"description\":\"Leger is one of North America\u2019s fastest-growing market research companies, known for our forward-thinking experts and innovative approaches powered by artificial intelligence (AI) technologies.\"},{\"@type\":\"Person\",\"@id\":\"https:\\\/\\\/leger360.com\\\/fr\\\/#\\\/schema\\\/person\\\/43248a6d6ede47760313670a4da0171f\",\"name\":\"Jonah Presser\",\"image\":{\"@type\":\"ImageObject\",\"inLanguage\":\"fr-CA\",\"@id\":\"https:\\\/\\\/secure.gravatar.com\\\/avatar\\\/30277f55803097542b5dc864a456580099248f68a36a21609d20a9da700098e3?s=96&d=mm&r=g\",\"url\":\"https:\\\/\\\/secure.gravatar.com\\\/avatar\\\/30277f55803097542b5dc864a456580099248f68a36a21609d20a9da700098e3?s=96&d=mm&r=g\",\"contentUrl\":\"https:\\\/\\\/secure.gravatar.com\\\/avatar\\\/30277f55803097542b5dc864a456580099248f68a36a21609d20a9da700098e3?s=96&d=mm&r=g\",\"caption\":\"Jonah Presser\"}}]}<\/script>\n<!-- \/ Yoast SEO Premium plugin. -->","yoast_head_json":{"title":"Tarifs douaniers de Trump : en t\u00eate des pr\u00e9occupations des Canadiens - Leger","description":"Un aper\u00e7u de la perception des populations canadiennes et am\u00e9ricaines sur les tarifs douaniers impos\u00e9s par Donald Trump.","robots":{"index":"index","follow":"follow","max-snippet":"max-snippet:-1","max-image-preview":"max-image-preview:large","max-video-preview":"max-video-preview:-1"},"canonical":"https:\/\/leger360.com\/fr\/dernieres-nouvelles-tracking-tarifs-de-trump-24-mars\/","og_locale":"fr_CA","og_type":"article","og_title":"Tarifs douaniers de Trump : en t\u00eate des pr\u00e9occupations des Canadiens","og_description":"Un aper\u00e7u de la perception des populations canadiennes et am\u00e9ricaines sur les tarifs douaniers impos\u00e9s par Donald Trump.","og_url":"https:\/\/leger360.com\/fr\/dernieres-nouvelles-tracking-tarifs-de-trump-24-mars\/","og_site_name":"Leger","article_publisher":"https:\/\/www.facebook.com\/leger360\/","article_published_time":"2025-03-27T08:00:00+00:00","article_modified_time":"2025-06-26T19:34:25+00:00","og_image":[{"width":1200,"height":751,"url":"https:\/\/leger360.com\/wp-content\/uploads\/2025\/02\/Canada-US-No-Leger-Logo.jpg","type":"image\/jpeg"}],"author":"Jonah Presser","twitter_card":"summary_large_image","twitter_creator":"@leger360","twitter_site":"@leger360","twitter_misc":{"\u00c9crit par":"Jonah Presser","Estimation du temps de lecture":"3 minutes"},"schema":{"@context":"https:\/\/schema.org","@graph":[{"@type":"Article","@id":"https:\/\/leger360.com\/fr\/dernieres-nouvelles-tracking-tarifs-de-trump-24-mars\/#article","isPartOf":{"@id":"https:\/\/leger360.com\/fr\/dernieres-nouvelles-tracking-tarifs-de-trump-24-mars\/"},"author":{"name":"Jonah Presser","@id":"https:\/\/leger360.com\/fr\/#\/schema\/person\/43248a6d6ede47760313670a4da0171f"},"headline":"Tarifs douaniers de Trump : en t\u00eate des pr\u00e9occupations des Canadiens","datePublished":"2025-03-27T08:00:00+00:00","dateModified":"2025-06-26T19:34:25+00:00","mainEntityOfPage":{"@id":"https:\/\/leger360.com\/fr\/dernieres-nouvelles-tracking-tarifs-de-trump-24-mars\/"},"wordCount":614,"publisher":{"@id":"https:\/\/leger360.com\/fr\/#organization"},"image":{"@id":"https:\/\/leger360.com\/fr\/dernieres-nouvelles-tracking-tarifs-de-trump-24-mars\/#primaryimage"},"thumbnailUrl":"https:\/\/leger360.com\/wp-content\/uploads\/2025\/02\/Canada-US-No-Leger-Logo.jpg","articleSection":["In the news"],"inLanguage":"fr-CA"},{"@type":"WebPage","@id":"https:\/\/leger360.com\/fr\/dernieres-nouvelles-tracking-tarifs-de-trump-24-mars\/","url":"https:\/\/leger360.com\/fr\/dernieres-nouvelles-tracking-tarifs-de-trump-24-mars\/","name":"Tarifs douaniers de Trump : en t\u00eate des pr\u00e9occupations des Canadiens - Leger","isPartOf":{"@id":"https:\/\/leger360.com\/fr\/#website"},"primaryImageOfPage":{"@id":"https:\/\/leger360.com\/fr\/dernieres-nouvelles-tracking-tarifs-de-trump-24-mars\/#primaryimage"},"image":{"@id":"https:\/\/leger360.com\/fr\/dernieres-nouvelles-tracking-tarifs-de-trump-24-mars\/#primaryimage"},"thumbnailUrl":"https:\/\/leger360.com\/wp-content\/uploads\/2025\/02\/Canada-US-No-Leger-Logo.jpg","datePublished":"2025-03-27T08:00:00+00:00","dateModified":"2025-06-26T19:34:25+00:00","description":"Un aper\u00e7u de la perception des populations canadiennes et am\u00e9ricaines sur les tarifs douaniers impos\u00e9s par Donald Trump.","breadcrumb":{"@id":"https:\/\/leger360.com\/fr\/dernieres-nouvelles-tracking-tarifs-de-trump-24-mars\/#breadcrumb"},"inLanguage":"fr-CA","potentialAction":[{"@type":"ReadAction","target":["https:\/\/leger360.com\/fr\/dernieres-nouvelles-tracking-tarifs-de-trump-24-mars\/"]}]},{"@type":"ImageObject","inLanguage":"fr-CA","@id":"https:\/\/leger360.com\/fr\/dernieres-nouvelles-tracking-tarifs-de-trump-24-mars\/#primaryimage","url":"https:\/\/leger360.com\/wp-content\/uploads\/2025\/02\/Canada-US-No-Leger-Logo.jpg","contentUrl":"https:\/\/leger360.com\/wp-content\/uploads\/2025\/02\/Canada-US-No-Leger-Logo.jpg","width":1200,"height":751},{"@type":"BreadcrumbList","@id":"https:\/\/leger360.com\/fr\/dernieres-nouvelles-tracking-tarifs-de-trump-24-mars\/#breadcrumb","itemListElement":[{"@type":"ListItem","position":1,"name":"Home","item":"https:\/\/leger360.com\/fr\/"},{"@type":"ListItem","position":2,"name":"Tarifs douaniers de Trump : en t\u00eate des pr\u00e9occupations des Canadiens"}]},{"@type":"WebSite","@id":"https:\/\/leger360.com\/fr\/#website","url":"https:\/\/leger360.com\/fr\/","name":"Leger","description":"Market Research | Data Analytics","publisher":{"@id":"https:\/\/leger360.com\/fr\/#organization"},"potentialAction":[{"@type":"SearchAction","target":{"@type":"EntryPoint","urlTemplate":"https:\/\/leger360.com\/fr\/?s={search_term_string}"},"query-input":{"@type":"PropertyValueSpecification","valueRequired":true,"valueName":"search_term_string"}}],"inLanguage":"fr-CA"},{"@type":"Organization","@id":"https:\/\/leger360.com\/fr\/#organization","name":"Leger","url":"https:\/\/leger360.com\/fr\/","logo":{"@type":"ImageObject","inLanguage":"fr-CA","@id":"https:\/\/leger360.com\/fr\/#\/schema\/logo\/image\/","url":"https:\/\/leger360.com\/wp-content\/uploads\/2024\/04\/2022-Logo-Leger-Blackred-g.png","contentUrl":"https:\/\/leger360.com\/wp-content\/uploads\/2024\/04\/2022-Logo-Leger-Blackred-g.png","width":1195,"height":686,"caption":"Leger"},"image":{"@id":"https:\/\/leger360.com\/fr\/#\/schema\/logo\/image\/"},"sameAs":["https:\/\/www.facebook.com\/leger360\/","https:\/\/x.com\/leger360","https:\/\/www.linkedin.com\/company\/leger360\/"],"description":"Leger is one of North America\u2019s fastest-growing market research companies, known for our forward-thinking experts and innovative approaches powered by artificial intelligence (AI) technologies."},{"@type":"Person","@id":"https:\/\/leger360.com\/fr\/#\/schema\/person\/43248a6d6ede47760313670a4da0171f","name":"Jonah Presser","image":{"@type":"ImageObject","inLanguage":"fr-CA","@id":"https:\/\/secure.gravatar.com\/avatar\/30277f55803097542b5dc864a456580099248f68a36a21609d20a9da700098e3?s=96&d=mm&r=g","url":"https:\/\/secure.gravatar.com\/avatar\/30277f55803097542b5dc864a456580099248f68a36a21609d20a9da700098e3?s=96&d=mm&r=g","contentUrl":"https:\/\/secure.gravatar.com\/avatar\/30277f55803097542b5dc864a456580099248f68a36a21609d20a9da700098e3?s=96&d=mm&r=g","caption":"Jonah Presser"}}]}},"_links":{"self":[{"href":"https:\/\/leger360.com\/fr\/wp-json\/wp\/v2\/posts\/23450","targetHints":{"allow":["GET"]}}],"collection":[{"href":"https:\/\/leger360.com\/fr\/wp-json\/wp\/v2\/posts"}],"about":[{"href":"https:\/\/leger360.com\/fr\/wp-json\/wp\/v2\/types\/post"}],"author":[{"embeddable":true,"href":"https:\/\/leger360.com\/fr\/wp-json\/wp\/v2\/users\/13"}],"replies":[{"embeddable":true,"href":"https:\/\/leger360.com\/fr\/wp-json\/wp\/v2\/comments?post=23450"}],"version-history":[{"count":0,"href":"https:\/\/leger360.com\/fr\/wp-json\/wp\/v2\/posts\/23450\/revisions"}],"wp:featuredmedia":[{"embeddable":true,"href":"https:\/\/leger360.com\/fr\/wp-json\/wp\/v2\/media\/23187"}],"wp:attachment":[{"href":"https:\/\/leger360.com\/fr\/wp-json\/wp\/v2\/media?parent=23450"}],"wp:term":[{"taxonomy":"category","embeddable":true,"href":"https:\/\/leger360.com\/fr\/wp-json\/wp\/v2\/categories?post=23450"},{"taxonomy":"post_tag","embeddable":true,"href":"https:\/\/leger360.com\/fr\/wp-json\/wp\/v2\/tags?post=23450"},{"taxonomy":"post_language_cat","embeddable":true,"href":"https:\/\/leger360.com\/fr\/wp-json\/wp\/v2\/post_language_cat?post=23450"}],"curies":[{"name":"wp","href":"https:\/\/api.w.org\/{rel}","templated":true}]}}