{"id":23562,"date":"2025-04-05T05:55:00","date_gmt":"2025-04-05T09:55:00","guid":{"rendered":"https:\/\/leger360.com\/?p=23562"},"modified":"2025-06-26T15:35:50","modified_gmt":"2025-06-26T19:35:50","slug":"dernieres-nouvelles-trois-pays-trois-perspectives","status":"publish","type":"post","link":"https:\/\/leger360.com\/fr\/dernieres-nouvelles-trois-pays-trois-perspectives\/","title":{"rendered":"Trois pays, trois perspectives : les tarifs douaniers influencent les points de vue en Am\u00e9rique du Nord"},"content":{"rendered":"<p>[et_pb_section fb_built=\u00a0\u00bb1&Prime; _builder_version=\u00a0\u00bb4.27.4&Prime; _module_preset=\u00a0\u00bbdefault\u00a0\u00bb global_colors_info=\u00a0\u00bb{}\u00a0\u00bb][et_pb_row _builder_version=\u00a0\u00bb4.27.4&Prime; _module_preset=\u00a0\u00bbdefault\u00a0\u00bb global_colors_info=\u00a0\u00bb{}\u00a0\u00bb][et_pb_column type=\u00a0\u00bb4_4&Prime; _builder_version=\u00a0\u00bb4.27.4&Prime; _module_preset=\u00a0\u00bbdefault\u00a0\u00bb global_colors_info=\u00a0\u00bb{}\u00a0\u00bb][et_pb_text _builder_version=\u00a0\u00bb4.27.4&Prime; _module_preset=\u00a0\u00bbdefault\u00a0\u00bb global_colors_info=\u00a0\u00bb{}\u00a0\u00bb]<\/p>\n<p>Cette semaine, nous avons r\u00e9alis\u00e9 un sondage sp\u00e9cial aupr\u00e8s de Canadiens, d&rsquo;Am\u00e9ricains et de Mexicains pour conna\u00eetre leurs points de vue sur la politique, l&rsquo;\u00e9conomie et la finance.<\/p>\n<p>[\/et_pb_text][et_pb_image src=\u00a0\u00bbhttps:\/\/leger360.com\/wp-content\/uploads\/2025\/04\/CTV-Leger-Logo.jpg\u00a0\u00bb title_text=\u00a0\u00bbCTV &#8211; Leger Logo\u00a0\u00bb url=\u00a0\u00bb@ET-DC@eyJkeW5hbWljIjp0cnVlLCJjb250ZW50IjoicG9zdF9saW5rX3VybF9hdHRhY2htZW50Iiwic2V0dGluZ3MiOnsicG9zdF9pZCI6IjIzNTczIn19@\u00a0\u00bb _builder_version=\u00a0\u00bb4.27.4&Prime; _dynamic_attributes=\u00a0\u00bburl\u00a0\u00bb _module_preset=\u00a0\u00bbdefault\u00a0\u00bb hover_enabled=\u00a0\u00bb0&Prime; global_colors_info=\u00a0\u00bb{}\u00a0\u00bb sticky_enabled=\u00a0\u00bb0&Prime;][\/et_pb_image][et_pb_button button_url=\u00a0\u00bb@ET-DC@eyJkeW5hbWljIjp0cnVlLCJjb250ZW50IjoicG9zdF9saW5rX3VybF9hdHRhY2htZW50Iiwic2V0dGluZ3MiOnsicG9zdF9pZCI6IjIzNTczIn19@\u00a0\u00bb button_text=\u00a0\u00bbT\u00e9l\u00e9chargez le rapport pour en apprendre plus\u00a0\u00bb button_alignment=\u00a0\u00bbcenter\u00a0\u00bb _builder_version=\u00a0\u00bb4.27.4&Prime; _dynamic_attributes=\u00a0\u00bbbutton_url\u00a0\u00bb _module_preset=\u00a0\u00bbdefault\u00a0\u00bb hover_enabled=\u00a0\u00bb0&Prime; global_colors_info=\u00a0\u00bb{}\u00a0\u00bb sticky_enabled=\u00a0\u00bb0&Prime;][\/et_pb_button][et_pb_text _builder_version=\u00a0\u00bb4.27.4&Prime; _module_preset=\u00a0\u00bbdefault\u00a0\u00bb global_colors_info=\u00a0\u00bb{}\u00a0\u00bb]<\/p>\n<h2>Les <b>principaux r\u00e9sultats <\/b>de notre \u00e9tude&#8230;<\/h2>\n<h3><b>Les tarifs de Trump sont une pr\u00e9occupation majeure au Canada et au Mexique<\/b><\/h3>\n<p>Les tarifs douaniers impos\u00e9s par le pr\u00e9sident Donald Trump sont consid\u00e9r\u00e9s comme un probl\u00e8me majeur au Canada et au Mexique. Au Canada, plus d&rsquo;un tiers des r\u00e9pondants (38 %) identifient les tarifs douaniers de Trump comme le probl\u00e8me le plus important auquel le pays est confront\u00e9. Au Mexique, 18 % des personnes interrog\u00e9es sont du m\u00eame avis, ce qui en fait le troisi\u00e8me probl\u00e8me le plus important apr\u00e8s la criminalit\u00e9 et la s\u00e9curit\u00e9 (31 %) et les cartels de la drogue et le crime organis\u00e9 (19 %). En revanche, seulement 1 % des Am\u00e9ricains consid\u00e8rent les pratiques commerciales d\u00e9loyales du Canada et du Mexique comme le probl\u00e8me le plus urgent pour les \u00c9tats-Unis.<\/p>\n<p>En outre, une forte majorit\u00e9 de Canadiens (87 %) et de Mexicains (84 %) pensent que les droits de douane sur les exportations vers les \u00c9tats-Unis auront un impact n\u00e9gatif sur l&rsquo;\u00e9conomie de leur pays. Aux \u00c9tats-Unis, 52 % des personnes interrog\u00e9es estiment que les droits de douane auront un impact n\u00e9gatif, tandis que 29 % pensent qu&rsquo;ils auront un impact positif.<\/p>\n<h3><b>Trump: mal per\u00e7u par la plupart des Canadiens et des Mexicains<\/b><\/h3>\n<p>81% des Canadiens et 76% des Mexicains ont une opinion d\u00e9favorable de Donald Trump. L&rsquo;opinion publique est plus divis\u00e9e aux \u00c9tats-Unis : 48 % des Am\u00e9ricains ont une opinion d\u00e9favorable de Trump, tandis que 41 % ont une opinion favorable.<\/p>\n<h3><b>Le Mexique est le plus favorable \u00e0 l&rsquo;accord commercial<\/b><\/h3>\n<p>Le soutien \u00e0 un futur accord de libre-\u00e9change entre le Canada, les \u00c9tats-Unis et le Mexique est le plus \u00e9lev\u00e9 chez les Mexicains, o\u00f9 76 % des personnes interrog\u00e9es y sont favorables, ce qui est nettement plus \u00e9lev\u00e9 qu&rsquo;au Canada (52 %) et aux \u00c9tats-Unis (53 %).<\/p>\n<h3><b>La frustration vise d&rsquo;abord Trump, et non les \u00c9tats-Unis<\/b><\/h3>\n<p>Interrog\u00e9s sur la source de leur frustration \u00e0 l&rsquo;\u00e9gard des \u00c9tats-Unis, une nette majorit\u00e9 de Canadiens (64 %) et de Mexicains (59 %) affirment qu&rsquo;elle est davantage dirig\u00e9e contre le pr\u00e9sident Donald Trump en particulier, plut\u00f4t que contre les \u00c9tats-Unis en tant que pays. Cependant, malgr\u00e9 cette distinction, 43 % des Canadiens et 35 % des Mexicains consid\u00e8rent toujours les \u00c9tats-Unis comme un pays ennemi.<\/p>\n<p>[\/et_pb_text][et_pb_text _builder_version=\u00a0\u00bb4.27.4&Prime; _module_preset=\u00a0\u00bbdefault\u00a0\u00bb global_colors_info=\u00a0\u00bb{}\u00a0\u00bb]<\/p>\n<h2>M\u00e9thodologie<\/h2>\n<p><span>Ce sondage web sur l\u2019\u00e9conomie a \u00e9t\u00e9 r\u00e9alis\u00e9 du 28 au 30 mars 2025 aupr\u00e8s de 1 628 Canadiens, et 1 013 Am\u00e9ricains \u00e2g\u00e9s de 18 ans ou plus, et du 26 au 31 mars 2025 aupr\u00e8s de 1 003 Mexicains, le recrutement ayant \u00e9t\u00e9 effectu\u00e9 al\u00e9atoirement \u00e0 partir du panel en ligne LEO. Un fournisseur externe a \u00e9t\u00e9 utilis\u00e9 pour la portion du projet r\u00e9alis\u00e9e au Mexique. Une marge d\u2019erreur ne peut pas \u00eatre associ\u00e9e \u00e0 un \u00e9chantillon non probabiliste dans le cadre d\u2019un sondage par panel. \u00c0 des fins de comparaison, un \u00e9chantillon probabiliste de cette taille aurait une marge d\u2019erreur d\u2019au plus \u00b12,47%, (19 fois sur 20) pour l\u2019\u00e9chantillon canadien, \u00b13,08%, (19 fois sur 20) pour l\u2019\u00e9chantillon am\u00e9ricain, et \u00b13,09%, (19 fois sur 20) pour l\u2019\u00e9chantillon mexicain.<\/span><\/p>\n<p>[\/et_pb_text][\/et_pb_column][\/et_pb_row][\/et_pb_section]<\/p>\n","protected":false},"excerpt":{"rendered":"<p>Cette semaine, nous avons r\u00e9alis\u00e9 un sondage sp\u00e9cial aupr\u00e8s de Canadiens, d&rsquo;Am\u00e9ricains et de Mexicains pour conna\u00eetre leurs points de vue sur la politique, l&rsquo;\u00e9conomie et la finance.Les principaux r\u00e9sultats de notre \u00e9tude&#8230; Les tarifs de Trump sont une pr\u00e9occupation majeure au Canada et au Mexique Les tarifs douaniers impos\u00e9s par le pr\u00e9sident Donald Trump sont consid\u00e9r\u00e9s comme un probl\u00e8me majeur au Canada et au Mexique. Au Canada, plus d&rsquo;un tiers des r\u00e9pondants (38 %) identifient les tarifs douaniers de Trump comme le probl\u00e8me le plus important auquel le pays est confront\u00e9. Au Mexique, 18 % des personnes interrog\u00e9es sont du m\u00eame avis, ce qui en fait le troisi\u00e8me probl\u00e8me le plus important apr\u00e8s la criminalit\u00e9 et la s\u00e9curit\u00e9 (31 %) et les cartels de la drogue et le crime organis\u00e9 (19 %). En revanche, seulement 1 % des Am\u00e9ricains consid\u00e8rent les pratiques commerciales d\u00e9loyales du Canada et du Mexique comme le probl\u00e8me le plus urgent pour les \u00c9tats-Unis. En outre, une forte majorit\u00e9 de Canadiens (87 %) et de Mexicains (84 %) pensent que les droits de douane sur les exportations vers les \u00c9tats-Unis auront un impact n\u00e9gatif sur l&rsquo;\u00e9conomie de leur pays. Aux \u00c9tats-Unis, 52 % des personnes [&hellip;]<\/p>\n","protected":false},"author":12,"featured_media":23556,"comment_status":"closed","ping_status":"closed","sticky":false,"template":"","format":"standard","meta":{"_acf_changed":false,"_et_pb_use_builder":"on","_et_pb_old_content":"","_et_gb_content_width":"","content-type":"","inline_featured_image":false,"footnotes":""},"categories":[35],"tags":[],"post_language_cat":[42],"class_list":["post-23562","post","type-post","status-publish","format-standard","has-post-thumbnail","hentry","category-in-the-news","post_language_cat-fr-in-the-news"],"acf":[],"yoast_head":"<!-- This site is optimized with the Yoast SEO Premium plugin v27.4 (Yoast SEO v27.4) - https:\/\/yoast.com\/product\/yoast-seo-premium-wordpress\/ -->\n<title>Trois pays, trois perspectives : les tarifs douaniers influencent les points de vue en Am\u00e9rique du Nord - Leger<\/title>\n<meta name=\"description\" content=\"T\u00e9l\u00e9chargez le rapport pour comprendre les points de vue des Canadiens, Am\u00e9ricains et Mexicains sur les tarifs douaniers.\" \/>\n<meta name=\"robots\" content=\"index, follow, max-snippet:-1, max-image-preview:large, max-video-preview:-1\" \/>\n<link rel=\"canonical\" href=\"https:\/\/leger360.com\/fr\/dernieres-nouvelles-trois-pays-trois-perspectives\/\" \/>\n<meta property=\"og:locale\" content=\"fr_CA\" \/>\n<meta property=\"og:type\" content=\"article\" \/>\n<meta property=\"og:title\" content=\"Trois pays, trois perspectives : les tarifs douaniers influencent les points de vue en Am\u00e9rique du Nord\" \/>\n<meta property=\"og:description\" content=\"T\u00e9l\u00e9chargez le rapport pour comprendre les points de vue des Canadiens, Am\u00e9ricains et Mexicains sur les tarifs douaniers.\" \/>\n<meta property=\"og:url\" content=\"https:\/\/leger360.com\/fr\/dernieres-nouvelles-trois-pays-trois-perspectives\/\" \/>\n<meta property=\"og:site_name\" content=\"Leger\" \/>\n<meta property=\"article:publisher\" content=\"https:\/\/www.facebook.com\/leger360\/\" \/>\n<meta property=\"article:published_time\" content=\"2025-04-05T09:55:00+00:00\" \/>\n<meta property=\"article:modified_time\" content=\"2025-06-26T19:35:50+00:00\" \/>\n<meta property=\"og:image\" content=\"https:\/\/leger360.com\/wp-content\/uploads\/2025\/04\/CTV-No-Leger-Logo.jpg\" \/>\n\t<meta property=\"og:image:width\" content=\"1200\" \/>\n\t<meta property=\"og:image:height\" content=\"751\" \/>\n\t<meta property=\"og:image:type\" content=\"image\/jpeg\" \/>\n<meta name=\"author\" content=\"Daphn\u00e9e Malboeuf\" \/>\n<meta name=\"twitter:card\" content=\"summary_large_image\" \/>\n<meta name=\"twitter:creator\" content=\"@leger360\" \/>\n<meta name=\"twitter:site\" content=\"@leger360\" \/>\n<meta name=\"twitter:label1\" content=\"\u00c9crit par\" \/>\n\t<meta name=\"twitter:data1\" content=\"Daphn\u00e9e Malboeuf\" \/>\n\t<meta name=\"twitter:label2\" content=\"Estimation du temps de lecture\" \/>\n\t<meta name=\"twitter:data2\" content=\"4 minutes\" \/>\n<script type=\"application\/ld+json\" class=\"yoast-schema-graph\">{\"@context\":\"https:\\\/\\\/schema.org\",\"@graph\":[{\"@type\":\"Article\",\"@id\":\"https:\\\/\\\/leger360.com\\\/fr\\\/dernieres-nouvelles-trois-pays-trois-perspectives\\\/#article\",\"isPartOf\":{\"@id\":\"https:\\\/\\\/leger360.com\\\/fr\\\/dernieres-nouvelles-trois-pays-trois-perspectives\\\/\"},\"author\":{\"name\":\"Daphn\u00e9e Malboeuf\",\"@id\":\"https:\\\/\\\/leger360.com\\\/fr\\\/#\\\/schema\\\/person\\\/c6208ecb57876af9652d81aadd00749f\"},\"headline\":\"Trois pays, trois perspectives : les tarifs douaniers influencent les points de vue en Am\u00e9rique du Nord\",\"datePublished\":\"2025-04-05T09:55:00+00:00\",\"dateModified\":\"2025-06-26T19:35:50+00:00\",\"mainEntityOfPage\":{\"@id\":\"https:\\\/\\\/leger360.com\\\/fr\\\/dernieres-nouvelles-trois-pays-trois-perspectives\\\/\"},\"wordCount\":752,\"publisher\":{\"@id\":\"https:\\\/\\\/leger360.com\\\/fr\\\/#organization\"},\"image\":{\"@id\":\"https:\\\/\\\/leger360.com\\\/fr\\\/dernieres-nouvelles-trois-pays-trois-perspectives\\\/#primaryimage\"},\"thumbnailUrl\":\"https:\\\/\\\/leger360.com\\\/wp-content\\\/uploads\\\/2025\\\/04\\\/CTV-No-Leger-Logo.jpg\",\"articleSection\":[\"In the news\"],\"inLanguage\":\"fr-CA\"},{\"@type\":\"WebPage\",\"@id\":\"https:\\\/\\\/leger360.com\\\/fr\\\/dernieres-nouvelles-trois-pays-trois-perspectives\\\/\",\"url\":\"https:\\\/\\\/leger360.com\\\/fr\\\/dernieres-nouvelles-trois-pays-trois-perspectives\\\/\",\"name\":\"Trois pays, trois perspectives : les tarifs douaniers influencent les points de vue en Am\u00e9rique du Nord - Leger\",\"isPartOf\":{\"@id\":\"https:\\\/\\\/leger360.com\\\/fr\\\/#website\"},\"primaryImageOfPage\":{\"@id\":\"https:\\\/\\\/leger360.com\\\/fr\\\/dernieres-nouvelles-trois-pays-trois-perspectives\\\/#primaryimage\"},\"image\":{\"@id\":\"https:\\\/\\\/leger360.com\\\/fr\\\/dernieres-nouvelles-trois-pays-trois-perspectives\\\/#primaryimage\"},\"thumbnailUrl\":\"https:\\\/\\\/leger360.com\\\/wp-content\\\/uploads\\\/2025\\\/04\\\/CTV-No-Leger-Logo.jpg\",\"datePublished\":\"2025-04-05T09:55:00+00:00\",\"dateModified\":\"2025-06-26T19:35:50+00:00\",\"description\":\"T\u00e9l\u00e9chargez le rapport pour comprendre les points de vue des Canadiens, Am\u00e9ricains et Mexicains sur les tarifs douaniers.\",\"breadcrumb\":{\"@id\":\"https:\\\/\\\/leger360.com\\\/fr\\\/dernieres-nouvelles-trois-pays-trois-perspectives\\\/#breadcrumb\"},\"inLanguage\":\"fr-CA\",\"potentialAction\":[{\"@type\":\"ReadAction\",\"target\":[\"https:\\\/\\\/leger360.com\\\/fr\\\/dernieres-nouvelles-trois-pays-trois-perspectives\\\/\"]}]},{\"@type\":\"ImageObject\",\"inLanguage\":\"fr-CA\",\"@id\":\"https:\\\/\\\/leger360.com\\\/fr\\\/dernieres-nouvelles-trois-pays-trois-perspectives\\\/#primaryimage\",\"url\":\"https:\\\/\\\/leger360.com\\\/wp-content\\\/uploads\\\/2025\\\/04\\\/CTV-No-Leger-Logo.jpg\",\"contentUrl\":\"https:\\\/\\\/leger360.com\\\/wp-content\\\/uploads\\\/2025\\\/04\\\/CTV-No-Leger-Logo.jpg\",\"width\":1200,\"height\":751},{\"@type\":\"BreadcrumbList\",\"@id\":\"https:\\\/\\\/leger360.com\\\/fr\\\/dernieres-nouvelles-trois-pays-trois-perspectives\\\/#breadcrumb\",\"itemListElement\":[{\"@type\":\"ListItem\",\"position\":1,\"name\":\"Home\",\"item\":\"https:\\\/\\\/leger360.com\\\/fr\\\/\"},{\"@type\":\"ListItem\",\"position\":2,\"name\":\"Trois pays, trois perspectives : les tarifs douaniers influencent les points de vue en Am\u00e9rique du Nord\"}]},{\"@type\":\"WebSite\",\"@id\":\"https:\\\/\\\/leger360.com\\\/fr\\\/#website\",\"url\":\"https:\\\/\\\/leger360.com\\\/fr\\\/\",\"name\":\"Leger\",\"description\":\"Market Research | Data Analytics\",\"publisher\":{\"@id\":\"https:\\\/\\\/leger360.com\\\/fr\\\/#organization\"},\"potentialAction\":[{\"@type\":\"SearchAction\",\"target\":{\"@type\":\"EntryPoint\",\"urlTemplate\":\"https:\\\/\\\/leger360.com\\\/fr\\\/?s={search_term_string}\"},\"query-input\":{\"@type\":\"PropertyValueSpecification\",\"valueRequired\":true,\"valueName\":\"search_term_string\"}}],\"inLanguage\":\"fr-CA\"},{\"@type\":\"Organization\",\"@id\":\"https:\\\/\\\/leger360.com\\\/fr\\\/#organization\",\"name\":\"Leger\",\"url\":\"https:\\\/\\\/leger360.com\\\/fr\\\/\",\"logo\":{\"@type\":\"ImageObject\",\"inLanguage\":\"fr-CA\",\"@id\":\"https:\\\/\\\/leger360.com\\\/fr\\\/#\\\/schema\\\/logo\\\/image\\\/\",\"url\":\"https:\\\/\\\/leger360.com\\\/wp-content\\\/uploads\\\/2024\\\/04\\\/2022-Logo-Leger-Blackred-g.png\",\"contentUrl\":\"https:\\\/\\\/leger360.com\\\/wp-content\\\/uploads\\\/2024\\\/04\\\/2022-Logo-Leger-Blackred-g.png\",\"width\":1195,\"height\":686,\"caption\":\"Leger\"},\"image\":{\"@id\":\"https:\\\/\\\/leger360.com\\\/fr\\\/#\\\/schema\\\/logo\\\/image\\\/\"},\"sameAs\":[\"https:\\\/\\\/www.facebook.com\\\/leger360\\\/\",\"https:\\\/\\\/x.com\\\/leger360\",\"https:\\\/\\\/www.linkedin.com\\\/company\\\/leger360\\\/\"],\"description\":\"Leger is one of North America\u2019s fastest-growing market research companies, known for our forward-thinking experts and innovative approaches powered by artificial intelligence (AI) technologies.\"},{\"@type\":\"Person\",\"@id\":\"https:\\\/\\\/leger360.com\\\/fr\\\/#\\\/schema\\\/person\\\/c6208ecb57876af9652d81aadd00749f\",\"name\":\"Daphn\u00e9e Malboeuf\",\"image\":{\"@type\":\"ImageObject\",\"inLanguage\":\"fr-CA\",\"@id\":\"https:\\\/\\\/secure.gravatar.com\\\/avatar\\\/205fe405426f600da6d7abba710f876cf1bfecbdefc77d2d394313a49e595dfc?s=96&d=mm&r=g\",\"url\":\"https:\\\/\\\/secure.gravatar.com\\\/avatar\\\/205fe405426f600da6d7abba710f876cf1bfecbdefc77d2d394313a49e595dfc?s=96&d=mm&r=g\",\"contentUrl\":\"https:\\\/\\\/secure.gravatar.com\\\/avatar\\\/205fe405426f600da6d7abba710f876cf1bfecbdefc77d2d394313a49e595dfc?s=96&d=mm&r=g\",\"caption\":\"Daphn\u00e9e Malboeuf\"}}]}<\/script>\n<!-- \/ Yoast SEO Premium plugin. -->","yoast_head_json":{"title":"Trois pays, trois perspectives : les tarifs douaniers influencent les points de vue en Am\u00e9rique du Nord - Leger","description":"T\u00e9l\u00e9chargez le rapport pour comprendre les points de vue des Canadiens, Am\u00e9ricains et Mexicains sur les tarifs douaniers.","robots":{"index":"index","follow":"follow","max-snippet":"max-snippet:-1","max-image-preview":"max-image-preview:large","max-video-preview":"max-video-preview:-1"},"canonical":"https:\/\/leger360.com\/fr\/dernieres-nouvelles-trois-pays-trois-perspectives\/","og_locale":"fr_CA","og_type":"article","og_title":"Trois pays, trois perspectives : les tarifs douaniers influencent les points de vue en Am\u00e9rique du Nord","og_description":"T\u00e9l\u00e9chargez le rapport pour comprendre les points de vue des Canadiens, Am\u00e9ricains et Mexicains sur les tarifs douaniers.","og_url":"https:\/\/leger360.com\/fr\/dernieres-nouvelles-trois-pays-trois-perspectives\/","og_site_name":"Leger","article_publisher":"https:\/\/www.facebook.com\/leger360\/","article_published_time":"2025-04-05T09:55:00+00:00","article_modified_time":"2025-06-26T19:35:50+00:00","og_image":[{"width":1200,"height":751,"url":"https:\/\/leger360.com\/wp-content\/uploads\/2025\/04\/CTV-No-Leger-Logo.jpg","type":"image\/jpeg"}],"author":"Daphn\u00e9e Malboeuf","twitter_card":"summary_large_image","twitter_creator":"@leger360","twitter_site":"@leger360","twitter_misc":{"\u00c9crit par":"Daphn\u00e9e Malboeuf","Estimation du temps de lecture":"4 minutes"},"schema":{"@context":"https:\/\/schema.org","@graph":[{"@type":"Article","@id":"https:\/\/leger360.com\/fr\/dernieres-nouvelles-trois-pays-trois-perspectives\/#article","isPartOf":{"@id":"https:\/\/leger360.com\/fr\/dernieres-nouvelles-trois-pays-trois-perspectives\/"},"author":{"name":"Daphn\u00e9e Malboeuf","@id":"https:\/\/leger360.com\/fr\/#\/schema\/person\/c6208ecb57876af9652d81aadd00749f"},"headline":"Trois pays, trois perspectives : les tarifs douaniers influencent les points de vue en Am\u00e9rique du Nord","datePublished":"2025-04-05T09:55:00+00:00","dateModified":"2025-06-26T19:35:50+00:00","mainEntityOfPage":{"@id":"https:\/\/leger360.com\/fr\/dernieres-nouvelles-trois-pays-trois-perspectives\/"},"wordCount":752,"publisher":{"@id":"https:\/\/leger360.com\/fr\/#organization"},"image":{"@id":"https:\/\/leger360.com\/fr\/dernieres-nouvelles-trois-pays-trois-perspectives\/#primaryimage"},"thumbnailUrl":"https:\/\/leger360.com\/wp-content\/uploads\/2025\/04\/CTV-No-Leger-Logo.jpg","articleSection":["In the news"],"inLanguage":"fr-CA"},{"@type":"WebPage","@id":"https:\/\/leger360.com\/fr\/dernieres-nouvelles-trois-pays-trois-perspectives\/","url":"https:\/\/leger360.com\/fr\/dernieres-nouvelles-trois-pays-trois-perspectives\/","name":"Trois pays, trois perspectives : les tarifs douaniers influencent les points de vue en Am\u00e9rique du Nord - Leger","isPartOf":{"@id":"https:\/\/leger360.com\/fr\/#website"},"primaryImageOfPage":{"@id":"https:\/\/leger360.com\/fr\/dernieres-nouvelles-trois-pays-trois-perspectives\/#primaryimage"},"image":{"@id":"https:\/\/leger360.com\/fr\/dernieres-nouvelles-trois-pays-trois-perspectives\/#primaryimage"},"thumbnailUrl":"https:\/\/leger360.com\/wp-content\/uploads\/2025\/04\/CTV-No-Leger-Logo.jpg","datePublished":"2025-04-05T09:55:00+00:00","dateModified":"2025-06-26T19:35:50+00:00","description":"T\u00e9l\u00e9chargez le rapport pour comprendre les points de vue des Canadiens, Am\u00e9ricains et Mexicains sur les tarifs douaniers.","breadcrumb":{"@id":"https:\/\/leger360.com\/fr\/dernieres-nouvelles-trois-pays-trois-perspectives\/#breadcrumb"},"inLanguage":"fr-CA","potentialAction":[{"@type":"ReadAction","target":["https:\/\/leger360.com\/fr\/dernieres-nouvelles-trois-pays-trois-perspectives\/"]}]},{"@type":"ImageObject","inLanguage":"fr-CA","@id":"https:\/\/leger360.com\/fr\/dernieres-nouvelles-trois-pays-trois-perspectives\/#primaryimage","url":"https:\/\/leger360.com\/wp-content\/uploads\/2025\/04\/CTV-No-Leger-Logo.jpg","contentUrl":"https:\/\/leger360.com\/wp-content\/uploads\/2025\/04\/CTV-No-Leger-Logo.jpg","width":1200,"height":751},{"@type":"BreadcrumbList","@id":"https:\/\/leger360.com\/fr\/dernieres-nouvelles-trois-pays-trois-perspectives\/#breadcrumb","itemListElement":[{"@type":"ListItem","position":1,"name":"Home","item":"https:\/\/leger360.com\/fr\/"},{"@type":"ListItem","position":2,"name":"Trois pays, trois perspectives : les tarifs douaniers influencent les points de vue en Am\u00e9rique du Nord"}]},{"@type":"WebSite","@id":"https:\/\/leger360.com\/fr\/#website","url":"https:\/\/leger360.com\/fr\/","name":"Leger","description":"Market Research | Data Analytics","publisher":{"@id":"https:\/\/leger360.com\/fr\/#organization"},"potentialAction":[{"@type":"SearchAction","target":{"@type":"EntryPoint","urlTemplate":"https:\/\/leger360.com\/fr\/?s={search_term_string}"},"query-input":{"@type":"PropertyValueSpecification","valueRequired":true,"valueName":"search_term_string"}}],"inLanguage":"fr-CA"},{"@type":"Organization","@id":"https:\/\/leger360.com\/fr\/#organization","name":"Leger","url":"https:\/\/leger360.com\/fr\/","logo":{"@type":"ImageObject","inLanguage":"fr-CA","@id":"https:\/\/leger360.com\/fr\/#\/schema\/logo\/image\/","url":"https:\/\/leger360.com\/wp-content\/uploads\/2024\/04\/2022-Logo-Leger-Blackred-g.png","contentUrl":"https:\/\/leger360.com\/wp-content\/uploads\/2024\/04\/2022-Logo-Leger-Blackred-g.png","width":1195,"height":686,"caption":"Leger"},"image":{"@id":"https:\/\/leger360.com\/fr\/#\/schema\/logo\/image\/"},"sameAs":["https:\/\/www.facebook.com\/leger360\/","https:\/\/x.com\/leger360","https:\/\/www.linkedin.com\/company\/leger360\/"],"description":"Leger is one of North America\u2019s fastest-growing market research companies, known for our forward-thinking experts and innovative approaches powered by artificial intelligence (AI) technologies."},{"@type":"Person","@id":"https:\/\/leger360.com\/fr\/#\/schema\/person\/c6208ecb57876af9652d81aadd00749f","name":"Daphn\u00e9e Malboeuf","image":{"@type":"ImageObject","inLanguage":"fr-CA","@id":"https:\/\/secure.gravatar.com\/avatar\/205fe405426f600da6d7abba710f876cf1bfecbdefc77d2d394313a49e595dfc?s=96&d=mm&r=g","url":"https:\/\/secure.gravatar.com\/avatar\/205fe405426f600da6d7abba710f876cf1bfecbdefc77d2d394313a49e595dfc?s=96&d=mm&r=g","contentUrl":"https:\/\/secure.gravatar.com\/avatar\/205fe405426f600da6d7abba710f876cf1bfecbdefc77d2d394313a49e595dfc?s=96&d=mm&r=g","caption":"Daphn\u00e9e Malboeuf"}}]}},"_links":{"self":[{"href":"https:\/\/leger360.com\/fr\/wp-json\/wp\/v2\/posts\/23562","targetHints":{"allow":["GET"]}}],"collection":[{"href":"https:\/\/leger360.com\/fr\/wp-json\/wp\/v2\/posts"}],"about":[{"href":"https:\/\/leger360.com\/fr\/wp-json\/wp\/v2\/types\/post"}],"author":[{"embeddable":true,"href":"https:\/\/leger360.com\/fr\/wp-json\/wp\/v2\/users\/12"}],"replies":[{"embeddable":true,"href":"https:\/\/leger360.com\/fr\/wp-json\/wp\/v2\/comments?post=23562"}],"version-history":[{"count":0,"href":"https:\/\/leger360.com\/fr\/wp-json\/wp\/v2\/posts\/23562\/revisions"}],"wp:featuredmedia":[{"embeddable":true,"href":"https:\/\/leger360.com\/fr\/wp-json\/wp\/v2\/media\/23556"}],"wp:attachment":[{"href":"https:\/\/leger360.com\/fr\/wp-json\/wp\/v2\/media?parent=23562"}],"wp:term":[{"taxonomy":"category","embeddable":true,"href":"https:\/\/leger360.com\/fr\/wp-json\/wp\/v2\/categories?post=23562"},{"taxonomy":"post_tag","embeddable":true,"href":"https:\/\/leger360.com\/fr\/wp-json\/wp\/v2\/tags?post=23562"},{"taxonomy":"post_language_cat","embeddable":true,"href":"https:\/\/leger360.com\/fr\/wp-json\/wp\/v2\/post_language_cat?post=23562"}],"curies":[{"name":"wp","href":"https:\/\/api.w.org\/{rel}","templated":true}]}}