{"id":23761,"date":"2025-04-16T06:00:00","date_gmt":"2025-04-16T10:00:00","guid":{"rendered":"https:\/\/leger360.com\/?p=23761"},"modified":"2025-06-26T15:38:07","modified_gmt":"2025-06-26T19:38:07","slug":"dernieres-nouvelles-vote-voix-valeurs","status":"publish","type":"post","link":"https:\/\/leger360.com\/fr\/dernieres-nouvelles-vote-voix-valeurs\/","title":{"rendered":"Vote, voix et valeurs : regard sur les nouvelles g\u00e9n\u00e9rations politiques"},"content":{"rendered":"<p>[et_pb_section fb_built=\u00a0\u00bb1&Prime; _builder_version=\u00a0\u00bb4.27.4&Prime; _module_preset=\u00a0\u00bbdefault\u00a0\u00bb global_colors_info=\u00a0\u00bb{}\u00a0\u00bb][et_pb_row _builder_version=\u00a0\u00bb4.27.4&Prime; _module_preset=\u00a0\u00bbdefault\u00a0\u00bb global_colors_info=\u00a0\u00bb{}\u00a0\u00bb][et_pb_column type=\u00a0\u00bb4_4&Prime; _builder_version=\u00a0\u00bb4.27.4&Prime; _module_preset=\u00a0\u00bbdefault\u00a0\u00bb global_colors_info=\u00a0\u00bb{}\u00a0\u00bb][et_pb_text _builder_version=\u00a0\u00bb4.27.4&Prime; _module_preset=\u00a0\u00bbdefault\u00a0\u00bb global_colors_info=\u00a0\u00bb{}\u00a0\u00bb]<\/p>\n<p>Pour ce dossier sp\u00e9cial, nous avons interrog\u00e9, pendant deux semaines, les jeunes Canadiens sur leurs intentions de vote et recueilli leurs points de vue sur les principales questions politiques f\u00e9d\u00e9rales et leur relation avec la politique.<\/p>\n<p>[\/et_pb_text][et_pb_image src=\u00a0\u00bbhttps:\/\/leger360.com\/wp-content\/uploads\/2024\/09\/Parlement-Leger-Logo.jpg\u00a0\u00bb title_text=\u00a0\u00bbParlement &#8211; Leger Logo\u00a0\u00bb url=\u00a0\u00bb@ET-DC@eyJkeW5hbWljIjp0cnVlLCJjb250ZW50IjoicG9zdF9saW5rX3VybF9hdHRhY2htZW50Iiwic2V0dGluZ3MiOnsicG9zdF9pZCI6IjIzNzY2In19@\u00a0\u00bb _builder_version=\u00a0\u00bb4.27.4&Prime; _dynamic_attributes=\u00a0\u00bburl\u00a0\u00bb _module_preset=\u00a0\u00bbdefault\u00a0\u00bb hover_enabled=\u00a0\u00bb0&Prime; global_colors_info=\u00a0\u00bb{}\u00a0\u00bb border_radii=\u00a0\u00bbon|10px|10px|10px|10px\u00a0\u00bb sticky_enabled=\u00a0\u00bb0&Prime; custom_padding=\u00a0\u00bb||20px||false|false\u00a0\u00bb][\/et_pb_image][et_pb_button button_url=\u00a0\u00bb@ET-DC@eyJkeW5hbWljIjp0cnVlLCJjb250ZW50IjoicG9zdF9saW5rX3VybF9hdHRhY2htZW50Iiwic2V0dGluZ3MiOnsicG9zdF9pZCI6IjIzNzY2In19@\u00a0\u00bb button_text=\u00a0\u00bbT\u00e9l\u00e9chargez le rapport pour en apprendre plus\u00a0\u00bb button_alignment=\u00a0\u00bbleft\u00a0\u00bb _builder_version=\u00a0\u00bb4.27.4&Prime; _dynamic_attributes=\u00a0\u00bbbutton_url\u00a0\u00bb _module_preset=\u00a0\u00bbdefault\u00a0\u00bb hover_enabled=\u00a0\u00bb0&Prime; global_colors_info=\u00a0\u00bb{}\u00a0\u00bb sticky_enabled=\u00a0\u00bb0&Prime;][\/et_pb_button][et_pb_heading title=\u00a0\u00bbNos 4 principaux constats\u00a0\u00bb _builder_version=\u00a0\u00bb4.27.4&Prime; _module_preset=\u00a0\u00bbdefault\u00a0\u00bb custom_padding=\u00a0\u00bb20px||||false|false\u00a0\u00bb hover_enabled=\u00a0\u00bb0&Prime; sticky_enabled=\u00a0\u00bb0&Prime;][\/et_pb_heading][et_pb_text _builder_version=\u00a0\u00bb4.27.4&Prime; _module_preset=\u00a0\u00bbdefault\u00a0\u00bb global_colors_info=\u00a0\u00bb{}\u00a0\u00bb]<\/p>\n<h2><span style=\"font-size: 22px;\">Les jeunes Canadiens veulent du changement, mais ils doivent d&rsquo;abord \u00eatre entendus<\/span><\/h2>\n<p>Ils se sentent concern\u00e9s. Ils sont attentifs. Mais ils n&rsquo;ont pas l&rsquo;impression que les politiciens les \u00e9coutent. Qu&rsquo;il s&rsquo;agisse de logement, de sant\u00e9 mentale ou de crise climatique, les jeunes exigent des actions, pas des promesses. Ils ne sont pas d\u00e9sengag\u00e9s, ils sont d\u00e9sillusionn\u00e9s. Et ils attendent d&rsquo;\u00eatre pris au s\u00e9rieux.<\/p>\n<h3>L&rsquo;accessibilit\u00e9 financi\u00e8re est en t\u00eate de liste<\/h3>\n<p>Du loyer \u00e0 l&rsquo;\u00e9picerie en passant par les pr\u00eats \u00e9tudiants, les jeunes sont soumis \u00e0 de fortes pressions financi\u00e8res. Le logement et l&rsquo;inflation ne sont pas de simples sujets de discussion ; ils d\u00e9terminent la fa\u00e7on dont cette g\u00e9n\u00e9ration envisage son avenir. Pour beaucoup, le syst\u00e8me \u00e9conomique semble truqu\u00e9 contre eux.<\/p>\n<h3>Les femmes ouvrent la voie, mais portent plus de doutes<\/h3>\n<p>Les jeunes femmes sont les plus d\u00e9termin\u00e9es \u00e0 voter, m\u00eame si beaucoup d&rsquo;entre elles doutent encore de leurs connaissances politiques. Alors que les droits des femmes sont remis en cause au-del\u00e0 de nos fronti\u00e8res, elles s&rsquo;engagent pour prot\u00e9ger leur avenir et leurs libert\u00e9s. Le vote est l&rsquo;un des rares outils dont elles disposent et elles l&rsquo;utilisent. Elles se pr\u00e9sentent avec un but pr\u00e9cis, votent en fonction de leurs valeurs et font pression pour que les choses changent.<\/p>\n<h3>Les jeunes hommes: d\u00e9cid\u00e9s, confiants, mais souvent d\u00e9sengag\u00e9s<\/h3>\n<p>De nombreux jeunes hommes se sentent exclus du discours politique, pensent que la politique ne leur parle pas ou qu&rsquo;elle n&rsquo;a pas d&rsquo;importance. Ils sont plus susceptibles de se sentir exclus, sceptiques ou rebut\u00e9s par le processus, mais ils se concentrent sur les r\u00e9sultats pratiques et ont tendance \u00e0 voter en fonction de pr\u00e9occupations tangibles telles que l&#8217;emploi, les imp\u00f4ts, le contr\u00f4le \u00e9conomique.<\/p>\n<p>[\/et_pb_text][et_pb_text _builder_version=\u00a0\u00bb4.27.4&Prime; _module_preset=\u00a0\u00bbdefault\u00a0\u00bb hover_enabled=\u00a0\u00bb0&Prime; global_colors_info=\u00a0\u00bb{}\u00a0\u00bb sticky_enabled=\u00a0\u00bb0&Prime; custom_padding=\u00a0\u00bb10px||||false|false\u00a0\u00bb]<\/p>\n<h4><strong>M\u00e9thodologie<\/strong><\/h4>\n<p><span>Ce sondage web sur l\u2019\u00e9conomie a \u00e9t\u00e9 r\u00e9alis\u00e9 du 4 au 6 avril 2025 et du 11 au 13 avril aupr\u00e8s de 1 187 jeunes Canadiens, \u00e2g\u00e9s de 18 ans ou plus, le recrutement ayant \u00e9t\u00e9 effectu\u00e9 al\u00e9atoirement \u00e0 partir du panel en ligne LEO. Une marge d\u2019erreur ne peut pas \u00eatre associ\u00e9e \u00e0 un \u00e9chantillon non probabiliste dans le cadre d\u2019un sondage par panel. \u00c0 des fins de comparaison, un \u00e9chantillon probabiliste de cette taille aurait une marge d\u2019erreur d\u2019au plus \u00b12,8%, (19 fois sur 20) pour l\u2019\u00e9chantillon canadien.<\/span><\/p>\n<p>[\/et_pb_text][\/et_pb_column][\/et_pb_row][\/et_pb_section]<\/p>\n","protected":false},"excerpt":{"rendered":"<p>Pour ce dossier sp\u00e9cial, nous avons interrog\u00e9, pendant deux semaines, les jeunes Canadiens sur leurs intentions de vote et recueilli leurs points de vue sur les principales questions politiques f\u00e9d\u00e9rales et leur relation avec la politique.Les jeunes Canadiens veulent du changement, mais ils doivent d&rsquo;abord \u00eatre entendus Ils se sentent concern\u00e9s. Ils sont attentifs. Mais ils n&rsquo;ont pas l&rsquo;impression que les politiciens les \u00e9coutent. Qu&rsquo;il s&rsquo;agisse de logement, de sant\u00e9 mentale ou de crise climatique, les jeunes exigent des actions, pas des promesses. Ils ne sont pas d\u00e9sengag\u00e9s, ils sont d\u00e9sillusionn\u00e9s. Et ils attendent d&rsquo;\u00eatre pris au s\u00e9rieux. L&rsquo;accessibilit\u00e9 financi\u00e8re est en t\u00eate de liste Du loyer \u00e0 l&rsquo;\u00e9picerie en passant par les pr\u00eats \u00e9tudiants, les jeunes sont soumis \u00e0 de fortes pressions financi\u00e8res. Le logement et l&rsquo;inflation ne sont pas de simples sujets de discussion ; ils d\u00e9terminent la fa\u00e7on dont cette g\u00e9n\u00e9ration envisage son avenir. Pour beaucoup, le syst\u00e8me \u00e9conomique semble truqu\u00e9 contre eux. Les femmes ouvrent la voie, mais portent plus de doutes Les jeunes femmes sont les plus d\u00e9termin\u00e9es \u00e0 voter, m\u00eame si beaucoup d&rsquo;entre elles doutent encore de leurs connaissances politiques. Alors que les droits des femmes sont remis en cause au-del\u00e0 de nos fronti\u00e8res, [&hellip;]<\/p>\n","protected":false},"author":13,"featured_media":9510,"comment_status":"closed","ping_status":"closed","sticky":false,"template":"","format":"standard","meta":{"_acf_changed":false,"_et_pb_use_builder":"on","_et_pb_old_content":"","_et_gb_content_width":"","content-type":"","inline_featured_image":false,"footnotes":""},"categories":[35],"tags":[],"post_language_cat":[42],"class_list":["post-23761","post","type-post","status-publish","format-standard","has-post-thumbnail","hentry","category-in-the-news","post_language_cat-fr-in-the-news"],"acf":[],"yoast_head":"<!-- This site is optimized with the Yoast SEO Premium plugin v27.4 (Yoast SEO v27.4) - https:\/\/yoast.com\/product\/yoast-seo-premium-wordpress\/ -->\n<title>Vote, voix et valeurs : regard sur les nouvelles g\u00e9n\u00e9rations politiques - Leger<\/title>\n<meta name=\"description\" content=\"T\u00e9l\u00e9chargez le rapport pour comprendre les points de vue des jeunes Canadiens sur la politique f\u00e9d\u00e9rale.\" \/>\n<meta name=\"robots\" content=\"index, follow, max-snippet:-1, max-image-preview:large, max-video-preview:-1\" \/>\n<link rel=\"canonical\" href=\"https:\/\/leger360.com\/fr\/dernieres-nouvelles-vote-voix-valeurs\/\" \/>\n<meta property=\"og:locale\" content=\"fr_CA\" \/>\n<meta property=\"og:type\" content=\"article\" \/>\n<meta property=\"og:title\" content=\"Vote, voix et valeurs : regard sur les nouvelles g\u00e9n\u00e9rations politiques\" \/>\n<meta property=\"og:description\" content=\"T\u00e9l\u00e9chargez le rapport pour comprendre les points de vue des jeunes Canadiens sur la politique f\u00e9d\u00e9rale.\" \/>\n<meta property=\"og:url\" content=\"https:\/\/leger360.com\/fr\/dernieres-nouvelles-vote-voix-valeurs\/\" \/>\n<meta property=\"og:site_name\" content=\"Leger\" \/>\n<meta property=\"article:publisher\" content=\"https:\/\/www.facebook.com\/leger360\/\" \/>\n<meta property=\"article:published_time\" content=\"2025-04-16T10:00:00+00:00\" \/>\n<meta property=\"article:modified_time\" content=\"2025-06-26T19:38:07+00:00\" \/>\n<meta property=\"og:image\" content=\"https:\/\/leger360.com\/wp-content\/uploads\/2024\/02\/shutterstock_747336202.jpg\" \/>\n\t<meta property=\"og:image:width\" content=\"1000\" \/>\n\t<meta property=\"og:image:height\" content=\"667\" \/>\n\t<meta property=\"og:image:type\" content=\"image\/jpeg\" \/>\n<meta name=\"author\" content=\"Jonah Presser\" \/>\n<meta name=\"twitter:card\" content=\"summary_large_image\" \/>\n<meta name=\"twitter:creator\" content=\"@leger360\" \/>\n<meta name=\"twitter:site\" content=\"@leger360\" \/>\n<meta name=\"twitter:label1\" content=\"\u00c9crit par\" \/>\n\t<meta name=\"twitter:data1\" content=\"Jonah Presser\" \/>\n\t<meta name=\"twitter:label2\" content=\"Estimation du temps de lecture\" \/>\n\t<meta name=\"twitter:data2\" content=\"3 minutes\" \/>\n<script type=\"application\/ld+json\" class=\"yoast-schema-graph\">{\"@context\":\"https:\\\/\\\/schema.org\",\"@graph\":[{\"@type\":\"Article\",\"@id\":\"https:\\\/\\\/leger360.com\\\/fr\\\/dernieres-nouvelles-vote-voix-valeurs\\\/#article\",\"isPartOf\":{\"@id\":\"https:\\\/\\\/leger360.com\\\/fr\\\/dernieres-nouvelles-vote-voix-valeurs\\\/\"},\"author\":{\"name\":\"Jonah Presser\",\"@id\":\"https:\\\/\\\/leger360.com\\\/fr\\\/#\\\/schema\\\/person\\\/43248a6d6ede47760313670a4da0171f\"},\"headline\":\"Vote, voix et valeurs : regard sur les nouvelles g\u00e9n\u00e9rations politiques\",\"datePublished\":\"2025-04-16T10:00:00+00:00\",\"dateModified\":\"2025-06-26T19:38:07+00:00\",\"mainEntityOfPage\":{\"@id\":\"https:\\\/\\\/leger360.com\\\/fr\\\/dernieres-nouvelles-vote-voix-valeurs\\\/\"},\"wordCount\":709,\"publisher\":{\"@id\":\"https:\\\/\\\/leger360.com\\\/fr\\\/#organization\"},\"image\":{\"@id\":\"https:\\\/\\\/leger360.com\\\/fr\\\/dernieres-nouvelles-vote-voix-valeurs\\\/#primaryimage\"},\"thumbnailUrl\":\"https:\\\/\\\/leger360.com\\\/wp-content\\\/uploads\\\/2024\\\/02\\\/shutterstock_747336202.jpg\",\"articleSection\":[\"In the news\"],\"inLanguage\":\"fr-CA\"},{\"@type\":\"WebPage\",\"@id\":\"https:\\\/\\\/leger360.com\\\/fr\\\/dernieres-nouvelles-vote-voix-valeurs\\\/\",\"url\":\"https:\\\/\\\/leger360.com\\\/fr\\\/dernieres-nouvelles-vote-voix-valeurs\\\/\",\"name\":\"Vote, voix et valeurs : regard sur les nouvelles g\u00e9n\u00e9rations politiques - Leger\",\"isPartOf\":{\"@id\":\"https:\\\/\\\/leger360.com\\\/fr\\\/#website\"},\"primaryImageOfPage\":{\"@id\":\"https:\\\/\\\/leger360.com\\\/fr\\\/dernieres-nouvelles-vote-voix-valeurs\\\/#primaryimage\"},\"image\":{\"@id\":\"https:\\\/\\\/leger360.com\\\/fr\\\/dernieres-nouvelles-vote-voix-valeurs\\\/#primaryimage\"},\"thumbnailUrl\":\"https:\\\/\\\/leger360.com\\\/wp-content\\\/uploads\\\/2024\\\/02\\\/shutterstock_747336202.jpg\",\"datePublished\":\"2025-04-16T10:00:00+00:00\",\"dateModified\":\"2025-06-26T19:38:07+00:00\",\"description\":\"T\u00e9l\u00e9chargez le rapport pour comprendre les points de vue des jeunes Canadiens sur la politique f\u00e9d\u00e9rale.\",\"breadcrumb\":{\"@id\":\"https:\\\/\\\/leger360.com\\\/fr\\\/dernieres-nouvelles-vote-voix-valeurs\\\/#breadcrumb\"},\"inLanguage\":\"fr-CA\",\"potentialAction\":[{\"@type\":\"ReadAction\",\"target\":[\"https:\\\/\\\/leger360.com\\\/fr\\\/dernieres-nouvelles-vote-voix-valeurs\\\/\"]}]},{\"@type\":\"ImageObject\",\"inLanguage\":\"fr-CA\",\"@id\":\"https:\\\/\\\/leger360.com\\\/fr\\\/dernieres-nouvelles-vote-voix-valeurs\\\/#primaryimage\",\"url\":\"https:\\\/\\\/leger360.com\\\/wp-content\\\/uploads\\\/2024\\\/02\\\/shutterstock_747336202.jpg\",\"contentUrl\":\"https:\\\/\\\/leger360.com\\\/wp-content\\\/uploads\\\/2024\\\/02\\\/shutterstock_747336202.jpg\",\"width\":1000,\"height\":667},{\"@type\":\"BreadcrumbList\",\"@id\":\"https:\\\/\\\/leger360.com\\\/fr\\\/dernieres-nouvelles-vote-voix-valeurs\\\/#breadcrumb\",\"itemListElement\":[{\"@type\":\"ListItem\",\"position\":1,\"name\":\"Home\",\"item\":\"https:\\\/\\\/leger360.com\\\/fr\\\/\"},{\"@type\":\"ListItem\",\"position\":2,\"name\":\"Vote, voix et valeurs : regard sur les nouvelles g\u00e9n\u00e9rations politiques\"}]},{\"@type\":\"WebSite\",\"@id\":\"https:\\\/\\\/leger360.com\\\/fr\\\/#website\",\"url\":\"https:\\\/\\\/leger360.com\\\/fr\\\/\",\"name\":\"Leger\",\"description\":\"Market Research | Data Analytics\",\"publisher\":{\"@id\":\"https:\\\/\\\/leger360.com\\\/fr\\\/#organization\"},\"potentialAction\":[{\"@type\":\"SearchAction\",\"target\":{\"@type\":\"EntryPoint\",\"urlTemplate\":\"https:\\\/\\\/leger360.com\\\/fr\\\/?s={search_term_string}\"},\"query-input\":{\"@type\":\"PropertyValueSpecification\",\"valueRequired\":true,\"valueName\":\"search_term_string\"}}],\"inLanguage\":\"fr-CA\"},{\"@type\":\"Organization\",\"@id\":\"https:\\\/\\\/leger360.com\\\/fr\\\/#organization\",\"name\":\"Leger\",\"url\":\"https:\\\/\\\/leger360.com\\\/fr\\\/\",\"logo\":{\"@type\":\"ImageObject\",\"inLanguage\":\"fr-CA\",\"@id\":\"https:\\\/\\\/leger360.com\\\/fr\\\/#\\\/schema\\\/logo\\\/image\\\/\",\"url\":\"https:\\\/\\\/leger360.com\\\/wp-content\\\/uploads\\\/2024\\\/04\\\/2022-Logo-Leger-Blackred-g.png\",\"contentUrl\":\"https:\\\/\\\/leger360.com\\\/wp-content\\\/uploads\\\/2024\\\/04\\\/2022-Logo-Leger-Blackred-g.png\",\"width\":1195,\"height\":686,\"caption\":\"Leger\"},\"image\":{\"@id\":\"https:\\\/\\\/leger360.com\\\/fr\\\/#\\\/schema\\\/logo\\\/image\\\/\"},\"sameAs\":[\"https:\\\/\\\/www.facebook.com\\\/leger360\\\/\",\"https:\\\/\\\/x.com\\\/leger360\",\"https:\\\/\\\/www.linkedin.com\\\/company\\\/leger360\\\/\"],\"description\":\"Leger is one of North America\u2019s fastest-growing market research companies, known for our forward-thinking experts and innovative approaches powered by artificial intelligence (AI) technologies.\"},{\"@type\":\"Person\",\"@id\":\"https:\\\/\\\/leger360.com\\\/fr\\\/#\\\/schema\\\/person\\\/43248a6d6ede47760313670a4da0171f\",\"name\":\"Jonah Presser\",\"image\":{\"@type\":\"ImageObject\",\"inLanguage\":\"fr-CA\",\"@id\":\"https:\\\/\\\/secure.gravatar.com\\\/avatar\\\/30277f55803097542b5dc864a456580099248f68a36a21609d20a9da700098e3?s=96&d=mm&r=g\",\"url\":\"https:\\\/\\\/secure.gravatar.com\\\/avatar\\\/30277f55803097542b5dc864a456580099248f68a36a21609d20a9da700098e3?s=96&d=mm&r=g\",\"contentUrl\":\"https:\\\/\\\/secure.gravatar.com\\\/avatar\\\/30277f55803097542b5dc864a456580099248f68a36a21609d20a9da700098e3?s=96&d=mm&r=g\",\"caption\":\"Jonah Presser\"}}]}<\/script>\n<!-- \/ Yoast SEO Premium plugin. -->","yoast_head_json":{"title":"Vote, voix et valeurs : regard sur les nouvelles g\u00e9n\u00e9rations politiques - Leger","description":"T\u00e9l\u00e9chargez le rapport pour comprendre les points de vue des jeunes Canadiens sur la politique f\u00e9d\u00e9rale.","robots":{"index":"index","follow":"follow","max-snippet":"max-snippet:-1","max-image-preview":"max-image-preview:large","max-video-preview":"max-video-preview:-1"},"canonical":"https:\/\/leger360.com\/fr\/dernieres-nouvelles-vote-voix-valeurs\/","og_locale":"fr_CA","og_type":"article","og_title":"Vote, voix et valeurs : regard sur les nouvelles g\u00e9n\u00e9rations politiques","og_description":"T\u00e9l\u00e9chargez le rapport pour comprendre les points de vue des jeunes Canadiens sur la politique f\u00e9d\u00e9rale.","og_url":"https:\/\/leger360.com\/fr\/dernieres-nouvelles-vote-voix-valeurs\/","og_site_name":"Leger","article_publisher":"https:\/\/www.facebook.com\/leger360\/","article_published_time":"2025-04-16T10:00:00+00:00","article_modified_time":"2025-06-26T19:38:07+00:00","og_image":[{"width":1000,"height":667,"url":"https:\/\/leger360.com\/wp-content\/uploads\/2024\/02\/shutterstock_747336202.jpg","type":"image\/jpeg"}],"author":"Jonah Presser","twitter_card":"summary_large_image","twitter_creator":"@leger360","twitter_site":"@leger360","twitter_misc":{"\u00c9crit par":"Jonah Presser","Estimation du temps de lecture":"3 minutes"},"schema":{"@context":"https:\/\/schema.org","@graph":[{"@type":"Article","@id":"https:\/\/leger360.com\/fr\/dernieres-nouvelles-vote-voix-valeurs\/#article","isPartOf":{"@id":"https:\/\/leger360.com\/fr\/dernieres-nouvelles-vote-voix-valeurs\/"},"author":{"name":"Jonah Presser","@id":"https:\/\/leger360.com\/fr\/#\/schema\/person\/43248a6d6ede47760313670a4da0171f"},"headline":"Vote, voix et valeurs : regard sur les nouvelles g\u00e9n\u00e9rations politiques","datePublished":"2025-04-16T10:00:00+00:00","dateModified":"2025-06-26T19:38:07+00:00","mainEntityOfPage":{"@id":"https:\/\/leger360.com\/fr\/dernieres-nouvelles-vote-voix-valeurs\/"},"wordCount":709,"publisher":{"@id":"https:\/\/leger360.com\/fr\/#organization"},"image":{"@id":"https:\/\/leger360.com\/fr\/dernieres-nouvelles-vote-voix-valeurs\/#primaryimage"},"thumbnailUrl":"https:\/\/leger360.com\/wp-content\/uploads\/2024\/02\/shutterstock_747336202.jpg","articleSection":["In the news"],"inLanguage":"fr-CA"},{"@type":"WebPage","@id":"https:\/\/leger360.com\/fr\/dernieres-nouvelles-vote-voix-valeurs\/","url":"https:\/\/leger360.com\/fr\/dernieres-nouvelles-vote-voix-valeurs\/","name":"Vote, voix et valeurs : regard sur les nouvelles g\u00e9n\u00e9rations politiques - Leger","isPartOf":{"@id":"https:\/\/leger360.com\/fr\/#website"},"primaryImageOfPage":{"@id":"https:\/\/leger360.com\/fr\/dernieres-nouvelles-vote-voix-valeurs\/#primaryimage"},"image":{"@id":"https:\/\/leger360.com\/fr\/dernieres-nouvelles-vote-voix-valeurs\/#primaryimage"},"thumbnailUrl":"https:\/\/leger360.com\/wp-content\/uploads\/2024\/02\/shutterstock_747336202.jpg","datePublished":"2025-04-16T10:00:00+00:00","dateModified":"2025-06-26T19:38:07+00:00","description":"T\u00e9l\u00e9chargez le rapport pour comprendre les points de vue des jeunes Canadiens sur la politique f\u00e9d\u00e9rale.","breadcrumb":{"@id":"https:\/\/leger360.com\/fr\/dernieres-nouvelles-vote-voix-valeurs\/#breadcrumb"},"inLanguage":"fr-CA","potentialAction":[{"@type":"ReadAction","target":["https:\/\/leger360.com\/fr\/dernieres-nouvelles-vote-voix-valeurs\/"]}]},{"@type":"ImageObject","inLanguage":"fr-CA","@id":"https:\/\/leger360.com\/fr\/dernieres-nouvelles-vote-voix-valeurs\/#primaryimage","url":"https:\/\/leger360.com\/wp-content\/uploads\/2024\/02\/shutterstock_747336202.jpg","contentUrl":"https:\/\/leger360.com\/wp-content\/uploads\/2024\/02\/shutterstock_747336202.jpg","width":1000,"height":667},{"@type":"BreadcrumbList","@id":"https:\/\/leger360.com\/fr\/dernieres-nouvelles-vote-voix-valeurs\/#breadcrumb","itemListElement":[{"@type":"ListItem","position":1,"name":"Home","item":"https:\/\/leger360.com\/fr\/"},{"@type":"ListItem","position":2,"name":"Vote, voix et valeurs : regard sur les nouvelles g\u00e9n\u00e9rations politiques"}]},{"@type":"WebSite","@id":"https:\/\/leger360.com\/fr\/#website","url":"https:\/\/leger360.com\/fr\/","name":"Leger","description":"Market Research | Data Analytics","publisher":{"@id":"https:\/\/leger360.com\/fr\/#organization"},"potentialAction":[{"@type":"SearchAction","target":{"@type":"EntryPoint","urlTemplate":"https:\/\/leger360.com\/fr\/?s={search_term_string}"},"query-input":{"@type":"PropertyValueSpecification","valueRequired":true,"valueName":"search_term_string"}}],"inLanguage":"fr-CA"},{"@type":"Organization","@id":"https:\/\/leger360.com\/fr\/#organization","name":"Leger","url":"https:\/\/leger360.com\/fr\/","logo":{"@type":"ImageObject","inLanguage":"fr-CA","@id":"https:\/\/leger360.com\/fr\/#\/schema\/logo\/image\/","url":"https:\/\/leger360.com\/wp-content\/uploads\/2024\/04\/2022-Logo-Leger-Blackred-g.png","contentUrl":"https:\/\/leger360.com\/wp-content\/uploads\/2024\/04\/2022-Logo-Leger-Blackred-g.png","width":1195,"height":686,"caption":"Leger"},"image":{"@id":"https:\/\/leger360.com\/fr\/#\/schema\/logo\/image\/"},"sameAs":["https:\/\/www.facebook.com\/leger360\/","https:\/\/x.com\/leger360","https:\/\/www.linkedin.com\/company\/leger360\/"],"description":"Leger is one of North America\u2019s fastest-growing market research companies, known for our forward-thinking experts and innovative approaches powered by artificial intelligence (AI) technologies."},{"@type":"Person","@id":"https:\/\/leger360.com\/fr\/#\/schema\/person\/43248a6d6ede47760313670a4da0171f","name":"Jonah Presser","image":{"@type":"ImageObject","inLanguage":"fr-CA","@id":"https:\/\/secure.gravatar.com\/avatar\/30277f55803097542b5dc864a456580099248f68a36a21609d20a9da700098e3?s=96&d=mm&r=g","url":"https:\/\/secure.gravatar.com\/avatar\/30277f55803097542b5dc864a456580099248f68a36a21609d20a9da700098e3?s=96&d=mm&r=g","contentUrl":"https:\/\/secure.gravatar.com\/avatar\/30277f55803097542b5dc864a456580099248f68a36a21609d20a9da700098e3?s=96&d=mm&r=g","caption":"Jonah Presser"}}]}},"_links":{"self":[{"href":"https:\/\/leger360.com\/fr\/wp-json\/wp\/v2\/posts\/23761","targetHints":{"allow":["GET"]}}],"collection":[{"href":"https:\/\/leger360.com\/fr\/wp-json\/wp\/v2\/posts"}],"about":[{"href":"https:\/\/leger360.com\/fr\/wp-json\/wp\/v2\/types\/post"}],"author":[{"embeddable":true,"href":"https:\/\/leger360.com\/fr\/wp-json\/wp\/v2\/users\/13"}],"replies":[{"embeddable":true,"href":"https:\/\/leger360.com\/fr\/wp-json\/wp\/v2\/comments?post=23761"}],"version-history":[{"count":0,"href":"https:\/\/leger360.com\/fr\/wp-json\/wp\/v2\/posts\/23761\/revisions"}],"wp:featuredmedia":[{"embeddable":true,"href":"https:\/\/leger360.com\/fr\/wp-json\/wp\/v2\/media\/9510"}],"wp:attachment":[{"href":"https:\/\/leger360.com\/fr\/wp-json\/wp\/v2\/media?parent=23761"}],"wp:term":[{"taxonomy":"category","embeddable":true,"href":"https:\/\/leger360.com\/fr\/wp-json\/wp\/v2\/categories?post=23761"},{"taxonomy":"post_tag","embeddable":true,"href":"https:\/\/leger360.com\/fr\/wp-json\/wp\/v2\/tags?post=23761"},{"taxonomy":"post_language_cat","embeddable":true,"href":"https:\/\/leger360.com\/fr\/wp-json\/wp\/v2\/post_language_cat?post=23761"}],"curies":[{"name":"wp","href":"https:\/\/api.w.org\/{rel}","templated":true}]}}