{"id":23974,"date":"2025-05-08T11:50:28","date_gmt":"2025-05-08T15:50:28","guid":{"rendered":"https:\/\/leger360.com\/?p=23974"},"modified":"2025-06-26T15:42:48","modified_gmt":"2025-06-26T19:42:48","slug":"dernieres-nouvelles-tarifs-douaniers-plus-de-canadiens-et-americains-ressentent-les-hausses-de-prix","status":"publish","type":"post","link":"https:\/\/leger360.com\/fr\/dernieres-nouvelles-tarifs-douaniers-plus-de-canadiens-et-americains-ressentent-les-hausses-de-prix\/","title":{"rendered":"Tarifs douaniers : plus de Canadiens et Am\u00e9ricains ressentent les hausses de prix"},"content":{"rendered":"<p>[et_pb_section fb_built=\u00a0\u00bb1&Prime; theme_builder_area=\u00a0\u00bbpost_content\u00a0\u00bb _builder_version=\u00a0\u00bb4.27.4&Prime; _module_preset=\u00a0\u00bbdefault\u00a0\u00bb][et_pb_row _builder_version=\u00a0\u00bb4.27.4&Prime; _module_preset=\u00a0\u00bbdefault\u00a0\u00bb theme_builder_area=\u00a0\u00bbpost_content\u00a0\u00bb][et_pb_column _builder_version=\u00a0\u00bb4.27.4&Prime; _module_preset=\u00a0\u00bbdefault\u00a0\u00bb type=\u00a0\u00bb4_4&Prime; theme_builder_area=\u00a0\u00bbpost_content\u00a0\u00bb][et_pb_text _builder_version=\u00a0\u00bb4.27.4&Prime; _module_preset=\u00a0\u00bbdefault\u00a0\u00bb theme_builder_area=\u00a0\u00bbpost_content\u00a0\u00bb hover_enabled=\u00a0\u00bb0&Prime; sticky_enabled=\u00a0\u00bb0&Prime;]<\/p>\n<p>Chaque semaine durant cette p\u00e9riode tumultueuse, nous menons un sondage aupr\u00e8s des Canadiens et des Am\u00e9ricains afin d\u2019explorer leurs perceptions de l\u2019\u00e9conomie et de leurs finances.<\/p>\n<p>[\/et_pb_text][et_pb_image src=\u00a0\u00bbhttps:\/\/leger360.com\/wp-content\/uploads\/2025\/03\/USA-and-Canada-Leger-Logo.jpg\u00a0\u00bb _builder_version=\u00a0\u00bb4.27.4&Prime; _module_preset=\u00a0\u00bbdefault\u00a0\u00bb theme_builder_area=\u00a0\u00bbpost_content\u00a0\u00bb title_text=\u00a0\u00bbUSA and Canada &#8211; Leger Logo\u00a0\u00bb url=\u00a0\u00bb@ET-DC@eyJkeW5hbWljIjp0cnVlLCJjb250ZW50IjoicG9zdF9saW5rX3VybF9hdHRhY2htZW50Iiwic2V0dGluZ3MiOnsicG9zdF9pZCI6IjIzOTY0In19@\u00a0\u00bb _dynamic_attributes=\u00a0\u00bburl\u00a0\u00bb hover_enabled=\u00a0\u00bb0&Prime; sticky_enabled=\u00a0\u00bb0&Prime;][\/et_pb_image][et_pb_button button_text=\u00a0\u00bbT\u00e9l\u00e9chargez le rapport pour en apprendre plus\u00a0\u00bb _builder_version=\u00a0\u00bb4.27.4&Prime; _module_preset=\u00a0\u00bbdefault\u00a0\u00bb theme_builder_area=\u00a0\u00bbpost_content\u00a0\u00bb button_alignment=\u00a0\u00bbcenter\u00a0\u00bb button_url=\u00a0\u00bb@ET-DC@eyJkeW5hbWljIjp0cnVlLCJjb250ZW50IjoicG9zdF9saW5rX3VybF9hdHRhY2htZW50Iiwic2V0dGluZ3MiOnsicG9zdF9pZCI6IjIzOTY0In19@\u00a0\u00bb _dynamic_attributes=\u00a0\u00bbbutton_url\u00a0\u00bb hover_enabled=\u00a0\u00bb0&Prime; sticky_enabled=\u00a0\u00bb0&Prime;][\/et_pb_button][et_pb_text _builder_version=\u00a0\u00bb4.27.4&Prime; _module_preset=\u00a0\u00bbdefault\u00a0\u00bb theme_builder_area=\u00a0\u00bbpost_content\u00a0\u00bb hover_enabled=\u00a0\u00bb0&Prime; sticky_enabled=\u00a0\u00bb0&Prime;]<\/p>\n<h2>Parmi les principaux faits saillants&#8230;<\/h2>\n<h3>SOUTIEN AUX TARIFS DE REPR\u00c9SAILLES<\/h3>\n<ul>\n<li><b>Le soutien des Canadiens \u00e0 l\u2019id\u00e9e de riposter \u00ab dollar pour dollar \u00bb aux tarifs impos\u00e9s par les \u00c9tats-Unis a l\u00e9g\u00e8rement diminu\u00e9, atteignant 69 % <\/b>(en baisse de 3 points par rapport \u00e0 la semaine derni\u00e8re). Le soutien ferme recule \u00e0 37 % (\u20133 points), tandis que l\u2019opposition progresse l\u00e9g\u00e8rement \u00e0 18 %.<\/li>\n<\/ul>\n<h3>PERCEPTION DES HAUSSES DE PRIX<\/h3>\n<ul>\n<li><b>Au Canada, 78 % des r\u00e9pondants estiment que les prix \u00e0 la consommation ont augment\u00e9 au cours des derni\u00e8res semaines, une hausse de 4 points depuis la derni\u00e8re vague. Aux \u00c9tats-Unis, 73 % partagent cet avis, \u00e9galement en hausse de 4 points. <\/b>Fait notable : 54 % des r\u00e9pondants s\u2019identifiant comme r\u00e9publicains sont de cet avis, comparativement \u00e0 88 % chez les d\u00e9mocrates.<\/li>\n<\/ul>\n<h3>INQUI\u00c9TUDES FACE \u00c0 LA PERTE D\u2019EMPLOI ET \u00c0 LA R\u00c9CESSION<\/h3>\n<ul>\n<li><b>Les inqui\u00e9tudes quant \u00e0 la s\u00e9curit\u00e9 d\u2019emploi augmentent chez les travailleurs am\u00e9ricains : 46 % craignent de perdre leur emploi au cours des 12 prochains mois<\/b> (+5 points), dont 22 % qui se disent \u00ab tr\u00e8s inquiets \u00bb (+3 points).<\/li>\n<\/ul>\n<p>[\/et_pb_text][et_pb_text _builder_version=\u00a0\u00bb4.27.4&Prime; _module_preset=\u00a0\u00bbdefault\u00a0\u00bb theme_builder_area=\u00a0\u00bbpost_content\u00a0\u00bb hover_enabled=\u00a0\u00bb0&Prime; sticky_enabled=\u00a0\u00bb0&Prime;]<\/p>\n<h2><span>M\u00e9thodologie<\/span><\/h2>\n<p><span>Ce sondage web sur l\u2019\u00e9conomie a \u00e9t\u00e9 r\u00e9alis\u00e9 du 2 au 4 mai 2025 aupr\u00e8s de 1 626 Canadiens, et 1 014 Am\u00e9ricains \u00e2g\u00e9s de 18 ans ou plus, le recrutement ayant \u00e9t\u00e9 effectu\u00e9 al\u00e9atoirement \u00e0 partir du panel en ligne LEO. Une marge d\u2019erreur ne peut pas \u00eatre associ\u00e9e \u00e0 un \u00e9chantillon non probabiliste dans le cadre d\u2019un sondage par panel. \u00c0 des fins de comparaison, un \u00e9chantillon probabiliste de cette taille aurait une marge d\u2019erreur d\u2019au plus \u00b12,46%, (19 fois sur 20) pour l\u2019\u00e9chantillon canadien et \u00b13,08%, (19 fois sur 20) pour l\u2019\u00e9chantillon am\u00e9ricain.<\/span><\/p>\n<p>[\/et_pb_text][\/et_pb_column][\/et_pb_row][\/et_pb_section]<\/p>\n","protected":false},"excerpt":{"rendered":"<p>Chaque semaine durant cette p\u00e9riode tumultueuse, nous menons un sondage aupr\u00e8s des Canadiens et des Am\u00e9ricains afin d\u2019explorer leurs perceptions de l\u2019\u00e9conomie et de leurs finances.Parmi les principaux faits saillants&#8230; SOUTIEN AUX TARIFS DE REPR\u00c9SAILLES Le soutien des Canadiens \u00e0 l\u2019id\u00e9e de riposter \u00ab dollar pour dollar \u00bb aux tarifs impos\u00e9s par les \u00c9tats-Unis a l\u00e9g\u00e8rement diminu\u00e9, atteignant 69 % (en baisse de 3 points par rapport \u00e0 la semaine derni\u00e8re). Le soutien ferme recule \u00e0 37 % (\u20133 points), tandis que l\u2019opposition progresse l\u00e9g\u00e8rement \u00e0 18 %. PERCEPTION DES HAUSSES DE PRIX Au Canada, 78 % des r\u00e9pondants estiment que les prix \u00e0 la consommation ont augment\u00e9 au cours des derni\u00e8res semaines, une hausse de 4 points depuis la derni\u00e8re vague. Aux \u00c9tats-Unis, 73 % partagent cet avis, \u00e9galement en hausse de 4 points. Fait notable : 54 % des r\u00e9pondants s\u2019identifiant comme r\u00e9publicains sont de cet avis, comparativement \u00e0 88 % chez les d\u00e9mocrates. INQUI\u00c9TUDES FACE \u00c0 LA PERTE D\u2019EMPLOI ET \u00c0 LA R\u00c9CESSION Les inqui\u00e9tudes quant \u00e0 la s\u00e9curit\u00e9 d\u2019emploi augmentent chez les travailleurs am\u00e9ricains : 46 % craignent de perdre leur emploi au cours des 12 prochains mois (+5 points), dont 22 % qui se disent [&hellip;]<\/p>\n","protected":false},"author":13,"featured_media":23187,"comment_status":"closed","ping_status":"closed","sticky":false,"template":"","format":"standard","meta":{"_acf_changed":false,"_et_pb_use_builder":"on","_et_pb_old_content":"","_et_gb_content_width":"","content-type":"","inline_featured_image":false,"footnotes":""},"categories":[35],"tags":[],"post_language_cat":[42],"class_list":["post-23974","post","type-post","status-publish","format-standard","has-post-thumbnail","hentry","category-in-the-news","post_language_cat-fr-in-the-news"],"acf":[],"yoast_head":"<!-- This site is optimized with the Yoast SEO Premium plugin v27.5 (Yoast SEO v27.5) - https:\/\/yoast.com\/product\/yoast-seo-premium-wordpress\/ -->\n<title>Tarifs douaniers : plus de Canadiens et Am\u00e9ricains ressentent les hausses de prix - Leger<\/title>\n<meta name=\"description\" content=\"T\u00e9l\u00e9chargez le rapport pour comprendre les points de vue des Canadiens et Americans sur la guerre tarifaire.\" \/>\n<meta name=\"robots\" content=\"index, follow, max-snippet:-1, max-image-preview:large, max-video-preview:-1\" \/>\n<link rel=\"canonical\" href=\"https:\/\/leger360.com\/fr\/dernieres-nouvelles-tarifs-douaniers-plus-de-canadiens-et-americains-ressentent-les-hausses-de-prix\/\" \/>\n<meta property=\"og:locale\" content=\"fr_CA\" \/>\n<meta property=\"og:type\" content=\"article\" \/>\n<meta property=\"og:title\" content=\"Tarifs douaniers : plus de Canadiens et Am\u00e9ricains ressentent les hausses de prix\" \/>\n<meta property=\"og:description\" content=\"T\u00e9l\u00e9chargez le rapport pour comprendre les points de vue des Canadiens et Americans sur la guerre tarifaire.\" \/>\n<meta property=\"og:url\" content=\"https:\/\/leger360.com\/fr\/dernieres-nouvelles-tarifs-douaniers-plus-de-canadiens-et-americains-ressentent-les-hausses-de-prix\/\" \/>\n<meta property=\"og:site_name\" content=\"Leger\" \/>\n<meta property=\"article:publisher\" content=\"https:\/\/www.facebook.com\/leger360\/\" \/>\n<meta property=\"article:published_time\" content=\"2025-05-08T15:50:28+00:00\" \/>\n<meta property=\"article:modified_time\" content=\"2025-06-26T19:42:48+00:00\" \/>\n<meta property=\"og:image\" content=\"https:\/\/leger360.com\/wp-content\/uploads\/2025\/02\/Canada-US-No-Leger-Logo.jpg\" \/>\n\t<meta property=\"og:image:width\" content=\"1200\" \/>\n\t<meta property=\"og:image:height\" content=\"751\" \/>\n\t<meta property=\"og:image:type\" content=\"image\/jpeg\" \/>\n<meta name=\"author\" content=\"Jonah Presser\" \/>\n<meta name=\"twitter:card\" content=\"summary_large_image\" \/>\n<meta name=\"twitter:creator\" content=\"@leger360\" \/>\n<meta name=\"twitter:site\" content=\"@leger360\" \/>\n<meta name=\"twitter:label1\" content=\"\u00c9crit par\" \/>\n\t<meta name=\"twitter:data1\" content=\"Jonah Presser\" \/>\n\t<meta name=\"twitter:label2\" content=\"Estimation du temps de lecture\" \/>\n\t<meta name=\"twitter:data2\" content=\"2 minutes\" \/>\n<script type=\"application\/ld+json\" class=\"yoast-schema-graph\">{\"@context\":\"https:\\\/\\\/schema.org\",\"@graph\":[{\"@type\":\"Article\",\"@id\":\"https:\\\/\\\/leger360.com\\\/fr\\\/dernieres-nouvelles-tarifs-douaniers-plus-de-canadiens-et-americains-ressentent-les-hausses-de-prix\\\/#article\",\"isPartOf\":{\"@id\":\"https:\\\/\\\/leger360.com\\\/fr\\\/dernieres-nouvelles-tarifs-douaniers-plus-de-canadiens-et-americains-ressentent-les-hausses-de-prix\\\/\"},\"author\":{\"name\":\"Jonah Presser\",\"@id\":\"https:\\\/\\\/leger360.com\\\/fr\\\/#\\\/schema\\\/person\\\/43248a6d6ede47760313670a4da0171f\"},\"headline\":\"Tarifs douaniers : plus de Canadiens et Am\u00e9ricains ressentent les hausses de prix\",\"datePublished\":\"2025-05-08T15:50:28+00:00\",\"dateModified\":\"2025-06-26T19:42:48+00:00\",\"mainEntityOfPage\":{\"@id\":\"https:\\\/\\\/leger360.com\\\/fr\\\/dernieres-nouvelles-tarifs-douaniers-plus-de-canadiens-et-americains-ressentent-les-hausses-de-prix\\\/\"},\"wordCount\":536,\"publisher\":{\"@id\":\"https:\\\/\\\/leger360.com\\\/fr\\\/#organization\"},\"image\":{\"@id\":\"https:\\\/\\\/leger360.com\\\/fr\\\/dernieres-nouvelles-tarifs-douaniers-plus-de-canadiens-et-americains-ressentent-les-hausses-de-prix\\\/#primaryimage\"},\"thumbnailUrl\":\"https:\\\/\\\/leger360.com\\\/wp-content\\\/uploads\\\/2025\\\/02\\\/Canada-US-No-Leger-Logo.jpg\",\"articleSection\":[\"In the news\"],\"inLanguage\":\"fr-CA\"},{\"@type\":\"WebPage\",\"@id\":\"https:\\\/\\\/leger360.com\\\/fr\\\/dernieres-nouvelles-tarifs-douaniers-plus-de-canadiens-et-americains-ressentent-les-hausses-de-prix\\\/\",\"url\":\"https:\\\/\\\/leger360.com\\\/fr\\\/dernieres-nouvelles-tarifs-douaniers-plus-de-canadiens-et-americains-ressentent-les-hausses-de-prix\\\/\",\"name\":\"Tarifs douaniers : plus de Canadiens et Am\u00e9ricains ressentent les hausses de prix - Leger\",\"isPartOf\":{\"@id\":\"https:\\\/\\\/leger360.com\\\/fr\\\/#website\"},\"primaryImageOfPage\":{\"@id\":\"https:\\\/\\\/leger360.com\\\/fr\\\/dernieres-nouvelles-tarifs-douaniers-plus-de-canadiens-et-americains-ressentent-les-hausses-de-prix\\\/#primaryimage\"},\"image\":{\"@id\":\"https:\\\/\\\/leger360.com\\\/fr\\\/dernieres-nouvelles-tarifs-douaniers-plus-de-canadiens-et-americains-ressentent-les-hausses-de-prix\\\/#primaryimage\"},\"thumbnailUrl\":\"https:\\\/\\\/leger360.com\\\/wp-content\\\/uploads\\\/2025\\\/02\\\/Canada-US-No-Leger-Logo.jpg\",\"datePublished\":\"2025-05-08T15:50:28+00:00\",\"dateModified\":\"2025-06-26T19:42:48+00:00\",\"description\":\"T\u00e9l\u00e9chargez le rapport pour comprendre les points de vue des Canadiens et Americans sur la guerre tarifaire.\",\"breadcrumb\":{\"@id\":\"https:\\\/\\\/leger360.com\\\/fr\\\/dernieres-nouvelles-tarifs-douaniers-plus-de-canadiens-et-americains-ressentent-les-hausses-de-prix\\\/#breadcrumb\"},\"inLanguage\":\"fr-CA\",\"potentialAction\":[{\"@type\":\"ReadAction\",\"target\":[\"https:\\\/\\\/leger360.com\\\/fr\\\/dernieres-nouvelles-tarifs-douaniers-plus-de-canadiens-et-americains-ressentent-les-hausses-de-prix\\\/\"]}]},{\"@type\":\"ImageObject\",\"inLanguage\":\"fr-CA\",\"@id\":\"https:\\\/\\\/leger360.com\\\/fr\\\/dernieres-nouvelles-tarifs-douaniers-plus-de-canadiens-et-americains-ressentent-les-hausses-de-prix\\\/#primaryimage\",\"url\":\"https:\\\/\\\/leger360.com\\\/wp-content\\\/uploads\\\/2025\\\/02\\\/Canada-US-No-Leger-Logo.jpg\",\"contentUrl\":\"https:\\\/\\\/leger360.com\\\/wp-content\\\/uploads\\\/2025\\\/02\\\/Canada-US-No-Leger-Logo.jpg\",\"width\":1200,\"height\":751},{\"@type\":\"BreadcrumbList\",\"@id\":\"https:\\\/\\\/leger360.com\\\/fr\\\/dernieres-nouvelles-tarifs-douaniers-plus-de-canadiens-et-americains-ressentent-les-hausses-de-prix\\\/#breadcrumb\",\"itemListElement\":[{\"@type\":\"ListItem\",\"position\":1,\"name\":\"Home\",\"item\":\"https:\\\/\\\/leger360.com\\\/fr\\\/\"},{\"@type\":\"ListItem\",\"position\":2,\"name\":\"Tarifs douaniers : plus de Canadiens et Am\u00e9ricains ressentent les hausses de prix\"}]},{\"@type\":\"WebSite\",\"@id\":\"https:\\\/\\\/leger360.com\\\/fr\\\/#website\",\"url\":\"https:\\\/\\\/leger360.com\\\/fr\\\/\",\"name\":\"Leger\",\"description\":\"Market Research | Data Analytics\",\"publisher\":{\"@id\":\"https:\\\/\\\/leger360.com\\\/fr\\\/#organization\"},\"potentialAction\":[{\"@type\":\"SearchAction\",\"target\":{\"@type\":\"EntryPoint\",\"urlTemplate\":\"https:\\\/\\\/leger360.com\\\/fr\\\/?s={search_term_string}\"},\"query-input\":{\"@type\":\"PropertyValueSpecification\",\"valueRequired\":true,\"valueName\":\"search_term_string\"}}],\"inLanguage\":\"fr-CA\"},{\"@type\":\"Organization\",\"@id\":\"https:\\\/\\\/leger360.com\\\/fr\\\/#organization\",\"name\":\"Leger\",\"url\":\"https:\\\/\\\/leger360.com\\\/fr\\\/\",\"logo\":{\"@type\":\"ImageObject\",\"inLanguage\":\"fr-CA\",\"@id\":\"https:\\\/\\\/leger360.com\\\/fr\\\/#\\\/schema\\\/logo\\\/image\\\/\",\"url\":\"https:\\\/\\\/leger360.com\\\/wp-content\\\/uploads\\\/2024\\\/04\\\/2022-Logo-Leger-Blackred-g.png\",\"contentUrl\":\"https:\\\/\\\/leger360.com\\\/wp-content\\\/uploads\\\/2024\\\/04\\\/2022-Logo-Leger-Blackred-g.png\",\"width\":1195,\"height\":686,\"caption\":\"Leger\"},\"image\":{\"@id\":\"https:\\\/\\\/leger360.com\\\/fr\\\/#\\\/schema\\\/logo\\\/image\\\/\"},\"sameAs\":[\"https:\\\/\\\/www.facebook.com\\\/leger360\\\/\",\"https:\\\/\\\/x.com\\\/leger360\",\"https:\\\/\\\/www.linkedin.com\\\/company\\\/leger360\\\/\"],\"description\":\"Leger is one of North America\u2019s fastest-growing market research companies, known for our forward-thinking experts and innovative approaches powered by artificial intelligence (AI) technologies.\"},{\"@type\":\"Person\",\"@id\":\"https:\\\/\\\/leger360.com\\\/fr\\\/#\\\/schema\\\/person\\\/43248a6d6ede47760313670a4da0171f\",\"name\":\"Jonah Presser\",\"image\":{\"@type\":\"ImageObject\",\"inLanguage\":\"fr-CA\",\"@id\":\"https:\\\/\\\/secure.gravatar.com\\\/avatar\\\/30277f55803097542b5dc864a456580099248f68a36a21609d20a9da700098e3?s=96&d=mm&r=g\",\"url\":\"https:\\\/\\\/secure.gravatar.com\\\/avatar\\\/30277f55803097542b5dc864a456580099248f68a36a21609d20a9da700098e3?s=96&d=mm&r=g\",\"contentUrl\":\"https:\\\/\\\/secure.gravatar.com\\\/avatar\\\/30277f55803097542b5dc864a456580099248f68a36a21609d20a9da700098e3?s=96&d=mm&r=g\",\"caption\":\"Jonah Presser\"}}]}<\/script>\n<!-- \/ Yoast SEO Premium plugin. -->","yoast_head_json":{"title":"Tarifs douaniers : plus de Canadiens et Am\u00e9ricains ressentent les hausses de prix - Leger","description":"T\u00e9l\u00e9chargez le rapport pour comprendre les points de vue des Canadiens et Americans sur la guerre tarifaire.","robots":{"index":"index","follow":"follow","max-snippet":"max-snippet:-1","max-image-preview":"max-image-preview:large","max-video-preview":"max-video-preview:-1"},"canonical":"https:\/\/leger360.com\/fr\/dernieres-nouvelles-tarifs-douaniers-plus-de-canadiens-et-americains-ressentent-les-hausses-de-prix\/","og_locale":"fr_CA","og_type":"article","og_title":"Tarifs douaniers : plus de Canadiens et Am\u00e9ricains ressentent les hausses de prix","og_description":"T\u00e9l\u00e9chargez le rapport pour comprendre les points de vue des Canadiens et Americans sur la guerre tarifaire.","og_url":"https:\/\/leger360.com\/fr\/dernieres-nouvelles-tarifs-douaniers-plus-de-canadiens-et-americains-ressentent-les-hausses-de-prix\/","og_site_name":"Leger","article_publisher":"https:\/\/www.facebook.com\/leger360\/","article_published_time":"2025-05-08T15:50:28+00:00","article_modified_time":"2025-06-26T19:42:48+00:00","og_image":[{"width":1200,"height":751,"url":"https:\/\/leger360.com\/wp-content\/uploads\/2025\/02\/Canada-US-No-Leger-Logo.jpg","type":"image\/jpeg"}],"author":"Jonah Presser","twitter_card":"summary_large_image","twitter_creator":"@leger360","twitter_site":"@leger360","twitter_misc":{"\u00c9crit par":"Jonah Presser","Estimation du temps de lecture":"2 minutes"},"schema":{"@context":"https:\/\/schema.org","@graph":[{"@type":"Article","@id":"https:\/\/leger360.com\/fr\/dernieres-nouvelles-tarifs-douaniers-plus-de-canadiens-et-americains-ressentent-les-hausses-de-prix\/#article","isPartOf":{"@id":"https:\/\/leger360.com\/fr\/dernieres-nouvelles-tarifs-douaniers-plus-de-canadiens-et-americains-ressentent-les-hausses-de-prix\/"},"author":{"name":"Jonah Presser","@id":"https:\/\/leger360.com\/fr\/#\/schema\/person\/43248a6d6ede47760313670a4da0171f"},"headline":"Tarifs douaniers : plus de Canadiens et Am\u00e9ricains ressentent les hausses de prix","datePublished":"2025-05-08T15:50:28+00:00","dateModified":"2025-06-26T19:42:48+00:00","mainEntityOfPage":{"@id":"https:\/\/leger360.com\/fr\/dernieres-nouvelles-tarifs-douaniers-plus-de-canadiens-et-americains-ressentent-les-hausses-de-prix\/"},"wordCount":536,"publisher":{"@id":"https:\/\/leger360.com\/fr\/#organization"},"image":{"@id":"https:\/\/leger360.com\/fr\/dernieres-nouvelles-tarifs-douaniers-plus-de-canadiens-et-americains-ressentent-les-hausses-de-prix\/#primaryimage"},"thumbnailUrl":"https:\/\/leger360.com\/wp-content\/uploads\/2025\/02\/Canada-US-No-Leger-Logo.jpg","articleSection":["In the news"],"inLanguage":"fr-CA"},{"@type":"WebPage","@id":"https:\/\/leger360.com\/fr\/dernieres-nouvelles-tarifs-douaniers-plus-de-canadiens-et-americains-ressentent-les-hausses-de-prix\/","url":"https:\/\/leger360.com\/fr\/dernieres-nouvelles-tarifs-douaniers-plus-de-canadiens-et-americains-ressentent-les-hausses-de-prix\/","name":"Tarifs douaniers : plus de Canadiens et Am\u00e9ricains ressentent les hausses de prix - Leger","isPartOf":{"@id":"https:\/\/leger360.com\/fr\/#website"},"primaryImageOfPage":{"@id":"https:\/\/leger360.com\/fr\/dernieres-nouvelles-tarifs-douaniers-plus-de-canadiens-et-americains-ressentent-les-hausses-de-prix\/#primaryimage"},"image":{"@id":"https:\/\/leger360.com\/fr\/dernieres-nouvelles-tarifs-douaniers-plus-de-canadiens-et-americains-ressentent-les-hausses-de-prix\/#primaryimage"},"thumbnailUrl":"https:\/\/leger360.com\/wp-content\/uploads\/2025\/02\/Canada-US-No-Leger-Logo.jpg","datePublished":"2025-05-08T15:50:28+00:00","dateModified":"2025-06-26T19:42:48+00:00","description":"T\u00e9l\u00e9chargez le rapport pour comprendre les points de vue des Canadiens et Americans sur la guerre tarifaire.","breadcrumb":{"@id":"https:\/\/leger360.com\/fr\/dernieres-nouvelles-tarifs-douaniers-plus-de-canadiens-et-americains-ressentent-les-hausses-de-prix\/#breadcrumb"},"inLanguage":"fr-CA","potentialAction":[{"@type":"ReadAction","target":["https:\/\/leger360.com\/fr\/dernieres-nouvelles-tarifs-douaniers-plus-de-canadiens-et-americains-ressentent-les-hausses-de-prix\/"]}]},{"@type":"ImageObject","inLanguage":"fr-CA","@id":"https:\/\/leger360.com\/fr\/dernieres-nouvelles-tarifs-douaniers-plus-de-canadiens-et-americains-ressentent-les-hausses-de-prix\/#primaryimage","url":"https:\/\/leger360.com\/wp-content\/uploads\/2025\/02\/Canada-US-No-Leger-Logo.jpg","contentUrl":"https:\/\/leger360.com\/wp-content\/uploads\/2025\/02\/Canada-US-No-Leger-Logo.jpg","width":1200,"height":751},{"@type":"BreadcrumbList","@id":"https:\/\/leger360.com\/fr\/dernieres-nouvelles-tarifs-douaniers-plus-de-canadiens-et-americains-ressentent-les-hausses-de-prix\/#breadcrumb","itemListElement":[{"@type":"ListItem","position":1,"name":"Home","item":"https:\/\/leger360.com\/fr\/"},{"@type":"ListItem","position":2,"name":"Tarifs douaniers : plus de Canadiens et Am\u00e9ricains ressentent les hausses de prix"}]},{"@type":"WebSite","@id":"https:\/\/leger360.com\/fr\/#website","url":"https:\/\/leger360.com\/fr\/","name":"Leger","description":"Market Research | Data Analytics","publisher":{"@id":"https:\/\/leger360.com\/fr\/#organization"},"potentialAction":[{"@type":"SearchAction","target":{"@type":"EntryPoint","urlTemplate":"https:\/\/leger360.com\/fr\/?s={search_term_string}"},"query-input":{"@type":"PropertyValueSpecification","valueRequired":true,"valueName":"search_term_string"}}],"inLanguage":"fr-CA"},{"@type":"Organization","@id":"https:\/\/leger360.com\/fr\/#organization","name":"Leger","url":"https:\/\/leger360.com\/fr\/","logo":{"@type":"ImageObject","inLanguage":"fr-CA","@id":"https:\/\/leger360.com\/fr\/#\/schema\/logo\/image\/","url":"https:\/\/leger360.com\/wp-content\/uploads\/2024\/04\/2022-Logo-Leger-Blackred-g.png","contentUrl":"https:\/\/leger360.com\/wp-content\/uploads\/2024\/04\/2022-Logo-Leger-Blackred-g.png","width":1195,"height":686,"caption":"Leger"},"image":{"@id":"https:\/\/leger360.com\/fr\/#\/schema\/logo\/image\/"},"sameAs":["https:\/\/www.facebook.com\/leger360\/","https:\/\/x.com\/leger360","https:\/\/www.linkedin.com\/company\/leger360\/"],"description":"Leger is one of North America\u2019s fastest-growing market research companies, known for our forward-thinking experts and innovative approaches powered by artificial intelligence (AI) technologies."},{"@type":"Person","@id":"https:\/\/leger360.com\/fr\/#\/schema\/person\/43248a6d6ede47760313670a4da0171f","name":"Jonah Presser","image":{"@type":"ImageObject","inLanguage":"fr-CA","@id":"https:\/\/secure.gravatar.com\/avatar\/30277f55803097542b5dc864a456580099248f68a36a21609d20a9da700098e3?s=96&d=mm&r=g","url":"https:\/\/secure.gravatar.com\/avatar\/30277f55803097542b5dc864a456580099248f68a36a21609d20a9da700098e3?s=96&d=mm&r=g","contentUrl":"https:\/\/secure.gravatar.com\/avatar\/30277f55803097542b5dc864a456580099248f68a36a21609d20a9da700098e3?s=96&d=mm&r=g","caption":"Jonah Presser"}}]}},"_links":{"self":[{"href":"https:\/\/leger360.com\/fr\/wp-json\/wp\/v2\/posts\/23974","targetHints":{"allow":["GET"]}}],"collection":[{"href":"https:\/\/leger360.com\/fr\/wp-json\/wp\/v2\/posts"}],"about":[{"href":"https:\/\/leger360.com\/fr\/wp-json\/wp\/v2\/types\/post"}],"author":[{"embeddable":true,"href":"https:\/\/leger360.com\/fr\/wp-json\/wp\/v2\/users\/13"}],"replies":[{"embeddable":true,"href":"https:\/\/leger360.com\/fr\/wp-json\/wp\/v2\/comments?post=23974"}],"version-history":[{"count":0,"href":"https:\/\/leger360.com\/fr\/wp-json\/wp\/v2\/posts\/23974\/revisions"}],"wp:featuredmedia":[{"embeddable":true,"href":"https:\/\/leger360.com\/fr\/wp-json\/wp\/v2\/media\/23187"}],"wp:attachment":[{"href":"https:\/\/leger360.com\/fr\/wp-json\/wp\/v2\/media?parent=23974"}],"wp:term":[{"taxonomy":"category","embeddable":true,"href":"https:\/\/leger360.com\/fr\/wp-json\/wp\/v2\/categories?post=23974"},{"taxonomy":"post_tag","embeddable":true,"href":"https:\/\/leger360.com\/fr\/wp-json\/wp\/v2\/tags?post=23974"},{"taxonomy":"post_language_cat","embeddable":true,"href":"https:\/\/leger360.com\/fr\/wp-json\/wp\/v2\/post_language_cat?post=23974"}],"curies":[{"name":"wp","href":"https:\/\/api.w.org\/{rel}","templated":true}]}}