{"id":24170,"date":"2025-05-26T11:32:42","date_gmt":"2025-05-26T15:32:42","guid":{"rendered":"https:\/\/leger360.com\/?p=24170"},"modified":"2025-06-26T15:46:52","modified_gmt":"2025-06-26T19:46:52","slug":"dernieres-nouvelles-la-monarchie-et-la-visite-du-roi-charles-iii","status":"publish","type":"post","link":"https:\/\/leger360.com\/fr\/dernieres-nouvelles-la-monarchie-et-la-visite-du-roi-charles-iii\/","title":{"rendered":"La monarchie et la visite du roi Charles III"},"content":{"rendered":"<p>[et_pb_section fb_built=\u00a0\u00bb1&Prime; _builder_version=\u00a0\u00bb4.27.4&Prime; _module_preset=\u00a0\u00bbdefault\u00a0\u00bb global_colors_info=\u00a0\u00bb{}\u00a0\u00bb][et_pb_row _builder_version=\u00a0\u00bb4.27.4&Prime; _module_preset=\u00a0\u00bbdefault\u00a0\u00bb global_colors_info=\u00a0\u00bb{}\u00a0\u00bb][et_pb_column type=\u00a0\u00bb4_4&Prime; _builder_version=\u00a0\u00bb4.27.4&Prime; _module_preset=\u00a0\u00bbdefault\u00a0\u00bb global_colors_info=\u00a0\u00bb{}\u00a0\u00bb][et_pb_text _builder_version=\u00a0\u00bb4.27.4&Prime; _module_preset=\u00a0\u00bbdefault\u00a0\u00bb global_colors_info=\u00a0\u00bb{}\u00a0\u00bb]<\/p>\n<p><span data-contrast=\"auto\" xml:lang=\"FR-CA\" lang=\"FR-CA\" class=\"TextRun SCXW60923867 BCX0\"><span class=\"NormalTextRun SCXW60923867 BCX0\">L\u00e9ger a r\u00e9alis\u00e9 un sondage pour le compte du Journal de Montr\u00e9al, du Journal de Qu\u00e9bec et de TVA sur la <\/span><span class=\"NormalTextRun SCXW60923867 BCX0\">monarchie<\/span><span class=\"NormalTextRun SCXW60923867 BCX0\"> au Qu\u00e9bec et la visite du roi Charles III au Canada<\/span><span class=\"NormalTextRun SCXW60923867 BCX0\">.\u202f<\/span><\/span><span class=\"EOP SCXW60923867 BCX0\" data-ccp-props=\"{}\">\u00a0<\/span><\/p>\n<p>[\/et_pb_text][et_pb_image src=\u00a0\u00bbhttps:\/\/leger360.com\/wp-content\/uploads\/2025\/05\/King-Charles-Leger-Logo.jpg\u00a0\u00bb title_text=\u00a0\u00bbKing Charles &#8211; Leger Logo\u00a0\u00bb url=\u00a0\u00bb@ET-DC@eyJkeW5hbWljIjp0cnVlLCJjb250ZW50IjoicG9zdF9saW5rX3VybF9hdHRhY2htZW50Iiwic2V0dGluZ3MiOnsicG9zdF9pZCI6IjI0MTYzIn19@\u00a0\u00bb _builder_version=\u00a0\u00bb4.27.4&Prime; _dynamic_attributes=\u00a0\u00bburl\u00a0\u00bb _module_preset=\u00a0\u00bbdefault\u00a0\u00bb global_colors_info=\u00a0\u00bb{}\u00a0\u00bb][\/et_pb_image][et_pb_button button_url=\u00a0\u00bb@ET-DC@eyJkeW5hbWljIjp0cnVlLCJjb250ZW50IjoicG9zdF9saW5rX3VybF9hdHRhY2htZW50Iiwic2V0dGluZ3MiOnsicG9zdF9pZCI6IjI0MTYzIn19@\u00a0\u00bb button_text=\u00a0\u00bbT\u00e9l\u00e9chargez le rapport pour en apprendre plus\u00a0\u00bb button_alignment=\u00a0\u00bbcenter\u00a0\u00bb _builder_version=\u00a0\u00bb4.27.4&Prime; _dynamic_attributes=\u00a0\u00bbbutton_url\u00a0\u00bb _module_preset=\u00a0\u00bbdefault\u00a0\u00bb hover_enabled=\u00a0\u00bb0&Prime; global_colors_info=\u00a0\u00bb{}\u00a0\u00bb sticky_enabled=\u00a0\u00bb0&Prime;][\/et_pb_button][et_pb_text _builder_version=\u00a0\u00bb4.27.4&Prime; _module_preset=\u00a0\u00bbdefault\u00a0\u00bb global_colors_info=\u00a0\u00bb{}\u00a0\u00bb]<\/p>\n<h2><span data-contrast=\"auto\">SUPPORT DE LA MONARCHIE<\/span><span data-ccp-props=\"{}\">\u00a0<\/span><\/h2>\n<p><span data-contrast=\"auto\">7% des Qu\u00e9b\u00e9cois se disent personnellement attach\u00e9s \u00e0 la monarchie britannique, alors que 87% affirment ne pas l\u2019\u00eatre.<\/span><span data-ccp-props=\"{}\">\u00a0<\/span><\/p>\n<p><span data-contrast=\"auto\">47% des Qu\u00e9b\u00e9cois sont d\u00e9favorables \u00e0 l\u2019invitation au roi Charles III de venir faire le discours du Tr\u00f4ne au Canada \u00e0 l\u2019ouverture de la prochaine session au Parlement du Canada. 36% se disent favorables et 16% ne se sont pas prononc\u00e9s sur le sujet.<\/span><span data-ccp-props=\"{}\">\u00a0<\/span><\/p>\n<p><span data-contrast=\"auto\">46% des Qu\u00e9b\u00e9cois croient que la monarchie occupe trop de place dans les institutions canadiennes, bien que 34% croient qu\u2019elle occupe juste assez de place.<\/span><span data-ccp-props=\"{}\">\u00a0<\/span><\/p>\n<p><span data-contrast=\"auto\">31% des Qu\u00e9b\u00e9cois ont une bonne opinion du roi Charles III, tandis que 40% ont une mauvaise opinion de lui. Le personnage de la monarchie britannique dont le plus grand pourcentage des Qu\u00e9b\u00e9cois ont une bonne opinion est la princesse Kate Middleton, conjointe du Prince William : 54% des Qu\u00e9b\u00e9cois ont une bonne opinion d\u2019elle.<\/span><span data-ccp-props=\"{}\">\u00a0<\/span><\/p>\n<h2><span data-contrast=\"auto\">M\u00c9THODOLOGIE\u202f<\/span><span data-ccp-props=\"{}\">\u00a0<\/span><\/h2>\n<p><span data-contrast=\"auto\">Un sondage Web a \u00e9t\u00e9 r\u00e9alis\u00e9 aupr\u00e8s de 1 011 <\/span><span data-contrast=\"auto\">\u202f<\/span><span data-contrast=\"auto\">Qu\u00e9b\u00e9cois\u00b7es \u00e2g\u00e9\u00b7es de 18 ou plus et ayant le droit de vote au Canada. Les r\u00e9pondant\u00b7es devaient pouvoir s\u2019exprimer en fran\u00e7ais ou en anglais, le recrutement ayant \u00e9t\u00e9 effectu\u00e9 al\u00e9atoirement \u00e0 l\u2019aide du panel en ligne de LEO.\u202f<\/span><span data-ccp-props=\"{}\">\u00a0<\/span><\/p>\n<p><span data-contrast=\"auto\">Les donn\u00e9es ont \u00e9t\u00e9 collect\u00e9es du 16 au 18 mai 2025.\u202f<\/span><span data-ccp-props=\"{}\">\u00a0<\/span><\/p>\n<p><span data-contrast=\"auto\">Il n\u2019est pas possible de calculer une marge d\u2019erreur sur un \u00e9chantillon tir\u00e9 d\u2019un panel, mais \u00e0 titre comparatif, la marge d\u2019erreur maximale pour un \u00e9chantillon de 1 011 r\u00e9pondants est de \u00b13,08%, et ce 19 fois sur 20.\u202f<\/span><span data-ccp-props=\"{}\">\u00a0<\/span><\/p>\n<p><span data-contrast=\"auto\">Les r\u00e9sultats ont \u00e9t\u00e9 pond\u00e9r\u00e9s en fonction du genre, de l\u2019\u00e2ge, de la langue maternelle, de la r\u00e9gion, du niveau de scolarit\u00e9 et de la pr\u00e9sence d\u2019enfants dans le m\u00e9nage afin d\u2019assurer un \u00e9chantillon repr\u00e9sentatif de la population qu\u00e9b\u00e9coise.\u202f<\/span><span data-ccp-props=\"{}\">\u00a0<\/span><\/p>\n<p><span data-contrast=\"auto\">Ce sondage est la propri\u00e9t\u00e9 de L\u00e9ger\/Qu\u00e9becor. Toute publication doit obligatoirement respecter les droits d\u2019auteur en utilisant la mention<\/span><span data-contrast=\"auto\">\u202f<\/span><i><span data-contrast=\"auto\">Sondage L\u00e9ger\/Qu\u00e9becor<\/span><\/i><span data-contrast=\"auto\">.\u202f<\/span><span data-ccp-props=\"{}\">\u00a0<\/span><\/p>\n<p>[\/et_pb_text][\/et_pb_column][\/et_pb_row][\/et_pb_section]<\/p>\n","protected":false},"excerpt":{"rendered":"<p>L\u00e9ger a r\u00e9alis\u00e9 un sondage pour le compte du Journal de Montr\u00e9al, du Journal de Qu\u00e9bec et de TVA sur la monarchie au Qu\u00e9bec et la visite du roi Charles III au Canada.\u202f\u00a0SUPPORT DE LA MONARCHIE\u00a0 7% des Qu\u00e9b\u00e9cois se disent personnellement attach\u00e9s \u00e0 la monarchie britannique, alors que 87% affirment ne pas l\u2019\u00eatre.\u00a0 47% des Qu\u00e9b\u00e9cois sont d\u00e9favorables \u00e0 l\u2019invitation au roi Charles III de venir faire le discours du Tr\u00f4ne au Canada \u00e0 l\u2019ouverture de la prochaine session au Parlement du Canada. 36% se disent favorables et 16% ne se sont pas prononc\u00e9s sur le sujet.\u00a0 46% des Qu\u00e9b\u00e9cois croient que la monarchie occupe trop de place dans les institutions canadiennes, bien que 34% croient qu\u2019elle occupe juste assez de place.\u00a0 31% des Qu\u00e9b\u00e9cois ont une bonne opinion du roi Charles III, tandis que 40% ont une mauvaise opinion de lui. Le personnage de la monarchie britannique dont le plus grand pourcentage des Qu\u00e9b\u00e9cois ont une bonne opinion est la princesse Kate Middleton, conjointe du Prince William : 54% des Qu\u00e9b\u00e9cois ont une bonne opinion d\u2019elle.\u00a0 M\u00c9THODOLOGIE\u202f\u00a0 Un sondage Web a \u00e9t\u00e9 r\u00e9alis\u00e9 aupr\u00e8s de 1 011 \u202fQu\u00e9b\u00e9cois\u00b7es \u00e2g\u00e9\u00b7es de 18 ou plus et ayant le droit de [&hellip;]<\/p>\n","protected":false},"author":13,"featured_media":24167,"comment_status":"closed","ping_status":"closed","sticky":false,"template":"","format":"standard","meta":{"_acf_changed":false,"_et_pb_use_builder":"on","_et_pb_old_content":"","_et_gb_content_width":"","content-type":"","inline_featured_image":false,"footnotes":""},"categories":[35],"tags":[],"post_language_cat":[42],"class_list":["post-24170","post","type-post","status-publish","format-standard","has-post-thumbnail","hentry","category-in-the-news","post_language_cat-fr-in-the-news"],"acf":[],"yoast_head":"<!-- This site is optimized with the Yoast SEO Premium plugin v27.4 (Yoast SEO v27.4) - https:\/\/yoast.com\/product\/yoast-seo-premium-wordpress\/ -->\n<title>La monarchie et la visite du roi Charles III - Leger<\/title>\n<meta name=\"robots\" content=\"index, follow, max-snippet:-1, max-image-preview:large, max-video-preview:-1\" \/>\n<link rel=\"canonical\" href=\"https:\/\/leger360.com\/fr\/dernieres-nouvelles-la-monarchie-et-la-visite-du-roi-charles-iii\/\" \/>\n<meta property=\"og:locale\" content=\"fr_CA\" \/>\n<meta property=\"og:type\" content=\"article\" \/>\n<meta property=\"og:title\" content=\"La monarchie et la visite du roi Charles III\" \/>\n<meta property=\"og:description\" content=\"L\u00e9ger a r\u00e9alis\u00e9 un sondage pour le compte du Journal de Montr\u00e9al, du Journal de Qu\u00e9bec et de TVA sur la monarchie au Qu\u00e9bec et la visite du roi Charles III au Canada.\u202f\u00a0SUPPORT DE LA MONARCHIE\u00a0 7% des Qu\u00e9b\u00e9cois se disent personnellement attach\u00e9s \u00e0 la monarchie britannique, alors que 87% affirment ne pas l\u2019\u00eatre.\u00a0 47% des Qu\u00e9b\u00e9cois sont d\u00e9favorables \u00e0 l\u2019invitation au roi Charles III de venir faire le discours du Tr\u00f4ne au Canada \u00e0 l\u2019ouverture de la prochaine session au Parlement du Canada. 36% se disent favorables et 16% ne se sont pas prononc\u00e9s sur le sujet.\u00a0 46% des Qu\u00e9b\u00e9cois croient que la monarchie occupe trop de place dans les institutions canadiennes, bien que 34% croient qu\u2019elle occupe juste assez de place.\u00a0 31% des Qu\u00e9b\u00e9cois ont une bonne opinion du roi Charles III, tandis que 40% ont une mauvaise opinion de lui. Le personnage de la monarchie britannique dont le plus grand pourcentage des Qu\u00e9b\u00e9cois ont une bonne opinion est la princesse Kate Middleton, conjointe du Prince William : 54% des Qu\u00e9b\u00e9cois ont une bonne opinion d\u2019elle.\u00a0 M\u00c9THODOLOGIE\u202f\u00a0 Un sondage Web a \u00e9t\u00e9 r\u00e9alis\u00e9 aupr\u00e8s de 1 011 \u202fQu\u00e9b\u00e9cois\u00b7es \u00e2g\u00e9\u00b7es de 18 ou plus et ayant le droit de [&hellip;]\" \/>\n<meta property=\"og:url\" content=\"https:\/\/leger360.com\/fr\/dernieres-nouvelles-la-monarchie-et-la-visite-du-roi-charles-iii\/\" \/>\n<meta property=\"og:site_name\" content=\"Leger\" \/>\n<meta property=\"article:publisher\" content=\"https:\/\/www.facebook.com\/leger360\/\" \/>\n<meta property=\"article:published_time\" content=\"2025-05-26T15:32:42+00:00\" \/>\n<meta property=\"article:modified_time\" content=\"2025-06-26T19:46:52+00:00\" \/>\n<meta property=\"og:image\" content=\"https:\/\/leger360.com\/wp-content\/uploads\/2025\/05\/King-Charles-No-Leger-Logo.jpg\" \/>\n\t<meta property=\"og:image:width\" content=\"800\" \/>\n\t<meta property=\"og:image:height\" content=\"501\" \/>\n\t<meta property=\"og:image:type\" content=\"image\/jpeg\" \/>\n<meta name=\"author\" content=\"Jonah Presser\" \/>\n<meta name=\"twitter:card\" content=\"summary_large_image\" \/>\n<meta name=\"twitter:creator\" content=\"@leger360\" \/>\n<meta name=\"twitter:site\" content=\"@leger360\" \/>\n<meta name=\"twitter:label1\" content=\"\u00c9crit par\" \/>\n\t<meta name=\"twitter:data1\" content=\"Jonah Presser\" \/>\n\t<meta name=\"twitter:label2\" content=\"Estimation du temps de lecture\" \/>\n\t<meta name=\"twitter:data2\" content=\"3 minutes\" \/>\n<script type=\"application\/ld+json\" class=\"yoast-schema-graph\">{\"@context\":\"https:\\\/\\\/schema.org\",\"@graph\":[{\"@type\":\"Article\",\"@id\":\"https:\\\/\\\/leger360.com\\\/fr\\\/dernieres-nouvelles-la-monarchie-et-la-visite-du-roi-charles-iii\\\/#article\",\"isPartOf\":{\"@id\":\"https:\\\/\\\/leger360.com\\\/fr\\\/dernieres-nouvelles-la-monarchie-et-la-visite-du-roi-charles-iii\\\/\"},\"author\":{\"name\":\"Jonah Presser\",\"@id\":\"https:\\\/\\\/leger360.com\\\/fr\\\/#\\\/schema\\\/person\\\/43248a6d6ede47760313670a4da0171f\"},\"headline\":\"La monarchie et la visite du roi Charles III\",\"datePublished\":\"2025-05-26T15:32:42+00:00\",\"dateModified\":\"2025-06-26T19:46:52+00:00\",\"mainEntityOfPage\":{\"@id\":\"https:\\\/\\\/leger360.com\\\/fr\\\/dernieres-nouvelles-la-monarchie-et-la-visite-du-roi-charles-iii\\\/\"},\"wordCount\":570,\"publisher\":{\"@id\":\"https:\\\/\\\/leger360.com\\\/fr\\\/#organization\"},\"image\":{\"@id\":\"https:\\\/\\\/leger360.com\\\/fr\\\/dernieres-nouvelles-la-monarchie-et-la-visite-du-roi-charles-iii\\\/#primaryimage\"},\"thumbnailUrl\":\"https:\\\/\\\/leger360.com\\\/wp-content\\\/uploads\\\/2025\\\/05\\\/King-Charles-No-Leger-Logo.jpg\",\"articleSection\":[\"In the news\"],\"inLanguage\":\"fr-CA\"},{\"@type\":\"WebPage\",\"@id\":\"https:\\\/\\\/leger360.com\\\/fr\\\/dernieres-nouvelles-la-monarchie-et-la-visite-du-roi-charles-iii\\\/\",\"url\":\"https:\\\/\\\/leger360.com\\\/fr\\\/dernieres-nouvelles-la-monarchie-et-la-visite-du-roi-charles-iii\\\/\",\"name\":\"La monarchie et la visite du roi Charles III - Leger\",\"isPartOf\":{\"@id\":\"https:\\\/\\\/leger360.com\\\/fr\\\/#website\"},\"primaryImageOfPage\":{\"@id\":\"https:\\\/\\\/leger360.com\\\/fr\\\/dernieres-nouvelles-la-monarchie-et-la-visite-du-roi-charles-iii\\\/#primaryimage\"},\"image\":{\"@id\":\"https:\\\/\\\/leger360.com\\\/fr\\\/dernieres-nouvelles-la-monarchie-et-la-visite-du-roi-charles-iii\\\/#primaryimage\"},\"thumbnailUrl\":\"https:\\\/\\\/leger360.com\\\/wp-content\\\/uploads\\\/2025\\\/05\\\/King-Charles-No-Leger-Logo.jpg\",\"datePublished\":\"2025-05-26T15:32:42+00:00\",\"dateModified\":\"2025-06-26T19:46:52+00:00\",\"breadcrumb\":{\"@id\":\"https:\\\/\\\/leger360.com\\\/fr\\\/dernieres-nouvelles-la-monarchie-et-la-visite-du-roi-charles-iii\\\/#breadcrumb\"},\"inLanguage\":\"fr-CA\",\"potentialAction\":[{\"@type\":\"ReadAction\",\"target\":[\"https:\\\/\\\/leger360.com\\\/fr\\\/dernieres-nouvelles-la-monarchie-et-la-visite-du-roi-charles-iii\\\/\"]}]},{\"@type\":\"ImageObject\",\"inLanguage\":\"fr-CA\",\"@id\":\"https:\\\/\\\/leger360.com\\\/fr\\\/dernieres-nouvelles-la-monarchie-et-la-visite-du-roi-charles-iii\\\/#primaryimage\",\"url\":\"https:\\\/\\\/leger360.com\\\/wp-content\\\/uploads\\\/2025\\\/05\\\/King-Charles-No-Leger-Logo.jpg\",\"contentUrl\":\"https:\\\/\\\/leger360.com\\\/wp-content\\\/uploads\\\/2025\\\/05\\\/King-Charles-No-Leger-Logo.jpg\",\"width\":800,\"height\":501},{\"@type\":\"BreadcrumbList\",\"@id\":\"https:\\\/\\\/leger360.com\\\/fr\\\/dernieres-nouvelles-la-monarchie-et-la-visite-du-roi-charles-iii\\\/#breadcrumb\",\"itemListElement\":[{\"@type\":\"ListItem\",\"position\":1,\"name\":\"Home\",\"item\":\"https:\\\/\\\/leger360.com\\\/fr\\\/\"},{\"@type\":\"ListItem\",\"position\":2,\"name\":\"La monarchie et la visite du roi Charles III\"}]},{\"@type\":\"WebSite\",\"@id\":\"https:\\\/\\\/leger360.com\\\/fr\\\/#website\",\"url\":\"https:\\\/\\\/leger360.com\\\/fr\\\/\",\"name\":\"Leger\",\"description\":\"Market Research | Data Analytics\",\"publisher\":{\"@id\":\"https:\\\/\\\/leger360.com\\\/fr\\\/#organization\"},\"potentialAction\":[{\"@type\":\"SearchAction\",\"target\":{\"@type\":\"EntryPoint\",\"urlTemplate\":\"https:\\\/\\\/leger360.com\\\/fr\\\/?s={search_term_string}\"},\"query-input\":{\"@type\":\"PropertyValueSpecification\",\"valueRequired\":true,\"valueName\":\"search_term_string\"}}],\"inLanguage\":\"fr-CA\"},{\"@type\":\"Organization\",\"@id\":\"https:\\\/\\\/leger360.com\\\/fr\\\/#organization\",\"name\":\"Leger\",\"url\":\"https:\\\/\\\/leger360.com\\\/fr\\\/\",\"logo\":{\"@type\":\"ImageObject\",\"inLanguage\":\"fr-CA\",\"@id\":\"https:\\\/\\\/leger360.com\\\/fr\\\/#\\\/schema\\\/logo\\\/image\\\/\",\"url\":\"https:\\\/\\\/leger360.com\\\/wp-content\\\/uploads\\\/2024\\\/04\\\/2022-Logo-Leger-Blackred-g.png\",\"contentUrl\":\"https:\\\/\\\/leger360.com\\\/wp-content\\\/uploads\\\/2024\\\/04\\\/2022-Logo-Leger-Blackred-g.png\",\"width\":1195,\"height\":686,\"caption\":\"Leger\"},\"image\":{\"@id\":\"https:\\\/\\\/leger360.com\\\/fr\\\/#\\\/schema\\\/logo\\\/image\\\/\"},\"sameAs\":[\"https:\\\/\\\/www.facebook.com\\\/leger360\\\/\",\"https:\\\/\\\/x.com\\\/leger360\",\"https:\\\/\\\/www.linkedin.com\\\/company\\\/leger360\\\/\"],\"description\":\"Leger is one of North America\u2019s fastest-growing market research companies, known for our forward-thinking experts and innovative approaches powered by artificial intelligence (AI) technologies.\"},{\"@type\":\"Person\",\"@id\":\"https:\\\/\\\/leger360.com\\\/fr\\\/#\\\/schema\\\/person\\\/43248a6d6ede47760313670a4da0171f\",\"name\":\"Jonah Presser\",\"image\":{\"@type\":\"ImageObject\",\"inLanguage\":\"fr-CA\",\"@id\":\"https:\\\/\\\/secure.gravatar.com\\\/avatar\\\/30277f55803097542b5dc864a456580099248f68a36a21609d20a9da700098e3?s=96&d=mm&r=g\",\"url\":\"https:\\\/\\\/secure.gravatar.com\\\/avatar\\\/30277f55803097542b5dc864a456580099248f68a36a21609d20a9da700098e3?s=96&d=mm&r=g\",\"contentUrl\":\"https:\\\/\\\/secure.gravatar.com\\\/avatar\\\/30277f55803097542b5dc864a456580099248f68a36a21609d20a9da700098e3?s=96&d=mm&r=g\",\"caption\":\"Jonah Presser\"}}]}<\/script>\n<!-- \/ Yoast SEO Premium plugin. -->","yoast_head_json":{"title":"La monarchie et la visite du roi Charles III - Leger","robots":{"index":"index","follow":"follow","max-snippet":"max-snippet:-1","max-image-preview":"max-image-preview:large","max-video-preview":"max-video-preview:-1"},"canonical":"https:\/\/leger360.com\/fr\/dernieres-nouvelles-la-monarchie-et-la-visite-du-roi-charles-iii\/","og_locale":"fr_CA","og_type":"article","og_title":"La monarchie et la visite du roi Charles III","og_description":"L\u00e9ger a r\u00e9alis\u00e9 un sondage pour le compte du Journal de Montr\u00e9al, du Journal de Qu\u00e9bec et de TVA sur la monarchie au Qu\u00e9bec et la visite du roi Charles III au Canada.\u202f\u00a0SUPPORT DE LA MONARCHIE\u00a0 7% des Qu\u00e9b\u00e9cois se disent personnellement attach\u00e9s \u00e0 la monarchie britannique, alors que 87% affirment ne pas l\u2019\u00eatre.\u00a0 47% des Qu\u00e9b\u00e9cois sont d\u00e9favorables \u00e0 l\u2019invitation au roi Charles III de venir faire le discours du Tr\u00f4ne au Canada \u00e0 l\u2019ouverture de la prochaine session au Parlement du Canada. 36% se disent favorables et 16% ne se sont pas prononc\u00e9s sur le sujet.\u00a0 46% des Qu\u00e9b\u00e9cois croient que la monarchie occupe trop de place dans les institutions canadiennes, bien que 34% croient qu\u2019elle occupe juste assez de place.\u00a0 31% des Qu\u00e9b\u00e9cois ont une bonne opinion du roi Charles III, tandis que 40% ont une mauvaise opinion de lui. Le personnage de la monarchie britannique dont le plus grand pourcentage des Qu\u00e9b\u00e9cois ont une bonne opinion est la princesse Kate Middleton, conjointe du Prince William : 54% des Qu\u00e9b\u00e9cois ont une bonne opinion d\u2019elle.\u00a0 M\u00c9THODOLOGIE\u202f\u00a0 Un sondage Web a \u00e9t\u00e9 r\u00e9alis\u00e9 aupr\u00e8s de 1 011 \u202fQu\u00e9b\u00e9cois\u00b7es \u00e2g\u00e9\u00b7es de 18 ou plus et ayant le droit de [&hellip;]","og_url":"https:\/\/leger360.com\/fr\/dernieres-nouvelles-la-monarchie-et-la-visite-du-roi-charles-iii\/","og_site_name":"Leger","article_publisher":"https:\/\/www.facebook.com\/leger360\/","article_published_time":"2025-05-26T15:32:42+00:00","article_modified_time":"2025-06-26T19:46:52+00:00","og_image":[{"width":800,"height":501,"url":"https:\/\/leger360.com\/wp-content\/uploads\/2025\/05\/King-Charles-No-Leger-Logo.jpg","type":"image\/jpeg"}],"author":"Jonah Presser","twitter_card":"summary_large_image","twitter_creator":"@leger360","twitter_site":"@leger360","twitter_misc":{"\u00c9crit par":"Jonah Presser","Estimation du temps de lecture":"3 minutes"},"schema":{"@context":"https:\/\/schema.org","@graph":[{"@type":"Article","@id":"https:\/\/leger360.com\/fr\/dernieres-nouvelles-la-monarchie-et-la-visite-du-roi-charles-iii\/#article","isPartOf":{"@id":"https:\/\/leger360.com\/fr\/dernieres-nouvelles-la-monarchie-et-la-visite-du-roi-charles-iii\/"},"author":{"name":"Jonah Presser","@id":"https:\/\/leger360.com\/fr\/#\/schema\/person\/43248a6d6ede47760313670a4da0171f"},"headline":"La monarchie et la visite du roi Charles III","datePublished":"2025-05-26T15:32:42+00:00","dateModified":"2025-06-26T19:46:52+00:00","mainEntityOfPage":{"@id":"https:\/\/leger360.com\/fr\/dernieres-nouvelles-la-monarchie-et-la-visite-du-roi-charles-iii\/"},"wordCount":570,"publisher":{"@id":"https:\/\/leger360.com\/fr\/#organization"},"image":{"@id":"https:\/\/leger360.com\/fr\/dernieres-nouvelles-la-monarchie-et-la-visite-du-roi-charles-iii\/#primaryimage"},"thumbnailUrl":"https:\/\/leger360.com\/wp-content\/uploads\/2025\/05\/King-Charles-No-Leger-Logo.jpg","articleSection":["In the news"],"inLanguage":"fr-CA"},{"@type":"WebPage","@id":"https:\/\/leger360.com\/fr\/dernieres-nouvelles-la-monarchie-et-la-visite-du-roi-charles-iii\/","url":"https:\/\/leger360.com\/fr\/dernieres-nouvelles-la-monarchie-et-la-visite-du-roi-charles-iii\/","name":"La monarchie et la visite du roi Charles III - Leger","isPartOf":{"@id":"https:\/\/leger360.com\/fr\/#website"},"primaryImageOfPage":{"@id":"https:\/\/leger360.com\/fr\/dernieres-nouvelles-la-monarchie-et-la-visite-du-roi-charles-iii\/#primaryimage"},"image":{"@id":"https:\/\/leger360.com\/fr\/dernieres-nouvelles-la-monarchie-et-la-visite-du-roi-charles-iii\/#primaryimage"},"thumbnailUrl":"https:\/\/leger360.com\/wp-content\/uploads\/2025\/05\/King-Charles-No-Leger-Logo.jpg","datePublished":"2025-05-26T15:32:42+00:00","dateModified":"2025-06-26T19:46:52+00:00","breadcrumb":{"@id":"https:\/\/leger360.com\/fr\/dernieres-nouvelles-la-monarchie-et-la-visite-du-roi-charles-iii\/#breadcrumb"},"inLanguage":"fr-CA","potentialAction":[{"@type":"ReadAction","target":["https:\/\/leger360.com\/fr\/dernieres-nouvelles-la-monarchie-et-la-visite-du-roi-charles-iii\/"]}]},{"@type":"ImageObject","inLanguage":"fr-CA","@id":"https:\/\/leger360.com\/fr\/dernieres-nouvelles-la-monarchie-et-la-visite-du-roi-charles-iii\/#primaryimage","url":"https:\/\/leger360.com\/wp-content\/uploads\/2025\/05\/King-Charles-No-Leger-Logo.jpg","contentUrl":"https:\/\/leger360.com\/wp-content\/uploads\/2025\/05\/King-Charles-No-Leger-Logo.jpg","width":800,"height":501},{"@type":"BreadcrumbList","@id":"https:\/\/leger360.com\/fr\/dernieres-nouvelles-la-monarchie-et-la-visite-du-roi-charles-iii\/#breadcrumb","itemListElement":[{"@type":"ListItem","position":1,"name":"Home","item":"https:\/\/leger360.com\/fr\/"},{"@type":"ListItem","position":2,"name":"La monarchie et la visite du roi Charles III"}]},{"@type":"WebSite","@id":"https:\/\/leger360.com\/fr\/#website","url":"https:\/\/leger360.com\/fr\/","name":"Leger","description":"Market Research | Data Analytics","publisher":{"@id":"https:\/\/leger360.com\/fr\/#organization"},"potentialAction":[{"@type":"SearchAction","target":{"@type":"EntryPoint","urlTemplate":"https:\/\/leger360.com\/fr\/?s={search_term_string}"},"query-input":{"@type":"PropertyValueSpecification","valueRequired":true,"valueName":"search_term_string"}}],"inLanguage":"fr-CA"},{"@type":"Organization","@id":"https:\/\/leger360.com\/fr\/#organization","name":"Leger","url":"https:\/\/leger360.com\/fr\/","logo":{"@type":"ImageObject","inLanguage":"fr-CA","@id":"https:\/\/leger360.com\/fr\/#\/schema\/logo\/image\/","url":"https:\/\/leger360.com\/wp-content\/uploads\/2024\/04\/2022-Logo-Leger-Blackred-g.png","contentUrl":"https:\/\/leger360.com\/wp-content\/uploads\/2024\/04\/2022-Logo-Leger-Blackred-g.png","width":1195,"height":686,"caption":"Leger"},"image":{"@id":"https:\/\/leger360.com\/fr\/#\/schema\/logo\/image\/"},"sameAs":["https:\/\/www.facebook.com\/leger360\/","https:\/\/x.com\/leger360","https:\/\/www.linkedin.com\/company\/leger360\/"],"description":"Leger is one of North America\u2019s fastest-growing market research companies, known for our forward-thinking experts and innovative approaches powered by artificial intelligence (AI) technologies."},{"@type":"Person","@id":"https:\/\/leger360.com\/fr\/#\/schema\/person\/43248a6d6ede47760313670a4da0171f","name":"Jonah Presser","image":{"@type":"ImageObject","inLanguage":"fr-CA","@id":"https:\/\/secure.gravatar.com\/avatar\/30277f55803097542b5dc864a456580099248f68a36a21609d20a9da700098e3?s=96&d=mm&r=g","url":"https:\/\/secure.gravatar.com\/avatar\/30277f55803097542b5dc864a456580099248f68a36a21609d20a9da700098e3?s=96&d=mm&r=g","contentUrl":"https:\/\/secure.gravatar.com\/avatar\/30277f55803097542b5dc864a456580099248f68a36a21609d20a9da700098e3?s=96&d=mm&r=g","caption":"Jonah Presser"}}]}},"_links":{"self":[{"href":"https:\/\/leger360.com\/fr\/wp-json\/wp\/v2\/posts\/24170","targetHints":{"allow":["GET"]}}],"collection":[{"href":"https:\/\/leger360.com\/fr\/wp-json\/wp\/v2\/posts"}],"about":[{"href":"https:\/\/leger360.com\/fr\/wp-json\/wp\/v2\/types\/post"}],"author":[{"embeddable":true,"href":"https:\/\/leger360.com\/fr\/wp-json\/wp\/v2\/users\/13"}],"replies":[{"embeddable":true,"href":"https:\/\/leger360.com\/fr\/wp-json\/wp\/v2\/comments?post=24170"}],"version-history":[{"count":0,"href":"https:\/\/leger360.com\/fr\/wp-json\/wp\/v2\/posts\/24170\/revisions"}],"wp:featuredmedia":[{"embeddable":true,"href":"https:\/\/leger360.com\/fr\/wp-json\/wp\/v2\/media\/24167"}],"wp:attachment":[{"href":"https:\/\/leger360.com\/fr\/wp-json\/wp\/v2\/media?parent=24170"}],"wp:term":[{"taxonomy":"category","embeddable":true,"href":"https:\/\/leger360.com\/fr\/wp-json\/wp\/v2\/categories?post=24170"},{"taxonomy":"post_tag","embeddable":true,"href":"https:\/\/leger360.com\/fr\/wp-json\/wp\/v2\/tags?post=24170"},{"taxonomy":"post_language_cat","embeddable":true,"href":"https:\/\/leger360.com\/fr\/wp-json\/wp\/v2\/post_language_cat?post=24170"}],"curies":[{"name":"wp","href":"https:\/\/api.w.org\/{rel}","templated":true}]}}