{"id":24733,"date":"2025-07-11T06:00:00","date_gmt":"2025-07-11T10:00:00","guid":{"rendered":"https:\/\/leger360.com\/?p=24733"},"modified":"2025-07-10T12:08:03","modified_gmt":"2025-07-10T16:08:03","slug":"satisfaction-envers-le-gouvernement-federal","status":"publish","type":"post","link":"https:\/\/leger360.com\/fr\/satisfaction-envers-le-gouvernement-federal\/","title":{"rendered":"Satisfaction envers le gouvernement f\u00e9d\u00e9ral"},"content":{"rendered":"<p>[et_pb_section fb_built=\u00a0\u00bb1&Prime; _builder_version=\u00a0\u00bb4.27.4&Prime; _module_preset=\u00a0\u00bbdefault\u00a0\u00bb global_colors_info=\u00a0\u00bb{}\u00a0\u00bb][et_pb_row _builder_version=\u00a0\u00bb4.27.4&Prime; _module_preset=\u00a0\u00bbdefault\u00a0\u00bb global_colors_info=\u00a0\u00bb{}\u00a0\u00bb][et_pb_column type=\u00a0\u00bb4_4&Prime; _builder_version=\u00a0\u00bb4.27.4&Prime; _module_preset=\u00a0\u00bbdefault\u00a0\u00bb global_colors_info=\u00a0\u00bb{}\u00a0\u00bb][et_pb_heading title=\u00a0\u00bbIntentions de vote au niveau f\u00e9d\u00e9ral\u00a0\u00bb _builder_version=\u00a0\u00bb4.27.4&Prime; _module_preset=\u00a0\u00bbdefault\u00a0\u00bb title_level=\u00a0\u00bbh4&Prime; title_font=\u00a0\u00bb|600|||||||\u00a0\u00bb global_colors_info=\u00a0\u00bb{}\u00a0\u00bb][\/et_pb_heading][et_pb_text _builder_version=\u00a0\u00bb4.27.4&Prime; _module_preset=\u00a0\u00bbdefault\u00a0\u00bb global_colors_info=\u00a0\u00bb{}\u00a0\u00bb]<\/p>\n<p>Du 4 au 6 juillet, nous avons interrog\u00e9 les Canadiens sur leurs intentions de vote au niveau f\u00e9d\u00e9ral, leurs opinions sur les performances du gouvernement et les principaux enjeux nationaux. D\u00e9couvrez tous les r\u00e9sultats en t\u00e9l\u00e9chargeant notre rapport ci-dessous.<\/p>\n<p>[\/et_pb_text][et_pb_button button_url=\u00a0\u00bbhttps:\/\/leger360.com\/wp-content\/uploads\/2025\/07\/20250710_Satisfaction_Gouvernement_Federal_July7th_FR.pdf\u00a0\u00bb url_new_window=\u00a0\u00bbon\u00a0\u00bb button_text=\u00a0\u00bbT\u00e9l\u00e9chargez le rapport\u00a0\u00bb _builder_version=\u00a0\u00bb4.27.4&Prime; _module_preset=\u00a0\u00bbdefault\u00a0\u00bb hover_enabled=\u00a0\u00bb0&Prime; global_colors_info=\u00a0\u00bb{}\u00a0\u00bb sticky_enabled=\u00a0\u00bb0&Prime;][\/et_pb_button][et_pb_image src=\u00a0\u00bbhttps:\/\/leger360.com\/wp-content\/uploads\/2025\/07\/Canadian-Flag-Leger-Logo.jpg\u00a0\u00bb alt=\u00a0\u00bbLeger x National Post\u00a0\u00bb title_text=\u00a0\u00bbCanadian Flag &#8211; Leger Logo\u00a0\u00bb url=\u00a0\u00bbhttps:\/\/leger360.com\/wp-content\/uploads\/2025\/07\/20250710_Satisfaction_Gouvernement_Federal_July7th_FR.pdf\u00a0\u00bb url_new_window=\u00a0\u00bbon\u00a0\u00bb _builder_version=\u00a0\u00bb4.27.4&Prime; _module_preset=\u00a0\u00bbdefault\u00a0\u00bb hover_enabled=\u00a0\u00bb0&Prime; border_radii=\u00a0\u00bbon|10px|10px|10px|10px\u00a0\u00bb box_shadow_style=\u00a0\u00bbpreset3&Prime; locked=\u00a0\u00bboff\u00a0\u00bb global_colors_info=\u00a0\u00bb{}\u00a0\u00bb sticky_enabled=\u00a0\u00bb0&Prime;][\/et_pb_image][et_pb_heading title=\u00a0\u00bbVoici quelques faits saillants de notre sondage&#8230;<br \/>\n\u00a0\u00bb _builder_version=\u00a0\u00bb4.27.4&Prime; _module_preset=\u00a0\u00bbdefault\u00a0\u00bb title_level=\u00a0\u00bbh2&Prime; custom_padding=\u00a0\u00bb10px||10px||false|false\u00a0\u00bb locked=\u00a0\u00bboff\u00a0\u00bb global_colors_info=\u00a0\u00bb{}\u00a0\u00bb][\/et_pb_heading][et_pb_text _builder_version=\u00a0\u00bb4.27.4&Prime; _module_preset=\u00a0\u00bbdefault\u00a0\u00bb global_colors_info=\u00a0\u00bb{}\u00a0\u00bb]<\/p>\n<p><b>Les lib\u00e9raux continuent de mener dans les intentions de vote<\/b><\/p>\n<p>Si une \u00e9lection avait lieu aujourd\u2019hui, pr\u00e8s d\u2019un Canadien sur deux (48 %) voterait pour le Parti lib\u00e9ral de Mark Carney, le pla\u00e7ant bien devant le Parti conservateur (35 %).<\/p>\n<p><b>Satisfaction \u00e0 l\u2019\u00e9gard du gouvernement <\/b><b>Carney<\/b><\/p>\n<ul>\n<li>Une majorit\u00e9 de Canadiens (55 %) se disent satisfaits du gouvernement Carney, dont 13 % qui sont tr\u00e8s satisfaits. La satisfaction est la plus \u00e9lev\u00e9e chez les \u00e9lecteurs lib\u00e9raux (91 %) et chez les 55 ans et + (63 %). L\u2019approbation de la performance de Mark Carney en tant que Premier ministre est similaire, avec 58 % d\u2019approbation. Encore une fois, l\u2019approbation est plus \u00e9lev\u00e9e chez les \u00e9lecteurs lib\u00e9raux (93 %) et les 55 ans et + (66 %).<\/li>\n<\/ul>\n<p><b>Points de vue sur le projet de loi C-5 et la prise de d\u00e9cisions en mati\u00e8re d\u2019infrastructure<\/b><\/p>\n<ul>\n<li>La plupart des Canadiens (56 %) consid\u00e8rent le projet de loi C-5 comme une bonne id\u00e9e, tandis que 25 % le consid\u00e8rent comme une mauvaise. Le soutien est plus \u00e9lev\u00e9 au Manitoba et en Saskatchewan (70 %), en Colombie-Britannique (66 %) et chez les hommes et les r\u00e9pondants plus \u00e2g\u00e9s (66 % pour les deux groupes). Les \u00e9lecteurs lib\u00e9raux sont les plus favorables (72 %), tandis que l\u2019opposition est plus \u00e9lev\u00e9e parmi les \u00e9lecteurs de tous les autres partis (PVC, NPD, BQ et PCC). <br \/>Lorsqu\u2019il s\u2019agit de savoir qui devrait avoir le dernier mot sur les grands projets nationaux, 42 % croient que les gouvernements f\u00e9d\u00e9ral, provinciaux et autochtones devraient tous \u00eatre tenus d\u2019approuver de tels projets. Seulement 8 % pensent que le gouvernement f\u00e9d\u00e9ral devrait agir seul. La pr\u00e9f\u00e9rence pour la collaboration est particuli\u00e8rement forte chez les \u00e9lecteurs du NPD (64 %), du Bloc (63 %) et des lib\u00e9raux (46 %).<\/li>\n<\/ul>\n<p><b>Principaux enjeux pour les Canadiens<\/b><\/p>\n<ul>\n<li>Les tarifs douaniers et l\u2019agressivit\u00e9 des \u00c9tats-Unis (20 %) demeurent une pr\u00e9occupation majeure pour les Canadiens. L\u2019inflation (18 %), l\u2019abordabilit\u00e9 du logement (11 %) et l\u2019\u00e9tat de l\u2019\u00e9conomie (10 %) figurent \u00e9galement parmi les enjeux les plus souvent mentionn\u00e9s.<\/li>\n<\/ul>\n<p>[\/et_pb_text][et_pb_heading title=\u00a0\u00bbM\u00e9thodologie\u00a0\u00bb _builder_version=\u00a0\u00bb4.27.4&Prime; _module_preset=\u00a0\u00bbdefault\u00a0\u00bb title_level=\u00a0\u00bbh2&Prime; custom_padding=\u00a0\u00bb10px||10px||false|false\u00a0\u00bb locked=\u00a0\u00bboff\u00a0\u00bb global_colors_info=\u00a0\u00bb{}\u00a0\u00bb][\/et_pb_heading][et_pb_text _builder_version=\u00a0\u00bb4.27.4&Prime; _module_preset=\u00a0\u00bbdefault\u00a0\u00bb global_colors_info=\u00a0\u00bb{}\u00a0\u00bb]<\/p>\n<p>Les r\u00e9sultats de cette vague de recherche sont bas\u00e9s sur une recherche en ligne men\u00e9e du 4 au 6 juillet 2025 aupr\u00e8s d&rsquo;un \u00e9chantillon repr\u00e9sentatif de 1 546 adultes canadiens \u00e2g\u00e9s de 18 ans et plus du panel LEO de L\u00e9ger.<\/p>\n<p>Les r\u00e9sultats ont \u00e9t\u00e9 pond\u00e9r\u00e9s selon l\u2019\u00e2ge, le genre, la langue maternelle, la r\u00e9gion, la scolarit\u00e9 et la pr\u00e9sence d\u2019enfant dans le foyer afin de garantir un \u00e9chantillon repr\u00e9sentatif de la population canadienne.<\/p>\n<p>Une marge d&rsquo;erreur ne peut \u00eatre associ\u00e9e \u00e0 un \u00e9chantillon non probabiliste dans une enqu\u00eate par panel, mais \u00e0 des fins de comparaison, un \u00e9chantillon probabiliste de cette taille aurait une marge d\u2019erreur d\u2019au plus <b>\u00b12,49%<\/b>, <br \/>(19 fois sur 20).<\/p>\n<ul><\/ul>\n<p>[\/et_pb_text][\/et_pb_column][\/et_pb_row][\/et_pb_section]<\/p>\n","protected":false},"excerpt":{"rendered":"<p>Du 4 au 6 juillet, nous avons interrog\u00e9 les Canadiens sur leurs intentions de vote au niveau f\u00e9d\u00e9ral, leurs opinions sur les performances du gouvernement et les principaux enjeux nationaux. D\u00e9couvrez tous les r\u00e9sultats en t\u00e9l\u00e9chargeant notre rapport ci-dessous.Les lib\u00e9raux continuent de mener dans les intentions de vote Si une \u00e9lection avait lieu aujourd\u2019hui, pr\u00e8s d\u2019un Canadien sur deux (48 %) voterait pour le Parti lib\u00e9ral de Mark Carney, le pla\u00e7ant bien devant le Parti conservateur (35 %). Satisfaction \u00e0 l\u2019\u00e9gard du gouvernement Carney Une majorit\u00e9 de Canadiens (55 %) se disent satisfaits du gouvernement Carney, dont 13 % qui sont tr\u00e8s satisfaits. La satisfaction est la plus \u00e9lev\u00e9e chez les \u00e9lecteurs lib\u00e9raux (91 %) et chez les 55 ans et + (63 %). L\u2019approbation de la performance de Mark Carney en tant que Premier ministre est similaire, avec 58 % d\u2019approbation. Encore une fois, l\u2019approbation est plus \u00e9lev\u00e9e chez les \u00e9lecteurs lib\u00e9raux (93 %) et les 55 ans et + (66 %). Points de vue sur le projet de loi C-5 et la prise de d\u00e9cisions en mati\u00e8re d\u2019infrastructure La plupart des Canadiens (56 %) consid\u00e8rent le projet de loi C-5 comme une bonne id\u00e9e, tandis que 25 % [&hellip;]<\/p>\n","protected":false},"author":15,"featured_media":24518,"comment_status":"closed","ping_status":"closed","sticky":false,"template":"","format":"standard","meta":{"_acf_changed":false,"_et_pb_use_builder":"on","_et_pb_old_content":"","_et_gb_content_width":"","content-type":"","inline_featured_image":false,"footnotes":""},"categories":[35],"tags":[],"post_language_cat":[],"class_list":["post-24733","post","type-post","status-publish","format-standard","has-post-thumbnail","hentry","category-in-the-news"],"acf":[],"yoast_head":"<!-- This site is optimized with the Yoast SEO Premium plugin v27.4 (Yoast SEO v27.4) - https:\/\/yoast.com\/product\/yoast-seo-premium-wordpress\/ -->\n<title>Satisfaction envers le gouvernement f\u00e9d\u00e9ral - Leger<\/title>\n<meta name=\"description\" content=\"D\u00e9couvrez ce que les Canadiens pensent de Carney et de son impact sur les politiques canadiennes d&#039;aujourd&#039;hui. Lisez le rapport.\" \/>\n<meta name=\"robots\" content=\"index, follow, max-snippet:-1, max-image-preview:large, max-video-preview:-1\" \/>\n<link rel=\"canonical\" href=\"https:\/\/leger360.com\/fr\/satisfaction-envers-le-gouvernement-federal\/\" \/>\n<meta property=\"og:locale\" content=\"fr_CA\" \/>\n<meta property=\"og:type\" content=\"article\" \/>\n<meta property=\"og:title\" content=\"Satisfaction envers le gouvernement f\u00e9d\u00e9ral\" \/>\n<meta property=\"og:description\" content=\"D\u00e9couvrez ce que les Canadiens pensent de Carney et de son impact sur les politiques canadiennes d&#039;aujourd&#039;hui. Lisez le rapport.\" \/>\n<meta property=\"og:url\" content=\"https:\/\/leger360.com\/fr\/satisfaction-envers-le-gouvernement-federal\/\" \/>\n<meta property=\"og:site_name\" content=\"Leger\" \/>\n<meta property=\"article:publisher\" content=\"https:\/\/www.facebook.com\/leger360\/\" \/>\n<meta property=\"article:published_time\" content=\"2025-07-11T10:00:00+00:00\" \/>\n<meta property=\"og:image\" content=\"https:\/\/leger360.com\/wp-content\/uploads\/2025\/06\/shutterstock_2504736735-scaled.jpg\" \/>\n\t<meta property=\"og:image:width\" content=\"2560\" \/>\n\t<meta property=\"og:image:height\" content=\"1365\" \/>\n\t<meta property=\"og:image:type\" content=\"image\/jpeg\" \/>\n<meta name=\"author\" content=\"Tommy Pham\" \/>\n<meta name=\"twitter:card\" content=\"summary_large_image\" \/>\n<meta name=\"twitter:creator\" content=\"@leger360\" \/>\n<meta name=\"twitter:site\" content=\"@leger360\" \/>\n<meta name=\"twitter:label1\" content=\"\u00c9crit par\" \/>\n\t<meta name=\"twitter:data1\" content=\"Tommy Pham\" \/>\n\t<meta name=\"twitter:label2\" content=\"Estimation du temps de lecture\" \/>\n\t<meta name=\"twitter:data2\" content=\"3 minutes\" \/>\n<script type=\"application\/ld+json\" class=\"yoast-schema-graph\">{\"@context\":\"https:\\\/\\\/schema.org\",\"@graph\":[{\"@type\":\"Article\",\"@id\":\"https:\\\/\\\/leger360.com\\\/fr\\\/satisfaction-envers-le-gouvernement-federal\\\/#article\",\"isPartOf\":{\"@id\":\"https:\\\/\\\/leger360.com\\\/fr\\\/satisfaction-envers-le-gouvernement-federal\\\/\"},\"author\":{\"name\":\"Tommy Pham\",\"@id\":\"https:\\\/\\\/leger360.com\\\/fr\\\/#\\\/schema\\\/person\\\/c48a33785d08e26757acf0bb4979a8f9\"},\"headline\":\"Satisfaction envers le gouvernement f\u00e9d\u00e9ral\",\"datePublished\":\"2025-07-11T10:00:00+00:00\",\"mainEntityOfPage\":{\"@id\":\"https:\\\/\\\/leger360.com\\\/fr\\\/satisfaction-envers-le-gouvernement-federal\\\/\"},\"wordCount\":790,\"publisher\":{\"@id\":\"https:\\\/\\\/leger360.com\\\/fr\\\/#organization\"},\"image\":{\"@id\":\"https:\\\/\\\/leger360.com\\\/fr\\\/satisfaction-envers-le-gouvernement-federal\\\/#primaryimage\"},\"thumbnailUrl\":\"https:\\\/\\\/leger360.com\\\/wp-content\\\/uploads\\\/2025\\\/06\\\/shutterstock_2504736735-scaled.jpg\",\"articleSection\":[\"In the news\"],\"inLanguage\":\"fr-CA\"},{\"@type\":\"WebPage\",\"@id\":\"https:\\\/\\\/leger360.com\\\/fr\\\/satisfaction-envers-le-gouvernement-federal\\\/\",\"url\":\"https:\\\/\\\/leger360.com\\\/fr\\\/satisfaction-envers-le-gouvernement-federal\\\/\",\"name\":\"Satisfaction envers le gouvernement f\u00e9d\u00e9ral - Leger\",\"isPartOf\":{\"@id\":\"https:\\\/\\\/leger360.com\\\/fr\\\/#website\"},\"primaryImageOfPage\":{\"@id\":\"https:\\\/\\\/leger360.com\\\/fr\\\/satisfaction-envers-le-gouvernement-federal\\\/#primaryimage\"},\"image\":{\"@id\":\"https:\\\/\\\/leger360.com\\\/fr\\\/satisfaction-envers-le-gouvernement-federal\\\/#primaryimage\"},\"thumbnailUrl\":\"https:\\\/\\\/leger360.com\\\/wp-content\\\/uploads\\\/2025\\\/06\\\/shutterstock_2504736735-scaled.jpg\",\"datePublished\":\"2025-07-11T10:00:00+00:00\",\"description\":\"D\u00e9couvrez ce que les Canadiens pensent de Carney et de son impact sur les politiques canadiennes d'aujourd'hui. Lisez le rapport.\",\"breadcrumb\":{\"@id\":\"https:\\\/\\\/leger360.com\\\/fr\\\/satisfaction-envers-le-gouvernement-federal\\\/#breadcrumb\"},\"inLanguage\":\"fr-CA\",\"potentialAction\":[{\"@type\":\"ReadAction\",\"target\":[\"https:\\\/\\\/leger360.com\\\/fr\\\/satisfaction-envers-le-gouvernement-federal\\\/\"]}]},{\"@type\":\"ImageObject\",\"inLanguage\":\"fr-CA\",\"@id\":\"https:\\\/\\\/leger360.com\\\/fr\\\/satisfaction-envers-le-gouvernement-federal\\\/#primaryimage\",\"url\":\"https:\\\/\\\/leger360.com\\\/wp-content\\\/uploads\\\/2025\\\/06\\\/shutterstock_2504736735-scaled.jpg\",\"contentUrl\":\"https:\\\/\\\/leger360.com\\\/wp-content\\\/uploads\\\/2025\\\/06\\\/shutterstock_2504736735-scaled.jpg\",\"width\":2560,\"height\":1365,\"caption\":\"Economic Confidence: Canada 2025\"},{\"@type\":\"BreadcrumbList\",\"@id\":\"https:\\\/\\\/leger360.com\\\/fr\\\/satisfaction-envers-le-gouvernement-federal\\\/#breadcrumb\",\"itemListElement\":[{\"@type\":\"ListItem\",\"position\":1,\"name\":\"Home\",\"item\":\"https:\\\/\\\/leger360.com\\\/fr\\\/\"},{\"@type\":\"ListItem\",\"position\":2,\"name\":\"Satisfaction envers le gouvernement f\u00e9d\u00e9ral\"}]},{\"@type\":\"WebSite\",\"@id\":\"https:\\\/\\\/leger360.com\\\/fr\\\/#website\",\"url\":\"https:\\\/\\\/leger360.com\\\/fr\\\/\",\"name\":\"Leger\",\"description\":\"Market Research | Data Analytics\",\"publisher\":{\"@id\":\"https:\\\/\\\/leger360.com\\\/fr\\\/#organization\"},\"potentialAction\":[{\"@type\":\"SearchAction\",\"target\":{\"@type\":\"EntryPoint\",\"urlTemplate\":\"https:\\\/\\\/leger360.com\\\/fr\\\/?s={search_term_string}\"},\"query-input\":{\"@type\":\"PropertyValueSpecification\",\"valueRequired\":true,\"valueName\":\"search_term_string\"}}],\"inLanguage\":\"fr-CA\"},{\"@type\":\"Organization\",\"@id\":\"https:\\\/\\\/leger360.com\\\/fr\\\/#organization\",\"name\":\"Leger\",\"url\":\"https:\\\/\\\/leger360.com\\\/fr\\\/\",\"logo\":{\"@type\":\"ImageObject\",\"inLanguage\":\"fr-CA\",\"@id\":\"https:\\\/\\\/leger360.com\\\/fr\\\/#\\\/schema\\\/logo\\\/image\\\/\",\"url\":\"https:\\\/\\\/leger360.com\\\/wp-content\\\/uploads\\\/2024\\\/04\\\/2022-Logo-Leger-Blackred-g.png\",\"contentUrl\":\"https:\\\/\\\/leger360.com\\\/wp-content\\\/uploads\\\/2024\\\/04\\\/2022-Logo-Leger-Blackred-g.png\",\"width\":1195,\"height\":686,\"caption\":\"Leger\"},\"image\":{\"@id\":\"https:\\\/\\\/leger360.com\\\/fr\\\/#\\\/schema\\\/logo\\\/image\\\/\"},\"sameAs\":[\"https:\\\/\\\/www.facebook.com\\\/leger360\\\/\",\"https:\\\/\\\/x.com\\\/leger360\",\"https:\\\/\\\/www.linkedin.com\\\/company\\\/leger360\\\/\"],\"description\":\"Leger is one of North America\u2019s fastest-growing market research companies, known for our forward-thinking experts and innovative approaches powered by artificial intelligence (AI) technologies.\"},{\"@type\":\"Person\",\"@id\":\"https:\\\/\\\/leger360.com\\\/fr\\\/#\\\/schema\\\/person\\\/c48a33785d08e26757acf0bb4979a8f9\",\"name\":\"Tommy Pham\",\"image\":{\"@type\":\"ImageObject\",\"inLanguage\":\"fr-CA\",\"@id\":\"https:\\\/\\\/secure.gravatar.com\\\/avatar\\\/82a12f501a5aaed0ba4be722633ab0e1dd011289a0661bff783a7f549be45b52?s=96&d=mm&r=g\",\"url\":\"https:\\\/\\\/secure.gravatar.com\\\/avatar\\\/82a12f501a5aaed0ba4be722633ab0e1dd011289a0661bff783a7f549be45b52?s=96&d=mm&r=g\",\"contentUrl\":\"https:\\\/\\\/secure.gravatar.com\\\/avatar\\\/82a12f501a5aaed0ba4be722633ab0e1dd011289a0661bff783a7f549be45b52?s=96&d=mm&r=g\",\"caption\":\"Tommy Pham\"}}]}<\/script>\n<!-- \/ Yoast SEO Premium plugin. -->","yoast_head_json":{"title":"Satisfaction envers le gouvernement f\u00e9d\u00e9ral - Leger","description":"D\u00e9couvrez ce que les Canadiens pensent de Carney et de son impact sur les politiques canadiennes d'aujourd'hui. Lisez le rapport.","robots":{"index":"index","follow":"follow","max-snippet":"max-snippet:-1","max-image-preview":"max-image-preview:large","max-video-preview":"max-video-preview:-1"},"canonical":"https:\/\/leger360.com\/fr\/satisfaction-envers-le-gouvernement-federal\/","og_locale":"fr_CA","og_type":"article","og_title":"Satisfaction envers le gouvernement f\u00e9d\u00e9ral","og_description":"D\u00e9couvrez ce que les Canadiens pensent de Carney et de son impact sur les politiques canadiennes d'aujourd'hui. Lisez le rapport.","og_url":"https:\/\/leger360.com\/fr\/satisfaction-envers-le-gouvernement-federal\/","og_site_name":"Leger","article_publisher":"https:\/\/www.facebook.com\/leger360\/","article_published_time":"2025-07-11T10:00:00+00:00","og_image":[{"width":2560,"height":1365,"url":"https:\/\/leger360.com\/wp-content\/uploads\/2025\/06\/shutterstock_2504736735-scaled.jpg","type":"image\/jpeg"}],"author":"Tommy Pham","twitter_card":"summary_large_image","twitter_creator":"@leger360","twitter_site":"@leger360","twitter_misc":{"\u00c9crit par":"Tommy Pham","Estimation du temps de lecture":"3 minutes"},"schema":{"@context":"https:\/\/schema.org","@graph":[{"@type":"Article","@id":"https:\/\/leger360.com\/fr\/satisfaction-envers-le-gouvernement-federal\/#article","isPartOf":{"@id":"https:\/\/leger360.com\/fr\/satisfaction-envers-le-gouvernement-federal\/"},"author":{"name":"Tommy Pham","@id":"https:\/\/leger360.com\/fr\/#\/schema\/person\/c48a33785d08e26757acf0bb4979a8f9"},"headline":"Satisfaction envers le gouvernement f\u00e9d\u00e9ral","datePublished":"2025-07-11T10:00:00+00:00","mainEntityOfPage":{"@id":"https:\/\/leger360.com\/fr\/satisfaction-envers-le-gouvernement-federal\/"},"wordCount":790,"publisher":{"@id":"https:\/\/leger360.com\/fr\/#organization"},"image":{"@id":"https:\/\/leger360.com\/fr\/satisfaction-envers-le-gouvernement-federal\/#primaryimage"},"thumbnailUrl":"https:\/\/leger360.com\/wp-content\/uploads\/2025\/06\/shutterstock_2504736735-scaled.jpg","articleSection":["In the news"],"inLanguage":"fr-CA"},{"@type":"WebPage","@id":"https:\/\/leger360.com\/fr\/satisfaction-envers-le-gouvernement-federal\/","url":"https:\/\/leger360.com\/fr\/satisfaction-envers-le-gouvernement-federal\/","name":"Satisfaction envers le gouvernement f\u00e9d\u00e9ral - Leger","isPartOf":{"@id":"https:\/\/leger360.com\/fr\/#website"},"primaryImageOfPage":{"@id":"https:\/\/leger360.com\/fr\/satisfaction-envers-le-gouvernement-federal\/#primaryimage"},"image":{"@id":"https:\/\/leger360.com\/fr\/satisfaction-envers-le-gouvernement-federal\/#primaryimage"},"thumbnailUrl":"https:\/\/leger360.com\/wp-content\/uploads\/2025\/06\/shutterstock_2504736735-scaled.jpg","datePublished":"2025-07-11T10:00:00+00:00","description":"D\u00e9couvrez ce que les Canadiens pensent de Carney et de son impact sur les politiques canadiennes d'aujourd'hui. Lisez le rapport.","breadcrumb":{"@id":"https:\/\/leger360.com\/fr\/satisfaction-envers-le-gouvernement-federal\/#breadcrumb"},"inLanguage":"fr-CA","potentialAction":[{"@type":"ReadAction","target":["https:\/\/leger360.com\/fr\/satisfaction-envers-le-gouvernement-federal\/"]}]},{"@type":"ImageObject","inLanguage":"fr-CA","@id":"https:\/\/leger360.com\/fr\/satisfaction-envers-le-gouvernement-federal\/#primaryimage","url":"https:\/\/leger360.com\/wp-content\/uploads\/2025\/06\/shutterstock_2504736735-scaled.jpg","contentUrl":"https:\/\/leger360.com\/wp-content\/uploads\/2025\/06\/shutterstock_2504736735-scaled.jpg","width":2560,"height":1365,"caption":"Economic Confidence: Canada 2025"},{"@type":"BreadcrumbList","@id":"https:\/\/leger360.com\/fr\/satisfaction-envers-le-gouvernement-federal\/#breadcrumb","itemListElement":[{"@type":"ListItem","position":1,"name":"Home","item":"https:\/\/leger360.com\/fr\/"},{"@type":"ListItem","position":2,"name":"Satisfaction envers le gouvernement f\u00e9d\u00e9ral"}]},{"@type":"WebSite","@id":"https:\/\/leger360.com\/fr\/#website","url":"https:\/\/leger360.com\/fr\/","name":"Leger","description":"Market Research | Data Analytics","publisher":{"@id":"https:\/\/leger360.com\/fr\/#organization"},"potentialAction":[{"@type":"SearchAction","target":{"@type":"EntryPoint","urlTemplate":"https:\/\/leger360.com\/fr\/?s={search_term_string}"},"query-input":{"@type":"PropertyValueSpecification","valueRequired":true,"valueName":"search_term_string"}}],"inLanguage":"fr-CA"},{"@type":"Organization","@id":"https:\/\/leger360.com\/fr\/#organization","name":"Leger","url":"https:\/\/leger360.com\/fr\/","logo":{"@type":"ImageObject","inLanguage":"fr-CA","@id":"https:\/\/leger360.com\/fr\/#\/schema\/logo\/image\/","url":"https:\/\/leger360.com\/wp-content\/uploads\/2024\/04\/2022-Logo-Leger-Blackred-g.png","contentUrl":"https:\/\/leger360.com\/wp-content\/uploads\/2024\/04\/2022-Logo-Leger-Blackred-g.png","width":1195,"height":686,"caption":"Leger"},"image":{"@id":"https:\/\/leger360.com\/fr\/#\/schema\/logo\/image\/"},"sameAs":["https:\/\/www.facebook.com\/leger360\/","https:\/\/x.com\/leger360","https:\/\/www.linkedin.com\/company\/leger360\/"],"description":"Leger is one of North America\u2019s fastest-growing market research companies, known for our forward-thinking experts and innovative approaches powered by artificial intelligence (AI) technologies."},{"@type":"Person","@id":"https:\/\/leger360.com\/fr\/#\/schema\/person\/c48a33785d08e26757acf0bb4979a8f9","name":"Tommy Pham","image":{"@type":"ImageObject","inLanguage":"fr-CA","@id":"https:\/\/secure.gravatar.com\/avatar\/82a12f501a5aaed0ba4be722633ab0e1dd011289a0661bff783a7f549be45b52?s=96&d=mm&r=g","url":"https:\/\/secure.gravatar.com\/avatar\/82a12f501a5aaed0ba4be722633ab0e1dd011289a0661bff783a7f549be45b52?s=96&d=mm&r=g","contentUrl":"https:\/\/secure.gravatar.com\/avatar\/82a12f501a5aaed0ba4be722633ab0e1dd011289a0661bff783a7f549be45b52?s=96&d=mm&r=g","caption":"Tommy Pham"}}]}},"_links":{"self":[{"href":"https:\/\/leger360.com\/fr\/wp-json\/wp\/v2\/posts\/24733","targetHints":{"allow":["GET"]}}],"collection":[{"href":"https:\/\/leger360.com\/fr\/wp-json\/wp\/v2\/posts"}],"about":[{"href":"https:\/\/leger360.com\/fr\/wp-json\/wp\/v2\/types\/post"}],"author":[{"embeddable":true,"href":"https:\/\/leger360.com\/fr\/wp-json\/wp\/v2\/users\/15"}],"replies":[{"embeddable":true,"href":"https:\/\/leger360.com\/fr\/wp-json\/wp\/v2\/comments?post=24733"}],"version-history":[{"count":0,"href":"https:\/\/leger360.com\/fr\/wp-json\/wp\/v2\/posts\/24733\/revisions"}],"wp:featuredmedia":[{"embeddable":true,"href":"https:\/\/leger360.com\/fr\/wp-json\/wp\/v2\/media\/24518"}],"wp:attachment":[{"href":"https:\/\/leger360.com\/fr\/wp-json\/wp\/v2\/media?parent=24733"}],"wp:term":[{"taxonomy":"category","embeddable":true,"href":"https:\/\/leger360.com\/fr\/wp-json\/wp\/v2\/categories?post=24733"},{"taxonomy":"post_tag","embeddable":true,"href":"https:\/\/leger360.com\/fr\/wp-json\/wp\/v2\/tags?post=24733"},{"taxonomy":"post_language_cat","embeddable":true,"href":"https:\/\/leger360.com\/fr\/wp-json\/wp\/v2\/post_language_cat?post=24733"}],"curies":[{"name":"wp","href":"https:\/\/api.w.org\/{rel}","templated":true}]}}