{"id":25836,"date":"2025-10-03T11:41:22","date_gmt":"2025-10-03T15:41:22","guid":{"rendered":"https:\/\/leger360.com\/?p=25836"},"modified":"2025-10-03T11:41:30","modified_gmt":"2025-10-03T15:41:30","slug":"intentions-de-vote-provinciales-octobre-2025","status":"publish","type":"post","link":"https:\/\/leger360.com\/fr\/intentions-de-vote-provinciales-octobre-2025\/","title":{"rendered":"Intentions de vote provinciales: octobre 2025"},"content":{"rendered":"<p>[et_pb_section fb_built=\u00a0\u00bb1&Prime; _builder_version=\u00a0\u00bb4.27.4&Prime; _module_preset=\u00a0\u00bbdefault\u00a0\u00bb global_colors_info=\u00a0\u00bb{}\u00a0\u00bb][et_pb_row _builder_version=\u00a0\u00bb4.27.4&Prime; _module_preset=\u00a0\u00bbdefault\u00a0\u00bb global_colors_info=\u00a0\u00bb{}\u00a0\u00bb][et_pb_column type=\u00a0\u00bb4_4&Prime; _builder_version=\u00a0\u00bb4.27.4&Prime; _module_preset=\u00a0\u00bbdefault\u00a0\u00bb global_colors_info=\u00a0\u00bb{}\u00a0\u00bb][et_pb_text _builder_version=\u00a0\u00bb4.27.4&Prime; _module_preset=\u00a0\u00bbdefault\u00a0\u00bb global_colors_info=\u00a0\u00bb{}\u00a0\u00bb]<\/p>\n<p><span data-contrast=\"auto\" xml:lang=\"FR-CA\" lang=\"FR-CA\" class=\"TextRun SCXW170843813 BCX0\"><span class=\"NormalTextRun SCXW170843813 BCX0\">L\u00e9ger a r\u00e9alis\u00e9 un sondage pour le Journal de Montr\u00e9al<\/span><span class=\"NormalTextRun SCXW170843813 BCX0\">, <\/span><span class=\"NormalTextRun SCXW170843813 BCX0\">le<\/span><span class=\"NormalTextRun SCXW170843813 BCX0\"> Journal de Qu\u00e9bec <\/span><span class=\"NormalTextRun SCXW170843813 BCX0\">et TVA <\/span><span class=\"NormalTextRun SCXW170843813 BCX0\">portant sur<\/span><span class=\"NormalTextRun SCXW170843813 BCX0\"> les intentions de vote <\/span><span class=\"NormalTextRun SCXW170843813 BCX0\">au Qu\u00e9be<\/span><span class=\"NormalTextRun SCXW170843813 BCX0\">c.<\/span><\/span><span class=\"EOP SCXW170843813 BCX0\" data-ccp-props=\"{}\">\u00a0<\/span><\/p>\n<p>[\/et_pb_text][et_pb_image src=\u00a0\u00bbhttps:\/\/leger360.com\/wp-content\/uploads\/2025\/09\/Ville-de-Quebec-Leger-Logo.jpg\u00a0\u00bb title_text=\u00a0\u00bbVille de Quebec &#8211; Leger Logo\u00a0\u00bb _builder_version=\u00a0\u00bb4.27.4&Prime; _module_preset=\u00a0\u00bbdefault\u00a0\u00bb hover_enabled=\u00a0\u00bb0&Prime; global_colors_info=\u00a0\u00bb{}\u00a0\u00bb url=\u00a0\u00bb@ET-DC@eyJkeW5hbWljIjp0cnVlLCJjb250ZW50IjoicG9zdF9saW5rX3VybF9hdHRhY2htZW50Iiwic2V0dGluZ3MiOnsicG9zdF9pZCI6IjI1ODM3In19@\u00a0\u00bb _dynamic_attributes=\u00a0\u00bburl\u00a0\u00bb sticky_enabled=\u00a0\u00bb0&Prime;][\/et_pb_image][et_pb_button button_text=\u00a0\u00bbT\u00e9l\u00e9chargez le rapport pour en apprendre plus\u00a0\u00bb _builder_version=\u00a0\u00bb4.27.4&Prime; _module_preset=\u00a0\u00bbdefault\u00a0\u00bb button_url=\u00a0\u00bb@ET-DC@eyJkeW5hbWljIjp0cnVlLCJjb250ZW50IjoicG9zdF9saW5rX3VybF9hdHRhY2htZW50Iiwic2V0dGluZ3MiOnsicG9zdF9pZCI6IjI1ODM3In19@\u00a0\u00bb _dynamic_attributes=\u00a0\u00bbbutton_url\u00a0\u00bb hover_enabled=\u00a0\u00bb0&Prime; sticky_enabled=\u00a0\u00bb0&Prime; button_alignment=\u00a0\u00bbcenter\u00a0\u00bb][\/et_pb_button][et_pb_text _builder_version=\u00a0\u00bb4.27.4&Prime; _module_preset=\u00a0\u00bbdefault\u00a0\u00bb hover_enabled=\u00a0\u00bb0&Prime; sticky_enabled=\u00a0\u00bb0&Prime;]<\/p>\n<h2>INTENTIONS DE VOTE<\/h2>\n<p>Si des \u00e9lections provinciales avaient lieu aujourd\u2019hui, 36% de l\u2019\u00e9lectorat qu\u00e9b\u00e9cois aurait l\u2019intention de voter pour le Parti qu\u00e9b\u00e9cois (PQ) de Paul St-Pierre Plamondon (diminution de 2 points depuis le 16 septembre 2025), 25%, pour le Parti lib\u00e9ral du Qu\u00e9bec (PLQ) de Pablo Rodriguez (diminution de 2 points), 16%, pour la Coalition Avenir Qu\u00e9bec (CAQ) de Fran\u00e7ois Legault (stable), 15% pour le Parti conservateur du Qu\u00e9bec (PCQ) d\u2019\u00c9ric Duhaime (augmentation 4 points), et 6% pour Qu\u00e9bec solidaire (QS) men\u00e9 par Ruba Ghazal (diminution d\u2019un point).<\/p>\n<h2>M\u00c9THODOLOGIE DU SONDAGE<\/h2>\n<p>Un sondage Web a \u00e9t\u00e9 r\u00e9alis\u00e9 aupr\u00e8s de 1 037 Qu\u00e9b\u00e9cois\u00b7es \u00e2g\u00e9\u00b7es de 18 ou plus et ayant le droit de vote au Canada. Les r\u00e9pondant\u00b7es devaient pouvoir s\u2019exprimer en fran\u00e7ais ou en anglais, le recrutement ayant \u00e9t\u00e9 effectu\u00e9 al\u00e9atoirement \u00e0 l\u2019aide du panel en ligne de LEO.<\/p>\n<p>Les donn\u00e9es ont \u00e9t\u00e9 collect\u00e9es du 26 au 28 septembre 2025.<\/p>\n<p>Il n\u2019est pas possible de calculer une marge d\u2019erreur sur un \u00e9chantillon tir\u00e9 d\u2019un panel, mais \u00e0 titre comparatif, la marge d\u2019erreur maximale pour un \u00e9chantillon de 1 037 r\u00e9pondant\u00b7es est de \u00b13,04%, et ce 19 fois sur 20.<\/p>\n<p>Les r\u00e9sultats ont \u00e9t\u00e9 pond\u00e9r\u00e9s en fonction du genre, de l\u2019\u00e2ge, de la langue maternelle, de la r\u00e9gion, du niveau de scolarit\u00e9 et de la pr\u00e9sence d\u2019enfants dans le m\u00e9nage afin d\u2019assurer un \u00e9chantillon repr\u00e9sentatif de la population qu\u00e9b\u00e9coise.<\/p>\n<p>Ce sondage est la propri\u00e9t\u00e9 de L\u00e9ger\/Qu\u00e9becor. Toute publication doit obligatoirement respecter les droits d\u2019auteur en utilisant la mention <em>S<\/em><em>ondage L\u00e9ger\/Qu\u00e9becor<\/em>.<\/p>\n<p>&nbsp;<\/p>\n<p>[\/et_pb_text][\/et_pb_column][\/et_pb_row][\/et_pb_section]<\/p>\n","protected":false},"excerpt":{"rendered":"<p>L\u00e9ger a r\u00e9alis\u00e9 un sondage pour le Journal de Montr\u00e9al, le Journal de Qu\u00e9bec et TVA portant sur les intentions de vote au Qu\u00e9bec.\u00a0INTENTIONS DE VOTE Si des \u00e9lections provinciales avaient lieu aujourd\u2019hui, 36% de l\u2019\u00e9lectorat qu\u00e9b\u00e9cois aurait l\u2019intention de voter pour le Parti qu\u00e9b\u00e9cois (PQ) de Paul St-Pierre Plamondon (diminution de 2 points depuis le 16 septembre 2025), 25%, pour le Parti lib\u00e9ral du Qu\u00e9bec (PLQ) de Pablo Rodriguez (diminution de 2 points), 16%, pour la Coalition Avenir Qu\u00e9bec (CAQ) de Fran\u00e7ois Legault (stable), 15% pour le Parti conservateur du Qu\u00e9bec (PCQ) d\u2019\u00c9ric Duhaime (augmentation 4 points), et 6% pour Qu\u00e9bec solidaire (QS) men\u00e9 par Ruba Ghazal (diminution d\u2019un point). M\u00c9THODOLOGIE DU SONDAGE Un sondage Web a \u00e9t\u00e9 r\u00e9alis\u00e9 aupr\u00e8s de 1 037 Qu\u00e9b\u00e9cois\u00b7es \u00e2g\u00e9\u00b7es de 18 ou plus et ayant le droit de vote au Canada. Les r\u00e9pondant\u00b7es devaient pouvoir s\u2019exprimer en fran\u00e7ais ou en anglais, le recrutement ayant \u00e9t\u00e9 effectu\u00e9 al\u00e9atoirement \u00e0 l\u2019aide du panel en ligne de LEO. Les donn\u00e9es ont \u00e9t\u00e9 collect\u00e9es du 26 au 28 septembre 2025. Il n\u2019est pas possible de calculer une marge d\u2019erreur sur un \u00e9chantillon tir\u00e9 d\u2019un panel, mais \u00e0 titre comparatif, la marge d\u2019erreur maximale pour un \u00e9chantillon de [&hellip;]<\/p>\n","protected":false},"author":13,"featured_media":25714,"comment_status":"closed","ping_status":"closed","sticky":false,"template":"","format":"standard","meta":{"_acf_changed":false,"_et_pb_use_builder":"on","_et_pb_old_content":"","_et_gb_content_width":"","content-type":"","inline_featured_image":false,"footnotes":""},"categories":[],"tags":[],"post_language_cat":[],"class_list":["post-25836","post","type-post","status-publish","format-standard","has-post-thumbnail","hentry"],"acf":[],"yoast_head":"<!-- This site is optimized with the Yoast SEO Premium plugin v27.4 (Yoast SEO v27.4) - https:\/\/yoast.com\/product\/yoast-seo-premium-wordpress\/ -->\n<title>Intentions de vote provinciales: octobre 2025 - Leger<\/title>\n<meta name=\"description\" content=\"T\u00e9l\u00e9chargez le rapport pour les intentions de vote au Qu\u00e9bec pour le mois d&#039;Octobre 2025\" \/>\n<meta name=\"robots\" content=\"index, follow, max-snippet:-1, max-image-preview:large, max-video-preview:-1\" \/>\n<link rel=\"canonical\" href=\"https:\/\/leger360.com\/fr\/intentions-de-vote-provinciales-octobre-2025\/\" \/>\n<meta property=\"og:locale\" content=\"fr_CA\" \/>\n<meta property=\"og:type\" content=\"article\" \/>\n<meta property=\"og:title\" content=\"Intentions de vote provinciales: octobre 2025\" \/>\n<meta property=\"og:description\" content=\"T\u00e9l\u00e9chargez le rapport pour les intentions de vote au Qu\u00e9bec pour le mois d&#039;Octobre 2025\" \/>\n<meta property=\"og:url\" content=\"https:\/\/leger360.com\/fr\/intentions-de-vote-provinciales-octobre-2025\/\" \/>\n<meta property=\"og:site_name\" content=\"Leger\" \/>\n<meta property=\"article:publisher\" content=\"https:\/\/www.facebook.com\/leger360\/\" \/>\n<meta property=\"article:published_time\" content=\"2025-10-03T15:41:22+00:00\" \/>\n<meta property=\"article:modified_time\" content=\"2025-10-03T15:41:30+00:00\" \/>\n<meta property=\"og:image\" content=\"https:\/\/leger360.com\/wp-content\/uploads\/2025\/09\/Ville-de-Quebec-No-Leger-Logo.jpg\" \/>\n\t<meta property=\"og:image:width\" content=\"1200\" \/>\n\t<meta property=\"og:image:height\" content=\"751\" \/>\n\t<meta property=\"og:image:type\" content=\"image\/jpeg\" \/>\n<meta name=\"author\" content=\"Jonah Presser\" \/>\n<meta name=\"twitter:card\" content=\"summary_large_image\" \/>\n<meta name=\"twitter:creator\" content=\"@leger360\" \/>\n<meta name=\"twitter:site\" content=\"@leger360\" \/>\n<meta name=\"twitter:label1\" content=\"\u00c9crit par\" \/>\n\t<meta name=\"twitter:data1\" content=\"Jonah Presser\" \/>\n\t<meta name=\"twitter:label2\" content=\"Estimation du temps de lecture\" \/>\n\t<meta name=\"twitter:data2\" content=\"2 minutes\" \/>\n<script type=\"application\/ld+json\" class=\"yoast-schema-graph\">{\"@context\":\"https:\\\/\\\/schema.org\",\"@graph\":[{\"@type\":\"Article\",\"@id\":\"https:\\\/\\\/leger360.com\\\/fr\\\/intentions-de-vote-provinciales-octobre-2025\\\/#article\",\"isPartOf\":{\"@id\":\"https:\\\/\\\/leger360.com\\\/fr\\\/intentions-de-vote-provinciales-octobre-2025\\\/\"},\"author\":{\"name\":\"Jonah Presser\",\"@id\":\"https:\\\/\\\/leger360.com\\\/fr\\\/#\\\/schema\\\/person\\\/43248a6d6ede47760313670a4da0171f\"},\"headline\":\"Intentions de vote provinciales: octobre 2025\",\"datePublished\":\"2025-10-03T15:41:22+00:00\",\"dateModified\":\"2025-10-03T15:41:30+00:00\",\"mainEntityOfPage\":{\"@id\":\"https:\\\/\\\/leger360.com\\\/fr\\\/intentions-de-vote-provinciales-octobre-2025\\\/\"},\"wordCount\":508,\"publisher\":{\"@id\":\"https:\\\/\\\/leger360.com\\\/fr\\\/#organization\"},\"image\":{\"@id\":\"https:\\\/\\\/leger360.com\\\/fr\\\/intentions-de-vote-provinciales-octobre-2025\\\/#primaryimage\"},\"thumbnailUrl\":\"https:\\\/\\\/leger360.com\\\/wp-content\\\/uploads\\\/2025\\\/09\\\/Ville-de-Quebec-No-Leger-Logo.jpg\",\"inLanguage\":\"fr-CA\"},{\"@type\":\"WebPage\",\"@id\":\"https:\\\/\\\/leger360.com\\\/fr\\\/intentions-de-vote-provinciales-octobre-2025\\\/\",\"url\":\"https:\\\/\\\/leger360.com\\\/fr\\\/intentions-de-vote-provinciales-octobre-2025\\\/\",\"name\":\"Intentions de vote provinciales: octobre 2025 - Leger\",\"isPartOf\":{\"@id\":\"https:\\\/\\\/leger360.com\\\/fr\\\/#website\"},\"primaryImageOfPage\":{\"@id\":\"https:\\\/\\\/leger360.com\\\/fr\\\/intentions-de-vote-provinciales-octobre-2025\\\/#primaryimage\"},\"image\":{\"@id\":\"https:\\\/\\\/leger360.com\\\/fr\\\/intentions-de-vote-provinciales-octobre-2025\\\/#primaryimage\"},\"thumbnailUrl\":\"https:\\\/\\\/leger360.com\\\/wp-content\\\/uploads\\\/2025\\\/09\\\/Ville-de-Quebec-No-Leger-Logo.jpg\",\"datePublished\":\"2025-10-03T15:41:22+00:00\",\"dateModified\":\"2025-10-03T15:41:30+00:00\",\"description\":\"T\u00e9l\u00e9chargez le rapport pour les intentions de vote au Qu\u00e9bec pour le mois d'Octobre 2025\",\"breadcrumb\":{\"@id\":\"https:\\\/\\\/leger360.com\\\/fr\\\/intentions-de-vote-provinciales-octobre-2025\\\/#breadcrumb\"},\"inLanguage\":\"fr-CA\",\"potentialAction\":[{\"@type\":\"ReadAction\",\"target\":[\"https:\\\/\\\/leger360.com\\\/fr\\\/intentions-de-vote-provinciales-octobre-2025\\\/\"]}]},{\"@type\":\"ImageObject\",\"inLanguage\":\"fr-CA\",\"@id\":\"https:\\\/\\\/leger360.com\\\/fr\\\/intentions-de-vote-provinciales-octobre-2025\\\/#primaryimage\",\"url\":\"https:\\\/\\\/leger360.com\\\/wp-content\\\/uploads\\\/2025\\\/09\\\/Ville-de-Quebec-No-Leger-Logo.jpg\",\"contentUrl\":\"https:\\\/\\\/leger360.com\\\/wp-content\\\/uploads\\\/2025\\\/09\\\/Ville-de-Quebec-No-Leger-Logo.jpg\",\"width\":1200,\"height\":751},{\"@type\":\"BreadcrumbList\",\"@id\":\"https:\\\/\\\/leger360.com\\\/fr\\\/intentions-de-vote-provinciales-octobre-2025\\\/#breadcrumb\",\"itemListElement\":[{\"@type\":\"ListItem\",\"position\":1,\"name\":\"Home\",\"item\":\"https:\\\/\\\/leger360.com\\\/fr\\\/\"},{\"@type\":\"ListItem\",\"position\":2,\"name\":\"Intentions de vote provinciales: octobre 2025\"}]},{\"@type\":\"WebSite\",\"@id\":\"https:\\\/\\\/leger360.com\\\/fr\\\/#website\",\"url\":\"https:\\\/\\\/leger360.com\\\/fr\\\/\",\"name\":\"Leger\",\"description\":\"Market Research | Data Analytics\",\"publisher\":{\"@id\":\"https:\\\/\\\/leger360.com\\\/fr\\\/#organization\"},\"potentialAction\":[{\"@type\":\"SearchAction\",\"target\":{\"@type\":\"EntryPoint\",\"urlTemplate\":\"https:\\\/\\\/leger360.com\\\/fr\\\/?s={search_term_string}\"},\"query-input\":{\"@type\":\"PropertyValueSpecification\",\"valueRequired\":true,\"valueName\":\"search_term_string\"}}],\"inLanguage\":\"fr-CA\"},{\"@type\":\"Organization\",\"@id\":\"https:\\\/\\\/leger360.com\\\/fr\\\/#organization\",\"name\":\"Leger\",\"url\":\"https:\\\/\\\/leger360.com\\\/fr\\\/\",\"logo\":{\"@type\":\"ImageObject\",\"inLanguage\":\"fr-CA\",\"@id\":\"https:\\\/\\\/leger360.com\\\/fr\\\/#\\\/schema\\\/logo\\\/image\\\/\",\"url\":\"https:\\\/\\\/leger360.com\\\/wp-content\\\/uploads\\\/2024\\\/04\\\/2022-Logo-Leger-Blackred-g.png\",\"contentUrl\":\"https:\\\/\\\/leger360.com\\\/wp-content\\\/uploads\\\/2024\\\/04\\\/2022-Logo-Leger-Blackred-g.png\",\"width\":1195,\"height\":686,\"caption\":\"Leger\"},\"image\":{\"@id\":\"https:\\\/\\\/leger360.com\\\/fr\\\/#\\\/schema\\\/logo\\\/image\\\/\"},\"sameAs\":[\"https:\\\/\\\/www.facebook.com\\\/leger360\\\/\",\"https:\\\/\\\/x.com\\\/leger360\",\"https:\\\/\\\/www.linkedin.com\\\/company\\\/leger360\\\/\"],\"description\":\"Leger is one of North America\u2019s fastest-growing market research companies, known for our forward-thinking experts and innovative approaches powered by artificial intelligence (AI) technologies.\"},{\"@type\":\"Person\",\"@id\":\"https:\\\/\\\/leger360.com\\\/fr\\\/#\\\/schema\\\/person\\\/43248a6d6ede47760313670a4da0171f\",\"name\":\"Jonah Presser\",\"image\":{\"@type\":\"ImageObject\",\"inLanguage\":\"fr-CA\",\"@id\":\"https:\\\/\\\/secure.gravatar.com\\\/avatar\\\/30277f55803097542b5dc864a456580099248f68a36a21609d20a9da700098e3?s=96&d=mm&r=g\",\"url\":\"https:\\\/\\\/secure.gravatar.com\\\/avatar\\\/30277f55803097542b5dc864a456580099248f68a36a21609d20a9da700098e3?s=96&d=mm&r=g\",\"contentUrl\":\"https:\\\/\\\/secure.gravatar.com\\\/avatar\\\/30277f55803097542b5dc864a456580099248f68a36a21609d20a9da700098e3?s=96&d=mm&r=g\",\"caption\":\"Jonah Presser\"}}]}<\/script>\n<!-- \/ Yoast SEO Premium plugin. -->","yoast_head_json":{"title":"Intentions de vote provinciales: octobre 2025 - Leger","description":"T\u00e9l\u00e9chargez le rapport pour les intentions de vote au Qu\u00e9bec pour le mois d'Octobre 2025","robots":{"index":"index","follow":"follow","max-snippet":"max-snippet:-1","max-image-preview":"max-image-preview:large","max-video-preview":"max-video-preview:-1"},"canonical":"https:\/\/leger360.com\/fr\/intentions-de-vote-provinciales-octobre-2025\/","og_locale":"fr_CA","og_type":"article","og_title":"Intentions de vote provinciales: octobre 2025","og_description":"T\u00e9l\u00e9chargez le rapport pour les intentions de vote au Qu\u00e9bec pour le mois d'Octobre 2025","og_url":"https:\/\/leger360.com\/fr\/intentions-de-vote-provinciales-octobre-2025\/","og_site_name":"Leger","article_publisher":"https:\/\/www.facebook.com\/leger360\/","article_published_time":"2025-10-03T15:41:22+00:00","article_modified_time":"2025-10-03T15:41:30+00:00","og_image":[{"width":1200,"height":751,"url":"https:\/\/leger360.com\/wp-content\/uploads\/2025\/09\/Ville-de-Quebec-No-Leger-Logo.jpg","type":"image\/jpeg"}],"author":"Jonah Presser","twitter_card":"summary_large_image","twitter_creator":"@leger360","twitter_site":"@leger360","twitter_misc":{"\u00c9crit par":"Jonah Presser","Estimation du temps de lecture":"2 minutes"},"schema":{"@context":"https:\/\/schema.org","@graph":[{"@type":"Article","@id":"https:\/\/leger360.com\/fr\/intentions-de-vote-provinciales-octobre-2025\/#article","isPartOf":{"@id":"https:\/\/leger360.com\/fr\/intentions-de-vote-provinciales-octobre-2025\/"},"author":{"name":"Jonah Presser","@id":"https:\/\/leger360.com\/fr\/#\/schema\/person\/43248a6d6ede47760313670a4da0171f"},"headline":"Intentions de vote provinciales: octobre 2025","datePublished":"2025-10-03T15:41:22+00:00","dateModified":"2025-10-03T15:41:30+00:00","mainEntityOfPage":{"@id":"https:\/\/leger360.com\/fr\/intentions-de-vote-provinciales-octobre-2025\/"},"wordCount":508,"publisher":{"@id":"https:\/\/leger360.com\/fr\/#organization"},"image":{"@id":"https:\/\/leger360.com\/fr\/intentions-de-vote-provinciales-octobre-2025\/#primaryimage"},"thumbnailUrl":"https:\/\/leger360.com\/wp-content\/uploads\/2025\/09\/Ville-de-Quebec-No-Leger-Logo.jpg","inLanguage":"fr-CA"},{"@type":"WebPage","@id":"https:\/\/leger360.com\/fr\/intentions-de-vote-provinciales-octobre-2025\/","url":"https:\/\/leger360.com\/fr\/intentions-de-vote-provinciales-octobre-2025\/","name":"Intentions de vote provinciales: octobre 2025 - Leger","isPartOf":{"@id":"https:\/\/leger360.com\/fr\/#website"},"primaryImageOfPage":{"@id":"https:\/\/leger360.com\/fr\/intentions-de-vote-provinciales-octobre-2025\/#primaryimage"},"image":{"@id":"https:\/\/leger360.com\/fr\/intentions-de-vote-provinciales-octobre-2025\/#primaryimage"},"thumbnailUrl":"https:\/\/leger360.com\/wp-content\/uploads\/2025\/09\/Ville-de-Quebec-No-Leger-Logo.jpg","datePublished":"2025-10-03T15:41:22+00:00","dateModified":"2025-10-03T15:41:30+00:00","description":"T\u00e9l\u00e9chargez le rapport pour les intentions de vote au Qu\u00e9bec pour le mois d'Octobre 2025","breadcrumb":{"@id":"https:\/\/leger360.com\/fr\/intentions-de-vote-provinciales-octobre-2025\/#breadcrumb"},"inLanguage":"fr-CA","potentialAction":[{"@type":"ReadAction","target":["https:\/\/leger360.com\/fr\/intentions-de-vote-provinciales-octobre-2025\/"]}]},{"@type":"ImageObject","inLanguage":"fr-CA","@id":"https:\/\/leger360.com\/fr\/intentions-de-vote-provinciales-octobre-2025\/#primaryimage","url":"https:\/\/leger360.com\/wp-content\/uploads\/2025\/09\/Ville-de-Quebec-No-Leger-Logo.jpg","contentUrl":"https:\/\/leger360.com\/wp-content\/uploads\/2025\/09\/Ville-de-Quebec-No-Leger-Logo.jpg","width":1200,"height":751},{"@type":"BreadcrumbList","@id":"https:\/\/leger360.com\/fr\/intentions-de-vote-provinciales-octobre-2025\/#breadcrumb","itemListElement":[{"@type":"ListItem","position":1,"name":"Home","item":"https:\/\/leger360.com\/fr\/"},{"@type":"ListItem","position":2,"name":"Intentions de vote provinciales: octobre 2025"}]},{"@type":"WebSite","@id":"https:\/\/leger360.com\/fr\/#website","url":"https:\/\/leger360.com\/fr\/","name":"Leger","description":"Market Research | Data Analytics","publisher":{"@id":"https:\/\/leger360.com\/fr\/#organization"},"potentialAction":[{"@type":"SearchAction","target":{"@type":"EntryPoint","urlTemplate":"https:\/\/leger360.com\/fr\/?s={search_term_string}"},"query-input":{"@type":"PropertyValueSpecification","valueRequired":true,"valueName":"search_term_string"}}],"inLanguage":"fr-CA"},{"@type":"Organization","@id":"https:\/\/leger360.com\/fr\/#organization","name":"Leger","url":"https:\/\/leger360.com\/fr\/","logo":{"@type":"ImageObject","inLanguage":"fr-CA","@id":"https:\/\/leger360.com\/fr\/#\/schema\/logo\/image\/","url":"https:\/\/leger360.com\/wp-content\/uploads\/2024\/04\/2022-Logo-Leger-Blackred-g.png","contentUrl":"https:\/\/leger360.com\/wp-content\/uploads\/2024\/04\/2022-Logo-Leger-Blackred-g.png","width":1195,"height":686,"caption":"Leger"},"image":{"@id":"https:\/\/leger360.com\/fr\/#\/schema\/logo\/image\/"},"sameAs":["https:\/\/www.facebook.com\/leger360\/","https:\/\/x.com\/leger360","https:\/\/www.linkedin.com\/company\/leger360\/"],"description":"Leger is one of North America\u2019s fastest-growing market research companies, known for our forward-thinking experts and innovative approaches powered by artificial intelligence (AI) technologies."},{"@type":"Person","@id":"https:\/\/leger360.com\/fr\/#\/schema\/person\/43248a6d6ede47760313670a4da0171f","name":"Jonah Presser","image":{"@type":"ImageObject","inLanguage":"fr-CA","@id":"https:\/\/secure.gravatar.com\/avatar\/30277f55803097542b5dc864a456580099248f68a36a21609d20a9da700098e3?s=96&d=mm&r=g","url":"https:\/\/secure.gravatar.com\/avatar\/30277f55803097542b5dc864a456580099248f68a36a21609d20a9da700098e3?s=96&d=mm&r=g","contentUrl":"https:\/\/secure.gravatar.com\/avatar\/30277f55803097542b5dc864a456580099248f68a36a21609d20a9da700098e3?s=96&d=mm&r=g","caption":"Jonah Presser"}}]}},"_links":{"self":[{"href":"https:\/\/leger360.com\/fr\/wp-json\/wp\/v2\/posts\/25836","targetHints":{"allow":["GET"]}}],"collection":[{"href":"https:\/\/leger360.com\/fr\/wp-json\/wp\/v2\/posts"}],"about":[{"href":"https:\/\/leger360.com\/fr\/wp-json\/wp\/v2\/types\/post"}],"author":[{"embeddable":true,"href":"https:\/\/leger360.com\/fr\/wp-json\/wp\/v2\/users\/13"}],"replies":[{"embeddable":true,"href":"https:\/\/leger360.com\/fr\/wp-json\/wp\/v2\/comments?post=25836"}],"version-history":[{"count":0,"href":"https:\/\/leger360.com\/fr\/wp-json\/wp\/v2\/posts\/25836\/revisions"}],"wp:featuredmedia":[{"embeddable":true,"href":"https:\/\/leger360.com\/fr\/wp-json\/wp\/v2\/media\/25714"}],"wp:attachment":[{"href":"https:\/\/leger360.com\/fr\/wp-json\/wp\/v2\/media?parent=25836"}],"wp:term":[{"taxonomy":"category","embeddable":true,"href":"https:\/\/leger360.com\/fr\/wp-json\/wp\/v2\/categories?post=25836"},{"taxonomy":"post_tag","embeddable":true,"href":"https:\/\/leger360.com\/fr\/wp-json\/wp\/v2\/tags?post=25836"},{"taxonomy":"post_language_cat","embeddable":true,"href":"https:\/\/leger360.com\/fr\/wp-json\/wp\/v2\/post_language_cat?post=25836"}],"curies":[{"name":"wp","href":"https:\/\/api.w.org\/{rel}","templated":true}]}}