{"id":25895,"date":"2025-10-08T06:00:00","date_gmt":"2025-10-08T10:00:00","guid":{"rendered":"https:\/\/leger360.com\/?p=25895"},"modified":"2025-10-06T15:47:03","modified_gmt":"2025-10-06T19:47:03","slug":"leger-x-postmedia-election-municipale-a-montreal","status":"publish","type":"post","link":"https:\/\/leger360.com\/fr\/leger-x-postmedia-election-municipale-a-montreal\/","title":{"rendered":"L\u00e9ger x Postmedia: \u00c9lection municipale \u00e0 Montr\u00e9al"},"content":{"rendered":"<p>[et_pb_section fb_built=\u00a0\u00bb1&Prime; theme_builder_area=\u00a0\u00bbpost_content\u00a0\u00bb _builder_version=\u00a0\u00bb4.27.4&Prime; _module_preset=\u00a0\u00bbdefault\u00a0\u00bb][et_pb_row _builder_version=\u00a0\u00bb4.27.4&Prime; _module_preset=\u00a0\u00bbdefault\u00a0\u00bb theme_builder_area=\u00a0\u00bbpost_content\u00a0\u00bb][et_pb_column _builder_version=\u00a0\u00bb4.27.4&Prime; _module_preset=\u00a0\u00bbdefault\u00a0\u00bb type=\u00a0\u00bb4_4&Prime; theme_builder_area=\u00a0\u00bbpost_content\u00a0\u00bb][et_pb_text _builder_version=\u00a0\u00bb4.27.4&Prime; _module_preset=\u00a0\u00bbdefault\u00a0\u00bb theme_builder_area=\u00a0\u00bbpost_content\u00a0\u00bb hover_enabled=\u00a0\u00bb0&Prime; sticky_enabled=\u00a0\u00bb0&Prime;]<\/p>\n<p>Dans le cadre de la campagne \u00e9lectorale municipale de 2025, du 26 au 30 septembre, nous avons men\u00e9, pour le compte de Postmedia, une enqu\u00eate aupr\u00e8s des Montr\u00e9alais\u00b7e\u00b7s pour conna\u00eetre leur point de vue sur la politique municipale.<\/p>\n<p>[\/et_pb_text][et_pb_image src=\u00a0\u00bbhttps:\/\/leger360.com\/wp-content\/uploads\/2025\/10\/MTL-City-Hall-2-Leger-Logo.jpg\u00a0\u00bb _builder_version=\u00a0\u00bb4.27.4&Prime; _module_preset=\u00a0\u00bbdefault\u00a0\u00bb theme_builder_area=\u00a0\u00bbpost_content\u00a0\u00bb title_text=\u00a0\u00bbMTL City Hall 2 &#8211; Leger Logo\u00a0\u00bb url=\u00a0\u00bb@ET-DC@eyJkeW5hbWljIjp0cnVlLCJjb250ZW50IjoicG9zdF9saW5rX3VybF9hdHRhY2htZW50Iiwic2V0dGluZ3MiOnsicG9zdF9pZCI6IjI1ODYzIn19@\u00a0\u00bb _dynamic_attributes=\u00a0\u00bburl\u00a0\u00bb hover_enabled=\u00a0\u00bb0&Prime; sticky_enabled=\u00a0\u00bb0&Prime;][\/et_pb_image][et_pb_button button_text=\u00a0\u00bbT\u00e9l\u00e9chargez le rapport pour en apprendre plus\u00a0\u00bb _builder_version=\u00a0\u00bb4.27.4&Prime; _module_preset=\u00a0\u00bbdefault\u00a0\u00bb theme_builder_area=\u00a0\u00bbpost_content\u00a0\u00bb button_alignment=\u00a0\u00bbcenter\u00a0\u00bb button_url=\u00a0\u00bb@ET-DC@eyJkeW5hbWljIjp0cnVlLCJjb250ZW50IjoicG9zdF9saW5rX3VybF9hdHRhY2htZW50Iiwic2V0dGluZ3MiOnsicG9zdF9pZCI6IjI1ODYzIn19@\u00a0\u00bb _dynamic_attributes=\u00a0\u00bbbutton_url\u00a0\u00bb hover_enabled=\u00a0\u00bb0&Prime; sticky_enabled=\u00a0\u00bb0&Prime;][\/et_pb_button][et_pb_text _builder_version=\u00a0\u00bb4.27.4&Prime; _module_preset=\u00a0\u00bbdefault\u00a0\u00bb theme_builder_area=\u00a0\u00bbpost_content\u00a0\u00bb hover_enabled=\u00a0\u00bb0&Prime; sticky_enabled=\u00a0\u00bb0&Prime;]<\/p>\n<h2>Faits saillants d\u2019un sondage men\u00e9 aupr\u00e8s des \u00e9lecteurs de la ville de Montr\u00e9al<\/h2>\n<p>55% des Montr\u00e9alais\u00b7e\u00b7s sont insatisfait\u00b7e\u00b7s du travail effectu\u00e9 par l\u2019\u00e9quipe de Val\u00e9rie Plante \u00e0 la mairie de Montr\u00e9al, tandis que 37% sont satisfait\u00b7e\u00b7s.<\/p>\n<p>62% des Montr\u00e9alais\u00b7e\u00b7s aimeraient un changement d\u2019\u00e9quipe lors des prochaines \u00e9lections municipales.<\/p>\n<h2>Enjeux cl\u00e9s<\/h2>\n<p>Le co\u00fbt des loyers et l\u2019acc\u00e8s \u00e0 la propriet\u00e9 s\u2019imposent comme le principal enjeu, refl\u00e9tant les pr\u00e9occupations croissantes des citoyen\u00b7ne\u00b7s (48%). La lutte \u00e0 l&rsquo;itin\u00e9rance et l&rsquo;acc\u00e8s aux logements sociaux arrivent au second rang des principaux enjeux avec 38% des mentions.<\/p>\n<p>65% Montr\u00e9alais\u00b7es trouvent que le co\u00fbt de la vie \u00e0 Montr\u00e9al n\u2019est pas abordable.<\/p>\n<p>32% des Montr\u00e9alais\u00b7es trouvent que c\u2019est une bonne id\u00e9e d\u2019\u00e9tablir un bureau de la langue fran\u00e7aise \u00e0 Montr\u00e9al, tandis que 46% disent le contraire.<\/p>\n<p>17% Montr\u00e9alais\u00b7es trouvent que c\u2019est une bonne id\u00e9e de fermer la voie Camillien-Houde par l\u2019Est \u00e0 la circulation automobile, tandis que 46% disent le contraire.\u00a0<\/p>\n<h1>M\u00e9thodologie<\/h1>\n<p>Un sondage Web a \u00e9t\u00e9 r\u00e9alis\u00e9 aupr\u00e8s de 500 r\u00e9pondant\u00b7e\u00b7s de Montr\u00e9al, \u00e2g\u00e9\u00b7e\u00b7s de 18 ou plus et ayant le droit de vote dans ces villes \u00e0 l\u2019\u00e9lection municipale de novembre 2025. Les r\u00e9pondant\u00b7e\u00b7s devaient pouvoir s\u2019exprimer en fran\u00e7ais ou en anglais, le recrutement ayant \u00e9t\u00e9 effectu\u00e9 al\u00e9atoirement \u00e0 l\u2019aide du panel en ligne de LEO.<\/p>\n<p>Les donn\u00e9es ont \u00e9t\u00e9 collect\u00e9es du 26 au 30 septembre 2025.<\/p>\n<p>Il n\u2019est pas possible de calculer une marge d\u2019erreur sur un \u00e9chantillon tir\u00e9 d\u2019un panel, mais \u00e0 des fins de comparaison, un \u00e9chantillon de cette taille aurait une marge d\u2019erreur de \u00b1 4,4%, et ce, 19 fois sur 20.<\/p>\n<p>Les r\u00e9sultats ont \u00e9t\u00e9 pond\u00e9r\u00e9s en fonction du genre, de l\u2019\u00e2ge, de la langue maternelle, de la r\u00e9gion, du niveau de scolarit\u00e9 et de la pr\u00e9sence d\u2019enfants dans le m\u00e9nage afin d\u2019assurer un \u00e9chantillon repr\u00e9sentatif de la population \u00e0 l\u2019\u00e9tude.<\/p>\n<p>Ce sondage est la propri\u00e9t\u00e9 de L\u00e9ger\/Postmedia. Toute publication doit obligatoirement respecter les droits d\u2019auteur en utilisant la mention <em>Sondage L\u00e9ger\/Postmedia<\/em>.<\/p>\n<p>&nbsp;<\/p>\n<p>[\/et_pb_text][\/et_pb_column][\/et_pb_row][\/et_pb_section]<\/p>\n","protected":false},"excerpt":{"rendered":"<p>Dans le cadre de la campagne \u00e9lectorale municipale de 2025, du 26 au 30 septembre, nous avons men\u00e9, pour le compte de Postmedia, une enqu\u00eate aupr\u00e8s des Montr\u00e9alais\u00b7e\u00b7s pour conna\u00eetre leur point de vue sur la politique municipale.Faits saillants d\u2019un sondage men\u00e9 aupr\u00e8s des \u00e9lecteurs de la ville de Montr\u00e9al 55% des Montr\u00e9alais\u00b7e\u00b7s sont insatisfait\u00b7e\u00b7s du travail effectu\u00e9 par l\u2019\u00e9quipe de Val\u00e9rie Plante \u00e0 la mairie de Montr\u00e9al, tandis que 37% sont satisfait\u00b7e\u00b7s. 62% des Montr\u00e9alais\u00b7e\u00b7s aimeraient un changement d\u2019\u00e9quipe lors des prochaines \u00e9lections municipales. Enjeux cl\u00e9s Le co\u00fbt des loyers et l\u2019acc\u00e8s \u00e0 la propriet\u00e9 s\u2019imposent comme le principal enjeu, refl\u00e9tant les pr\u00e9occupations croissantes des citoyen\u00b7ne\u00b7s (48%). La lutte \u00e0 l&rsquo;itin\u00e9rance et l&rsquo;acc\u00e8s aux logements sociaux arrivent au second rang des principaux enjeux avec 38% des mentions. 65% Montr\u00e9alais\u00b7es trouvent que le co\u00fbt de la vie \u00e0 Montr\u00e9al n\u2019est pas abordable. 32% des Montr\u00e9alais\u00b7es trouvent que c\u2019est une bonne id\u00e9e d\u2019\u00e9tablir un bureau de la langue fran\u00e7aise \u00e0 Montr\u00e9al, tandis que 46% disent le contraire. 17% Montr\u00e9alais\u00b7es trouvent que c\u2019est une bonne id\u00e9e de fermer la voie Camillien-Houde par l\u2019Est \u00e0 la circulation automobile, tandis que 46% disent le contraire.\u00a0 M\u00e9thodologie Un sondage Web a \u00e9t\u00e9 r\u00e9alis\u00e9 aupr\u00e8s de [&hellip;]<\/p>\n","protected":false},"author":13,"featured_media":25884,"comment_status":"closed","ping_status":"closed","sticky":false,"template":"","format":"standard","meta":{"_acf_changed":false,"_et_pb_use_builder":"on","_et_pb_old_content":"","_et_gb_content_width":"","content-type":"","inline_featured_image":false,"footnotes":""},"categories":[35],"tags":[],"post_language_cat":[42],"class_list":["post-25895","post","type-post","status-publish","format-standard","has-post-thumbnail","hentry","category-in-the-news","post_language_cat-fr-in-the-news"],"acf":[],"yoast_head":"<!-- This site is optimized with the Yoast SEO Premium plugin v27.4 (Yoast SEO v27.4) - https:\/\/yoast.com\/product\/yoast-seo-premium-wordpress\/ -->\n<title>L\u00e9ger x Postmedia: \u00c9lection municipale \u00e0 Montr\u00e9al - Leger<\/title>\n<meta name=\"description\" content=\"T\u00e9l\u00e9chargez le rapport pour comprendre les points de vue des Montr\u00e9alais sur les enjeux municipaux.\" \/>\n<meta name=\"robots\" content=\"index, follow, max-snippet:-1, max-image-preview:large, max-video-preview:-1\" \/>\n<link rel=\"canonical\" href=\"https:\/\/leger360.com\/fr\/leger-x-postmedia-election-municipale-a-montreal\/\" \/>\n<meta property=\"og:locale\" content=\"fr_CA\" \/>\n<meta property=\"og:type\" content=\"article\" \/>\n<meta property=\"og:title\" content=\"L\u00e9ger x Postmedia: \u00c9lection municipale \u00e0 Montr\u00e9al\" \/>\n<meta property=\"og:description\" content=\"T\u00e9l\u00e9chargez le rapport pour comprendre les points de vue des Montr\u00e9alais sur les enjeux municipaux.\" \/>\n<meta property=\"og:url\" content=\"https:\/\/leger360.com\/fr\/leger-x-postmedia-election-municipale-a-montreal\/\" \/>\n<meta property=\"og:site_name\" content=\"Leger\" \/>\n<meta property=\"article:publisher\" content=\"https:\/\/www.facebook.com\/leger360\/\" \/>\n<meta property=\"article:published_time\" content=\"2025-10-08T10:00:00+00:00\" \/>\n<meta property=\"og:image\" content=\"https:\/\/leger360.com\/wp-content\/uploads\/2025\/10\/MTL-City-Hall-2-No-Leger-Logo.jpg\" \/>\n\t<meta property=\"og:image:width\" content=\"800\" \/>\n\t<meta property=\"og:image:height\" content=\"501\" \/>\n\t<meta property=\"og:image:type\" content=\"image\/jpeg\" \/>\n<meta name=\"author\" content=\"Jonah Presser\" \/>\n<meta name=\"twitter:card\" content=\"summary_large_image\" \/>\n<meta name=\"twitter:creator\" content=\"@leger360\" \/>\n<meta name=\"twitter:site\" content=\"@leger360\" \/>\n<meta name=\"twitter:label1\" content=\"\u00c9crit par\" \/>\n\t<meta name=\"twitter:data1\" content=\"Jonah Presser\" \/>\n\t<meta name=\"twitter:label2\" content=\"Estimation du temps de lecture\" \/>\n\t<meta name=\"twitter:data2\" content=\"3 minutes\" \/>\n<script type=\"application\/ld+json\" class=\"yoast-schema-graph\">{\"@context\":\"https:\\\/\\\/schema.org\",\"@graph\":[{\"@type\":\"Article\",\"@id\":\"https:\\\/\\\/leger360.com\\\/fr\\\/leger-x-postmedia-election-municipale-a-montreal\\\/#article\",\"isPartOf\":{\"@id\":\"https:\\\/\\\/leger360.com\\\/fr\\\/leger-x-postmedia-election-municipale-a-montreal\\\/\"},\"author\":{\"name\":\"Jonah Presser\",\"@id\":\"https:\\\/\\\/leger360.com\\\/fr\\\/#\\\/schema\\\/person\\\/43248a6d6ede47760313670a4da0171f\"},\"headline\":\"L\u00e9ger x Postmedia: \u00c9lection municipale \u00e0 Montr\u00e9al\",\"datePublished\":\"2025-10-08T10:00:00+00:00\",\"mainEntityOfPage\":{\"@id\":\"https:\\\/\\\/leger360.com\\\/fr\\\/leger-x-postmedia-election-municipale-a-montreal\\\/\"},\"wordCount\":641,\"publisher\":{\"@id\":\"https:\\\/\\\/leger360.com\\\/fr\\\/#organization\"},\"image\":{\"@id\":\"https:\\\/\\\/leger360.com\\\/fr\\\/leger-x-postmedia-election-municipale-a-montreal\\\/#primaryimage\"},\"thumbnailUrl\":\"https:\\\/\\\/leger360.com\\\/wp-content\\\/uploads\\\/2025\\\/10\\\/MTL-City-Hall-2-No-Leger-Logo.jpg\",\"articleSection\":[\"In the news\"],\"inLanguage\":\"fr-CA\"},{\"@type\":\"WebPage\",\"@id\":\"https:\\\/\\\/leger360.com\\\/fr\\\/leger-x-postmedia-election-municipale-a-montreal\\\/\",\"url\":\"https:\\\/\\\/leger360.com\\\/fr\\\/leger-x-postmedia-election-municipale-a-montreal\\\/\",\"name\":\"L\u00e9ger x Postmedia: \u00c9lection municipale \u00e0 Montr\u00e9al - Leger\",\"isPartOf\":{\"@id\":\"https:\\\/\\\/leger360.com\\\/fr\\\/#website\"},\"primaryImageOfPage\":{\"@id\":\"https:\\\/\\\/leger360.com\\\/fr\\\/leger-x-postmedia-election-municipale-a-montreal\\\/#primaryimage\"},\"image\":{\"@id\":\"https:\\\/\\\/leger360.com\\\/fr\\\/leger-x-postmedia-election-municipale-a-montreal\\\/#primaryimage\"},\"thumbnailUrl\":\"https:\\\/\\\/leger360.com\\\/wp-content\\\/uploads\\\/2025\\\/10\\\/MTL-City-Hall-2-No-Leger-Logo.jpg\",\"datePublished\":\"2025-10-08T10:00:00+00:00\",\"description\":\"T\u00e9l\u00e9chargez le rapport pour comprendre les points de vue des Montr\u00e9alais sur les enjeux municipaux.\",\"breadcrumb\":{\"@id\":\"https:\\\/\\\/leger360.com\\\/fr\\\/leger-x-postmedia-election-municipale-a-montreal\\\/#breadcrumb\"},\"inLanguage\":\"fr-CA\",\"potentialAction\":[{\"@type\":\"ReadAction\",\"target\":[\"https:\\\/\\\/leger360.com\\\/fr\\\/leger-x-postmedia-election-municipale-a-montreal\\\/\"]}]},{\"@type\":\"ImageObject\",\"inLanguage\":\"fr-CA\",\"@id\":\"https:\\\/\\\/leger360.com\\\/fr\\\/leger-x-postmedia-election-municipale-a-montreal\\\/#primaryimage\",\"url\":\"https:\\\/\\\/leger360.com\\\/wp-content\\\/uploads\\\/2025\\\/10\\\/MTL-City-Hall-2-No-Leger-Logo.jpg\",\"contentUrl\":\"https:\\\/\\\/leger360.com\\\/wp-content\\\/uploads\\\/2025\\\/10\\\/MTL-City-Hall-2-No-Leger-Logo.jpg\",\"width\":800,\"height\":501},{\"@type\":\"BreadcrumbList\",\"@id\":\"https:\\\/\\\/leger360.com\\\/fr\\\/leger-x-postmedia-election-municipale-a-montreal\\\/#breadcrumb\",\"itemListElement\":[{\"@type\":\"ListItem\",\"position\":1,\"name\":\"Home\",\"item\":\"https:\\\/\\\/leger360.com\\\/fr\\\/\"},{\"@type\":\"ListItem\",\"position\":2,\"name\":\"L\u00e9ger x Postmedia: \u00c9lection municipale \u00e0 Montr\u00e9al\"}]},{\"@type\":\"WebSite\",\"@id\":\"https:\\\/\\\/leger360.com\\\/fr\\\/#website\",\"url\":\"https:\\\/\\\/leger360.com\\\/fr\\\/\",\"name\":\"Leger\",\"description\":\"Market Research | Data Analytics\",\"publisher\":{\"@id\":\"https:\\\/\\\/leger360.com\\\/fr\\\/#organization\"},\"potentialAction\":[{\"@type\":\"SearchAction\",\"target\":{\"@type\":\"EntryPoint\",\"urlTemplate\":\"https:\\\/\\\/leger360.com\\\/fr\\\/?s={search_term_string}\"},\"query-input\":{\"@type\":\"PropertyValueSpecification\",\"valueRequired\":true,\"valueName\":\"search_term_string\"}}],\"inLanguage\":\"fr-CA\"},{\"@type\":\"Organization\",\"@id\":\"https:\\\/\\\/leger360.com\\\/fr\\\/#organization\",\"name\":\"Leger\",\"url\":\"https:\\\/\\\/leger360.com\\\/fr\\\/\",\"logo\":{\"@type\":\"ImageObject\",\"inLanguage\":\"fr-CA\",\"@id\":\"https:\\\/\\\/leger360.com\\\/fr\\\/#\\\/schema\\\/logo\\\/image\\\/\",\"url\":\"https:\\\/\\\/leger360.com\\\/wp-content\\\/uploads\\\/2024\\\/04\\\/2022-Logo-Leger-Blackred-g.png\",\"contentUrl\":\"https:\\\/\\\/leger360.com\\\/wp-content\\\/uploads\\\/2024\\\/04\\\/2022-Logo-Leger-Blackred-g.png\",\"width\":1195,\"height\":686,\"caption\":\"Leger\"},\"image\":{\"@id\":\"https:\\\/\\\/leger360.com\\\/fr\\\/#\\\/schema\\\/logo\\\/image\\\/\"},\"sameAs\":[\"https:\\\/\\\/www.facebook.com\\\/leger360\\\/\",\"https:\\\/\\\/x.com\\\/leger360\",\"https:\\\/\\\/www.linkedin.com\\\/company\\\/leger360\\\/\"],\"description\":\"Leger is one of North America\u2019s fastest-growing market research companies, known for our forward-thinking experts and innovative approaches powered by artificial intelligence (AI) technologies.\"},{\"@type\":\"Person\",\"@id\":\"https:\\\/\\\/leger360.com\\\/fr\\\/#\\\/schema\\\/person\\\/43248a6d6ede47760313670a4da0171f\",\"name\":\"Jonah Presser\",\"image\":{\"@type\":\"ImageObject\",\"inLanguage\":\"fr-CA\",\"@id\":\"https:\\\/\\\/secure.gravatar.com\\\/avatar\\\/30277f55803097542b5dc864a456580099248f68a36a21609d20a9da700098e3?s=96&d=mm&r=g\",\"url\":\"https:\\\/\\\/secure.gravatar.com\\\/avatar\\\/30277f55803097542b5dc864a456580099248f68a36a21609d20a9da700098e3?s=96&d=mm&r=g\",\"contentUrl\":\"https:\\\/\\\/secure.gravatar.com\\\/avatar\\\/30277f55803097542b5dc864a456580099248f68a36a21609d20a9da700098e3?s=96&d=mm&r=g\",\"caption\":\"Jonah Presser\"}}]}<\/script>\n<!-- \/ Yoast SEO Premium plugin. -->","yoast_head_json":{"title":"L\u00e9ger x Postmedia: \u00c9lection municipale \u00e0 Montr\u00e9al - Leger","description":"T\u00e9l\u00e9chargez le rapport pour comprendre les points de vue des Montr\u00e9alais sur les enjeux municipaux.","robots":{"index":"index","follow":"follow","max-snippet":"max-snippet:-1","max-image-preview":"max-image-preview:large","max-video-preview":"max-video-preview:-1"},"canonical":"https:\/\/leger360.com\/fr\/leger-x-postmedia-election-municipale-a-montreal\/","og_locale":"fr_CA","og_type":"article","og_title":"L\u00e9ger x Postmedia: \u00c9lection municipale \u00e0 Montr\u00e9al","og_description":"T\u00e9l\u00e9chargez le rapport pour comprendre les points de vue des Montr\u00e9alais sur les enjeux municipaux.","og_url":"https:\/\/leger360.com\/fr\/leger-x-postmedia-election-municipale-a-montreal\/","og_site_name":"Leger","article_publisher":"https:\/\/www.facebook.com\/leger360\/","article_published_time":"2025-10-08T10:00:00+00:00","og_image":[{"width":800,"height":501,"url":"https:\/\/leger360.com\/wp-content\/uploads\/2025\/10\/MTL-City-Hall-2-No-Leger-Logo.jpg","type":"image\/jpeg"}],"author":"Jonah Presser","twitter_card":"summary_large_image","twitter_creator":"@leger360","twitter_site":"@leger360","twitter_misc":{"\u00c9crit par":"Jonah Presser","Estimation du temps de lecture":"3 minutes"},"schema":{"@context":"https:\/\/schema.org","@graph":[{"@type":"Article","@id":"https:\/\/leger360.com\/fr\/leger-x-postmedia-election-municipale-a-montreal\/#article","isPartOf":{"@id":"https:\/\/leger360.com\/fr\/leger-x-postmedia-election-municipale-a-montreal\/"},"author":{"name":"Jonah Presser","@id":"https:\/\/leger360.com\/fr\/#\/schema\/person\/43248a6d6ede47760313670a4da0171f"},"headline":"L\u00e9ger x Postmedia: \u00c9lection municipale \u00e0 Montr\u00e9al","datePublished":"2025-10-08T10:00:00+00:00","mainEntityOfPage":{"@id":"https:\/\/leger360.com\/fr\/leger-x-postmedia-election-municipale-a-montreal\/"},"wordCount":641,"publisher":{"@id":"https:\/\/leger360.com\/fr\/#organization"},"image":{"@id":"https:\/\/leger360.com\/fr\/leger-x-postmedia-election-municipale-a-montreal\/#primaryimage"},"thumbnailUrl":"https:\/\/leger360.com\/wp-content\/uploads\/2025\/10\/MTL-City-Hall-2-No-Leger-Logo.jpg","articleSection":["In the news"],"inLanguage":"fr-CA"},{"@type":"WebPage","@id":"https:\/\/leger360.com\/fr\/leger-x-postmedia-election-municipale-a-montreal\/","url":"https:\/\/leger360.com\/fr\/leger-x-postmedia-election-municipale-a-montreal\/","name":"L\u00e9ger x Postmedia: \u00c9lection municipale \u00e0 Montr\u00e9al - Leger","isPartOf":{"@id":"https:\/\/leger360.com\/fr\/#website"},"primaryImageOfPage":{"@id":"https:\/\/leger360.com\/fr\/leger-x-postmedia-election-municipale-a-montreal\/#primaryimage"},"image":{"@id":"https:\/\/leger360.com\/fr\/leger-x-postmedia-election-municipale-a-montreal\/#primaryimage"},"thumbnailUrl":"https:\/\/leger360.com\/wp-content\/uploads\/2025\/10\/MTL-City-Hall-2-No-Leger-Logo.jpg","datePublished":"2025-10-08T10:00:00+00:00","description":"T\u00e9l\u00e9chargez le rapport pour comprendre les points de vue des Montr\u00e9alais sur les enjeux municipaux.","breadcrumb":{"@id":"https:\/\/leger360.com\/fr\/leger-x-postmedia-election-municipale-a-montreal\/#breadcrumb"},"inLanguage":"fr-CA","potentialAction":[{"@type":"ReadAction","target":["https:\/\/leger360.com\/fr\/leger-x-postmedia-election-municipale-a-montreal\/"]}]},{"@type":"ImageObject","inLanguage":"fr-CA","@id":"https:\/\/leger360.com\/fr\/leger-x-postmedia-election-municipale-a-montreal\/#primaryimage","url":"https:\/\/leger360.com\/wp-content\/uploads\/2025\/10\/MTL-City-Hall-2-No-Leger-Logo.jpg","contentUrl":"https:\/\/leger360.com\/wp-content\/uploads\/2025\/10\/MTL-City-Hall-2-No-Leger-Logo.jpg","width":800,"height":501},{"@type":"BreadcrumbList","@id":"https:\/\/leger360.com\/fr\/leger-x-postmedia-election-municipale-a-montreal\/#breadcrumb","itemListElement":[{"@type":"ListItem","position":1,"name":"Home","item":"https:\/\/leger360.com\/fr\/"},{"@type":"ListItem","position":2,"name":"L\u00e9ger x Postmedia: \u00c9lection municipale \u00e0 Montr\u00e9al"}]},{"@type":"WebSite","@id":"https:\/\/leger360.com\/fr\/#website","url":"https:\/\/leger360.com\/fr\/","name":"Leger","description":"Market Research | Data Analytics","publisher":{"@id":"https:\/\/leger360.com\/fr\/#organization"},"potentialAction":[{"@type":"SearchAction","target":{"@type":"EntryPoint","urlTemplate":"https:\/\/leger360.com\/fr\/?s={search_term_string}"},"query-input":{"@type":"PropertyValueSpecification","valueRequired":true,"valueName":"search_term_string"}}],"inLanguage":"fr-CA"},{"@type":"Organization","@id":"https:\/\/leger360.com\/fr\/#organization","name":"Leger","url":"https:\/\/leger360.com\/fr\/","logo":{"@type":"ImageObject","inLanguage":"fr-CA","@id":"https:\/\/leger360.com\/fr\/#\/schema\/logo\/image\/","url":"https:\/\/leger360.com\/wp-content\/uploads\/2024\/04\/2022-Logo-Leger-Blackred-g.png","contentUrl":"https:\/\/leger360.com\/wp-content\/uploads\/2024\/04\/2022-Logo-Leger-Blackred-g.png","width":1195,"height":686,"caption":"Leger"},"image":{"@id":"https:\/\/leger360.com\/fr\/#\/schema\/logo\/image\/"},"sameAs":["https:\/\/www.facebook.com\/leger360\/","https:\/\/x.com\/leger360","https:\/\/www.linkedin.com\/company\/leger360\/"],"description":"Leger is one of North America\u2019s fastest-growing market research companies, known for our forward-thinking experts and innovative approaches powered by artificial intelligence (AI) technologies."},{"@type":"Person","@id":"https:\/\/leger360.com\/fr\/#\/schema\/person\/43248a6d6ede47760313670a4da0171f","name":"Jonah Presser","image":{"@type":"ImageObject","inLanguage":"fr-CA","@id":"https:\/\/secure.gravatar.com\/avatar\/30277f55803097542b5dc864a456580099248f68a36a21609d20a9da700098e3?s=96&d=mm&r=g","url":"https:\/\/secure.gravatar.com\/avatar\/30277f55803097542b5dc864a456580099248f68a36a21609d20a9da700098e3?s=96&d=mm&r=g","contentUrl":"https:\/\/secure.gravatar.com\/avatar\/30277f55803097542b5dc864a456580099248f68a36a21609d20a9da700098e3?s=96&d=mm&r=g","caption":"Jonah Presser"}}]}},"_links":{"self":[{"href":"https:\/\/leger360.com\/fr\/wp-json\/wp\/v2\/posts\/25895","targetHints":{"allow":["GET"]}}],"collection":[{"href":"https:\/\/leger360.com\/fr\/wp-json\/wp\/v2\/posts"}],"about":[{"href":"https:\/\/leger360.com\/fr\/wp-json\/wp\/v2\/types\/post"}],"author":[{"embeddable":true,"href":"https:\/\/leger360.com\/fr\/wp-json\/wp\/v2\/users\/13"}],"replies":[{"embeddable":true,"href":"https:\/\/leger360.com\/fr\/wp-json\/wp\/v2\/comments?post=25895"}],"version-history":[{"count":0,"href":"https:\/\/leger360.com\/fr\/wp-json\/wp\/v2\/posts\/25895\/revisions"}],"wp:featuredmedia":[{"embeddable":true,"href":"https:\/\/leger360.com\/fr\/wp-json\/wp\/v2\/media\/25884"}],"wp:attachment":[{"href":"https:\/\/leger360.com\/fr\/wp-json\/wp\/v2\/media?parent=25895"}],"wp:term":[{"taxonomy":"category","embeddable":true,"href":"https:\/\/leger360.com\/fr\/wp-json\/wp\/v2\/categories?post=25895"},{"taxonomy":"post_tag","embeddable":true,"href":"https:\/\/leger360.com\/fr\/wp-json\/wp\/v2\/tags?post=25895"},{"taxonomy":"post_language_cat","embeddable":true,"href":"https:\/\/leger360.com\/fr\/wp-json\/wp\/v2\/post_language_cat?post=25895"}],"curies":[{"name":"wp","href":"https:\/\/api.w.org\/{rel}","templated":true}]}}