{"id":26496,"date":"2025-11-24T17:01:48","date_gmt":"2025-11-24T22:01:48","guid":{"rendered":"https:\/\/leger360.com\/?p=26496"},"modified":"2025-11-25T14:50:42","modified_gmt":"2025-11-25T19:50:42","slug":"dernieres-nouvelles-temps-des-fetes-reunions-familiales-2025","status":"publish","type":"post","link":"https:\/\/leger360.com\/fr\/dernieres-nouvelles-temps-des-fetes-reunions-familiales-2025\/","title":{"rendered":"Temps des F\u00eates : les r\u00e9unions familiales toujours aussi importantes pour les Canadiens"},"content":{"rendered":"<p>[et_pb_section fb_built=\u00a0\u00bb1&Prime; _builder_version=\u00a0\u00bb4.27.4&Prime; _module_preset=\u00a0\u00bbdefault\u00a0\u00bb min_height=\u00a0\u00bb3856px\u00a0\u00bb custom_margin=\u00a0\u00bb||-215px|||\u00a0\u00bb custom_padding=\u00a0\u00bb||0px|||\u00a0\u00bb global_colors_info=\u00a0\u00bb{}\u00a0\u00bb][et_pb_row _builder_version=\u00a0\u00bb4.27.4&Prime; _module_preset=\u00a0\u00bbdefault\u00a0\u00bb min_height=\u00a0\u00bb3764px\u00a0\u00bb global_colors_info=\u00a0\u00bb{}\u00a0\u00bb][et_pb_column type=\u00a0\u00bb4_4&Prime; _builder_version=\u00a0\u00bb4.27.4&Prime; _module_preset=\u00a0\u00bbdefault\u00a0\u00bb global_colors_info=\u00a0\u00bb{}\u00a0\u00bb][et_pb_text _builder_version=\u00a0\u00bb4.27.4&Prime; _module_preset=\u00a0\u00bbdefault\u00a0\u00bb hover_enabled=\u00a0\u00bb0&Prime; global_colors_info=\u00a0\u00bb{}\u00a0\u00bb sticky_enabled=\u00a0\u00bb0&Prime;]<\/p>\n<p>\u00c0 l\u2019approche du temps des F\u00eates, les familles se pr\u00e9parent \u00e0 se retrouver autour de la table. M\u00eame si les discussions peuvent parfois s\u2019enflammer autour de la politique, de l\u2019argent ou d\u2019autres sujets sensibles, <a href=\"https:\/\/leger360.com\/wp-content\/uploads\/2025\/11\/LEGER_Rassemblements_TempsFetes_CAN-USA_Nov2025.pdf\" target=\"_blank\" rel=\"noopener\">un nouveau sondage L\u00e9ger<\/a> r\u00e9v\u00e8le qu\u2019une majorit\u00e9 de Canadiens continuent de voir ces moments partag\u00e9s comme essentiels.<\/p>\n<p>Malgr\u00e9 les divergences d\u2019opinions et les d\u00e9bats qui pimentent souvent les repas des F\u00eates, la convivialit\u00e9 et le besoin de proximit\u00e9 demeurent au c\u0153ur des traditions.<\/p>\n<p>[\/et_pb_text][et_pb_image src=\u00a0\u00bbhttps:\/\/leger360.com\/wp-content\/uploads\/2025\/11\/Holidays-Family-Gathering-LegerLogo.png\u00a0\u00bb alt=\u00a0\u00bbSelon un sondage L\u00e9ger, les Canadiens tiennent toujours aux rassemblements familiaux du temps des F\u00eates\u00a0\u00bb title_text=\u00a0\u00bbHolidays-Family-Gathering-LegerLogo\u00a0\u00bb url=\u00a0\u00bbhttps:\/\/leger360.com\/wp-content\/uploads\/2025\/11\/LEGER_Rassemblements_TempsFetes_CAN-USA_Nov2025.pdf\u00a0\u00bb url_new_window=\u00a0\u00bbon\u00a0\u00bb align=\u00a0\u00bbcenter\u00a0\u00bb _builder_version=\u00a0\u00bb4.27.4&Prime; _module_preset=\u00a0\u00bbdefault\u00a0\u00bb width=\u00a0\u00bb100%\u00a0\u00bb max_width=\u00a0\u00bb100%\u00a0\u00bb global_colors_info=\u00a0\u00bb{}\u00a0\u00bb][\/et_pb_image][et_pb_button button_url=\u00a0\u00bbhttps:\/\/leger360.com\/wp-content\/uploads\/2025\/11\/LEGER_Rassemblements_TempsFetes_CAN-USA_Nov2025.pdf\u00a0\u00bb url_new_window=\u00a0\u00bbon\u00a0\u00bb button_text=\u00a0\u00bbConsultez le rapport pour en apprendre davantage\u00a0\u00bb button_alignment=\u00a0\u00bbcenter\u00a0\u00bb _builder_version=\u00a0\u00bb4.27.4&Prime; _module_preset=\u00a0\u00bbdefault\u00a0\u00bb locked=\u00a0\u00bboff\u00a0\u00bb global_colors_info=\u00a0\u00bb{}\u00a0\u00bb][\/et_pb_button][et_pb_text _builder_version=\u00a0\u00bb4.27.4&Prime; _module_preset=\u00a0\u00bbdefault\u00a0\u00bb global_colors_info=\u00a0\u00bb{}\u00a0\u00bb]<\/p>\n<h2><\/h2>\n<h2>Se r\u00e9unir en famille lors du temps des F\u00eates demeure essentiel pour la majorit\u00e9<\/h2>\n<p><strong>73%<\/strong> des Canadien\u00b7nes affirment que <strong>se rassembler<\/strong> avec leur famille proche et \u00e9largie lors des grandes F\u00eates <strong>demeure important<\/strong>, et ce, malgr\u00e9 <a href=\"https:\/\/www.ledevoir.com\/actualites\/societe\/804247\/comment-parler-ces-sujets-actualite-facher-autour-table\" target=\"_blank\" rel=\"noopener\">les \u00e9changes qui peuvent parfois engendrer des tensions autour de la table<\/a>.<\/p>\n<p>Cette importance accord\u00e9e aux retrouvailles familiales reste forte \u00e0 travers toutes les g\u00e9n\u00e9rations, mais elle est l\u00e9g\u00e8rement <strong>plus marqu\u00e9e<\/strong> chez les <strong>personnes \u00e2g\u00e9es de 55 ans et plus<\/strong> (82 %).<\/p>\n<p>Les jeunes adultes demeurent attach\u00e9s \u00e0 ces moments, mais se montrent aussi un peu plus s\u00e9lectifs.<\/p>\n<p>L\u00e9ger a \u00e9galement men\u00e9 ce sondage aupr\u00e8s des Am\u00e9ricain\u00b7es, et les r\u00e9sultats se r\u00e9v\u00e8lent tr\u00e8s similaires \u00e0 ceux observ\u00e9s au Canada. Malgr\u00e9 le contexte politique et social actuel, <strong>72%<\/strong> d&rsquo;entre eux jugent que les <strong>rassemblements familiaux<\/strong> du temps des F\u00eates sont <strong>essentiels<\/strong>.<\/p>\n<p>[\/et_pb_text][et_pb_text _builder_version=\u00a0\u00bb4.27.4&Prime; _module_preset=\u00a0\u00bbdefault\u00a0\u00bb global_colors_info=\u00a0\u00bb{}\u00a0\u00bb]<\/p>\n<h2>Les excuses invent\u00e9es : un classique des F\u00eates<\/h2>\n<p>Malgr\u00e9 cet attachement aux r\u00e9unions familiales, pr\u00e8s d\u2019un\u00b7e Canadien\u00b7ne sur deux (<strong>45 %<\/strong>) admet avoir d\u00e9j\u00e0 invent\u00e9 une fausse excuse pour \u00e9viter un rassemblement familial.<\/p>\n<p>Cette tendance est particuli\u00e8rement forte chez les <strong>18 \u00e0 34 ans<\/strong> (<strong>54 %<\/strong>) et chez celles et ceux qui accordent peu d&rsquo;importance \u00e0 ces \u00e9v\u00e9nements (<strong>62 %<\/strong>).<\/p>\n<p>Aux \u00c9tats-Unis, le ph\u00e9nom\u00e8ne est similaire : <strong>41 %<\/strong> reconnaissent avoir d\u00e9j\u00e0 esquiv\u00e9 un repas en famille gr\u00e2ce \u00e0 une excuse invent\u00e9e.<\/p>\n<h2>Les sujets chauds \u00e0 table : la politique en t\u00eate<\/h2>\n<p>Parmi les sujets chauds qui alimentent les discussions durant les F\u00eates, certains sont plus susceptibles de d\u00e9clencher des disputes.<\/p>\n<p>Environ la moiti\u00e9 des r\u00e9pondants au Canada (<strong>49 %<\/strong>) ont d\u00e9clar\u00e9 que <strong>la politique<\/strong> \u00e9tait le sujet <strong>le plus conflictuel<\/strong>, suivi de <strong>l\u2019argent<\/strong> (25 %) et de <strong>l\u2019immigration<\/strong> (19 %).<\/p>\n<p>Les Am\u00e9ricain\u00b7es ne font pas exception : <strong>54 %<\/strong> mentionnent la <strong>politique<\/strong>, suivie de <strong>l\u2019argent<\/strong> (28 %) et de <strong>l\u2019immigration<\/strong> (17 %).<\/p>\n<h2>Les non-dits pour pr\u00e9server la paix<\/h2>\n<p>Les r\u00e9sultats r\u00e9v\u00e8lent que la prudence est devenue la norme dans les chaumi\u00e8res.<\/p>\n<p>Une large majorit\u00e9 \u2014\u00a0<strong data-start=\"2284\" data-end=\"2334\">77 % des Canadien\u00b7nes, 78 % des Am\u00e9ricain\u00b7es <\/strong>\u2014 affirme avoir <strong data-start=\"2350\" data-end=\"2375\">d\u00e9j\u00e0 gard\u00e9 le silence<\/strong> lors d\u2019une discussion familiale pour \u00e9viter un conflit.<\/p>\n<p>Cependant, <strong>36 %<\/strong> des r\u00e9pondant\u00b7es avouent <strong>donner tout de m\u00eame leur opinion<\/strong> lorsqu\u2019un sujet chaud est abord\u00e9, m\u00eame si cela ravive les d\u00e9bats.<\/p>\n<p>\u00c0 l\u2019inverse, <strong data-start=\"2598\" data-end=\"2667\">un quart des participant\u00b7es <\/strong>\u2014<strong data-start=\"2598\" data-end=\"2667\"> 24 % au Canada et 25 % aux \u00c9tats-Unis <\/strong>\u2014\u00a0pr\u00e9f\u00e8rent <strong data-start=\"2678\" data-end=\"2698\">changer de sujet<\/strong> pour calmer le jeu.<\/p>\n<h2>Des conversations plus prudentes qu\u2019autrefois<\/h2>\n<p>Environ <strong>la moiti\u00e9 des Canadien\u00b7nes<\/strong> (52 %) et <strong>des Am\u00e9ricain\u00b7es<\/strong> (49 %) estiment que les gens sont <strong>plus prudents aujourd\u2019hui dans leurs conversations<\/strong> qu\u2019il y a quelques ann\u00e9es.<\/p>\n<p>Cette retenue accrue traduit une volont\u00e9 de <strong data-start=\"3016\" data-end=\"3050\">pr\u00e9server l\u2019harmonie familiale<\/strong>, mais aussi une conscience plus vive des <strong data-start=\"3092\" data-end=\"3118\">diff\u00e9rences d\u2019opinions<\/strong> et du <strong data-start=\"3125\" data-end=\"3151\">climat social polaris\u00e9<\/strong> qui s\u2019invite parfois jusque dans les salons pendant les F\u00eates.<\/p>\n<h3>M\u00e9thodologie<\/h3>\n<p>Ce sondage en ligne a \u00e9t\u00e9 r\u00e9alis\u00e9 aupr\u00e8s de 1 537 Canadien\u00b7nes et 1 016 Am\u00e9ricain\u00b7es \u00e2g\u00e9\u00b7es de 18 ans et plus.<\/p>\n<p>Les donn\u00e9es ont \u00e9t\u00e9 collect\u00e9es du 10 au 12 octobre 2025 au Canada et du 14 au 16 novembre 2025 aux \u00c9tats-Unis.<\/p>\n<p><span data-contrast=\"auto\">Les r\u00e9sultats ont \u00e9t\u00e9 pond\u00e9r\u00e9s selon l\u2019\u00e2ge, le genre, la langue maternelle, la r\u00e9gion, la scolarit\u00e9 et la pr\u00e9sence d\u2019enfants afin d\u2019assurer un \u00e9chantillon repr\u00e9sentatif des populations canadienne et am\u00e9ricaine.<\/span><\/p>\n<p><span data-contrast=\"auto\">Il n\u2019est pas possible de calculer une marge d\u2019erreur sur un \u00e9chantillon tir\u00e9 d\u2019un panel en ligne, mais \u00e0 des fins de comparaison, un \u00e9chantillon probabiliste de cette taille aurait une marge d\u2019erreur d\u2019au plus \u00b12,5% pour l\u2019\u00e9chantillon canadien (19 fois sur 20) et de \u00b13,1% pour l\u2019\u00e9chantillon am\u00e9ricain.<br \/><\/span><\/p>\n<p>[\/et_pb_text][\/et_pb_column][\/et_pb_row][\/et_pb_section]<\/p>\n","protected":false},"excerpt":{"rendered":"<p>\u00c0 l\u2019approche du temps des F\u00eates, les familles se pr\u00e9parent \u00e0 se retrouver autour de la table. M\u00eame si les discussions peuvent parfois s\u2019enflammer autour de la politique, de l\u2019argent ou d\u2019autres sujets sensibles, un nouveau sondage L\u00e9ger r\u00e9v\u00e8le qu\u2019une majorit\u00e9 de Canadiens continuent de voir ces moments partag\u00e9s comme essentiels. Malgr\u00e9 les divergences d\u2019opinions et les d\u00e9bats qui pimentent souvent les repas des F\u00eates, la convivialit\u00e9 et le besoin de proximit\u00e9 demeurent au c\u0153ur des traditions. Se r\u00e9unir en famille lors du temps des F\u00eates demeure essentiel pour la majorit\u00e9 73% des Canadien\u00b7nes affirment que se rassembler avec leur famille proche et \u00e9largie lors des grandes F\u00eates demeure important, et ce, malgr\u00e9 les \u00e9changes qui peuvent parfois engendrer des tensions autour de la table. Cette importance accord\u00e9e aux retrouvailles familiales reste forte \u00e0 travers toutes les g\u00e9n\u00e9rations, mais elle est l\u00e9g\u00e8rement plus marqu\u00e9e chez les personnes \u00e2g\u00e9es de 55 ans et plus (82 %). Les jeunes adultes demeurent attach\u00e9s \u00e0 ces moments, mais se montrent aussi un peu plus s\u00e9lectifs. L\u00e9ger a \u00e9galement men\u00e9 ce sondage aupr\u00e8s des Am\u00e9ricain\u00b7es, et les r\u00e9sultats se r\u00e9v\u00e8lent tr\u00e8s similaires \u00e0 ceux observ\u00e9s au Canada. Malgr\u00e9 le contexte politique et social actuel, 72% [&hellip;]<\/p>\n","protected":false},"author":12,"featured_media":26486,"comment_status":"closed","ping_status":"closed","sticky":false,"template":"","format":"standard","meta":{"_acf_changed":false,"_et_pb_use_builder":"on","_et_pb_old_content":"","_et_gb_content_width":"","content-type":"","inline_featured_image":false,"footnotes":""},"categories":[35],"tags":[181,175,176,182,179,180,177,155,66,174,178],"post_language_cat":[42],"class_list":["post-26496","post","type-post","status-publish","format-standard","has-post-thumbnail","hentry","category-in-the-news","tag-discussions-autour-de-la-table","tag-fetes-2025","tag-opinion-publique-fetes","tag-politique-autour-de-la-table","tag-rassemblements-familiaux","tag-repas-des-fetes","tag-reunions-familiales","tag-sondage-leger","tag-sondages","tag-temps-des-fetes","tag-traditions-temps-des-fetes","post_language_cat-fr-in-the-news"],"acf":[],"yoast_head":"<!-- This site is optimized with the Yoast SEO Premium plugin v27.5 (Yoast SEO v27.5) - https:\/\/yoast.com\/product\/yoast-seo-premium-wordpress\/ -->\n<title>Temps des f\u00eates: les r\u00e9unions familiales jug\u00e9es importantes - L\u00e9ger<\/title>\n<meta name=\"description\" content=\"Un sondage L\u00e9ger r\u00e9v\u00e8le que plus de 70 % des Canadiens jugent les rassemblements du temps des F\u00eates essentiels, malgr\u00e9 les tensions.\" \/>\n<meta name=\"robots\" content=\"index, follow, max-snippet:-1, max-image-preview:large, max-video-preview:-1\" \/>\n<link rel=\"canonical\" href=\"https:\/\/leger360.com\/fr\/dernieres-nouvelles-temps-des-fetes-reunions-familiales-2025\/\" \/>\n<meta property=\"og:locale\" content=\"fr_CA\" \/>\n<meta property=\"og:type\" content=\"article\" \/>\n<meta property=\"og:title\" content=\"Temps des F\u00eates : les r\u00e9unions familiales toujours aussi importantes pour les Canadiens\" \/>\n<meta property=\"og:description\" content=\"Un sondage L\u00e9ger r\u00e9v\u00e8le que plus de 70 % des Canadiens jugent les rassemblements du temps des F\u00eates essentiels, malgr\u00e9 les tensions.\" \/>\n<meta property=\"og:url\" content=\"https:\/\/leger360.com\/fr\/dernieres-nouvelles-temps-des-fetes-reunions-familiales-2025\/\" \/>\n<meta property=\"og:site_name\" content=\"Leger\" \/>\n<meta property=\"article:publisher\" content=\"https:\/\/www.facebook.com\/leger360\/\" \/>\n<meta property=\"article:published_time\" content=\"2025-11-24T22:01:48+00:00\" \/>\n<meta property=\"article:modified_time\" content=\"2025-11-25T19:50:42+00:00\" \/>\n<meta property=\"og:image\" content=\"https:\/\/leger360.com\/wp-content\/uploads\/2025\/11\/Holidays-Family-Gatherings-scaled.jpg\" \/>\n\t<meta property=\"og:image:width\" content=\"2560\" \/>\n\t<meta property=\"og:image:height\" content=\"1350\" \/>\n\t<meta property=\"og:image:type\" content=\"image\/jpeg\" \/>\n<meta name=\"author\" content=\"Daphn\u00e9e Malboeuf\" \/>\n<meta name=\"twitter:card\" content=\"summary_large_image\" \/>\n<meta name=\"twitter:creator\" content=\"@leger360\" \/>\n<meta name=\"twitter:site\" content=\"@leger360\" \/>\n<meta name=\"twitter:label1\" content=\"\u00c9crit par\" \/>\n\t<meta name=\"twitter:data1\" content=\"Daphn\u00e9e Malboeuf\" \/>\n\t<meta name=\"twitter:label2\" content=\"Estimation du temps de lecture\" \/>\n\t<meta name=\"twitter:data2\" content=\"4 minutes\" \/>\n<script type=\"application\/ld+json\" class=\"yoast-schema-graph\">{\"@context\":\"https:\\\/\\\/schema.org\",\"@graph\":[{\"@type\":\"Article\",\"@id\":\"https:\\\/\\\/leger360.com\\\/fr\\\/dernieres-nouvelles-temps-des-fetes-reunions-familiales-2025\\\/#article\",\"isPartOf\":{\"@id\":\"https:\\\/\\\/leger360.com\\\/fr\\\/dernieres-nouvelles-temps-des-fetes-reunions-familiales-2025\\\/\"},\"author\":{\"name\":\"Daphn\u00e9e Malboeuf\",\"@id\":\"https:\\\/\\\/leger360.com\\\/fr\\\/#\\\/schema\\\/person\\\/c6208ecb57876af9652d81aadd00749f\"},\"headline\":\"Temps des F\u00eates : les r\u00e9unions familiales toujours aussi importantes pour les Canadiens\",\"datePublished\":\"2025-11-24T22:01:48+00:00\",\"dateModified\":\"2025-11-25T19:50:42+00:00\",\"mainEntityOfPage\":{\"@id\":\"https:\\\/\\\/leger360.com\\\/fr\\\/dernieres-nouvelles-temps-des-fetes-reunions-familiales-2025\\\/\"},\"wordCount\":940,\"publisher\":{\"@id\":\"https:\\\/\\\/leger360.com\\\/fr\\\/#organization\"},\"image\":{\"@id\":\"https:\\\/\\\/leger360.com\\\/fr\\\/dernieres-nouvelles-temps-des-fetes-reunions-familiales-2025\\\/#primaryimage\"},\"thumbnailUrl\":\"https:\\\/\\\/leger360.com\\\/wp-content\\\/uploads\\\/2025\\\/11\\\/Holidays-Family-Gatherings-scaled.jpg\",\"keywords\":[\"Discussions autour de la table\",\"F\u00eates 2025\",\"Opinion Publique F\u00eates\",\"Politique autour de la table\",\"rassemblements familiaux\",\"repas des F\u00eates\",\"R\u00e9unions Familiales\",\"Sondage L\u00e9ger\",\"sondages\",\"temps des f\u00eates\",\"traditions temps des f\u00eates\"],\"articleSection\":[\"In the news\"],\"inLanguage\":\"fr-CA\"},{\"@type\":\"WebPage\",\"@id\":\"https:\\\/\\\/leger360.com\\\/fr\\\/dernieres-nouvelles-temps-des-fetes-reunions-familiales-2025\\\/\",\"url\":\"https:\\\/\\\/leger360.com\\\/fr\\\/dernieres-nouvelles-temps-des-fetes-reunions-familiales-2025\\\/\",\"name\":\"Temps des f\u00eates: les r\u00e9unions familiales jug\u00e9es importantes - L\u00e9ger\",\"isPartOf\":{\"@id\":\"https:\\\/\\\/leger360.com\\\/fr\\\/#website\"},\"primaryImageOfPage\":{\"@id\":\"https:\\\/\\\/leger360.com\\\/fr\\\/dernieres-nouvelles-temps-des-fetes-reunions-familiales-2025\\\/#primaryimage\"},\"image\":{\"@id\":\"https:\\\/\\\/leger360.com\\\/fr\\\/dernieres-nouvelles-temps-des-fetes-reunions-familiales-2025\\\/#primaryimage\"},\"thumbnailUrl\":\"https:\\\/\\\/leger360.com\\\/wp-content\\\/uploads\\\/2025\\\/11\\\/Holidays-Family-Gatherings-scaled.jpg\",\"datePublished\":\"2025-11-24T22:01:48+00:00\",\"dateModified\":\"2025-11-25T19:50:42+00:00\",\"description\":\"Un sondage L\u00e9ger r\u00e9v\u00e8le que plus de 70 % des Canadiens jugent les rassemblements du temps des F\u00eates essentiels, malgr\u00e9 les tensions.\",\"breadcrumb\":{\"@id\":\"https:\\\/\\\/leger360.com\\\/fr\\\/dernieres-nouvelles-temps-des-fetes-reunions-familiales-2025\\\/#breadcrumb\"},\"inLanguage\":\"fr-CA\",\"potentialAction\":[{\"@type\":\"ReadAction\",\"target\":[\"https:\\\/\\\/leger360.com\\\/fr\\\/dernieres-nouvelles-temps-des-fetes-reunions-familiales-2025\\\/\"]}]},{\"@type\":\"ImageObject\",\"inLanguage\":\"fr-CA\",\"@id\":\"https:\\\/\\\/leger360.com\\\/fr\\\/dernieres-nouvelles-temps-des-fetes-reunions-familiales-2025\\\/#primaryimage\",\"url\":\"https:\\\/\\\/leger360.com\\\/wp-content\\\/uploads\\\/2025\\\/11\\\/Holidays-Family-Gatherings-scaled.jpg\",\"contentUrl\":\"https:\\\/\\\/leger360.com\\\/wp-content\\\/uploads\\\/2025\\\/11\\\/Holidays-Family-Gatherings-scaled.jpg\",\"width\":2560,\"height\":1350,\"caption\":\"Un sondage L\u00e9ger r\u00e9v\u00e8le que plus de 70 % des Canadiens jugent les rassemblements du temps des F\u00eates essentiels, malgr\u00e9 les tensions autour de la table.\"},{\"@type\":\"BreadcrumbList\",\"@id\":\"https:\\\/\\\/leger360.com\\\/fr\\\/dernieres-nouvelles-temps-des-fetes-reunions-familiales-2025\\\/#breadcrumb\",\"itemListElement\":[{\"@type\":\"ListItem\",\"position\":1,\"name\":\"Home\",\"item\":\"https:\\\/\\\/leger360.com\\\/fr\\\/\"},{\"@type\":\"ListItem\",\"position\":2,\"name\":\"Temps des F\u00eates : les r\u00e9unions familiales toujours aussi importantes pour les Canadiens\"}]},{\"@type\":\"WebSite\",\"@id\":\"https:\\\/\\\/leger360.com\\\/fr\\\/#website\",\"url\":\"https:\\\/\\\/leger360.com\\\/fr\\\/\",\"name\":\"Leger\",\"description\":\"Market Research | Data Analytics\",\"publisher\":{\"@id\":\"https:\\\/\\\/leger360.com\\\/fr\\\/#organization\"},\"potentialAction\":[{\"@type\":\"SearchAction\",\"target\":{\"@type\":\"EntryPoint\",\"urlTemplate\":\"https:\\\/\\\/leger360.com\\\/fr\\\/?s={search_term_string}\"},\"query-input\":{\"@type\":\"PropertyValueSpecification\",\"valueRequired\":true,\"valueName\":\"search_term_string\"}}],\"inLanguage\":\"fr-CA\"},{\"@type\":\"Organization\",\"@id\":\"https:\\\/\\\/leger360.com\\\/fr\\\/#organization\",\"name\":\"Leger\",\"url\":\"https:\\\/\\\/leger360.com\\\/fr\\\/\",\"logo\":{\"@type\":\"ImageObject\",\"inLanguage\":\"fr-CA\",\"@id\":\"https:\\\/\\\/leger360.com\\\/fr\\\/#\\\/schema\\\/logo\\\/image\\\/\",\"url\":\"https:\\\/\\\/leger360.com\\\/wp-content\\\/uploads\\\/2024\\\/04\\\/2022-Logo-Leger-Blackred-g.png\",\"contentUrl\":\"https:\\\/\\\/leger360.com\\\/wp-content\\\/uploads\\\/2024\\\/04\\\/2022-Logo-Leger-Blackred-g.png\",\"width\":1195,\"height\":686,\"caption\":\"Leger\"},\"image\":{\"@id\":\"https:\\\/\\\/leger360.com\\\/fr\\\/#\\\/schema\\\/logo\\\/image\\\/\"},\"sameAs\":[\"https:\\\/\\\/www.facebook.com\\\/leger360\\\/\",\"https:\\\/\\\/x.com\\\/leger360\",\"https:\\\/\\\/www.linkedin.com\\\/company\\\/leger360\\\/\"],\"description\":\"Leger is one of North America\u2019s fastest-growing market research companies, known for our forward-thinking experts and innovative approaches powered by artificial intelligence (AI) technologies.\"},{\"@type\":\"Person\",\"@id\":\"https:\\\/\\\/leger360.com\\\/fr\\\/#\\\/schema\\\/person\\\/c6208ecb57876af9652d81aadd00749f\",\"name\":\"Daphn\u00e9e Malboeuf\",\"image\":{\"@type\":\"ImageObject\",\"inLanguage\":\"fr-CA\",\"@id\":\"https:\\\/\\\/secure.gravatar.com\\\/avatar\\\/205fe405426f600da6d7abba710f876cf1bfecbdefc77d2d394313a49e595dfc?s=96&d=mm&r=g\",\"url\":\"https:\\\/\\\/secure.gravatar.com\\\/avatar\\\/205fe405426f600da6d7abba710f876cf1bfecbdefc77d2d394313a49e595dfc?s=96&d=mm&r=g\",\"contentUrl\":\"https:\\\/\\\/secure.gravatar.com\\\/avatar\\\/205fe405426f600da6d7abba710f876cf1bfecbdefc77d2d394313a49e595dfc?s=96&d=mm&r=g\",\"caption\":\"Daphn\u00e9e Malboeuf\"}}]}<\/script>\n<!-- \/ Yoast SEO Premium plugin. -->","yoast_head_json":{"title":"Temps des f\u00eates: les r\u00e9unions familiales jug\u00e9es importantes - L\u00e9ger","description":"Un sondage L\u00e9ger r\u00e9v\u00e8le que plus de 70 % des Canadiens jugent les rassemblements du temps des F\u00eates essentiels, malgr\u00e9 les tensions.","robots":{"index":"index","follow":"follow","max-snippet":"max-snippet:-1","max-image-preview":"max-image-preview:large","max-video-preview":"max-video-preview:-1"},"canonical":"https:\/\/leger360.com\/fr\/dernieres-nouvelles-temps-des-fetes-reunions-familiales-2025\/","og_locale":"fr_CA","og_type":"article","og_title":"Temps des F\u00eates : les r\u00e9unions familiales toujours aussi importantes pour les Canadiens","og_description":"Un sondage L\u00e9ger r\u00e9v\u00e8le que plus de 70 % des Canadiens jugent les rassemblements du temps des F\u00eates essentiels, malgr\u00e9 les tensions.","og_url":"https:\/\/leger360.com\/fr\/dernieres-nouvelles-temps-des-fetes-reunions-familiales-2025\/","og_site_name":"Leger","article_publisher":"https:\/\/www.facebook.com\/leger360\/","article_published_time":"2025-11-24T22:01:48+00:00","article_modified_time":"2025-11-25T19:50:42+00:00","og_image":[{"width":2560,"height":1350,"url":"https:\/\/leger360.com\/wp-content\/uploads\/2025\/11\/Holidays-Family-Gatherings-scaled.jpg","type":"image\/jpeg"}],"author":"Daphn\u00e9e Malboeuf","twitter_card":"summary_large_image","twitter_creator":"@leger360","twitter_site":"@leger360","twitter_misc":{"\u00c9crit par":"Daphn\u00e9e Malboeuf","Estimation du temps de lecture":"4 minutes"},"schema":{"@context":"https:\/\/schema.org","@graph":[{"@type":"Article","@id":"https:\/\/leger360.com\/fr\/dernieres-nouvelles-temps-des-fetes-reunions-familiales-2025\/#article","isPartOf":{"@id":"https:\/\/leger360.com\/fr\/dernieres-nouvelles-temps-des-fetes-reunions-familiales-2025\/"},"author":{"name":"Daphn\u00e9e Malboeuf","@id":"https:\/\/leger360.com\/fr\/#\/schema\/person\/c6208ecb57876af9652d81aadd00749f"},"headline":"Temps des F\u00eates : les r\u00e9unions familiales toujours aussi importantes pour les Canadiens","datePublished":"2025-11-24T22:01:48+00:00","dateModified":"2025-11-25T19:50:42+00:00","mainEntityOfPage":{"@id":"https:\/\/leger360.com\/fr\/dernieres-nouvelles-temps-des-fetes-reunions-familiales-2025\/"},"wordCount":940,"publisher":{"@id":"https:\/\/leger360.com\/fr\/#organization"},"image":{"@id":"https:\/\/leger360.com\/fr\/dernieres-nouvelles-temps-des-fetes-reunions-familiales-2025\/#primaryimage"},"thumbnailUrl":"https:\/\/leger360.com\/wp-content\/uploads\/2025\/11\/Holidays-Family-Gatherings-scaled.jpg","keywords":["Discussions autour de la table","F\u00eates 2025","Opinion Publique F\u00eates","Politique autour de la table","rassemblements familiaux","repas des F\u00eates","R\u00e9unions Familiales","Sondage L\u00e9ger","sondages","temps des f\u00eates","traditions temps des f\u00eates"],"articleSection":["In the news"],"inLanguage":"fr-CA"},{"@type":"WebPage","@id":"https:\/\/leger360.com\/fr\/dernieres-nouvelles-temps-des-fetes-reunions-familiales-2025\/","url":"https:\/\/leger360.com\/fr\/dernieres-nouvelles-temps-des-fetes-reunions-familiales-2025\/","name":"Temps des f\u00eates: les r\u00e9unions familiales jug\u00e9es importantes - L\u00e9ger","isPartOf":{"@id":"https:\/\/leger360.com\/fr\/#website"},"primaryImageOfPage":{"@id":"https:\/\/leger360.com\/fr\/dernieres-nouvelles-temps-des-fetes-reunions-familiales-2025\/#primaryimage"},"image":{"@id":"https:\/\/leger360.com\/fr\/dernieres-nouvelles-temps-des-fetes-reunions-familiales-2025\/#primaryimage"},"thumbnailUrl":"https:\/\/leger360.com\/wp-content\/uploads\/2025\/11\/Holidays-Family-Gatherings-scaled.jpg","datePublished":"2025-11-24T22:01:48+00:00","dateModified":"2025-11-25T19:50:42+00:00","description":"Un sondage L\u00e9ger r\u00e9v\u00e8le que plus de 70 % des Canadiens jugent les rassemblements du temps des F\u00eates essentiels, malgr\u00e9 les tensions.","breadcrumb":{"@id":"https:\/\/leger360.com\/fr\/dernieres-nouvelles-temps-des-fetes-reunions-familiales-2025\/#breadcrumb"},"inLanguage":"fr-CA","potentialAction":[{"@type":"ReadAction","target":["https:\/\/leger360.com\/fr\/dernieres-nouvelles-temps-des-fetes-reunions-familiales-2025\/"]}]},{"@type":"ImageObject","inLanguage":"fr-CA","@id":"https:\/\/leger360.com\/fr\/dernieres-nouvelles-temps-des-fetes-reunions-familiales-2025\/#primaryimage","url":"https:\/\/leger360.com\/wp-content\/uploads\/2025\/11\/Holidays-Family-Gatherings-scaled.jpg","contentUrl":"https:\/\/leger360.com\/wp-content\/uploads\/2025\/11\/Holidays-Family-Gatherings-scaled.jpg","width":2560,"height":1350,"caption":"Un sondage L\u00e9ger r\u00e9v\u00e8le que plus de 70 % des Canadiens jugent les rassemblements du temps des F\u00eates essentiels, malgr\u00e9 les tensions autour de la table."},{"@type":"BreadcrumbList","@id":"https:\/\/leger360.com\/fr\/dernieres-nouvelles-temps-des-fetes-reunions-familiales-2025\/#breadcrumb","itemListElement":[{"@type":"ListItem","position":1,"name":"Home","item":"https:\/\/leger360.com\/fr\/"},{"@type":"ListItem","position":2,"name":"Temps des F\u00eates : les r\u00e9unions familiales toujours aussi importantes pour les Canadiens"}]},{"@type":"WebSite","@id":"https:\/\/leger360.com\/fr\/#website","url":"https:\/\/leger360.com\/fr\/","name":"Leger","description":"Market Research | Data Analytics","publisher":{"@id":"https:\/\/leger360.com\/fr\/#organization"},"potentialAction":[{"@type":"SearchAction","target":{"@type":"EntryPoint","urlTemplate":"https:\/\/leger360.com\/fr\/?s={search_term_string}"},"query-input":{"@type":"PropertyValueSpecification","valueRequired":true,"valueName":"search_term_string"}}],"inLanguage":"fr-CA"},{"@type":"Organization","@id":"https:\/\/leger360.com\/fr\/#organization","name":"Leger","url":"https:\/\/leger360.com\/fr\/","logo":{"@type":"ImageObject","inLanguage":"fr-CA","@id":"https:\/\/leger360.com\/fr\/#\/schema\/logo\/image\/","url":"https:\/\/leger360.com\/wp-content\/uploads\/2024\/04\/2022-Logo-Leger-Blackred-g.png","contentUrl":"https:\/\/leger360.com\/wp-content\/uploads\/2024\/04\/2022-Logo-Leger-Blackred-g.png","width":1195,"height":686,"caption":"Leger"},"image":{"@id":"https:\/\/leger360.com\/fr\/#\/schema\/logo\/image\/"},"sameAs":["https:\/\/www.facebook.com\/leger360\/","https:\/\/x.com\/leger360","https:\/\/www.linkedin.com\/company\/leger360\/"],"description":"Leger is one of North America\u2019s fastest-growing market research companies, known for our forward-thinking experts and innovative approaches powered by artificial intelligence (AI) technologies."},{"@type":"Person","@id":"https:\/\/leger360.com\/fr\/#\/schema\/person\/c6208ecb57876af9652d81aadd00749f","name":"Daphn\u00e9e Malboeuf","image":{"@type":"ImageObject","inLanguage":"fr-CA","@id":"https:\/\/secure.gravatar.com\/avatar\/205fe405426f600da6d7abba710f876cf1bfecbdefc77d2d394313a49e595dfc?s=96&d=mm&r=g","url":"https:\/\/secure.gravatar.com\/avatar\/205fe405426f600da6d7abba710f876cf1bfecbdefc77d2d394313a49e595dfc?s=96&d=mm&r=g","contentUrl":"https:\/\/secure.gravatar.com\/avatar\/205fe405426f600da6d7abba710f876cf1bfecbdefc77d2d394313a49e595dfc?s=96&d=mm&r=g","caption":"Daphn\u00e9e Malboeuf"}}]}},"_links":{"self":[{"href":"https:\/\/leger360.com\/fr\/wp-json\/wp\/v2\/posts\/26496","targetHints":{"allow":["GET"]}}],"collection":[{"href":"https:\/\/leger360.com\/fr\/wp-json\/wp\/v2\/posts"}],"about":[{"href":"https:\/\/leger360.com\/fr\/wp-json\/wp\/v2\/types\/post"}],"author":[{"embeddable":true,"href":"https:\/\/leger360.com\/fr\/wp-json\/wp\/v2\/users\/12"}],"replies":[{"embeddable":true,"href":"https:\/\/leger360.com\/fr\/wp-json\/wp\/v2\/comments?post=26496"}],"version-history":[{"count":0,"href":"https:\/\/leger360.com\/fr\/wp-json\/wp\/v2\/posts\/26496\/revisions"}],"wp:featuredmedia":[{"embeddable":true,"href":"https:\/\/leger360.com\/fr\/wp-json\/wp\/v2\/media\/26486"}],"wp:attachment":[{"href":"https:\/\/leger360.com\/fr\/wp-json\/wp\/v2\/media?parent=26496"}],"wp:term":[{"taxonomy":"category","embeddable":true,"href":"https:\/\/leger360.com\/fr\/wp-json\/wp\/v2\/categories?post=26496"},{"taxonomy":"post_tag","embeddable":true,"href":"https:\/\/leger360.com\/fr\/wp-json\/wp\/v2\/tags?post=26496"},{"taxonomy":"post_language_cat","embeddable":true,"href":"https:\/\/leger360.com\/fr\/wp-json\/wp\/v2\/post_language_cat?post=26496"}],"curies":[{"name":"wp","href":"https:\/\/api.w.org\/{rel}","templated":true}]}}