{"id":26663,"date":"2025-12-22T12:17:33","date_gmt":"2025-12-22T17:17:33","guid":{"rendered":"https:\/\/leger360.com\/?p=26663"},"modified":"2025-12-22T12:17:42","modified_gmt":"2025-12-22T17:17:42","slug":"dernieres-nouvelles-temps-des-fetes-canada-2025","status":"publish","type":"post","link":"https:\/\/leger360.com\/fr\/dernieres-nouvelles-temps-des-fetes-canada-2025\/","title":{"rendered":"Temps des F\u00eates : un moment pr\u00e9cieux, mais stressant pour de nombreux Canadiens et Canadiennes"},"content":{"rendered":"<p>[et_pb_section fb_built=\u00a0\u00bb1&Prime; _builder_version=\u00a0\u00bb4.27.4&Prime; _module_preset=\u00a0\u00bbdefault\u00a0\u00bb global_colors_info=\u00a0\u00bb{}\u00a0\u00bb][et_pb_row _builder_version=\u00a0\u00bb4.27.4&Prime; _module_preset=\u00a0\u00bbdefault\u00a0\u00bb global_colors_info=\u00a0\u00bb{}\u00a0\u00bb][et_pb_column type=\u00a0\u00bb4_4&Prime; _builder_version=\u00a0\u00bb4.27.4&Prime; _module_preset=\u00a0\u00bbdefault\u00a0\u00bb global_colors_info=\u00a0\u00bb{}\u00a0\u00bb][et_pb_text _builder_version=\u00a0\u00bb4.27.5&Prime; _module_preset=\u00a0\u00bbdefault\u00a0\u00bb custom_margin=\u00a0\u00bb-85px||||false|false\u00a0\u00bb global_colors_info=\u00a0\u00bb{}\u00a0\u00bb]<\/p>\n<p>\u00c0 l\u2019approche du temps des F\u00eates, <a href=\"https:\/\/leger360.com\/wp-content\/uploads\/2025\/12\/Leger_CelebrationsFetes_Dec2025.pdf\" target=\"_blank\" rel=\"noopener\">un nouveau sondage L\u00e9ger<\/a> r\u00e9v\u00e8le que les Canadien\u00b7nes abordent cette p\u00e9riode avec des sentiments partag\u00e9s. Si plusieurs y voient <a href=\"https:\/\/leger360.com\/fr\/dernieres-nouvelles-temps-des-fetes-reunions-familiales-2025\/\" target=\"_blank\" rel=\"noopener\">un moment de r\u00e9jouissances et de plaisir<\/a>, d&rsquo;autres l&rsquo;associent plut\u00f4t au stress, \u00e0 l\u2019inqui\u00e9tude ou \u00e0 la fatigue.<\/p>\n<p>Selon les r\u00e9sultats, <strong>33%<\/strong> des Canadien\u00b7nes se disent tr\u00e8s enthousiastes \u00e0 l\u2019id\u00e9e de c\u00e9l\u00e9brer les F\u00eates, tandis que <strong>38%<\/strong> appr\u00e9cient la p\u00e9riode, mais se r\u00e9jouissent lorsqu\u2019elle se termine. \u00c0 l\u2019inverse, <strong>23%<\/strong> expriment un malaise li\u00e9 \u00e0 la commercialisation ou \u00e0 la pression entourant l\u2019organisation des F\u00eates, et <strong>6%<\/strong> ne c\u00e9l\u00e8brent pas cette p\u00e9riode.<\/p>\n<p>Bien qu\u2019ancr\u00e9es dans les traditions, les r\u00e9sultats montrent que les F\u00eates suscitent des r\u00e9actions contrast\u00e9es, selon les contextes.<\/p>\n<p>[\/et_pb_text][et_pb_image src=\u00a0\u00bbhttps:\/\/leger360.com\/wp-content\/uploads\/2025\/11\/Holidays-Family-Gathering-LegerLogo.png\u00a0\u00bb alt=\u00a0\u00bbC\u00e9l\u00e9brations temps des f\u00eates | Holiday Season Celebrations\u00a0\u00bb title_text=\u00a0\u00bbHolidays-Family-Gathering-LegerLogo\u00a0\u00bb url=\u00a0\u00bbhttps:\/\/leger360.com\/wp-content\/uploads\/2025\/12\/Leger_CelebrationsFetes_Dec2025.pdf\u00a0\u00bb url_new_window=\u00a0\u00bbon\u00a0\u00bb _builder_version=\u00a0\u00bb4.27.5&Prime; _module_preset=\u00a0\u00bbdefault\u00a0\u00bb border_radii=\u00a0\u00bbon|10px|10px|10px|10px\u00a0\u00bb global_colors_info=\u00a0\u00bb{}\u00a0\u00bb][\/et_pb_image][et_pb_button button_url=\u00a0\u00bbhttps:\/\/leger360.com\/wp-content\/uploads\/2025\/12\/Leger_CelebrationsFetes_Dec2025.pdf\u00a0\u00bb url_new_window=\u00a0\u00bbon\u00a0\u00bb button_text=\u00a0\u00bbT\u00e9l\u00e9chargez le rapport pour en apprendre plus\u00a0\u00bb button_alignment=\u00a0\u00bbcenter\u00a0\u00bb _builder_version=\u00a0\u00bb4.27.5&Prime; _module_preset=\u00a0\u00bbdefault\u00a0\u00bb locked=\u00a0\u00bboff\u00a0\u00bb global_colors_info=\u00a0\u00bb{}\u00a0\u00bb][\/et_pb_button][et_pb_text _builder_version=\u00a0\u00bb4.27.5&Prime; _module_preset=\u00a0\u00bbdefault\u00a0\u00bb global_colors_info=\u00a0\u00bb{}\u00a0\u00bb]<\/p>\n<h2>Quand le stress s&rsquo;invite aux r\u00e9unions du temps des F\u00eates<\/h2>\n<p data-start=\"736\" data-end=\"1043\">Derri\u00e8re l&rsquo;esprit festif, le temps des F\u00eates est aussi <a href=\"https:\/\/www.985fm.ca\/audio\/744708\/vivez-vous-un-epuisement-des-fetes\" target=\"_blank\" rel=\"noopener\">synonyme de stress<\/a> pour plusieurs : <strong>79%<\/strong> des personnes qui le c\u00e9l\u00e8brent disent en ressentir au moins une forme durant cette p\u00e9riode.<\/p>\n<p data-start=\"736\" data-end=\"1043\">Les principales sources de stress \u00e9voqu\u00e9es sont :<\/p>\n<ul>\n<li style=\"list-style-type: none;\">\n<ul>\n<li>la pression financi\u00e8re (<strong>34%<\/strong>)<\/li>\n<li>les obligations familiales (<strong>15%<\/strong>)<\/li>\n<li>le manque de temps (<strong>12%<\/strong>)<\/li>\n<\/ul>\n<\/li>\n<\/ul>\n<p>Les <strong>femmes<\/strong> (<strong>83%<\/strong>) et les personnes \u00e2g\u00e9es entre <strong>18-34<\/strong> ans (<strong>89%<\/strong>) et entre <strong>35-54<\/strong> ans (<strong>83%<\/strong>) sont les plus susceptibles de ressentir ce stress.<\/p>\n<ul><\/ul>\n<p>[\/et_pb_text][et_pb_text _builder_version=\u00a0\u00bb4.27.5&Prime; _module_preset=\u00a0\u00bbdefault\u00a0\u00bb hover_enabled=\u00a0\u00bb0&Prime; global_colors_info=\u00a0\u00bb{}\u00a0\u00bb sticky_enabled=\u00a0\u00bb0&Prime;]<\/p>\n<h2>Des traditions toujours bien ancr\u00e9es<\/h2>\n<p data-start=\"736\" data-end=\"1043\">Malgr\u00e9 les nombreux facteurs de stress, les Canadien\u00b7nes demeurent profond\u00e9ment attach\u00e9s aux traditions et continuent de valoriser les activit\u00e9s qui s&rsquo;y rattachent.<\/p>\n<p data-start=\"736\" data-end=\"1043\">Parmi les Canadien\u00b7nes qui c\u00e9l\u00e8brent le temps des F\u00eates :<\/p>\n<ul>\n<li style=\"list-style-type: none;\">\n<ul>\n<li data-start=\"736\" data-end=\"1043\"><strong>74%<\/strong> pr\u00e9voient un repas sp\u00e9cial<\/li>\n<li data-start=\"736\" data-end=\"1043\"><strong>64%<\/strong> d\u00e9corent leur domicile<\/li>\n<li data-start=\"736\" data-end=\"1043\"><strong>31%<\/strong> s\u2019attendent \u00e0 voyager<\/li>\n<li data-start=\"736\" data-end=\"1043\"><strong>19%<\/strong> assisteront \u00e0 un service religieux<\/li>\n<\/ul>\n<\/li>\n<\/ul>\n<p>Seuls <strong>8%<\/strong> des r\u00e9pondant\u00b7es indiquent ne pr\u00e9voir aucune de ces activit\u00e9s.<\/p>\n<h3>Le sapin de No\u00ebl, un incontournable<\/h3>\n<p data-start=\"736\" data-end=\"1043\">Le sapin demeure un symbole fort du temps des F\u00eates. Parmi les personnes qui c\u00e9l\u00e8brent :<\/p>\n<ul>\n<li style=\"list-style-type: none;\">\n<ul>\n<li data-start=\"736\" data-end=\"1043\"><strong>74%<\/strong> installeront un sapin<\/li>\n<li data-start=\"736\" data-end=\"1043\"><strong>62%<\/strong> opteront pour un arbre artificiel<\/li>\n<li data-start=\"736\" data-end=\"1043\"><strong>10%<\/strong> choisiront un sapin naturel<\/li>\n<li data-start=\"736\" data-end=\"1043\"><strong>26%<\/strong> n\u2019installeront aucun sapin<\/li>\n<\/ul>\n<\/li>\n<\/ul>\n<h3>R\u00e9solutions du Nouvel An : une pratique peu ancr\u00e9e dans les habitudes<\/h3>\n<p>Le passage \u00e0 la nouvelle ann\u00e9e ne s\u2019accompagne pas n\u00e9cessairement de r\u00e9solutions.<\/p>\n<p>Seulement <strong>24%<\/strong> des Canadien\u00b7nes pr\u00e9voient prendre des r\u00e9solutions du Nouvel An, alors que <strong>44%<\/strong> n\u2019en prennent pas, <strong>21%<\/strong> n&rsquo;en prennent jamais et que <strong>12%<\/strong> ne sont pas certains. La p\u00e9riode des F\u00eates demeure donc davantage un moment de c\u00e9l\u00e9bration que de remise en question personnelle pour la majorit\u00e9.<\/p>\n<h2>No\u00ebl, P\u00e2ques et diversit\u00e9 religieuse : un attachement marqu\u00e9<\/h2>\n<p data-start=\"736\" data-end=\"1043\">Dans un Canada de plus en plus diversifi\u00e9, les opinions sur les jours f\u00e9ri\u00e9s religieux sont claires :<\/p>\n<ul>\n<li style=\"list-style-type: none;\">\n<ul>\n<li data-start=\"736\" data-end=\"1043\"><strong>67%<\/strong> des Canadien\u00b7nes souhaitent que No\u00ebl et P\u00e2ques demeurent des jours f\u00e9ri\u00e9s<\/li>\n<li data-start=\"736\" data-end=\"1043\"><strong>20%<\/strong> appuient l\u2019ajout de f\u00eates issues d\u2019autres traditions religieuses<\/li>\n<li data-start=\"736\" data-end=\"1043\"><strong>6%<\/strong> souhaitent r\u00e9duire le nombre de f\u00eates religieuses<\/li>\n<\/ul>\n<\/li>\n<\/ul>\n<p>Une forte majorit\u00e9 de Qu\u00e9b\u00e9cois\u00b7es (<strong>76%<\/strong>) et de Canadien\u00b7nes de 55 ans et plus (<strong>78%<\/strong>) soutiennent le maintien de No\u00ebl et de P\u00e2ques comme jours f\u00e9ri\u00e9s.<\/p>\n<h2>\u00ab Joyeux No\u00ebl \u00bb ou \u00ab Joyeuses F\u00eates \u00bb : un d\u00e9bat g\u00e9n\u00e9rationnel<\/h2>\n<p data-start=\"736\" data-end=\"1043\">La question du langage inclusif durant le temps des F\u00eates divise davantage et demeure <a href=\"https:\/\/www.lapresse.ca\/societe\/traditions-de-noel\/reflexions-en-trois-temps\/2025-12-14\/traditions-de-noel\/le-temps-des-fetes-selon-4-generations.php\" target=\"_blank\" rel=\"noopener\">un d\u00e9bat g\u00e9n\u00e9rationnel<\/a>.<\/p>\n<ul>\n<li style=\"list-style-type: none;\">\n<ul>\n<li><strong>53%<\/strong> estiment que l\u2019on devrait dire \u00ab Joyeux No\u00ebl \u00bb<\/li>\n<li><strong>20%<\/strong> pr\u00e9f\u00e8rent dire \u00ab Joyeuses F\u00eates \u00bb pour des raisons d\u2019inclusivit\u00e9<\/li>\n<li><strong>25%<\/strong> n\u2019ont aucune pr\u00e9f\u00e9rence<\/li>\n<\/ul>\n<\/li>\n<\/ul>\n<p>Les pr\u00e9f\u00e9rences varient selon l\u2019\u00e2ge :<\/p>\n<ul>\n<li style=\"list-style-type: none;\">\n<ul>\n<li><strong>63%<\/strong> des 55 ans et plus privil\u00e9gient \u00ab Joyeux No\u00ebl \u00bb<\/li>\n<li><strong>33%<\/strong> des 18 \u00e0 34 ans pr\u00e9f\u00e8rent employer \u00ab Joyeuses F\u00eates \u00bb (33 %)<\/li>\n<\/ul>\n<\/li>\n<\/ul>\n<p>Le temps des F\u00eates demeure une p\u00e9riode profond\u00e9ment ancr\u00e9e dans les habitudes des Canadien\u00b7nes : riche en traditions, en rassemblements et en symboles. Toutefois, cette p\u00e9riode est aussi marqu\u00e9e par une pression financi\u00e8re et organisationnelle importante, ainsi que par des d\u00e9bats sociaux sur la place des traditions et du langage inclusif. Comme quoi, le\u00a0temps des F\u00eates continue de refl\u00e9ter les transformations de la soci\u00e9t\u00e9 canadienne.<\/p>\n<h3>M\u00e9thodologie<\/h3>\n<p data-start=\"3547\" data-end=\"3866\">Ce sondage en ligne a \u00e9t\u00e9 men\u00e9 aupr\u00e8s de 1 519 Canadiens \u00e2g\u00e9s de 18 ans et plus, entre le 12 et le 15 d\u00e9cembre 2025. Les r\u00e9pondants ont \u00e9t\u00e9 recrut\u00e9s de mani\u00e8re al\u00e9atoire \u00e0 partir du panel en ligne LEO. Les r\u00e9sultats ont \u00e9t\u00e9 pond\u00e9r\u00e9s selon l\u2019\u00e2ge, le genre, la r\u00e9gion, la langue, la scolarit\u00e9 et la composition du m\u00e9nage <span>afin d\u2019assurer un \u00e9chantillon repr\u00e9sentatif de la population canadienne.<\/span><\/p>\n<p data-start=\"3868\" data-end=\"4067\"><span>Il n\u2019est pas possible de calculer une marge d\u2019erreur sur un \u00e9chantillon tir\u00e9 d\u2019un panel, mais \u00e0 des fins de comparaison, un \u00e9chantillon de cette taille aurait une marge d\u2019erreur<\/span> de <strong data-start=\"4040\" data-end=\"4050\">\u00b12,51\u202f%<\/strong>, 19 fois sur 20.<\/p>\n<p>[\/et_pb_text][\/et_pb_column][\/et_pb_row][\/et_pb_section]<\/p>\n","protected":false},"excerpt":{"rendered":"<p>\u00c0 l\u2019approche du temps des F\u00eates, un nouveau sondage L\u00e9ger r\u00e9v\u00e8le que les Canadien\u00b7nes abordent cette p\u00e9riode avec des sentiments partag\u00e9s. Si plusieurs y voient un moment de r\u00e9jouissances et de plaisir, d&rsquo;autres l&rsquo;associent plut\u00f4t au stress, \u00e0 l\u2019inqui\u00e9tude ou \u00e0 la fatigue. Selon les r\u00e9sultats, 33% des Canadien\u00b7nes se disent tr\u00e8s enthousiastes \u00e0 l\u2019id\u00e9e de c\u00e9l\u00e9brer les F\u00eates, tandis que 38% appr\u00e9cient la p\u00e9riode, mais se r\u00e9jouissent lorsqu\u2019elle se termine. \u00c0 l\u2019inverse, 23% expriment un malaise li\u00e9 \u00e0 la commercialisation ou \u00e0 la pression entourant l\u2019organisation des F\u00eates, et 6% ne c\u00e9l\u00e8brent pas cette p\u00e9riode. Bien qu\u2019ancr\u00e9es dans les traditions, les r\u00e9sultats montrent que les F\u00eates suscitent des r\u00e9actions contrast\u00e9es, selon les contextes.Quand le stress s&rsquo;invite aux r\u00e9unions du temps des F\u00eates Derri\u00e8re l&rsquo;esprit festif, le temps des F\u00eates est aussi synonyme de stress pour plusieurs : 79% des personnes qui le c\u00e9l\u00e8brent disent en ressentir au moins une forme durant cette p\u00e9riode. Les principales sources de stress \u00e9voqu\u00e9es sont : la pression financi\u00e8re (34%) les obligations familiales (15%) le manque de temps (12%) Les femmes (83%) et les personnes \u00e2g\u00e9es entre 18-34 ans (89%) et entre 35-54 ans (83%) sont les plus susceptibles de ressentir ce stress. Des [&hellip;]<\/p>\n","protected":false},"author":12,"featured_media":26486,"comment_status":"closed","ping_status":"closed","sticky":false,"template":"","format":"standard","meta":{"_acf_changed":false,"_et_pb_use_builder":"on","_et_pb_old_content":"","_et_gb_content_width":"","content-type":"","inline_featured_image":false,"footnotes":""},"categories":[35],"tags":[313,299,175,310,306,307,305,301,302,316,303,308,300,315,314,174,309,311,312,304,178],"post_language_cat":[42],"class_list":["post-26663","post","type-post","status-publish","format-standard","has-post-thumbnail","hentry","category-in-the-news","tag-comportements-temps-des-fetes","tag-fetes","tag-fetes-2025","tag-fetes-canada","tag-habitudes-noel","tag-habitudes-periode-des-fetes","tag-habitudes-temps-des-fetes","tag-noel","tag-noel-2","tag-noel-stress","tag-noel-traditions","tag-periode-des-fetes-2","tag-periode-des-fetes","tag-stress-noel","tag-stress-temps-des-fetes","tag-temps-des-fetes","tag-temps-des-fetes-2","tag-temps-des-fetes-canada","tag-temps-des-fetes-canada-2","tag-traditions-noel","tag-traditions-temps-des-fetes","post_language_cat-fr-in-the-news"],"acf":[],"yoast_head":"<!-- This site is optimized with the Yoast SEO Premium plugin v27.4 (Yoast SEO v27.4) - https:\/\/yoast.com\/product\/yoast-seo-premium-wordpress\/ -->\n<title>Temps des f\u00eates : entre plaisir, traditions et angoisse | L\u00e9ger<\/title>\n<meta name=\"description\" content=\"Un sondage L\u00e9ger r\u00e9v\u00e8le que le temps des F\u00eates est appr\u00e9ci\u00e9 par les Canadiens, mais demeure une source de stress importante pour plusieurs.\" \/>\n<meta name=\"robots\" content=\"index, follow, max-snippet:-1, max-image-preview:large, max-video-preview:-1\" \/>\n<link rel=\"canonical\" href=\"https:\/\/leger360.com\/fr\/dernieres-nouvelles-temps-des-fetes-canada-2025\/\" \/>\n<meta property=\"og:locale\" content=\"fr_CA\" \/>\n<meta property=\"og:type\" content=\"article\" \/>\n<meta property=\"og:title\" content=\"Temps des F\u00eates : un moment pr\u00e9cieux, mais stressant pour de nombreux Canadiens et Canadiennes\" \/>\n<meta property=\"og:description\" content=\"Un sondage L\u00e9ger r\u00e9v\u00e8le que le temps des F\u00eates est appr\u00e9ci\u00e9 par les Canadiens, mais demeure une source de stress importante pour plusieurs.\" \/>\n<meta property=\"og:url\" content=\"https:\/\/leger360.com\/fr\/dernieres-nouvelles-temps-des-fetes-canada-2025\/\" \/>\n<meta property=\"og:site_name\" content=\"Leger\" \/>\n<meta property=\"article:publisher\" content=\"https:\/\/www.facebook.com\/leger360\/\" \/>\n<meta property=\"article:published_time\" content=\"2025-12-22T17:17:33+00:00\" \/>\n<meta property=\"article:modified_time\" content=\"2025-12-22T17:17:42+00:00\" \/>\n<meta property=\"og:image\" content=\"https:\/\/leger360.com\/wp-content\/uploads\/2025\/11\/Holidays-Family-Gatherings-scaled.jpg\" \/>\n\t<meta property=\"og:image:width\" content=\"2560\" \/>\n\t<meta property=\"og:image:height\" content=\"1350\" \/>\n\t<meta property=\"og:image:type\" content=\"image\/jpeg\" \/>\n<meta name=\"author\" content=\"Daphn\u00e9e Malboeuf\" \/>\n<meta name=\"twitter:card\" content=\"summary_large_image\" \/>\n<meta name=\"twitter:creator\" content=\"@leger360\" \/>\n<meta name=\"twitter:site\" content=\"@leger360\" \/>\n<meta name=\"twitter:label1\" content=\"\u00c9crit par\" \/>\n\t<meta name=\"twitter:data1\" content=\"Daphn\u00e9e Malboeuf\" \/>\n\t<meta name=\"twitter:label2\" content=\"Estimation du temps de lecture\" \/>\n\t<meta name=\"twitter:data2\" content=\"4 minutes\" \/>\n<script type=\"application\/ld+json\" class=\"yoast-schema-graph\">{\"@context\":\"https:\\\/\\\/schema.org\",\"@graph\":[{\"@type\":\"Article\",\"@id\":\"https:\\\/\\\/leger360.com\\\/fr\\\/dernieres-nouvelles-temps-des-fetes-canada-2025\\\/#article\",\"isPartOf\":{\"@id\":\"https:\\\/\\\/leger360.com\\\/fr\\\/dernieres-nouvelles-temps-des-fetes-canada-2025\\\/\"},\"author\":{\"name\":\"Daphn\u00e9e Malboeuf\",\"@id\":\"https:\\\/\\\/leger360.com\\\/fr\\\/#\\\/schema\\\/person\\\/c6208ecb57876af9652d81aadd00749f\"},\"headline\":\"Temps des F\u00eates : un moment pr\u00e9cieux, mais stressant pour de nombreux Canadiens et Canadiennes\",\"datePublished\":\"2025-12-22T17:17:33+00:00\",\"dateModified\":\"2025-12-22T17:17:42+00:00\",\"mainEntityOfPage\":{\"@id\":\"https:\\\/\\\/leger360.com\\\/fr\\\/dernieres-nouvelles-temps-des-fetes-canada-2025\\\/\"},\"wordCount\":1020,\"publisher\":{\"@id\":\"https:\\\/\\\/leger360.com\\\/fr\\\/#organization\"},\"image\":{\"@id\":\"https:\\\/\\\/leger360.com\\\/fr\\\/dernieres-nouvelles-temps-des-fetes-canada-2025\\\/#primaryimage\"},\"thumbnailUrl\":\"https:\\\/\\\/leger360.com\\\/wp-content\\\/uploads\\\/2025\\\/11\\\/Holidays-Family-Gatherings-scaled.jpg\",\"keywords\":[\"comportements temps des f\u00eates\",\"F\u00eates\",\"F\u00eates 2025\",\"F\u00eates Canada\",\"habitudes noel\",\"habitudes p\u00e9riode des f\u00eates\",\"habitudes temps des f\u00eates\",\"No\u00ebl\",\"noel\",\"noel stress\",\"noel traditions\",\"periode des fetes\",\"p\u00e9riode des f\u00eates\",\"stress no\u00ebl\",\"stress temps des f\u00eates\",\"temps des f\u00eates\",\"temps des fetes\",\"temps des f\u00eates Canada\",\"temps des fetes canada\",\"traditions noel\",\"traditions temps des f\u00eates\"],\"articleSection\":[\"In the news\"],\"inLanguage\":\"fr-CA\"},{\"@type\":\"WebPage\",\"@id\":\"https:\\\/\\\/leger360.com\\\/fr\\\/dernieres-nouvelles-temps-des-fetes-canada-2025\\\/\",\"url\":\"https:\\\/\\\/leger360.com\\\/fr\\\/dernieres-nouvelles-temps-des-fetes-canada-2025\\\/\",\"name\":\"Temps des f\u00eates : entre plaisir, traditions et angoisse | L\u00e9ger\",\"isPartOf\":{\"@id\":\"https:\\\/\\\/leger360.com\\\/fr\\\/#website\"},\"primaryImageOfPage\":{\"@id\":\"https:\\\/\\\/leger360.com\\\/fr\\\/dernieres-nouvelles-temps-des-fetes-canada-2025\\\/#primaryimage\"},\"image\":{\"@id\":\"https:\\\/\\\/leger360.com\\\/fr\\\/dernieres-nouvelles-temps-des-fetes-canada-2025\\\/#primaryimage\"},\"thumbnailUrl\":\"https:\\\/\\\/leger360.com\\\/wp-content\\\/uploads\\\/2025\\\/11\\\/Holidays-Family-Gatherings-scaled.jpg\",\"datePublished\":\"2025-12-22T17:17:33+00:00\",\"dateModified\":\"2025-12-22T17:17:42+00:00\",\"description\":\"Un sondage L\u00e9ger r\u00e9v\u00e8le que le temps des F\u00eates est appr\u00e9ci\u00e9 par les Canadiens, mais demeure une source de stress importante pour plusieurs.\",\"breadcrumb\":{\"@id\":\"https:\\\/\\\/leger360.com\\\/fr\\\/dernieres-nouvelles-temps-des-fetes-canada-2025\\\/#breadcrumb\"},\"inLanguage\":\"fr-CA\",\"potentialAction\":[{\"@type\":\"ReadAction\",\"target\":[\"https:\\\/\\\/leger360.com\\\/fr\\\/dernieres-nouvelles-temps-des-fetes-canada-2025\\\/\"]}]},{\"@type\":\"ImageObject\",\"inLanguage\":\"fr-CA\",\"@id\":\"https:\\\/\\\/leger360.com\\\/fr\\\/dernieres-nouvelles-temps-des-fetes-canada-2025\\\/#primaryimage\",\"url\":\"https:\\\/\\\/leger360.com\\\/wp-content\\\/uploads\\\/2025\\\/11\\\/Holidays-Family-Gatherings-scaled.jpg\",\"contentUrl\":\"https:\\\/\\\/leger360.com\\\/wp-content\\\/uploads\\\/2025\\\/11\\\/Holidays-Family-Gatherings-scaled.jpg\",\"width\":2560,\"height\":1350,\"caption\":\"Un sondage L\u00e9ger r\u00e9v\u00e8le que plus de 70 % des Canadiens jugent les rassemblements du temps des F\u00eates essentiels, malgr\u00e9 les tensions autour de la table.\"},{\"@type\":\"BreadcrumbList\",\"@id\":\"https:\\\/\\\/leger360.com\\\/fr\\\/dernieres-nouvelles-temps-des-fetes-canada-2025\\\/#breadcrumb\",\"itemListElement\":[{\"@type\":\"ListItem\",\"position\":1,\"name\":\"Home\",\"item\":\"https:\\\/\\\/leger360.com\\\/fr\\\/\"},{\"@type\":\"ListItem\",\"position\":2,\"name\":\"Temps des F\u00eates : un moment pr\u00e9cieux, mais stressant pour de nombreux Canadiens et Canadiennes\"}]},{\"@type\":\"WebSite\",\"@id\":\"https:\\\/\\\/leger360.com\\\/fr\\\/#website\",\"url\":\"https:\\\/\\\/leger360.com\\\/fr\\\/\",\"name\":\"Leger\",\"description\":\"Market Research | Data Analytics\",\"publisher\":{\"@id\":\"https:\\\/\\\/leger360.com\\\/fr\\\/#organization\"},\"potentialAction\":[{\"@type\":\"SearchAction\",\"target\":{\"@type\":\"EntryPoint\",\"urlTemplate\":\"https:\\\/\\\/leger360.com\\\/fr\\\/?s={search_term_string}\"},\"query-input\":{\"@type\":\"PropertyValueSpecification\",\"valueRequired\":true,\"valueName\":\"search_term_string\"}}],\"inLanguage\":\"fr-CA\"},{\"@type\":\"Organization\",\"@id\":\"https:\\\/\\\/leger360.com\\\/fr\\\/#organization\",\"name\":\"Leger\",\"url\":\"https:\\\/\\\/leger360.com\\\/fr\\\/\",\"logo\":{\"@type\":\"ImageObject\",\"inLanguage\":\"fr-CA\",\"@id\":\"https:\\\/\\\/leger360.com\\\/fr\\\/#\\\/schema\\\/logo\\\/image\\\/\",\"url\":\"https:\\\/\\\/leger360.com\\\/wp-content\\\/uploads\\\/2024\\\/04\\\/2022-Logo-Leger-Blackred-g.png\",\"contentUrl\":\"https:\\\/\\\/leger360.com\\\/wp-content\\\/uploads\\\/2024\\\/04\\\/2022-Logo-Leger-Blackred-g.png\",\"width\":1195,\"height\":686,\"caption\":\"Leger\"},\"image\":{\"@id\":\"https:\\\/\\\/leger360.com\\\/fr\\\/#\\\/schema\\\/logo\\\/image\\\/\"},\"sameAs\":[\"https:\\\/\\\/www.facebook.com\\\/leger360\\\/\",\"https:\\\/\\\/x.com\\\/leger360\",\"https:\\\/\\\/www.linkedin.com\\\/company\\\/leger360\\\/\"],\"description\":\"Leger is one of North America\u2019s fastest-growing market research companies, known for our forward-thinking experts and innovative approaches powered by artificial intelligence (AI) technologies.\"},{\"@type\":\"Person\",\"@id\":\"https:\\\/\\\/leger360.com\\\/fr\\\/#\\\/schema\\\/person\\\/c6208ecb57876af9652d81aadd00749f\",\"name\":\"Daphn\u00e9e Malboeuf\",\"image\":{\"@type\":\"ImageObject\",\"inLanguage\":\"fr-CA\",\"@id\":\"https:\\\/\\\/secure.gravatar.com\\\/avatar\\\/205fe405426f600da6d7abba710f876cf1bfecbdefc77d2d394313a49e595dfc?s=96&d=mm&r=g\",\"url\":\"https:\\\/\\\/secure.gravatar.com\\\/avatar\\\/205fe405426f600da6d7abba710f876cf1bfecbdefc77d2d394313a49e595dfc?s=96&d=mm&r=g\",\"contentUrl\":\"https:\\\/\\\/secure.gravatar.com\\\/avatar\\\/205fe405426f600da6d7abba710f876cf1bfecbdefc77d2d394313a49e595dfc?s=96&d=mm&r=g\",\"caption\":\"Daphn\u00e9e Malboeuf\"}}]}<\/script>\n<!-- \/ Yoast SEO Premium plugin. -->","yoast_head_json":{"title":"Temps des f\u00eates : entre plaisir, traditions et angoisse | L\u00e9ger","description":"Un sondage L\u00e9ger r\u00e9v\u00e8le que le temps des F\u00eates est appr\u00e9ci\u00e9 par les Canadiens, mais demeure une source de stress importante pour plusieurs.","robots":{"index":"index","follow":"follow","max-snippet":"max-snippet:-1","max-image-preview":"max-image-preview:large","max-video-preview":"max-video-preview:-1"},"canonical":"https:\/\/leger360.com\/fr\/dernieres-nouvelles-temps-des-fetes-canada-2025\/","og_locale":"fr_CA","og_type":"article","og_title":"Temps des F\u00eates : un moment pr\u00e9cieux, mais stressant pour de nombreux Canadiens et Canadiennes","og_description":"Un sondage L\u00e9ger r\u00e9v\u00e8le que le temps des F\u00eates est appr\u00e9ci\u00e9 par les Canadiens, mais demeure une source de stress importante pour plusieurs.","og_url":"https:\/\/leger360.com\/fr\/dernieres-nouvelles-temps-des-fetes-canada-2025\/","og_site_name":"Leger","article_publisher":"https:\/\/www.facebook.com\/leger360\/","article_published_time":"2025-12-22T17:17:33+00:00","article_modified_time":"2025-12-22T17:17:42+00:00","og_image":[{"width":2560,"height":1350,"url":"https:\/\/leger360.com\/wp-content\/uploads\/2025\/11\/Holidays-Family-Gatherings-scaled.jpg","type":"image\/jpeg"}],"author":"Daphn\u00e9e Malboeuf","twitter_card":"summary_large_image","twitter_creator":"@leger360","twitter_site":"@leger360","twitter_misc":{"\u00c9crit par":"Daphn\u00e9e Malboeuf","Estimation du temps de lecture":"4 minutes"},"schema":{"@context":"https:\/\/schema.org","@graph":[{"@type":"Article","@id":"https:\/\/leger360.com\/fr\/dernieres-nouvelles-temps-des-fetes-canada-2025\/#article","isPartOf":{"@id":"https:\/\/leger360.com\/fr\/dernieres-nouvelles-temps-des-fetes-canada-2025\/"},"author":{"name":"Daphn\u00e9e Malboeuf","@id":"https:\/\/leger360.com\/fr\/#\/schema\/person\/c6208ecb57876af9652d81aadd00749f"},"headline":"Temps des F\u00eates : un moment pr\u00e9cieux, mais stressant pour de nombreux Canadiens et Canadiennes","datePublished":"2025-12-22T17:17:33+00:00","dateModified":"2025-12-22T17:17:42+00:00","mainEntityOfPage":{"@id":"https:\/\/leger360.com\/fr\/dernieres-nouvelles-temps-des-fetes-canada-2025\/"},"wordCount":1020,"publisher":{"@id":"https:\/\/leger360.com\/fr\/#organization"},"image":{"@id":"https:\/\/leger360.com\/fr\/dernieres-nouvelles-temps-des-fetes-canada-2025\/#primaryimage"},"thumbnailUrl":"https:\/\/leger360.com\/wp-content\/uploads\/2025\/11\/Holidays-Family-Gatherings-scaled.jpg","keywords":["comportements temps des f\u00eates","F\u00eates","F\u00eates 2025","F\u00eates Canada","habitudes noel","habitudes p\u00e9riode des f\u00eates","habitudes temps des f\u00eates","No\u00ebl","noel","noel stress","noel traditions","periode des fetes","p\u00e9riode des f\u00eates","stress no\u00ebl","stress temps des f\u00eates","temps des f\u00eates","temps des fetes","temps des f\u00eates Canada","temps des fetes canada","traditions noel","traditions temps des f\u00eates"],"articleSection":["In the news"],"inLanguage":"fr-CA"},{"@type":"WebPage","@id":"https:\/\/leger360.com\/fr\/dernieres-nouvelles-temps-des-fetes-canada-2025\/","url":"https:\/\/leger360.com\/fr\/dernieres-nouvelles-temps-des-fetes-canada-2025\/","name":"Temps des f\u00eates : entre plaisir, traditions et angoisse | L\u00e9ger","isPartOf":{"@id":"https:\/\/leger360.com\/fr\/#website"},"primaryImageOfPage":{"@id":"https:\/\/leger360.com\/fr\/dernieres-nouvelles-temps-des-fetes-canada-2025\/#primaryimage"},"image":{"@id":"https:\/\/leger360.com\/fr\/dernieres-nouvelles-temps-des-fetes-canada-2025\/#primaryimage"},"thumbnailUrl":"https:\/\/leger360.com\/wp-content\/uploads\/2025\/11\/Holidays-Family-Gatherings-scaled.jpg","datePublished":"2025-12-22T17:17:33+00:00","dateModified":"2025-12-22T17:17:42+00:00","description":"Un sondage L\u00e9ger r\u00e9v\u00e8le que le temps des F\u00eates est appr\u00e9ci\u00e9 par les Canadiens, mais demeure une source de stress importante pour plusieurs.","breadcrumb":{"@id":"https:\/\/leger360.com\/fr\/dernieres-nouvelles-temps-des-fetes-canada-2025\/#breadcrumb"},"inLanguage":"fr-CA","potentialAction":[{"@type":"ReadAction","target":["https:\/\/leger360.com\/fr\/dernieres-nouvelles-temps-des-fetes-canada-2025\/"]}]},{"@type":"ImageObject","inLanguage":"fr-CA","@id":"https:\/\/leger360.com\/fr\/dernieres-nouvelles-temps-des-fetes-canada-2025\/#primaryimage","url":"https:\/\/leger360.com\/wp-content\/uploads\/2025\/11\/Holidays-Family-Gatherings-scaled.jpg","contentUrl":"https:\/\/leger360.com\/wp-content\/uploads\/2025\/11\/Holidays-Family-Gatherings-scaled.jpg","width":2560,"height":1350,"caption":"Un sondage L\u00e9ger r\u00e9v\u00e8le que plus de 70 % des Canadiens jugent les rassemblements du temps des F\u00eates essentiels, malgr\u00e9 les tensions autour de la table."},{"@type":"BreadcrumbList","@id":"https:\/\/leger360.com\/fr\/dernieres-nouvelles-temps-des-fetes-canada-2025\/#breadcrumb","itemListElement":[{"@type":"ListItem","position":1,"name":"Home","item":"https:\/\/leger360.com\/fr\/"},{"@type":"ListItem","position":2,"name":"Temps des F\u00eates : un moment pr\u00e9cieux, mais stressant pour de nombreux Canadiens et Canadiennes"}]},{"@type":"WebSite","@id":"https:\/\/leger360.com\/fr\/#website","url":"https:\/\/leger360.com\/fr\/","name":"Leger","description":"Market Research | Data Analytics","publisher":{"@id":"https:\/\/leger360.com\/fr\/#organization"},"potentialAction":[{"@type":"SearchAction","target":{"@type":"EntryPoint","urlTemplate":"https:\/\/leger360.com\/fr\/?s={search_term_string}"},"query-input":{"@type":"PropertyValueSpecification","valueRequired":true,"valueName":"search_term_string"}}],"inLanguage":"fr-CA"},{"@type":"Organization","@id":"https:\/\/leger360.com\/fr\/#organization","name":"Leger","url":"https:\/\/leger360.com\/fr\/","logo":{"@type":"ImageObject","inLanguage":"fr-CA","@id":"https:\/\/leger360.com\/fr\/#\/schema\/logo\/image\/","url":"https:\/\/leger360.com\/wp-content\/uploads\/2024\/04\/2022-Logo-Leger-Blackred-g.png","contentUrl":"https:\/\/leger360.com\/wp-content\/uploads\/2024\/04\/2022-Logo-Leger-Blackred-g.png","width":1195,"height":686,"caption":"Leger"},"image":{"@id":"https:\/\/leger360.com\/fr\/#\/schema\/logo\/image\/"},"sameAs":["https:\/\/www.facebook.com\/leger360\/","https:\/\/x.com\/leger360","https:\/\/www.linkedin.com\/company\/leger360\/"],"description":"Leger is one of North America\u2019s fastest-growing market research companies, known for our forward-thinking experts and innovative approaches powered by artificial intelligence (AI) technologies."},{"@type":"Person","@id":"https:\/\/leger360.com\/fr\/#\/schema\/person\/c6208ecb57876af9652d81aadd00749f","name":"Daphn\u00e9e Malboeuf","image":{"@type":"ImageObject","inLanguage":"fr-CA","@id":"https:\/\/secure.gravatar.com\/avatar\/205fe405426f600da6d7abba710f876cf1bfecbdefc77d2d394313a49e595dfc?s=96&d=mm&r=g","url":"https:\/\/secure.gravatar.com\/avatar\/205fe405426f600da6d7abba710f876cf1bfecbdefc77d2d394313a49e595dfc?s=96&d=mm&r=g","contentUrl":"https:\/\/secure.gravatar.com\/avatar\/205fe405426f600da6d7abba710f876cf1bfecbdefc77d2d394313a49e595dfc?s=96&d=mm&r=g","caption":"Daphn\u00e9e Malboeuf"}}]}},"_links":{"self":[{"href":"https:\/\/leger360.com\/fr\/wp-json\/wp\/v2\/posts\/26663","targetHints":{"allow":["GET"]}}],"collection":[{"href":"https:\/\/leger360.com\/fr\/wp-json\/wp\/v2\/posts"}],"about":[{"href":"https:\/\/leger360.com\/fr\/wp-json\/wp\/v2\/types\/post"}],"author":[{"embeddable":true,"href":"https:\/\/leger360.com\/fr\/wp-json\/wp\/v2\/users\/12"}],"replies":[{"embeddable":true,"href":"https:\/\/leger360.com\/fr\/wp-json\/wp\/v2\/comments?post=26663"}],"version-history":[{"count":0,"href":"https:\/\/leger360.com\/fr\/wp-json\/wp\/v2\/posts\/26663\/revisions"}],"wp:featuredmedia":[{"embeddable":true,"href":"https:\/\/leger360.com\/fr\/wp-json\/wp\/v2\/media\/26486"}],"wp:attachment":[{"href":"https:\/\/leger360.com\/fr\/wp-json\/wp\/v2\/media?parent=26663"}],"wp:term":[{"taxonomy":"category","embeddable":true,"href":"https:\/\/leger360.com\/fr\/wp-json\/wp\/v2\/categories?post=26663"},{"taxonomy":"post_tag","embeddable":true,"href":"https:\/\/leger360.com\/fr\/wp-json\/wp\/v2\/tags?post=26663"},{"taxonomy":"post_language_cat","embeddable":true,"href":"https:\/\/leger360.com\/fr\/wp-json\/wp\/v2\/post_language_cat?post=26663"}],"curies":[{"name":"wp","href":"https:\/\/api.w.org\/{rel}","templated":true}]}}