{"id":27239,"date":"2026-01-29T16:17:20","date_gmt":"2026-01-29T21:17:20","guid":{"rendered":"https:\/\/leger360.com\/?p=27239"},"modified":"2026-01-29T16:34:55","modified_gmt":"2026-01-29T21:34:55","slug":"dernieres-nouvelles-politique-federale-lappui-aux-liberaux-de-cagrimpe-a-47","status":"publish","type":"post","link":"https:\/\/leger360.com\/fr\/dernieres-nouvelles-politique-federale-lappui-aux-liberaux-de-cagrimpe-a-47\/","title":{"rendered":"Politique f\u00e9d\u00e9rale : apr\u00e8s Davos et la Chine, les lib\u00e9raux de Mark Carney atteignent 47% d\u2019appui"},"content":{"rendered":"<p>[et_pb_section fb_built=\u00a0\u00bb1&Prime; _builder_version=\u00a0\u00bb4.27.4&Prime; _module_preset=\u00a0\u00bbdefault\u00a0\u00bb global_colors_info=\u00a0\u00bb{}\u00a0\u00bb][et_pb_row _builder_version=\u00a0\u00bb4.27.4&Prime; _module_preset=\u00a0\u00bbdefault\u00a0\u00bb global_colors_info=\u00a0\u00bb{}\u00a0\u00bb][et_pb_column type=\u00a0\u00bb4_4&Prime; _builder_version=\u00a0\u00bb4.27.4&Prime; _module_preset=\u00a0\u00bbdefault\u00a0\u00bb global_colors_info=\u00a0\u00bb{}\u00a0\u00bb][et_pb_text _builder_version=\u00a0\u00bb4.27.5&Prime; _module_preset=\u00a0\u00bbdefault\u00a0\u00bb hover_enabled=\u00a0\u00bb0&Prime; global_colors_info=\u00a0\u00bb{}\u00a0\u00bb sticky_enabled=\u00a0\u00bb0&Prime; custom_margin=\u00a0\u00bb-85px||||false|false\u00a0\u00bb]<\/p>\n<p>\u00c0 la suite des r\u00e9centes visites du premier ministre Mark Carney en Chine et \u00e0 Davos, en Suisse, le Parti lib\u00e9ral du Canada a le vent en poupe. <a href=\"https:\/\/leger360.com\/wp-content\/uploads\/2026\/01\/Leger-RapportPolitiqueFederale_Rapport12_26Jan2026.pdf\" target=\"_blank\" rel=\"noopener\">Le plus r\u00e9cent sondage L\u00e9ger-Postmedia<\/a>, r\u00e9alis\u00e9 entre le 23 et le 26 janvier, r\u00e9v\u00e8le que <strong>47%<\/strong> des Canadien\u00b7nes voteraient pour les lib\u00e9raux si des \u00e9lections f\u00e9d\u00e9rales avaient lieu prochainement \u2014 soit une hausse de quatre points par rapport <a href=\"https:\/\/leger360.com\/wp-content\/uploads\/2025\/12\/Leger_Politique_Federale_Dec2025.pdf\" target=\"_blank\" rel=\"noopener\">au dernier coup de sonde datant du d\u00e9but du mois de d\u00e9cembre<\/a>.<\/p>\n<p>Toutefois, cet appui accru ne se traduit pas par un laissez-passer sur le plan \u00e9thique. <strong>51%<\/strong> des r\u00e9pondant\u00b7es jugent qu\u2019il ne serait pas \u00e9thique pour les lib\u00e9raux d\u2019obtenir une majorit\u00e9 en attirant des d\u00e9put\u00e9\u00b7es transfuges, et<strong> 67%<\/strong> s\u2019opposent \u00e0 l\u2019id\u00e9e d\u2019offrir des incitatifs pour encourager ces changements d\u2019all\u00e9geance.<\/p>\n<p>[\/et_pb_text][et_pb_image src=\u00a0\u00bbhttps:\/\/leger360.com\/wp-content\/uploads\/2025\/11\/Federal-Leger-Logo.jpg\u00a0\u00bb alt=\u00a0\u00bbFederal Voting Intentions Canada: Liberals Hold the Lead\u00a0\u00bb title_text=\u00a0\u00bbFederal &#8211; Leger Logo\u00a0\u00bb url=\u00a0\u00bbhttps:\/\/leger360.com\/wp-content\/uploads\/2026\/01\/Leger-RapportPolitiqueFederale_Rapport12_26Jan2026.pdf\u00a0\u00bb _builder_version=\u00a0\u00bb4.27.5&Prime; _module_preset=\u00a0\u00bbdefault\u00a0\u00bb hover_enabled=\u00a0\u00bb0&Prime; border_radii=\u00a0\u00bbon|10px|10px|10px|10px\u00a0\u00bb global_colors_info=\u00a0\u00bb{}\u00a0\u00bb url_new_window=\u00a0\u00bbon\u00a0\u00bb sticky_enabled=\u00a0\u00bb0&Prime;][\/et_pb_image][et_pb_button button_url=\u00a0\u00bbhttps:\/\/leger360.com\/wp-content\/uploads\/2026\/01\/Leger-RapportPolitiqueFederale_Rapport12_26Jan2026.pdf\u00a0\u00bb url_new_window=\u00a0\u00bbon\u00a0\u00bb button_text=\u00a0\u00bbT\u00e9l\u00e9chargez le rapport complet pour en apprendre plus\u00a0\u00bb button_alignment=\u00a0\u00bbcenter\u00a0\u00bb _builder_version=\u00a0\u00bb4.27.5&Prime; _module_preset=\u00a0\u00bbdefault\u00a0\u00bb hover_enabled=\u00a0\u00bb0&Prime; locked=\u00a0\u00bboff\u00a0\u00bb global_colors_info=\u00a0\u00bb{}\u00a0\u00bb sticky_enabled=\u00a0\u00bb0&Prime;][\/et_pb_button][et_pb_text _builder_version=\u00a0\u00bb4.27.5&Prime; _module_preset=\u00a0\u00bbdefault\u00a0\u00bb hover_enabled=\u00a0\u00bb0&Prime; global_colors_info=\u00a0\u00bb{}\u00a0\u00bb sticky_enabled=\u00a0\u00bb0&Prime;]<\/p>\n<h2>Les appuis aux lib\u00e9raux grimpent suite aux r\u00e9centes sorties internationales de Carney<\/h2>\n<p data-start=\"736\" data-end=\"1043\"><a href=\"https:\/\/www.youtube.com\/watch?v=kDJ4w3dNBTI\" target=\"_blank\" rel=\"noopener\">Le discours prononc\u00e9 par Mark Carney au Forum \u00e9conomique mondial de Davos<\/a>, en Suisse, a trouv\u00e9 un \u00e9cho favorable, tant \u00e0 l\u2019international qu\u2019au Canada.<\/p>\n<p data-start=\"736\" data-end=\"1043\">Comme l\u2019a soulign\u00e9 Andrew Enns, vice-pr\u00e9sident ex\u00e9cutif chez L\u00e9ger, dans <a href=\"https:\/\/nationalpost.com\/news\/canada\/carneys-liberals-soar-to-47-and-a-nine-point-lead-in-national-polls-after-davos-speech-leger\" target=\"_blank\" rel=\"noopener\">une entrevue accord\u00e9e au <em>National Post<\/em><\/a> : \u00ab C\u2019\u00e9tait un discours puissant. C&rsquo;est rare qu\u2019une allocution a un impact de cette ampleur\u2026 \u00e7a rallume une certaine fibre patriotique au Canada. \u00bb<\/p>\n<p data-start=\"736\" data-end=\"1043\">Les donn\u00e9es semblent lui donner raison. Depuis Davos, les lib\u00e9raux enregistrent des gains non seulement dans les intentions de vote, mais aussi dans les indicateurs de satisfaction. La satisfaction \u00e0 l\u2019\u00e9gard du gouvernement a bondi de neuf points, atteignant <strong>58%<\/strong>, tandis que la popularit\u00e9 personnelle de Mark Carney a progress\u00e9 de huit points, pour s\u2019\u00e9tablir \u00e0 <strong>59%<\/strong>.<\/p>\n<p data-start=\"736\" data-end=\"1043\">Ces r\u00e9sultats sugg\u00e8rent qu&rsquo;il y aura un avant et un apr\u00e8s Davos, alors que le leadership international du premier ministre Carney semble avoir renforc\u00e9 sa cr\u00e9dibilit\u00e9 aupr\u00e8s d\u2019une partie importante de l\u2019\u00e9lectorat.<\/p>\n<h3>Les partis d\u2019opposition perdent du terrain<\/h3>\n<p>La progression des lib\u00e9raux se fait largement au d\u00e9triment des partis d\u2019opposition. L\u2019appui au Parti conservateur du Canada atteint maintenant <strong>38%<\/strong>, en l\u00e9g\u00e8re hausse, mais demeure neuf points derri\u00e8re les lib\u00e9raux. De leur c\u00f4t\u00e9, le NPD et le Bloc qu\u00e9b\u00e9cois continuent de perdre du terrain.<\/p>\n<ul><\/ul>\n<p>[\/et_pb_text][et_pb_image src=\u00a0\u00bbhttps:\/\/leger360.com\/wp-content\/uploads\/2026\/01\/IntentionsVoteFederales_LegerCanada_Jan2026_FR.png\u00a0\u00bb alt=\u00a0\u00bbPolitique f\u00e9d\u00e9rale &#8211; Les lib\u00e9raux grimpent \u00e0 47% d&rsquo;appuis apr\u00e8s les visites de Carney \u00e0 Davos et en Chine, selon un sondage L\u00e9ger.\u00a0\u00bb title_text=\u00a0\u00bbIntentionsVoteF\u00e9d\u00e9rales_L\u00e9gerCanada_Jan2026_FR\u00a0\u00bb _builder_version=\u00a0\u00bb4.27.5&Prime; _module_preset=\u00a0\u00bbdefault\u00a0\u00bb width=\u00a0\u00bb75%\u00a0\u00bb max_width=\u00a0\u00bb75%\u00a0\u00bb module_alignment=\u00a0\u00bbcenter\u00a0\u00bb hover_enabled=\u00a0\u00bb0&Prime; border_radii=\u00a0\u00bbon|10px|10px|10px|10px\u00a0\u00bb box_shadow_style=\u00a0\u00bbpreset1&Prime; global_colors_info=\u00a0\u00bb{}\u00a0\u00bb sticky_enabled=\u00a0\u00bb0&Prime; url=\u00a0\u00bbhttps:\/\/leger360.com\/wp-content\/uploads\/2026\/01\/Leger-RapportPolitiqueFederale_Rapport12_26Jan2026.pdf\u00a0\u00bb url_new_window=\u00a0\u00bbon\u00a0\u00bb custom_margin=\u00a0\u00bb-30px||||false|false\u00a0\u00bb][\/et_pb_image][et_pb_text _builder_version=\u00a0\u00bb4.27.5&Prime; _module_preset=\u00a0\u00bbdefault\u00a0\u00bb hover_enabled=\u00a0\u00bb0&Prime; global_colors_info=\u00a0\u00bb{}\u00a0\u00bb sticky_enabled=\u00a0\u00bb0&Prime;]<\/p>\n<p>Au Qu\u00e9bec, le soutien au Bloc a chut\u00e9 de 12 points depuis d\u00e9cembre, tandis que l\u2019appui au NPD \u00e0 l\u2019\u00e9chelle nationale est descendu \u00e0 <strong>5%<\/strong>. Ces reculs traduisent la difficult\u00e9 pour les partis d\u2019opposition de se tailler une place dans l\u2019espace public alors que les enjeux internationaux dominent l\u2019actualit\u00e9.<\/p>\n<h3>R\u00e9ticence envers les transfuges politiques<\/h3>\n<p>Si l\u2019appui au gouvernement Carney progresse, le sondage r\u00e9v\u00e8le n\u00e9anmoins une forte r\u00e9ticence \u00e0 l\u2019\u00e9gard de certaines strat\u00e9gies parlementaires. Plus de la moiti\u00e9 des Canadien\u00b7nes (<strong>51%<\/strong>) estiment qu\u2019il ne serait pas \u00e9thique pour <a href=\"https:\/\/www.985fm.ca\/audio\/744095\/mark-carney-est-a-un-depute-d-obtenir-une-majorite\" target=\"_blank\" rel=\"noopener\">les lib\u00e9raux d\u2019obtenir une majorit\u00e9 en attirant des d\u00e9put\u00e9\u00b7es d\u2019autres partis<\/a>. De plus, <strong>67%<\/strong> jugent que les partis ne devraient pas \u00eatre autoris\u00e9s \u00e0 offrir des incitatifs, comme des postes minist\u00e9riels, pour encourager des changements de camp.<\/p>\n<p>Seulement <strong>42%<\/strong> estiment que le changement de parti devrait \u00eatre permis sans restriction. \u00c0 peine <strong>20%<\/strong> consid\u00e8rent qu\u2019un\u00b7e d\u00e9put\u00e9\u00b7e devrait pouvoir changer de parti sans aucune condition, comme c\u2019est le cas actuellement. M\u00eame parmi les \u00e9lecteur\u00b7rices lib\u00e9raux, les avis sont mitig\u00e9s.<\/p>\n<h3>Quelles proc\u00e9dures pour les d\u00e9put\u00e9\u00b7es qui changent de parti?<\/h3>\n<p data-start=\"736\" data-end=\"1043\">Lorsqu\u2019on leur demande ce qui devrait se produire lorsqu\u2019un\u00b7e d\u00e9put\u00e9\u00b7e change de banni\u00e8re, les Canadien\u00b7nes expriment un d\u00e9sir clair de plus de reddition de comptes, sans toutefois s\u2019entendre sur une solution unique :<\/p>\n<ul>\n<li style=\"list-style-type: none;\">\n<ul>\n<li data-start=\"736\" data-end=\"1043\">Une vaste majorit\u00e9 (<strong>87%<\/strong>) souhaite que les d\u00e9put\u00e9\u00b7es soient tenus par la loi de divulguer toute offre re\u00e7ue en \u00e9change d\u2019un changement d\u2019all\u00e9geance;<\/li>\n<li data-start=\"736\" data-end=\"1043\"><strong>38%<\/strong> estiment que le ou la d\u00e9put\u00e9\u00b7e devrait se pr\u00e9senter \u00e0 une \u00e9lection partielle sous ses nouvelles couleurs;<\/li>\n<li data-start=\"736\" data-end=\"1043\"><strong>26%<\/strong> croient qu\u2019il ou elle devrait si\u00e9ger comme ind\u00e9pendant\u00b7e jusqu\u2019aux prochaines \u00e9lections g\u00e9n\u00e9rales.<\/li>\n<\/ul>\n<\/li>\n<\/ul>\n<h3>M\u00e9thodologie<\/h3>\n<p data-start=\"3547\" data-end=\"3866\">Ce sondage en ligne a \u00e9t\u00e9 men\u00e9 aupr\u00e8s de 1 611 Canadien\u00b7nes \u00e2g\u00e9s de 18 ans et plus, entre le 23 et le 26 janvier 2026. Les r\u00e9pondant\u00b7es ont \u00e9t\u00e9 recrut\u00e9s de mani\u00e8re al\u00e9atoire \u00e0 partir du panel en ligne LEO. Les r\u00e9sultats ont \u00e9t\u00e9 pond\u00e9r\u00e9s selon l\u2019\u00e2ge, le genre, la r\u00e9gion, la langue, le niveau de scolarit\u00e9 et la composition du m\u00e9nage, afin d\u2019assurer la repr\u00e9sentativit\u00e9 de l\u2019\u00e9chantillon.<\/p>\n<p data-start=\"3868\" data-end=\"4067\"><span>Il n\u2019est pas possible de calculer une marge d\u2019erreur sur un \u00e9chantillon tir\u00e9 d\u2019un panel, mais \u00e0 des fins de comparaison, un \u00e9chantillon de cette taille aurait une marge d\u2019erreur<\/span> de <strong data-start=\"4040\" data-end=\"4050\">\u00b12,44\u202f%<\/strong>, 19 fois sur 20.<\/p>\n<p data-start=\"3868\" data-end=\"4067\"><em>Ce sondage est la propri\u00e9t\u00e9 de L\u00e9ger et Postmedia. Toute publication doit obligatoirement respecter les droits d\u2019auteur en utilisant la mention s<\/em>ondage L\u00e9ger-Postmedia<em>.<\/em><\/p>\n<p>[\/et_pb_text][\/et_pb_column][\/et_pb_row][\/et_pb_section]<\/p>\n","protected":false},"excerpt":{"rendered":"<p>\u00c0 la suite des r\u00e9centes visites du premier ministre Mark Carney en Chine et \u00e0 Davos, en Suisse, le Parti lib\u00e9ral du Canada a le vent en poupe. Le plus r\u00e9cent sondage L\u00e9ger-Postmedia, r\u00e9alis\u00e9 entre le 23 et le 26 janvier, r\u00e9v\u00e8le que 47% des Canadien\u00b7nes voteraient pour les lib\u00e9raux si des \u00e9lections f\u00e9d\u00e9rales avaient lieu prochainement \u2014 soit une hausse de quatre points par rapport au dernier coup de sonde datant du d\u00e9but du mois de d\u00e9cembre. Toutefois, cet appui accru ne se traduit pas par un laissez-passer sur le plan \u00e9thique. 51% des r\u00e9pondant\u00b7es jugent qu\u2019il ne serait pas \u00e9thique pour les lib\u00e9raux d\u2019obtenir une majorit\u00e9 en attirant des d\u00e9put\u00e9\u00b7es transfuges, et 67% s\u2019opposent \u00e0 l\u2019id\u00e9e d\u2019offrir des incitatifs pour encourager ces changements d\u2019all\u00e9geance.Les appuis aux lib\u00e9raux grimpent suite aux r\u00e9centes sorties internationales de Carney Le discours prononc\u00e9 par Mark Carney au Forum \u00e9conomique mondial de Davos, en Suisse, a trouv\u00e9 un \u00e9cho favorable, tant \u00e0 l\u2019international qu\u2019au Canada. Comme l\u2019a soulign\u00e9 Andrew Enns, vice-pr\u00e9sident ex\u00e9cutif chez L\u00e9ger, dans une entrevue accord\u00e9e au National Post : \u00ab C\u2019\u00e9tait un discours puissant. C&rsquo;est rare qu\u2019une allocution a un impact de cette ampleur\u2026 \u00e7a rallume une certaine fibre patriotique au [&hellip;]<\/p>\n","protected":false},"author":12,"featured_media":26261,"comment_status":"closed","ping_status":"closed","sticky":false,"template":"","format":"standard","meta":{"_acf_changed":false,"_et_pb_use_builder":"on","_et_pb_old_content":"","_et_gb_content_width":"","content-type":"","inline_featured_image":false,"footnotes":""},"categories":[],"tags":[478,482,487,471,470,472,488,163,477,474,207,479,475,480,476,489,212,211,66,339,481],"post_language_cat":[42],"class_list":["post-27239","post","type-post","status-publish","format-standard","has-post-thumbnail","hentry","tag-canada","tag-discours-carney-davos","tag-gouvernement-carney","tag-intentions-de-vote","tag-intentions-de-vote-canada","tag-intentions-de-vote-federales","tag-intentions-vote-canada","tag-leger","tag-liberaux","tag-mark-carney","tag-opinion-publique","tag-parti-conservateur-canada","tag-parti-liberal-du-canada","tag-pierre-poilievre","tag-plc","tag-politique-canada","tag-politique-canadienne","tag-politique-federale","tag-sondages","tag-sondages-leger","tag-transfuges-politiques","post_language_cat-fr-in-the-news"],"acf":[],"yoast_head":"<!-- This site is optimized with the Yoast SEO Premium plugin v27.5 (Yoast SEO v27.5) - https:\/\/yoast.com\/product\/yoast-seo-premium-wordpress\/ -->\n<title>Politique f\u00e9d\u00e9rale : l&#039;appui aux lib\u00e9raux de Carney grimpe \u00e0 47% - Leger<\/title>\n<meta name=\"description\" content=\"Politique f\u00e9d\u00e9rale : Un sondage L\u00e9ger montre une hausse de l\u2019appui aux lib\u00e9raux, mais 51% des Canadiens s\u2019opposent aux transfuges politiques.\" \/>\n<meta name=\"robots\" content=\"index, follow, max-snippet:-1, max-image-preview:large, max-video-preview:-1\" \/>\n<link rel=\"canonical\" href=\"https:\/\/leger360.com\/fr\/dernieres-nouvelles-politique-federale-lappui-aux-liberaux-de-cagrimpe-a-47\/\" \/>\n<meta property=\"og:locale\" content=\"fr_CA\" \/>\n<meta property=\"og:type\" content=\"article\" \/>\n<meta property=\"og:title\" content=\"Politique f\u00e9d\u00e9rale : apr\u00e8s Davos et la Chine, les lib\u00e9raux de Mark Carney atteignent 47% d\u2019appui\" \/>\n<meta property=\"og:description\" content=\"Politique f\u00e9d\u00e9rale : Un sondage L\u00e9ger montre une hausse de l\u2019appui aux lib\u00e9raux, mais 51% des Canadiens s\u2019opposent aux transfuges politiques.\" \/>\n<meta property=\"og:url\" content=\"https:\/\/leger360.com\/fr\/dernieres-nouvelles-politique-federale-lappui-aux-liberaux-de-cagrimpe-a-47\/\" \/>\n<meta property=\"og:site_name\" content=\"Leger\" \/>\n<meta property=\"article:publisher\" content=\"https:\/\/www.facebook.com\/leger360\/\" \/>\n<meta property=\"article:published_time\" content=\"2026-01-29T21:17:20+00:00\" \/>\n<meta property=\"article:modified_time\" content=\"2026-01-29T21:34:55+00:00\" \/>\n<meta property=\"og:image\" content=\"https:\/\/leger360.com\/wp-content\/uploads\/2025\/11\/Federal-No-Leger-Logo.jpg\" \/>\n\t<meta property=\"og:image:width\" content=\"1200\" \/>\n\t<meta property=\"og:image:height\" content=\"751\" \/>\n\t<meta property=\"og:image:type\" content=\"image\/jpeg\" \/>\n<meta name=\"author\" content=\"Daphn\u00e9e Malboeuf\" \/>\n<meta name=\"twitter:card\" content=\"summary_large_image\" \/>\n<meta name=\"twitter:creator\" content=\"@leger360\" \/>\n<meta name=\"twitter:site\" content=\"@leger360\" \/>\n<meta name=\"twitter:label1\" content=\"\u00c9crit par\" \/>\n\t<meta name=\"twitter:data1\" content=\"Daphn\u00e9e Malboeuf\" \/>\n\t<meta name=\"twitter:label2\" content=\"Estimation du temps de lecture\" \/>\n\t<meta name=\"twitter:data2\" content=\"4 minutes\" \/>\n<script type=\"application\/ld+json\" class=\"yoast-schema-graph\">{\"@context\":\"https:\\\/\\\/schema.org\",\"@graph\":[{\"@type\":\"Article\",\"@id\":\"https:\\\/\\\/leger360.com\\\/fr\\\/dernieres-nouvelles-politique-federale-lappui-aux-liberaux-de-cagrimpe-a-47\\\/#article\",\"isPartOf\":{\"@id\":\"https:\\\/\\\/leger360.com\\\/fr\\\/dernieres-nouvelles-politique-federale-lappui-aux-liberaux-de-cagrimpe-a-47\\\/\"},\"author\":{\"name\":\"Daphn\u00e9e Malboeuf\",\"@id\":\"https:\\\/\\\/leger360.com\\\/fr\\\/#\\\/schema\\\/person\\\/c6208ecb57876af9652d81aadd00749f\"},\"headline\":\"Politique f\u00e9d\u00e9rale : apr\u00e8s Davos et la Chine, les lib\u00e9raux de Mark Carney atteignent 47% d\u2019appui\",\"datePublished\":\"2026-01-29T21:17:20+00:00\",\"dateModified\":\"2026-01-29T21:34:55+00:00\",\"mainEntityOfPage\":{\"@id\":\"https:\\\/\\\/leger360.com\\\/fr\\\/dernieres-nouvelles-politique-federale-lappui-aux-liberaux-de-cagrimpe-a-47\\\/\"},\"wordCount\":1176,\"publisher\":{\"@id\":\"https:\\\/\\\/leger360.com\\\/fr\\\/#organization\"},\"image\":{\"@id\":\"https:\\\/\\\/leger360.com\\\/fr\\\/dernieres-nouvelles-politique-federale-lappui-aux-liberaux-de-cagrimpe-a-47\\\/#primaryimage\"},\"thumbnailUrl\":\"https:\\\/\\\/leger360.com\\\/wp-content\\\/uploads\\\/2025\\\/11\\\/Federal-No-Leger-Logo.jpg\",\"keywords\":[\"Canada\",\"discours carney davos\",\"gouvernement carney\",\"intentions de vote\",\"intentions de vote canada\",\"intentions de vote f\u00e9d\u00e9rales\",\"intentions vote canada\",\"L\u00e9ger\",\"lib\u00e9raux\",\"mark carney\",\"Opinion publique\",\"parti conservateur canada\",\"parti lib\u00e9ral du canada\",\"pierre poilievre\",\"plc\",\"politique canada\",\"Politique canadienne\",\"Politique f\u00e9d\u00e9rale\",\"sondages\",\"sondages L\u00e9ger\",\"transfuges politiques\"],\"inLanguage\":\"fr-CA\"},{\"@type\":\"WebPage\",\"@id\":\"https:\\\/\\\/leger360.com\\\/fr\\\/dernieres-nouvelles-politique-federale-lappui-aux-liberaux-de-cagrimpe-a-47\\\/\",\"url\":\"https:\\\/\\\/leger360.com\\\/fr\\\/dernieres-nouvelles-politique-federale-lappui-aux-liberaux-de-cagrimpe-a-47\\\/\",\"name\":\"Politique f\u00e9d\u00e9rale : l'appui aux lib\u00e9raux de Carney grimpe \u00e0 47% - Leger\",\"isPartOf\":{\"@id\":\"https:\\\/\\\/leger360.com\\\/fr\\\/#website\"},\"primaryImageOfPage\":{\"@id\":\"https:\\\/\\\/leger360.com\\\/fr\\\/dernieres-nouvelles-politique-federale-lappui-aux-liberaux-de-cagrimpe-a-47\\\/#primaryimage\"},\"image\":{\"@id\":\"https:\\\/\\\/leger360.com\\\/fr\\\/dernieres-nouvelles-politique-federale-lappui-aux-liberaux-de-cagrimpe-a-47\\\/#primaryimage\"},\"thumbnailUrl\":\"https:\\\/\\\/leger360.com\\\/wp-content\\\/uploads\\\/2025\\\/11\\\/Federal-No-Leger-Logo.jpg\",\"datePublished\":\"2026-01-29T21:17:20+00:00\",\"dateModified\":\"2026-01-29T21:34:55+00:00\",\"description\":\"Politique f\u00e9d\u00e9rale : Un sondage L\u00e9ger montre une hausse de l\u2019appui aux lib\u00e9raux, mais 51% des Canadiens s\u2019opposent aux transfuges politiques.\",\"breadcrumb\":{\"@id\":\"https:\\\/\\\/leger360.com\\\/fr\\\/dernieres-nouvelles-politique-federale-lappui-aux-liberaux-de-cagrimpe-a-47\\\/#breadcrumb\"},\"inLanguage\":\"fr-CA\",\"potentialAction\":[{\"@type\":\"ReadAction\",\"target\":[\"https:\\\/\\\/leger360.com\\\/fr\\\/dernieres-nouvelles-politique-federale-lappui-aux-liberaux-de-cagrimpe-a-47\\\/\"]}]},{\"@type\":\"ImageObject\",\"inLanguage\":\"fr-CA\",\"@id\":\"https:\\\/\\\/leger360.com\\\/fr\\\/dernieres-nouvelles-politique-federale-lappui-aux-liberaux-de-cagrimpe-a-47\\\/#primaryimage\",\"url\":\"https:\\\/\\\/leger360.com\\\/wp-content\\\/uploads\\\/2025\\\/11\\\/Federal-No-Leger-Logo.jpg\",\"contentUrl\":\"https:\\\/\\\/leger360.com\\\/wp-content\\\/uploads\\\/2025\\\/11\\\/Federal-No-Leger-Logo.jpg\",\"width\":1200,\"height\":751,\"caption\":\"Federal Politics - Leger surveyed Canadians on politics, government performance, and key national issues.\u200b --- Politique f\u00e9d\u00e9rale : L\u00e9ger a interrog\u00e9 les Canadiens sur leurs intentions de vote aux \u00e9lections f\u00e9d\u00e9rales, la performance du gouvernement et les principaux enjeux nationaux.\"},{\"@type\":\"BreadcrumbList\",\"@id\":\"https:\\\/\\\/leger360.com\\\/fr\\\/dernieres-nouvelles-politique-federale-lappui-aux-liberaux-de-cagrimpe-a-47\\\/#breadcrumb\",\"itemListElement\":[{\"@type\":\"ListItem\",\"position\":1,\"name\":\"Home\",\"item\":\"https:\\\/\\\/leger360.com\\\/fr\\\/\"},{\"@type\":\"ListItem\",\"position\":2,\"name\":\"Politique f\u00e9d\u00e9rale : apr\u00e8s Davos et la Chine, les lib\u00e9raux de Mark Carney atteignent 47% d\u2019appui\"}]},{\"@type\":\"WebSite\",\"@id\":\"https:\\\/\\\/leger360.com\\\/fr\\\/#website\",\"url\":\"https:\\\/\\\/leger360.com\\\/fr\\\/\",\"name\":\"Leger\",\"description\":\"Market Research | Data Analytics\",\"publisher\":{\"@id\":\"https:\\\/\\\/leger360.com\\\/fr\\\/#organization\"},\"potentialAction\":[{\"@type\":\"SearchAction\",\"target\":{\"@type\":\"EntryPoint\",\"urlTemplate\":\"https:\\\/\\\/leger360.com\\\/fr\\\/?s={search_term_string}\"},\"query-input\":{\"@type\":\"PropertyValueSpecification\",\"valueRequired\":true,\"valueName\":\"search_term_string\"}}],\"inLanguage\":\"fr-CA\"},{\"@type\":\"Organization\",\"@id\":\"https:\\\/\\\/leger360.com\\\/fr\\\/#organization\",\"name\":\"Leger\",\"url\":\"https:\\\/\\\/leger360.com\\\/fr\\\/\",\"logo\":{\"@type\":\"ImageObject\",\"inLanguage\":\"fr-CA\",\"@id\":\"https:\\\/\\\/leger360.com\\\/fr\\\/#\\\/schema\\\/logo\\\/image\\\/\",\"url\":\"https:\\\/\\\/leger360.com\\\/wp-content\\\/uploads\\\/2024\\\/04\\\/2022-Logo-Leger-Blackred-g.png\",\"contentUrl\":\"https:\\\/\\\/leger360.com\\\/wp-content\\\/uploads\\\/2024\\\/04\\\/2022-Logo-Leger-Blackred-g.png\",\"width\":1195,\"height\":686,\"caption\":\"Leger\"},\"image\":{\"@id\":\"https:\\\/\\\/leger360.com\\\/fr\\\/#\\\/schema\\\/logo\\\/image\\\/\"},\"sameAs\":[\"https:\\\/\\\/www.facebook.com\\\/leger360\\\/\",\"https:\\\/\\\/x.com\\\/leger360\",\"https:\\\/\\\/www.linkedin.com\\\/company\\\/leger360\\\/\"],\"description\":\"Leger is one of North America\u2019s fastest-growing market research companies, known for our forward-thinking experts and innovative approaches powered by artificial intelligence (AI) technologies.\"},{\"@type\":\"Person\",\"@id\":\"https:\\\/\\\/leger360.com\\\/fr\\\/#\\\/schema\\\/person\\\/c6208ecb57876af9652d81aadd00749f\",\"name\":\"Daphn\u00e9e Malboeuf\",\"image\":{\"@type\":\"ImageObject\",\"inLanguage\":\"fr-CA\",\"@id\":\"https:\\\/\\\/secure.gravatar.com\\\/avatar\\\/205fe405426f600da6d7abba710f876cf1bfecbdefc77d2d394313a49e595dfc?s=96&d=mm&r=g\",\"url\":\"https:\\\/\\\/secure.gravatar.com\\\/avatar\\\/205fe405426f600da6d7abba710f876cf1bfecbdefc77d2d394313a49e595dfc?s=96&d=mm&r=g\",\"contentUrl\":\"https:\\\/\\\/secure.gravatar.com\\\/avatar\\\/205fe405426f600da6d7abba710f876cf1bfecbdefc77d2d394313a49e595dfc?s=96&d=mm&r=g\",\"caption\":\"Daphn\u00e9e Malboeuf\"}}]}<\/script>\n<!-- \/ Yoast SEO Premium plugin. -->","yoast_head_json":{"title":"Politique f\u00e9d\u00e9rale : l'appui aux lib\u00e9raux de Carney grimpe \u00e0 47% - Leger","description":"Politique f\u00e9d\u00e9rale : Un sondage L\u00e9ger montre une hausse de l\u2019appui aux lib\u00e9raux, mais 51% des Canadiens s\u2019opposent aux transfuges politiques.","robots":{"index":"index","follow":"follow","max-snippet":"max-snippet:-1","max-image-preview":"max-image-preview:large","max-video-preview":"max-video-preview:-1"},"canonical":"https:\/\/leger360.com\/fr\/dernieres-nouvelles-politique-federale-lappui-aux-liberaux-de-cagrimpe-a-47\/","og_locale":"fr_CA","og_type":"article","og_title":"Politique f\u00e9d\u00e9rale : apr\u00e8s Davos et la Chine, les lib\u00e9raux de Mark Carney atteignent 47% d\u2019appui","og_description":"Politique f\u00e9d\u00e9rale : Un sondage L\u00e9ger montre une hausse de l\u2019appui aux lib\u00e9raux, mais 51% des Canadiens s\u2019opposent aux transfuges politiques.","og_url":"https:\/\/leger360.com\/fr\/dernieres-nouvelles-politique-federale-lappui-aux-liberaux-de-cagrimpe-a-47\/","og_site_name":"Leger","article_publisher":"https:\/\/www.facebook.com\/leger360\/","article_published_time":"2026-01-29T21:17:20+00:00","article_modified_time":"2026-01-29T21:34:55+00:00","og_image":[{"width":1200,"height":751,"url":"https:\/\/leger360.com\/wp-content\/uploads\/2025\/11\/Federal-No-Leger-Logo.jpg","type":"image\/jpeg"}],"author":"Daphn\u00e9e Malboeuf","twitter_card":"summary_large_image","twitter_creator":"@leger360","twitter_site":"@leger360","twitter_misc":{"\u00c9crit par":"Daphn\u00e9e Malboeuf","Estimation du temps de lecture":"4 minutes"},"schema":{"@context":"https:\/\/schema.org","@graph":[{"@type":"Article","@id":"https:\/\/leger360.com\/fr\/dernieres-nouvelles-politique-federale-lappui-aux-liberaux-de-cagrimpe-a-47\/#article","isPartOf":{"@id":"https:\/\/leger360.com\/fr\/dernieres-nouvelles-politique-federale-lappui-aux-liberaux-de-cagrimpe-a-47\/"},"author":{"name":"Daphn\u00e9e Malboeuf","@id":"https:\/\/leger360.com\/fr\/#\/schema\/person\/c6208ecb57876af9652d81aadd00749f"},"headline":"Politique f\u00e9d\u00e9rale : apr\u00e8s Davos et la Chine, les lib\u00e9raux de Mark Carney atteignent 47% d\u2019appui","datePublished":"2026-01-29T21:17:20+00:00","dateModified":"2026-01-29T21:34:55+00:00","mainEntityOfPage":{"@id":"https:\/\/leger360.com\/fr\/dernieres-nouvelles-politique-federale-lappui-aux-liberaux-de-cagrimpe-a-47\/"},"wordCount":1176,"publisher":{"@id":"https:\/\/leger360.com\/fr\/#organization"},"image":{"@id":"https:\/\/leger360.com\/fr\/dernieres-nouvelles-politique-federale-lappui-aux-liberaux-de-cagrimpe-a-47\/#primaryimage"},"thumbnailUrl":"https:\/\/leger360.com\/wp-content\/uploads\/2025\/11\/Federal-No-Leger-Logo.jpg","keywords":["Canada","discours carney davos","gouvernement carney","intentions de vote","intentions de vote canada","intentions de vote f\u00e9d\u00e9rales","intentions vote canada","L\u00e9ger","lib\u00e9raux","mark carney","Opinion publique","parti conservateur canada","parti lib\u00e9ral du canada","pierre poilievre","plc","politique canada","Politique canadienne","Politique f\u00e9d\u00e9rale","sondages","sondages L\u00e9ger","transfuges politiques"],"inLanguage":"fr-CA"},{"@type":"WebPage","@id":"https:\/\/leger360.com\/fr\/dernieres-nouvelles-politique-federale-lappui-aux-liberaux-de-cagrimpe-a-47\/","url":"https:\/\/leger360.com\/fr\/dernieres-nouvelles-politique-federale-lappui-aux-liberaux-de-cagrimpe-a-47\/","name":"Politique f\u00e9d\u00e9rale : l'appui aux lib\u00e9raux de Carney grimpe \u00e0 47% - Leger","isPartOf":{"@id":"https:\/\/leger360.com\/fr\/#website"},"primaryImageOfPage":{"@id":"https:\/\/leger360.com\/fr\/dernieres-nouvelles-politique-federale-lappui-aux-liberaux-de-cagrimpe-a-47\/#primaryimage"},"image":{"@id":"https:\/\/leger360.com\/fr\/dernieres-nouvelles-politique-federale-lappui-aux-liberaux-de-cagrimpe-a-47\/#primaryimage"},"thumbnailUrl":"https:\/\/leger360.com\/wp-content\/uploads\/2025\/11\/Federal-No-Leger-Logo.jpg","datePublished":"2026-01-29T21:17:20+00:00","dateModified":"2026-01-29T21:34:55+00:00","description":"Politique f\u00e9d\u00e9rale : Un sondage L\u00e9ger montre une hausse de l\u2019appui aux lib\u00e9raux, mais 51% des Canadiens s\u2019opposent aux transfuges politiques.","breadcrumb":{"@id":"https:\/\/leger360.com\/fr\/dernieres-nouvelles-politique-federale-lappui-aux-liberaux-de-cagrimpe-a-47\/#breadcrumb"},"inLanguage":"fr-CA","potentialAction":[{"@type":"ReadAction","target":["https:\/\/leger360.com\/fr\/dernieres-nouvelles-politique-federale-lappui-aux-liberaux-de-cagrimpe-a-47\/"]}]},{"@type":"ImageObject","inLanguage":"fr-CA","@id":"https:\/\/leger360.com\/fr\/dernieres-nouvelles-politique-federale-lappui-aux-liberaux-de-cagrimpe-a-47\/#primaryimage","url":"https:\/\/leger360.com\/wp-content\/uploads\/2025\/11\/Federal-No-Leger-Logo.jpg","contentUrl":"https:\/\/leger360.com\/wp-content\/uploads\/2025\/11\/Federal-No-Leger-Logo.jpg","width":1200,"height":751,"caption":"Federal Politics - Leger surveyed Canadians on politics, government performance, and key national issues.\u200b --- Politique f\u00e9d\u00e9rale : L\u00e9ger a interrog\u00e9 les Canadiens sur leurs intentions de vote aux \u00e9lections f\u00e9d\u00e9rales, la performance du gouvernement et les principaux enjeux nationaux."},{"@type":"BreadcrumbList","@id":"https:\/\/leger360.com\/fr\/dernieres-nouvelles-politique-federale-lappui-aux-liberaux-de-cagrimpe-a-47\/#breadcrumb","itemListElement":[{"@type":"ListItem","position":1,"name":"Home","item":"https:\/\/leger360.com\/fr\/"},{"@type":"ListItem","position":2,"name":"Politique f\u00e9d\u00e9rale : apr\u00e8s Davos et la Chine, les lib\u00e9raux de Mark Carney atteignent 47% d\u2019appui"}]},{"@type":"WebSite","@id":"https:\/\/leger360.com\/fr\/#website","url":"https:\/\/leger360.com\/fr\/","name":"Leger","description":"Market Research | Data Analytics","publisher":{"@id":"https:\/\/leger360.com\/fr\/#organization"},"potentialAction":[{"@type":"SearchAction","target":{"@type":"EntryPoint","urlTemplate":"https:\/\/leger360.com\/fr\/?s={search_term_string}"},"query-input":{"@type":"PropertyValueSpecification","valueRequired":true,"valueName":"search_term_string"}}],"inLanguage":"fr-CA"},{"@type":"Organization","@id":"https:\/\/leger360.com\/fr\/#organization","name":"Leger","url":"https:\/\/leger360.com\/fr\/","logo":{"@type":"ImageObject","inLanguage":"fr-CA","@id":"https:\/\/leger360.com\/fr\/#\/schema\/logo\/image\/","url":"https:\/\/leger360.com\/wp-content\/uploads\/2024\/04\/2022-Logo-Leger-Blackred-g.png","contentUrl":"https:\/\/leger360.com\/wp-content\/uploads\/2024\/04\/2022-Logo-Leger-Blackred-g.png","width":1195,"height":686,"caption":"Leger"},"image":{"@id":"https:\/\/leger360.com\/fr\/#\/schema\/logo\/image\/"},"sameAs":["https:\/\/www.facebook.com\/leger360\/","https:\/\/x.com\/leger360","https:\/\/www.linkedin.com\/company\/leger360\/"],"description":"Leger is one of North America\u2019s fastest-growing market research companies, known for our forward-thinking experts and innovative approaches powered by artificial intelligence (AI) technologies."},{"@type":"Person","@id":"https:\/\/leger360.com\/fr\/#\/schema\/person\/c6208ecb57876af9652d81aadd00749f","name":"Daphn\u00e9e Malboeuf","image":{"@type":"ImageObject","inLanguage":"fr-CA","@id":"https:\/\/secure.gravatar.com\/avatar\/205fe405426f600da6d7abba710f876cf1bfecbdefc77d2d394313a49e595dfc?s=96&d=mm&r=g","url":"https:\/\/secure.gravatar.com\/avatar\/205fe405426f600da6d7abba710f876cf1bfecbdefc77d2d394313a49e595dfc?s=96&d=mm&r=g","contentUrl":"https:\/\/secure.gravatar.com\/avatar\/205fe405426f600da6d7abba710f876cf1bfecbdefc77d2d394313a49e595dfc?s=96&d=mm&r=g","caption":"Daphn\u00e9e Malboeuf"}}]}},"_links":{"self":[{"href":"https:\/\/leger360.com\/fr\/wp-json\/wp\/v2\/posts\/27239","targetHints":{"allow":["GET"]}}],"collection":[{"href":"https:\/\/leger360.com\/fr\/wp-json\/wp\/v2\/posts"}],"about":[{"href":"https:\/\/leger360.com\/fr\/wp-json\/wp\/v2\/types\/post"}],"author":[{"embeddable":true,"href":"https:\/\/leger360.com\/fr\/wp-json\/wp\/v2\/users\/12"}],"replies":[{"embeddable":true,"href":"https:\/\/leger360.com\/fr\/wp-json\/wp\/v2\/comments?post=27239"}],"version-history":[{"count":0,"href":"https:\/\/leger360.com\/fr\/wp-json\/wp\/v2\/posts\/27239\/revisions"}],"wp:featuredmedia":[{"embeddable":true,"href":"https:\/\/leger360.com\/fr\/wp-json\/wp\/v2\/media\/26261"}],"wp:attachment":[{"href":"https:\/\/leger360.com\/fr\/wp-json\/wp\/v2\/media?parent=27239"}],"wp:term":[{"taxonomy":"category","embeddable":true,"href":"https:\/\/leger360.com\/fr\/wp-json\/wp\/v2\/categories?post=27239"},{"taxonomy":"post_tag","embeddable":true,"href":"https:\/\/leger360.com\/fr\/wp-json\/wp\/v2\/tags?post=27239"},{"taxonomy":"post_language_cat","embeddable":true,"href":"https:\/\/leger360.com\/fr\/wp-json\/wp\/v2\/post_language_cat?post=27239"}],"curies":[{"name":"wp","href":"https:\/\/api.w.org\/{rel}","templated":true}]}}