{"id":27750,"date":"2026-03-11T18:44:08","date_gmt":"2026-03-11T22:44:08","guid":{"rendered":"https:\/\/leger360.com\/?p=27750"},"modified":"2026-03-30T09:22:13","modified_gmt":"2026-03-30T13:22:13","slug":"dernieres-nouvelles-politique-canada-immigration-deficits-budgetaires-retour-bureau-leger-mars-2026","status":"publish","type":"post","link":"https:\/\/leger360.com\/fr\/dernieres-nouvelles-politique-canada-immigration-deficits-budgetaires-retour-bureau-leger-mars-2026\/","title":{"rendered":"Politique au Canada : les Canadiens favorables \u00e0 l&rsquo;adoption de politiques d&rsquo;immigration plus strictes et inquiets face aux d\u00e9ficits budg\u00e9taires"},"content":{"rendered":"<p>[et_pb_section fb_built=\u00a0\u00bb1&Prime; _builder_version=\u00a0\u00bb4.27.4&Prime; _module_preset=\u00a0\u00bbdefault\u00a0\u00bb global_colors_info=\u00a0\u00bb{}\u00a0\u00bb][et_pb_row _builder_version=\u00a0\u00bb4.27.4&Prime; _module_preset=\u00a0\u00bbdefault\u00a0\u00bb global_colors_info=\u00a0\u00bb{}\u00a0\u00bb][et_pb_column type=\u00a0\u00bb4_4&Prime; _builder_version=\u00a0\u00bb4.27.4&Prime; _module_preset=\u00a0\u00bbdefault\u00a0\u00bb global_colors_info=\u00a0\u00bb{}\u00a0\u00bb][et_pb_text _builder_version=\u00a0\u00bb4.27.6&Prime; _module_preset=\u00a0\u00bbdefault\u00a0\u00bb custom_margin=\u00a0\u00bb-85px||||false|false\u00a0\u00bb global_colors_info=\u00a0\u00bb{}\u00a0\u00bb]<\/p>\n<p>Dans un contexte o\u00f9 le Premier ministre Mark Carney multiplie les <a href=\"https:\/\/www.lapresse.ca\/actualites\/chroniques\/2026-03-04\/la-presse-en-australie\/l-iran-rattrape-carney-a-sydney.php\">initiatives diplomatiques sur la sc\u00e8ne internationale<\/a> et cherche \u00e0 <a href=\"https:\/\/www.ledevoir.com\/politique\/canada\/960675\/mark-carney-est-australie-renforcer-liens-commerciaux-militaires\">stabiliser l&rsquo;\u00e9conomie du pays<\/a>, <a href=\"https:\/\/leger360.com\/wp-content\/uploads\/2026\/03\/Immigration_et_deficit_Mars_2026-FR.pdf?utm_source=blogs&amp;utm_medium=webpage&amp;utm_content=march2026&amp;utm_campaign=etudesmediatiques\">de nouvelles donn\u00e9es L\u00e9ger<\/a> montrent un virage dans l\u2019opinion publique concernant des enjeux cl\u00e9s entourant la politique canadienne.<\/p>\n<p><a href=\"https:\/\/leger360.com\/wp-content\/uploads\/2026\/03\/Immigration_et_deficit_Mars_2026-FR.pdf?utm_source=blogs&amp;utm_medium=webpage&amp;utm_content=march2026&amp;utm_campaign=etudesmediatiques\">Un sondage national men\u00e9 par L\u00e9ger<\/a> du 27 f\u00e9vrier au 2 mars 2026 r\u00e9v\u00e8le un appui marqu\u00e9 \u00e0 des mesures plus strictes li\u00e9es \u00e0 l\u2019immigration, une <a href=\"https:\/\/www.journaldemontreal.com\/2025\/11\/04\/en-direct--le-gouvernement-carney-devoile-son-budget-federal\">forte inqui\u00e9tude face \u00e0 des d\u00e9ficits records<\/a> et un soutien majoritaire \u00e0 un retour plus encadr\u00e9 au bureau pour les employ\u00e9\u00b7es au f\u00e9d\u00e9ral.<\/p>\n<p>Malgr\u00e9 <a href=\"https:\/\/leger360.com\/fr\/dernieres-nouvelles-politique-federale-mars-2026-ecart-14-points-entre-plc-et-pcc\/?utm_source=blogs&amp;utm_medium=webpage&amp;utm_content=march2026&amp;utm_campaign=etudesmediatiques\">la r\u00e9cente hausse des intentions de vote en faveur des lib\u00e9raux de Carney (PLC) \u00e0 <strong>49%<\/strong><\/a>, le gouvernement f\u00e9d\u00e9ral demeure sous pression en ce qui a trait aux niveaux de d\u00e9penses, aux d\u00e9ficits provinciaux et \u00e0 l\u2019impact \u00e9conomique des tarifs commerciaux impos\u00e9s par le pr\u00e9sident am\u00e9ricain, Donald Trump. Pendant ce temps, les seuils d\u2019immigration et la r\u00e9forme de la fonction publique restent au centre des pr\u00e9occupations et des discussions publiques.<\/p>\n<p>[\/et_pb_text][et_pb_image src=\u00a0\u00bbhttps:\/\/leger360.com\/wp-content\/uploads\/2026\/03\/CAN-Politics-Leger-Logo-2.jpg\u00a0\u00bb alt=\u00a0\u00bbFederal Politics: Leger surveyed Canadians on politics, their federal voting intentions, government performance, and key national issues.  &#8212; Politique f\u00e9d\u00e9rale : L\u00e9ger a interrog\u00e9 les Canadiens sur leurs intentions de vote aux \u00e9lections f\u00e9d\u00e9rales, la performance du gouvernement et les principaux enjeux nationaux.\u00a0\u00bb title_text=\u00a0\u00bbCAN Politics &#8211; Leger Logo 2&Prime; url=\u00a0\u00bbhttps:\/\/leger360.com\/wp-content\/uploads\/2026\/03\/Immigration_et_deficit_Mars_2026-FR.pdf?utm_source=blogs&#038;utm_medium=webpage&#038;utm_content=march2026&#038;utm_campaign=etudesmediatiques\u00a0\u00bb url_new_window=\u00a0\u00bbon\u00a0\u00bb _builder_version=\u00a0\u00bb4.27.6&Prime; _module_preset=\u00a0\u00bbdefault\u00a0\u00bb border_radii=\u00a0\u00bbon|10px|10px|10px|10px\u00a0\u00bb box_shadow_style=\u00a0\u00bbpreset1&Prime; global_colors_info=\u00a0\u00bb{}\u00a0\u00bb][\/et_pb_image][et_pb_button button_url=\u00a0\u00bbhttps:\/\/leger360.com\/wp-content\/uploads\/2026\/03\/Immigration_et_deficit_Mars_2026-FR.pdf?utm_source=blogs&#038;utm_medium=webpage&#038;utm_content=march2026&#038;utm_campaign=etudesmediatiques\u00a0\u00bb url_new_window=\u00a0\u00bbon\u00a0\u00bb button_text=\u00a0\u00bbT\u00e9l\u00e9chargez le rapport complet pour en apprendre plus\u00a0\u00bb button_alignment=\u00a0\u00bbcenter\u00a0\u00bb _builder_version=\u00a0\u00bb4.27.6&Prime; _module_preset=\u00a0\u00bbdefault\u00a0\u00bb locked=\u00a0\u00bboff\u00a0\u00bb global_colors_info=\u00a0\u00bb{}\u00a0\u00bb][\/et_pb_button][et_pb_text _builder_version=\u00a0\u00bb4.27.6&Prime; _module_preset=\u00a0\u00bbdefault\u00a0\u00bb global_colors_info=\u00a0\u00bb{}\u00a0\u00bb]<\/p>\n<h2>Une majorit\u00e9 en faveur de politiques d&rsquo;immigration plus strictes<\/h2>\n<p>Deux tiers des Canadien\u00b7nes (<strong>65%<\/strong>) appuient l\u2019id\u00e9e d\u2019accorder aux provinces beaucoup plus de contr\u00f4le sur les niveaux d\u2019immigration et les crit\u00e8res de s\u00e9lection. L\u2019appui est plus \u00e9lev\u00e9 au Qu\u00e9bec et parmi les \u00e9lecteur\u00b7rices conservateur\u00b7rices.<\/p>\n<p>D\u2019autres mesures propos\u00e9es obtiennent aussi l\u2019appui d\u2019une majorit\u00e9 :<\/p>\n<ul>\n<li style=\"list-style-type: none;\">\n<ul>\n<li><strong>72%<\/strong> appuient l\u2019exigence de vivre dans une province pendant au moins 12 mois avant d\u2019avoir acc\u00e8s aux programmes d\u2019aide sociale financ\u00e9s par la province pour les personnes ayant un statut temporaire;<\/li>\n<li><strong>69%<\/strong> appuient l\u2019imposition de frais raisonnables aux personnes ayant un statut temporaire pour l\u2019utilisation des syst\u00e8mes publics de sant\u00e9 et d\u2019\u00e9ducation;<\/li>\n<li><strong>73%<\/strong> appuient la fin des prestations suppl\u00e9mentaires en mati\u00e8re de soin de sant\u00e9 pour les demandeur\u00b7euses d\u2019asile non approuv\u00e9s, afin de les limiter \u00e0 une couverture \u00e9quivalente \u00e0 celle de la plupart des Canadien\u00b7nes.<\/li>\n<\/ul>\n<\/li>\n<\/ul>\n<h2>D\u00e9ficits records, une pr\u00e9occupation dominante<\/h2>\n<p>Les <a href=\"https:\/\/www.lapresse.ca\/affaires\/2025-09-15\/budget-federal\/vers-un-deficit-de-100-milliards.php\" target=\"_blank\" rel=\"noopener\">finances publiques pr\u00e9occupent largement<\/a>. <a href=\"https:\/\/leger360.com\/fr\/dernieres-nouvelles-confiance-economique-canada-2026-prudence-optimisme-fragile\/?utm_source=blogs&amp;utm_medium=webpage&amp;utm_content=march2026&amp;utm_campaign=etudesmediatiques\" target=\"_blank\" rel=\"noopener\">L\u2019incertitude \u00e9conomique<\/a> demeure au premier plan. Alors que <a href=\"https:\/\/www.ledevoir.com\/interactif\/2025-11-04\/budget-canada\/index.html\" target=\"_blank\" rel=\"noopener\">le gouvernements f\u00e9d\u00e9ral pr\u00e9sente des d\u00e9ficits records<\/a>, et que les tensions commerciales avec les \u00c9tats-Unis continuent d\u2019influencer les perspectives de croissance \u00e9conomique au pays, l\u2019inqui\u00e9tude est \u00e9lev\u00e9e. En effet, <strong>71%<\/strong> des Canadien\u00b7nes se disent pr\u00e9occup\u00e9\u00b7es par les d\u00e9ficits actuels, dont <strong>31%<\/strong> qui se disent tr\u00e8s pr\u00e9occup\u00e9s.<\/p>\n<p>Quand on leur demande qui assumera ultimement le poids du remboursement de la dette, les avis sont partag\u00e9s :<\/p>\n<ul>\n<li style=\"list-style-type: none;\">\n<ul>\n<li><strong>29%<\/strong> d\u00e9signent les contribuables de la classe moyenne;<\/li>\n<li><strong>25%<\/strong> \u00e9voquent les g\u00e9n\u00e9rations futures;<\/li>\n<li><strong>24%<\/strong> pointent vers les plus fortun\u00e9s;<\/li>\n<li><strong>22%<\/strong> ciblent les grandes entreprises.<\/li>\n<\/ul>\n<\/li>\n<\/ul>\n<p>Sur les solutions, les Canadien\u00b7nes privil\u00e9gient davantage la r\u00e9duction des d\u00e9penses que la hausse d\u2019imp\u00f4ts :<\/p>\n<ul>\n<li style=\"list-style-type: none;\">\n<ul>\n<li><strong>30%<\/strong> favorisent la r\u00e9duction du nombre d\u2019employ\u00e9\u00b7es de l\u2019\u00c9tat;<\/li>\n<li><strong>30%<\/strong> pr\u00e9f\u00e8rent d\u2019importantes r\u00e9ductions de programmes;<\/li>\n<li><strong>26%<\/strong> appuient le gel ou une forte limitation des augmentations salariales dans la fonction publique;<\/li>\n<li><strong>14%<\/strong> choisissent une hausse des taxes et imp\u00f4ts comme approche privil\u00e9gi\u00e9e.<\/li>\n<\/ul>\n<\/li>\n<\/ul>\n<h2>Retour au bureau travailleurs\u00b7euses des secteurs public : en faveur de r\u00e8gles plus strictes<\/h2>\n<p>L\u2019obligation f\u00e9d\u00e9rale d\u2019\u00eatre au bureau au moins quatre jours par semaine pour les fonctionnaires f\u00e9d\u00e9ral\u00b7es est appuy\u00e9e par <strong>65%<\/strong> des Canadien\u00b7nes. Deux tiers (<strong>66%<\/strong>) estiment que les employ\u00e9\u00b7es du gouvernement sont plus productifs lorsqu\u2019ils et elles travaillent en pr\u00e9sentiel, au bureau.\u00a0<\/p>\n<p>Toutefois, les perceptions varient selon l\u2019organisation du travail des r\u00e9pondant\u00b7es. Les personnes qui travaillent principalement de la maison sont plus enclines \u00e0 privil\u00e9gier le t\u00e9l\u00e9travail, alors que celles qui travaillent en pr\u00e9sentiel appuient plus fortement les exigences de pr\u00e9sence au bureau.<\/p>\n<p><span style=\"color: #333333; font-size: 22px;\">M\u00e9thodologie<\/span><\/p>\n<p>Ce sondage en ligne a \u00e9t\u00e9 men\u00e9 du 27 f\u00e9vrier au 2 mars 2026 aupr\u00e8s de 1 627 Canadien\u00b7nes \u00e2g\u00e9\u00b7es de 18 ans et plus. Les r\u00e9pondant\u00b7es ont \u00e9t\u00e9 recrut\u00e9\u00b7es al\u00e9atoirement \u00e0 partir du panel en ligne LEO. Les r\u00e9sultats ont \u00e9t\u00e9 pond\u00e9r\u00e9s selon l\u2019\u00e2ge, le genre, la langue maternelle, la r\u00e9gion, la scolarit\u00e9 et la pr\u00e9sence d\u2019enfant dans le foyer afin d\u2019assurer la repr\u00e9sentativit\u00e9 de la population canadienne.<\/p>\n<p data-start=\"3868\" data-end=\"4067\"><span>Il n\u2019est pas possible de calculer une marge d\u2019erreur sur un \u00e9chantillon tir\u00e9 d\u2019un panel, mais \u00e0 des fins de comparaison, un un \u00e9chantillon probabiliste de cette taille comporterait une marge d\u2019erreur maximale de \u00b12,43%, 19 fois sur 20.<\/span><\/p>\n<p>[\/et_pb_text][\/et_pb_column][\/et_pb_row][\/et_pb_section]<\/p>\n","protected":false},"excerpt":{"rendered":"<p>Dans un contexte o\u00f9 le Premier ministre Mark Carney multiplie les initiatives diplomatiques sur la sc\u00e8ne internationale et cherche \u00e0 stabiliser l&rsquo;\u00e9conomie du pays, de nouvelles donn\u00e9es L\u00e9ger montrent un virage dans l\u2019opinion publique concernant des enjeux cl\u00e9s entourant la politique canadienne. Un sondage national men\u00e9 par L\u00e9ger du 27 f\u00e9vrier au 2 mars 2026 r\u00e9v\u00e8le un appui marqu\u00e9 \u00e0 des mesures plus strictes li\u00e9es \u00e0 l\u2019immigration, une forte inqui\u00e9tude face \u00e0 des d\u00e9ficits records et un soutien majoritaire \u00e0 un retour plus encadr\u00e9 au bureau pour les employ\u00e9\u00b7es au f\u00e9d\u00e9ral. Malgr\u00e9 la r\u00e9cente hausse des intentions de vote en faveur des lib\u00e9raux de Carney (PLC) \u00e0 49%, le gouvernement f\u00e9d\u00e9ral demeure sous pression en ce qui a trait aux niveaux de d\u00e9penses, aux d\u00e9ficits provinciaux et \u00e0 l\u2019impact \u00e9conomique des tarifs commerciaux impos\u00e9s par le pr\u00e9sident am\u00e9ricain, Donald Trump. Pendant ce temps, les seuils d\u2019immigration et la r\u00e9forme de la fonction publique restent au centre des pr\u00e9occupations et des discussions publiques.Une majorit\u00e9 en faveur de politiques d&rsquo;immigration plus strictes Deux tiers des Canadien\u00b7nes (65%) appuient l\u2019id\u00e9e d\u2019accorder aux provinces beaucoup plus de contr\u00f4le sur les niveaux d\u2019immigration et les crit\u00e8res de s\u00e9lection. L\u2019appui est plus \u00e9lev\u00e9 au Qu\u00e9bec et [&hellip;]<\/p>\n","protected":false},"author":12,"featured_media":26261,"comment_status":"closed","ping_status":"closed","sticky":false,"template":"","format":"standard","meta":{"_acf_changed":false,"_et_pb_use_builder":"on","_et_pb_old_content":"","_et_gb_content_width":"","content-type":"","inline_featured_image":false,"footnotes":""},"categories":[35],"tags":[478,744,742,741,482,745,487,740,739,471,470,472,488,163,477,207,479,475,480,476,489,212,211,746,743,738,66,339,481],"post_language_cat":[42],"class_list":["post-27750","post","type-post","status-publish","format-standard","has-post-thumbnail","hentry","category-in-the-news","tag-canada","tag-canada-immigration","tag-deficits-budgetaires-canada","tag-deficits-gouvernement-canada","tag-discours-carney-davos","tag-finances-publiques-canada-2026","tag-gouvernement-carney","tag-immigration-canada","tag-immigration-canada-opinion-publique","tag-intentions-de-vote","tag-intentions-de-vote-canada","tag-intentions-de-vote-federales","tag-intentions-vote-canada","tag-leger","tag-liberaux","tag-opinion-publique","tag-parti-conservateur-canada","tag-parti-liberal-du-canada","tag-pierre-poilievre","tag-plc","tag-politique-canada","tag-politique-canadienne","tag-politique-federale","tag-politiques-dimmigration-canada","tag-retour-bureau-fonctionnaires-federaux","tag-sondage-leger-politique-canada","tag-sondages","tag-sondages-leger","tag-transfuges-politiques","post_language_cat-fr-in-the-news"],"acf":[],"yoast_head":"<!-- This site is optimized with the Yoast SEO Premium plugin v27.5 (Yoast SEO v27.5) - https:\/\/yoast.com\/product\/yoast-seo-premium-wordpress\/ -->\n<title>Politique Canada : immigration, d\u00e9ficits budg\u00e9taires et plus - L\u00e9ger<\/title>\n<meta name=\"description\" content=\"Politique Canada : sondage L\u00e9ger r\u00e9v\u00e8le un appui \u00e0 des mesures plus strictes en immigration, inqui\u00e9tude \u00e9lev\u00e9e face aux d\u00e9ficits budg\u00e9taires.\" \/>\n<meta name=\"robots\" content=\"index, follow, max-snippet:-1, max-image-preview:large, max-video-preview:-1\" \/>\n<link rel=\"canonical\" href=\"https:\/\/leger360.com\/fr\/dernieres-nouvelles-politique-canada-immigration-deficits-budgetaires-retour-bureau-leger-mars-2026\/\" \/>\n<meta property=\"og:locale\" content=\"fr_CA\" \/>\n<meta property=\"og:type\" content=\"article\" \/>\n<meta property=\"og:title\" content=\"Politique au Canada : les Canadiens favorables \u00e0 l&#039;adoption de politiques d&#039;immigration plus strictes et inquiets face aux d\u00e9ficits budg\u00e9taires\" \/>\n<meta property=\"og:description\" content=\"Politique Canada : sondage L\u00e9ger r\u00e9v\u00e8le un appui \u00e0 des mesures plus strictes en immigration, inqui\u00e9tude \u00e9lev\u00e9e face aux d\u00e9ficits budg\u00e9taires.\" \/>\n<meta property=\"og:url\" content=\"https:\/\/leger360.com\/fr\/dernieres-nouvelles-politique-canada-immigration-deficits-budgetaires-retour-bureau-leger-mars-2026\/\" \/>\n<meta property=\"og:site_name\" content=\"Leger\" \/>\n<meta property=\"article:publisher\" content=\"https:\/\/www.facebook.com\/leger360\/\" \/>\n<meta property=\"article:published_time\" content=\"2026-03-11T22:44:08+00:00\" \/>\n<meta property=\"article:modified_time\" content=\"2026-03-30T13:22:13+00:00\" \/>\n<meta property=\"og:image\" content=\"https:\/\/leger360.com\/wp-content\/uploads\/2025\/11\/Federal-No-Leger-Logo.jpg\" \/>\n\t<meta property=\"og:image:width\" content=\"1200\" \/>\n\t<meta property=\"og:image:height\" content=\"751\" \/>\n\t<meta property=\"og:image:type\" content=\"image\/jpeg\" \/>\n<meta name=\"author\" content=\"Daphn\u00e9e Malboeuf\" \/>\n<meta name=\"twitter:card\" content=\"summary_large_image\" \/>\n<meta name=\"twitter:creator\" content=\"@leger360\" \/>\n<meta name=\"twitter:site\" content=\"@leger360\" \/>\n<meta name=\"twitter:label1\" content=\"\u00c9crit par\" \/>\n\t<meta name=\"twitter:data1\" content=\"Daphn\u00e9e Malboeuf\" \/>\n\t<meta name=\"twitter:label2\" content=\"Estimation du temps de lecture\" \/>\n\t<meta name=\"twitter:data2\" content=\"4 minutes\" \/>\n<script type=\"application\/ld+json\" class=\"yoast-schema-graph\">{\"@context\":\"https:\\\/\\\/schema.org\",\"@graph\":[{\"@type\":\"Article\",\"@id\":\"https:\\\/\\\/leger360.com\\\/fr\\\/dernieres-nouvelles-politique-canada-immigration-deficits-budgetaires-retour-bureau-leger-mars-2026\\\/#article\",\"isPartOf\":{\"@id\":\"https:\\\/\\\/leger360.com\\\/fr\\\/dernieres-nouvelles-politique-canada-immigration-deficits-budgetaires-retour-bureau-leger-mars-2026\\\/\"},\"author\":{\"name\":\"Daphn\u00e9e Malboeuf\",\"@id\":\"https:\\\/\\\/leger360.com\\\/fr\\\/#\\\/schema\\\/person\\\/c6208ecb57876af9652d81aadd00749f\"},\"headline\":\"Politique au Canada : les Canadiens favorables \u00e0 l&rsquo;adoption de politiques d&rsquo;immigration plus strictes et inquiets face aux d\u00e9ficits budg\u00e9taires\",\"datePublished\":\"2026-03-11T22:44:08+00:00\",\"dateModified\":\"2026-03-30T13:22:13+00:00\",\"mainEntityOfPage\":{\"@id\":\"https:\\\/\\\/leger360.com\\\/fr\\\/dernieres-nouvelles-politique-canada-immigration-deficits-budgetaires-retour-bureau-leger-mars-2026\\\/\"},\"wordCount\":1047,\"publisher\":{\"@id\":\"https:\\\/\\\/leger360.com\\\/fr\\\/#organization\"},\"image\":{\"@id\":\"https:\\\/\\\/leger360.com\\\/fr\\\/dernieres-nouvelles-politique-canada-immigration-deficits-budgetaires-retour-bureau-leger-mars-2026\\\/#primaryimage\"},\"thumbnailUrl\":\"https:\\\/\\\/leger360.com\\\/wp-content\\\/uploads\\\/2025\\\/11\\\/Federal-No-Leger-Logo.jpg\",\"keywords\":[\"Canada\",\"canada immigration\",\"d\u00e9ficits budg\u00e9taires canada\",\"d\u00e9ficits gouvernement Canada\",\"discours carney davos\",\"finances publiques Canada 2026\",\"gouvernement carney\",\"immigration canada\",\"immigration Canada opinion publique\",\"intentions de vote\",\"intentions de vote canada\",\"intentions de vote f\u00e9d\u00e9rales\",\"intentions vote canada\",\"L\u00e9ger\",\"lib\u00e9raux\",\"Opinion publique\",\"parti conservateur canada\",\"parti lib\u00e9ral du canada\",\"pierre poilievre\",\"plc\",\"politique canada\",\"Politique canadienne\",\"Politique f\u00e9d\u00e9rale\",\"politiques d\u2019immigration Canada\",\"retour bureau fonctionnaires f\u00e9d\u00e9raux\",\"sondage L\u00e9ger politique Canada\",\"sondages\",\"sondages L\u00e9ger\",\"transfuges politiques\"],\"articleSection\":[\"In the news\"],\"inLanguage\":\"fr-CA\"},{\"@type\":\"WebPage\",\"@id\":\"https:\\\/\\\/leger360.com\\\/fr\\\/dernieres-nouvelles-politique-canada-immigration-deficits-budgetaires-retour-bureau-leger-mars-2026\\\/\",\"url\":\"https:\\\/\\\/leger360.com\\\/fr\\\/dernieres-nouvelles-politique-canada-immigration-deficits-budgetaires-retour-bureau-leger-mars-2026\\\/\",\"name\":\"Politique Canada : immigration, d\u00e9ficits budg\u00e9taires et plus - L\u00e9ger\",\"isPartOf\":{\"@id\":\"https:\\\/\\\/leger360.com\\\/fr\\\/#website\"},\"primaryImageOfPage\":{\"@id\":\"https:\\\/\\\/leger360.com\\\/fr\\\/dernieres-nouvelles-politique-canada-immigration-deficits-budgetaires-retour-bureau-leger-mars-2026\\\/#primaryimage\"},\"image\":{\"@id\":\"https:\\\/\\\/leger360.com\\\/fr\\\/dernieres-nouvelles-politique-canada-immigration-deficits-budgetaires-retour-bureau-leger-mars-2026\\\/#primaryimage\"},\"thumbnailUrl\":\"https:\\\/\\\/leger360.com\\\/wp-content\\\/uploads\\\/2025\\\/11\\\/Federal-No-Leger-Logo.jpg\",\"datePublished\":\"2026-03-11T22:44:08+00:00\",\"dateModified\":\"2026-03-30T13:22:13+00:00\",\"description\":\"Politique Canada : sondage L\u00e9ger r\u00e9v\u00e8le un appui \u00e0 des mesures plus strictes en immigration, inqui\u00e9tude \u00e9lev\u00e9e face aux d\u00e9ficits budg\u00e9taires.\",\"breadcrumb\":{\"@id\":\"https:\\\/\\\/leger360.com\\\/fr\\\/dernieres-nouvelles-politique-canada-immigration-deficits-budgetaires-retour-bureau-leger-mars-2026\\\/#breadcrumb\"},\"inLanguage\":\"fr-CA\",\"potentialAction\":[{\"@type\":\"ReadAction\",\"target\":[\"https:\\\/\\\/leger360.com\\\/fr\\\/dernieres-nouvelles-politique-canada-immigration-deficits-budgetaires-retour-bureau-leger-mars-2026\\\/\"]}]},{\"@type\":\"ImageObject\",\"inLanguage\":\"fr-CA\",\"@id\":\"https:\\\/\\\/leger360.com\\\/fr\\\/dernieres-nouvelles-politique-canada-immigration-deficits-budgetaires-retour-bureau-leger-mars-2026\\\/#primaryimage\",\"url\":\"https:\\\/\\\/leger360.com\\\/wp-content\\\/uploads\\\/2025\\\/11\\\/Federal-No-Leger-Logo.jpg\",\"contentUrl\":\"https:\\\/\\\/leger360.com\\\/wp-content\\\/uploads\\\/2025\\\/11\\\/Federal-No-Leger-Logo.jpg\",\"width\":1200,\"height\":751,\"caption\":\"Federal Politics - Leger surveyed Canadians on politics, government performance, and key national issues.\u200b --- Politique f\u00e9d\u00e9rale : L\u00e9ger a interrog\u00e9 les Canadiens sur leurs intentions de vote aux \u00e9lections f\u00e9d\u00e9rales, la performance du gouvernement et les principaux enjeux nationaux.\"},{\"@type\":\"BreadcrumbList\",\"@id\":\"https:\\\/\\\/leger360.com\\\/fr\\\/dernieres-nouvelles-politique-canada-immigration-deficits-budgetaires-retour-bureau-leger-mars-2026\\\/#breadcrumb\",\"itemListElement\":[{\"@type\":\"ListItem\",\"position\":1,\"name\":\"Home\",\"item\":\"https:\\\/\\\/leger360.com\\\/fr\\\/\"},{\"@type\":\"ListItem\",\"position\":2,\"name\":\"Politique au Canada : les Canadiens favorables \u00e0 l&rsquo;adoption de politiques d&rsquo;immigration plus strictes et inquiets face aux d\u00e9ficits budg\u00e9taires\"}]},{\"@type\":\"WebSite\",\"@id\":\"https:\\\/\\\/leger360.com\\\/fr\\\/#website\",\"url\":\"https:\\\/\\\/leger360.com\\\/fr\\\/\",\"name\":\"Leger\",\"description\":\"Market Research | Data Analytics\",\"publisher\":{\"@id\":\"https:\\\/\\\/leger360.com\\\/fr\\\/#organization\"},\"potentialAction\":[{\"@type\":\"SearchAction\",\"target\":{\"@type\":\"EntryPoint\",\"urlTemplate\":\"https:\\\/\\\/leger360.com\\\/fr\\\/?s={search_term_string}\"},\"query-input\":{\"@type\":\"PropertyValueSpecification\",\"valueRequired\":true,\"valueName\":\"search_term_string\"}}],\"inLanguage\":\"fr-CA\"},{\"@type\":\"Organization\",\"@id\":\"https:\\\/\\\/leger360.com\\\/fr\\\/#organization\",\"name\":\"Leger\",\"url\":\"https:\\\/\\\/leger360.com\\\/fr\\\/\",\"logo\":{\"@type\":\"ImageObject\",\"inLanguage\":\"fr-CA\",\"@id\":\"https:\\\/\\\/leger360.com\\\/fr\\\/#\\\/schema\\\/logo\\\/image\\\/\",\"url\":\"https:\\\/\\\/leger360.com\\\/wp-content\\\/uploads\\\/2024\\\/04\\\/2022-Logo-Leger-Blackred-g.png\",\"contentUrl\":\"https:\\\/\\\/leger360.com\\\/wp-content\\\/uploads\\\/2024\\\/04\\\/2022-Logo-Leger-Blackred-g.png\",\"width\":1195,\"height\":686,\"caption\":\"Leger\"},\"image\":{\"@id\":\"https:\\\/\\\/leger360.com\\\/fr\\\/#\\\/schema\\\/logo\\\/image\\\/\"},\"sameAs\":[\"https:\\\/\\\/www.facebook.com\\\/leger360\\\/\",\"https:\\\/\\\/x.com\\\/leger360\",\"https:\\\/\\\/www.linkedin.com\\\/company\\\/leger360\\\/\"],\"description\":\"Leger is one of North America\u2019s fastest-growing market research companies, known for our forward-thinking experts and innovative approaches powered by artificial intelligence (AI) technologies.\"},{\"@type\":\"Person\",\"@id\":\"https:\\\/\\\/leger360.com\\\/fr\\\/#\\\/schema\\\/person\\\/c6208ecb57876af9652d81aadd00749f\",\"name\":\"Daphn\u00e9e Malboeuf\",\"image\":{\"@type\":\"ImageObject\",\"inLanguage\":\"fr-CA\",\"@id\":\"https:\\\/\\\/secure.gravatar.com\\\/avatar\\\/205fe405426f600da6d7abba710f876cf1bfecbdefc77d2d394313a49e595dfc?s=96&d=mm&r=g\",\"url\":\"https:\\\/\\\/secure.gravatar.com\\\/avatar\\\/205fe405426f600da6d7abba710f876cf1bfecbdefc77d2d394313a49e595dfc?s=96&d=mm&r=g\",\"contentUrl\":\"https:\\\/\\\/secure.gravatar.com\\\/avatar\\\/205fe405426f600da6d7abba710f876cf1bfecbdefc77d2d394313a49e595dfc?s=96&d=mm&r=g\",\"caption\":\"Daphn\u00e9e Malboeuf\"}}]}<\/script>\n<!-- \/ Yoast SEO Premium plugin. -->","yoast_head_json":{"title":"Politique Canada : immigration, d\u00e9ficits budg\u00e9taires et plus - L\u00e9ger","description":"Politique Canada : sondage L\u00e9ger r\u00e9v\u00e8le un appui \u00e0 des mesures plus strictes en immigration, inqui\u00e9tude \u00e9lev\u00e9e face aux d\u00e9ficits budg\u00e9taires.","robots":{"index":"index","follow":"follow","max-snippet":"max-snippet:-1","max-image-preview":"max-image-preview:large","max-video-preview":"max-video-preview:-1"},"canonical":"https:\/\/leger360.com\/fr\/dernieres-nouvelles-politique-canada-immigration-deficits-budgetaires-retour-bureau-leger-mars-2026\/","og_locale":"fr_CA","og_type":"article","og_title":"Politique au Canada : les Canadiens favorables \u00e0 l'adoption de politiques d'immigration plus strictes et inquiets face aux d\u00e9ficits budg\u00e9taires","og_description":"Politique Canada : sondage L\u00e9ger r\u00e9v\u00e8le un appui \u00e0 des mesures plus strictes en immigration, inqui\u00e9tude \u00e9lev\u00e9e face aux d\u00e9ficits budg\u00e9taires.","og_url":"https:\/\/leger360.com\/fr\/dernieres-nouvelles-politique-canada-immigration-deficits-budgetaires-retour-bureau-leger-mars-2026\/","og_site_name":"Leger","article_publisher":"https:\/\/www.facebook.com\/leger360\/","article_published_time":"2026-03-11T22:44:08+00:00","article_modified_time":"2026-03-30T13:22:13+00:00","og_image":[{"width":1200,"height":751,"url":"https:\/\/leger360.com\/wp-content\/uploads\/2025\/11\/Federal-No-Leger-Logo.jpg","type":"image\/jpeg"}],"author":"Daphn\u00e9e Malboeuf","twitter_card":"summary_large_image","twitter_creator":"@leger360","twitter_site":"@leger360","twitter_misc":{"\u00c9crit par":"Daphn\u00e9e Malboeuf","Estimation du temps de lecture":"4 minutes"},"schema":{"@context":"https:\/\/schema.org","@graph":[{"@type":"Article","@id":"https:\/\/leger360.com\/fr\/dernieres-nouvelles-politique-canada-immigration-deficits-budgetaires-retour-bureau-leger-mars-2026\/#article","isPartOf":{"@id":"https:\/\/leger360.com\/fr\/dernieres-nouvelles-politique-canada-immigration-deficits-budgetaires-retour-bureau-leger-mars-2026\/"},"author":{"name":"Daphn\u00e9e Malboeuf","@id":"https:\/\/leger360.com\/fr\/#\/schema\/person\/c6208ecb57876af9652d81aadd00749f"},"headline":"Politique au Canada : les Canadiens favorables \u00e0 l&rsquo;adoption de politiques d&rsquo;immigration plus strictes et inquiets face aux d\u00e9ficits budg\u00e9taires","datePublished":"2026-03-11T22:44:08+00:00","dateModified":"2026-03-30T13:22:13+00:00","mainEntityOfPage":{"@id":"https:\/\/leger360.com\/fr\/dernieres-nouvelles-politique-canada-immigration-deficits-budgetaires-retour-bureau-leger-mars-2026\/"},"wordCount":1047,"publisher":{"@id":"https:\/\/leger360.com\/fr\/#organization"},"image":{"@id":"https:\/\/leger360.com\/fr\/dernieres-nouvelles-politique-canada-immigration-deficits-budgetaires-retour-bureau-leger-mars-2026\/#primaryimage"},"thumbnailUrl":"https:\/\/leger360.com\/wp-content\/uploads\/2025\/11\/Federal-No-Leger-Logo.jpg","keywords":["Canada","canada immigration","d\u00e9ficits budg\u00e9taires canada","d\u00e9ficits gouvernement Canada","discours carney davos","finances publiques Canada 2026","gouvernement carney","immigration canada","immigration Canada opinion publique","intentions de vote","intentions de vote canada","intentions de vote f\u00e9d\u00e9rales","intentions vote canada","L\u00e9ger","lib\u00e9raux","Opinion publique","parti conservateur canada","parti lib\u00e9ral du canada","pierre poilievre","plc","politique canada","Politique canadienne","Politique f\u00e9d\u00e9rale","politiques d\u2019immigration Canada","retour bureau fonctionnaires f\u00e9d\u00e9raux","sondage L\u00e9ger politique Canada","sondages","sondages L\u00e9ger","transfuges politiques"],"articleSection":["In the news"],"inLanguage":"fr-CA"},{"@type":"WebPage","@id":"https:\/\/leger360.com\/fr\/dernieres-nouvelles-politique-canada-immigration-deficits-budgetaires-retour-bureau-leger-mars-2026\/","url":"https:\/\/leger360.com\/fr\/dernieres-nouvelles-politique-canada-immigration-deficits-budgetaires-retour-bureau-leger-mars-2026\/","name":"Politique Canada : immigration, d\u00e9ficits budg\u00e9taires et plus - L\u00e9ger","isPartOf":{"@id":"https:\/\/leger360.com\/fr\/#website"},"primaryImageOfPage":{"@id":"https:\/\/leger360.com\/fr\/dernieres-nouvelles-politique-canada-immigration-deficits-budgetaires-retour-bureau-leger-mars-2026\/#primaryimage"},"image":{"@id":"https:\/\/leger360.com\/fr\/dernieres-nouvelles-politique-canada-immigration-deficits-budgetaires-retour-bureau-leger-mars-2026\/#primaryimage"},"thumbnailUrl":"https:\/\/leger360.com\/wp-content\/uploads\/2025\/11\/Federal-No-Leger-Logo.jpg","datePublished":"2026-03-11T22:44:08+00:00","dateModified":"2026-03-30T13:22:13+00:00","description":"Politique Canada : sondage L\u00e9ger r\u00e9v\u00e8le un appui \u00e0 des mesures plus strictes en immigration, inqui\u00e9tude \u00e9lev\u00e9e face aux d\u00e9ficits budg\u00e9taires.","breadcrumb":{"@id":"https:\/\/leger360.com\/fr\/dernieres-nouvelles-politique-canada-immigration-deficits-budgetaires-retour-bureau-leger-mars-2026\/#breadcrumb"},"inLanguage":"fr-CA","potentialAction":[{"@type":"ReadAction","target":["https:\/\/leger360.com\/fr\/dernieres-nouvelles-politique-canada-immigration-deficits-budgetaires-retour-bureau-leger-mars-2026\/"]}]},{"@type":"ImageObject","inLanguage":"fr-CA","@id":"https:\/\/leger360.com\/fr\/dernieres-nouvelles-politique-canada-immigration-deficits-budgetaires-retour-bureau-leger-mars-2026\/#primaryimage","url":"https:\/\/leger360.com\/wp-content\/uploads\/2025\/11\/Federal-No-Leger-Logo.jpg","contentUrl":"https:\/\/leger360.com\/wp-content\/uploads\/2025\/11\/Federal-No-Leger-Logo.jpg","width":1200,"height":751,"caption":"Federal Politics - Leger surveyed Canadians on politics, government performance, and key national issues.\u200b --- Politique f\u00e9d\u00e9rale : L\u00e9ger a interrog\u00e9 les Canadiens sur leurs intentions de vote aux \u00e9lections f\u00e9d\u00e9rales, la performance du gouvernement et les principaux enjeux nationaux."},{"@type":"BreadcrumbList","@id":"https:\/\/leger360.com\/fr\/dernieres-nouvelles-politique-canada-immigration-deficits-budgetaires-retour-bureau-leger-mars-2026\/#breadcrumb","itemListElement":[{"@type":"ListItem","position":1,"name":"Home","item":"https:\/\/leger360.com\/fr\/"},{"@type":"ListItem","position":2,"name":"Politique au Canada : les Canadiens favorables \u00e0 l&rsquo;adoption de politiques d&rsquo;immigration plus strictes et inquiets face aux d\u00e9ficits budg\u00e9taires"}]},{"@type":"WebSite","@id":"https:\/\/leger360.com\/fr\/#website","url":"https:\/\/leger360.com\/fr\/","name":"Leger","description":"Market Research | Data Analytics","publisher":{"@id":"https:\/\/leger360.com\/fr\/#organization"},"potentialAction":[{"@type":"SearchAction","target":{"@type":"EntryPoint","urlTemplate":"https:\/\/leger360.com\/fr\/?s={search_term_string}"},"query-input":{"@type":"PropertyValueSpecification","valueRequired":true,"valueName":"search_term_string"}}],"inLanguage":"fr-CA"},{"@type":"Organization","@id":"https:\/\/leger360.com\/fr\/#organization","name":"Leger","url":"https:\/\/leger360.com\/fr\/","logo":{"@type":"ImageObject","inLanguage":"fr-CA","@id":"https:\/\/leger360.com\/fr\/#\/schema\/logo\/image\/","url":"https:\/\/leger360.com\/wp-content\/uploads\/2024\/04\/2022-Logo-Leger-Blackred-g.png","contentUrl":"https:\/\/leger360.com\/wp-content\/uploads\/2024\/04\/2022-Logo-Leger-Blackred-g.png","width":1195,"height":686,"caption":"Leger"},"image":{"@id":"https:\/\/leger360.com\/fr\/#\/schema\/logo\/image\/"},"sameAs":["https:\/\/www.facebook.com\/leger360\/","https:\/\/x.com\/leger360","https:\/\/www.linkedin.com\/company\/leger360\/"],"description":"Leger is one of North America\u2019s fastest-growing market research companies, known for our forward-thinking experts and innovative approaches powered by artificial intelligence (AI) technologies."},{"@type":"Person","@id":"https:\/\/leger360.com\/fr\/#\/schema\/person\/c6208ecb57876af9652d81aadd00749f","name":"Daphn\u00e9e Malboeuf","image":{"@type":"ImageObject","inLanguage":"fr-CA","@id":"https:\/\/secure.gravatar.com\/avatar\/205fe405426f600da6d7abba710f876cf1bfecbdefc77d2d394313a49e595dfc?s=96&d=mm&r=g","url":"https:\/\/secure.gravatar.com\/avatar\/205fe405426f600da6d7abba710f876cf1bfecbdefc77d2d394313a49e595dfc?s=96&d=mm&r=g","contentUrl":"https:\/\/secure.gravatar.com\/avatar\/205fe405426f600da6d7abba710f876cf1bfecbdefc77d2d394313a49e595dfc?s=96&d=mm&r=g","caption":"Daphn\u00e9e Malboeuf"}}]}},"_links":{"self":[{"href":"https:\/\/leger360.com\/fr\/wp-json\/wp\/v2\/posts\/27750","targetHints":{"allow":["GET"]}}],"collection":[{"href":"https:\/\/leger360.com\/fr\/wp-json\/wp\/v2\/posts"}],"about":[{"href":"https:\/\/leger360.com\/fr\/wp-json\/wp\/v2\/types\/post"}],"author":[{"embeddable":true,"href":"https:\/\/leger360.com\/fr\/wp-json\/wp\/v2\/users\/12"}],"replies":[{"embeddable":true,"href":"https:\/\/leger360.com\/fr\/wp-json\/wp\/v2\/comments?post=27750"}],"version-history":[{"count":0,"href":"https:\/\/leger360.com\/fr\/wp-json\/wp\/v2\/posts\/27750\/revisions"}],"wp:featuredmedia":[{"embeddable":true,"href":"https:\/\/leger360.com\/fr\/wp-json\/wp\/v2\/media\/26261"}],"wp:attachment":[{"href":"https:\/\/leger360.com\/fr\/wp-json\/wp\/v2\/media?parent=27750"}],"wp:term":[{"taxonomy":"category","embeddable":true,"href":"https:\/\/leger360.com\/fr\/wp-json\/wp\/v2\/categories?post=27750"},{"taxonomy":"post_tag","embeddable":true,"href":"https:\/\/leger360.com\/fr\/wp-json\/wp\/v2\/tags?post=27750"},{"taxonomy":"post_language_cat","embeddable":true,"href":"https:\/\/leger360.com\/fr\/wp-json\/wp\/v2\/post_language_cat?post=27750"}],"curies":[{"name":"wp","href":"https:\/\/api.w.org\/{rel}","templated":true}]}}