{"id":28000,"date":"2026-03-30T13:58:24","date_gmt":"2026-03-30T17:58:24","guid":{"rendered":"https:\/\/leger360.com\/?p=28000"},"modified":"2026-04-21T11:00:11","modified_gmt":"2026-04-21T15:00:11","slug":"dernieres-nouvelles-parti-politique-quebec-le-plq-rejoint-le-pq-la-caq-senfonce-leger-30-mars-2026","status":"publish","type":"post","link":"https:\/\/leger360.com\/fr\/dernieres-nouvelles-parti-politique-quebec-le-plq-rejoint-le-pq-la-caq-senfonce-leger-30-mars-2026\/","title":{"rendered":"Politique qu\u00e9b\u00e9coise : le PLQ rejoint le PQ dans les intentions de vote, tandis que la CAQ s\u2019enlise"},"content":{"rendered":"<p>[et_pb_section fb_built=\u00a0\u00bb1&Prime; _builder_version=\u00a0\u00bb4.27.6&Prime; _module_preset=\u00a0\u00bbdefault\u00a0\u00bb custom_margin_tablet=\u00a0\u00bb\u00a0\u00bb custom_margin_phone=\u00a0\u00bb\u00a0\u00bb custom_margin_last_edited=\u00a0\u00bbon|desktop\u00a0\u00bb custom_padding=\u00a0\u00bb0px||||false|false\u00a0\u00bb global_colors_info=\u00a0\u00bb{}\u00a0\u00bb custom_margin__hover_enabled=\u00a0\u00bbon|desktop\u00a0\u00bb][et_pb_row make_equal=\u00a0\u00bbon\u00a0\u00bb _builder_version=\u00a0\u00bb4.27.6&Prime; _module_preset=\u00a0\u00bbdefault\u00a0\u00bb min_height=\u00a0\u00bb3764px\u00a0\u00bb custom_padding=\u00a0\u00bb||0px|||\u00a0\u00bb global_colors_info=\u00a0\u00bb{}\u00a0\u00bb][et_pb_column type=\u00a0\u00bb4_4&Prime; _builder_version=\u00a0\u00bb4.27.4&Prime; _module_preset=\u00a0\u00bbdefault\u00a0\u00bb global_colors_info=\u00a0\u00bb{}\u00a0\u00bb][et_pb_text _builder_version=\u00a0\u00bb4.27.6&Prime; _module_preset=\u00a0\u00bbdefault\u00a0\u00bb custom_margin=\u00a0\u00bb-95px||||false|false\u00a0\u00bb hover_enabled=\u00a0\u00bb0&Prime; global_colors_info=\u00a0\u00bb{}\u00a0\u00bb sticky_enabled=\u00a0\u00bb0&Prime;]<\/p>\n<p>La sc\u00e8ne politique se trouve pr\u00e9sentement \u00e0 un tournant au Qu\u00e9bec. Malgr\u00e9 le changement imminent de chef \u00e0 la t\u00eate de la Coalition avenir Qu\u00e9bec (CAQ), <a href=\"https:\/\/www.985fm.ca\/audio\/766547\/sondage-leger-la-caq-fait-mauvaise-figure-dans-les-intentions-de-vote\" target=\"_blank\" rel=\"noopener\">celle-ci continue de faire mauvaise figure<\/a> aupr\u00e8s de la population.<\/p>\n<p>Le <a href=\"https:\/\/leger360.com\/wp-content\/uploads\/2026\/03\/Leger_PolitiqueQC_IntentionsVoteQC_30mars2026.pdf?utm_source=reports&amp;utm_medium=webpage&amp;utm_content=march2026&amp;utm_campaign=etudesmediatiques\" target=\"_blank\" rel=\"noopener\">dernier sondage L\u00e9ger en la mati\u00e8re<\/a>, r\u00e9alis\u00e9 pour le compte du<span>\u00a0<\/span><a href=\"https:\/\/www.journaldemontreal.com\/\" target=\"_blank\" rel=\"noopener\"><em data-start=\"446\" data-end=\"467\">Journal de Montr\u00e9al<\/em><\/a>, du<span>\u00a0<\/span><a href=\"https:\/\/www.journaldequebec.com\/\" target=\"_blank\" rel=\"noopener\"><em data-start=\"472\" data-end=\"491\">Journal de Qu\u00e9bec<\/em><\/a><span>\u00a0<\/span>et de<span>\u00a0<\/span><a href=\"https:\/\/www.tvanouvelles.ca\/2026\/03\/28\/sondage--la-querelle-frechette-drainville-le-dernier-clou-dans-le-cercueil-de-la-caq\" target=\"_blank\" rel=\"noopener\"><em data-start=\"495\" data-end=\"510\">TVA Nouvelles <\/em><\/a>le 22 mars 2026, montre un resserrement important au sommet en termes d&rsquo;intentions de vote. Le <strong>Parti qu\u00e9b\u00e9cois<\/strong> (PQ) et le <strong>Parti lib\u00e9ral du Qu\u00e9bec <\/strong>(PLQ) se retrouvent coude \u00e0 coude, avec \u00e0 <strong>33%<\/strong> chez les \u00e9lecteurs et \u00e9lectrices d\u00e9cid\u00e9s. <a href=\"https:\/\/www.journaldemontreal.com\/2026\/03\/28\/sondage--la-querelle-frechette-drainville-le-dernier-clou-dans-le-cercueil-de-la-caq\" target=\"_blank\" rel=\"noopener\">La<strong> CAQ<\/strong> , quant \u00e0 elle, s\u2019enlise et chute \u00e0 <strong>9%<\/strong><\/a>, derri\u00e8re le <strong>Parti conservateur du Qu\u00e9bec<\/strong> (<strong>15%<\/strong>) et \u00e0 <strong>\u00e9galit\u00e9<\/strong> avec <strong>Qu\u00e9bec solidaire <\/strong>(QS).<\/p>\n<p>R\u00e9alis\u00e9 du <strong>20 au 22 mars 2026<\/strong> aupr\u00e8s de <strong>1 003 Qu\u00e9b\u00e9cois\u00b7es<\/strong>, ce plus r\u00e9cent coup de sonde montre que la dynamique politique continue de se transformer rapidement dans la Belle Province. Par rapport <a href=\"https:\/\/leger360.com\/fr\/quebec-politique-volonte-changement-baisse-appui-a-la-souverainete\/?utm_source=blogs&amp;utm_medium=webpage&amp;utm_content=march2026&amp;utm_campaign=etudesmediatiques\" target=\"_blank\" rel=\"noopener\">\u00e0 la mesure pr\u00e9c\u00e9dente<\/a>, le <strong>PLQ progresse<\/strong> de <strong>trois points<\/strong>, le <strong>PQ<\/strong> <strong>c\u00e8de un point<\/strong>, tandis que la <strong>CAQ<\/strong> en<strong> perd<\/strong> <strong>trois<\/strong>.<\/p>\n<p>[\/et_pb_text][et_pb_image src=\u00a0\u00bbhttps:\/\/leger360.com\/wp-content\/uploads\/2026\/03\/PolitiqueQC-Leger-X-Quebecor.jpg\u00a0\u00bb alt=\u00a0\u00bbSondage sur le Qu\u00e9bec politique L\u00e9ger\/Qu\u00e9becor &#8211; Intentions Vote Qu\u00e9bec\u00a0\u00bb title_text=\u00a0\u00bbPolitiqueQC &#8211; Leger X Quebecor\u00a0\u00bb url=\u00a0\u00bbhttps:\/\/leger360.com\/wp-content\/uploads\/2026\/03\/Leger_PolitiqueQC_IntentionsVoteQC_30mars2026.pdf?utm_source=reports&#038;utm_medium=webpage&#038;utm_content=march2026&#038;utm_campaign=etudesmediatiques\u00a0\u00bb url_new_window=\u00a0\u00bbon\u00a0\u00bb align=\u00a0\u00bbcenter\u00a0\u00bb _builder_version=\u00a0\u00bb4.27.6&Prime; _module_preset=\u00a0\u00bbdefault\u00a0\u00bb width=\u00a0\u00bb100%\u00a0\u00bb max_width=\u00a0\u00bb100%\u00a0\u00bb border_radii=\u00a0\u00bbon|15px|15px|15px|15px\u00a0\u00bb global_colors_info=\u00a0\u00bb{}\u00a0\u00bb][\/et_pb_image][et_pb_button button_url=\u00a0\u00bbhttps:\/\/leger360.com\/wp-content\/uploads\/2026\/03\/Leger_PolitiqueQC_IntentionsVoteQC_30mars2026.pdf?utm_source=reports&#038;utm_medium=webpage&#038;utm_content=march2026&#038;utm_campaign=etudesmediatiques\u00a0\u00bb url_new_window=\u00a0\u00bbon\u00a0\u00bb button_text=\u00a0\u00bbConsultez le rapport pour en apprendre davantage\u00a0\u00bb button_alignment=\u00a0\u00bbcenter\u00a0\u00bb _builder_version=\u00a0\u00bb4.27.6&Prime; _module_preset=\u00a0\u00bbdefault\u00a0\u00bb locked=\u00a0\u00bboff\u00a0\u00bb global_colors_info=\u00a0\u00bb{}\u00a0\u00bb][\/et_pb_button][et_pb_text _builder_version=\u00a0\u00bb4.27.6&Prime; _module_preset=\u00a0\u00bbdefault\u00a0\u00bb custom_margin=\u00a0\u00bb0px||||false|false\u00a0\u00bb custom_padding=\u00a0\u00bb1px||||false|false\u00a0\u00bb global_colors_info=\u00a0\u00bb{}\u00a0\u00bb]<\/p>\n<h3>M\u00e9thodologie<\/h3>\n<p>Ce sondage en ligne a \u00e9t\u00e9 men\u00e9 du 20 au 22 mars 2026 aupr\u00e8s de 1 003 Qu\u00e9b\u00e9cois\u00b7es \u00e2g\u00e9\u00b7es de 18 ans ou plus ayant le droit de vote. Les r\u00e9pondant\u00b7es ont \u00e9t\u00e9 recrut\u00e9\u00b7es al\u00e9atoirement \u00e0 partir du panel en ligne LEO et pouvaient r\u00e9pondre en fran\u00e7ais ou en anglais. Les r\u00e9sultats ont \u00e9t\u00e9 pond\u00e9r\u00e9s selon l\u2019\u00e2ge, le genre, la langue maternelle, la r\u00e9gion, la scolarit\u00e9 et la pr\u00e9sence d\u2019enfant dans le foyer afin d\u2019assurer la repr\u00e9sentativit\u00e9 de l\u2019\u00e9chantillon.<\/p>\n<p>Il n\u2019est pas possible de calculer une marge d\u2019erreur sur un \u00e9chantillon tir\u00e9 d\u2019un panel. \u00c0 titre comparatif, un \u00e9chantillon probabiliste de cette taille aurait une marge d\u2019erreur maximale de \u00b1 3,1 %, 19 fois sur 20.<\/p>\n<p><em>Ce sondage est la propri\u00e9t\u00e9 de L\u00e9ger-Qu\u00e9becor. Toute publication doit obligatoirement respecter les droits d\u2019auteur en utilisant la mention<span>\u00a0<\/span><\/em>\u00ab\u00a0Sondage L\u00e9ger-Qu\u00e9becor\u00a0\u00bb.<\/p>\n<p>[\/et_pb_text][\/et_pb_column][\/et_pb_row][\/et_pb_section]<\/p>\n","protected":false},"excerpt":{"rendered":"<p>La sc\u00e8ne politique se trouve pr\u00e9sentement \u00e0 un tournant au Qu\u00e9bec. Malgr\u00e9 le changement imminent de chef \u00e0 la t\u00eate de la Coalition avenir Qu\u00e9bec (CAQ), celle-ci continue de faire mauvaise figure aupr\u00e8s de la population. Le dernier sondage L\u00e9ger en la mati\u00e8re, r\u00e9alis\u00e9 pour le compte du\u00a0Journal de Montr\u00e9al, du\u00a0Journal de Qu\u00e9bec\u00a0et de\u00a0TVA Nouvelles le 22 mars 2026, montre un resserrement important au sommet en termes d&rsquo;intentions de vote. Le Parti qu\u00e9b\u00e9cois (PQ) et le Parti lib\u00e9ral du Qu\u00e9bec (PLQ) se retrouvent coude \u00e0 coude, avec \u00e0 33% chez les \u00e9lecteurs et \u00e9lectrices d\u00e9cid\u00e9s. La CAQ , quant \u00e0 elle, s\u2019enlise et chute \u00e0 9%, derri\u00e8re le Parti conservateur du Qu\u00e9bec (15%) et \u00e0 \u00e9galit\u00e9 avec Qu\u00e9bec solidaire (QS). R\u00e9alis\u00e9 du 20 au 22 mars 2026 aupr\u00e8s de 1 003 Qu\u00e9b\u00e9cois\u00b7es, ce plus r\u00e9cent coup de sonde montre que la dynamique politique continue de se transformer rapidement dans la Belle Province. Par rapport \u00e0 la mesure pr\u00e9c\u00e9dente, le PLQ progresse de trois points, le PQ c\u00e8de un point, tandis que la CAQ en perd trois.M\u00e9thodologie Ce sondage en ligne a \u00e9t\u00e9 men\u00e9 du 20 au 22 mars 2026 aupr\u00e8s de 1 003 Qu\u00e9b\u00e9cois\u00b7es \u00e2g\u00e9\u00b7es de 18 ans ou plus [&hellip;]<\/p>\n","protected":false},"author":12,"featured_media":26347,"comment_status":"closed","ping_status":"closed","sticky":false,"template":"","format":"standard","meta":{"_acf_changed":false,"_et_pb_use_builder":"on","_et_pb_old_content":"","_et_gb_content_width":"","content-type":"","inline_featured_image":false,"footnotes":""},"categories":[],"tags":[661,151,493,494,664,490,491,492,203,658,199,497,498,496,841,150,204,202,200,842,197,663,657,495,201,665,845,846,844,149,198,660,659,840,666,654,66,205,656,655,662],"post_language_cat":[42],"class_list":["post-28000","post","type-post","status-publish","format-standard","has-post-thumbnail","hentry","tag-appui-a-la-souverainete-quebec","tag-caq","tag-charles-milliard","tag-christine-frechette","tag-christine-frechette-caq","tag-course-chefferie","tag-course-chefferie-caq","tag-course-chefferie-plq","tag-crise-plq","tag-dernier-sondage-politique-au-quebec","tag-francois-legault","tag-gouvernement-caquiste","tag-gouvernement-francois-legault","tag-gouvernement-legault","tag-intention-de-vote-quebec","tag-intentions-de-vote-provinciales","tag-intentions-de-vote-quebec","tag-pablo-rodriguez","tag-parti-liberal-du-quebec","tag-parti-politique-quebec","tag-parti-quebecois","tag-parti-quebecois-intentions-de-vote","tag-partis-politiques-quebec","tag-paul-st-pierre-plamondon","tag-plq","tag-plq-charles-milliard","tag-politique-qc","tag-politique-quebec","tag-politique-quebec-2026","tag-politique-quebecoise","tag-pq","tag-pspp","tag-quebec-politique","tag-sondage-politique-quebec","tag-sondage-quebec-mars-2026","tag-sondage-souverainete-quebec","tag-sondages","tag-souverainete","tag-souverainete-du-quebec","tag-souverainete-quebec","tag-volonte-de-changement-quebec","post_language_cat-fr-in-the-news"],"acf":[],"yoast_head":"<!-- This site is optimized with the Yoast SEO Premium plugin v27.4 (Yoast SEO v27.4) - https:\/\/yoast.com\/product\/yoast-seo-premium-wordpress\/ -->\n<title>Politique Qu\u00e9bec : le PLQ rejoint le PQ, la CAQ chute \u00e0 9% - L\u00e9ger<\/title>\n<meta name=\"description\" content=\"Politique Qu\u00e9bec : Un sondage L\u00e9ger-Qu\u00e9becor montre le PQ et le PLQ \u00e0 \u00e9galit\u00e9 \u00e0 33%, tandis que la CAQ chute \u00e0 9% chez les \u00e9lecteurs d\u00e9cid\u00e9s.\" \/>\n<meta name=\"robots\" content=\"index, follow, max-snippet:-1, max-image-preview:large, max-video-preview:-1\" \/>\n<link rel=\"canonical\" href=\"https:\/\/leger360.com\/fr\/dernieres-nouvelles-parti-politique-quebec-le-plq-rejoint-le-pq-la-caq-senfonce-leger-30-mars-2026\/\" \/>\n<meta property=\"og:locale\" content=\"fr_CA\" \/>\n<meta property=\"og:type\" content=\"article\" \/>\n<meta property=\"og:title\" content=\"Politique qu\u00e9b\u00e9coise : le PLQ rejoint le PQ dans les intentions de vote, tandis que la CAQ s\u2019enlise\" \/>\n<meta property=\"og:description\" content=\"Politique Qu\u00e9bec : Un sondage L\u00e9ger-Qu\u00e9becor montre le PQ et le PLQ \u00e0 \u00e9galit\u00e9 \u00e0 33%, tandis que la CAQ chute \u00e0 9% chez les \u00e9lecteurs d\u00e9cid\u00e9s.\" \/>\n<meta property=\"og:url\" content=\"https:\/\/leger360.com\/fr\/dernieres-nouvelles-parti-politique-quebec-le-plq-rejoint-le-pq-la-caq-senfonce-leger-30-mars-2026\/\" \/>\n<meta property=\"og:site_name\" content=\"Leger\" \/>\n<meta property=\"article:publisher\" content=\"https:\/\/www.facebook.com\/leger360\/\" \/>\n<meta property=\"article:published_time\" content=\"2026-03-30T17:58:24+00:00\" \/>\n<meta property=\"article:modified_time\" content=\"2026-04-21T15:00:11+00:00\" \/>\n<meta property=\"og:image\" content=\"https:\/\/leger360.com\/wp-content\/uploads\/2025\/11\/Quebec-Flag-Leger-No-Logo.png\" \/>\n\t<meta property=\"og:image:width\" content=\"1200\" \/>\n\t<meta property=\"og:image:height\" content=\"751\" \/>\n\t<meta property=\"og:image:type\" content=\"image\/png\" \/>\n<meta name=\"author\" content=\"Daphn\u00e9e Malboeuf\" \/>\n<meta name=\"twitter:card\" content=\"summary_large_image\" \/>\n<meta name=\"twitter:creator\" content=\"@leger360\" \/>\n<meta name=\"twitter:site\" content=\"@leger360\" \/>\n<meta name=\"twitter:label1\" content=\"\u00c9crit par\" \/>\n\t<meta name=\"twitter:data1\" content=\"Daphn\u00e9e Malboeuf\" \/>\n\t<meta name=\"twitter:label2\" content=\"Estimation du temps de lecture\" \/>\n\t<meta name=\"twitter:data2\" content=\"2 minutes\" \/>\n<script type=\"application\/ld+json\" class=\"yoast-schema-graph\">{\"@context\":\"https:\\\/\\\/schema.org\",\"@graph\":[{\"@type\":\"Article\",\"@id\":\"https:\\\/\\\/leger360.com\\\/fr\\\/dernieres-nouvelles-parti-politique-quebec-le-plq-rejoint-le-pq-la-caq-senfonce-leger-30-mars-2026\\\/#article\",\"isPartOf\":{\"@id\":\"https:\\\/\\\/leger360.com\\\/fr\\\/dernieres-nouvelles-parti-politique-quebec-le-plq-rejoint-le-pq-la-caq-senfonce-leger-30-mars-2026\\\/\"},\"author\":{\"name\":\"Daphn\u00e9e Malboeuf\",\"@id\":\"https:\\\/\\\/leger360.com\\\/fr\\\/#\\\/schema\\\/person\\\/c6208ecb57876af9652d81aadd00749f\"},\"headline\":\"Politique qu\u00e9b\u00e9coise : le PLQ rejoint le PQ dans les intentions de vote, tandis que la CAQ s\u2019enlise\",\"datePublished\":\"2026-03-30T17:58:24+00:00\",\"dateModified\":\"2026-04-21T15:00:11+00:00\",\"mainEntityOfPage\":{\"@id\":\"https:\\\/\\\/leger360.com\\\/fr\\\/dernieres-nouvelles-parti-politique-quebec-le-plq-rejoint-le-pq-la-caq-senfonce-leger-30-mars-2026\\\/\"},\"wordCount\":634,\"publisher\":{\"@id\":\"https:\\\/\\\/leger360.com\\\/fr\\\/#organization\"},\"image\":{\"@id\":\"https:\\\/\\\/leger360.com\\\/fr\\\/dernieres-nouvelles-parti-politique-quebec-le-plq-rejoint-le-pq-la-caq-senfonce-leger-30-mars-2026\\\/#primaryimage\"},\"thumbnailUrl\":\"https:\\\/\\\/leger360.com\\\/wp-content\\\/uploads\\\/2025\\\/11\\\/Quebec-Flag-Leger-No-Logo.png\",\"keywords\":[\"appui \u00e0 la souverainet\u00e9 Qu\u00e9bec\",\"CAQ\",\"Charles Milliard\",\"Christine Fr\u00e9chette\",\"Christine Fr\u00e9chette CAQ\",\"course chefferie\",\"course chefferie caq\",\"course chefferie PLQ\",\"Crise PLQ\",\"dernier sondage politique au qu\u00e9bec\",\"Fran\u00e7ois Legault\",\"gouvernement caquiste\",\"gouvernement fran\u00e7ois legault\",\"gouvernement legault\",\"intention de vote qu\u00e9bec\",\"Intentions de vote provinciales\",\"Intentions de vote Qu\u00e9bec\",\"Pablo Rodriguez\",\"Parti Lib\u00e9ral du Qu\u00e9bec\",\"parti politique qu\u00e9bec\",\"Parti Qu\u00e9b\u00e9cois\",\"Parti Qu\u00e9b\u00e9cois intentions de vote\",\"partis politiques qu\u00e9bec\",\"Paul St-Pierre Plamondon\",\"PLQ\",\"PLQ Charles Milliard\",\"politique qc\",\"politique quebec\",\"politique qu\u00e9bec 2026\",\"Politique Qu\u00e9b\u00e9coise\",\"PQ\",\"PSPP\",\"qu\u00e9bec politique\",\"sondage politique qu\u00e9bec\",\"sondage Qu\u00e9bec mars 2026\",\"sondage souverainet\u00e9 qu\u00e9bec\",\"sondages\",\"Souverainet\u00e9\",\"souverainet\u00e9 du qu\u00e9bec\",\"souverainet\u00e9 qu\u00e9bec\",\"volont\u00e9 de changement Qu\u00e9bec\"],\"inLanguage\":\"fr-CA\"},{\"@type\":\"WebPage\",\"@id\":\"https:\\\/\\\/leger360.com\\\/fr\\\/dernieres-nouvelles-parti-politique-quebec-le-plq-rejoint-le-pq-la-caq-senfonce-leger-30-mars-2026\\\/\",\"url\":\"https:\\\/\\\/leger360.com\\\/fr\\\/dernieres-nouvelles-parti-politique-quebec-le-plq-rejoint-le-pq-la-caq-senfonce-leger-30-mars-2026\\\/\",\"name\":\"Politique Qu\u00e9bec : le PLQ rejoint le PQ, la CAQ chute \u00e0 9% - L\u00e9ger\",\"isPartOf\":{\"@id\":\"https:\\\/\\\/leger360.com\\\/fr\\\/#website\"},\"primaryImageOfPage\":{\"@id\":\"https:\\\/\\\/leger360.com\\\/fr\\\/dernieres-nouvelles-parti-politique-quebec-le-plq-rejoint-le-pq-la-caq-senfonce-leger-30-mars-2026\\\/#primaryimage\"},\"image\":{\"@id\":\"https:\\\/\\\/leger360.com\\\/fr\\\/dernieres-nouvelles-parti-politique-quebec-le-plq-rejoint-le-pq-la-caq-senfonce-leger-30-mars-2026\\\/#primaryimage\"},\"thumbnailUrl\":\"https:\\\/\\\/leger360.com\\\/wp-content\\\/uploads\\\/2025\\\/11\\\/Quebec-Flag-Leger-No-Logo.png\",\"datePublished\":\"2026-03-30T17:58:24+00:00\",\"dateModified\":\"2026-04-21T15:00:11+00:00\",\"description\":\"Politique Qu\u00e9bec : Un sondage L\u00e9ger-Qu\u00e9becor montre le PQ et le PLQ \u00e0 \u00e9galit\u00e9 \u00e0 33%, tandis que la CAQ chute \u00e0 9% chez les \u00e9lecteurs d\u00e9cid\u00e9s.\",\"breadcrumb\":{\"@id\":\"https:\\\/\\\/leger360.com\\\/fr\\\/dernieres-nouvelles-parti-politique-quebec-le-plq-rejoint-le-pq-la-caq-senfonce-leger-30-mars-2026\\\/#breadcrumb\"},\"inLanguage\":\"fr-CA\",\"potentialAction\":[{\"@type\":\"ReadAction\",\"target\":[\"https:\\\/\\\/leger360.com\\\/fr\\\/dernieres-nouvelles-parti-politique-quebec-le-plq-rejoint-le-pq-la-caq-senfonce-leger-30-mars-2026\\\/\"]}]},{\"@type\":\"ImageObject\",\"inLanguage\":\"fr-CA\",\"@id\":\"https:\\\/\\\/leger360.com\\\/fr\\\/dernieres-nouvelles-parti-politique-quebec-le-plq-rejoint-le-pq-la-caq-senfonce-leger-30-mars-2026\\\/#primaryimage\",\"url\":\"https:\\\/\\\/leger360.com\\\/wp-content\\\/uploads\\\/2025\\\/11\\\/Quebec-Flag-Leger-No-Logo.png\",\"contentUrl\":\"https:\\\/\\\/leger360.com\\\/wp-content\\\/uploads\\\/2025\\\/11\\\/Quebec-Flag-Leger-No-Logo.png\",\"width\":1200,\"height\":751,\"caption\":\"Crise au PLQ : en plein conflit avec Marwah Rizqy, la confiance envers Pablo Rodriguez s\u2019amenuise, r\u00e9v\u00e8le un sondage L\u00e9ger. Le PQ grimpe dans les intentions de vote au Qu\u00e9bec.\"},{\"@type\":\"BreadcrumbList\",\"@id\":\"https:\\\/\\\/leger360.com\\\/fr\\\/dernieres-nouvelles-parti-politique-quebec-le-plq-rejoint-le-pq-la-caq-senfonce-leger-30-mars-2026\\\/#breadcrumb\",\"itemListElement\":[{\"@type\":\"ListItem\",\"position\":1,\"name\":\"Home\",\"item\":\"https:\\\/\\\/leger360.com\\\/fr\\\/\"},{\"@type\":\"ListItem\",\"position\":2,\"name\":\"Politique qu\u00e9b\u00e9coise : le PLQ rejoint le PQ dans les intentions de vote, tandis que la CAQ s\u2019enlise\"}]},{\"@type\":\"WebSite\",\"@id\":\"https:\\\/\\\/leger360.com\\\/fr\\\/#website\",\"url\":\"https:\\\/\\\/leger360.com\\\/fr\\\/\",\"name\":\"Leger\",\"description\":\"Market Research | Data Analytics\",\"publisher\":{\"@id\":\"https:\\\/\\\/leger360.com\\\/fr\\\/#organization\"},\"potentialAction\":[{\"@type\":\"SearchAction\",\"target\":{\"@type\":\"EntryPoint\",\"urlTemplate\":\"https:\\\/\\\/leger360.com\\\/fr\\\/?s={search_term_string}\"},\"query-input\":{\"@type\":\"PropertyValueSpecification\",\"valueRequired\":true,\"valueName\":\"search_term_string\"}}],\"inLanguage\":\"fr-CA\"},{\"@type\":\"Organization\",\"@id\":\"https:\\\/\\\/leger360.com\\\/fr\\\/#organization\",\"name\":\"Leger\",\"url\":\"https:\\\/\\\/leger360.com\\\/fr\\\/\",\"logo\":{\"@type\":\"ImageObject\",\"inLanguage\":\"fr-CA\",\"@id\":\"https:\\\/\\\/leger360.com\\\/fr\\\/#\\\/schema\\\/logo\\\/image\\\/\",\"url\":\"https:\\\/\\\/leger360.com\\\/wp-content\\\/uploads\\\/2024\\\/04\\\/2022-Logo-Leger-Blackred-g.png\",\"contentUrl\":\"https:\\\/\\\/leger360.com\\\/wp-content\\\/uploads\\\/2024\\\/04\\\/2022-Logo-Leger-Blackred-g.png\",\"width\":1195,\"height\":686,\"caption\":\"Leger\"},\"image\":{\"@id\":\"https:\\\/\\\/leger360.com\\\/fr\\\/#\\\/schema\\\/logo\\\/image\\\/\"},\"sameAs\":[\"https:\\\/\\\/www.facebook.com\\\/leger360\\\/\",\"https:\\\/\\\/x.com\\\/leger360\",\"https:\\\/\\\/www.linkedin.com\\\/company\\\/leger360\\\/\"],\"description\":\"Leger is one of North America\u2019s fastest-growing market research companies, known for our forward-thinking experts and innovative approaches powered by artificial intelligence (AI) technologies.\"},{\"@type\":\"Person\",\"@id\":\"https:\\\/\\\/leger360.com\\\/fr\\\/#\\\/schema\\\/person\\\/c6208ecb57876af9652d81aadd00749f\",\"name\":\"Daphn\u00e9e Malboeuf\",\"image\":{\"@type\":\"ImageObject\",\"inLanguage\":\"fr-CA\",\"@id\":\"https:\\\/\\\/secure.gravatar.com\\\/avatar\\\/205fe405426f600da6d7abba710f876cf1bfecbdefc77d2d394313a49e595dfc?s=96&d=mm&r=g\",\"url\":\"https:\\\/\\\/secure.gravatar.com\\\/avatar\\\/205fe405426f600da6d7abba710f876cf1bfecbdefc77d2d394313a49e595dfc?s=96&d=mm&r=g\",\"contentUrl\":\"https:\\\/\\\/secure.gravatar.com\\\/avatar\\\/205fe405426f600da6d7abba710f876cf1bfecbdefc77d2d394313a49e595dfc?s=96&d=mm&r=g\",\"caption\":\"Daphn\u00e9e Malboeuf\"}}]}<\/script>\n<!-- \/ Yoast SEO Premium plugin. -->","yoast_head_json":{"title":"Politique Qu\u00e9bec : le PLQ rejoint le PQ, la CAQ chute \u00e0 9% - L\u00e9ger","description":"Politique Qu\u00e9bec : Un sondage L\u00e9ger-Qu\u00e9becor montre le PQ et le PLQ \u00e0 \u00e9galit\u00e9 \u00e0 33%, tandis que la CAQ chute \u00e0 9% chez les \u00e9lecteurs d\u00e9cid\u00e9s.","robots":{"index":"index","follow":"follow","max-snippet":"max-snippet:-1","max-image-preview":"max-image-preview:large","max-video-preview":"max-video-preview:-1"},"canonical":"https:\/\/leger360.com\/fr\/dernieres-nouvelles-parti-politique-quebec-le-plq-rejoint-le-pq-la-caq-senfonce-leger-30-mars-2026\/","og_locale":"fr_CA","og_type":"article","og_title":"Politique qu\u00e9b\u00e9coise : le PLQ rejoint le PQ dans les intentions de vote, tandis que la CAQ s\u2019enlise","og_description":"Politique Qu\u00e9bec : Un sondage L\u00e9ger-Qu\u00e9becor montre le PQ et le PLQ \u00e0 \u00e9galit\u00e9 \u00e0 33%, tandis que la CAQ chute \u00e0 9% chez les \u00e9lecteurs d\u00e9cid\u00e9s.","og_url":"https:\/\/leger360.com\/fr\/dernieres-nouvelles-parti-politique-quebec-le-plq-rejoint-le-pq-la-caq-senfonce-leger-30-mars-2026\/","og_site_name":"Leger","article_publisher":"https:\/\/www.facebook.com\/leger360\/","article_published_time":"2026-03-30T17:58:24+00:00","article_modified_time":"2026-04-21T15:00:11+00:00","og_image":[{"width":1200,"height":751,"url":"https:\/\/leger360.com\/wp-content\/uploads\/2025\/11\/Quebec-Flag-Leger-No-Logo.png","type":"image\/png"}],"author":"Daphn\u00e9e Malboeuf","twitter_card":"summary_large_image","twitter_creator":"@leger360","twitter_site":"@leger360","twitter_misc":{"\u00c9crit par":"Daphn\u00e9e Malboeuf","Estimation du temps de lecture":"2 minutes"},"schema":{"@context":"https:\/\/schema.org","@graph":[{"@type":"Article","@id":"https:\/\/leger360.com\/fr\/dernieres-nouvelles-parti-politique-quebec-le-plq-rejoint-le-pq-la-caq-senfonce-leger-30-mars-2026\/#article","isPartOf":{"@id":"https:\/\/leger360.com\/fr\/dernieres-nouvelles-parti-politique-quebec-le-plq-rejoint-le-pq-la-caq-senfonce-leger-30-mars-2026\/"},"author":{"name":"Daphn\u00e9e Malboeuf","@id":"https:\/\/leger360.com\/fr\/#\/schema\/person\/c6208ecb57876af9652d81aadd00749f"},"headline":"Politique qu\u00e9b\u00e9coise : le PLQ rejoint le PQ dans les intentions de vote, tandis que la CAQ s\u2019enlise","datePublished":"2026-03-30T17:58:24+00:00","dateModified":"2026-04-21T15:00:11+00:00","mainEntityOfPage":{"@id":"https:\/\/leger360.com\/fr\/dernieres-nouvelles-parti-politique-quebec-le-plq-rejoint-le-pq-la-caq-senfonce-leger-30-mars-2026\/"},"wordCount":634,"publisher":{"@id":"https:\/\/leger360.com\/fr\/#organization"},"image":{"@id":"https:\/\/leger360.com\/fr\/dernieres-nouvelles-parti-politique-quebec-le-plq-rejoint-le-pq-la-caq-senfonce-leger-30-mars-2026\/#primaryimage"},"thumbnailUrl":"https:\/\/leger360.com\/wp-content\/uploads\/2025\/11\/Quebec-Flag-Leger-No-Logo.png","keywords":["appui \u00e0 la souverainet\u00e9 Qu\u00e9bec","CAQ","Charles Milliard","Christine Fr\u00e9chette","Christine Fr\u00e9chette CAQ","course chefferie","course chefferie caq","course chefferie PLQ","Crise PLQ","dernier sondage politique au qu\u00e9bec","Fran\u00e7ois Legault","gouvernement caquiste","gouvernement fran\u00e7ois legault","gouvernement legault","intention de vote qu\u00e9bec","Intentions de vote provinciales","Intentions de vote Qu\u00e9bec","Pablo Rodriguez","Parti Lib\u00e9ral du Qu\u00e9bec","parti politique qu\u00e9bec","Parti Qu\u00e9b\u00e9cois","Parti Qu\u00e9b\u00e9cois intentions de vote","partis politiques qu\u00e9bec","Paul St-Pierre Plamondon","PLQ","PLQ Charles Milliard","politique qc","politique quebec","politique qu\u00e9bec 2026","Politique Qu\u00e9b\u00e9coise","PQ","PSPP","qu\u00e9bec politique","sondage politique qu\u00e9bec","sondage Qu\u00e9bec mars 2026","sondage souverainet\u00e9 qu\u00e9bec","sondages","Souverainet\u00e9","souverainet\u00e9 du qu\u00e9bec","souverainet\u00e9 qu\u00e9bec","volont\u00e9 de changement Qu\u00e9bec"],"inLanguage":"fr-CA"},{"@type":"WebPage","@id":"https:\/\/leger360.com\/fr\/dernieres-nouvelles-parti-politique-quebec-le-plq-rejoint-le-pq-la-caq-senfonce-leger-30-mars-2026\/","url":"https:\/\/leger360.com\/fr\/dernieres-nouvelles-parti-politique-quebec-le-plq-rejoint-le-pq-la-caq-senfonce-leger-30-mars-2026\/","name":"Politique Qu\u00e9bec : le PLQ rejoint le PQ, la CAQ chute \u00e0 9% - L\u00e9ger","isPartOf":{"@id":"https:\/\/leger360.com\/fr\/#website"},"primaryImageOfPage":{"@id":"https:\/\/leger360.com\/fr\/dernieres-nouvelles-parti-politique-quebec-le-plq-rejoint-le-pq-la-caq-senfonce-leger-30-mars-2026\/#primaryimage"},"image":{"@id":"https:\/\/leger360.com\/fr\/dernieres-nouvelles-parti-politique-quebec-le-plq-rejoint-le-pq-la-caq-senfonce-leger-30-mars-2026\/#primaryimage"},"thumbnailUrl":"https:\/\/leger360.com\/wp-content\/uploads\/2025\/11\/Quebec-Flag-Leger-No-Logo.png","datePublished":"2026-03-30T17:58:24+00:00","dateModified":"2026-04-21T15:00:11+00:00","description":"Politique Qu\u00e9bec : Un sondage L\u00e9ger-Qu\u00e9becor montre le PQ et le PLQ \u00e0 \u00e9galit\u00e9 \u00e0 33%, tandis que la CAQ chute \u00e0 9% chez les \u00e9lecteurs d\u00e9cid\u00e9s.","breadcrumb":{"@id":"https:\/\/leger360.com\/fr\/dernieres-nouvelles-parti-politique-quebec-le-plq-rejoint-le-pq-la-caq-senfonce-leger-30-mars-2026\/#breadcrumb"},"inLanguage":"fr-CA","potentialAction":[{"@type":"ReadAction","target":["https:\/\/leger360.com\/fr\/dernieres-nouvelles-parti-politique-quebec-le-plq-rejoint-le-pq-la-caq-senfonce-leger-30-mars-2026\/"]}]},{"@type":"ImageObject","inLanguage":"fr-CA","@id":"https:\/\/leger360.com\/fr\/dernieres-nouvelles-parti-politique-quebec-le-plq-rejoint-le-pq-la-caq-senfonce-leger-30-mars-2026\/#primaryimage","url":"https:\/\/leger360.com\/wp-content\/uploads\/2025\/11\/Quebec-Flag-Leger-No-Logo.png","contentUrl":"https:\/\/leger360.com\/wp-content\/uploads\/2025\/11\/Quebec-Flag-Leger-No-Logo.png","width":1200,"height":751,"caption":"Crise au PLQ : en plein conflit avec Marwah Rizqy, la confiance envers Pablo Rodriguez s\u2019amenuise, r\u00e9v\u00e8le un sondage L\u00e9ger. Le PQ grimpe dans les intentions de vote au Qu\u00e9bec."},{"@type":"BreadcrumbList","@id":"https:\/\/leger360.com\/fr\/dernieres-nouvelles-parti-politique-quebec-le-plq-rejoint-le-pq-la-caq-senfonce-leger-30-mars-2026\/#breadcrumb","itemListElement":[{"@type":"ListItem","position":1,"name":"Home","item":"https:\/\/leger360.com\/fr\/"},{"@type":"ListItem","position":2,"name":"Politique qu\u00e9b\u00e9coise : le PLQ rejoint le PQ dans les intentions de vote, tandis que la CAQ s\u2019enlise"}]},{"@type":"WebSite","@id":"https:\/\/leger360.com\/fr\/#website","url":"https:\/\/leger360.com\/fr\/","name":"Leger","description":"Market Research | Data Analytics","publisher":{"@id":"https:\/\/leger360.com\/fr\/#organization"},"potentialAction":[{"@type":"SearchAction","target":{"@type":"EntryPoint","urlTemplate":"https:\/\/leger360.com\/fr\/?s={search_term_string}"},"query-input":{"@type":"PropertyValueSpecification","valueRequired":true,"valueName":"search_term_string"}}],"inLanguage":"fr-CA"},{"@type":"Organization","@id":"https:\/\/leger360.com\/fr\/#organization","name":"Leger","url":"https:\/\/leger360.com\/fr\/","logo":{"@type":"ImageObject","inLanguage":"fr-CA","@id":"https:\/\/leger360.com\/fr\/#\/schema\/logo\/image\/","url":"https:\/\/leger360.com\/wp-content\/uploads\/2024\/04\/2022-Logo-Leger-Blackred-g.png","contentUrl":"https:\/\/leger360.com\/wp-content\/uploads\/2024\/04\/2022-Logo-Leger-Blackred-g.png","width":1195,"height":686,"caption":"Leger"},"image":{"@id":"https:\/\/leger360.com\/fr\/#\/schema\/logo\/image\/"},"sameAs":["https:\/\/www.facebook.com\/leger360\/","https:\/\/x.com\/leger360","https:\/\/www.linkedin.com\/company\/leger360\/"],"description":"Leger is one of North America\u2019s fastest-growing market research companies, known for our forward-thinking experts and innovative approaches powered by artificial intelligence (AI) technologies."},{"@type":"Person","@id":"https:\/\/leger360.com\/fr\/#\/schema\/person\/c6208ecb57876af9652d81aadd00749f","name":"Daphn\u00e9e Malboeuf","image":{"@type":"ImageObject","inLanguage":"fr-CA","@id":"https:\/\/secure.gravatar.com\/avatar\/205fe405426f600da6d7abba710f876cf1bfecbdefc77d2d394313a49e595dfc?s=96&d=mm&r=g","url":"https:\/\/secure.gravatar.com\/avatar\/205fe405426f600da6d7abba710f876cf1bfecbdefc77d2d394313a49e595dfc?s=96&d=mm&r=g","contentUrl":"https:\/\/secure.gravatar.com\/avatar\/205fe405426f600da6d7abba710f876cf1bfecbdefc77d2d394313a49e595dfc?s=96&d=mm&r=g","caption":"Daphn\u00e9e Malboeuf"}}]}},"_links":{"self":[{"href":"https:\/\/leger360.com\/fr\/wp-json\/wp\/v2\/posts\/28000","targetHints":{"allow":["GET"]}}],"collection":[{"href":"https:\/\/leger360.com\/fr\/wp-json\/wp\/v2\/posts"}],"about":[{"href":"https:\/\/leger360.com\/fr\/wp-json\/wp\/v2\/types\/post"}],"author":[{"embeddable":true,"href":"https:\/\/leger360.com\/fr\/wp-json\/wp\/v2\/users\/12"}],"replies":[{"embeddable":true,"href":"https:\/\/leger360.com\/fr\/wp-json\/wp\/v2\/comments?post=28000"}],"version-history":[{"count":0,"href":"https:\/\/leger360.com\/fr\/wp-json\/wp\/v2\/posts\/28000\/revisions"}],"wp:featuredmedia":[{"embeddable":true,"href":"https:\/\/leger360.com\/fr\/wp-json\/wp\/v2\/media\/26347"}],"wp:attachment":[{"href":"https:\/\/leger360.com\/fr\/wp-json\/wp\/v2\/media?parent=28000"}],"wp:term":[{"taxonomy":"category","embeddable":true,"href":"https:\/\/leger360.com\/fr\/wp-json\/wp\/v2\/categories?post=28000"},{"taxonomy":"post_tag","embeddable":true,"href":"https:\/\/leger360.com\/fr\/wp-json\/wp\/v2\/tags?post=28000"},{"taxonomy":"post_language_cat","embeddable":true,"href":"https:\/\/leger360.com\/fr\/wp-json\/wp\/v2\/post_language_cat?post=28000"}],"curies":[{"name":"wp","href":"https:\/\/api.w.org\/{rel}","templated":true}]}}